{"id":419865,"date":"2026-08-09T07:57:01","date_gmt":"2026-08-09T11:57:01","guid":{"rendered":"https:\/\/www.eldiario.net\/portal\/?p=419865"},"modified":"2026-08-09T07:57:01","modified_gmt":"2026-08-09T11:57:01","slug":"mes-de-la-lactancia-materna-uniendo-fuerzas-por-la-salud","status":"publish","type":"post","link":"https:\/\/www.eldiario.net\/portal\/2026\/08\/09\/mes-de-la-lactancia-materna-uniendo-fuerzas-por-la-salud\/","title":{"rendered":"MES DE LA LACTANCIA MATERNA: UNIENDO FUERZAS POR LA SALUD"},"content":{"rendered":"<p>Lic. Jheymi Luz Blanco Si\u00f1ani &#8211; Nutricionista Dietista &#8211; Cel.: 64223242<\/p>\n<p>\u00bfPor qu\u00e9 recordamos y celebramos este mes?<\/p>\n<p>Se conmemora para tomar conciencia colectiva, proteger, promover y apoyar la lactancia materna en todo el mundo. Su objetivo es recordarnos que es el derecho fundamental de cada beb\u00e9 y madre: es la forma m\u00e1s natural, segura y econ\u00f3mica de garantizar nutrici\u00f3n, crecimiento sano, defensas contra enfermedades y un v\u00ednculo afectivo profundo. Tambi\u00e9n sirve para descubrir y eliminar obst\u00e1culos, mitos y malas costumbres que hacen que muchas madres abandonen prematuramente, recordando que ninguna madre debe hacerlo sola.<\/p>\n<p>Consejos pr\u00e1cticos para lograr una lactancia feliz<\/p>\n<p>\u2705 El momento exacto: Ten muy presente: el llanto NO es la primera se\u00f1al de hambre\u2026 \u00a1es la \u00faltima!<\/p>\n<p>F\u00edjate antes: si est\u00e1 despierto tranquilo, abre la boca, gira buscando o chupa sus manitas: es el mejor instante. As\u00ed come sin estr\u00e9s, agarra bien y aprovecha al m\u00e1ximo todos los nutrientes.<\/p>\n<p>\u2705 Cuida de ti para cuidarle: Comer variado, beber suficiente agua y descansar lo necesario ayuda a que tengas energ\u00eda y una leche nutritiva y abundante. No hay alimentos prohibidos, solo equilibrio.<\/p>\n<p>\u2705 Seguir la recomendaci\u00f3n: Lactancia exclusiva durante los primeros seis meses, y continuar junto a alimentos sanos hasta los dos a\u00f1os o m\u00e1s.<\/p>\n<p>\u00bfC\u00f3mo podemos promoverla entre todos?<\/p>\n<p>\u2728 Compartir informaci\u00f3n verdadera: Ayudar a cambiar ideas falsas que asustan o confunden.<\/p>\n<p>\u2728 Brindar respeto y espacios tranquilos: En casa, centros de salud y lugares p\u00fablicos, dar un ambiente c\u00f3modo y sin miradas molestas.<\/p>\n<p>\u2728 Dar apoyo emocional: Escuchar, tener paciencia y decir que es normal tener dificultades al principio.<\/p>\n<p>\u2728 Asegurar ayuda profesional: Contar con gu\u00eda experta en salud ayuda a resolver problemas r\u00e1pidamente y evita frustraciones innecesarias.<\/p>\n<p>Este mes es la invitaci\u00f3n: apoyemos juntas y juntos, porque dar leche materna es regalar salud y un futuro lleno de bienestar para nuestros ni\u00f1os y ni\u00f1as.<\/p>\n","protected":false},"excerpt":{"rendered":"<p>Lic. Jheymi Luz Blanco Si\u00f1ani &#8211; Nutricionista Dietista &#8211; Cel.: 64223242 \u00bfPor qu\u00e9 recordamos y celebramos este mes? Se conmemora para tomar conciencia colectiva, proteger, promover y apoyar la lactancia materna en todo el mundo. Su objetivo es recordarnos que es el derecho fundamental de cada beb\u00e9 y madre: es la forma m\u00e1s natural, segura [&hellip;]<\/p>\n","protected":false},"author":1,"featured_media":419866,"comment_status":"closed","ping_status":"open","sticky":false,"template":"","format":"standard","meta":{"_acf_changed":false,"footnotes":""},"categories":[52],"tags":[],"class_list":["post-419865","post","type-post","status-publish","format-standard","has-post-thumbnail","category-de-salud-mas-vida"],"acf":{"antetitulo":""},"yoast_head":"<!-- This site is optimized with the Yoast SEO plugin v28.4 - https:\/\/yoast.com\/product\/yoast-seo-wordpress\/ -->\n<title>MES DE LA LACTANCIA MATERNA: UNIENDO FUERZAS POR LA SALUD - El Diario - Bolivia<\/title>\n<meta name=\"robots\" content=\"index, follow, max-snippet:-1, max-image-preview:large, max-video-preview:-1\" \/>\n<link rel=\"canonical\" href=\"https:\/\/www.eldiario.net\/portal\/2026\/08\/09\/mes-de-la-lactancia-materna-uniendo-fuerzas-por-la-salud\/\" \/>\n<meta property=\"og:locale\" content=\"es_ES\" \/>\n<meta property=\"og:type\" content=\"article\" \/>\n<meta property=\"og:title\" content=\"MES DE LA LACTANCIA MATERNA: UNIENDO FUERZAS POR LA SALUD - El Diario - Bolivia\" \/>\n<meta property=\"og:description\" content=\"Lic. Jheymi Luz Blanco Si\u00f1ani &#8211; Nutricionista Dietista &#8211; Cel.: 64223242 \u00bfPor qu\u00e9 recordamos y celebramos este mes? Se conmemora para tomar conciencia colectiva, proteger, promover y apoyar la lactancia materna en todo el mundo. Su objetivo es recordarnos que es el derecho fundamental de cada beb\u00e9 y madre: es la forma m\u00e1s natural, segura [&hellip;]\" \/>\n<meta property=\"og:url\" content=\"https:\/\/www.eldiario.net\/portal\/2026\/08\/09\/mes-de-la-lactancia-materna-uniendo-fuerzas-por-la-salud\/\" \/>\n<meta property=\"og:site_name\" content=\"El Diario - Bolivia\" \/>\n<meta property=\"article:publisher\" content=\"https:\/\/www.facebook.com\/eldiario.bolivia\/\" \/>\n<meta property=\"article:published_time\" content=\"2026-08-09T11:57:01+00:00\" \/>\n<meta property=\"og:image\" content=\"https:\/\/www.eldiario.net\/portal\/wp-content\/uploads\/2026\/08\/MES-DE-LA-LACTANCIA-MATERNA-UNIENDO-FUERZAS-POR-LA-SALUD.webp\" \/>\n\t<meta property=\"og:image:width\" content=\"780\" \/>\n\t<meta property=\"og:image:height\" content=\"866\" \/>\n\t<meta property=\"og:image:type\" content=\"image\/webp\" \/>\n<meta name=\"author\" content=\"Jeanette\" \/>\n<meta name=\"twitter:card\" content=\"summary_large_image\" \/>\n<meta name=\"twitter:creator\" content=\"@eldiario_net\" \/>\n<meta name=\"twitter:site\" content=\"@eldiario_net\" \/>\n<meta name=\"twitter:label1\" content=\"Escrito por\" \/>\n\t<meta name=\"twitter:data1\" content=\"Jeanette\" \/>\n\t<meta name=\"twitter:label2\" content=\"Tiempo de lectura\" \/>\n\t<meta name=\"twitter:data2\" content=\"2 minutos\" \/>\n<script type=\"application\/ld+json\" class=\"yoast-schema-graph\">{\"@context\":\"https:\\\/\\\/schema.org\",\"@graph\":[{\"@type\":\"Article\",\"@id\":\"https:\\\/\\\/www.eldiario.net\\\/portal\\\/2026\\\/08\\\/09\\\/mes-de-la-lactancia-materna-uniendo-fuerzas-por-la-salud\\\/#article\",\"isPartOf\":{\"@id\":\"https:\\\/\\\/www.eldiario.net\\\/portal\\\/2026\\\/08\\\/09\\\/mes-de-la-lactancia-materna-uniendo-fuerzas-por-la-salud\\\/\"},\"author\":{\"name\":\"Jeanette\",\"@id\":\"https:\\\/\\\/www.eldiario.net\\\/portal\\\/#\\\/schema\\\/person\\\/2c57cf2b7a7ae032e449e4c9b1019eac\"},\"headline\":\"MES DE LA LACTANCIA MATERNA: UNIENDO FUERZAS POR LA SALUD\",\"datePublished\":\"2026-08-09T11:57:01+00:00\",\"mainEntityOfPage\":{\"@id\":\"https:\\\/\\\/www.eldiario.net\\\/portal\\\/2026\\\/08\\\/09\\\/mes-de-la-lactancia-materna-uniendo-fuerzas-por-la-salud\\\/\"},\"wordCount\":337,\"publisher\":{\"@id\":\"https:\\\/\\\/www.eldiario.net\\\/portal\\\/#organization\"},\"image\":{\"@id\":\"https:\\\/\\\/www.eldiario.net\\\/portal\\\/2026\\\/08\\\/09\\\/mes-de-la-lactancia-materna-uniendo-fuerzas-por-la-salud\\\/#primaryimage\"},\"thumbnailUrl\":\"https:\\\/\\\/www.eldiario.net\\\/portal\\\/wp-content\\\/uploads\\\/2026\\\/08\\\/MES-DE-LA-LACTANCIA-MATERNA-UNIENDO-FUERZAS-POR-LA-SALUD.webp\",\"articleSection\":[\"De Salud + vida\"],\"inLanguage\":\"es\"},{\"@type\":\"WebPage\",\"@id\":\"https:\\\/\\\/www.eldiario.net\\\/portal\\\/2026\\\/08\\\/09\\\/mes-de-la-lactancia-materna-uniendo-fuerzas-por-la-salud\\\/\",\"url\":\"https:\\\/\\\/www.eldiario.net\\\/portal\\\/2026\\\/08\\\/09\\\/mes-de-la-lactancia-materna-uniendo-fuerzas-por-la-salud\\\/\",\"name\":\"MES DE LA LACTANCIA MATERNA: UNIENDO FUERZAS POR LA SALUD - El Diario - Bolivia\",\"isPartOf\":{\"@id\":\"https:\\\/\\\/www.eldiario.net\\\/portal\\\/#website\"},\"primaryImageOfPage\":{\"@id\":\"https:\\\/\\\/www.eldiario.net\\\/portal\\\/2026\\\/08\\\/09\\\/mes-de-la-lactancia-materna-uniendo-fuerzas-por-la-salud\\\/#primaryimage\"},\"image\":{\"@id\":\"https:\\\/\\\/www.eldiario.net\\\/portal\\\/2026\\\/08\\\/09\\\/mes-de-la-lactancia-materna-uniendo-fuerzas-por-la-salud\\\/#primaryimage\"},\"thumbnailUrl\":\"https:\\\/\\\/www.eldiario.net\\\/portal\\\/wp-content\\\/uploads\\\/2026\\\/08\\\/MES-DE-LA-LACTANCIA-MATERNA-UNIENDO-FUERZAS-POR-LA-SALUD.webp\",\"datePublished\":\"2026-08-09T11:57:01+00:00\",\"breadcrumb\":{\"@id\":\"https:\\\/\\\/www.eldiario.net\\\/portal\\\/2026\\\/08\\\/09\\\/mes-de-la-lactancia-materna-uniendo-fuerzas-por-la-salud\\\/#breadcrumb\"},\"inLanguage\":\"es\",\"potentialAction\":[{\"@type\":\"ReadAction\",\"target\":[\"https:\\\/\\\/www.eldiario.net\\\/portal\\\/2026\\\/08\\\/09\\\/mes-de-la-lactancia-materna-uniendo-fuerzas-por-la-salud\\\/\"]}]},{\"@type\":\"ImageObject\",\"inLanguage\":\"es\",\"@id\":\"https:\\\/\\\/www.eldiario.net\\\/portal\\\/2026\\\/08\\\/09\\\/mes-de-la-lactancia-materna-uniendo-fuerzas-por-la-salud\\\/#primaryimage\",\"url\":\"https:\\\/\\\/www.eldiario.net\\\/portal\\\/wp-content\\\/uploads\\\/2026\\\/08\\\/MES-DE-LA-LACTANCIA-MATERNA-UNIENDO-FUERZAS-POR-LA-SALUD.webp\",\"contentUrl\":\"https:\\\/\\\/www.eldiario.net\\\/portal\\\/wp-content\\\/uploads\\\/2026\\\/08\\\/MES-DE-LA-LACTANCIA-MATERNA-UNIENDO-FUERZAS-POR-LA-SALUD.webp\",\"width\":780,\"height\":866},{\"@type\":\"BreadcrumbList\",\"@id\":\"https:\\\/\\\/www.eldiario.net\\\/portal\\\/2026\\\/08\\\/09\\\/mes-de-la-lactancia-materna-uniendo-fuerzas-por-la-salud\\\/#breadcrumb\",\"itemListElement\":[{\"@type\":\"ListItem\",\"position\":1,\"name\":\"Portada\",\"item\":\"https:\\\/\\\/www.eldiario.net\\\/portal\\\/\"},{\"@type\":\"ListItem\",\"position\":2,\"name\":\"MES DE LA LACTANCIA MATERNA: UNIENDO FUERZAS POR LA SALUD\"}]},{\"@type\":\"WebSite\",\"@id\":\"https:\\\/\\\/www.eldiario.net\\\/portal\\\/#website\",\"url\":\"https:\\\/\\\/www.eldiario.net\\\/portal\\\/\",\"name\":\"El Diario - Decano de la prensa nacional\",\"description\":\"El Diario - Decano de la prensa nacional\",\"publisher\":{\"@id\":\"https:\\\/\\\/www.eldiario.net\\\/portal\\\/#organization\"},\"potentialAction\":[{\"@type\":\"SearchAction\",\"target\":{\"@type\":\"EntryPoint\",\"urlTemplate\":\"https:\\\/\\\/www.eldiario.net\\\/portal\\\/?s={search_term_string}\"},\"query-input\":{\"@type\":\"PropertyValueSpecification\",\"valueRequired\":true,\"valueName\":\"search_term_string\"}}],\"inLanguage\":\"es\"},{\"@type\":\"Organization\",\"@id\":\"https:\\\/\\\/www.eldiario.net\\\/portal\\\/#organization\",\"name\":\"El Diario - Decano de la prensa nacional\",\"url\":\"https:\\\/\\\/www.eldiario.net\\\/portal\\\/\",\"logo\":{\"@type\":\"ImageObject\",\"inLanguage\":\"es\",\"@id\":\"https:\\\/\\\/www.eldiario.net\\\/portal\\\/#\\\/schema\\\/logo\\\/image\\\/\",\"url\":\"https:\\\/\\\/www.eldiario.net\\\/portal\\\/wp-content\\\/uploads\\\/2023\\\/07\\\/logo_ED.jpg\",\"contentUrl\":\"https:\\\/\\\/www.eldiario.net\\\/portal\\\/wp-content\\\/uploads\\\/2023\\\/07\\\/logo_ED.jpg\",\"width\":272,\"height\":52,\"caption\":\"El Diario - Decano de la prensa nacional\"},\"image\":{\"@id\":\"https:\\\/\\\/www.eldiario.net\\\/portal\\\/#\\\/schema\\\/logo\\\/image\\\/\"},\"sameAs\":[\"https:\\\/\\\/www.facebook.com\\\/eldiario.bolivia\\\/\",\"https:\\\/\\\/x.com\\\/eldiario_net\"]},{\"@type\":\"Person\",\"@id\":\"https:\\\/\\\/www.eldiario.net\\\/portal\\\/#\\\/schema\\\/person\\\/2c57cf2b7a7ae032e449e4c9b1019eac\",\"name\":\"Jeanette\",\"image\":{\"@type\":\"ImageObject\",\"inLanguage\":\"es\",\"@id\":\"https:\\\/\\\/secure.gravatar.com\\\/avatar\\\/3ea2118a5f7dad2b7138b1187a6b7ee55f160b9968b66013c3a3ef39dd7e5798?s=96&d=mm&r=g\",\"url\":\"https:\\\/\\\/secure.gravatar.com\\\/avatar\\\/3ea2118a5f7dad2b7138b1187a6b7ee55f160b9968b66013c3a3ef39dd7e5798?s=96&d=mm&r=g\",\"contentUrl\":\"https:\\\/\\\/secure.gravatar.com\\\/avatar\\\/3ea2118a5f7dad2b7138b1187a6b7ee55f160b9968b66013c3a3ef39dd7e5798?s=96&d=mm&r=g\",\"caption\":\"Jeanette\"},\"sameAs\":[\"https:\\\/\\\/www.eldiario.net\\\/portal\"],\"url\":\"https:\\\/\\\/www.eldiario.net\\\/portal\\\/author\\\/jeanette\\\/\"}]}<\/script>\n<!-- \/ Yoast SEO plugin. -->","yoast_head_json":{"title":"MES DE LA LACTANCIA MATERNA: UNIENDO FUERZAS POR LA SALUD - El Diario - Bolivia","robots":{"index":"index","follow":"follow","max-snippet":"max-snippet:-1","max-image-preview":"max-image-preview:large","max-video-preview":"max-video-preview:-1"},"canonical":"https:\/\/www.eldiario.net\/portal\/2026\/08\/09\/mes-de-la-lactancia-materna-uniendo-fuerzas-por-la-salud\/","og_locale":"es_ES","og_type":"article","og_title":"MES DE LA LACTANCIA MATERNA: UNIENDO FUERZAS POR LA SALUD - El Diario - Bolivia","og_description":"Lic. Jheymi Luz Blanco Si\u00f1ani &#8211; Nutricionista Dietista &#8211; Cel.: 64223242 \u00bfPor qu\u00e9 recordamos y celebramos este mes? Se conmemora para tomar conciencia colectiva, proteger, promover y apoyar la lactancia materna en todo el mundo. Su objetivo es recordarnos que es el derecho fundamental de cada beb\u00e9 y madre: es la forma m\u00e1s natural, segura [&hellip;]","og_url":"https:\/\/www.eldiario.net\/portal\/2026\/08\/09\/mes-de-la-lactancia-materna-uniendo-fuerzas-por-la-salud\/","og_site_name":"El Diario - Bolivia","article_publisher":"https:\/\/www.facebook.com\/eldiario.bolivia\/","article_published_time":"2026-08-09T11:57:01+00:00","og_image":[{"width":780,"height":866,"url":"https:\/\/www.eldiario.net\/portal\/wp-content\/uploads\/2026\/08\/MES-DE-LA-LACTANCIA-MATERNA-UNIENDO-FUERZAS-POR-LA-SALUD.webp","type":"image\/webp"}],"author":"Jeanette","twitter_card":"summary_large_image","twitter_creator":"@eldiario_net","twitter_site":"@eldiario_net","twitter_misc":{"Escrito por":"Jeanette","Tiempo de lectura":"2 minutos"},"schema":{"@context":"https:\/\/schema.org","@graph":[{"@type":"Article","@id":"https:\/\/www.eldiario.net\/portal\/2026\/08\/09\/mes-de-la-lactancia-materna-uniendo-fuerzas-por-la-salud\/#article","isPartOf":{"@id":"https:\/\/www.eldiario.net\/portal\/2026\/08\/09\/mes-de-la-lactancia-materna-uniendo-fuerzas-por-la-salud\/"},"author":{"name":"Jeanette","@id":"https:\/\/www.eldiario.net\/portal\/#\/schema\/person\/2c57cf2b7a7ae032e449e4c9b1019eac"},"headline":"MES DE LA LACTANCIA MATERNA: UNIENDO FUERZAS POR LA SALUD","datePublished":"2026-08-09T11:57:01+00:00","mainEntityOfPage":{"@id":"https:\/\/www.eldiario.net\/portal\/2026\/08\/09\/mes-de-la-lactancia-materna-uniendo-fuerzas-por-la-salud\/"},"wordCount":337,"publisher":{"@id":"https:\/\/www.eldiario.net\/portal\/#organization"},"image":{"@id":"https:\/\/www.eldiario.net\/portal\/2026\/08\/09\/mes-de-la-lactancia-materna-uniendo-fuerzas-por-la-salud\/#primaryimage"},"thumbnailUrl":"https:\/\/www.eldiario.net\/portal\/wp-content\/uploads\/2026\/08\/MES-DE-LA-LACTANCIA-MATERNA-UNIENDO-FUERZAS-POR-LA-SALUD.webp","articleSection":["De Salud + vida"],"inLanguage":"es"},{"@type":"WebPage","@id":"https:\/\/www.eldiario.net\/portal\/2026\/08\/09\/mes-de-la-lactancia-materna-uniendo-fuerzas-por-la-salud\/","url":"https:\/\/www.eldiario.net\/portal\/2026\/08\/09\/mes-de-la-lactancia-materna-uniendo-fuerzas-por-la-salud\/","name":"MES DE LA LACTANCIA MATERNA: UNIENDO FUERZAS POR LA SALUD - El Diario - Bolivia","isPartOf":{"@id":"https:\/\/www.eldiario.net\/portal\/#website"},"primaryImageOfPage":{"@id":"https:\/\/www.eldiario.net\/portal\/2026\/08\/09\/mes-de-la-lactancia-materna-uniendo-fuerzas-por-la-salud\/#primaryimage"},"image":{"@id":"https:\/\/www.eldiario.net\/portal\/2026\/08\/09\/mes-de-la-lactancia-materna-uniendo-fuerzas-por-la-salud\/#primaryimage"},"thumbnailUrl":"https:\/\/www.eldiario.net\/portal\/wp-content\/uploads\/2026\/08\/MES-DE-LA-LACTANCIA-MATERNA-UNIENDO-FUERZAS-POR-LA-SALUD.webp","datePublished":"2026-08-09T11:57:01+00:00","breadcrumb":{"@id":"https:\/\/www.eldiario.net\/portal\/2026\/08\/09\/mes-de-la-lactancia-materna-uniendo-fuerzas-por-la-salud\/#breadcrumb"},"inLanguage":"es","potentialAction":[{"@type":"ReadAction","target":["https:\/\/www.eldiario.net\/portal\/2026\/08\/09\/mes-de-la-lactancia-materna-uniendo-fuerzas-por-la-salud\/"]}]},{"@type":"ImageObject","inLanguage":"es","@id":"https:\/\/www.eldiario.net\/portal\/2026\/08\/09\/mes-de-la-lactancia-materna-uniendo-fuerzas-por-la-salud\/#primaryimage","url":"https:\/\/www.eldiario.net\/portal\/wp-content\/uploads\/2026\/08\/MES-DE-LA-LACTANCIA-MATERNA-UNIENDO-FUERZAS-POR-LA-SALUD.webp","contentUrl":"https:\/\/www.eldiario.net\/portal\/wp-content\/uploads\/2026\/08\/MES-DE-LA-LACTANCIA-MATERNA-UNIENDO-FUERZAS-POR-LA-SALUD.webp","width":780,"height":866},{"@type":"BreadcrumbList","@id":"https:\/\/www.eldiario.net\/portal\/2026\/08\/09\/mes-de-la-lactancia-materna-uniendo-fuerzas-por-la-salud\/#breadcrumb","itemListElement":[{"@type":"ListItem","position":1,"name":"Portada","item":"https:\/\/www.eldiario.net\/portal\/"},{"@type":"ListItem","position":2,"name":"MES DE LA LACTANCIA MATERNA: UNIENDO FUERZAS POR LA SALUD"}]},{"@type":"WebSite","@id":"https:\/\/www.eldiario.net\/portal\/#website","url":"https:\/\/www.eldiario.net\/portal\/","name":"El Diario - Decano de la prensa nacional","description":"El Diario - Decano de la prensa nacional","publisher":{"@id":"https:\/\/www.eldiario.net\/portal\/#organization"},"potentialAction":[{"@type":"SearchAction","target":{"@type":"EntryPoint","urlTemplate":"https:\/\/www.eldiario.net\/portal\/?s={search_term_string}"},"query-input":{"@type":"PropertyValueSpecification","valueRequired":true,"valueName":"search_term_string"}}],"inLanguage":"es"},{"@type":"Organization","@id":"https:\/\/www.eldiario.net\/portal\/#organization","name":"El Diario - Decano de la prensa nacional","url":"https:\/\/www.eldiario.net\/portal\/","logo":{"@type":"ImageObject","inLanguage":"es","@id":"https:\/\/www.eldiario.net\/portal\/#\/schema\/logo\/image\/","url":"https:\/\/www.eldiario.net\/portal\/wp-content\/uploads\/2023\/07\/logo_ED.jpg","contentUrl":"https:\/\/www.eldiario.net\/portal\/wp-content\/uploads\/2023\/07\/logo_ED.jpg","width":272,"height":52,"caption":"El Diario - Decano de la prensa nacional"},"image":{"@id":"https:\/\/www.eldiario.net\/portal\/#\/schema\/logo\/image\/"},"sameAs":["https:\/\/www.facebook.com\/eldiario.bolivia\/","https:\/\/x.com\/eldiario_net"]},{"@type":"Person","@id":"https:\/\/www.eldiario.net\/portal\/#\/schema\/person\/2c57cf2b7a7ae032e449e4c9b1019eac","name":"Jeanette","image":{"@type":"ImageObject","inLanguage":"es","@id":"https:\/\/secure.gravatar.com\/avatar\/3ea2118a5f7dad2b7138b1187a6b7ee55f160b9968b66013c3a3ef39dd7e5798?s=96&d=mm&r=g","url":"https:\/\/secure.gravatar.com\/avatar\/3ea2118a5f7dad2b7138b1187a6b7ee55f160b9968b66013c3a3ef39dd7e5798?s=96&d=mm&r=g","contentUrl":"https:\/\/secure.gravatar.com\/avatar\/3ea2118a5f7dad2b7138b1187a6b7ee55f160b9968b66013c3a3ef39dd7e5798?s=96&d=mm&r=g","caption":"Jeanette"},"sameAs":["https:\/\/www.eldiario.net\/portal"],"url":"https:\/\/www.eldiario.net\/portal\/author\/jeanette\/"}]}},"_links":{"self":[{"href":"https:\/\/www.eldiario.net\/portal\/wp-json\/wp\/v2\/posts\/419865","targetHints":{"allow":["GET"]}}],"collection":[{"href":"https:\/\/www.eldiario.net\/portal\/wp-json\/wp\/v2\/posts"}],"about":[{"href":"https:\/\/www.eldiario.net\/portal\/wp-json\/wp\/v2\/types\/post"}],"author":[{"embeddable":true,"href":"https:\/\/www.eldiario.net\/portal\/wp-json\/wp\/v2\/users\/1"}],"replies":[{"embeddable":true,"href":"https:\/\/www.eldiario.net\/portal\/wp-json\/wp\/v2\/comments?post=419865"}],"version-history":[{"count":1,"href":"https:\/\/www.eldiario.net\/portal\/wp-json\/wp\/v2\/posts\/419865\/revisions"}],"predecessor-version":[{"id":419867,"href":"https:\/\/www.eldiario.net\/portal\/wp-json\/wp\/v2\/posts\/419865\/revisions\/419867"}],"wp:featuredmedia":[{"embeddable":true,"href":"https:\/\/www.eldiario.net\/portal\/wp-json\/wp\/v2\/media\/419866"}],"wp:attachment":[{"href":"https:\/\/www.eldiario.net\/portal\/wp-json\/wp\/v2\/media?parent=419865"}],"wp:term":[{"taxonomy":"category","embeddable":true,"href":"https:\/\/www.eldiario.net\/portal\/wp-json\/wp\/v2\/categories?post=419865"},{"taxonomy":"post_tag","embeddable":true,"href":"https:\/\/www.eldiario.net\/portal\/wp-json\/wp\/v2\/tags?post=419865"}],"curies":[{"name":"wp","href":"https:\/\/api.w.org\/{rel}","templated":true}]}}