{"id":419739,"date":"2026-08-09T07:14:05","date_gmt":"2026-08-09T11:14:05","guid":{"rendered":"https:\/\/www.eldiario.net\/portal\/?p=419739"},"modified":"2026-08-09T07:14:05","modified_gmt":"2026-08-09T11:14:05","slug":"policia-senala-a-pina-como-uno-de-los-autores-materiales","status":"publish","type":"post","link":"https:\/\/www.eldiario.net\/portal\/2026\/08\/09\/policia-senala-a-pina-como-uno-de-los-autores-materiales\/","title":{"rendered":"Polic\u00eda se\u00f1ala a \u2018Pi\u00f1a\u2019 como uno de los autores materiales"},"content":{"rendered":"<p>La Polic\u00eda Boliviana identific\u00f3 a Jos\u00e9 Mariano Paz Ch\u00e1vez, alias \u201cPi\u00f1a\u201d, como uno de los autores materiales del asesinato del teniente Yerson Salazar y confirm\u00f3 que el presunto cabecilla muri\u00f3 el viernes 7 de agosto en Brasil junto a otros tres bolivianos, durante un enfrentamiento con agentes del Batall\u00f3n de Operaciones Especiales (BOPE) en una zona boscosa de Mato Grosso do Sul.<\/p>\n<p>Los cuatro hombres eran buscados por su presunta participaci\u00f3n en la emboscada contra el uniformado en San Mat\u00edas.<\/p>\n<p>El comandante departamental de la Polic\u00eda de Santa Cruz, David G\u00f3mez, inform\u00f3 que los cuatro hombres abatidos en territorio brasile\u00f1o estaban relacionados con la muerte de Salazar, aunque identific\u00f3 de manera espec\u00edfica a Paz Ch\u00e1vez como uno de los responsables materiales del crimen. La autoridad sostuvo que el operativo y el intercambio de informaci\u00f3n con Brasil permitieron avanzar en el esclarecimiento del caso, mientras contin\u00faan las investigaciones para ubicar a otros involucrados.<\/p>\n<p>El enfrentamiento ocurri\u00f3 en las proximidades del r\u00edo Coxim, en el municipio de S\u00e3o Gabriel do Oeste, en el estado brasile\u00f1o de Mato Grosso do Sul. Paz Ch\u00e1vez y los otros tres hombres hab\u00edan logrado escapar hacia una zona de vegetaci\u00f3n despu\u00e9s de que la aeronave en la que viajaban fuera interceptada por la Fuerza A\u00e9rea Brasile\u00f1a.<\/p>\n<p>La persecuci\u00f3n se inici\u00f3 luego del asesinato del teniente Salazar, quien formaba parte del grupo policial enviado a investigar una serie de hechos violentos registrados en San Mat\u00edas. El 29 de julio, tres personas fueron asesinadas a tiros en esa zona. Al d\u00eda siguiente, durante las investigaciones, el grupo policial fue emboscado y el teniente perdi\u00f3 la vida. Sus atacantes se llevaron su cuerpo, que posteriormente fue encontrado quemado y semienterrado.<\/p>\n<p>De acuerdo con los antecedentes de la investigaci\u00f3n citados en las notas sobre el caso, despu\u00e9s del asesinato del polic\u00eda, Paz Ch\u00e1vez y los otros tres sospechosos huyeron en una avioneta con rumbo a San Pablo. La aeronave fue interceptada por la Fuerza A\u00e9rea Brasile\u00f1a el 31 de julio y obligada a realizar un aterrizaje. Los ocupantes abandonaron el aparato en una propiedad rural de S\u00e3o Gabriel do Oeste y escaparon hacia un \u00e1rea boscosa.<\/p>\n<p>Los cuatro permanecieron ocultos durante siete d\u00edas, hasta que fueron localizados por las fuerzas especiales brasile\u00f1as. El viernes 7 de agosto se produjo el enfrentamiento en el que murieron los cuatro ciudadanos bolivianos.<\/p>\n<p>La muerte de Paz Ch\u00e1vez puso el foco sobre uno de los hombres que, seg\u00fan las investigaciones, ten\u00eda antecedentes relacionados con hechos de violencia, sicariato y narcotr\u00e1fico en Santa Cruz y Beni. Tambi\u00e9n era se\u00f1alado como un presunto cabecilla vinculado al narcotr\u00e1fico y a Sebasti\u00e1n Marset.<\/p>\n<p>Su nombre ya hab\u00eda aparecido en investigaciones anteriores. En 2017 fue aprehendido y enviado al penal de Palmasola en el marco de una investigaci\u00f3n por el secuestro y tortura del abogado Lorgio Saucedo.<\/p>\n<p>A\u00f1os despu\u00e9s, Paz Ch\u00e1vez fue se\u00f1alado como presunto autor del asesinato de Saucedo, ocurrido el 2 de septiembre de 2025 en un aer\u00f3dromo de la comunidad Coloradillo, en Warnes, Santa Cruz.<\/p>\n<p>Ahora, su nombre aparece nuevamente en una investigaci\u00f3n por un crimen ocurrido en la zona fronteriza. La Polic\u00eda Boliviana sostiene que \u201cPi\u00f1a\u201d fue uno de los autores materiales de la muerte de Salazar y extiende la vinculaci\u00f3n con el caso a los otros tres hombres abatidos en Brasil.<\/p>\n<p>El comandante G\u00f3mez se\u00f1al\u00f3 que la investigaci\u00f3n no termina con el operativo realizado en territorio brasile\u00f1o. La Polic\u00eda mantiene el intercambio de informaci\u00f3n con las autoridades de Brasil y contin\u00faa las tareas destinadas a identificar y aprehender a otras personas que estar\u00edan involucradas en la emboscada.<\/p>\n<p>La autoridad departamental sostuvo que el resultado del operativo representa un avance en el esclarecimiento de la muerte del teniente y en la b\u00fasqueda de los responsables. Sin embargo, remarc\u00f3 que todav\u00eda existen personas que deben ser ubicadas y sometidas a la justicia. (EL DIARIO y agencias)<\/p>\n","protected":false},"excerpt":{"rendered":"<p>La Polic\u00eda Boliviana identific\u00f3 a Jos\u00e9 Mariano Paz Ch\u00e1vez, alias \u201cPi\u00f1a\u201d, como uno de los autores materiales del asesinato del teniente Yerson Salazar y confirm\u00f3 que el presunto cabecilla muri\u00f3 el viernes 7 de agosto en Brasil junto a otros tres bolivianos, durante un enfrentamiento con agentes del Batall\u00f3n de Operaciones Especiales (BOPE) en una [&hellip;]<\/p>\n","protected":false},"author":1,"featured_media":419740,"comment_status":"closed","ping_status":"open","sticky":false,"template":"","format":"standard","meta":{"_acf_changed":false,"footnotes":""},"categories":[39],"tags":[],"class_list":["post-419739","post","type-post","status-publish","format-standard","has-post-thumbnail","category-sociedad"],"acf":{"antetitulo":"Asesinato del teniente Yerson Salazar"},"yoast_head":"<!-- This site is optimized with the Yoast SEO plugin v28.3 - https:\/\/yoast.com\/product\/yoast-seo-wordpress\/ -->\n<title>Polic\u00eda se\u00f1ala a \u2018Pi\u00f1a\u2019 como uno de los autores materiales - El Diario - Bolivia<\/title>\n<meta name=\"robots\" content=\"index, follow, max-snippet:-1, max-image-preview:large, max-video-preview:-1\" \/>\n<link rel=\"canonical\" href=\"https:\/\/www.eldiario.net\/portal\/2026\/08\/09\/policia-senala-a-pina-como-uno-de-los-autores-materiales\/\" \/>\n<meta property=\"og:locale\" content=\"es_ES\" \/>\n<meta property=\"og:type\" content=\"article\" \/>\n<meta property=\"og:title\" content=\"Polic\u00eda se\u00f1ala a \u2018Pi\u00f1a\u2019 como uno de los autores materiales - El Diario - Bolivia\" \/>\n<meta property=\"og:description\" content=\"La Polic\u00eda Boliviana identific\u00f3 a Jos\u00e9 Mariano Paz Ch\u00e1vez, alias \u201cPi\u00f1a\u201d, como uno de los autores materiales del asesinato del teniente Yerson Salazar y confirm\u00f3 que el presunto cabecilla muri\u00f3 el viernes 7 de agosto en Brasil junto a otros tres bolivianos, durante un enfrentamiento con agentes del Batall\u00f3n de Operaciones Especiales (BOPE) en una [&hellip;]\" \/>\n<meta property=\"og:url\" content=\"https:\/\/www.eldiario.net\/portal\/2026\/08\/09\/policia-senala-a-pina-como-uno-de-los-autores-materiales\/\" \/>\n<meta property=\"og:site_name\" content=\"El Diario - Bolivia\" \/>\n<meta property=\"article:publisher\" content=\"https:\/\/www.facebook.com\/eldiario.bolivia\/\" \/>\n<meta property=\"article:published_time\" content=\"2026-08-09T11:14:05+00:00\" \/>\n<meta property=\"og:image\" content=\"https:\/\/www.eldiario.net\/portal\/wp-content\/uploads\/2026\/08\/9-PINA.webp\" \/>\n\t<meta property=\"og:image:width\" content=\"420\" \/>\n\t<meta property=\"og:image:height\" content=\"280\" \/>\n\t<meta property=\"og:image:type\" content=\"image\/webp\" \/>\n<meta name=\"author\" content=\"Jeanette\" \/>\n<meta name=\"twitter:card\" content=\"summary_large_image\" \/>\n<meta name=\"twitter:creator\" content=\"@eldiario_net\" \/>\n<meta name=\"twitter:site\" content=\"@eldiario_net\" \/>\n<meta name=\"twitter:label1\" content=\"Escrito por\" \/>\n\t<meta name=\"twitter:data1\" content=\"Jeanette\" \/>\n\t<meta name=\"twitter:label2\" content=\"Tiempo de lectura\" \/>\n\t<meta name=\"twitter:data2\" content=\"4 minutos\" \/>\n<script type=\"application\/ld+json\" class=\"yoast-schema-graph\">{\"@context\":\"https:\\\/\\\/schema.org\",\"@graph\":[{\"@type\":\"Article\",\"@id\":\"https:\\\/\\\/www.eldiario.net\\\/portal\\\/2026\\\/08\\\/09\\\/policia-senala-a-pina-como-uno-de-los-autores-materiales\\\/#article\",\"isPartOf\":{\"@id\":\"https:\\\/\\\/www.eldiario.net\\\/portal\\\/2026\\\/08\\\/09\\\/policia-senala-a-pina-como-uno-de-los-autores-materiales\\\/\"},\"author\":{\"name\":\"Jeanette\",\"@id\":\"https:\\\/\\\/www.eldiario.net\\\/portal\\\/#\\\/schema\\\/person\\\/f46445640444750d7d753ccd04ae01b7\"},\"headline\":\"Polic\u00eda se\u00f1ala a \u2018Pi\u00f1a\u2019 como uno de los autores materiales\",\"datePublished\":\"2026-08-09T11:14:05+00:00\",\"mainEntityOfPage\":{\"@id\":\"https:\\\/\\\/www.eldiario.net\\\/portal\\\/2026\\\/08\\\/09\\\/policia-senala-a-pina-como-uno-de-los-autores-materiales\\\/\"},\"wordCount\":708,\"publisher\":{\"@id\":\"https:\\\/\\\/www.eldiario.net\\\/portal\\\/#organization\"},\"image\":{\"@id\":\"https:\\\/\\\/www.eldiario.net\\\/portal\\\/2026\\\/08\\\/09\\\/policia-senala-a-pina-como-uno-de-los-autores-materiales\\\/#primaryimage\"},\"thumbnailUrl\":\"https:\\\/\\\/www.eldiario.net\\\/portal\\\/wp-content\\\/uploads\\\/2026\\\/08\\\/9-PINA.webp\",\"articleSection\":[\"Sociedad - Seguridad\"],\"inLanguage\":\"es\"},{\"@type\":\"WebPage\",\"@id\":\"https:\\\/\\\/www.eldiario.net\\\/portal\\\/2026\\\/08\\\/09\\\/policia-senala-a-pina-como-uno-de-los-autores-materiales\\\/\",\"url\":\"https:\\\/\\\/www.eldiario.net\\\/portal\\\/2026\\\/08\\\/09\\\/policia-senala-a-pina-como-uno-de-los-autores-materiales\\\/\",\"name\":\"Polic\u00eda se\u00f1ala a \u2018Pi\u00f1a\u2019 como uno de los autores materiales - El Diario - Bolivia\",\"isPartOf\":{\"@id\":\"https:\\\/\\\/www.eldiario.net\\\/portal\\\/#website\"},\"primaryImageOfPage\":{\"@id\":\"https:\\\/\\\/www.eldiario.net\\\/portal\\\/2026\\\/08\\\/09\\\/policia-senala-a-pina-como-uno-de-los-autores-materiales\\\/#primaryimage\"},\"image\":{\"@id\":\"https:\\\/\\\/www.eldiario.net\\\/portal\\\/2026\\\/08\\\/09\\\/policia-senala-a-pina-como-uno-de-los-autores-materiales\\\/#primaryimage\"},\"thumbnailUrl\":\"https:\\\/\\\/www.eldiario.net\\\/portal\\\/wp-content\\\/uploads\\\/2026\\\/08\\\/9-PINA.webp\",\"datePublished\":\"2026-08-09T11:14:05+00:00\",\"breadcrumb\":{\"@id\":\"https:\\\/\\\/www.eldiario.net\\\/portal\\\/2026\\\/08\\\/09\\\/policia-senala-a-pina-como-uno-de-los-autores-materiales\\\/#breadcrumb\"},\"inLanguage\":\"es\",\"potentialAction\":[{\"@type\":\"ReadAction\",\"target\":[\"https:\\\/\\\/www.eldiario.net\\\/portal\\\/2026\\\/08\\\/09\\\/policia-senala-a-pina-como-uno-de-los-autores-materiales\\\/\"]}]},{\"@type\":\"ImageObject\",\"inLanguage\":\"es\",\"@id\":\"https:\\\/\\\/www.eldiario.net\\\/portal\\\/2026\\\/08\\\/09\\\/policia-senala-a-pina-como-uno-de-los-autores-materiales\\\/#primaryimage\",\"url\":\"https:\\\/\\\/www.eldiario.net\\\/portal\\\/wp-content\\\/uploads\\\/2026\\\/08\\\/9-PINA.webp\",\"contentUrl\":\"https:\\\/\\\/www.eldiario.net\\\/portal\\\/wp-content\\\/uploads\\\/2026\\\/08\\\/9-PINA.webp\",\"width\":420,\"height\":280,\"caption\":\"Jos\u00e9 Mariano Paz Ch\u00e1vez, alias \u201cPi\u00f1a\u201d, fue abatido por la Polic\u00eda de Brasil. Cr\u00e9dito de foto: Unitel\"},{\"@type\":\"BreadcrumbList\",\"@id\":\"https:\\\/\\\/www.eldiario.net\\\/portal\\\/2026\\\/08\\\/09\\\/policia-senala-a-pina-como-uno-de-los-autores-materiales\\\/#breadcrumb\",\"itemListElement\":[{\"@type\":\"ListItem\",\"position\":1,\"name\":\"Portada\",\"item\":\"https:\\\/\\\/www.eldiario.net\\\/portal\\\/\"},{\"@type\":\"ListItem\",\"position\":2,\"name\":\"Polic\u00eda se\u00f1ala a \u2018Pi\u00f1a\u2019 como uno de los autores materiales\"}]},{\"@type\":\"WebSite\",\"@id\":\"https:\\\/\\\/www.eldiario.net\\\/portal\\\/#website\",\"url\":\"https:\\\/\\\/www.eldiario.net\\\/portal\\\/\",\"name\":\"El Diario - Decano de la prensa nacional\",\"description\":\"El Diario - Decano de la prensa nacional\",\"publisher\":{\"@id\":\"https:\\\/\\\/www.eldiario.net\\\/portal\\\/#organization\"},\"potentialAction\":[{\"@type\":\"SearchAction\",\"target\":{\"@type\":\"EntryPoint\",\"urlTemplate\":\"https:\\\/\\\/www.eldiario.net\\\/portal\\\/?s={search_term_string}\"},\"query-input\":{\"@type\":\"PropertyValueSpecification\",\"valueRequired\":true,\"valueName\":\"search_term_string\"}}],\"inLanguage\":\"es\"},{\"@type\":\"Organization\",\"@id\":\"https:\\\/\\\/www.eldiario.net\\\/portal\\\/#organization\",\"name\":\"El Diario - Decano de la prensa nacional\",\"url\":\"https:\\\/\\\/www.eldiario.net\\\/portal\\\/\",\"logo\":{\"@type\":\"ImageObject\",\"inLanguage\":\"es\",\"@id\":\"https:\\\/\\\/www.eldiario.net\\\/portal\\\/#\\\/schema\\\/logo\\\/image\\\/\",\"url\":\"https:\\\/\\\/www.eldiario.net\\\/portal\\\/wp-content\\\/uploads\\\/2023\\\/07\\\/logo_ED.jpg\",\"contentUrl\":\"https:\\\/\\\/www.eldiario.net\\\/portal\\\/wp-content\\\/uploads\\\/2023\\\/07\\\/logo_ED.jpg\",\"width\":272,\"height\":52,\"caption\":\"El Diario - Decano de la prensa nacional\"},\"image\":{\"@id\":\"https:\\\/\\\/www.eldiario.net\\\/portal\\\/#\\\/schema\\\/logo\\\/image\\\/\"},\"sameAs\":[\"https:\\\/\\\/www.facebook.com\\\/eldiario.bolivia\\\/\",\"https:\\\/\\\/x.com\\\/eldiario_net\"]},{\"@type\":\"Person\",\"@id\":\"https:\\\/\\\/www.eldiario.net\\\/portal\\\/#\\\/schema\\\/person\\\/f46445640444750d7d753ccd04ae01b7\",\"name\":\"Jeanette\",\"image\":{\"@type\":\"ImageObject\",\"inLanguage\":\"es\",\"@id\":\"https:\\\/\\\/secure.gravatar.com\\\/avatar\\\/3ea2118a5f7dad2b7138b1187a6b7ee55f160b9968b66013c3a3ef39dd7e5798?s=96&d=mm&r=g\",\"url\":\"https:\\\/\\\/secure.gravatar.com\\\/avatar\\\/3ea2118a5f7dad2b7138b1187a6b7ee55f160b9968b66013c3a3ef39dd7e5798?s=96&d=mm&r=g\",\"contentUrl\":\"https:\\\/\\\/secure.gravatar.com\\\/avatar\\\/3ea2118a5f7dad2b7138b1187a6b7ee55f160b9968b66013c3a3ef39dd7e5798?s=96&d=mm&r=g\",\"caption\":\"Jeanette\"},\"sameAs\":[\"https:\\\/\\\/www.eldiario.net\\\/portal\"],\"url\":\"https:\\\/\\\/www.eldiario.net\\\/portal\\\/author\\\/jeanette\\\/\"}]}<\/script>\n<!-- \/ Yoast SEO plugin. -->","yoast_head_json":{"title":"Polic\u00eda se\u00f1ala a \u2018Pi\u00f1a\u2019 como uno de los autores materiales - El Diario - Bolivia","robots":{"index":"index","follow":"follow","max-snippet":"max-snippet:-1","max-image-preview":"max-image-preview:large","max-video-preview":"max-video-preview:-1"},"canonical":"https:\/\/www.eldiario.net\/portal\/2026\/08\/09\/policia-senala-a-pina-como-uno-de-los-autores-materiales\/","og_locale":"es_ES","og_type":"article","og_title":"Polic\u00eda se\u00f1ala a \u2018Pi\u00f1a\u2019 como uno de los autores materiales - El Diario - Bolivia","og_description":"La Polic\u00eda Boliviana identific\u00f3 a Jos\u00e9 Mariano Paz Ch\u00e1vez, alias \u201cPi\u00f1a\u201d, como uno de los autores materiales del asesinato del teniente Yerson Salazar y confirm\u00f3 que el presunto cabecilla muri\u00f3 el viernes 7 de agosto en Brasil junto a otros tres bolivianos, durante un enfrentamiento con agentes del Batall\u00f3n de Operaciones Especiales (BOPE) en una [&hellip;]","og_url":"https:\/\/www.eldiario.net\/portal\/2026\/08\/09\/policia-senala-a-pina-como-uno-de-los-autores-materiales\/","og_site_name":"El Diario - Bolivia","article_publisher":"https:\/\/www.facebook.com\/eldiario.bolivia\/","article_published_time":"2026-08-09T11:14:05+00:00","og_image":[{"width":420,"height":280,"url":"https:\/\/www.eldiario.net\/portal\/wp-content\/uploads\/2026\/08\/9-PINA.webp","type":"image\/webp"}],"author":"Jeanette","twitter_card":"summary_large_image","twitter_creator":"@eldiario_net","twitter_site":"@eldiario_net","twitter_misc":{"Escrito por":"Jeanette","Tiempo de lectura":"4 minutos"},"schema":{"@context":"https:\/\/schema.org","@graph":[{"@type":"Article","@id":"https:\/\/www.eldiario.net\/portal\/2026\/08\/09\/policia-senala-a-pina-como-uno-de-los-autores-materiales\/#article","isPartOf":{"@id":"https:\/\/www.eldiario.net\/portal\/2026\/08\/09\/policia-senala-a-pina-como-uno-de-los-autores-materiales\/"},"author":{"name":"Jeanette","@id":"https:\/\/www.eldiario.net\/portal\/#\/schema\/person\/f46445640444750d7d753ccd04ae01b7"},"headline":"Polic\u00eda se\u00f1ala a \u2018Pi\u00f1a\u2019 como uno de los autores materiales","datePublished":"2026-08-09T11:14:05+00:00","mainEntityOfPage":{"@id":"https:\/\/www.eldiario.net\/portal\/2026\/08\/09\/policia-senala-a-pina-como-uno-de-los-autores-materiales\/"},"wordCount":708,"publisher":{"@id":"https:\/\/www.eldiario.net\/portal\/#organization"},"image":{"@id":"https:\/\/www.eldiario.net\/portal\/2026\/08\/09\/policia-senala-a-pina-como-uno-de-los-autores-materiales\/#primaryimage"},"thumbnailUrl":"https:\/\/www.eldiario.net\/portal\/wp-content\/uploads\/2026\/08\/9-PINA.webp","articleSection":["Sociedad - Seguridad"],"inLanguage":"es"},{"@type":"WebPage","@id":"https:\/\/www.eldiario.net\/portal\/2026\/08\/09\/policia-senala-a-pina-como-uno-de-los-autores-materiales\/","url":"https:\/\/www.eldiario.net\/portal\/2026\/08\/09\/policia-senala-a-pina-como-uno-de-los-autores-materiales\/","name":"Polic\u00eda se\u00f1ala a \u2018Pi\u00f1a\u2019 como uno de los autores materiales - El Diario - Bolivia","isPartOf":{"@id":"https:\/\/www.eldiario.net\/portal\/#website"},"primaryImageOfPage":{"@id":"https:\/\/www.eldiario.net\/portal\/2026\/08\/09\/policia-senala-a-pina-como-uno-de-los-autores-materiales\/#primaryimage"},"image":{"@id":"https:\/\/www.eldiario.net\/portal\/2026\/08\/09\/policia-senala-a-pina-como-uno-de-los-autores-materiales\/#primaryimage"},"thumbnailUrl":"https:\/\/www.eldiario.net\/portal\/wp-content\/uploads\/2026\/08\/9-PINA.webp","datePublished":"2026-08-09T11:14:05+00:00","breadcrumb":{"@id":"https:\/\/www.eldiario.net\/portal\/2026\/08\/09\/policia-senala-a-pina-como-uno-de-los-autores-materiales\/#breadcrumb"},"inLanguage":"es","potentialAction":[{"@type":"ReadAction","target":["https:\/\/www.eldiario.net\/portal\/2026\/08\/09\/policia-senala-a-pina-como-uno-de-los-autores-materiales\/"]}]},{"@type":"ImageObject","inLanguage":"es","@id":"https:\/\/www.eldiario.net\/portal\/2026\/08\/09\/policia-senala-a-pina-como-uno-de-los-autores-materiales\/#primaryimage","url":"https:\/\/www.eldiario.net\/portal\/wp-content\/uploads\/2026\/08\/9-PINA.webp","contentUrl":"https:\/\/www.eldiario.net\/portal\/wp-content\/uploads\/2026\/08\/9-PINA.webp","width":420,"height":280,"caption":"Jos\u00e9 Mariano Paz Ch\u00e1vez, alias \u201cPi\u00f1a\u201d, fue abatido por la Polic\u00eda de Brasil. Cr\u00e9dito de foto: Unitel"},{"@type":"BreadcrumbList","@id":"https:\/\/www.eldiario.net\/portal\/2026\/08\/09\/policia-senala-a-pina-como-uno-de-los-autores-materiales\/#breadcrumb","itemListElement":[{"@type":"ListItem","position":1,"name":"Portada","item":"https:\/\/www.eldiario.net\/portal\/"},{"@type":"ListItem","position":2,"name":"Polic\u00eda se\u00f1ala a \u2018Pi\u00f1a\u2019 como uno de los autores materiales"}]},{"@type":"WebSite","@id":"https:\/\/www.eldiario.net\/portal\/#website","url":"https:\/\/www.eldiario.net\/portal\/","name":"El Diario - Decano de la prensa nacional","description":"El Diario - Decano de la prensa nacional","publisher":{"@id":"https:\/\/www.eldiario.net\/portal\/#organization"},"potentialAction":[{"@type":"SearchAction","target":{"@type":"EntryPoint","urlTemplate":"https:\/\/www.eldiario.net\/portal\/?s={search_term_string}"},"query-input":{"@type":"PropertyValueSpecification","valueRequired":true,"valueName":"search_term_string"}}],"inLanguage":"es"},{"@type":"Organization","@id":"https:\/\/www.eldiario.net\/portal\/#organization","name":"El Diario - Decano de la prensa nacional","url":"https:\/\/www.eldiario.net\/portal\/","logo":{"@type":"ImageObject","inLanguage":"es","@id":"https:\/\/www.eldiario.net\/portal\/#\/schema\/logo\/image\/","url":"https:\/\/www.eldiario.net\/portal\/wp-content\/uploads\/2023\/07\/logo_ED.jpg","contentUrl":"https:\/\/www.eldiario.net\/portal\/wp-content\/uploads\/2023\/07\/logo_ED.jpg","width":272,"height":52,"caption":"El Diario - Decano de la prensa nacional"},"image":{"@id":"https:\/\/www.eldiario.net\/portal\/#\/schema\/logo\/image\/"},"sameAs":["https:\/\/www.facebook.com\/eldiario.bolivia\/","https:\/\/x.com\/eldiario_net"]},{"@type":"Person","@id":"https:\/\/www.eldiario.net\/portal\/#\/schema\/person\/f46445640444750d7d753ccd04ae01b7","name":"Jeanette","image":{"@type":"ImageObject","inLanguage":"es","@id":"https:\/\/secure.gravatar.com\/avatar\/3ea2118a5f7dad2b7138b1187a6b7ee55f160b9968b66013c3a3ef39dd7e5798?s=96&d=mm&r=g","url":"https:\/\/secure.gravatar.com\/avatar\/3ea2118a5f7dad2b7138b1187a6b7ee55f160b9968b66013c3a3ef39dd7e5798?s=96&d=mm&r=g","contentUrl":"https:\/\/secure.gravatar.com\/avatar\/3ea2118a5f7dad2b7138b1187a6b7ee55f160b9968b66013c3a3ef39dd7e5798?s=96&d=mm&r=g","caption":"Jeanette"},"sameAs":["https:\/\/www.eldiario.net\/portal"],"url":"https:\/\/www.eldiario.net\/portal\/author\/jeanette\/"}]}},"_links":{"self":[{"href":"https:\/\/www.eldiario.net\/portal\/wp-json\/wp\/v2\/posts\/419739","targetHints":{"allow":["GET"]}}],"collection":[{"href":"https:\/\/www.eldiario.net\/portal\/wp-json\/wp\/v2\/posts"}],"about":[{"href":"https:\/\/www.eldiario.net\/portal\/wp-json\/wp\/v2\/types\/post"}],"author":[{"embeddable":true,"href":"https:\/\/www.eldiario.net\/portal\/wp-json\/wp\/v2\/users\/1"}],"replies":[{"embeddable":true,"href":"https:\/\/www.eldiario.net\/portal\/wp-json\/wp\/v2\/comments?post=419739"}],"version-history":[{"count":1,"href":"https:\/\/www.eldiario.net\/portal\/wp-json\/wp\/v2\/posts\/419739\/revisions"}],"predecessor-version":[{"id":419741,"href":"https:\/\/www.eldiario.net\/portal\/wp-json\/wp\/v2\/posts\/419739\/revisions\/419741"}],"wp:featuredmedia":[{"embeddable":true,"href":"https:\/\/www.eldiario.net\/portal\/wp-json\/wp\/v2\/media\/419740"}],"wp:attachment":[{"href":"https:\/\/www.eldiario.net\/portal\/wp-json\/wp\/v2\/media?parent=419739"}],"wp:term":[{"taxonomy":"category","embeddable":true,"href":"https:\/\/www.eldiario.net\/portal\/wp-json\/wp\/v2\/categories?post=419739"},{"taxonomy":"post_tag","embeddable":true,"href":"https:\/\/www.eldiario.net\/portal\/wp-json\/wp\/v2\/tags?post=419739"}],"curies":[{"name":"wp","href":"https:\/\/api.w.org\/{rel}","templated":true}]}}