{"id":419715,"date":"2026-08-09T06:48:00","date_gmt":"2026-08-09T10:48:00","guid":{"rendered":"https:\/\/www.eldiario.net\/portal\/?p=419715"},"modified":"2026-08-09T06:48:00","modified_gmt":"2026-08-09T10:48:00","slug":"fuego-consume-600-hectareas-en-el-municipio-de-yanacachi","status":"publish","type":"post","link":"https:\/\/www.eldiario.net\/portal\/2026\/08\/09\/fuego-consume-600-hectareas-en-el-municipio-de-yanacachi\/","title":{"rendered":"Fuego consume 600 hect\u00e1reas en el municipio de Yanacachi"},"content":{"rendered":"<p>Un incendio de magnitud se registr\u00f3 en el municipio de Yanacachi, ubicado en la zona de los Yungas del departamento de La Paz, donde al menos 600 hect\u00e1reas en la serran\u00eda de la zona fueron consumidas por el fuego, que posteriormente fue controlado.<br \/>\nAnte la gravedad del siniestro, la Polic\u00eda Boliviana, a trav\u00e9s del cuerpo de Bomberos Antofagasta, moviliz\u00f3 a todo su personal disponible para la contenci\u00f3n de las llamas. El operativo cont\u00f3 con la intervenci\u00f3n coordinada de comunarios locales, equipos de voluntarios contra incendios, personal del SAR y Defensa Civil.<\/p>\n","protected":false},"excerpt":{"rendered":"<p>Un incendio de magnitud se registr\u00f3 en el municipio de Yanacachi, ubicado en la zona de los Yungas del departamento de La Paz, donde al menos 600 hect\u00e1reas en la serran\u00eda de la zona fueron consumidas por el fuego, que posteriormente fue controlado. Ante la gravedad del siniestro, la Polic\u00eda Boliviana, a trav\u00e9s del cuerpo [&hellip;]<\/p>\n","protected":false},"author":1,"featured_media":419716,"comment_status":"closed","ping_status":"open","sticky":false,"template":"","format":"standard","meta":{"_acf_changed":false,"footnotes":""},"categories":[15],"tags":[],"class_list":["post-419715","post","type-post","status-publish","format-standard","has-post-thumbnail","category-portada"],"acf":{"antetitulo":"Controlan incendio en los Yungas de La Paz"},"yoast_head":"<!-- This site is optimized with the Yoast SEO plugin v28.4 - https:\/\/yoast.com\/product\/yoast-seo-wordpress\/ -->\n<title>Fuego consume 600 hect\u00e1reas en el municipio de Yanacachi - El Diario - Bolivia<\/title>\n<meta name=\"robots\" content=\"index, follow, max-snippet:-1, max-image-preview:large, max-video-preview:-1\" \/>\n<link rel=\"canonical\" href=\"https:\/\/www.eldiario.net\/portal\/2026\/08\/09\/fuego-consume-600-hectareas-en-el-municipio-de-yanacachi\/\" \/>\n<meta property=\"og:locale\" content=\"es_ES\" \/>\n<meta property=\"og:type\" content=\"article\" \/>\n<meta property=\"og:title\" content=\"Fuego consume 600 hect\u00e1reas en el municipio de Yanacachi - El Diario - Bolivia\" \/>\n<meta property=\"og:description\" content=\"Un incendio de magnitud se registr\u00f3 en el municipio de Yanacachi, ubicado en la zona de los Yungas del departamento de La Paz, donde al menos 600 hect\u00e1reas en la serran\u00eda de la zona fueron consumidas por el fuego, que posteriormente fue controlado. Ante la gravedad del siniestro, la Polic\u00eda Boliviana, a trav\u00e9s del cuerpo [&hellip;]\" \/>\n<meta property=\"og:url\" content=\"https:\/\/www.eldiario.net\/portal\/2026\/08\/09\/fuego-consume-600-hectareas-en-el-municipio-de-yanacachi\/\" \/>\n<meta property=\"og:site_name\" content=\"El Diario - Bolivia\" \/>\n<meta property=\"article:publisher\" content=\"https:\/\/www.facebook.com\/eldiario.bolivia\/\" \/>\n<meta property=\"article:published_time\" content=\"2026-08-09T10:48:00+00:00\" \/>\n<meta property=\"og:image\" content=\"https:\/\/www.eldiario.net\/portal\/wp-content\/uploads\/2026\/08\/Yanacachi-Red-Uno-10-cm-x-7.webp\" \/>\n\t<meta property=\"og:image:width\" content=\"800\" \/>\n\t<meta property=\"og:image:height\" content=\"450\" \/>\n\t<meta property=\"og:image:type\" content=\"image\/webp\" \/>\n<meta name=\"author\" content=\"Jeanette\" \/>\n<meta name=\"twitter:card\" content=\"summary_large_image\" \/>\n<meta name=\"twitter:creator\" content=\"@eldiario_net\" \/>\n<meta name=\"twitter:site\" content=\"@eldiario_net\" \/>\n<meta name=\"twitter:label1\" content=\"Escrito por\" \/>\n\t<meta name=\"twitter:data1\" content=\"Jeanette\" \/>\n\t<meta name=\"twitter:label2\" content=\"Tiempo de lectura\" \/>\n\t<meta name=\"twitter:data2\" content=\"1 minuto\" \/>\n<script type=\"application\/ld+json\" class=\"yoast-schema-graph\">{\"@context\":\"https:\\\/\\\/schema.org\",\"@graph\":[{\"@type\":\"Article\",\"@id\":\"https:\\\/\\\/www.eldiario.net\\\/portal\\\/2026\\\/08\\\/09\\\/fuego-consume-600-hectareas-en-el-municipio-de-yanacachi\\\/#article\",\"isPartOf\":{\"@id\":\"https:\\\/\\\/www.eldiario.net\\\/portal\\\/2026\\\/08\\\/09\\\/fuego-consume-600-hectareas-en-el-municipio-de-yanacachi\\\/\"},\"author\":{\"name\":\"Jeanette\",\"@id\":\"https:\\\/\\\/www.eldiario.net\\\/portal\\\/#\\\/schema\\\/person\\\/f46445640444750d7d753ccd04ae01b7\"},\"headline\":\"Fuego consume 600 hect\u00e1reas en el municipio de Yanacachi\",\"datePublished\":\"2026-08-09T10:48:00+00:00\",\"mainEntityOfPage\":{\"@id\":\"https:\\\/\\\/www.eldiario.net\\\/portal\\\/2026\\\/08\\\/09\\\/fuego-consume-600-hectareas-en-el-municipio-de-yanacachi\\\/\"},\"wordCount\":105,\"publisher\":{\"@id\":\"https:\\\/\\\/www.eldiario.net\\\/portal\\\/#organization\"},\"image\":{\"@id\":\"https:\\\/\\\/www.eldiario.net\\\/portal\\\/2026\\\/08\\\/09\\\/fuego-consume-600-hectareas-en-el-municipio-de-yanacachi\\\/#primaryimage\"},\"thumbnailUrl\":\"https:\\\/\\\/www.eldiario.net\\\/portal\\\/wp-content\\\/uploads\\\/2026\\\/08\\\/Yanacachi-Red-Uno-10-cm-x-7.webp\",\"articleSection\":[\"Portada\"],\"inLanguage\":\"es\"},{\"@type\":\"WebPage\",\"@id\":\"https:\\\/\\\/www.eldiario.net\\\/portal\\\/2026\\\/08\\\/09\\\/fuego-consume-600-hectareas-en-el-municipio-de-yanacachi\\\/\",\"url\":\"https:\\\/\\\/www.eldiario.net\\\/portal\\\/2026\\\/08\\\/09\\\/fuego-consume-600-hectareas-en-el-municipio-de-yanacachi\\\/\",\"name\":\"Fuego consume 600 hect\u00e1reas en el municipio de Yanacachi - El Diario - Bolivia\",\"isPartOf\":{\"@id\":\"https:\\\/\\\/www.eldiario.net\\\/portal\\\/#website\"},\"primaryImageOfPage\":{\"@id\":\"https:\\\/\\\/www.eldiario.net\\\/portal\\\/2026\\\/08\\\/09\\\/fuego-consume-600-hectareas-en-el-municipio-de-yanacachi\\\/#primaryimage\"},\"image\":{\"@id\":\"https:\\\/\\\/www.eldiario.net\\\/portal\\\/2026\\\/08\\\/09\\\/fuego-consume-600-hectareas-en-el-municipio-de-yanacachi\\\/#primaryimage\"},\"thumbnailUrl\":\"https:\\\/\\\/www.eldiario.net\\\/portal\\\/wp-content\\\/uploads\\\/2026\\\/08\\\/Yanacachi-Red-Uno-10-cm-x-7.webp\",\"datePublished\":\"2026-08-09T10:48:00+00:00\",\"breadcrumb\":{\"@id\":\"https:\\\/\\\/www.eldiario.net\\\/portal\\\/2026\\\/08\\\/09\\\/fuego-consume-600-hectareas-en-el-municipio-de-yanacachi\\\/#breadcrumb\"},\"inLanguage\":\"es\",\"potentialAction\":[{\"@type\":\"ReadAction\",\"target\":[\"https:\\\/\\\/www.eldiario.net\\\/portal\\\/2026\\\/08\\\/09\\\/fuego-consume-600-hectareas-en-el-municipio-de-yanacachi\\\/\"]}]},{\"@type\":\"ImageObject\",\"inLanguage\":\"es\",\"@id\":\"https:\\\/\\\/www.eldiario.net\\\/portal\\\/2026\\\/08\\\/09\\\/fuego-consume-600-hectareas-en-el-municipio-de-yanacachi\\\/#primaryimage\",\"url\":\"https:\\\/\\\/www.eldiario.net\\\/portal\\\/wp-content\\\/uploads\\\/2026\\\/08\\\/Yanacachi-Red-Uno-10-cm-x-7.webp\",\"contentUrl\":\"https:\\\/\\\/www.eldiario.net\\\/portal\\\/wp-content\\\/uploads\\\/2026\\\/08\\\/Yanacachi-Red-Uno-10-cm-x-7.webp\",\"width\":800,\"height\":450,\"caption\":\"Controlan incendio de gran magnitud en Yanacachi, en los Yungas.\"},{\"@type\":\"BreadcrumbList\",\"@id\":\"https:\\\/\\\/www.eldiario.net\\\/portal\\\/2026\\\/08\\\/09\\\/fuego-consume-600-hectareas-en-el-municipio-de-yanacachi\\\/#breadcrumb\",\"itemListElement\":[{\"@type\":\"ListItem\",\"position\":1,\"name\":\"Portada\",\"item\":\"https:\\\/\\\/www.eldiario.net\\\/portal\\\/\"},{\"@type\":\"ListItem\",\"position\":2,\"name\":\"Fuego consume 600 hect\u00e1reas en el municipio de Yanacachi\"}]},{\"@type\":\"WebSite\",\"@id\":\"https:\\\/\\\/www.eldiario.net\\\/portal\\\/#website\",\"url\":\"https:\\\/\\\/www.eldiario.net\\\/portal\\\/\",\"name\":\"El Diario - Decano de la prensa nacional\",\"description\":\"El Diario - Decano de la prensa nacional\",\"publisher\":{\"@id\":\"https:\\\/\\\/www.eldiario.net\\\/portal\\\/#organization\"},\"potentialAction\":[{\"@type\":\"SearchAction\",\"target\":{\"@type\":\"EntryPoint\",\"urlTemplate\":\"https:\\\/\\\/www.eldiario.net\\\/portal\\\/?s={search_term_string}\"},\"query-input\":{\"@type\":\"PropertyValueSpecification\",\"valueRequired\":true,\"valueName\":\"search_term_string\"}}],\"inLanguage\":\"es\"},{\"@type\":\"Organization\",\"@id\":\"https:\\\/\\\/www.eldiario.net\\\/portal\\\/#organization\",\"name\":\"El Diario - Decano de la prensa nacional\",\"url\":\"https:\\\/\\\/www.eldiario.net\\\/portal\\\/\",\"logo\":{\"@type\":\"ImageObject\",\"inLanguage\":\"es\",\"@id\":\"https:\\\/\\\/www.eldiario.net\\\/portal\\\/#\\\/schema\\\/logo\\\/image\\\/\",\"url\":\"https:\\\/\\\/www.eldiario.net\\\/portal\\\/wp-content\\\/uploads\\\/2023\\\/07\\\/logo_ED.jpg\",\"contentUrl\":\"https:\\\/\\\/www.eldiario.net\\\/portal\\\/wp-content\\\/uploads\\\/2023\\\/07\\\/logo_ED.jpg\",\"width\":272,\"height\":52,\"caption\":\"El Diario - Decano de la prensa nacional\"},\"image\":{\"@id\":\"https:\\\/\\\/www.eldiario.net\\\/portal\\\/#\\\/schema\\\/logo\\\/image\\\/\"},\"sameAs\":[\"https:\\\/\\\/www.facebook.com\\\/eldiario.bolivia\\\/\",\"https:\\\/\\\/x.com\\\/eldiario_net\"]},{\"@type\":\"Person\",\"@id\":\"https:\\\/\\\/www.eldiario.net\\\/portal\\\/#\\\/schema\\\/person\\\/f46445640444750d7d753ccd04ae01b7\",\"name\":\"Jeanette\",\"image\":{\"@type\":\"ImageObject\",\"inLanguage\":\"es\",\"@id\":\"https:\\\/\\\/secure.gravatar.com\\\/avatar\\\/3ea2118a5f7dad2b7138b1187a6b7ee55f160b9968b66013c3a3ef39dd7e5798?s=96&d=mm&r=g\",\"url\":\"https:\\\/\\\/secure.gravatar.com\\\/avatar\\\/3ea2118a5f7dad2b7138b1187a6b7ee55f160b9968b66013c3a3ef39dd7e5798?s=96&d=mm&r=g\",\"contentUrl\":\"https:\\\/\\\/secure.gravatar.com\\\/avatar\\\/3ea2118a5f7dad2b7138b1187a6b7ee55f160b9968b66013c3a3ef39dd7e5798?s=96&d=mm&r=g\",\"caption\":\"Jeanette\"},\"sameAs\":[\"https:\\\/\\\/www.eldiario.net\\\/portal\"],\"url\":\"https:\\\/\\\/www.eldiario.net\\\/portal\\\/author\\\/jeanette\\\/\"}]}<\/script>\n<!-- \/ Yoast SEO plugin. -->","yoast_head_json":{"title":"Fuego consume 600 hect\u00e1reas en el municipio de Yanacachi - El Diario - Bolivia","robots":{"index":"index","follow":"follow","max-snippet":"max-snippet:-1","max-image-preview":"max-image-preview:large","max-video-preview":"max-video-preview:-1"},"canonical":"https:\/\/www.eldiario.net\/portal\/2026\/08\/09\/fuego-consume-600-hectareas-en-el-municipio-de-yanacachi\/","og_locale":"es_ES","og_type":"article","og_title":"Fuego consume 600 hect\u00e1reas en el municipio de Yanacachi - El Diario - Bolivia","og_description":"Un incendio de magnitud se registr\u00f3 en el municipio de Yanacachi, ubicado en la zona de los Yungas del departamento de La Paz, donde al menos 600 hect\u00e1reas en la serran\u00eda de la zona fueron consumidas por el fuego, que posteriormente fue controlado. Ante la gravedad del siniestro, la Polic\u00eda Boliviana, a trav\u00e9s del cuerpo [&hellip;]","og_url":"https:\/\/www.eldiario.net\/portal\/2026\/08\/09\/fuego-consume-600-hectareas-en-el-municipio-de-yanacachi\/","og_site_name":"El Diario - Bolivia","article_publisher":"https:\/\/www.facebook.com\/eldiario.bolivia\/","article_published_time":"2026-08-09T10:48:00+00:00","og_image":[{"width":800,"height":450,"url":"https:\/\/www.eldiario.net\/portal\/wp-content\/uploads\/2026\/08\/Yanacachi-Red-Uno-10-cm-x-7.webp","type":"image\/webp"}],"author":"Jeanette","twitter_card":"summary_large_image","twitter_creator":"@eldiario_net","twitter_site":"@eldiario_net","twitter_misc":{"Escrito por":"Jeanette","Tiempo de lectura":"1 minuto"},"schema":{"@context":"https:\/\/schema.org","@graph":[{"@type":"Article","@id":"https:\/\/www.eldiario.net\/portal\/2026\/08\/09\/fuego-consume-600-hectareas-en-el-municipio-de-yanacachi\/#article","isPartOf":{"@id":"https:\/\/www.eldiario.net\/portal\/2026\/08\/09\/fuego-consume-600-hectareas-en-el-municipio-de-yanacachi\/"},"author":{"name":"Jeanette","@id":"https:\/\/www.eldiario.net\/portal\/#\/schema\/person\/f46445640444750d7d753ccd04ae01b7"},"headline":"Fuego consume 600 hect\u00e1reas en el municipio de Yanacachi","datePublished":"2026-08-09T10:48:00+00:00","mainEntityOfPage":{"@id":"https:\/\/www.eldiario.net\/portal\/2026\/08\/09\/fuego-consume-600-hectareas-en-el-municipio-de-yanacachi\/"},"wordCount":105,"publisher":{"@id":"https:\/\/www.eldiario.net\/portal\/#organization"},"image":{"@id":"https:\/\/www.eldiario.net\/portal\/2026\/08\/09\/fuego-consume-600-hectareas-en-el-municipio-de-yanacachi\/#primaryimage"},"thumbnailUrl":"https:\/\/www.eldiario.net\/portal\/wp-content\/uploads\/2026\/08\/Yanacachi-Red-Uno-10-cm-x-7.webp","articleSection":["Portada"],"inLanguage":"es"},{"@type":"WebPage","@id":"https:\/\/www.eldiario.net\/portal\/2026\/08\/09\/fuego-consume-600-hectareas-en-el-municipio-de-yanacachi\/","url":"https:\/\/www.eldiario.net\/portal\/2026\/08\/09\/fuego-consume-600-hectareas-en-el-municipio-de-yanacachi\/","name":"Fuego consume 600 hect\u00e1reas en el municipio de Yanacachi - El Diario - Bolivia","isPartOf":{"@id":"https:\/\/www.eldiario.net\/portal\/#website"},"primaryImageOfPage":{"@id":"https:\/\/www.eldiario.net\/portal\/2026\/08\/09\/fuego-consume-600-hectareas-en-el-municipio-de-yanacachi\/#primaryimage"},"image":{"@id":"https:\/\/www.eldiario.net\/portal\/2026\/08\/09\/fuego-consume-600-hectareas-en-el-municipio-de-yanacachi\/#primaryimage"},"thumbnailUrl":"https:\/\/www.eldiario.net\/portal\/wp-content\/uploads\/2026\/08\/Yanacachi-Red-Uno-10-cm-x-7.webp","datePublished":"2026-08-09T10:48:00+00:00","breadcrumb":{"@id":"https:\/\/www.eldiario.net\/portal\/2026\/08\/09\/fuego-consume-600-hectareas-en-el-municipio-de-yanacachi\/#breadcrumb"},"inLanguage":"es","potentialAction":[{"@type":"ReadAction","target":["https:\/\/www.eldiario.net\/portal\/2026\/08\/09\/fuego-consume-600-hectareas-en-el-municipio-de-yanacachi\/"]}]},{"@type":"ImageObject","inLanguage":"es","@id":"https:\/\/www.eldiario.net\/portal\/2026\/08\/09\/fuego-consume-600-hectareas-en-el-municipio-de-yanacachi\/#primaryimage","url":"https:\/\/www.eldiario.net\/portal\/wp-content\/uploads\/2026\/08\/Yanacachi-Red-Uno-10-cm-x-7.webp","contentUrl":"https:\/\/www.eldiario.net\/portal\/wp-content\/uploads\/2026\/08\/Yanacachi-Red-Uno-10-cm-x-7.webp","width":800,"height":450,"caption":"Controlan incendio de gran magnitud en Yanacachi, en los Yungas."},{"@type":"BreadcrumbList","@id":"https:\/\/www.eldiario.net\/portal\/2026\/08\/09\/fuego-consume-600-hectareas-en-el-municipio-de-yanacachi\/#breadcrumb","itemListElement":[{"@type":"ListItem","position":1,"name":"Portada","item":"https:\/\/www.eldiario.net\/portal\/"},{"@type":"ListItem","position":2,"name":"Fuego consume 600 hect\u00e1reas en el municipio de Yanacachi"}]},{"@type":"WebSite","@id":"https:\/\/www.eldiario.net\/portal\/#website","url":"https:\/\/www.eldiario.net\/portal\/","name":"El Diario - Decano de la prensa nacional","description":"El Diario - Decano de la prensa nacional","publisher":{"@id":"https:\/\/www.eldiario.net\/portal\/#organization"},"potentialAction":[{"@type":"SearchAction","target":{"@type":"EntryPoint","urlTemplate":"https:\/\/www.eldiario.net\/portal\/?s={search_term_string}"},"query-input":{"@type":"PropertyValueSpecification","valueRequired":true,"valueName":"search_term_string"}}],"inLanguage":"es"},{"@type":"Organization","@id":"https:\/\/www.eldiario.net\/portal\/#organization","name":"El Diario - Decano de la prensa nacional","url":"https:\/\/www.eldiario.net\/portal\/","logo":{"@type":"ImageObject","inLanguage":"es","@id":"https:\/\/www.eldiario.net\/portal\/#\/schema\/logo\/image\/","url":"https:\/\/www.eldiario.net\/portal\/wp-content\/uploads\/2023\/07\/logo_ED.jpg","contentUrl":"https:\/\/www.eldiario.net\/portal\/wp-content\/uploads\/2023\/07\/logo_ED.jpg","width":272,"height":52,"caption":"El Diario - Decano de la prensa nacional"},"image":{"@id":"https:\/\/www.eldiario.net\/portal\/#\/schema\/logo\/image\/"},"sameAs":["https:\/\/www.facebook.com\/eldiario.bolivia\/","https:\/\/x.com\/eldiario_net"]},{"@type":"Person","@id":"https:\/\/www.eldiario.net\/portal\/#\/schema\/person\/f46445640444750d7d753ccd04ae01b7","name":"Jeanette","image":{"@type":"ImageObject","inLanguage":"es","@id":"https:\/\/secure.gravatar.com\/avatar\/3ea2118a5f7dad2b7138b1187a6b7ee55f160b9968b66013c3a3ef39dd7e5798?s=96&d=mm&r=g","url":"https:\/\/secure.gravatar.com\/avatar\/3ea2118a5f7dad2b7138b1187a6b7ee55f160b9968b66013c3a3ef39dd7e5798?s=96&d=mm&r=g","contentUrl":"https:\/\/secure.gravatar.com\/avatar\/3ea2118a5f7dad2b7138b1187a6b7ee55f160b9968b66013c3a3ef39dd7e5798?s=96&d=mm&r=g","caption":"Jeanette"},"sameAs":["https:\/\/www.eldiario.net\/portal"],"url":"https:\/\/www.eldiario.net\/portal\/author\/jeanette\/"}]}},"_links":{"self":[{"href":"https:\/\/www.eldiario.net\/portal\/wp-json\/wp\/v2\/posts\/419715","targetHints":{"allow":["GET"]}}],"collection":[{"href":"https:\/\/www.eldiario.net\/portal\/wp-json\/wp\/v2\/posts"}],"about":[{"href":"https:\/\/www.eldiario.net\/portal\/wp-json\/wp\/v2\/types\/post"}],"author":[{"embeddable":true,"href":"https:\/\/www.eldiario.net\/portal\/wp-json\/wp\/v2\/users\/1"}],"replies":[{"embeddable":true,"href":"https:\/\/www.eldiario.net\/portal\/wp-json\/wp\/v2\/comments?post=419715"}],"version-history":[{"count":1,"href":"https:\/\/www.eldiario.net\/portal\/wp-json\/wp\/v2\/posts\/419715\/revisions"}],"predecessor-version":[{"id":419717,"href":"https:\/\/www.eldiario.net\/portal\/wp-json\/wp\/v2\/posts\/419715\/revisions\/419717"}],"wp:featuredmedia":[{"embeddable":true,"href":"https:\/\/www.eldiario.net\/portal\/wp-json\/wp\/v2\/media\/419716"}],"wp:attachment":[{"href":"https:\/\/www.eldiario.net\/portal\/wp-json\/wp\/v2\/media?parent=419715"}],"wp:term":[{"taxonomy":"category","embeddable":true,"href":"https:\/\/www.eldiario.net\/portal\/wp-json\/wp\/v2\/categories?post=419715"},{"taxonomy":"post_tag","embeddable":true,"href":"https:\/\/www.eldiario.net\/portal\/wp-json\/wp\/v2\/tags?post=419715"}],"curies":[{"name":"wp","href":"https:\/\/api.w.org\/{rel}","templated":true}]}}