{"id":419709,"date":"2026-08-09T06:45:33","date_gmt":"2026-08-09T10:45:33","guid":{"rendered":"https:\/\/www.eldiario.net\/portal\/?p=419709"},"modified":"2026-08-09T06:45:33","modified_gmt":"2026-08-09T10:45:33","slug":"frente-frio-afectara-a-cinco-regiones","status":"publish","type":"post","link":"https:\/\/www.eldiario.net\/portal\/2026\/08\/09\/frente-frio-afectara-a-cinco-regiones\/","title":{"rendered":"Frente fr\u00edo afectar\u00e1 a  cinco regiones"},"content":{"rendered":"<p class=\"v1MsoNormal\">El Servicio Nacional de Meteorolog\u00eda e Hidrolog\u00eda (Senamhi) inform\u00f3 sobre el descenso brusco de temperaturas en los departamentos de Cochabamba, Tarija, Santa Cruz, Beni y Chuquisaca desde hoy de agosto, por lo que emiti\u00f3 una alerta naranja.<\/p>\n<p class=\"v1MsoNormal\">De acuerdo con los datos de la instituci\u00f3n, el ingreso de este frente fr\u00edo al territorio boliviano ocasionar\u00e1 que las temperaturas est\u00e9n entre 6\u00b0C y 12\u00b0C por debajo de los valores normales de cada regi\u00f3n desde ma\u00f1ana hasta el martes 11 de agosto.<\/p>\n<p class=\"v1MsoNormal\">Seg\u00fan Senamhi, \u00abexiste un nivel de amenaza importante debido a fen\u00f3menos no habituales y con cierto grado de peligro para las actividades usuales del ser humano\u00bb.<\/p>\n<p class=\"v1MsoNormal\">Entre los departamentos afectados por este cambio est\u00e1 Cochabamba, en el norte con las provincias Chapare y Carrasco. Tambi\u00e9n se ver\u00e1 afectado Tarija en las provincias Gran Chaco, O&#8217;connor, Cercado, Arce y al este en Avil\u00e9s y M\u00e9ndez.<\/p>\n<p class=\"v1MsoNormal\">En el caso del departamento de cruce\u00f1o, el descenso de las temperaturas se sentir\u00e1 en las provincias: Ichilo, Sara, Obispo Santistevan, Warnes, Andr\u00e9s Ib\u00e1\u00f1ez, Guarayos, \u00d1uflo de Ch\u00e1vez, Velasco, \u00c1ngel Sandoval, Chiquitos, Cordillera, Germ\u00e1n Busch, Florida, M. Caballero y Vallegrande.<\/p>\n<p class=\"v1MsoNormal\">Otra regi\u00f3n que se ver\u00e1 afectada es Chuquisaca en las provincias de Luis Calvo, Hernando Siles, y en el este con las provincias de Belisario Boeto y Tomina.<\/p>\n<p class=\"v1MsoNormal\">El departamento de Beni tambi\u00e9n vivir\u00e1 este cambio brusco de temperaturas, que se extender\u00e1 por tres d\u00edas, en las provincias de Cercado, Marb\u00e1n y Moxos, y al sur en General Jos\u00e9 Ballivi\u00e1n, Yacuma, Mamor\u00e9 e It\u00e9nez.<\/p>\n<p class=\"v1MsoNormal\">Cuando el Senamhi emite una alerta naranja, significa que \u00abexiste un nivel de amenaza importante debido a fen\u00f3menos no habituales y con cierto grado de peligro para las actividades usuales del ser humano\u00bb. (Abi)<\/p>\n","protected":false},"excerpt":{"rendered":"<p>El Servicio Nacional de Meteorolog\u00eda e Hidrolog\u00eda (Senamhi) inform\u00f3 sobre el descenso brusco de temperaturas en los departamentos de Cochabamba, Tarija, Santa Cruz, Beni y Chuquisaca desde hoy de agosto, por lo que emiti\u00f3 una alerta naranja. De acuerdo con los datos de la instituci\u00f3n, el ingreso de este frente fr\u00edo al territorio boliviano ocasionar\u00e1 [&hellip;]<\/p>\n","protected":false},"author":1,"featured_media":419710,"comment_status":"closed","ping_status":"open","sticky":false,"template":"","format":"standard","meta":{"_acf_changed":false,"footnotes":""},"categories":[15],"tags":[],"class_list":["post-419709","post","type-post","status-publish","format-standard","has-post-thumbnail","category-portada"],"acf":{"antetitulo":"Reporte de Senamhi"},"yoast_head":"<!-- This site is optimized with the Yoast SEO plugin v28.4 - https:\/\/yoast.com\/product\/yoast-seo-wordpress\/ -->\n<title>Frente fr\u00edo afectar\u00e1 a cinco regiones - El Diario - Bolivia<\/title>\n<meta name=\"robots\" content=\"index, follow, max-snippet:-1, max-image-preview:large, max-video-preview:-1\" \/>\n<link rel=\"canonical\" href=\"https:\/\/www.eldiario.net\/portal\/2026\/08\/09\/frente-frio-afectara-a-cinco-regiones\/\" \/>\n<meta property=\"og:locale\" content=\"es_ES\" \/>\n<meta property=\"og:type\" content=\"article\" \/>\n<meta property=\"og:title\" content=\"Frente fr\u00edo afectar\u00e1 a cinco regiones - El Diario - Bolivia\" \/>\n<meta property=\"og:description\" content=\"El Servicio Nacional de Meteorolog\u00eda e Hidrolog\u00eda (Senamhi) inform\u00f3 sobre el descenso brusco de temperaturas en los departamentos de Cochabamba, Tarija, Santa Cruz, Beni y Chuquisaca desde hoy de agosto, por lo que emiti\u00f3 una alerta naranja. De acuerdo con los datos de la instituci\u00f3n, el ingreso de este frente fr\u00edo al territorio boliviano ocasionar\u00e1 [&hellip;]\" \/>\n<meta property=\"og:url\" content=\"https:\/\/www.eldiario.net\/portal\/2026\/08\/09\/frente-frio-afectara-a-cinco-regiones\/\" \/>\n<meta property=\"og:site_name\" content=\"El Diario - Bolivia\" \/>\n<meta property=\"article:publisher\" content=\"https:\/\/www.facebook.com\/eldiario.bolivia\/\" \/>\n<meta property=\"article:published_time\" content=\"2026-08-09T10:45:33+00:00\" \/>\n<meta property=\"og:image\" content=\"https:\/\/www.eldiario.net\/portal\/wp-content\/uploads\/2026\/08\/Frio-El-Mundo.webp\" \/>\n\t<meta property=\"og:image:width\" content=\"585\" \/>\n\t<meta property=\"og:image:height\" content=\"341\" \/>\n\t<meta property=\"og:image:type\" content=\"image\/webp\" \/>\n<meta name=\"author\" content=\"Jeanette\" \/>\n<meta name=\"twitter:card\" content=\"summary_large_image\" \/>\n<meta name=\"twitter:creator\" content=\"@eldiario_net\" \/>\n<meta name=\"twitter:site\" content=\"@eldiario_net\" \/>\n<meta name=\"twitter:label1\" content=\"Escrito por\" \/>\n\t<meta name=\"twitter:data1\" content=\"Jeanette\" \/>\n\t<meta name=\"twitter:label2\" content=\"Tiempo de lectura\" \/>\n\t<meta name=\"twitter:data2\" content=\"2 minutos\" \/>\n<script type=\"application\/ld+json\" class=\"yoast-schema-graph\">{\"@context\":\"https:\\\/\\\/schema.org\",\"@graph\":[{\"@type\":\"Article\",\"@id\":\"https:\\\/\\\/www.eldiario.net\\\/portal\\\/2026\\\/08\\\/09\\\/frente-frio-afectara-a-cinco-regiones\\\/#article\",\"isPartOf\":{\"@id\":\"https:\\\/\\\/www.eldiario.net\\\/portal\\\/2026\\\/08\\\/09\\\/frente-frio-afectara-a-cinco-regiones\\\/\"},\"author\":{\"name\":\"Jeanette\",\"@id\":\"https:\\\/\\\/www.eldiario.net\\\/portal\\\/#\\\/schema\\\/person\\\/f46445640444750d7d753ccd04ae01b7\"},\"headline\":\"Frente fr\u00edo afectar\u00e1 a cinco regiones\",\"datePublished\":\"2026-08-09T10:45:33+00:00\",\"mainEntityOfPage\":{\"@id\":\"https:\\\/\\\/www.eldiario.net\\\/portal\\\/2026\\\/08\\\/09\\\/frente-frio-afectara-a-cinco-regiones\\\/\"},\"wordCount\":313,\"publisher\":{\"@id\":\"https:\\\/\\\/www.eldiario.net\\\/portal\\\/#organization\"},\"image\":{\"@id\":\"https:\\\/\\\/www.eldiario.net\\\/portal\\\/2026\\\/08\\\/09\\\/frente-frio-afectara-a-cinco-regiones\\\/#primaryimage\"},\"thumbnailUrl\":\"https:\\\/\\\/www.eldiario.net\\\/portal\\\/wp-content\\\/uploads\\\/2026\\\/08\\\/Frio-El-Mundo.webp\",\"articleSection\":[\"Portada\"],\"inLanguage\":\"es\"},{\"@type\":\"WebPage\",\"@id\":\"https:\\\/\\\/www.eldiario.net\\\/portal\\\/2026\\\/08\\\/09\\\/frente-frio-afectara-a-cinco-regiones\\\/\",\"url\":\"https:\\\/\\\/www.eldiario.net\\\/portal\\\/2026\\\/08\\\/09\\\/frente-frio-afectara-a-cinco-regiones\\\/\",\"name\":\"Frente fr\u00edo afectar\u00e1 a cinco regiones - El Diario - Bolivia\",\"isPartOf\":{\"@id\":\"https:\\\/\\\/www.eldiario.net\\\/portal\\\/#website\"},\"primaryImageOfPage\":{\"@id\":\"https:\\\/\\\/www.eldiario.net\\\/portal\\\/2026\\\/08\\\/09\\\/frente-frio-afectara-a-cinco-regiones\\\/#primaryimage\"},\"image\":{\"@id\":\"https:\\\/\\\/www.eldiario.net\\\/portal\\\/2026\\\/08\\\/09\\\/frente-frio-afectara-a-cinco-regiones\\\/#primaryimage\"},\"thumbnailUrl\":\"https:\\\/\\\/www.eldiario.net\\\/portal\\\/wp-content\\\/uploads\\\/2026\\\/08\\\/Frio-El-Mundo.webp\",\"datePublished\":\"2026-08-09T10:45:33+00:00\",\"breadcrumb\":{\"@id\":\"https:\\\/\\\/www.eldiario.net\\\/portal\\\/2026\\\/08\\\/09\\\/frente-frio-afectara-a-cinco-regiones\\\/#breadcrumb\"},\"inLanguage\":\"es\",\"potentialAction\":[{\"@type\":\"ReadAction\",\"target\":[\"https:\\\/\\\/www.eldiario.net\\\/portal\\\/2026\\\/08\\\/09\\\/frente-frio-afectara-a-cinco-regiones\\\/\"]}]},{\"@type\":\"ImageObject\",\"inLanguage\":\"es\",\"@id\":\"https:\\\/\\\/www.eldiario.net\\\/portal\\\/2026\\\/08\\\/09\\\/frente-frio-afectara-a-cinco-regiones\\\/#primaryimage\",\"url\":\"https:\\\/\\\/www.eldiario.net\\\/portal\\\/wp-content\\\/uploads\\\/2026\\\/08\\\/Frio-El-Mundo.webp\",\"contentUrl\":\"https:\\\/\\\/www.eldiario.net\\\/portal\\\/wp-content\\\/uploads\\\/2026\\\/08\\\/Frio-El-Mundo.webp\",\"width\":585,\"height\":341,\"caption\":\"Senamhi pronostica ingreso de frente fr\u00edo al pa\u00eds. CR\u00c9DITO: El Mundo\"},{\"@type\":\"BreadcrumbList\",\"@id\":\"https:\\\/\\\/www.eldiario.net\\\/portal\\\/2026\\\/08\\\/09\\\/frente-frio-afectara-a-cinco-regiones\\\/#breadcrumb\",\"itemListElement\":[{\"@type\":\"ListItem\",\"position\":1,\"name\":\"Portada\",\"item\":\"https:\\\/\\\/www.eldiario.net\\\/portal\\\/\"},{\"@type\":\"ListItem\",\"position\":2,\"name\":\"Frente fr\u00edo afectar\u00e1 a cinco regiones\"}]},{\"@type\":\"WebSite\",\"@id\":\"https:\\\/\\\/www.eldiario.net\\\/portal\\\/#website\",\"url\":\"https:\\\/\\\/www.eldiario.net\\\/portal\\\/\",\"name\":\"El Diario - Decano de la prensa nacional\",\"description\":\"El Diario - Decano de la prensa nacional\",\"publisher\":{\"@id\":\"https:\\\/\\\/www.eldiario.net\\\/portal\\\/#organization\"},\"potentialAction\":[{\"@type\":\"SearchAction\",\"target\":{\"@type\":\"EntryPoint\",\"urlTemplate\":\"https:\\\/\\\/www.eldiario.net\\\/portal\\\/?s={search_term_string}\"},\"query-input\":{\"@type\":\"PropertyValueSpecification\",\"valueRequired\":true,\"valueName\":\"search_term_string\"}}],\"inLanguage\":\"es\"},{\"@type\":\"Organization\",\"@id\":\"https:\\\/\\\/www.eldiario.net\\\/portal\\\/#organization\",\"name\":\"El Diario - Decano de la prensa nacional\",\"url\":\"https:\\\/\\\/www.eldiario.net\\\/portal\\\/\",\"logo\":{\"@type\":\"ImageObject\",\"inLanguage\":\"es\",\"@id\":\"https:\\\/\\\/www.eldiario.net\\\/portal\\\/#\\\/schema\\\/logo\\\/image\\\/\",\"url\":\"https:\\\/\\\/www.eldiario.net\\\/portal\\\/wp-content\\\/uploads\\\/2023\\\/07\\\/logo_ED.jpg\",\"contentUrl\":\"https:\\\/\\\/www.eldiario.net\\\/portal\\\/wp-content\\\/uploads\\\/2023\\\/07\\\/logo_ED.jpg\",\"width\":272,\"height\":52,\"caption\":\"El Diario - Decano de la prensa nacional\"},\"image\":{\"@id\":\"https:\\\/\\\/www.eldiario.net\\\/portal\\\/#\\\/schema\\\/logo\\\/image\\\/\"},\"sameAs\":[\"https:\\\/\\\/www.facebook.com\\\/eldiario.bolivia\\\/\",\"https:\\\/\\\/x.com\\\/eldiario_net\"]},{\"@type\":\"Person\",\"@id\":\"https:\\\/\\\/www.eldiario.net\\\/portal\\\/#\\\/schema\\\/person\\\/f46445640444750d7d753ccd04ae01b7\",\"name\":\"Jeanette\",\"image\":{\"@type\":\"ImageObject\",\"inLanguage\":\"es\",\"@id\":\"https:\\\/\\\/secure.gravatar.com\\\/avatar\\\/3ea2118a5f7dad2b7138b1187a6b7ee55f160b9968b66013c3a3ef39dd7e5798?s=96&d=mm&r=g\",\"url\":\"https:\\\/\\\/secure.gravatar.com\\\/avatar\\\/3ea2118a5f7dad2b7138b1187a6b7ee55f160b9968b66013c3a3ef39dd7e5798?s=96&d=mm&r=g\",\"contentUrl\":\"https:\\\/\\\/secure.gravatar.com\\\/avatar\\\/3ea2118a5f7dad2b7138b1187a6b7ee55f160b9968b66013c3a3ef39dd7e5798?s=96&d=mm&r=g\",\"caption\":\"Jeanette\"},\"sameAs\":[\"https:\\\/\\\/www.eldiario.net\\\/portal\"],\"url\":\"https:\\\/\\\/www.eldiario.net\\\/portal\\\/author\\\/jeanette\\\/\"}]}<\/script>\n<!-- \/ Yoast SEO plugin. -->","yoast_head_json":{"title":"Frente fr\u00edo afectar\u00e1 a cinco regiones - El Diario - Bolivia","robots":{"index":"index","follow":"follow","max-snippet":"max-snippet:-1","max-image-preview":"max-image-preview:large","max-video-preview":"max-video-preview:-1"},"canonical":"https:\/\/www.eldiario.net\/portal\/2026\/08\/09\/frente-frio-afectara-a-cinco-regiones\/","og_locale":"es_ES","og_type":"article","og_title":"Frente fr\u00edo afectar\u00e1 a cinco regiones - El Diario - Bolivia","og_description":"El Servicio Nacional de Meteorolog\u00eda e Hidrolog\u00eda (Senamhi) inform\u00f3 sobre el descenso brusco de temperaturas en los departamentos de Cochabamba, Tarija, Santa Cruz, Beni y Chuquisaca desde hoy de agosto, por lo que emiti\u00f3 una alerta naranja. De acuerdo con los datos de la instituci\u00f3n, el ingreso de este frente fr\u00edo al territorio boliviano ocasionar\u00e1 [&hellip;]","og_url":"https:\/\/www.eldiario.net\/portal\/2026\/08\/09\/frente-frio-afectara-a-cinco-regiones\/","og_site_name":"El Diario - Bolivia","article_publisher":"https:\/\/www.facebook.com\/eldiario.bolivia\/","article_published_time":"2026-08-09T10:45:33+00:00","og_image":[{"width":585,"height":341,"url":"https:\/\/www.eldiario.net\/portal\/wp-content\/uploads\/2026\/08\/Frio-El-Mundo.webp","type":"image\/webp"}],"author":"Jeanette","twitter_card":"summary_large_image","twitter_creator":"@eldiario_net","twitter_site":"@eldiario_net","twitter_misc":{"Escrito por":"Jeanette","Tiempo de lectura":"2 minutos"},"schema":{"@context":"https:\/\/schema.org","@graph":[{"@type":"Article","@id":"https:\/\/www.eldiario.net\/portal\/2026\/08\/09\/frente-frio-afectara-a-cinco-regiones\/#article","isPartOf":{"@id":"https:\/\/www.eldiario.net\/portal\/2026\/08\/09\/frente-frio-afectara-a-cinco-regiones\/"},"author":{"name":"Jeanette","@id":"https:\/\/www.eldiario.net\/portal\/#\/schema\/person\/f46445640444750d7d753ccd04ae01b7"},"headline":"Frente fr\u00edo afectar\u00e1 a cinco regiones","datePublished":"2026-08-09T10:45:33+00:00","mainEntityOfPage":{"@id":"https:\/\/www.eldiario.net\/portal\/2026\/08\/09\/frente-frio-afectara-a-cinco-regiones\/"},"wordCount":313,"publisher":{"@id":"https:\/\/www.eldiario.net\/portal\/#organization"},"image":{"@id":"https:\/\/www.eldiario.net\/portal\/2026\/08\/09\/frente-frio-afectara-a-cinco-regiones\/#primaryimage"},"thumbnailUrl":"https:\/\/www.eldiario.net\/portal\/wp-content\/uploads\/2026\/08\/Frio-El-Mundo.webp","articleSection":["Portada"],"inLanguage":"es"},{"@type":"WebPage","@id":"https:\/\/www.eldiario.net\/portal\/2026\/08\/09\/frente-frio-afectara-a-cinco-regiones\/","url":"https:\/\/www.eldiario.net\/portal\/2026\/08\/09\/frente-frio-afectara-a-cinco-regiones\/","name":"Frente fr\u00edo afectar\u00e1 a cinco regiones - El Diario - Bolivia","isPartOf":{"@id":"https:\/\/www.eldiario.net\/portal\/#website"},"primaryImageOfPage":{"@id":"https:\/\/www.eldiario.net\/portal\/2026\/08\/09\/frente-frio-afectara-a-cinco-regiones\/#primaryimage"},"image":{"@id":"https:\/\/www.eldiario.net\/portal\/2026\/08\/09\/frente-frio-afectara-a-cinco-regiones\/#primaryimage"},"thumbnailUrl":"https:\/\/www.eldiario.net\/portal\/wp-content\/uploads\/2026\/08\/Frio-El-Mundo.webp","datePublished":"2026-08-09T10:45:33+00:00","breadcrumb":{"@id":"https:\/\/www.eldiario.net\/portal\/2026\/08\/09\/frente-frio-afectara-a-cinco-regiones\/#breadcrumb"},"inLanguage":"es","potentialAction":[{"@type":"ReadAction","target":["https:\/\/www.eldiario.net\/portal\/2026\/08\/09\/frente-frio-afectara-a-cinco-regiones\/"]}]},{"@type":"ImageObject","inLanguage":"es","@id":"https:\/\/www.eldiario.net\/portal\/2026\/08\/09\/frente-frio-afectara-a-cinco-regiones\/#primaryimage","url":"https:\/\/www.eldiario.net\/portal\/wp-content\/uploads\/2026\/08\/Frio-El-Mundo.webp","contentUrl":"https:\/\/www.eldiario.net\/portal\/wp-content\/uploads\/2026\/08\/Frio-El-Mundo.webp","width":585,"height":341,"caption":"Senamhi pronostica ingreso de frente fr\u00edo al pa\u00eds. CR\u00c9DITO: El Mundo"},{"@type":"BreadcrumbList","@id":"https:\/\/www.eldiario.net\/portal\/2026\/08\/09\/frente-frio-afectara-a-cinco-regiones\/#breadcrumb","itemListElement":[{"@type":"ListItem","position":1,"name":"Portada","item":"https:\/\/www.eldiario.net\/portal\/"},{"@type":"ListItem","position":2,"name":"Frente fr\u00edo afectar\u00e1 a cinco regiones"}]},{"@type":"WebSite","@id":"https:\/\/www.eldiario.net\/portal\/#website","url":"https:\/\/www.eldiario.net\/portal\/","name":"El Diario - Decano de la prensa nacional","description":"El Diario - Decano de la prensa nacional","publisher":{"@id":"https:\/\/www.eldiario.net\/portal\/#organization"},"potentialAction":[{"@type":"SearchAction","target":{"@type":"EntryPoint","urlTemplate":"https:\/\/www.eldiario.net\/portal\/?s={search_term_string}"},"query-input":{"@type":"PropertyValueSpecification","valueRequired":true,"valueName":"search_term_string"}}],"inLanguage":"es"},{"@type":"Organization","@id":"https:\/\/www.eldiario.net\/portal\/#organization","name":"El Diario - Decano de la prensa nacional","url":"https:\/\/www.eldiario.net\/portal\/","logo":{"@type":"ImageObject","inLanguage":"es","@id":"https:\/\/www.eldiario.net\/portal\/#\/schema\/logo\/image\/","url":"https:\/\/www.eldiario.net\/portal\/wp-content\/uploads\/2023\/07\/logo_ED.jpg","contentUrl":"https:\/\/www.eldiario.net\/portal\/wp-content\/uploads\/2023\/07\/logo_ED.jpg","width":272,"height":52,"caption":"El Diario - Decano de la prensa nacional"},"image":{"@id":"https:\/\/www.eldiario.net\/portal\/#\/schema\/logo\/image\/"},"sameAs":["https:\/\/www.facebook.com\/eldiario.bolivia\/","https:\/\/x.com\/eldiario_net"]},{"@type":"Person","@id":"https:\/\/www.eldiario.net\/portal\/#\/schema\/person\/f46445640444750d7d753ccd04ae01b7","name":"Jeanette","image":{"@type":"ImageObject","inLanguage":"es","@id":"https:\/\/secure.gravatar.com\/avatar\/3ea2118a5f7dad2b7138b1187a6b7ee55f160b9968b66013c3a3ef39dd7e5798?s=96&d=mm&r=g","url":"https:\/\/secure.gravatar.com\/avatar\/3ea2118a5f7dad2b7138b1187a6b7ee55f160b9968b66013c3a3ef39dd7e5798?s=96&d=mm&r=g","contentUrl":"https:\/\/secure.gravatar.com\/avatar\/3ea2118a5f7dad2b7138b1187a6b7ee55f160b9968b66013c3a3ef39dd7e5798?s=96&d=mm&r=g","caption":"Jeanette"},"sameAs":["https:\/\/www.eldiario.net\/portal"],"url":"https:\/\/www.eldiario.net\/portal\/author\/jeanette\/"}]}},"_links":{"self":[{"href":"https:\/\/www.eldiario.net\/portal\/wp-json\/wp\/v2\/posts\/419709","targetHints":{"allow":["GET"]}}],"collection":[{"href":"https:\/\/www.eldiario.net\/portal\/wp-json\/wp\/v2\/posts"}],"about":[{"href":"https:\/\/www.eldiario.net\/portal\/wp-json\/wp\/v2\/types\/post"}],"author":[{"embeddable":true,"href":"https:\/\/www.eldiario.net\/portal\/wp-json\/wp\/v2\/users\/1"}],"replies":[{"embeddable":true,"href":"https:\/\/www.eldiario.net\/portal\/wp-json\/wp\/v2\/comments?post=419709"}],"version-history":[{"count":1,"href":"https:\/\/www.eldiario.net\/portal\/wp-json\/wp\/v2\/posts\/419709\/revisions"}],"predecessor-version":[{"id":419711,"href":"https:\/\/www.eldiario.net\/portal\/wp-json\/wp\/v2\/posts\/419709\/revisions\/419711"}],"wp:featuredmedia":[{"embeddable":true,"href":"https:\/\/www.eldiario.net\/portal\/wp-json\/wp\/v2\/media\/419710"}],"wp:attachment":[{"href":"https:\/\/www.eldiario.net\/portal\/wp-json\/wp\/v2\/media?parent=419709"}],"wp:term":[{"taxonomy":"category","embeddable":true,"href":"https:\/\/www.eldiario.net\/portal\/wp-json\/wp\/v2\/categories?post=419709"},{"taxonomy":"post_tag","embeddable":true,"href":"https:\/\/www.eldiario.net\/portal\/wp-json\/wp\/v2\/tags?post=419709"}],"curies":[{"name":"wp","href":"https:\/\/api.w.org\/{rel}","templated":true}]}}