{"id":419657,"date":"2026-08-08T07:42:18","date_gmt":"2026-08-08T11:42:18","guid":{"rendered":"https:\/\/www.eldiario.net\/portal\/?p=419657"},"modified":"2026-08-08T07:42:18","modified_gmt":"2026-08-08T11:42:18","slug":"juicio-por-el-bloqueo-de-los-53-dias","status":"publish","type":"post","link":"https:\/\/www.eldiario.net\/portal\/2026\/08\/08\/juicio-por-el-bloqueo-de-los-53-dias\/","title":{"rendered":"Juicio por el bloqueo de los 53 d\u00edas"},"content":{"rendered":"<p>Hay acontecimientos que no concluyen cuando se levantan las barricadas. Permanecen en la memoria de los pueblos como una deuda pendiente, esperando que la verdad y la justicia lleguen alg\u00fan d\u00eda para cerrar heridas que el tiempo, por s\u00ed solo, nunca consigue cicatrizar.<br \/>\nLos 53 d\u00edas de bloqueo, marcaron uno de esos episodios. Mientras el pa\u00eds se paralizaba, hubo tres actores principales: los bloqueadores, el gobierno central y el pueblo. Este \u00faltimo, un actor inocente, silencioso y desamparado, que no ten\u00eda velas en este entierro. Millones de ciudadanos quedaron atrapados entre decisiones ajenas, soportando la incertidumbre, el desabastecimiento, la p\u00e9rdida de empleos, el temor y el deterioro de una econom\u00eda ya profundamente debilitada.<br \/>\nLas sociedades democr\u00e1ticas, no pueden construir su futuro sobre el olvido. Cuando hechos de semejante magnitud quedan sin esclarecimiento, el mensaje que recibe la ciudadan\u00eda es que la fuerza puede imponerse sobre el derecho. M\u00e1xime si se toma en cuenta que este bloqueo fue financiado por el narcotr\u00e1fico, como inform\u00f3 el gobierno (ABI 14-05-26). Por eso, el proceso judicial iniciado por el Comit\u00e9 pro Santa Cruz, constituye mucho m\u00e1s que una acci\u00f3n legal: representa el intento de que las instituciones respondan all\u00ed donde la pol\u00edtica fracas\u00f3.<br \/>\nLa justicia tiene ahora una responsabilidad que trasciende a los nombres propios. Corresponder\u00e1 determinar, con independencia y respeto al debido proceso, si existieron responsabilidades penales por las muertes ocurridas durante el conflicto, por los cuantiosos da\u00f1os econ\u00f3micos sufridos por el pa\u00eds, por las afectaciones al libre tr\u00e1nsito y a otros derechos fundamentales, as\u00ed como a lo que el gobierno calific\u00f3 como golpe de Estado fallido (Reduno.com.bo 24-06-26), implicando la vulneraciones al orden constitucional y a los compromisos democr\u00e1ticos asumidos por Bolivia en el \u00e1mbito interamericano, en especial a La Carta Democr\u00e1tica Interamericana de la OEA.<br \/>\nNo se trata de alimentar revanchas ni de prolongar divisiones. Se trata de establecer un principio indispensable para toda Rep\u00fablica: ninguna causa pol\u00edtica puede justificar que una naci\u00f3n entera sea sometida al miedo, a la paralizaci\u00f3n o a la p\u00e9rdida de vidas humanas. Cuando el sufrimiento colectivo deja de tener consecuencias jur\u00eddicas, la impunidad comienza a convertirse en costumbre. No lo debemos aceptar.<br \/>\nBolivia necesita recuperar la confianza en sus instituciones. Necesita demostrar que el camino para resolver las diferencias no pasa por bloquear carreteras, asfixiar la econom\u00eda o enfrentar a los ciudadanos entre s\u00ed, sino por fortalecer el Estado de Derecho. Solo as\u00ed la democracia dejar\u00e1 de ser una consigna, para convertirse en una garant\u00eda efectiva de convivencia.<br \/>\nSi este juicio logra establecer responsabilidades conforme a la ley, su mayor legado no ser\u00e1 una sentencia, sino un precedente. El precedente de que ning\u00fan proyecto pol\u00edtico, por poderoso o abusivo que sea, puede situarse por encima de la vida, de la libertad y de los derechos de los bolivianos.<br \/>\nPorque los pueblos no solo tienen derecho a recordar. Tambi\u00e9n tienen derecho a que la justicia les devuelva la confianza, de que su sufrimiento no fue en vano. Bolivia no puede resignarse, a que los bloqueos se conviertan en un instrumento habitual de presi\u00f3n pol\u00edtica, cuando sus consecuencias recaen sobre quienes menos responsabilidad tienen en los conflictos: los ciudadanos comunes.<br \/>\nPor ello, quienes consideren que este juicio busca defender los derechos de la ciudadan\u00eda, la institucionalidad democr\u00e1tica, y todos aquellos bolivianos que aspiran a que nunca m\u00e1s el pa\u00eds vuelva a vivir una crisis semejante, deben apoyar de forma militante esta trascendental acci\u00f3n legal, adhiri\u00e9ndose al proceso judicial iniciado por el Comit\u00e9.<br \/>\nCuando el dolor colectivo amenaza con convertirse en costumbre, la justicia deja de ser una opci\u00f3n, para transformarse en una necesidad hist\u00f3rica. La justicia tiene ahora la oportunidad de demostrar, que el Estado de Derecho puede imponerse sobre la violencia.<br \/>\nBien por nuestros l\u00edderes c\u00edvicos. La instituci\u00f3n asume la defensa, de quienes durante aquellos d\u00edas quedaron sin voz y sin protecci\u00f3n, frente al atropello de los violentos.<\/p>\n<p>jimiortizsaucedo@gmail.com<\/p>\n","protected":false},"excerpt":{"rendered":"<p>Hay acontecimientos que no concluyen cuando se levantan las barricadas. Permanecen en la memoria de los pueblos como una deuda pendiente, esperando que la verdad y la justicia lleguen alg\u00fan d\u00eda para cerrar heridas que el tiempo, por s\u00ed solo, nunca consigue cicatrizar. Los 53 d\u00edas de bloqueo, marcaron uno de esos episodios. Mientras el [&hellip;]<\/p>\n","protected":false},"author":1,"featured_media":159369,"comment_status":"closed","ping_status":"open","sticky":false,"template":"","format":"standard","meta":{"_acf_changed":false,"footnotes":""},"categories":[9],"tags":[],"class_list":["post-419657","post","type-post","status-publish","format-standard","has-post-thumbnail","category-opinion"],"acf":{"antetitulo":""},"yoast_head":"<!-- This site is optimized with the Yoast SEO plugin v28.3 - https:\/\/yoast.com\/product\/yoast-seo-wordpress\/ -->\n<title>Juicio por el bloqueo de los 53 d\u00edas - El Diario - Bolivia<\/title>\n<meta name=\"robots\" content=\"index, follow, max-snippet:-1, max-image-preview:large, max-video-preview:-1\" \/>\n<link rel=\"canonical\" href=\"https:\/\/www.eldiario.net\/portal\/2026\/08\/08\/juicio-por-el-bloqueo-de-los-53-dias\/\" \/>\n<meta property=\"og:locale\" content=\"es_ES\" \/>\n<meta property=\"og:type\" content=\"article\" \/>\n<meta property=\"og:title\" content=\"Juicio por el bloqueo de los 53 d\u00edas - El Diario - Bolivia\" \/>\n<meta property=\"og:description\" content=\"Hay acontecimientos que no concluyen cuando se levantan las barricadas. Permanecen en la memoria de los pueblos como una deuda pendiente, esperando que la verdad y la justicia lleguen alg\u00fan d\u00eda para cerrar heridas que el tiempo, por s\u00ed solo, nunca consigue cicatrizar. Los 53 d\u00edas de bloqueo, marcaron uno de esos episodios. Mientras el [&hellip;]\" \/>\n<meta property=\"og:url\" content=\"https:\/\/www.eldiario.net\/portal\/2026\/08\/08\/juicio-por-el-bloqueo-de-los-53-dias\/\" \/>\n<meta property=\"og:site_name\" content=\"El Diario - Bolivia\" \/>\n<meta property=\"article:publisher\" content=\"https:\/\/www.facebook.com\/eldiario.bolivia\/\" \/>\n<meta property=\"article:published_time\" content=\"2026-08-08T11:42:18+00:00\" \/>\n<meta property=\"og:image\" content=\"https:\/\/www.eldiario.net\/portal\/wp-content\/uploads\/2023\/06\/Jimmy-Ortiz-Saucedo.jpg\" \/>\n\t<meta property=\"og:image:width\" content=\"1200\" \/>\n\t<meta property=\"og:image:height\" content=\"628\" \/>\n\t<meta property=\"og:image:type\" content=\"image\/jpeg\" \/>\n<meta name=\"author\" content=\"Jeanette\" \/>\n<meta name=\"twitter:card\" content=\"summary_large_image\" \/>\n<meta name=\"twitter:creator\" content=\"@eldiario_net\" \/>\n<meta name=\"twitter:site\" content=\"@eldiario_net\" \/>\n<meta name=\"twitter:label1\" content=\"Escrito por\" \/>\n\t<meta name=\"twitter:data1\" content=\"Jeanette\" \/>\n\t<meta name=\"twitter:label2\" content=\"Tiempo de lectura\" \/>\n\t<meta name=\"twitter:data2\" content=\"4 minutos\" \/>\n<script type=\"application\/ld+json\" class=\"yoast-schema-graph\">{\"@context\":\"https:\\\/\\\/schema.org\",\"@graph\":[{\"@type\":\"Article\",\"@id\":\"https:\\\/\\\/www.eldiario.net\\\/portal\\\/2026\\\/08\\\/08\\\/juicio-por-el-bloqueo-de-los-53-dias\\\/#article\",\"isPartOf\":{\"@id\":\"https:\\\/\\\/www.eldiario.net\\\/portal\\\/2026\\\/08\\\/08\\\/juicio-por-el-bloqueo-de-los-53-dias\\\/\"},\"author\":{\"name\":\"Jeanette\",\"@id\":\"https:\\\/\\\/www.eldiario.net\\\/portal\\\/#\\\/schema\\\/person\\\/f46445640444750d7d753ccd04ae01b7\"},\"headline\":\"Juicio por el bloqueo de los 53 d\u00edas\",\"datePublished\":\"2026-08-08T11:42:18+00:00\",\"mainEntityOfPage\":{\"@id\":\"https:\\\/\\\/www.eldiario.net\\\/portal\\\/2026\\\/08\\\/08\\\/juicio-por-el-bloqueo-de-los-53-dias\\\/\"},\"wordCount\":702,\"publisher\":{\"@id\":\"https:\\\/\\\/www.eldiario.net\\\/portal\\\/#organization\"},\"image\":{\"@id\":\"https:\\\/\\\/www.eldiario.net\\\/portal\\\/2026\\\/08\\\/08\\\/juicio-por-el-bloqueo-de-los-53-dias\\\/#primaryimage\"},\"thumbnailUrl\":\"https:\\\/\\\/www.eldiario.net\\\/portal\\\/wp-content\\\/uploads\\\/2023\\\/06\\\/Jimmy-Ortiz-Saucedo.jpg\",\"articleSection\":[\"Opini\u00f3n\"],\"inLanguage\":\"es\"},{\"@type\":\"WebPage\",\"@id\":\"https:\\\/\\\/www.eldiario.net\\\/portal\\\/2026\\\/08\\\/08\\\/juicio-por-el-bloqueo-de-los-53-dias\\\/\",\"url\":\"https:\\\/\\\/www.eldiario.net\\\/portal\\\/2026\\\/08\\\/08\\\/juicio-por-el-bloqueo-de-los-53-dias\\\/\",\"name\":\"Juicio por el bloqueo de los 53 d\u00edas - El Diario - Bolivia\",\"isPartOf\":{\"@id\":\"https:\\\/\\\/www.eldiario.net\\\/portal\\\/#website\"},\"primaryImageOfPage\":{\"@id\":\"https:\\\/\\\/www.eldiario.net\\\/portal\\\/2026\\\/08\\\/08\\\/juicio-por-el-bloqueo-de-los-53-dias\\\/#primaryimage\"},\"image\":{\"@id\":\"https:\\\/\\\/www.eldiario.net\\\/portal\\\/2026\\\/08\\\/08\\\/juicio-por-el-bloqueo-de-los-53-dias\\\/#primaryimage\"},\"thumbnailUrl\":\"https:\\\/\\\/www.eldiario.net\\\/portal\\\/wp-content\\\/uploads\\\/2023\\\/06\\\/Jimmy-Ortiz-Saucedo.jpg\",\"datePublished\":\"2026-08-08T11:42:18+00:00\",\"breadcrumb\":{\"@id\":\"https:\\\/\\\/www.eldiario.net\\\/portal\\\/2026\\\/08\\\/08\\\/juicio-por-el-bloqueo-de-los-53-dias\\\/#breadcrumb\"},\"inLanguage\":\"es\",\"potentialAction\":[{\"@type\":\"ReadAction\",\"target\":[\"https:\\\/\\\/www.eldiario.net\\\/portal\\\/2026\\\/08\\\/08\\\/juicio-por-el-bloqueo-de-los-53-dias\\\/\"]}]},{\"@type\":\"ImageObject\",\"inLanguage\":\"es\",\"@id\":\"https:\\\/\\\/www.eldiario.net\\\/portal\\\/2026\\\/08\\\/08\\\/juicio-por-el-bloqueo-de-los-53-dias\\\/#primaryimage\",\"url\":\"https:\\\/\\\/www.eldiario.net\\\/portal\\\/wp-content\\\/uploads\\\/2023\\\/06\\\/Jimmy-Ortiz-Saucedo.jpg\",\"contentUrl\":\"https:\\\/\\\/www.eldiario.net\\\/portal\\\/wp-content\\\/uploads\\\/2023\\\/06\\\/Jimmy-Ortiz-Saucedo.jpg\",\"width\":1200,\"height\":628,\"caption\":\"Jimmy Ortiz Saucedo\"},{\"@type\":\"BreadcrumbList\",\"@id\":\"https:\\\/\\\/www.eldiario.net\\\/portal\\\/2026\\\/08\\\/08\\\/juicio-por-el-bloqueo-de-los-53-dias\\\/#breadcrumb\",\"itemListElement\":[{\"@type\":\"ListItem\",\"position\":1,\"name\":\"Portada\",\"item\":\"https:\\\/\\\/www.eldiario.net\\\/portal\\\/\"},{\"@type\":\"ListItem\",\"position\":2,\"name\":\"Juicio por el bloqueo de los 53 d\u00edas\"}]},{\"@type\":\"WebSite\",\"@id\":\"https:\\\/\\\/www.eldiario.net\\\/portal\\\/#website\",\"url\":\"https:\\\/\\\/www.eldiario.net\\\/portal\\\/\",\"name\":\"El Diario - Decano de la prensa nacional\",\"description\":\"El Diario - Decano de la prensa nacional\",\"publisher\":{\"@id\":\"https:\\\/\\\/www.eldiario.net\\\/portal\\\/#organization\"},\"potentialAction\":[{\"@type\":\"SearchAction\",\"target\":{\"@type\":\"EntryPoint\",\"urlTemplate\":\"https:\\\/\\\/www.eldiario.net\\\/portal\\\/?s={search_term_string}\"},\"query-input\":{\"@type\":\"PropertyValueSpecification\",\"valueRequired\":true,\"valueName\":\"search_term_string\"}}],\"inLanguage\":\"es\"},{\"@type\":\"Organization\",\"@id\":\"https:\\\/\\\/www.eldiario.net\\\/portal\\\/#organization\",\"name\":\"El Diario - Decano de la prensa nacional\",\"url\":\"https:\\\/\\\/www.eldiario.net\\\/portal\\\/\",\"logo\":{\"@type\":\"ImageObject\",\"inLanguage\":\"es\",\"@id\":\"https:\\\/\\\/www.eldiario.net\\\/portal\\\/#\\\/schema\\\/logo\\\/image\\\/\",\"url\":\"https:\\\/\\\/www.eldiario.net\\\/portal\\\/wp-content\\\/uploads\\\/2023\\\/07\\\/logo_ED.jpg\",\"contentUrl\":\"https:\\\/\\\/www.eldiario.net\\\/portal\\\/wp-content\\\/uploads\\\/2023\\\/07\\\/logo_ED.jpg\",\"width\":272,\"height\":52,\"caption\":\"El Diario - Decano de la prensa nacional\"},\"image\":{\"@id\":\"https:\\\/\\\/www.eldiario.net\\\/portal\\\/#\\\/schema\\\/logo\\\/image\\\/\"},\"sameAs\":[\"https:\\\/\\\/www.facebook.com\\\/eldiario.bolivia\\\/\",\"https:\\\/\\\/x.com\\\/eldiario_net\"]},{\"@type\":\"Person\",\"@id\":\"https:\\\/\\\/www.eldiario.net\\\/portal\\\/#\\\/schema\\\/person\\\/f46445640444750d7d753ccd04ae01b7\",\"name\":\"Jeanette\",\"image\":{\"@type\":\"ImageObject\",\"inLanguage\":\"es\",\"@id\":\"https:\\\/\\\/secure.gravatar.com\\\/avatar\\\/3ea2118a5f7dad2b7138b1187a6b7ee55f160b9968b66013c3a3ef39dd7e5798?s=96&d=mm&r=g\",\"url\":\"https:\\\/\\\/secure.gravatar.com\\\/avatar\\\/3ea2118a5f7dad2b7138b1187a6b7ee55f160b9968b66013c3a3ef39dd7e5798?s=96&d=mm&r=g\",\"contentUrl\":\"https:\\\/\\\/secure.gravatar.com\\\/avatar\\\/3ea2118a5f7dad2b7138b1187a6b7ee55f160b9968b66013c3a3ef39dd7e5798?s=96&d=mm&r=g\",\"caption\":\"Jeanette\"},\"sameAs\":[\"https:\\\/\\\/www.eldiario.net\\\/portal\"],\"url\":\"https:\\\/\\\/www.eldiario.net\\\/portal\\\/author\\\/jeanette\\\/\"}]}<\/script>\n<!-- \/ Yoast SEO plugin. -->","yoast_head_json":{"title":"Juicio por el bloqueo de los 53 d\u00edas - El Diario - Bolivia","robots":{"index":"index","follow":"follow","max-snippet":"max-snippet:-1","max-image-preview":"max-image-preview:large","max-video-preview":"max-video-preview:-1"},"canonical":"https:\/\/www.eldiario.net\/portal\/2026\/08\/08\/juicio-por-el-bloqueo-de-los-53-dias\/","og_locale":"es_ES","og_type":"article","og_title":"Juicio por el bloqueo de los 53 d\u00edas - El Diario - Bolivia","og_description":"Hay acontecimientos que no concluyen cuando se levantan las barricadas. Permanecen en la memoria de los pueblos como una deuda pendiente, esperando que la verdad y la justicia lleguen alg\u00fan d\u00eda para cerrar heridas que el tiempo, por s\u00ed solo, nunca consigue cicatrizar. Los 53 d\u00edas de bloqueo, marcaron uno de esos episodios. Mientras el [&hellip;]","og_url":"https:\/\/www.eldiario.net\/portal\/2026\/08\/08\/juicio-por-el-bloqueo-de-los-53-dias\/","og_site_name":"El Diario - Bolivia","article_publisher":"https:\/\/www.facebook.com\/eldiario.bolivia\/","article_published_time":"2026-08-08T11:42:18+00:00","og_image":[{"width":1200,"height":628,"url":"https:\/\/www.eldiario.net\/portal\/wp-content\/uploads\/2023\/06\/Jimmy-Ortiz-Saucedo.jpg","type":"image\/jpeg"}],"author":"Jeanette","twitter_card":"summary_large_image","twitter_creator":"@eldiario_net","twitter_site":"@eldiario_net","twitter_misc":{"Escrito por":"Jeanette","Tiempo de lectura":"4 minutos"},"schema":{"@context":"https:\/\/schema.org","@graph":[{"@type":"Article","@id":"https:\/\/www.eldiario.net\/portal\/2026\/08\/08\/juicio-por-el-bloqueo-de-los-53-dias\/#article","isPartOf":{"@id":"https:\/\/www.eldiario.net\/portal\/2026\/08\/08\/juicio-por-el-bloqueo-de-los-53-dias\/"},"author":{"name":"Jeanette","@id":"https:\/\/www.eldiario.net\/portal\/#\/schema\/person\/f46445640444750d7d753ccd04ae01b7"},"headline":"Juicio por el bloqueo de los 53 d\u00edas","datePublished":"2026-08-08T11:42:18+00:00","mainEntityOfPage":{"@id":"https:\/\/www.eldiario.net\/portal\/2026\/08\/08\/juicio-por-el-bloqueo-de-los-53-dias\/"},"wordCount":702,"publisher":{"@id":"https:\/\/www.eldiario.net\/portal\/#organization"},"image":{"@id":"https:\/\/www.eldiario.net\/portal\/2026\/08\/08\/juicio-por-el-bloqueo-de-los-53-dias\/#primaryimage"},"thumbnailUrl":"https:\/\/www.eldiario.net\/portal\/wp-content\/uploads\/2023\/06\/Jimmy-Ortiz-Saucedo.jpg","articleSection":["Opini\u00f3n"],"inLanguage":"es"},{"@type":"WebPage","@id":"https:\/\/www.eldiario.net\/portal\/2026\/08\/08\/juicio-por-el-bloqueo-de-los-53-dias\/","url":"https:\/\/www.eldiario.net\/portal\/2026\/08\/08\/juicio-por-el-bloqueo-de-los-53-dias\/","name":"Juicio por el bloqueo de los 53 d\u00edas - El Diario - Bolivia","isPartOf":{"@id":"https:\/\/www.eldiario.net\/portal\/#website"},"primaryImageOfPage":{"@id":"https:\/\/www.eldiario.net\/portal\/2026\/08\/08\/juicio-por-el-bloqueo-de-los-53-dias\/#primaryimage"},"image":{"@id":"https:\/\/www.eldiario.net\/portal\/2026\/08\/08\/juicio-por-el-bloqueo-de-los-53-dias\/#primaryimage"},"thumbnailUrl":"https:\/\/www.eldiario.net\/portal\/wp-content\/uploads\/2023\/06\/Jimmy-Ortiz-Saucedo.jpg","datePublished":"2026-08-08T11:42:18+00:00","breadcrumb":{"@id":"https:\/\/www.eldiario.net\/portal\/2026\/08\/08\/juicio-por-el-bloqueo-de-los-53-dias\/#breadcrumb"},"inLanguage":"es","potentialAction":[{"@type":"ReadAction","target":["https:\/\/www.eldiario.net\/portal\/2026\/08\/08\/juicio-por-el-bloqueo-de-los-53-dias\/"]}]},{"@type":"ImageObject","inLanguage":"es","@id":"https:\/\/www.eldiario.net\/portal\/2026\/08\/08\/juicio-por-el-bloqueo-de-los-53-dias\/#primaryimage","url":"https:\/\/www.eldiario.net\/portal\/wp-content\/uploads\/2023\/06\/Jimmy-Ortiz-Saucedo.jpg","contentUrl":"https:\/\/www.eldiario.net\/portal\/wp-content\/uploads\/2023\/06\/Jimmy-Ortiz-Saucedo.jpg","width":1200,"height":628,"caption":"Jimmy Ortiz Saucedo"},{"@type":"BreadcrumbList","@id":"https:\/\/www.eldiario.net\/portal\/2026\/08\/08\/juicio-por-el-bloqueo-de-los-53-dias\/#breadcrumb","itemListElement":[{"@type":"ListItem","position":1,"name":"Portada","item":"https:\/\/www.eldiario.net\/portal\/"},{"@type":"ListItem","position":2,"name":"Juicio por el bloqueo de los 53 d\u00edas"}]},{"@type":"WebSite","@id":"https:\/\/www.eldiario.net\/portal\/#website","url":"https:\/\/www.eldiario.net\/portal\/","name":"El Diario - Decano de la prensa nacional","description":"El Diario - Decano de la prensa nacional","publisher":{"@id":"https:\/\/www.eldiario.net\/portal\/#organization"},"potentialAction":[{"@type":"SearchAction","target":{"@type":"EntryPoint","urlTemplate":"https:\/\/www.eldiario.net\/portal\/?s={search_term_string}"},"query-input":{"@type":"PropertyValueSpecification","valueRequired":true,"valueName":"search_term_string"}}],"inLanguage":"es"},{"@type":"Organization","@id":"https:\/\/www.eldiario.net\/portal\/#organization","name":"El Diario - Decano de la prensa nacional","url":"https:\/\/www.eldiario.net\/portal\/","logo":{"@type":"ImageObject","inLanguage":"es","@id":"https:\/\/www.eldiario.net\/portal\/#\/schema\/logo\/image\/","url":"https:\/\/www.eldiario.net\/portal\/wp-content\/uploads\/2023\/07\/logo_ED.jpg","contentUrl":"https:\/\/www.eldiario.net\/portal\/wp-content\/uploads\/2023\/07\/logo_ED.jpg","width":272,"height":52,"caption":"El Diario - Decano de la prensa nacional"},"image":{"@id":"https:\/\/www.eldiario.net\/portal\/#\/schema\/logo\/image\/"},"sameAs":["https:\/\/www.facebook.com\/eldiario.bolivia\/","https:\/\/x.com\/eldiario_net"]},{"@type":"Person","@id":"https:\/\/www.eldiario.net\/portal\/#\/schema\/person\/f46445640444750d7d753ccd04ae01b7","name":"Jeanette","image":{"@type":"ImageObject","inLanguage":"es","@id":"https:\/\/secure.gravatar.com\/avatar\/3ea2118a5f7dad2b7138b1187a6b7ee55f160b9968b66013c3a3ef39dd7e5798?s=96&d=mm&r=g","url":"https:\/\/secure.gravatar.com\/avatar\/3ea2118a5f7dad2b7138b1187a6b7ee55f160b9968b66013c3a3ef39dd7e5798?s=96&d=mm&r=g","contentUrl":"https:\/\/secure.gravatar.com\/avatar\/3ea2118a5f7dad2b7138b1187a6b7ee55f160b9968b66013c3a3ef39dd7e5798?s=96&d=mm&r=g","caption":"Jeanette"},"sameAs":["https:\/\/www.eldiario.net\/portal"],"url":"https:\/\/www.eldiario.net\/portal\/author\/jeanette\/"}]}},"_links":{"self":[{"href":"https:\/\/www.eldiario.net\/portal\/wp-json\/wp\/v2\/posts\/419657","targetHints":{"allow":["GET"]}}],"collection":[{"href":"https:\/\/www.eldiario.net\/portal\/wp-json\/wp\/v2\/posts"}],"about":[{"href":"https:\/\/www.eldiario.net\/portal\/wp-json\/wp\/v2\/types\/post"}],"author":[{"embeddable":true,"href":"https:\/\/www.eldiario.net\/portal\/wp-json\/wp\/v2\/users\/1"}],"replies":[{"embeddable":true,"href":"https:\/\/www.eldiario.net\/portal\/wp-json\/wp\/v2\/comments?post=419657"}],"version-history":[{"count":1,"href":"https:\/\/www.eldiario.net\/portal\/wp-json\/wp\/v2\/posts\/419657\/revisions"}],"predecessor-version":[{"id":419658,"href":"https:\/\/www.eldiario.net\/portal\/wp-json\/wp\/v2\/posts\/419657\/revisions\/419658"}],"wp:featuredmedia":[{"embeddable":true,"href":"https:\/\/www.eldiario.net\/portal\/wp-json\/wp\/v2\/media\/159369"}],"wp:attachment":[{"href":"https:\/\/www.eldiario.net\/portal\/wp-json\/wp\/v2\/media?parent=419657"}],"wp:term":[{"taxonomy":"category","embeddable":true,"href":"https:\/\/www.eldiario.net\/portal\/wp-json\/wp\/v2\/categories?post=419657"},{"taxonomy":"post_tag","embeddable":true,"href":"https:\/\/www.eldiario.net\/portal\/wp-json\/wp\/v2\/tags?post=419657"}],"curies":[{"name":"wp","href":"https:\/\/api.w.org\/{rel}","templated":true}]}}