{"id":419596,"date":"2026-08-08T07:23:19","date_gmt":"2026-08-08T11:23:19","guid":{"rendered":"https:\/\/www.eldiario.net\/portal\/?p=419596"},"modified":"2026-08-08T07:23:19","modified_gmt":"2026-08-08T11:23:19","slug":"espana-e-italia-chocan-por-controles-fronterizos","status":"publish","type":"post","link":"https:\/\/www.eldiario.net\/portal\/2026\/08\/08\/espana-e-italia-chocan-por-controles-fronterizos\/","title":{"rendered":"Espa\u00f1a e Italia chocan por controles fronterizos"},"content":{"rendered":"<p>El Gobierno inst\u00f3 ayer a Italia para \u201cque rectifique\u201d y ponga fin a los controles de circulaci\u00f3n de viajeros procedentes de Espa\u00f1a anunciados hace una semana en respuesta a la llegada masiva de migrantes a Ceuta. Una medida que el Ejecutivo de Pedro S\u00e1nchez considera \u201cinjusta, contraria a los intereses de la UE, y discriminatoria para la poblaci\u00f3n espa\u00f1ola\u201d.<br \/>\nDesde Colombia, en declaraciones a los medios, el ministro de Asuntos Exteriores, Jos\u00e9 Manuel Albares, elev\u00f3 el tono de la protesta calificando la decisi\u00f3n de Roma como \u201cinjusta e injustificable\u201d. Seg\u00fan el ministro, esta medida \u201cse dirige y ataca a la dignidad de los espa\u00f1oles, pero tambi\u00e9n a la unidad de Europa\u201d, llegando a definirla como un \u201ctorpedo en la l\u00ednea de flotaci\u00f3n de la Unidad Europea\u201d.<br \/>\nAlbares insisti\u00f3 en que \u201cno hay ning\u00fan motivo para introducir estas medidas\u201d, ya que los movimientos secundarios de migrantes de Espa\u00f1a hacia Italia son \u201cpr\u00e1cticamente cero\u201d.<br \/>\nLa respuesta del Ejecutivo de Giorgia Meloni no se ha hecho esperar. Seg\u00fan informa un teletipo de la agencia Reuters, el gobierno italiano asegur\u00f3 que no ceder\u00e1 ante \u201cultim\u00e1tums o imposiciones\u201d de Espa\u00f1a.<br \/>\nEn un comunicado oficial recogido por la citada agencia, Italia confirma que mantendr\u00e1 los controles fronterizos sobre las llegadas desde Espa\u00f1a \u201chasta al menos el 15 de agosto\u201d. Roma advirti\u00f3 que solo reconsiderar\u00e1 su postura cuando tenga la certeza de que no existen \u201criesgos de seguridad o terrorismo, ni una nueva oleada migratoria\u201d hacia territorio europeo.<br \/>\nEl Gobierno pidi\u00f3 ayer a Italia para \u201cque rectifique\u201d y ponga fin a los controles de circulaci\u00f3n de viajeros procedentes de Espa\u00f1a anunciados hace una semana en respuesta a la llegada masiva de migrantes a Ceuta. Una medida que Pedro S\u00e1nchez considera \u201cinjusta, contraria a los intereses de la UE, y discriminatoria para la poblaci\u00f3n espa\u00f1ola\u201d.<br \/>\nDesde Colombia, en declaraciones a los medios, el ministro de Asuntos Exteriores, Jos\u00e9 Manuel Albares, ha elevado el tono de la protesta calificando la decisi\u00f3n de Roma como \u201cinjusta e injustificable\u201d. Seg\u00fan el ministro, esta medida \u201cse dirige y ataca a la dignidad de los espa\u00f1oles, pero tambi\u00e9n a la unidad de Europa\u201d, llegando a definirla como un \u201ctorpedo en la l\u00ednea de flotaci\u00f3n de la Unidad Europea\u201d.<br \/>\nAlbares remarc\u00f3 en que \u201cno hay ning\u00fan motivo para introducir estas medidas\u201d, ya que los movimientos secundarios de migrantes de Espa\u00f1a hacia Italia son \u201cpr\u00e1cticamente cero\u201d.<br \/>\nSin embargo, la respuesta del Ejecutivo de Giorgia Meloni no se ha hecho esperar. Seg\u00fan informa un teletipo de la agencia Reuters, el gobierno italiano ha asegurado que no ceder\u00e1 ante \u201cultim\u00e1tums o imposiciones\u201d de Espa\u00f1a.<br \/>\nEn un comunicado oficial recogido por la citada agencia, Italia confirma que mantendr\u00e1 los controles fronterizos sobre las llegadas desde Espa\u00f1a \u201chasta al menos el 15 de agosto\u201d. Roma ha advertido que solo reconsiderar\u00e1 su postura cuando tenga la certeza de que no existen \u201criesgos de seguridad o terrorismo, ni una nueva oleada migratoria\u201d hacia territorio europeo. (RTVE)<\/p>\n","protected":false},"excerpt":{"rendered":"<p>El Gobierno inst\u00f3 ayer a Italia para \u201cque rectifique\u201d y ponga fin a los controles de circulaci\u00f3n de viajeros procedentes de Espa\u00f1a anunciados hace una semana en respuesta a la llegada masiva de migrantes a Ceuta. Una medida que el Ejecutivo de Pedro S\u00e1nchez considera \u201cinjusta, contraria a los intereses de la UE, y discriminatoria [&hellip;]<\/p>\n","protected":false},"author":1,"featured_media":194703,"comment_status":"closed","ping_status":"open","sticky":false,"template":"","format":"standard","meta":{"_acf_changed":false,"footnotes":""},"categories":[3],"tags":[],"class_list":["post-419596","post","type-post","status-publish","format-standard","has-post-thumbnail","category-internacional"],"acf":{"antetitulo":""},"yoast_head":"<!-- This site is optimized with the Yoast SEO plugin v28.3 - https:\/\/yoast.com\/product\/yoast-seo-wordpress\/ -->\n<title>Espa\u00f1a e Italia chocan por controles fronterizos - El Diario - Bolivia<\/title>\n<meta name=\"robots\" content=\"index, follow, max-snippet:-1, max-image-preview:large, max-video-preview:-1\" \/>\n<link rel=\"canonical\" href=\"https:\/\/www.eldiario.net\/portal\/2026\/08\/08\/espana-e-italia-chocan-por-controles-fronterizos\/\" \/>\n<meta property=\"og:locale\" content=\"es_ES\" \/>\n<meta property=\"og:type\" content=\"article\" \/>\n<meta property=\"og:title\" content=\"Espa\u00f1a e Italia chocan por controles fronterizos - El Diario - Bolivia\" \/>\n<meta property=\"og:description\" content=\"El Gobierno inst\u00f3 ayer a Italia para \u201cque rectifique\u201d y ponga fin a los controles de circulaci\u00f3n de viajeros procedentes de Espa\u00f1a anunciados hace una semana en respuesta a la llegada masiva de migrantes a Ceuta. Una medida que el Ejecutivo de Pedro S\u00e1nchez considera \u201cinjusta, contraria a los intereses de la UE, y discriminatoria [&hellip;]\" \/>\n<meta property=\"og:url\" content=\"https:\/\/www.eldiario.net\/portal\/2026\/08\/08\/espana-e-italia-chocan-por-controles-fronterizos\/\" \/>\n<meta property=\"og:site_name\" content=\"El Diario - Bolivia\" \/>\n<meta property=\"article:publisher\" content=\"https:\/\/www.facebook.com\/eldiario.bolivia\/\" \/>\n<meta property=\"article:published_time\" content=\"2026-08-08T11:23:19+00:00\" \/>\n<meta property=\"og:image\" content=\"https:\/\/www.eldiario.net\/portal\/wp-content\/uploads\/2023\/12\/Internacional.jpg\" \/>\n\t<meta property=\"og:image:width\" content=\"800\" \/>\n\t<meta property=\"og:image:height\" content=\"500\" \/>\n\t<meta property=\"og:image:type\" content=\"image\/jpeg\" \/>\n<meta name=\"author\" content=\"Jeanette\" \/>\n<meta name=\"twitter:card\" content=\"summary_large_image\" \/>\n<meta name=\"twitter:creator\" content=\"@eldiario_net\" \/>\n<meta name=\"twitter:site\" content=\"@eldiario_net\" \/>\n<meta name=\"twitter:label1\" content=\"Escrito por\" \/>\n\t<meta name=\"twitter:data1\" content=\"Jeanette\" \/>\n\t<meta name=\"twitter:label2\" content=\"Tiempo de lectura\" \/>\n\t<meta name=\"twitter:data2\" content=\"3 minutos\" \/>\n<script type=\"application\/ld+json\" class=\"yoast-schema-graph\">{\"@context\":\"https:\\\/\\\/schema.org\",\"@graph\":[{\"@type\":\"Article\",\"@id\":\"https:\\\/\\\/www.eldiario.net\\\/portal\\\/2026\\\/08\\\/08\\\/espana-e-italia-chocan-por-controles-fronterizos\\\/#article\",\"isPartOf\":{\"@id\":\"https:\\\/\\\/www.eldiario.net\\\/portal\\\/2026\\\/08\\\/08\\\/espana-e-italia-chocan-por-controles-fronterizos\\\/\"},\"author\":{\"name\":\"Jeanette\",\"@id\":\"https:\\\/\\\/www.eldiario.net\\\/portal\\\/#\\\/schema\\\/person\\\/f46445640444750d7d753ccd04ae01b7\"},\"headline\":\"Espa\u00f1a e Italia chocan por controles fronterizos\",\"datePublished\":\"2026-08-08T11:23:19+00:00\",\"mainEntityOfPage\":{\"@id\":\"https:\\\/\\\/www.eldiario.net\\\/portal\\\/2026\\\/08\\\/08\\\/espana-e-italia-chocan-por-controles-fronterizos\\\/\"},\"wordCount\":527,\"publisher\":{\"@id\":\"https:\\\/\\\/www.eldiario.net\\\/portal\\\/#organization\"},\"image\":{\"@id\":\"https:\\\/\\\/www.eldiario.net\\\/portal\\\/2026\\\/08\\\/08\\\/espana-e-italia-chocan-por-controles-fronterizos\\\/#primaryimage\"},\"thumbnailUrl\":\"https:\\\/\\\/www.eldiario.net\\\/portal\\\/wp-content\\\/uploads\\\/2023\\\/12\\\/Internacional.jpg\",\"articleSection\":[\"Internacional\"],\"inLanguage\":\"es\"},{\"@type\":\"WebPage\",\"@id\":\"https:\\\/\\\/www.eldiario.net\\\/portal\\\/2026\\\/08\\\/08\\\/espana-e-italia-chocan-por-controles-fronterizos\\\/\",\"url\":\"https:\\\/\\\/www.eldiario.net\\\/portal\\\/2026\\\/08\\\/08\\\/espana-e-italia-chocan-por-controles-fronterizos\\\/\",\"name\":\"Espa\u00f1a e Italia chocan por controles fronterizos - El Diario - Bolivia\",\"isPartOf\":{\"@id\":\"https:\\\/\\\/www.eldiario.net\\\/portal\\\/#website\"},\"primaryImageOfPage\":{\"@id\":\"https:\\\/\\\/www.eldiario.net\\\/portal\\\/2026\\\/08\\\/08\\\/espana-e-italia-chocan-por-controles-fronterizos\\\/#primaryimage\"},\"image\":{\"@id\":\"https:\\\/\\\/www.eldiario.net\\\/portal\\\/2026\\\/08\\\/08\\\/espana-e-italia-chocan-por-controles-fronterizos\\\/#primaryimage\"},\"thumbnailUrl\":\"https:\\\/\\\/www.eldiario.net\\\/portal\\\/wp-content\\\/uploads\\\/2023\\\/12\\\/Internacional.jpg\",\"datePublished\":\"2026-08-08T11:23:19+00:00\",\"breadcrumb\":{\"@id\":\"https:\\\/\\\/www.eldiario.net\\\/portal\\\/2026\\\/08\\\/08\\\/espana-e-italia-chocan-por-controles-fronterizos\\\/#breadcrumb\"},\"inLanguage\":\"es\",\"potentialAction\":[{\"@type\":\"ReadAction\",\"target\":[\"https:\\\/\\\/www.eldiario.net\\\/portal\\\/2026\\\/08\\\/08\\\/espana-e-italia-chocan-por-controles-fronterizos\\\/\"]}]},{\"@type\":\"ImageObject\",\"inLanguage\":\"es\",\"@id\":\"https:\\\/\\\/www.eldiario.net\\\/portal\\\/2026\\\/08\\\/08\\\/espana-e-italia-chocan-por-controles-fronterizos\\\/#primaryimage\",\"url\":\"https:\\\/\\\/www.eldiario.net\\\/portal\\\/wp-content\\\/uploads\\\/2023\\\/12\\\/Internacional.jpg\",\"contentUrl\":\"https:\\\/\\\/www.eldiario.net\\\/portal\\\/wp-content\\\/uploads\\\/2023\\\/12\\\/Internacional.jpg\",\"width\":800,\"height\":500},{\"@type\":\"BreadcrumbList\",\"@id\":\"https:\\\/\\\/www.eldiario.net\\\/portal\\\/2026\\\/08\\\/08\\\/espana-e-italia-chocan-por-controles-fronterizos\\\/#breadcrumb\",\"itemListElement\":[{\"@type\":\"ListItem\",\"position\":1,\"name\":\"Portada\",\"item\":\"https:\\\/\\\/www.eldiario.net\\\/portal\\\/\"},{\"@type\":\"ListItem\",\"position\":2,\"name\":\"Espa\u00f1a e Italia chocan por controles fronterizos\"}]},{\"@type\":\"WebSite\",\"@id\":\"https:\\\/\\\/www.eldiario.net\\\/portal\\\/#website\",\"url\":\"https:\\\/\\\/www.eldiario.net\\\/portal\\\/\",\"name\":\"El Diario - Decano de la prensa nacional\",\"description\":\"El Diario - Decano de la prensa nacional\",\"publisher\":{\"@id\":\"https:\\\/\\\/www.eldiario.net\\\/portal\\\/#organization\"},\"potentialAction\":[{\"@type\":\"SearchAction\",\"target\":{\"@type\":\"EntryPoint\",\"urlTemplate\":\"https:\\\/\\\/www.eldiario.net\\\/portal\\\/?s={search_term_string}\"},\"query-input\":{\"@type\":\"PropertyValueSpecification\",\"valueRequired\":true,\"valueName\":\"search_term_string\"}}],\"inLanguage\":\"es\"},{\"@type\":\"Organization\",\"@id\":\"https:\\\/\\\/www.eldiario.net\\\/portal\\\/#organization\",\"name\":\"El Diario - Decano de la prensa nacional\",\"url\":\"https:\\\/\\\/www.eldiario.net\\\/portal\\\/\",\"logo\":{\"@type\":\"ImageObject\",\"inLanguage\":\"es\",\"@id\":\"https:\\\/\\\/www.eldiario.net\\\/portal\\\/#\\\/schema\\\/logo\\\/image\\\/\",\"url\":\"https:\\\/\\\/www.eldiario.net\\\/portal\\\/wp-content\\\/uploads\\\/2023\\\/07\\\/logo_ED.jpg\",\"contentUrl\":\"https:\\\/\\\/www.eldiario.net\\\/portal\\\/wp-content\\\/uploads\\\/2023\\\/07\\\/logo_ED.jpg\",\"width\":272,\"height\":52,\"caption\":\"El Diario - Decano de la prensa nacional\"},\"image\":{\"@id\":\"https:\\\/\\\/www.eldiario.net\\\/portal\\\/#\\\/schema\\\/logo\\\/image\\\/\"},\"sameAs\":[\"https:\\\/\\\/www.facebook.com\\\/eldiario.bolivia\\\/\",\"https:\\\/\\\/x.com\\\/eldiario_net\"]},{\"@type\":\"Person\",\"@id\":\"https:\\\/\\\/www.eldiario.net\\\/portal\\\/#\\\/schema\\\/person\\\/f46445640444750d7d753ccd04ae01b7\",\"name\":\"Jeanette\",\"image\":{\"@type\":\"ImageObject\",\"inLanguage\":\"es\",\"@id\":\"https:\\\/\\\/secure.gravatar.com\\\/avatar\\\/3ea2118a5f7dad2b7138b1187a6b7ee55f160b9968b66013c3a3ef39dd7e5798?s=96&d=mm&r=g\",\"url\":\"https:\\\/\\\/secure.gravatar.com\\\/avatar\\\/3ea2118a5f7dad2b7138b1187a6b7ee55f160b9968b66013c3a3ef39dd7e5798?s=96&d=mm&r=g\",\"contentUrl\":\"https:\\\/\\\/secure.gravatar.com\\\/avatar\\\/3ea2118a5f7dad2b7138b1187a6b7ee55f160b9968b66013c3a3ef39dd7e5798?s=96&d=mm&r=g\",\"caption\":\"Jeanette\"},\"sameAs\":[\"https:\\\/\\\/www.eldiario.net\\\/portal\"],\"url\":\"https:\\\/\\\/www.eldiario.net\\\/portal\\\/author\\\/jeanette\\\/\"}]}<\/script>\n<!-- \/ Yoast SEO plugin. -->","yoast_head_json":{"title":"Espa\u00f1a e Italia chocan por controles fronterizos - El Diario - Bolivia","robots":{"index":"index","follow":"follow","max-snippet":"max-snippet:-1","max-image-preview":"max-image-preview:large","max-video-preview":"max-video-preview:-1"},"canonical":"https:\/\/www.eldiario.net\/portal\/2026\/08\/08\/espana-e-italia-chocan-por-controles-fronterizos\/","og_locale":"es_ES","og_type":"article","og_title":"Espa\u00f1a e Italia chocan por controles fronterizos - El Diario - Bolivia","og_description":"El Gobierno inst\u00f3 ayer a Italia para \u201cque rectifique\u201d y ponga fin a los controles de circulaci\u00f3n de viajeros procedentes de Espa\u00f1a anunciados hace una semana en respuesta a la llegada masiva de migrantes a Ceuta. Una medida que el Ejecutivo de Pedro S\u00e1nchez considera \u201cinjusta, contraria a los intereses de la UE, y discriminatoria [&hellip;]","og_url":"https:\/\/www.eldiario.net\/portal\/2026\/08\/08\/espana-e-italia-chocan-por-controles-fronterizos\/","og_site_name":"El Diario - Bolivia","article_publisher":"https:\/\/www.facebook.com\/eldiario.bolivia\/","article_published_time":"2026-08-08T11:23:19+00:00","og_image":[{"width":800,"height":500,"url":"https:\/\/www.eldiario.net\/portal\/wp-content\/uploads\/2023\/12\/Internacional.jpg","type":"image\/jpeg"}],"author":"Jeanette","twitter_card":"summary_large_image","twitter_creator":"@eldiario_net","twitter_site":"@eldiario_net","twitter_misc":{"Escrito por":"Jeanette","Tiempo de lectura":"3 minutos"},"schema":{"@context":"https:\/\/schema.org","@graph":[{"@type":"Article","@id":"https:\/\/www.eldiario.net\/portal\/2026\/08\/08\/espana-e-italia-chocan-por-controles-fronterizos\/#article","isPartOf":{"@id":"https:\/\/www.eldiario.net\/portal\/2026\/08\/08\/espana-e-italia-chocan-por-controles-fronterizos\/"},"author":{"name":"Jeanette","@id":"https:\/\/www.eldiario.net\/portal\/#\/schema\/person\/f46445640444750d7d753ccd04ae01b7"},"headline":"Espa\u00f1a e Italia chocan por controles fronterizos","datePublished":"2026-08-08T11:23:19+00:00","mainEntityOfPage":{"@id":"https:\/\/www.eldiario.net\/portal\/2026\/08\/08\/espana-e-italia-chocan-por-controles-fronterizos\/"},"wordCount":527,"publisher":{"@id":"https:\/\/www.eldiario.net\/portal\/#organization"},"image":{"@id":"https:\/\/www.eldiario.net\/portal\/2026\/08\/08\/espana-e-italia-chocan-por-controles-fronterizos\/#primaryimage"},"thumbnailUrl":"https:\/\/www.eldiario.net\/portal\/wp-content\/uploads\/2023\/12\/Internacional.jpg","articleSection":["Internacional"],"inLanguage":"es"},{"@type":"WebPage","@id":"https:\/\/www.eldiario.net\/portal\/2026\/08\/08\/espana-e-italia-chocan-por-controles-fronterizos\/","url":"https:\/\/www.eldiario.net\/portal\/2026\/08\/08\/espana-e-italia-chocan-por-controles-fronterizos\/","name":"Espa\u00f1a e Italia chocan por controles fronterizos - El Diario - Bolivia","isPartOf":{"@id":"https:\/\/www.eldiario.net\/portal\/#website"},"primaryImageOfPage":{"@id":"https:\/\/www.eldiario.net\/portal\/2026\/08\/08\/espana-e-italia-chocan-por-controles-fronterizos\/#primaryimage"},"image":{"@id":"https:\/\/www.eldiario.net\/portal\/2026\/08\/08\/espana-e-italia-chocan-por-controles-fronterizos\/#primaryimage"},"thumbnailUrl":"https:\/\/www.eldiario.net\/portal\/wp-content\/uploads\/2023\/12\/Internacional.jpg","datePublished":"2026-08-08T11:23:19+00:00","breadcrumb":{"@id":"https:\/\/www.eldiario.net\/portal\/2026\/08\/08\/espana-e-italia-chocan-por-controles-fronterizos\/#breadcrumb"},"inLanguage":"es","potentialAction":[{"@type":"ReadAction","target":["https:\/\/www.eldiario.net\/portal\/2026\/08\/08\/espana-e-italia-chocan-por-controles-fronterizos\/"]}]},{"@type":"ImageObject","inLanguage":"es","@id":"https:\/\/www.eldiario.net\/portal\/2026\/08\/08\/espana-e-italia-chocan-por-controles-fronterizos\/#primaryimage","url":"https:\/\/www.eldiario.net\/portal\/wp-content\/uploads\/2023\/12\/Internacional.jpg","contentUrl":"https:\/\/www.eldiario.net\/portal\/wp-content\/uploads\/2023\/12\/Internacional.jpg","width":800,"height":500},{"@type":"BreadcrumbList","@id":"https:\/\/www.eldiario.net\/portal\/2026\/08\/08\/espana-e-italia-chocan-por-controles-fronterizos\/#breadcrumb","itemListElement":[{"@type":"ListItem","position":1,"name":"Portada","item":"https:\/\/www.eldiario.net\/portal\/"},{"@type":"ListItem","position":2,"name":"Espa\u00f1a e Italia chocan por controles fronterizos"}]},{"@type":"WebSite","@id":"https:\/\/www.eldiario.net\/portal\/#website","url":"https:\/\/www.eldiario.net\/portal\/","name":"El Diario - Decano de la prensa nacional","description":"El Diario - Decano de la prensa nacional","publisher":{"@id":"https:\/\/www.eldiario.net\/portal\/#organization"},"potentialAction":[{"@type":"SearchAction","target":{"@type":"EntryPoint","urlTemplate":"https:\/\/www.eldiario.net\/portal\/?s={search_term_string}"},"query-input":{"@type":"PropertyValueSpecification","valueRequired":true,"valueName":"search_term_string"}}],"inLanguage":"es"},{"@type":"Organization","@id":"https:\/\/www.eldiario.net\/portal\/#organization","name":"El Diario - Decano de la prensa nacional","url":"https:\/\/www.eldiario.net\/portal\/","logo":{"@type":"ImageObject","inLanguage":"es","@id":"https:\/\/www.eldiario.net\/portal\/#\/schema\/logo\/image\/","url":"https:\/\/www.eldiario.net\/portal\/wp-content\/uploads\/2023\/07\/logo_ED.jpg","contentUrl":"https:\/\/www.eldiario.net\/portal\/wp-content\/uploads\/2023\/07\/logo_ED.jpg","width":272,"height":52,"caption":"El Diario - Decano de la prensa nacional"},"image":{"@id":"https:\/\/www.eldiario.net\/portal\/#\/schema\/logo\/image\/"},"sameAs":["https:\/\/www.facebook.com\/eldiario.bolivia\/","https:\/\/x.com\/eldiario_net"]},{"@type":"Person","@id":"https:\/\/www.eldiario.net\/portal\/#\/schema\/person\/f46445640444750d7d753ccd04ae01b7","name":"Jeanette","image":{"@type":"ImageObject","inLanguage":"es","@id":"https:\/\/secure.gravatar.com\/avatar\/3ea2118a5f7dad2b7138b1187a6b7ee55f160b9968b66013c3a3ef39dd7e5798?s=96&d=mm&r=g","url":"https:\/\/secure.gravatar.com\/avatar\/3ea2118a5f7dad2b7138b1187a6b7ee55f160b9968b66013c3a3ef39dd7e5798?s=96&d=mm&r=g","contentUrl":"https:\/\/secure.gravatar.com\/avatar\/3ea2118a5f7dad2b7138b1187a6b7ee55f160b9968b66013c3a3ef39dd7e5798?s=96&d=mm&r=g","caption":"Jeanette"},"sameAs":["https:\/\/www.eldiario.net\/portal"],"url":"https:\/\/www.eldiario.net\/portal\/author\/jeanette\/"}]}},"_links":{"self":[{"href":"https:\/\/www.eldiario.net\/portal\/wp-json\/wp\/v2\/posts\/419596","targetHints":{"allow":["GET"]}}],"collection":[{"href":"https:\/\/www.eldiario.net\/portal\/wp-json\/wp\/v2\/posts"}],"about":[{"href":"https:\/\/www.eldiario.net\/portal\/wp-json\/wp\/v2\/types\/post"}],"author":[{"embeddable":true,"href":"https:\/\/www.eldiario.net\/portal\/wp-json\/wp\/v2\/users\/1"}],"replies":[{"embeddable":true,"href":"https:\/\/www.eldiario.net\/portal\/wp-json\/wp\/v2\/comments?post=419596"}],"version-history":[{"count":1,"href":"https:\/\/www.eldiario.net\/portal\/wp-json\/wp\/v2\/posts\/419596\/revisions"}],"predecessor-version":[{"id":419597,"href":"https:\/\/www.eldiario.net\/portal\/wp-json\/wp\/v2\/posts\/419596\/revisions\/419597"}],"wp:featuredmedia":[{"embeddable":true,"href":"https:\/\/www.eldiario.net\/portal\/wp-json\/wp\/v2\/media\/194703"}],"wp:attachment":[{"href":"https:\/\/www.eldiario.net\/portal\/wp-json\/wp\/v2\/media?parent=419596"}],"wp:term":[{"taxonomy":"category","embeddable":true,"href":"https:\/\/www.eldiario.net\/portal\/wp-json\/wp\/v2\/categories?post=419596"},{"taxonomy":"post_tag","embeddable":true,"href":"https:\/\/www.eldiario.net\/portal\/wp-json\/wp\/v2\/tags?post=419596"}],"curies":[{"name":"wp","href":"https:\/\/api.w.org\/{rel}","templated":true}]}}