{"id":419591,"date":"2026-08-08T07:22:38","date_gmt":"2026-08-08T11:22:38","guid":{"rendered":"https:\/\/www.eldiario.net\/portal\/?p=419591"},"modified":"2026-08-08T07:22:38","modified_gmt":"2026-08-08T11:22:38","slug":"exigen-devolver-la-dignidad-e-institucionalidad-a-las-ffaa","status":"publish","type":"post","link":"https:\/\/www.eldiario.net\/portal\/2026\/08\/08\/exigen-devolver-la-dignidad-e-institucionalidad-a-las-ffaa\/","title":{"rendered":"Exigen devolver la dignidad e  institucionalidad a las FFAA"},"content":{"rendered":"<p>Se necesita devolver la dignidad a las Fuerzas Armadas (FFAA) y garantizar que cumplan su misi\u00f3n constitucional sin injerencias pol\u00edticas, afirm\u00f3 en entrevista con EL DIARIO, el experto en seguridad y defensa, Jorge Santiesteban Justiniano, al evaluar la situaci\u00f3n de la instituci\u00f3n militar en un nuevo aniversario de su creaci\u00f3n.<\/p>\n<p>El especialista sostuvo que las Fuerzas Armadas deben actuar dentro del marco establecido por la Constituci\u00f3n Pol\u00edtica del Estado, las leyes y los reglamentos, adem\u00e1s de responder a los objetivos permanentes del pa\u00eds y no a los intereses de una determinada administraci\u00f3n gubernamental.<\/p>\n<p>\u201cQue la injerencia pol\u00edtica quede a un lado, d\u00e1ndole la institucionalidad que corresponde y le compete a las Fuerzas Armadas\u201d, manifest\u00f3 Santiesteban.<\/p>\n<p>A su juicio, el respeto a la institucionalidad permitir\u00eda que los militares cumplan adecuadamente las tareas asignadas por el Estado, incluidas aquellas de car\u00e1cter no militar. Sin embargo, consider\u00f3 que estas \u00faltimas deben contar con los recursos materiales y log\u00edsticos necesarios y desarrollarse durante periodos claramente establecidos.<\/p>\n<p>Como ejemplo, mencion\u00f3 la participaci\u00f3n de efectivos militares en la lucha contra el contrabando, una actividad que calific\u00f3 como delicada y transitoria. Se\u00f1al\u00f3 que, pese a las limitaciones existentes, las Fuerzas Armadas intentaron cumplir esa labor con los medios disponibles, aunque consider\u00f3 que progresivamente deber\u00edan retornar a sus funciones esenciales.<\/p>\n<p>\u201cHan tratado de cumplir con los escasos medios que tienen, pero ya deber\u00edan ser replegadas a su misi\u00f3n de origen\u201d, afirm\u00f3.<\/p>\n<p>Santiesteban indic\u00f3 que una de las principales responsabilidades de la instituci\u00f3n militar es preservar la soberan\u00eda nacional frente a organizaciones criminales transnacionales que operan en espacios terrestres y a\u00e9reos del territorio boliviano.<\/p>\n<p>Seg\u00fan su evaluaci\u00f3n, las limitaciones operativas e institucionales de las Fuerzas Armadas son consecuencia de la falta de atenci\u00f3n gubernamental, particularmente durante los \u00faltimos 20 a\u00f1os de administraciones del Movimiento Al Socialismo (MAS).<\/p>\n<p>El entrevistado afirm\u00f3 que este periodo dej\u00f3 a la instituci\u00f3n debilitada y sin las condiciones necesarias para responder adecuadamente ante amenazas internas y externas.<\/p>\n<p>\u201cEsas son las Fuerzas Armadas que esperamos: que respondan a la misi\u00f3n constitucional, a los objetivos del Estado y a la sociedad\u201d, expres\u00f3.<\/p>\n<p>El experto remarc\u00f3 que el perfil institucional de las Fuerzas Armadas debe estar orientado a la defensa de la integridad territorial, la soberan\u00eda y la dignidad del Estado boliviano.<\/p>\n<p>UNA INSTITUCI\u00d3N AL SERVICIO DEL ESTADO<\/p>\n<p>Diferenci\u00f3 la responsabilidad de las Fuerzas Armadas frente al Estado de su relaci\u00f3n circunstancial con los gobiernos de turno. Explic\u00f3 que las administraciones pol\u00edticas pueden cambiar, pero la l\u00ednea institucional de la entidad castrense debe permanecer invariable.<\/p>\n<p>\u201cLa diferencia es que pueden pasar cientos de gobiernos en la vida del Estado boliviano, pero lo que no debe cambiar es la l\u00ednea institucional de las Fuerzas Armadas, que est\u00e1n creadas para la defensa del pa\u00eds\u201d, se\u00f1al\u00f3.<\/p>\n<p>Agreg\u00f3 que la misi\u00f3n de defensa nacional debe mantenerse independientemente de la orientaci\u00f3n ideol\u00f3gica o pol\u00edtica del gobierno que se encuentre en funciones.<\/p>\n<p>\u201cEsa l\u00ednea de Estado no debe cambiar por ning\u00fan gobierno, sin importar el color pol\u00edtico de la administraci\u00f3n que ingrese. Debe mantenerse la defensa del Estado y de la soberan\u00eda nacional\u201d, enfatiz\u00f3.<\/p>\n<p>Para recuperar la fortaleza institucional, Santiesteban plante\u00f3 que el Gobierno asuma la responsabilidad de dignificar a las Fuerzas Armadas y corregir las acciones pol\u00edticas que, seg\u00fan su criterio, afectaron su identidad y funcionamiento durante anteriores administraciones.<\/p>\n<p>Como antecedente, durante los gobiernos del MAS surgieron cuestionamientos sobre la relaci\u00f3n entre el poder pol\u00edtico y las Fuerzas Armadas. Uno de los hechos observados fue el uso del poncho rojo por parte de los comandantes en jefe Freddy Bersatti, durante la gesti\u00f3n de Evo Morales en 2006, y William Kaliman, en 2019, durante la misma etapa pol\u00edtica.<\/p>\n<p>Asimismo, algunos altos mandos militares fueron cuestionados por declaraciones sobre la orientaci\u00f3n ideol\u00f3gica de la instituci\u00f3n. En 2010, el comandante general del Ej\u00e9rcito, Antonio Cueto Calder\u00f3n, afirm\u00f3 que la entidad era \u201csocialista, comunitaria y antiimperialista\u201d, mientras que Tito Gandarillas y Edwin de la Fuente hicieron referencias similares.<\/p>\n<p>Estos hechos y pronunciamientos generaron cr\u00edticas sobre la imagen institucional de las FFAA y el principio de neutralidad pol\u00edtica que debe regir a la entidad castrense.<\/p>\n<p>Entre sus observaciones, Santiesteban mencion\u00f3 la incorporaci\u00f3n de consignas pol\u00edticas extranjeras dentro de la instituci\u00f3n, una medida que, desde su perspectiva, afect\u00f3 los valores y s\u00edmbolos propios de las FFAA bolivianas.<\/p>\n<p>Tambi\u00e9n propuso respaldar a los mandos militares para actualizar los reglamentos y reformar la estructura organizativa institucional, debido a que considera que esta ya no responde plenamente a las transformaciones experimentadas por las t\u00e1cticas y estrategias militares en el \u00e1mbito internacional.<\/p>\n<p>\u201cHay que institucionalizar a las Fuerzas Armadas y apoyar a los mandos militares para reformar los reglamentos y la estructura organizativa, que a estas alturas est\u00e1 un poco obsoleta frente a la modernidad\u201d, manifest\u00f3.<\/p>\n<p>MODERNIZACI\u00d3N Y PRESUPUESTO<\/p>\n<p>Otro de los aspectos identificados por Santiesteban es la necesidad de asignar un presupuesto suficiente al sector de defensa para renovar el armamento, los veh\u00edculos y los equipos log\u00edsticos.<\/p>\n<p>El experto afirm\u00f3 que las tres fuerzas enfrentan limitaciones materiales que reducen su capacidad operativa. Mencion\u00f3 espec\u00edficamente las carencias existentes en la aviaci\u00f3n militar, los veh\u00edculos de combate del Ej\u00e9rcito y las embarcaciones utilizadas por la Fuerza Naval para realizar tareas de reconocimiento.<\/p>\n<p>\u201cEst\u00e1n con armamento y material obsoleto. Las Fuerzas Armadas deben ser modernizadas\u201d, afirm\u00f3.<\/p>\n<p>Tambi\u00e9n se\u00f1al\u00f3 que los ciudadanos que cumplen el servicio militar necesitan condiciones adecuadas para su preparaci\u00f3n, incluidas instalaciones, armamento, municiones y recursos log\u00edsticos que les permitan desarrollar actividades de entrenamiento relacionadas con la defensa del territorio nacional.<\/p>\n<p>Santiesteban sostuvo que la modernizaci\u00f3n no debe limitarse a la compra de equipos, sino que debe formar parte de una pol\u00edtica estatal integral destinada a fortalecer las capacidades operativas, institucionales y humanas de las Fuerzas Armadas.<\/p>\n<p>RELACI\u00d3N CON EL PODER POL\u00cdTICO<\/p>\n<p>Respecto a la relaci\u00f3n entre el presidente del Estado, en su condici\u00f3n de capit\u00e1n general de las Fuerzas Armadas, y el alto mando militar, Santiesteban afirm\u00f3 que \u00e9sta debe desarrollarse dentro del respeto a las pol\u00edticas y los intereses nacionales<\/p>\n<p>Indic\u00f3 que las decisiones institucionales no deben depender de intereses partidarios ni de grupos internos de poder que busquen influir en los ascensos, destinos y cargos militares.<\/p>\n<p>\u201cTodo debe estar basado en los lineamientos nacionales y no en intereses pol\u00edticos, partidarios o de grupos de poder dentro de las Fuerzas Armadas\u201d, afirm\u00f3.<\/p>\n<p>El experto cuestion\u00f3 la existencia de grupos internos conocidos como \u201cpachajchos\u201d, a los que atribuy\u00f3 influencia sobre determinadas decisiones institucionales durante anteriores gobiernos. En ese contexto, pidi\u00f3 que se investiguen las acciones realizadas por esas agrupaciones y que se establezcan responsabilidades en caso de comprobarse vulneraciones a los reglamentos militares.<\/p>\n<p>Sostuvo que el poder pol\u00edtico tampoco debe promover ni tolerar estructuras internas destinadas a favorecer a determinados sectores dentro de la instituci\u00f3n.<\/p>\n<p>\u201cEl poder pol\u00edtico no debe permitir la organizaci\u00f3n de grupos internos que involucren ascensos, destinos o cargos para favorecer a ciertos sectores dentro de las Fuerzas Armadas\u201d, declar\u00f3.<\/p>\n<p>Asegur\u00f3 que el jefe de Estado tiene la responsabilidad de preservar la institucionalidad militar y garantizar que las decisiones relacionadas con la carrera profesional de los uniformados se adopten mediante procedimientos legales, transparentes y reglamentarios.<\/p>\n<p>\u201cEl presidente del Estado debe garantizar la institucionalidad y dignificar a las Fuerzas Armadas\u201d, remarc\u00f3.<\/p>\n<p>GARANT\u00cdA DE LA CONTINUIDAD DEL ESTADO<\/p>\n<p>Al referirse al aniversario institucional, Santiesteban afirm\u00f3 que las Fuerzas Armadas contin\u00faan siendo una entidad fundamental para la permanencia, la estabilidad y la defensa del Estado boliviano.<\/p>\n<p>\u201cLas Fuerzas Armadas constituyen una instituci\u00f3n digna y son la garant\u00eda de la pervivencia del Estado\u201d, expres\u00f3.<\/p>\n<p>Reconoci\u00f3 que la entidad militar atraviesa un periodo complejo, marcado por limitaciones materiales, cuestionamientos institucionales y el avance de organizaciones criminales vinculadas al narcotr\u00e1fico.<\/p>\n<p>Ante este escenario, pidi\u00f3 a sus integrantes mantener la capacidad de reacci\u00f3n, la preparaci\u00f3n profesional y la lealtad hacia el pa\u00eds y su poblaci\u00f3n.<\/p>\n<p>\u201cHay momentos dif\u00edciles que deben superarse con dignidad, pero, sobre todo, con capacidad intelectual y capacidad de reacci\u00f3n frente a las amenazas contra la democracia y la soberan\u00eda del Estado\u201d, manifest\u00f3.<\/p>\n<p>Finalmente, expres\u00f3 su confianza en que las cualidades profesionales y el compromiso de los militares permitir\u00e1n recuperar la presencia estatal en zonas afectadas por organizaciones criminales y fortalecer la defensa de la soberan\u00eda nacional.<\/p>\n<p>\u201cQue tengan fe en que sus condiciones y sus cualidades de lealtad hacia la patria y su poblaci\u00f3n van a permitir que recuperemos nuevamente la integridad de nuestra soberan\u00eda\u201d, concluy\u00f3.<\/p>\n<p>ANIVERSARIO<\/p>\n<p>En la misma l\u00ednea, durante el acto de conmemoraci\u00f3n por los 201 a\u00f1os de creaci\u00f3n de las Fuerzas Armadas, el ministro de Defensa, Ernesto Justiniano, plante\u00f3 que la instituci\u00f3n castrense debe responder a la patria, la Constituci\u00f3n Pol\u00edtica del Estado y el pueblo boliviano, por encima de cualquier gobierno, partido pol\u00edtico o inter\u00e9s personal.<\/p>\n<p>\u201cNo necesitamos lealtades personales, no lealtad a un ministro, no lealtad a un partido, no lealtad a un gobierno, lealtad a Bolivia, lealtad a la Constituci\u00f3n a nuestra bandera y lealtad al pueblo boliviano\u201d, inst\u00f3 durante el acto realizado ayer en la Base A\u00e9rea de El Alto.<\/p>\n<p>La parada militar tambi\u00e9n estuvo marcada por el retorno de los excombatientes de \u00d1ancahuaz\u00fa y Teoponte a los actos oficiales de las Fuerzas Armadas, luego de varios a\u00f1os de ausencia. Los veteranos desfilaron junto a efectivos en servicio activo, reservistas y personal del servicio pasivo.<\/p>\n<p>Al respecto, el comandante en jefe de las Fuerzas Armadas, general V\u00edctor Hugo Balderrama Quezada, se\u00f1al\u00f3 que esta reincorporaci\u00f3n constituye un desagravio institucional para quienes permanecieron apartados de las actividades castrenses durante a\u00f1os.<\/p>\n\r\n                <style type=\"text\/css\">\r\n                    \r\n                    #tdi_1  .td-doubleSlider-2 .td-item1 {\r\n                        background: url(https:\/\/www.eldiario.net\/portal\/wp-content\/uploads\/2026\/08\/8-FFAA-2-80x60.webp) 0 0 no-repeat;\r\n                    }\r\n                    #tdi_1  .td-doubleSlider-2 .td-item2 {\r\n                        background: url(https:\/\/www.eldiario.net\/portal\/wp-content\/uploads\/2026\/08\/8-FFAA-3-80x60.webp) 0 0 no-repeat;\r\n                    }\r\n                    #tdi_1  .td-doubleSlider-2 .td-item3 {\r\n                        background: url(https:\/\/www.eldiario.net\/portal\/wp-content\/uploads\/2026\/08\/8-FFAA-1-80x60.webp) 0 0 no-repeat;\r\n                    }\r\n                <\/style>\r\n\r\n                <div id=\"tdi_1\" class=\"td-gallery td-slide-on-2-columns\">\r\n                    <div class=\"post_td_gallery\">\r\n                        <div class=\"td-gallery-slide-top\">\r\n                           <div class=\"td-gallery-title\"><\/div>\r\n\r\n                            <div class=\"td-gallery-controls-wrapper\">\r\n                                <div class=\"td-gallery-slide-count\"><span class=\"td-gallery-slide-item-focus\">1<\/span> de 3<\/div>\r\n                                <div class=\"td-gallery-slide-prev-next-but\">\r\n                                    <i class = \"td-icon-left doubleSliderPrevButton\"><\/i>\r\n                                    <i class = \"td-icon-right doubleSliderNextButton\"><\/i>\r\n                                <\/div>\r\n                            <\/div>\r\n                        <\/div>\r\n\r\n                        <div class = \"td-doubleSlider-1 \">\r\n                            <div class = \"td-slider\">\r\n                                \r\n                    <div class = \"td-slide-item td-item1\">\r\n                        <figure class=\"td-slide-galery-figure td-slide-popup-gallery\">\r\n                            <a class=\"slide-gallery-image-link\" href=\"https:\/\/www.eldiario.net\/portal\/wp-content\/uploads\/2026\/08\/8-FFAA-2.webp\" title=\"8 FFAA 2\"  data-caption=\"El fortalecimiento de las Fuerzas Armadas pasa por la modernizaci\u00f3n de su equipamiento y log\u00edstica.\"  data-description=\"El fortalecimiento de las Fuerzas Armadas pasa por la modernizaci&oacute;n de su equipamiento y log&iacute;stica.\">\r\n                                <img decoding=\"async\" src=\"https:\/\/www.eldiario.net\/portal\/wp-content\/uploads\/2026\/08\/8-FFAA-2-457x420.webp\" srcset=\"https:\/\/www.eldiario.net\/portal\/wp-content\/uploads\/2026\/08\/8-FFAA-2-457x420.webp 457w, https:\/\/www.eldiario.net\/portal\/wp-content\/uploads\/2026\/08\/8-FFAA-2-300x276.webp 300w, https:\/\/www.eldiario.net\/portal\/wp-content\/uploads\/2026\/08\/8-FFAA-2-768x706.webp 768w, https:\/\/www.eldiario.net\/portal\/wp-content\/uploads\/2026\/08\/8-FFAA-2-150x138.webp 150w, https:\/\/www.eldiario.net\/portal\/wp-content\/uploads\/2026\/08\/8-FFAA-2-696x640.webp 696w, https:\/\/www.eldiario.net\/portal\/wp-content\/uploads\/2026\/08\/8-FFAA-2.webp 919w\" sizes=\"(max-width: 457px) 100vw, 457px\" alt=\"\">\r\n                            <\/a>\r\n                            <figcaption class = \"td-slide-caption td-gallery-slide-content\"><div class = \"td-gallery-slide-copywrite\">El fortalecimiento de las Fuerzas Armadas pasa por la modernizaci\u00f3n de su equipamiento y log\u00edstica.<\/div><span>El fortalecimiento de las Fuerzas Armadas pasa por la modernizaci\u00f3n de su equipamiento y log\u00edstica.<\/span><\/figcaption>\r\n                        <\/figure>\r\n                    <\/div>\r\n                    <div class = \"td-slide-item td-item2\">\r\n                        <figure class=\"td-slide-galery-figure td-slide-popup-gallery\">\r\n                            <a class=\"slide-gallery-image-link\" href=\"https:\/\/www.eldiario.net\/portal\/wp-content\/uploads\/2026\/08\/8-FFAA-3.webp\" title=\"8 FFAA 3\"  data-caption=\"La Parada Militar por el 201 aniversario de las Fuerzas Armadas se realiz\u00f3 ayer en la Base A\u00e9rea de El Alto.\"  data-description=\"La Parada Militar por el 201 aniversario de las Fuerzas Armadas se realiz&oacute; ayer en la Base A&eacute;rea de El Alto.\">\r\n                                <img decoding=\"async\" src=\"https:\/\/www.eldiario.net\/portal\/wp-content\/uploads\/2026\/08\/8-FFAA-3-573x420.webp\" srcset=\"https:\/\/www.eldiario.net\/portal\/wp-content\/uploads\/2026\/08\/8-FFAA-3-573x420.webp 573w, https:\/\/www.eldiario.net\/portal\/wp-content\/uploads\/2026\/08\/8-FFAA-3-300x220.webp 300w, https:\/\/www.eldiario.net\/portal\/wp-content\/uploads\/2026\/08\/8-FFAA-3-1024x750.webp 1024w, https:\/\/www.eldiario.net\/portal\/wp-content\/uploads\/2026\/08\/8-FFAA-3-768x563.webp 768w, https:\/\/www.eldiario.net\/portal\/wp-content\/uploads\/2026\/08\/8-FFAA-3-80x60.webp 80w, https:\/\/www.eldiario.net\/portal\/wp-content\/uploads\/2026\/08\/8-FFAA-3-150x110.webp 150w, https:\/\/www.eldiario.net\/portal\/wp-content\/uploads\/2026\/08\/8-FFAA-3-696x510.webp 696w, https:\/\/www.eldiario.net\/portal\/wp-content\/uploads\/2026\/08\/8-FFAA-3-1068x783.webp 1068w, https:\/\/www.eldiario.net\/portal\/wp-content\/uploads\/2026\/08\/8-FFAA-3.webp 1474w\" sizes=\"(max-width: 573px) 100vw, 573px\" alt=\"\">\r\n                            <\/a>\r\n                            <figcaption class = \"td-slide-caption td-gallery-slide-content\"><div class = \"td-gallery-slide-copywrite\">La Parada Militar por el 201 aniversario de las Fuerzas Armadas se realiz\u00f3 ayer en la Base A\u00e9rea de El Alto.<\/div><span>La Parada Militar por el 201 aniversario de las Fuerzas Armadas se realiz\u00f3 ayer en la Base A\u00e9rea de El Alto.<\/span><\/figcaption>\r\n                        <\/figure>\r\n                    <\/div>\r\n                    <div class = \"td-slide-item td-item3\">\r\n                        <figure class=\"td-slide-galery-figure td-slide-popup-gallery\">\r\n                            <a class=\"slide-gallery-image-link\" href=\"https:\/\/www.eldiario.net\/portal\/wp-content\/uploads\/2026\/08\/8-FFAA-1.webp\" title=\"8 FFAA 1\"  data-caption=\"Santiesteban afirm\u00f3 que las FFAA deben mantener una l\u00ednea institucional y constitucional, al margen de intereses pol\u00edticos.\"  data-description=\"Santiesteban afirm&oacute; que las FFAA deben mantener una l&iacute;nea institucional y constitucional, al margen de intereses pol&iacute;ticos.\">\r\n                                <img decoding=\"async\" src=\"https:\/\/www.eldiario.net\/portal\/wp-content\/uploads\/2026\/08\/8-FFAA-1-621x420.webp\" srcset=\"https:\/\/www.eldiario.net\/portal\/wp-content\/uploads\/2026\/08\/8-FFAA-1-621x420.webp 621w, https:\/\/www.eldiario.net\/portal\/wp-content\/uploads\/2026\/08\/8-FFAA-1-300x203.webp 300w, https:\/\/www.eldiario.net\/portal\/wp-content\/uploads\/2026\/08\/8-FFAA-1-768x520.webp 768w, https:\/\/www.eldiario.net\/portal\/wp-content\/uploads\/2026\/08\/8-FFAA-1-150x102.webp 150w, https:\/\/www.eldiario.net\/portal\/wp-content\/uploads\/2026\/08\/8-FFAA-1-696x471.webp 696w, https:\/\/www.eldiario.net\/portal\/wp-content\/uploads\/2026\/08\/8-FFAA-1.webp 959w\" sizes=\"(max-width: 621px) 100vw, 621px\" alt=\"\">\r\n                            <\/a>\r\n                            <figcaption class = \"td-slide-caption td-gallery-slide-content\"><div class = \"td-gallery-slide-copywrite\">Santiesteban afirm\u00f3 que las FFAA deben mantener una l\u00ednea institucional y constitucional, al margen de intereses pol\u00edticos.<\/div><span>Santiesteban afirm\u00f3 que las FFAA deben mantener una l\u00ednea institucional y constitucional, al margen de intereses pol\u00edticos.<\/span><\/figcaption>\r\n                        <\/figure>\r\n                    <\/div>\r\n                            <\/div>\r\n                        <\/div>\r\n\r\n                        <div class = \"td-doubleSlider-2\">\r\n                            <div class = \"td-slider\">\r\n                                \r\n                    <div class = \"td-button td-item1\">\r\n                        <div class = \"td-border\"><\/div>\r\n                    <\/div>\r\n                    <div class = \"td-button td-item2\">\r\n                        <div class = \"td-border\"><\/div>\r\n                    <\/div>\r\n                    <div class = \"td-button td-item3\">\r\n                        <div class = \"td-border\"><\/div>\r\n                    <\/div>\r\n                            <\/div>\r\n                        <\/div>\r\n\r\n                    <\/div>\r\n\r\n                <\/div>\r\n                \n","protected":false},"excerpt":{"rendered":"<p>Se necesita devolver la dignidad a las Fuerzas Armadas (FFAA) y garantizar que cumplan su misi\u00f3n constitucional sin injerencias pol\u00edticas, afirm\u00f3 en entrevista con EL DIARIO, el experto en seguridad y defensa, Jorge Santiesteban Justiniano, al evaluar la situaci\u00f3n de la instituci\u00f3n militar en un nuevo aniversario de su creaci\u00f3n. El especialista sostuvo que las [&hellip;]<\/p>\n","protected":false},"author":1,"featured_media":419594,"comment_status":"closed","ping_status":"open","sticky":false,"template":"","format":"standard","meta":{"_acf_changed":false,"footnotes":""},"categories":[39],"tags":[],"class_list":["post-419591","post","type-post","status-publish","format-standard","has-post-thumbnail","category-sociedad"],"acf":{"antetitulo":""},"yoast_head":"<!-- This site is optimized with the Yoast SEO plugin v28.3 - https:\/\/yoast.com\/product\/yoast-seo-wordpress\/ -->\n<title>Exigen devolver la dignidad e institucionalidad a las FFAA - El Diario - Bolivia<\/title>\n<meta name=\"robots\" content=\"index, follow, max-snippet:-1, max-image-preview:large, max-video-preview:-1\" \/>\n<link rel=\"canonical\" href=\"https:\/\/www.eldiario.net\/portal\/2026\/08\/08\/exigen-devolver-la-dignidad-e-institucionalidad-a-las-ffaa\/\" \/>\n<meta property=\"og:locale\" content=\"es_ES\" \/>\n<meta property=\"og:type\" content=\"article\" \/>\n<meta property=\"og:title\" content=\"Exigen devolver la dignidad e institucionalidad a las FFAA - El Diario - Bolivia\" \/>\n<meta property=\"og:description\" content=\"Se necesita devolver la dignidad a las Fuerzas Armadas (FFAA) y garantizar que cumplan su misi\u00f3n constitucional sin injerencias pol\u00edticas, afirm\u00f3 en entrevista con EL DIARIO, el experto en seguridad y defensa, Jorge Santiesteban Justiniano, al evaluar la situaci\u00f3n de la instituci\u00f3n militar en un nuevo aniversario de su creaci\u00f3n. El especialista sostuvo que las [&hellip;]\" \/>\n<meta property=\"og:url\" content=\"https:\/\/www.eldiario.net\/portal\/2026\/08\/08\/exigen-devolver-la-dignidad-e-institucionalidad-a-las-ffaa\/\" \/>\n<meta property=\"og:site_name\" content=\"El Diario - Bolivia\" \/>\n<meta property=\"article:publisher\" content=\"https:\/\/www.facebook.com\/eldiario.bolivia\/\" \/>\n<meta property=\"article:published_time\" content=\"2026-08-08T11:22:38+00:00\" \/>\n<meta property=\"og:image\" content=\"https:\/\/www.eldiario.net\/portal\/wp-content\/uploads\/2026\/08\/8-FFAA-1.webp\" \/>\n\t<meta property=\"og:image:width\" content=\"959\" \/>\n\t<meta property=\"og:image:height\" content=\"649\" \/>\n\t<meta property=\"og:image:type\" content=\"image\/webp\" \/>\n<meta name=\"author\" content=\"Jeanette\" \/>\n<meta name=\"twitter:card\" content=\"summary_large_image\" \/>\n<meta name=\"twitter:creator\" content=\"@eldiario_net\" \/>\n<meta name=\"twitter:site\" content=\"@eldiario_net\" \/>\n<meta name=\"twitter:label1\" content=\"Escrito por\" \/>\n\t<meta name=\"twitter:data1\" content=\"Jeanette\" \/>\n\t<meta name=\"twitter:label2\" content=\"Tiempo de lectura\" \/>\n\t<meta name=\"twitter:data2\" content=\"8 minutos\" \/>\n<script type=\"application\/ld+json\" class=\"yoast-schema-graph\">{\"@context\":\"https:\\\/\\\/schema.org\",\"@graph\":[{\"@type\":\"Article\",\"@id\":\"https:\\\/\\\/www.eldiario.net\\\/portal\\\/2026\\\/08\\\/08\\\/exigen-devolver-la-dignidad-e-institucionalidad-a-las-ffaa\\\/#article\",\"isPartOf\":{\"@id\":\"https:\\\/\\\/www.eldiario.net\\\/portal\\\/2026\\\/08\\\/08\\\/exigen-devolver-la-dignidad-e-institucionalidad-a-las-ffaa\\\/\"},\"author\":{\"name\":\"Jeanette\",\"@id\":\"https:\\\/\\\/www.eldiario.net\\\/portal\\\/#\\\/schema\\\/person\\\/f46445640444750d7d753ccd04ae01b7\"},\"headline\":\"Exigen devolver la dignidad e institucionalidad a las FFAA\",\"datePublished\":\"2026-08-08T11:22:38+00:00\",\"mainEntityOfPage\":{\"@id\":\"https:\\\/\\\/www.eldiario.net\\\/portal\\\/2026\\\/08\\\/08\\\/exigen-devolver-la-dignidad-e-institucionalidad-a-las-ffaa\\\/\"},\"wordCount\":1701,\"publisher\":{\"@id\":\"https:\\\/\\\/www.eldiario.net\\\/portal\\\/#organization\"},\"image\":{\"@id\":\"https:\\\/\\\/www.eldiario.net\\\/portal\\\/2026\\\/08\\\/08\\\/exigen-devolver-la-dignidad-e-institucionalidad-a-las-ffaa\\\/#primaryimage\"},\"thumbnailUrl\":\"https:\\\/\\\/www.eldiario.net\\\/portal\\\/wp-content\\\/uploads\\\/2026\\\/08\\\/8-FFAA-1.webp\",\"articleSection\":[\"Sociedad - Seguridad\"],\"inLanguage\":\"es\"},{\"@type\":\"WebPage\",\"@id\":\"https:\\\/\\\/www.eldiario.net\\\/portal\\\/2026\\\/08\\\/08\\\/exigen-devolver-la-dignidad-e-institucionalidad-a-las-ffaa\\\/\",\"url\":\"https:\\\/\\\/www.eldiario.net\\\/portal\\\/2026\\\/08\\\/08\\\/exigen-devolver-la-dignidad-e-institucionalidad-a-las-ffaa\\\/\",\"name\":\"Exigen devolver la dignidad e institucionalidad a las FFAA - El Diario - Bolivia\",\"isPartOf\":{\"@id\":\"https:\\\/\\\/www.eldiario.net\\\/portal\\\/#website\"},\"primaryImageOfPage\":{\"@id\":\"https:\\\/\\\/www.eldiario.net\\\/portal\\\/2026\\\/08\\\/08\\\/exigen-devolver-la-dignidad-e-institucionalidad-a-las-ffaa\\\/#primaryimage\"},\"image\":{\"@id\":\"https:\\\/\\\/www.eldiario.net\\\/portal\\\/2026\\\/08\\\/08\\\/exigen-devolver-la-dignidad-e-institucionalidad-a-las-ffaa\\\/#primaryimage\"},\"thumbnailUrl\":\"https:\\\/\\\/www.eldiario.net\\\/portal\\\/wp-content\\\/uploads\\\/2026\\\/08\\\/8-FFAA-1.webp\",\"datePublished\":\"2026-08-08T11:22:38+00:00\",\"breadcrumb\":{\"@id\":\"https:\\\/\\\/www.eldiario.net\\\/portal\\\/2026\\\/08\\\/08\\\/exigen-devolver-la-dignidad-e-institucionalidad-a-las-ffaa\\\/#breadcrumb\"},\"inLanguage\":\"es\",\"potentialAction\":[{\"@type\":\"ReadAction\",\"target\":[\"https:\\\/\\\/www.eldiario.net\\\/portal\\\/2026\\\/08\\\/08\\\/exigen-devolver-la-dignidad-e-institucionalidad-a-las-ffaa\\\/\"]}]},{\"@type\":\"ImageObject\",\"inLanguage\":\"es\",\"@id\":\"https:\\\/\\\/www.eldiario.net\\\/portal\\\/2026\\\/08\\\/08\\\/exigen-devolver-la-dignidad-e-institucionalidad-a-las-ffaa\\\/#primaryimage\",\"url\":\"https:\\\/\\\/www.eldiario.net\\\/portal\\\/wp-content\\\/uploads\\\/2026\\\/08\\\/8-FFAA-1.webp\",\"contentUrl\":\"https:\\\/\\\/www.eldiario.net\\\/portal\\\/wp-content\\\/uploads\\\/2026\\\/08\\\/8-FFAA-1.webp\",\"width\":959,\"height\":649,\"caption\":\"Santiesteban afirm\u00f3 que las FFAA deben mantener una l\u00ednea institucional y constitucional, al margen de intereses pol\u00edticos.\"},{\"@type\":\"BreadcrumbList\",\"@id\":\"https:\\\/\\\/www.eldiario.net\\\/portal\\\/2026\\\/08\\\/08\\\/exigen-devolver-la-dignidad-e-institucionalidad-a-las-ffaa\\\/#breadcrumb\",\"itemListElement\":[{\"@type\":\"ListItem\",\"position\":1,\"name\":\"Portada\",\"item\":\"https:\\\/\\\/www.eldiario.net\\\/portal\\\/\"},{\"@type\":\"ListItem\",\"position\":2,\"name\":\"Exigen devolver la dignidad e institucionalidad a las FFAA\"}]},{\"@type\":\"WebSite\",\"@id\":\"https:\\\/\\\/www.eldiario.net\\\/portal\\\/#website\",\"url\":\"https:\\\/\\\/www.eldiario.net\\\/portal\\\/\",\"name\":\"El Diario - Decano de la prensa nacional\",\"description\":\"El Diario - Decano de la prensa nacional\",\"publisher\":{\"@id\":\"https:\\\/\\\/www.eldiario.net\\\/portal\\\/#organization\"},\"potentialAction\":[{\"@type\":\"SearchAction\",\"target\":{\"@type\":\"EntryPoint\",\"urlTemplate\":\"https:\\\/\\\/www.eldiario.net\\\/portal\\\/?s={search_term_string}\"},\"query-input\":{\"@type\":\"PropertyValueSpecification\",\"valueRequired\":true,\"valueName\":\"search_term_string\"}}],\"inLanguage\":\"es\"},{\"@type\":\"Organization\",\"@id\":\"https:\\\/\\\/www.eldiario.net\\\/portal\\\/#organization\",\"name\":\"El Diario - Decano de la prensa nacional\",\"url\":\"https:\\\/\\\/www.eldiario.net\\\/portal\\\/\",\"logo\":{\"@type\":\"ImageObject\",\"inLanguage\":\"es\",\"@id\":\"https:\\\/\\\/www.eldiario.net\\\/portal\\\/#\\\/schema\\\/logo\\\/image\\\/\",\"url\":\"https:\\\/\\\/www.eldiario.net\\\/portal\\\/wp-content\\\/uploads\\\/2023\\\/07\\\/logo_ED.jpg\",\"contentUrl\":\"https:\\\/\\\/www.eldiario.net\\\/portal\\\/wp-content\\\/uploads\\\/2023\\\/07\\\/logo_ED.jpg\",\"width\":272,\"height\":52,\"caption\":\"El Diario - Decano de la prensa nacional\"},\"image\":{\"@id\":\"https:\\\/\\\/www.eldiario.net\\\/portal\\\/#\\\/schema\\\/logo\\\/image\\\/\"},\"sameAs\":[\"https:\\\/\\\/www.facebook.com\\\/eldiario.bolivia\\\/\",\"https:\\\/\\\/x.com\\\/eldiario_net\"]},{\"@type\":\"Person\",\"@id\":\"https:\\\/\\\/www.eldiario.net\\\/portal\\\/#\\\/schema\\\/person\\\/f46445640444750d7d753ccd04ae01b7\",\"name\":\"Jeanette\",\"image\":{\"@type\":\"ImageObject\",\"inLanguage\":\"es\",\"@id\":\"https:\\\/\\\/secure.gravatar.com\\\/avatar\\\/3ea2118a5f7dad2b7138b1187a6b7ee55f160b9968b66013c3a3ef39dd7e5798?s=96&d=mm&r=g\",\"url\":\"https:\\\/\\\/secure.gravatar.com\\\/avatar\\\/3ea2118a5f7dad2b7138b1187a6b7ee55f160b9968b66013c3a3ef39dd7e5798?s=96&d=mm&r=g\",\"contentUrl\":\"https:\\\/\\\/secure.gravatar.com\\\/avatar\\\/3ea2118a5f7dad2b7138b1187a6b7ee55f160b9968b66013c3a3ef39dd7e5798?s=96&d=mm&r=g\",\"caption\":\"Jeanette\"},\"sameAs\":[\"https:\\\/\\\/www.eldiario.net\\\/portal\"],\"url\":\"https:\\\/\\\/www.eldiario.net\\\/portal\\\/author\\\/jeanette\\\/\"}]}<\/script>\n<!-- \/ Yoast SEO plugin. -->","yoast_head_json":{"title":"Exigen devolver la dignidad e institucionalidad a las FFAA - El Diario - Bolivia","robots":{"index":"index","follow":"follow","max-snippet":"max-snippet:-1","max-image-preview":"max-image-preview:large","max-video-preview":"max-video-preview:-1"},"canonical":"https:\/\/www.eldiario.net\/portal\/2026\/08\/08\/exigen-devolver-la-dignidad-e-institucionalidad-a-las-ffaa\/","og_locale":"es_ES","og_type":"article","og_title":"Exigen devolver la dignidad e institucionalidad a las FFAA - El Diario - Bolivia","og_description":"Se necesita devolver la dignidad a las Fuerzas Armadas (FFAA) y garantizar que cumplan su misi\u00f3n constitucional sin injerencias pol\u00edticas, afirm\u00f3 en entrevista con EL DIARIO, el experto en seguridad y defensa, Jorge Santiesteban Justiniano, al evaluar la situaci\u00f3n de la instituci\u00f3n militar en un nuevo aniversario de su creaci\u00f3n. El especialista sostuvo que las [&hellip;]","og_url":"https:\/\/www.eldiario.net\/portal\/2026\/08\/08\/exigen-devolver-la-dignidad-e-institucionalidad-a-las-ffaa\/","og_site_name":"El Diario - Bolivia","article_publisher":"https:\/\/www.facebook.com\/eldiario.bolivia\/","article_published_time":"2026-08-08T11:22:38+00:00","og_image":[{"width":959,"height":649,"url":"https:\/\/www.eldiario.net\/portal\/wp-content\/uploads\/2026\/08\/8-FFAA-1.webp","type":"image\/webp"}],"author":"Jeanette","twitter_card":"summary_large_image","twitter_creator":"@eldiario_net","twitter_site":"@eldiario_net","twitter_misc":{"Escrito por":"Jeanette","Tiempo de lectura":"8 minutos"},"schema":{"@context":"https:\/\/schema.org","@graph":[{"@type":"Article","@id":"https:\/\/www.eldiario.net\/portal\/2026\/08\/08\/exigen-devolver-la-dignidad-e-institucionalidad-a-las-ffaa\/#article","isPartOf":{"@id":"https:\/\/www.eldiario.net\/portal\/2026\/08\/08\/exigen-devolver-la-dignidad-e-institucionalidad-a-las-ffaa\/"},"author":{"name":"Jeanette","@id":"https:\/\/www.eldiario.net\/portal\/#\/schema\/person\/f46445640444750d7d753ccd04ae01b7"},"headline":"Exigen devolver la dignidad e institucionalidad a las FFAA","datePublished":"2026-08-08T11:22:38+00:00","mainEntityOfPage":{"@id":"https:\/\/www.eldiario.net\/portal\/2026\/08\/08\/exigen-devolver-la-dignidad-e-institucionalidad-a-las-ffaa\/"},"wordCount":1701,"publisher":{"@id":"https:\/\/www.eldiario.net\/portal\/#organization"},"image":{"@id":"https:\/\/www.eldiario.net\/portal\/2026\/08\/08\/exigen-devolver-la-dignidad-e-institucionalidad-a-las-ffaa\/#primaryimage"},"thumbnailUrl":"https:\/\/www.eldiario.net\/portal\/wp-content\/uploads\/2026\/08\/8-FFAA-1.webp","articleSection":["Sociedad - Seguridad"],"inLanguage":"es"},{"@type":"WebPage","@id":"https:\/\/www.eldiario.net\/portal\/2026\/08\/08\/exigen-devolver-la-dignidad-e-institucionalidad-a-las-ffaa\/","url":"https:\/\/www.eldiario.net\/portal\/2026\/08\/08\/exigen-devolver-la-dignidad-e-institucionalidad-a-las-ffaa\/","name":"Exigen devolver la dignidad e institucionalidad a las FFAA - El Diario - Bolivia","isPartOf":{"@id":"https:\/\/www.eldiario.net\/portal\/#website"},"primaryImageOfPage":{"@id":"https:\/\/www.eldiario.net\/portal\/2026\/08\/08\/exigen-devolver-la-dignidad-e-institucionalidad-a-las-ffaa\/#primaryimage"},"image":{"@id":"https:\/\/www.eldiario.net\/portal\/2026\/08\/08\/exigen-devolver-la-dignidad-e-institucionalidad-a-las-ffaa\/#primaryimage"},"thumbnailUrl":"https:\/\/www.eldiario.net\/portal\/wp-content\/uploads\/2026\/08\/8-FFAA-1.webp","datePublished":"2026-08-08T11:22:38+00:00","breadcrumb":{"@id":"https:\/\/www.eldiario.net\/portal\/2026\/08\/08\/exigen-devolver-la-dignidad-e-institucionalidad-a-las-ffaa\/#breadcrumb"},"inLanguage":"es","potentialAction":[{"@type":"ReadAction","target":["https:\/\/www.eldiario.net\/portal\/2026\/08\/08\/exigen-devolver-la-dignidad-e-institucionalidad-a-las-ffaa\/"]}]},{"@type":"ImageObject","inLanguage":"es","@id":"https:\/\/www.eldiario.net\/portal\/2026\/08\/08\/exigen-devolver-la-dignidad-e-institucionalidad-a-las-ffaa\/#primaryimage","url":"https:\/\/www.eldiario.net\/portal\/wp-content\/uploads\/2026\/08\/8-FFAA-1.webp","contentUrl":"https:\/\/www.eldiario.net\/portal\/wp-content\/uploads\/2026\/08\/8-FFAA-1.webp","width":959,"height":649,"caption":"Santiesteban afirm\u00f3 que las FFAA deben mantener una l\u00ednea institucional y constitucional, al margen de intereses pol\u00edticos."},{"@type":"BreadcrumbList","@id":"https:\/\/www.eldiario.net\/portal\/2026\/08\/08\/exigen-devolver-la-dignidad-e-institucionalidad-a-las-ffaa\/#breadcrumb","itemListElement":[{"@type":"ListItem","position":1,"name":"Portada","item":"https:\/\/www.eldiario.net\/portal\/"},{"@type":"ListItem","position":2,"name":"Exigen devolver la dignidad e institucionalidad a las FFAA"}]},{"@type":"WebSite","@id":"https:\/\/www.eldiario.net\/portal\/#website","url":"https:\/\/www.eldiario.net\/portal\/","name":"El Diario - Decano de la prensa nacional","description":"El Diario - Decano de la prensa nacional","publisher":{"@id":"https:\/\/www.eldiario.net\/portal\/#organization"},"potentialAction":[{"@type":"SearchAction","target":{"@type":"EntryPoint","urlTemplate":"https:\/\/www.eldiario.net\/portal\/?s={search_term_string}"},"query-input":{"@type":"PropertyValueSpecification","valueRequired":true,"valueName":"search_term_string"}}],"inLanguage":"es"},{"@type":"Organization","@id":"https:\/\/www.eldiario.net\/portal\/#organization","name":"El Diario - Decano de la prensa nacional","url":"https:\/\/www.eldiario.net\/portal\/","logo":{"@type":"ImageObject","inLanguage":"es","@id":"https:\/\/www.eldiario.net\/portal\/#\/schema\/logo\/image\/","url":"https:\/\/www.eldiario.net\/portal\/wp-content\/uploads\/2023\/07\/logo_ED.jpg","contentUrl":"https:\/\/www.eldiario.net\/portal\/wp-content\/uploads\/2023\/07\/logo_ED.jpg","width":272,"height":52,"caption":"El Diario - Decano de la prensa nacional"},"image":{"@id":"https:\/\/www.eldiario.net\/portal\/#\/schema\/logo\/image\/"},"sameAs":["https:\/\/www.facebook.com\/eldiario.bolivia\/","https:\/\/x.com\/eldiario_net"]},{"@type":"Person","@id":"https:\/\/www.eldiario.net\/portal\/#\/schema\/person\/f46445640444750d7d753ccd04ae01b7","name":"Jeanette","image":{"@type":"ImageObject","inLanguage":"es","@id":"https:\/\/secure.gravatar.com\/avatar\/3ea2118a5f7dad2b7138b1187a6b7ee55f160b9968b66013c3a3ef39dd7e5798?s=96&d=mm&r=g","url":"https:\/\/secure.gravatar.com\/avatar\/3ea2118a5f7dad2b7138b1187a6b7ee55f160b9968b66013c3a3ef39dd7e5798?s=96&d=mm&r=g","contentUrl":"https:\/\/secure.gravatar.com\/avatar\/3ea2118a5f7dad2b7138b1187a6b7ee55f160b9968b66013c3a3ef39dd7e5798?s=96&d=mm&r=g","caption":"Jeanette"},"sameAs":["https:\/\/www.eldiario.net\/portal"],"url":"https:\/\/www.eldiario.net\/portal\/author\/jeanette\/"}]}},"_links":{"self":[{"href":"https:\/\/www.eldiario.net\/portal\/wp-json\/wp\/v2\/posts\/419591","targetHints":{"allow":["GET"]}}],"collection":[{"href":"https:\/\/www.eldiario.net\/portal\/wp-json\/wp\/v2\/posts"}],"about":[{"href":"https:\/\/www.eldiario.net\/portal\/wp-json\/wp\/v2\/types\/post"}],"author":[{"embeddable":true,"href":"https:\/\/www.eldiario.net\/portal\/wp-json\/wp\/v2\/users\/1"}],"replies":[{"embeddable":true,"href":"https:\/\/www.eldiario.net\/portal\/wp-json\/wp\/v2\/comments?post=419591"}],"version-history":[{"count":1,"href":"https:\/\/www.eldiario.net\/portal\/wp-json\/wp\/v2\/posts\/419591\/revisions"}],"predecessor-version":[{"id":419595,"href":"https:\/\/www.eldiario.net\/portal\/wp-json\/wp\/v2\/posts\/419591\/revisions\/419595"}],"wp:featuredmedia":[{"embeddable":true,"href":"https:\/\/www.eldiario.net\/portal\/wp-json\/wp\/v2\/media\/419594"}],"wp:attachment":[{"href":"https:\/\/www.eldiario.net\/portal\/wp-json\/wp\/v2\/media?parent=419591"}],"wp:term":[{"taxonomy":"category","embeddable":true,"href":"https:\/\/www.eldiario.net\/portal\/wp-json\/wp\/v2\/categories?post=419591"},{"taxonomy":"post_tag","embeddable":true,"href":"https:\/\/www.eldiario.net\/portal\/wp-json\/wp\/v2\/tags?post=419591"}],"curies":[{"name":"wp","href":"https:\/\/api.w.org\/{rel}","templated":true}]}}