{"id":419588,"date":"2026-08-08T07:20:46","date_gmt":"2026-08-08T11:20:46","guid":{"rendered":"https:\/\/www.eldiario.net\/portal\/?p=419588"},"modified":"2026-08-08T07:20:46","modified_gmt":"2026-08-08T11:20:46","slug":"ley-brisa-debe-ser-rechazada-por-riesgos-constitucionales","status":"publish","type":"post","link":"https:\/\/www.eldiario.net\/portal\/2026\/08\/08\/ley-brisa-debe-ser-rechazada-por-riesgos-constitucionales\/","title":{"rendered":"Ley Brisa debe ser rechazada por riesgos constitucionales"},"content":{"rendered":"<p>El abogado penalista, Harold Yessid Alc\u00e1zar Ch\u00e1vez, en contacto con el Decano de la Prensa Nacional plante\u00f3 que el Senado debe rechazar el proyecto de Ley Brisa antes de su aprobaci\u00f3n, al advertir que la norma presenta riesgos constitucionales por posibles afectaciones al debido proceso, la presunci\u00f3n de inocencia, la seguridad jur\u00eddica y la proporcionalidad de las penas, adem\u00e1s de generar cambios en la aplicaci\u00f3n de figuras penales y sus consecuencias judiciales.<\/p>\n<p>Alc\u00e1zar explic\u00f3 que una de las principales observaciones al proyecto est\u00e1 relacionada con la modificaci\u00f3n de figuras penales y el impacto que tendr\u00eda en la aplicaci\u00f3n de las sanciones. Se\u00f1al\u00f3 que la eliminaci\u00f3n del estupro para que determinados hechos sean procesados directamente como violaci\u00f3n modificar\u00eda la forma en que se analizan estos casos, debido a que ambos delitos tienen diferencias en cuanto a sus penas y caracter\u00edsticas jur\u00eddicas.<\/p>\n<p>El abogado sostuvo que el problema no est\u00e1 en la protecci\u00f3n de las v\u00edctimas, sino en que cualquier reforma penal debe permitir que cada caso sea evaluado de manera individual, considerando las circunstancias del hecho y evitando que se establezcan sanciones sin una valoraci\u00f3n integral.<\/p>\n<p>En ese sentido, advirti\u00f3 que la aplicaci\u00f3n de penas m\u00e1s altas sin una diferenciaci\u00f3n adecuada podr\u00eda afectar el principio de proporcionalidad, que forma parte de las garant\u00edas del debido proceso.<\/p>\n<p>Otro de los aspectos observados por Alc\u00e1zar es la modificaci\u00f3n de las reglas de prescripci\u00f3n. Explic\u00f3 que la incorporaci\u00f3n de la imprescriptibilidad en determinados delitos genera un debate sobre la aplicaci\u00f3n temporal de la ley penal, debido a que una persona debe ser juzgada bajo normas conocidas y vigentes al momento en que ocurrieron los hechos.<\/p>\n<p>A criterio del jurista, este tipo de cambios pueden generar inseguridad jur\u00eddica para quienes sean sometidos a procesos penales, debido a que una nueva normativa podr\u00eda tener consecuencias m\u00e1s gravosas respecto a hechos ocurridos anteriormente.<\/p>\n<p>El abogado tambi\u00e9n alert\u00f3 sobre una posible afectaci\u00f3n a la presunci\u00f3n de inocencia y al derecho a la defensa. Explic\u00f3 que una denuncia debe dar lugar a una investigaci\u00f3n, pero que la responsabilidad penal de una persona debe determinarse \u00fanicamente despu\u00e9s de un proceso donde pueda presentar sus argumentos y pruebas.<\/p>\n<p>\u201cBasta la simple declaraci\u00f3n de uno para que te ingresen a un proceso penal\u201d, afirm\u00f3 Alc\u00e1zar, al advertir que una denuncia puede activar un proceso con consecuencias personales, econ\u00f3micas y sociales antes de que exista una sentencia.<\/p>\n<p>Adem\u00e1s, se\u00f1al\u00f3 que la exposici\u00f3n p\u00fablica de este tipo de casos puede generar una condena social anticipada contra personas que todav\u00eda no fueron declaradas responsables por la justicia. Explic\u00f3 que esta situaci\u00f3n puede afectar derechos relacionados con la dignidad, reputaci\u00f3n y entorno familiar de los investigados.<\/p>\n<p>\u201cYa hay una condena social, una muerte civil, porque muchas de estas personas van a estar mostradas como unas figuras de condenas sobre la Ley Brisa\u201d, manifest\u00f3.<\/p>\n<p>Finalmente, Alc\u00e1zar plante\u00f3 que el Senado debe revisar el proyecto antes de aprobarlo y consider\u00f3 que la norma deber\u00eda ser rechazada en su actual versi\u00f3n para posteriormente ser modificada y adecuada al marco constitucional boliviano.<\/p>\n<p>El abogado se\u00f1al\u00f3 que la protecci\u00f3n de las v\u00edctimas debe mantenerse, pero que una norma penal tambi\u00e9n debe respetar las garant\u00edas fundamentales de todas las personas que puedan ser sometidas a un proceso.<\/p>\n<p>\u201cEsta propuesta deber\u00eda ser rechazada para que posteriormente pueda ser modificada y adecuada a la realidad social boliviana, porque esta ley no responde completamente a nuestro contexto, sino que es una copia de normas de otros pa\u00edses\u201d, concluy\u00f3.<\/p>\n","protected":false},"excerpt":{"rendered":"<p>El abogado penalista, Harold Yessid Alc\u00e1zar Ch\u00e1vez, en contacto con el Decano de la Prensa Nacional plante\u00f3 que el Senado debe rechazar el proyecto de Ley Brisa antes de su aprobaci\u00f3n, al advertir que la norma presenta riesgos constitucionales por posibles afectaciones al debido proceso, la presunci\u00f3n de inocencia, la seguridad jur\u00eddica y la proporcionalidad [&hellip;]<\/p>\n","protected":false},"author":1,"featured_media":419589,"comment_status":"closed","ping_status":"open","sticky":false,"template":"","format":"standard","meta":{"_acf_changed":false,"footnotes":""},"categories":[39],"tags":[],"class_list":["post-419588","post","type-post","status-publish","format-standard","has-post-thumbnail","category-sociedad"],"acf":{"antetitulo":""},"yoast_head":"<!-- This site is optimized with the Yoast SEO plugin v28.3 - https:\/\/yoast.com\/product\/yoast-seo-wordpress\/ -->\n<title>Ley Brisa debe ser rechazada por riesgos constitucionales - El Diario - Bolivia<\/title>\n<meta name=\"robots\" content=\"index, follow, max-snippet:-1, max-image-preview:large, max-video-preview:-1\" \/>\n<link rel=\"canonical\" href=\"https:\/\/www.eldiario.net\/portal\/2026\/08\/08\/ley-brisa-debe-ser-rechazada-por-riesgos-constitucionales\/\" \/>\n<meta property=\"og:locale\" content=\"es_ES\" \/>\n<meta property=\"og:type\" content=\"article\" \/>\n<meta property=\"og:title\" content=\"Ley Brisa debe ser rechazada por riesgos constitucionales - El Diario - Bolivia\" \/>\n<meta property=\"og:description\" content=\"El abogado penalista, Harold Yessid Alc\u00e1zar Ch\u00e1vez, en contacto con el Decano de la Prensa Nacional plante\u00f3 que el Senado debe rechazar el proyecto de Ley Brisa antes de su aprobaci\u00f3n, al advertir que la norma presenta riesgos constitucionales por posibles afectaciones al debido proceso, la presunci\u00f3n de inocencia, la seguridad jur\u00eddica y la proporcionalidad [&hellip;]\" \/>\n<meta property=\"og:url\" content=\"https:\/\/www.eldiario.net\/portal\/2026\/08\/08\/ley-brisa-debe-ser-rechazada-por-riesgos-constitucionales\/\" \/>\n<meta property=\"og:site_name\" content=\"El Diario - Bolivia\" \/>\n<meta property=\"article:publisher\" content=\"https:\/\/www.facebook.com\/eldiario.bolivia\/\" \/>\n<meta property=\"article:published_time\" content=\"2026-08-08T11:20:46+00:00\" \/>\n<meta property=\"og:image\" content=\"https:\/\/www.eldiario.net\/portal\/wp-content\/uploads\/2026\/08\/8-BRISA.webp\" \/>\n\t<meta property=\"og:image:width\" content=\"787\" \/>\n\t<meta property=\"og:image:height\" content=\"546\" \/>\n\t<meta property=\"og:image:type\" content=\"image\/webp\" \/>\n<meta name=\"author\" content=\"Jeanette\" \/>\n<meta name=\"twitter:card\" content=\"summary_large_image\" \/>\n<meta name=\"twitter:creator\" content=\"@eldiario_net\" \/>\n<meta name=\"twitter:site\" content=\"@eldiario_net\" \/>\n<meta name=\"twitter:label1\" content=\"Escrito por\" \/>\n\t<meta name=\"twitter:data1\" content=\"Jeanette\" \/>\n\t<meta name=\"twitter:label2\" content=\"Tiempo de lectura\" \/>\n\t<meta name=\"twitter:data2\" content=\"3 minutos\" \/>\n<script type=\"application\/ld+json\" class=\"yoast-schema-graph\">{\"@context\":\"https:\\\/\\\/schema.org\",\"@graph\":[{\"@type\":\"Article\",\"@id\":\"https:\\\/\\\/www.eldiario.net\\\/portal\\\/2026\\\/08\\\/08\\\/ley-brisa-debe-ser-rechazada-por-riesgos-constitucionales\\\/#article\",\"isPartOf\":{\"@id\":\"https:\\\/\\\/www.eldiario.net\\\/portal\\\/2026\\\/08\\\/08\\\/ley-brisa-debe-ser-rechazada-por-riesgos-constitucionales\\\/\"},\"author\":{\"name\":\"Jeanette\",\"@id\":\"https:\\\/\\\/www.eldiario.net\\\/portal\\\/#\\\/schema\\\/person\\\/f46445640444750d7d753ccd04ae01b7\"},\"headline\":\"Ley Brisa debe ser rechazada por riesgos constitucionales\",\"datePublished\":\"2026-08-08T11:20:46+00:00\",\"mainEntityOfPage\":{\"@id\":\"https:\\\/\\\/www.eldiario.net\\\/portal\\\/2026\\\/08\\\/08\\\/ley-brisa-debe-ser-rechazada-por-riesgos-constitucionales\\\/\"},\"wordCount\":639,\"publisher\":{\"@id\":\"https:\\\/\\\/www.eldiario.net\\\/portal\\\/#organization\"},\"image\":{\"@id\":\"https:\\\/\\\/www.eldiario.net\\\/portal\\\/2026\\\/08\\\/08\\\/ley-brisa-debe-ser-rechazada-por-riesgos-constitucionales\\\/#primaryimage\"},\"thumbnailUrl\":\"https:\\\/\\\/www.eldiario.net\\\/portal\\\/wp-content\\\/uploads\\\/2026\\\/08\\\/8-BRISA.webp\",\"articleSection\":[\"Sociedad - Seguridad\"],\"inLanguage\":\"es\"},{\"@type\":\"WebPage\",\"@id\":\"https:\\\/\\\/www.eldiario.net\\\/portal\\\/2026\\\/08\\\/08\\\/ley-brisa-debe-ser-rechazada-por-riesgos-constitucionales\\\/\",\"url\":\"https:\\\/\\\/www.eldiario.net\\\/portal\\\/2026\\\/08\\\/08\\\/ley-brisa-debe-ser-rechazada-por-riesgos-constitucionales\\\/\",\"name\":\"Ley Brisa debe ser rechazada por riesgos constitucionales - El Diario - Bolivia\",\"isPartOf\":{\"@id\":\"https:\\\/\\\/www.eldiario.net\\\/portal\\\/#website\"},\"primaryImageOfPage\":{\"@id\":\"https:\\\/\\\/www.eldiario.net\\\/portal\\\/2026\\\/08\\\/08\\\/ley-brisa-debe-ser-rechazada-por-riesgos-constitucionales\\\/#primaryimage\"},\"image\":{\"@id\":\"https:\\\/\\\/www.eldiario.net\\\/portal\\\/2026\\\/08\\\/08\\\/ley-brisa-debe-ser-rechazada-por-riesgos-constitucionales\\\/#primaryimage\"},\"thumbnailUrl\":\"https:\\\/\\\/www.eldiario.net\\\/portal\\\/wp-content\\\/uploads\\\/2026\\\/08\\\/8-BRISA.webp\",\"datePublished\":\"2026-08-08T11:20:46+00:00\",\"breadcrumb\":{\"@id\":\"https:\\\/\\\/www.eldiario.net\\\/portal\\\/2026\\\/08\\\/08\\\/ley-brisa-debe-ser-rechazada-por-riesgos-constitucionales\\\/#breadcrumb\"},\"inLanguage\":\"es\",\"potentialAction\":[{\"@type\":\"ReadAction\",\"target\":[\"https:\\\/\\\/www.eldiario.net\\\/portal\\\/2026\\\/08\\\/08\\\/ley-brisa-debe-ser-rechazada-por-riesgos-constitucionales\\\/\"]}]},{\"@type\":\"ImageObject\",\"inLanguage\":\"es\",\"@id\":\"https:\\\/\\\/www.eldiario.net\\\/portal\\\/2026\\\/08\\\/08\\\/ley-brisa-debe-ser-rechazada-por-riesgos-constitucionales\\\/#primaryimage\",\"url\":\"https:\\\/\\\/www.eldiario.net\\\/portal\\\/wp-content\\\/uploads\\\/2026\\\/08\\\/8-BRISA.webp\",\"contentUrl\":\"https:\\\/\\\/www.eldiario.net\\\/portal\\\/wp-content\\\/uploads\\\/2026\\\/08\\\/8-BRISA.webp\",\"width\":787,\"height\":546,\"caption\":\"El abogado penalista, Harold Alarc\u00f3n. Cr\u00e9dito de foto: HYAC\"},{\"@type\":\"BreadcrumbList\",\"@id\":\"https:\\\/\\\/www.eldiario.net\\\/portal\\\/2026\\\/08\\\/08\\\/ley-brisa-debe-ser-rechazada-por-riesgos-constitucionales\\\/#breadcrumb\",\"itemListElement\":[{\"@type\":\"ListItem\",\"position\":1,\"name\":\"Portada\",\"item\":\"https:\\\/\\\/www.eldiario.net\\\/portal\\\/\"},{\"@type\":\"ListItem\",\"position\":2,\"name\":\"Ley Brisa debe ser rechazada por riesgos constitucionales\"}]},{\"@type\":\"WebSite\",\"@id\":\"https:\\\/\\\/www.eldiario.net\\\/portal\\\/#website\",\"url\":\"https:\\\/\\\/www.eldiario.net\\\/portal\\\/\",\"name\":\"El Diario - Decano de la prensa nacional\",\"description\":\"El Diario - Decano de la prensa nacional\",\"publisher\":{\"@id\":\"https:\\\/\\\/www.eldiario.net\\\/portal\\\/#organization\"},\"potentialAction\":[{\"@type\":\"SearchAction\",\"target\":{\"@type\":\"EntryPoint\",\"urlTemplate\":\"https:\\\/\\\/www.eldiario.net\\\/portal\\\/?s={search_term_string}\"},\"query-input\":{\"@type\":\"PropertyValueSpecification\",\"valueRequired\":true,\"valueName\":\"search_term_string\"}}],\"inLanguage\":\"es\"},{\"@type\":\"Organization\",\"@id\":\"https:\\\/\\\/www.eldiario.net\\\/portal\\\/#organization\",\"name\":\"El Diario - Decano de la prensa nacional\",\"url\":\"https:\\\/\\\/www.eldiario.net\\\/portal\\\/\",\"logo\":{\"@type\":\"ImageObject\",\"inLanguage\":\"es\",\"@id\":\"https:\\\/\\\/www.eldiario.net\\\/portal\\\/#\\\/schema\\\/logo\\\/image\\\/\",\"url\":\"https:\\\/\\\/www.eldiario.net\\\/portal\\\/wp-content\\\/uploads\\\/2023\\\/07\\\/logo_ED.jpg\",\"contentUrl\":\"https:\\\/\\\/www.eldiario.net\\\/portal\\\/wp-content\\\/uploads\\\/2023\\\/07\\\/logo_ED.jpg\",\"width\":272,\"height\":52,\"caption\":\"El Diario - Decano de la prensa nacional\"},\"image\":{\"@id\":\"https:\\\/\\\/www.eldiario.net\\\/portal\\\/#\\\/schema\\\/logo\\\/image\\\/\"},\"sameAs\":[\"https:\\\/\\\/www.facebook.com\\\/eldiario.bolivia\\\/\",\"https:\\\/\\\/x.com\\\/eldiario_net\"]},{\"@type\":\"Person\",\"@id\":\"https:\\\/\\\/www.eldiario.net\\\/portal\\\/#\\\/schema\\\/person\\\/f46445640444750d7d753ccd04ae01b7\",\"name\":\"Jeanette\",\"image\":{\"@type\":\"ImageObject\",\"inLanguage\":\"es\",\"@id\":\"https:\\\/\\\/secure.gravatar.com\\\/avatar\\\/3ea2118a5f7dad2b7138b1187a6b7ee55f160b9968b66013c3a3ef39dd7e5798?s=96&d=mm&r=g\",\"url\":\"https:\\\/\\\/secure.gravatar.com\\\/avatar\\\/3ea2118a5f7dad2b7138b1187a6b7ee55f160b9968b66013c3a3ef39dd7e5798?s=96&d=mm&r=g\",\"contentUrl\":\"https:\\\/\\\/secure.gravatar.com\\\/avatar\\\/3ea2118a5f7dad2b7138b1187a6b7ee55f160b9968b66013c3a3ef39dd7e5798?s=96&d=mm&r=g\",\"caption\":\"Jeanette\"},\"sameAs\":[\"https:\\\/\\\/www.eldiario.net\\\/portal\"],\"url\":\"https:\\\/\\\/www.eldiario.net\\\/portal\\\/author\\\/jeanette\\\/\"}]}<\/script>\n<!-- \/ Yoast SEO plugin. -->","yoast_head_json":{"title":"Ley Brisa debe ser rechazada por riesgos constitucionales - El Diario - Bolivia","robots":{"index":"index","follow":"follow","max-snippet":"max-snippet:-1","max-image-preview":"max-image-preview:large","max-video-preview":"max-video-preview:-1"},"canonical":"https:\/\/www.eldiario.net\/portal\/2026\/08\/08\/ley-brisa-debe-ser-rechazada-por-riesgos-constitucionales\/","og_locale":"es_ES","og_type":"article","og_title":"Ley Brisa debe ser rechazada por riesgos constitucionales - El Diario - Bolivia","og_description":"El abogado penalista, Harold Yessid Alc\u00e1zar Ch\u00e1vez, en contacto con el Decano de la Prensa Nacional plante\u00f3 que el Senado debe rechazar el proyecto de Ley Brisa antes de su aprobaci\u00f3n, al advertir que la norma presenta riesgos constitucionales por posibles afectaciones al debido proceso, la presunci\u00f3n de inocencia, la seguridad jur\u00eddica y la proporcionalidad [&hellip;]","og_url":"https:\/\/www.eldiario.net\/portal\/2026\/08\/08\/ley-brisa-debe-ser-rechazada-por-riesgos-constitucionales\/","og_site_name":"El Diario - Bolivia","article_publisher":"https:\/\/www.facebook.com\/eldiario.bolivia\/","article_published_time":"2026-08-08T11:20:46+00:00","og_image":[{"width":787,"height":546,"url":"https:\/\/www.eldiario.net\/portal\/wp-content\/uploads\/2026\/08\/8-BRISA.webp","type":"image\/webp"}],"author":"Jeanette","twitter_card":"summary_large_image","twitter_creator":"@eldiario_net","twitter_site":"@eldiario_net","twitter_misc":{"Escrito por":"Jeanette","Tiempo de lectura":"3 minutos"},"schema":{"@context":"https:\/\/schema.org","@graph":[{"@type":"Article","@id":"https:\/\/www.eldiario.net\/portal\/2026\/08\/08\/ley-brisa-debe-ser-rechazada-por-riesgos-constitucionales\/#article","isPartOf":{"@id":"https:\/\/www.eldiario.net\/portal\/2026\/08\/08\/ley-brisa-debe-ser-rechazada-por-riesgos-constitucionales\/"},"author":{"name":"Jeanette","@id":"https:\/\/www.eldiario.net\/portal\/#\/schema\/person\/f46445640444750d7d753ccd04ae01b7"},"headline":"Ley Brisa debe ser rechazada por riesgos constitucionales","datePublished":"2026-08-08T11:20:46+00:00","mainEntityOfPage":{"@id":"https:\/\/www.eldiario.net\/portal\/2026\/08\/08\/ley-brisa-debe-ser-rechazada-por-riesgos-constitucionales\/"},"wordCount":639,"publisher":{"@id":"https:\/\/www.eldiario.net\/portal\/#organization"},"image":{"@id":"https:\/\/www.eldiario.net\/portal\/2026\/08\/08\/ley-brisa-debe-ser-rechazada-por-riesgos-constitucionales\/#primaryimage"},"thumbnailUrl":"https:\/\/www.eldiario.net\/portal\/wp-content\/uploads\/2026\/08\/8-BRISA.webp","articleSection":["Sociedad - Seguridad"],"inLanguage":"es"},{"@type":"WebPage","@id":"https:\/\/www.eldiario.net\/portal\/2026\/08\/08\/ley-brisa-debe-ser-rechazada-por-riesgos-constitucionales\/","url":"https:\/\/www.eldiario.net\/portal\/2026\/08\/08\/ley-brisa-debe-ser-rechazada-por-riesgos-constitucionales\/","name":"Ley Brisa debe ser rechazada por riesgos constitucionales - El Diario - Bolivia","isPartOf":{"@id":"https:\/\/www.eldiario.net\/portal\/#website"},"primaryImageOfPage":{"@id":"https:\/\/www.eldiario.net\/portal\/2026\/08\/08\/ley-brisa-debe-ser-rechazada-por-riesgos-constitucionales\/#primaryimage"},"image":{"@id":"https:\/\/www.eldiario.net\/portal\/2026\/08\/08\/ley-brisa-debe-ser-rechazada-por-riesgos-constitucionales\/#primaryimage"},"thumbnailUrl":"https:\/\/www.eldiario.net\/portal\/wp-content\/uploads\/2026\/08\/8-BRISA.webp","datePublished":"2026-08-08T11:20:46+00:00","breadcrumb":{"@id":"https:\/\/www.eldiario.net\/portal\/2026\/08\/08\/ley-brisa-debe-ser-rechazada-por-riesgos-constitucionales\/#breadcrumb"},"inLanguage":"es","potentialAction":[{"@type":"ReadAction","target":["https:\/\/www.eldiario.net\/portal\/2026\/08\/08\/ley-brisa-debe-ser-rechazada-por-riesgos-constitucionales\/"]}]},{"@type":"ImageObject","inLanguage":"es","@id":"https:\/\/www.eldiario.net\/portal\/2026\/08\/08\/ley-brisa-debe-ser-rechazada-por-riesgos-constitucionales\/#primaryimage","url":"https:\/\/www.eldiario.net\/portal\/wp-content\/uploads\/2026\/08\/8-BRISA.webp","contentUrl":"https:\/\/www.eldiario.net\/portal\/wp-content\/uploads\/2026\/08\/8-BRISA.webp","width":787,"height":546,"caption":"El abogado penalista, Harold Alarc\u00f3n. Cr\u00e9dito de foto: HYAC"},{"@type":"BreadcrumbList","@id":"https:\/\/www.eldiario.net\/portal\/2026\/08\/08\/ley-brisa-debe-ser-rechazada-por-riesgos-constitucionales\/#breadcrumb","itemListElement":[{"@type":"ListItem","position":1,"name":"Portada","item":"https:\/\/www.eldiario.net\/portal\/"},{"@type":"ListItem","position":2,"name":"Ley Brisa debe ser rechazada por riesgos constitucionales"}]},{"@type":"WebSite","@id":"https:\/\/www.eldiario.net\/portal\/#website","url":"https:\/\/www.eldiario.net\/portal\/","name":"El Diario - Decano de la prensa nacional","description":"El Diario - Decano de la prensa nacional","publisher":{"@id":"https:\/\/www.eldiario.net\/portal\/#organization"},"potentialAction":[{"@type":"SearchAction","target":{"@type":"EntryPoint","urlTemplate":"https:\/\/www.eldiario.net\/portal\/?s={search_term_string}"},"query-input":{"@type":"PropertyValueSpecification","valueRequired":true,"valueName":"search_term_string"}}],"inLanguage":"es"},{"@type":"Organization","@id":"https:\/\/www.eldiario.net\/portal\/#organization","name":"El Diario - Decano de la prensa nacional","url":"https:\/\/www.eldiario.net\/portal\/","logo":{"@type":"ImageObject","inLanguage":"es","@id":"https:\/\/www.eldiario.net\/portal\/#\/schema\/logo\/image\/","url":"https:\/\/www.eldiario.net\/portal\/wp-content\/uploads\/2023\/07\/logo_ED.jpg","contentUrl":"https:\/\/www.eldiario.net\/portal\/wp-content\/uploads\/2023\/07\/logo_ED.jpg","width":272,"height":52,"caption":"El Diario - Decano de la prensa nacional"},"image":{"@id":"https:\/\/www.eldiario.net\/portal\/#\/schema\/logo\/image\/"},"sameAs":["https:\/\/www.facebook.com\/eldiario.bolivia\/","https:\/\/x.com\/eldiario_net"]},{"@type":"Person","@id":"https:\/\/www.eldiario.net\/portal\/#\/schema\/person\/f46445640444750d7d753ccd04ae01b7","name":"Jeanette","image":{"@type":"ImageObject","inLanguage":"es","@id":"https:\/\/secure.gravatar.com\/avatar\/3ea2118a5f7dad2b7138b1187a6b7ee55f160b9968b66013c3a3ef39dd7e5798?s=96&d=mm&r=g","url":"https:\/\/secure.gravatar.com\/avatar\/3ea2118a5f7dad2b7138b1187a6b7ee55f160b9968b66013c3a3ef39dd7e5798?s=96&d=mm&r=g","contentUrl":"https:\/\/secure.gravatar.com\/avatar\/3ea2118a5f7dad2b7138b1187a6b7ee55f160b9968b66013c3a3ef39dd7e5798?s=96&d=mm&r=g","caption":"Jeanette"},"sameAs":["https:\/\/www.eldiario.net\/portal"],"url":"https:\/\/www.eldiario.net\/portal\/author\/jeanette\/"}]}},"_links":{"self":[{"href":"https:\/\/www.eldiario.net\/portal\/wp-json\/wp\/v2\/posts\/419588","targetHints":{"allow":["GET"]}}],"collection":[{"href":"https:\/\/www.eldiario.net\/portal\/wp-json\/wp\/v2\/posts"}],"about":[{"href":"https:\/\/www.eldiario.net\/portal\/wp-json\/wp\/v2\/types\/post"}],"author":[{"embeddable":true,"href":"https:\/\/www.eldiario.net\/portal\/wp-json\/wp\/v2\/users\/1"}],"replies":[{"embeddable":true,"href":"https:\/\/www.eldiario.net\/portal\/wp-json\/wp\/v2\/comments?post=419588"}],"version-history":[{"count":1,"href":"https:\/\/www.eldiario.net\/portal\/wp-json\/wp\/v2\/posts\/419588\/revisions"}],"predecessor-version":[{"id":419590,"href":"https:\/\/www.eldiario.net\/portal\/wp-json\/wp\/v2\/posts\/419588\/revisions\/419590"}],"wp:featuredmedia":[{"embeddable":true,"href":"https:\/\/www.eldiario.net\/portal\/wp-json\/wp\/v2\/media\/419589"}],"wp:attachment":[{"href":"https:\/\/www.eldiario.net\/portal\/wp-json\/wp\/v2\/media?parent=419588"}],"wp:term":[{"taxonomy":"category","embeddable":true,"href":"https:\/\/www.eldiario.net\/portal\/wp-json\/wp\/v2\/categories?post=419588"},{"taxonomy":"post_tag","embeddable":true,"href":"https:\/\/www.eldiario.net\/portal\/wp-json\/wp\/v2\/tags?post=419588"}],"curies":[{"name":"wp","href":"https:\/\/api.w.org\/{rel}","templated":true}]}}