{"id":419392,"date":"2026-08-07T07:38:31","date_gmt":"2026-08-07T11:38:31","guid":{"rendered":"https:\/\/www.eldiario.net\/portal\/?p=419392"},"modified":"2026-08-07T07:38:31","modified_gmt":"2026-08-07T11:38:31","slug":"plantean-impulsar-desarrollo-de-fronteras-para-frenar-criminalidad","status":"publish","type":"post","link":"https:\/\/www.eldiario.net\/portal\/2026\/08\/07\/plantean-impulsar-desarrollo-de-fronteras-para-frenar-criminalidad\/","title":{"rendered":"Plantean impulsar desarrollo de fronteras para frenar criminalidad"},"content":{"rendered":"<p>El ministro de Defensa, Ernesto Justiniano, afirm\u00f3 que la lucha contra la inseguridad en las zonas fronterizas no puede limitarse al despliegue de efectivos, sino que debe ir acompa\u00f1ada de pol\u00edticas de desarrollo econ\u00f3mico, social y fortaleciendo la presencia del Estado.<br \/>\nSeg\u00fan la autoridad, la estrategia para enfrentar la criminalidad en las fronteras debe incorporar acciones de desarrollo integral que permitan reducir las condiciones que favorecen el accionar de organizaciones delictivas.<br \/>\nJustiniano adem\u00e1s explic\u00f3 que las regiones fronterizas que enfrentan mayores dificultades econ\u00f3micas y conflictos sociales suelen convertirse en escenarios propicios para el crecimiento de actividades il\u00edcitas, por lo que consider\u00f3 indispensable una intervenci\u00f3n coordinada entre el Gobierno nacional, las gobernaciones y otras instancias del Estado.<br \/>\n\u201cTenemos que ver c\u00f3mo hacemos para que aquellas zonas que enfrentan pobreza econ\u00f3mica o conflictos sociales puedan desarrollarse. Cuando una regi\u00f3n permanece en esas condiciones, se convierte en un caldo de cultivo para la criminalidad. Por eso debemos coordinar entre los diferentes niveles del Estado para cambiar esa realidad\u201d, asever\u00f3.<br \/>\nEn ese marco, se\u00f1al\u00f3 que el fortalecimiento de la presencia estatal en las fronteras tambi\u00e9n pasa por dotar a la Polic\u00eda Boliviana de mejores condiciones para cumplir su labor, mediante la provisi\u00f3n de terrenos para infraestructura, establecimientos adecuados y equipamiento que permitan ampliar la cobertura institucional.<br \/>\nJustiniano indic\u00f3 que estas acciones deber\u00e1n coordinarse con las gobernaciones de los nueve departamentos, en el marco de una estrategia conjunta para consolidar la seguridad en las zonas lim\u00edtrofes.<br \/>\nLas declaraciones complementan las realizadas en el marco de la reuni\u00f3n entre el Gobierno nacional y los gobernadores, desarrollada el mi\u00e9rcoles en la Casa de la Libertad de Sucre, cuando el ministro identific\u00f3 a San Mat\u00edas, en el departamento de Santa Cruz, como una de las fronteras que actualmente genera mayor preocupaci\u00f3n por los problemas de seguridad. En esa oportunidad, ratific\u00f3 que las Fuerzas Armadas respaldan a la Polic\u00eda Boliviana en las regiones donde su presencia resulta necesaria e inst\u00f3 a conformar los Consejos Departamentales de Seguridad para fortalecer la coordinaci\u00f3n entre los distintos niveles del Estado.<br \/>\nPara el ministro, la seguridad fronteriza requiere una respuesta integral que combine la presencia efectiva de las instituciones del Estado con pol\u00edticas de desarrollo que generen mejores oportunidades para la poblaci\u00f3n y reduzcan los factores que favorecen la delincuencia.<br \/>\nEn las \u00faltimas semanas, localidades fronterizas de la regi\u00f3n oriental del pa\u00eds y la propia capital cruce\u00f1a han sido testigos de diez asesinatos violentos atribuidos al crimen organizado.<br \/>\nLa tarde del mi\u00e9rcoles, en el tercer anillo externo de la ciudad de Santa Cruz, a menos de 300 metros de la avenida Busch, un ciudadano extranjero fue acribillado en plena v\u00eda p\u00fablica por un sujeto que lleg\u00f3 con un arma de fuego y dispar\u00f3 contra su humanidad varias veces para luego darse a la fuga.<br \/>\nPreviamente, el pasado 29 de julio, un grupo armado irrumpi\u00f3 en una propiedad del municipio de San Mat\u00edas y atac\u00f3 con armas de fuego a las personas que se encontraban en el lugar, provocando la muerte de tres v\u00edctimas iniciales, a las que se sum\u00f3 un cuarto fallecido que previamente hab\u00eda sido trasladado a un centro m\u00e9dico.<br \/>\nUn d\u00eda despu\u00e9s, el jueves 30 de julio, tambi\u00e9n en San Mat\u00edas, el subteniente de la Polic\u00eda, Yerson Salazar, fue interceptado por sujetos armados, quienes abrieron fuego contra el veh\u00edculo en el que se encontraba provocando su muerte. En este caso, el cuerpo del efectivo hab\u00eda sido secuestrado y posteriormente hallado cerca de una de una pista clandestina de la zona.<br \/>\nEl mismo d\u00eda se report\u00f3 el hallazgo de dos cuerpos decapitados cerca de un camino ubicado a unos cinco kil\u00f3metros del \u00e1rea urbana de Yapacan\u00ed. Los cuerpos pertenec\u00edan a dos j\u00f3venes de 25 y 22 a\u00f1os que, seg\u00fan pericias, fueron v\u00edctimas de tortura antes de ser decapitados.<br \/>\nLa jornada del domingo 2 de agosto, se conoci\u00f3 que un hombre de nacionalidad brasile\u00f1a fue abatido a tiros al interior de un local nocturno de la ciudad de Santa Cruz de la Sierra. Desde la Fiscal\u00eda confirmaron que se trataba de un extranjero de 36 a\u00f1os, mientras que la autopsia revel\u00f3 que muri\u00f3 producto de siete impactos de bala.<br \/>\nEl mismo d\u00eda, en horas de la noche, en el municipio de San Ignacio de Velasco se report\u00f3 una balacera en un negocio de venta de comida donde un hombre, de profesi\u00f3n veterinario de 40 a\u00f1os, fue asesinado con 22 disparos de arma de fuego.<br \/>\nTodos los casos est\u00e1n siendo investigado por las diferentes unidades policiales con apoyo de la Fiscal\u00eda, mientras que los controles policiales se refuerzan en algunas zonas, luego de que desde el Ministerio de la Gobierno se\u00f1alaran que existe una posible disputa en territorio nacional entre miembros del Primer Comando de la Capital y el Comando Vermelho de Brasil.<\/p>\n<figure id=\"attachment_419394\" aria-describedby=\"caption-attachment-419394\" style=\"width: 640px\" class=\"wp-caption aligncenter\"><img loading=\"lazy\" decoding=\"async\" class=\"size-full wp-image-419394\" src=\"https:\/\/www.eldiario.net\/portal\/wp-content\/uploads\/2026\/08\/1FRONTERAS.webp\" alt=\"\" width=\"640\" height=\"359\" srcset=\"https:\/\/www.eldiario.net\/portal\/wp-content\/uploads\/2026\/08\/1FRONTERAS.webp 640w, https:\/\/www.eldiario.net\/portal\/wp-content\/uploads\/2026\/08\/1FRONTERAS-300x168.webp 300w, https:\/\/www.eldiario.net\/portal\/wp-content\/uploads\/2026\/08\/1FRONTERAS-150x84.webp 150w\" sizes=\"auto, (max-width: 640px) 100vw, 640px\" \/><figcaption id=\"caption-attachment-419394\" class=\"wp-caption-text\">Intensificar\u00e1n lucha contra la inseguridad en las zonas fronterizas del pa\u00eds.<\/figcaption><\/figure>\n","protected":false},"excerpt":{"rendered":"<p>El ministro de Defensa, Ernesto Justiniano, afirm\u00f3 que la lucha contra la inseguridad en las zonas fronterizas no puede limitarse al despliegue de efectivos, sino que debe ir acompa\u00f1ada de pol\u00edticas de desarrollo econ\u00f3mico, social y fortaleciendo la presencia del Estado. Seg\u00fan la autoridad, la estrategia para enfrentar la criminalidad en las fronteras debe incorporar [&hellip;]<\/p>\n","protected":false},"author":1,"featured_media":419393,"comment_status":"closed","ping_status":"open","sticky":false,"template":"","format":"standard","meta":{"_acf_changed":false,"footnotes":""},"categories":[39],"tags":[],"class_list":["post-419392","post","type-post","status-publish","format-standard","has-post-thumbnail","category-sociedad"],"acf":{"antetitulo":"En una intervenci\u00f3n coordinada"},"yoast_head":"<!-- This site is optimized with the Yoast SEO plugin v28.3 - https:\/\/yoast.com\/product\/yoast-seo-wordpress\/ -->\n<title>Plantean impulsar desarrollo de fronteras para frenar criminalidad - El Diario - Bolivia<\/title>\n<meta name=\"robots\" content=\"index, follow, max-snippet:-1, max-image-preview:large, max-video-preview:-1\" \/>\n<link rel=\"canonical\" href=\"https:\/\/www.eldiario.net\/portal\/2026\/08\/07\/plantean-impulsar-desarrollo-de-fronteras-para-frenar-criminalidad\/\" \/>\n<meta property=\"og:locale\" content=\"es_ES\" \/>\n<meta property=\"og:type\" content=\"article\" \/>\n<meta property=\"og:title\" content=\"Plantean impulsar desarrollo de fronteras para frenar criminalidad - El Diario - Bolivia\" \/>\n<meta property=\"og:description\" content=\"El ministro de Defensa, Ernesto Justiniano, afirm\u00f3 que la lucha contra la inseguridad en las zonas fronterizas no puede limitarse al despliegue de efectivos, sino que debe ir acompa\u00f1ada de pol\u00edticas de desarrollo econ\u00f3mico, social y fortaleciendo la presencia del Estado. Seg\u00fan la autoridad, la estrategia para enfrentar la criminalidad en las fronteras debe incorporar [&hellip;]\" \/>\n<meta property=\"og:url\" content=\"https:\/\/www.eldiario.net\/portal\/2026\/08\/07\/plantean-impulsar-desarrollo-de-fronteras-para-frenar-criminalidad\/\" \/>\n<meta property=\"og:site_name\" content=\"El Diario - Bolivia\" \/>\n<meta property=\"article:publisher\" content=\"https:\/\/www.facebook.com\/eldiario.bolivia\/\" \/>\n<meta property=\"article:published_time\" content=\"2026-08-07T11:38:31+00:00\" \/>\n<meta property=\"og:image\" content=\"https:\/\/www.eldiario.net\/portal\/wp-content\/uploads\/2026\/08\/1FRONTERAS-JUSTINIANO.webp\" \/>\n\t<meta property=\"og:image:width\" content=\"1200\" \/>\n\t<meta property=\"og:image:height\" content=\"675\" \/>\n\t<meta property=\"og:image:type\" content=\"image\/webp\" \/>\n<meta name=\"author\" content=\"Jeanette\" \/>\n<meta name=\"twitter:card\" content=\"summary_large_image\" \/>\n<meta name=\"twitter:creator\" content=\"@eldiario_net\" \/>\n<meta name=\"twitter:site\" content=\"@eldiario_net\" \/>\n<meta name=\"twitter:label1\" content=\"Escrito por\" \/>\n\t<meta name=\"twitter:data1\" content=\"Jeanette\" \/>\n\t<meta name=\"twitter:label2\" content=\"Tiempo de lectura\" \/>\n\t<meta name=\"twitter:data2\" content=\"5 minutos\" \/>\n<script type=\"application\/ld+json\" class=\"yoast-schema-graph\">{\"@context\":\"https:\\\/\\\/schema.org\",\"@graph\":[{\"@type\":\"Article\",\"@id\":\"https:\\\/\\\/www.eldiario.net\\\/portal\\\/2026\\\/08\\\/07\\\/plantean-impulsar-desarrollo-de-fronteras-para-frenar-criminalidad\\\/#article\",\"isPartOf\":{\"@id\":\"https:\\\/\\\/www.eldiario.net\\\/portal\\\/2026\\\/08\\\/07\\\/plantean-impulsar-desarrollo-de-fronteras-para-frenar-criminalidad\\\/\"},\"author\":{\"name\":\"Jeanette\",\"@id\":\"https:\\\/\\\/www.eldiario.net\\\/portal\\\/#\\\/schema\\\/person\\\/f46445640444750d7d753ccd04ae01b7\"},\"headline\":\"Plantean impulsar desarrollo de fronteras para frenar criminalidad\",\"datePublished\":\"2026-08-07T11:38:31+00:00\",\"mainEntityOfPage\":{\"@id\":\"https:\\\/\\\/www.eldiario.net\\\/portal\\\/2026\\\/08\\\/07\\\/plantean-impulsar-desarrollo-de-fronteras-para-frenar-criminalidad\\\/\"},\"wordCount\":866,\"publisher\":{\"@id\":\"https:\\\/\\\/www.eldiario.net\\\/portal\\\/#organization\"},\"image\":{\"@id\":\"https:\\\/\\\/www.eldiario.net\\\/portal\\\/2026\\\/08\\\/07\\\/plantean-impulsar-desarrollo-de-fronteras-para-frenar-criminalidad\\\/#primaryimage\"},\"thumbnailUrl\":\"https:\\\/\\\/www.eldiario.net\\\/portal\\\/wp-content\\\/uploads\\\/2026\\\/08\\\/1FRONTERAS-JUSTINIANO.webp\",\"articleSection\":[\"Sociedad - Seguridad\"],\"inLanguage\":\"es\"},{\"@type\":\"WebPage\",\"@id\":\"https:\\\/\\\/www.eldiario.net\\\/portal\\\/2026\\\/08\\\/07\\\/plantean-impulsar-desarrollo-de-fronteras-para-frenar-criminalidad\\\/\",\"url\":\"https:\\\/\\\/www.eldiario.net\\\/portal\\\/2026\\\/08\\\/07\\\/plantean-impulsar-desarrollo-de-fronteras-para-frenar-criminalidad\\\/\",\"name\":\"Plantean impulsar desarrollo de fronteras para frenar criminalidad - El Diario - Bolivia\",\"isPartOf\":{\"@id\":\"https:\\\/\\\/www.eldiario.net\\\/portal\\\/#website\"},\"primaryImageOfPage\":{\"@id\":\"https:\\\/\\\/www.eldiario.net\\\/portal\\\/2026\\\/08\\\/07\\\/plantean-impulsar-desarrollo-de-fronteras-para-frenar-criminalidad\\\/#primaryimage\"},\"image\":{\"@id\":\"https:\\\/\\\/www.eldiario.net\\\/portal\\\/2026\\\/08\\\/07\\\/plantean-impulsar-desarrollo-de-fronteras-para-frenar-criminalidad\\\/#primaryimage\"},\"thumbnailUrl\":\"https:\\\/\\\/www.eldiario.net\\\/portal\\\/wp-content\\\/uploads\\\/2026\\\/08\\\/1FRONTERAS-JUSTINIANO.webp\",\"datePublished\":\"2026-08-07T11:38:31+00:00\",\"breadcrumb\":{\"@id\":\"https:\\\/\\\/www.eldiario.net\\\/portal\\\/2026\\\/08\\\/07\\\/plantean-impulsar-desarrollo-de-fronteras-para-frenar-criminalidad\\\/#breadcrumb\"},\"inLanguage\":\"es\",\"potentialAction\":[{\"@type\":\"ReadAction\",\"target\":[\"https:\\\/\\\/www.eldiario.net\\\/portal\\\/2026\\\/08\\\/07\\\/plantean-impulsar-desarrollo-de-fronteras-para-frenar-criminalidad\\\/\"]}]},{\"@type\":\"ImageObject\",\"inLanguage\":\"es\",\"@id\":\"https:\\\/\\\/www.eldiario.net\\\/portal\\\/2026\\\/08\\\/07\\\/plantean-impulsar-desarrollo-de-fronteras-para-frenar-criminalidad\\\/#primaryimage\",\"url\":\"https:\\\/\\\/www.eldiario.net\\\/portal\\\/wp-content\\\/uploads\\\/2026\\\/08\\\/1FRONTERAS-JUSTINIANO.webp\",\"contentUrl\":\"https:\\\/\\\/www.eldiario.net\\\/portal\\\/wp-content\\\/uploads\\\/2026\\\/08\\\/1FRONTERAS-JUSTINIANO.webp\",\"width\":1200,\"height\":675},{\"@type\":\"BreadcrumbList\",\"@id\":\"https:\\\/\\\/www.eldiario.net\\\/portal\\\/2026\\\/08\\\/07\\\/plantean-impulsar-desarrollo-de-fronteras-para-frenar-criminalidad\\\/#breadcrumb\",\"itemListElement\":[{\"@type\":\"ListItem\",\"position\":1,\"name\":\"Portada\",\"item\":\"https:\\\/\\\/www.eldiario.net\\\/portal\\\/\"},{\"@type\":\"ListItem\",\"position\":2,\"name\":\"Plantean impulsar desarrollo de fronteras para frenar criminalidad\"}]},{\"@type\":\"WebSite\",\"@id\":\"https:\\\/\\\/www.eldiario.net\\\/portal\\\/#website\",\"url\":\"https:\\\/\\\/www.eldiario.net\\\/portal\\\/\",\"name\":\"El Diario - Decano de la prensa nacional\",\"description\":\"El Diario - Decano de la prensa nacional\",\"publisher\":{\"@id\":\"https:\\\/\\\/www.eldiario.net\\\/portal\\\/#organization\"},\"potentialAction\":[{\"@type\":\"SearchAction\",\"target\":{\"@type\":\"EntryPoint\",\"urlTemplate\":\"https:\\\/\\\/www.eldiario.net\\\/portal\\\/?s={search_term_string}\"},\"query-input\":{\"@type\":\"PropertyValueSpecification\",\"valueRequired\":true,\"valueName\":\"search_term_string\"}}],\"inLanguage\":\"es\"},{\"@type\":\"Organization\",\"@id\":\"https:\\\/\\\/www.eldiario.net\\\/portal\\\/#organization\",\"name\":\"El Diario - Decano de la prensa nacional\",\"url\":\"https:\\\/\\\/www.eldiario.net\\\/portal\\\/\",\"logo\":{\"@type\":\"ImageObject\",\"inLanguage\":\"es\",\"@id\":\"https:\\\/\\\/www.eldiario.net\\\/portal\\\/#\\\/schema\\\/logo\\\/image\\\/\",\"url\":\"https:\\\/\\\/www.eldiario.net\\\/portal\\\/wp-content\\\/uploads\\\/2023\\\/07\\\/logo_ED.jpg\",\"contentUrl\":\"https:\\\/\\\/www.eldiario.net\\\/portal\\\/wp-content\\\/uploads\\\/2023\\\/07\\\/logo_ED.jpg\",\"width\":272,\"height\":52,\"caption\":\"El Diario - Decano de la prensa nacional\"},\"image\":{\"@id\":\"https:\\\/\\\/www.eldiario.net\\\/portal\\\/#\\\/schema\\\/logo\\\/image\\\/\"},\"sameAs\":[\"https:\\\/\\\/www.facebook.com\\\/eldiario.bolivia\\\/\",\"https:\\\/\\\/x.com\\\/eldiario_net\"]},{\"@type\":\"Person\",\"@id\":\"https:\\\/\\\/www.eldiario.net\\\/portal\\\/#\\\/schema\\\/person\\\/f46445640444750d7d753ccd04ae01b7\",\"name\":\"Jeanette\",\"image\":{\"@type\":\"ImageObject\",\"inLanguage\":\"es\",\"@id\":\"https:\\\/\\\/secure.gravatar.com\\\/avatar\\\/3ea2118a5f7dad2b7138b1187a6b7ee55f160b9968b66013c3a3ef39dd7e5798?s=96&d=mm&r=g\",\"url\":\"https:\\\/\\\/secure.gravatar.com\\\/avatar\\\/3ea2118a5f7dad2b7138b1187a6b7ee55f160b9968b66013c3a3ef39dd7e5798?s=96&d=mm&r=g\",\"contentUrl\":\"https:\\\/\\\/secure.gravatar.com\\\/avatar\\\/3ea2118a5f7dad2b7138b1187a6b7ee55f160b9968b66013c3a3ef39dd7e5798?s=96&d=mm&r=g\",\"caption\":\"Jeanette\"},\"sameAs\":[\"https:\\\/\\\/www.eldiario.net\\\/portal\"],\"url\":\"https:\\\/\\\/www.eldiario.net\\\/portal\\\/author\\\/jeanette\\\/\"}]}<\/script>\n<!-- \/ Yoast SEO plugin. -->","yoast_head_json":{"title":"Plantean impulsar desarrollo de fronteras para frenar criminalidad - El Diario - Bolivia","robots":{"index":"index","follow":"follow","max-snippet":"max-snippet:-1","max-image-preview":"max-image-preview:large","max-video-preview":"max-video-preview:-1"},"canonical":"https:\/\/www.eldiario.net\/portal\/2026\/08\/07\/plantean-impulsar-desarrollo-de-fronteras-para-frenar-criminalidad\/","og_locale":"es_ES","og_type":"article","og_title":"Plantean impulsar desarrollo de fronteras para frenar criminalidad - El Diario - Bolivia","og_description":"El ministro de Defensa, Ernesto Justiniano, afirm\u00f3 que la lucha contra la inseguridad en las zonas fronterizas no puede limitarse al despliegue de efectivos, sino que debe ir acompa\u00f1ada de pol\u00edticas de desarrollo econ\u00f3mico, social y fortaleciendo la presencia del Estado. Seg\u00fan la autoridad, la estrategia para enfrentar la criminalidad en las fronteras debe incorporar [&hellip;]","og_url":"https:\/\/www.eldiario.net\/portal\/2026\/08\/07\/plantean-impulsar-desarrollo-de-fronteras-para-frenar-criminalidad\/","og_site_name":"El Diario - Bolivia","article_publisher":"https:\/\/www.facebook.com\/eldiario.bolivia\/","article_published_time":"2026-08-07T11:38:31+00:00","og_image":[{"width":1200,"height":675,"url":"https:\/\/www.eldiario.net\/portal\/wp-content\/uploads\/2026\/08\/1FRONTERAS-JUSTINIANO.webp","type":"image\/webp"}],"author":"Jeanette","twitter_card":"summary_large_image","twitter_creator":"@eldiario_net","twitter_site":"@eldiario_net","twitter_misc":{"Escrito por":"Jeanette","Tiempo de lectura":"5 minutos"},"schema":{"@context":"https:\/\/schema.org","@graph":[{"@type":"Article","@id":"https:\/\/www.eldiario.net\/portal\/2026\/08\/07\/plantean-impulsar-desarrollo-de-fronteras-para-frenar-criminalidad\/#article","isPartOf":{"@id":"https:\/\/www.eldiario.net\/portal\/2026\/08\/07\/plantean-impulsar-desarrollo-de-fronteras-para-frenar-criminalidad\/"},"author":{"name":"Jeanette","@id":"https:\/\/www.eldiario.net\/portal\/#\/schema\/person\/f46445640444750d7d753ccd04ae01b7"},"headline":"Plantean impulsar desarrollo de fronteras para frenar criminalidad","datePublished":"2026-08-07T11:38:31+00:00","mainEntityOfPage":{"@id":"https:\/\/www.eldiario.net\/portal\/2026\/08\/07\/plantean-impulsar-desarrollo-de-fronteras-para-frenar-criminalidad\/"},"wordCount":866,"publisher":{"@id":"https:\/\/www.eldiario.net\/portal\/#organization"},"image":{"@id":"https:\/\/www.eldiario.net\/portal\/2026\/08\/07\/plantean-impulsar-desarrollo-de-fronteras-para-frenar-criminalidad\/#primaryimage"},"thumbnailUrl":"https:\/\/www.eldiario.net\/portal\/wp-content\/uploads\/2026\/08\/1FRONTERAS-JUSTINIANO.webp","articleSection":["Sociedad - Seguridad"],"inLanguage":"es"},{"@type":"WebPage","@id":"https:\/\/www.eldiario.net\/portal\/2026\/08\/07\/plantean-impulsar-desarrollo-de-fronteras-para-frenar-criminalidad\/","url":"https:\/\/www.eldiario.net\/portal\/2026\/08\/07\/plantean-impulsar-desarrollo-de-fronteras-para-frenar-criminalidad\/","name":"Plantean impulsar desarrollo de fronteras para frenar criminalidad - El Diario - Bolivia","isPartOf":{"@id":"https:\/\/www.eldiario.net\/portal\/#website"},"primaryImageOfPage":{"@id":"https:\/\/www.eldiario.net\/portal\/2026\/08\/07\/plantean-impulsar-desarrollo-de-fronteras-para-frenar-criminalidad\/#primaryimage"},"image":{"@id":"https:\/\/www.eldiario.net\/portal\/2026\/08\/07\/plantean-impulsar-desarrollo-de-fronteras-para-frenar-criminalidad\/#primaryimage"},"thumbnailUrl":"https:\/\/www.eldiario.net\/portal\/wp-content\/uploads\/2026\/08\/1FRONTERAS-JUSTINIANO.webp","datePublished":"2026-08-07T11:38:31+00:00","breadcrumb":{"@id":"https:\/\/www.eldiario.net\/portal\/2026\/08\/07\/plantean-impulsar-desarrollo-de-fronteras-para-frenar-criminalidad\/#breadcrumb"},"inLanguage":"es","potentialAction":[{"@type":"ReadAction","target":["https:\/\/www.eldiario.net\/portal\/2026\/08\/07\/plantean-impulsar-desarrollo-de-fronteras-para-frenar-criminalidad\/"]}]},{"@type":"ImageObject","inLanguage":"es","@id":"https:\/\/www.eldiario.net\/portal\/2026\/08\/07\/plantean-impulsar-desarrollo-de-fronteras-para-frenar-criminalidad\/#primaryimage","url":"https:\/\/www.eldiario.net\/portal\/wp-content\/uploads\/2026\/08\/1FRONTERAS-JUSTINIANO.webp","contentUrl":"https:\/\/www.eldiario.net\/portal\/wp-content\/uploads\/2026\/08\/1FRONTERAS-JUSTINIANO.webp","width":1200,"height":675},{"@type":"BreadcrumbList","@id":"https:\/\/www.eldiario.net\/portal\/2026\/08\/07\/plantean-impulsar-desarrollo-de-fronteras-para-frenar-criminalidad\/#breadcrumb","itemListElement":[{"@type":"ListItem","position":1,"name":"Portada","item":"https:\/\/www.eldiario.net\/portal\/"},{"@type":"ListItem","position":2,"name":"Plantean impulsar desarrollo de fronteras para frenar criminalidad"}]},{"@type":"WebSite","@id":"https:\/\/www.eldiario.net\/portal\/#website","url":"https:\/\/www.eldiario.net\/portal\/","name":"El Diario - Decano de la prensa nacional","description":"El Diario - Decano de la prensa nacional","publisher":{"@id":"https:\/\/www.eldiario.net\/portal\/#organization"},"potentialAction":[{"@type":"SearchAction","target":{"@type":"EntryPoint","urlTemplate":"https:\/\/www.eldiario.net\/portal\/?s={search_term_string}"},"query-input":{"@type":"PropertyValueSpecification","valueRequired":true,"valueName":"search_term_string"}}],"inLanguage":"es"},{"@type":"Organization","@id":"https:\/\/www.eldiario.net\/portal\/#organization","name":"El Diario - Decano de la prensa nacional","url":"https:\/\/www.eldiario.net\/portal\/","logo":{"@type":"ImageObject","inLanguage":"es","@id":"https:\/\/www.eldiario.net\/portal\/#\/schema\/logo\/image\/","url":"https:\/\/www.eldiario.net\/portal\/wp-content\/uploads\/2023\/07\/logo_ED.jpg","contentUrl":"https:\/\/www.eldiario.net\/portal\/wp-content\/uploads\/2023\/07\/logo_ED.jpg","width":272,"height":52,"caption":"El Diario - Decano de la prensa nacional"},"image":{"@id":"https:\/\/www.eldiario.net\/portal\/#\/schema\/logo\/image\/"},"sameAs":["https:\/\/www.facebook.com\/eldiario.bolivia\/","https:\/\/x.com\/eldiario_net"]},{"@type":"Person","@id":"https:\/\/www.eldiario.net\/portal\/#\/schema\/person\/f46445640444750d7d753ccd04ae01b7","name":"Jeanette","image":{"@type":"ImageObject","inLanguage":"es","@id":"https:\/\/secure.gravatar.com\/avatar\/3ea2118a5f7dad2b7138b1187a6b7ee55f160b9968b66013c3a3ef39dd7e5798?s=96&d=mm&r=g","url":"https:\/\/secure.gravatar.com\/avatar\/3ea2118a5f7dad2b7138b1187a6b7ee55f160b9968b66013c3a3ef39dd7e5798?s=96&d=mm&r=g","contentUrl":"https:\/\/secure.gravatar.com\/avatar\/3ea2118a5f7dad2b7138b1187a6b7ee55f160b9968b66013c3a3ef39dd7e5798?s=96&d=mm&r=g","caption":"Jeanette"},"sameAs":["https:\/\/www.eldiario.net\/portal"],"url":"https:\/\/www.eldiario.net\/portal\/author\/jeanette\/"}]}},"_links":{"self":[{"href":"https:\/\/www.eldiario.net\/portal\/wp-json\/wp\/v2\/posts\/419392","targetHints":{"allow":["GET"]}}],"collection":[{"href":"https:\/\/www.eldiario.net\/portal\/wp-json\/wp\/v2\/posts"}],"about":[{"href":"https:\/\/www.eldiario.net\/portal\/wp-json\/wp\/v2\/types\/post"}],"author":[{"embeddable":true,"href":"https:\/\/www.eldiario.net\/portal\/wp-json\/wp\/v2\/users\/1"}],"replies":[{"embeddable":true,"href":"https:\/\/www.eldiario.net\/portal\/wp-json\/wp\/v2\/comments?post=419392"}],"version-history":[{"count":1,"href":"https:\/\/www.eldiario.net\/portal\/wp-json\/wp\/v2\/posts\/419392\/revisions"}],"predecessor-version":[{"id":419395,"href":"https:\/\/www.eldiario.net\/portal\/wp-json\/wp\/v2\/posts\/419392\/revisions\/419395"}],"wp:featuredmedia":[{"embeddable":true,"href":"https:\/\/www.eldiario.net\/portal\/wp-json\/wp\/v2\/media\/419393"}],"wp:attachment":[{"href":"https:\/\/www.eldiario.net\/portal\/wp-json\/wp\/v2\/media?parent=419392"}],"wp:term":[{"taxonomy":"category","embeddable":true,"href":"https:\/\/www.eldiario.net\/portal\/wp-json\/wp\/v2\/categories?post=419392"},{"taxonomy":"post_tag","embeddable":true,"href":"https:\/\/www.eldiario.net\/portal\/wp-json\/wp\/v2\/tags?post=419392"}],"curies":[{"name":"wp","href":"https:\/\/api.w.org\/{rel}","templated":true}]}}