{"id":419365,"date":"2026-08-07T07:15:03","date_gmt":"2026-08-07T11:15:03","guid":{"rendered":"https:\/\/www.eldiario.net\/portal\/?p=419365"},"modified":"2026-08-07T07:15:03","modified_gmt":"2026-08-07T11:15:03","slug":"ciclon-extratropical-amenaza-a-cuatro-paises-de-sudamerica","status":"publish","type":"post","link":"https:\/\/www.eldiario.net\/portal\/2026\/08\/07\/ciclon-extratropical-amenaza-a-cuatro-paises-de-sudamerica\/","title":{"rendered":"Cicl\u00f3n extratropical amenaza a cuatro pa\u00edses de Sudam\u00e9rica"},"content":{"rendered":"<p>Los servicios meteorol\u00f3gicos de Brasil, Uruguay, Argentina y Paraguay emitieron alertas de seguimiento ante la inminente formaci\u00f3n y desplazamiento de un potente cicl\u00f3n extratropical en el Cono Sur.<br \/>\nEl fen\u00f3meno meteorol\u00f3gico provocar\u00e1 un marcado deterioro de las condiciones clim\u00e1ticas en las pr\u00f3ximas horas, con vientos sostenidos de gran intensidad, lluvias severas y un brusco descenso t\u00e9rmico en toda la regi\u00f3n.<br \/>\nExpertos en meteorolog\u00eda advierten que el sistema cicl\u00f3nico se perfila como uno de los eventos clim\u00e1ticos m\u00e1s intensos de la semana a nivel regional.<br \/>\nEl n\u00facleo del fen\u00f3meno generar\u00e1 r\u00e1fagas de viento que podr\u00edan superar velocidades de entre 100 y 120 km\/h, concentr\u00e1ndose la mayor fuerza del temporal en el sur del territorio brasile\u00f1o y en la totalidad de la Rep\u00fablica Oriental del Uruguay.<br \/>\nLa evoluci\u00f3n del cicl\u00f3n que se form\u00f3 en el Atl\u00e1ntico Sur estar\u00e1 acompa\u00f1ada por la llegada de un frente fr\u00edo que desencadenar\u00e1 tormentas el\u00e9ctricas de severa intensidad.<\/p>\n","protected":false},"excerpt":{"rendered":"<p>Los servicios meteorol\u00f3gicos de Brasil, Uruguay, Argentina y Paraguay emitieron alertas de seguimiento ante la inminente formaci\u00f3n y desplazamiento de un potente cicl\u00f3n extratropical en el Cono Sur. El fen\u00f3meno meteorol\u00f3gico provocar\u00e1 un marcado deterioro de las condiciones clim\u00e1ticas en las pr\u00f3ximas horas, con vientos sostenidos de gran intensidad, lluvias severas y un brusco descenso [&hellip;]<\/p>\n","protected":false},"author":1,"featured_media":419366,"comment_status":"closed","ping_status":"open","sticky":false,"template":"","format":"standard","meta":{"_acf_changed":false,"footnotes":""},"categories":[15],"tags":[],"class_list":["post-419365","post","type-post","status-publish","format-standard","has-post-thumbnail","category-portada"],"acf":{"antetitulo":""},"yoast_head":"<!-- This site is optimized with the Yoast SEO plugin v28.4 - https:\/\/yoast.com\/product\/yoast-seo-wordpress\/ -->\n<title>Cicl\u00f3n extratropical amenaza a cuatro pa\u00edses de Sudam\u00e9rica - El Diario - Bolivia<\/title>\n<meta name=\"robots\" content=\"index, follow, max-snippet:-1, max-image-preview:large, max-video-preview:-1\" \/>\n<link rel=\"canonical\" href=\"https:\/\/www.eldiario.net\/portal\/2026\/08\/07\/ciclon-extratropical-amenaza-a-cuatro-paises-de-sudamerica\/\" \/>\n<meta property=\"og:locale\" content=\"es_ES\" \/>\n<meta property=\"og:type\" content=\"article\" \/>\n<meta property=\"og:title\" content=\"Cicl\u00f3n extratropical amenaza a cuatro pa\u00edses de Sudam\u00e9rica - El Diario - Bolivia\" \/>\n<meta property=\"og:description\" content=\"Los servicios meteorol\u00f3gicos de Brasil, Uruguay, Argentina y Paraguay emitieron alertas de seguimiento ante la inminente formaci\u00f3n y desplazamiento de un potente cicl\u00f3n extratropical en el Cono Sur. El fen\u00f3meno meteorol\u00f3gico provocar\u00e1 un marcado deterioro de las condiciones clim\u00e1ticas en las pr\u00f3ximas horas, con vientos sostenidos de gran intensidad, lluvias severas y un brusco descenso [&hellip;]\" \/>\n<meta property=\"og:url\" content=\"https:\/\/www.eldiario.net\/portal\/2026\/08\/07\/ciclon-extratropical-amenaza-a-cuatro-paises-de-sudamerica\/\" \/>\n<meta property=\"og:site_name\" content=\"El Diario - Bolivia\" \/>\n<meta property=\"article:publisher\" content=\"https:\/\/www.facebook.com\/eldiario.bolivia\/\" \/>\n<meta property=\"article:published_time\" content=\"2026-08-07T11:15:03+00:00\" \/>\n<meta property=\"og:image\" content=\"https:\/\/www.eldiario.net\/portal\/wp-content\/uploads\/2026\/08\/CICLON-climatempo.br-10-cm-x-7.webp\" \/>\n\t<meta property=\"og:image:width\" content=\"770\" \/>\n\t<meta property=\"og:image:height\" content=\"438\" \/>\n\t<meta property=\"og:image:type\" content=\"image\/webp\" \/>\n<meta name=\"author\" content=\"Jeanette\" \/>\n<meta name=\"twitter:card\" content=\"summary_large_image\" \/>\n<meta name=\"twitter:creator\" content=\"@eldiario_net\" \/>\n<meta name=\"twitter:site\" content=\"@eldiario_net\" \/>\n<meta name=\"twitter:label1\" content=\"Escrito por\" \/>\n\t<meta name=\"twitter:data1\" content=\"Jeanette\" \/>\n\t<meta name=\"twitter:label2\" content=\"Tiempo de lectura\" \/>\n\t<meta name=\"twitter:data2\" content=\"1 minuto\" \/>\n<script type=\"application\/ld+json\" class=\"yoast-schema-graph\">{\"@context\":\"https:\\\/\\\/schema.org\",\"@graph\":[{\"@type\":\"Article\",\"@id\":\"https:\\\/\\\/www.eldiario.net\\\/portal\\\/2026\\\/08\\\/07\\\/ciclon-extratropical-amenaza-a-cuatro-paises-de-sudamerica\\\/#article\",\"isPartOf\":{\"@id\":\"https:\\\/\\\/www.eldiario.net\\\/portal\\\/2026\\\/08\\\/07\\\/ciclon-extratropical-amenaza-a-cuatro-paises-de-sudamerica\\\/\"},\"author\":{\"name\":\"Jeanette\",\"@id\":\"https:\\\/\\\/www.eldiario.net\\\/portal\\\/#\\\/schema\\\/person\\\/f46445640444750d7d753ccd04ae01b7\"},\"headline\":\"Cicl\u00f3n extratropical amenaza a cuatro pa\u00edses de Sudam\u00e9rica\",\"datePublished\":\"2026-08-07T11:15:03+00:00\",\"mainEntityOfPage\":{\"@id\":\"https:\\\/\\\/www.eldiario.net\\\/portal\\\/2026\\\/08\\\/07\\\/ciclon-extratropical-amenaza-a-cuatro-paises-de-sudamerica\\\/\"},\"wordCount\":187,\"publisher\":{\"@id\":\"https:\\\/\\\/www.eldiario.net\\\/portal\\\/#organization\"},\"image\":{\"@id\":\"https:\\\/\\\/www.eldiario.net\\\/portal\\\/2026\\\/08\\\/07\\\/ciclon-extratropical-amenaza-a-cuatro-paises-de-sudamerica\\\/#primaryimage\"},\"thumbnailUrl\":\"https:\\\/\\\/www.eldiario.net\\\/portal\\\/wp-content\\\/uploads\\\/2026\\\/08\\\/CICLON-climatempo.br-10-cm-x-7.webp\",\"articleSection\":[\"Portada\"],\"inLanguage\":\"es\"},{\"@type\":\"WebPage\",\"@id\":\"https:\\\/\\\/www.eldiario.net\\\/portal\\\/2026\\\/08\\\/07\\\/ciclon-extratropical-amenaza-a-cuatro-paises-de-sudamerica\\\/\",\"url\":\"https:\\\/\\\/www.eldiario.net\\\/portal\\\/2026\\\/08\\\/07\\\/ciclon-extratropical-amenaza-a-cuatro-paises-de-sudamerica\\\/\",\"name\":\"Cicl\u00f3n extratropical amenaza a cuatro pa\u00edses de Sudam\u00e9rica - El Diario - Bolivia\",\"isPartOf\":{\"@id\":\"https:\\\/\\\/www.eldiario.net\\\/portal\\\/#website\"},\"primaryImageOfPage\":{\"@id\":\"https:\\\/\\\/www.eldiario.net\\\/portal\\\/2026\\\/08\\\/07\\\/ciclon-extratropical-amenaza-a-cuatro-paises-de-sudamerica\\\/#primaryimage\"},\"image\":{\"@id\":\"https:\\\/\\\/www.eldiario.net\\\/portal\\\/2026\\\/08\\\/07\\\/ciclon-extratropical-amenaza-a-cuatro-paises-de-sudamerica\\\/#primaryimage\"},\"thumbnailUrl\":\"https:\\\/\\\/www.eldiario.net\\\/portal\\\/wp-content\\\/uploads\\\/2026\\\/08\\\/CICLON-climatempo.br-10-cm-x-7.webp\",\"datePublished\":\"2026-08-07T11:15:03+00:00\",\"breadcrumb\":{\"@id\":\"https:\\\/\\\/www.eldiario.net\\\/portal\\\/2026\\\/08\\\/07\\\/ciclon-extratropical-amenaza-a-cuatro-paises-de-sudamerica\\\/#breadcrumb\"},\"inLanguage\":\"es\",\"potentialAction\":[{\"@type\":\"ReadAction\",\"target\":[\"https:\\\/\\\/www.eldiario.net\\\/portal\\\/2026\\\/08\\\/07\\\/ciclon-extratropical-amenaza-a-cuatro-paises-de-sudamerica\\\/\"]}]},{\"@type\":\"ImageObject\",\"inLanguage\":\"es\",\"@id\":\"https:\\\/\\\/www.eldiario.net\\\/portal\\\/2026\\\/08\\\/07\\\/ciclon-extratropical-amenaza-a-cuatro-paises-de-sudamerica\\\/#primaryimage\",\"url\":\"https:\\\/\\\/www.eldiario.net\\\/portal\\\/wp-content\\\/uploads\\\/2026\\\/08\\\/CICLON-climatempo.br-10-cm-x-7.webp\",\"contentUrl\":\"https:\\\/\\\/www.eldiario.net\\\/portal\\\/wp-content\\\/uploads\\\/2026\\\/08\\\/CICLON-climatempo.br-10-cm-x-7.webp\",\"width\":770,\"height\":438,\"caption\":\"Aire caliente y fr\u00edo de origen polar.\"},{\"@type\":\"BreadcrumbList\",\"@id\":\"https:\\\/\\\/www.eldiario.net\\\/portal\\\/2026\\\/08\\\/07\\\/ciclon-extratropical-amenaza-a-cuatro-paises-de-sudamerica\\\/#breadcrumb\",\"itemListElement\":[{\"@type\":\"ListItem\",\"position\":1,\"name\":\"Portada\",\"item\":\"https:\\\/\\\/www.eldiario.net\\\/portal\\\/\"},{\"@type\":\"ListItem\",\"position\":2,\"name\":\"Cicl\u00f3n extratropical amenaza a cuatro pa\u00edses de Sudam\u00e9rica\"}]},{\"@type\":\"WebSite\",\"@id\":\"https:\\\/\\\/www.eldiario.net\\\/portal\\\/#website\",\"url\":\"https:\\\/\\\/www.eldiario.net\\\/portal\\\/\",\"name\":\"El Diario - Decano de la prensa nacional\",\"description\":\"El Diario - Decano de la prensa nacional\",\"publisher\":{\"@id\":\"https:\\\/\\\/www.eldiario.net\\\/portal\\\/#organization\"},\"potentialAction\":[{\"@type\":\"SearchAction\",\"target\":{\"@type\":\"EntryPoint\",\"urlTemplate\":\"https:\\\/\\\/www.eldiario.net\\\/portal\\\/?s={search_term_string}\"},\"query-input\":{\"@type\":\"PropertyValueSpecification\",\"valueRequired\":true,\"valueName\":\"search_term_string\"}}],\"inLanguage\":\"es\"},{\"@type\":\"Organization\",\"@id\":\"https:\\\/\\\/www.eldiario.net\\\/portal\\\/#organization\",\"name\":\"El Diario - Decano de la prensa nacional\",\"url\":\"https:\\\/\\\/www.eldiario.net\\\/portal\\\/\",\"logo\":{\"@type\":\"ImageObject\",\"inLanguage\":\"es\",\"@id\":\"https:\\\/\\\/www.eldiario.net\\\/portal\\\/#\\\/schema\\\/logo\\\/image\\\/\",\"url\":\"https:\\\/\\\/www.eldiario.net\\\/portal\\\/wp-content\\\/uploads\\\/2023\\\/07\\\/logo_ED.jpg\",\"contentUrl\":\"https:\\\/\\\/www.eldiario.net\\\/portal\\\/wp-content\\\/uploads\\\/2023\\\/07\\\/logo_ED.jpg\",\"width\":272,\"height\":52,\"caption\":\"El Diario - Decano de la prensa nacional\"},\"image\":{\"@id\":\"https:\\\/\\\/www.eldiario.net\\\/portal\\\/#\\\/schema\\\/logo\\\/image\\\/\"},\"sameAs\":[\"https:\\\/\\\/www.facebook.com\\\/eldiario.bolivia\\\/\",\"https:\\\/\\\/x.com\\\/eldiario_net\"]},{\"@type\":\"Person\",\"@id\":\"https:\\\/\\\/www.eldiario.net\\\/portal\\\/#\\\/schema\\\/person\\\/f46445640444750d7d753ccd04ae01b7\",\"name\":\"Jeanette\",\"image\":{\"@type\":\"ImageObject\",\"inLanguage\":\"es\",\"@id\":\"https:\\\/\\\/secure.gravatar.com\\\/avatar\\\/3ea2118a5f7dad2b7138b1187a6b7ee55f160b9968b66013c3a3ef39dd7e5798?s=96&d=mm&r=g\",\"url\":\"https:\\\/\\\/secure.gravatar.com\\\/avatar\\\/3ea2118a5f7dad2b7138b1187a6b7ee55f160b9968b66013c3a3ef39dd7e5798?s=96&d=mm&r=g\",\"contentUrl\":\"https:\\\/\\\/secure.gravatar.com\\\/avatar\\\/3ea2118a5f7dad2b7138b1187a6b7ee55f160b9968b66013c3a3ef39dd7e5798?s=96&d=mm&r=g\",\"caption\":\"Jeanette\"},\"sameAs\":[\"https:\\\/\\\/www.eldiario.net\\\/portal\"],\"url\":\"https:\\\/\\\/www.eldiario.net\\\/portal\\\/author\\\/jeanette\\\/\"}]}<\/script>\n<!-- \/ Yoast SEO plugin. -->","yoast_head_json":{"title":"Cicl\u00f3n extratropical amenaza a cuatro pa\u00edses de Sudam\u00e9rica - El Diario - Bolivia","robots":{"index":"index","follow":"follow","max-snippet":"max-snippet:-1","max-image-preview":"max-image-preview:large","max-video-preview":"max-video-preview:-1"},"canonical":"https:\/\/www.eldiario.net\/portal\/2026\/08\/07\/ciclon-extratropical-amenaza-a-cuatro-paises-de-sudamerica\/","og_locale":"es_ES","og_type":"article","og_title":"Cicl\u00f3n extratropical amenaza a cuatro pa\u00edses de Sudam\u00e9rica - El Diario - Bolivia","og_description":"Los servicios meteorol\u00f3gicos de Brasil, Uruguay, Argentina y Paraguay emitieron alertas de seguimiento ante la inminente formaci\u00f3n y desplazamiento de un potente cicl\u00f3n extratropical en el Cono Sur. El fen\u00f3meno meteorol\u00f3gico provocar\u00e1 un marcado deterioro de las condiciones clim\u00e1ticas en las pr\u00f3ximas horas, con vientos sostenidos de gran intensidad, lluvias severas y un brusco descenso [&hellip;]","og_url":"https:\/\/www.eldiario.net\/portal\/2026\/08\/07\/ciclon-extratropical-amenaza-a-cuatro-paises-de-sudamerica\/","og_site_name":"El Diario - Bolivia","article_publisher":"https:\/\/www.facebook.com\/eldiario.bolivia\/","article_published_time":"2026-08-07T11:15:03+00:00","og_image":[{"width":770,"height":438,"url":"https:\/\/www.eldiario.net\/portal\/wp-content\/uploads\/2026\/08\/CICLON-climatempo.br-10-cm-x-7.webp","type":"image\/webp"}],"author":"Jeanette","twitter_card":"summary_large_image","twitter_creator":"@eldiario_net","twitter_site":"@eldiario_net","twitter_misc":{"Escrito por":"Jeanette","Tiempo de lectura":"1 minuto"},"schema":{"@context":"https:\/\/schema.org","@graph":[{"@type":"Article","@id":"https:\/\/www.eldiario.net\/portal\/2026\/08\/07\/ciclon-extratropical-amenaza-a-cuatro-paises-de-sudamerica\/#article","isPartOf":{"@id":"https:\/\/www.eldiario.net\/portal\/2026\/08\/07\/ciclon-extratropical-amenaza-a-cuatro-paises-de-sudamerica\/"},"author":{"name":"Jeanette","@id":"https:\/\/www.eldiario.net\/portal\/#\/schema\/person\/f46445640444750d7d753ccd04ae01b7"},"headline":"Cicl\u00f3n extratropical amenaza a cuatro pa\u00edses de Sudam\u00e9rica","datePublished":"2026-08-07T11:15:03+00:00","mainEntityOfPage":{"@id":"https:\/\/www.eldiario.net\/portal\/2026\/08\/07\/ciclon-extratropical-amenaza-a-cuatro-paises-de-sudamerica\/"},"wordCount":187,"publisher":{"@id":"https:\/\/www.eldiario.net\/portal\/#organization"},"image":{"@id":"https:\/\/www.eldiario.net\/portal\/2026\/08\/07\/ciclon-extratropical-amenaza-a-cuatro-paises-de-sudamerica\/#primaryimage"},"thumbnailUrl":"https:\/\/www.eldiario.net\/portal\/wp-content\/uploads\/2026\/08\/CICLON-climatempo.br-10-cm-x-7.webp","articleSection":["Portada"],"inLanguage":"es"},{"@type":"WebPage","@id":"https:\/\/www.eldiario.net\/portal\/2026\/08\/07\/ciclon-extratropical-amenaza-a-cuatro-paises-de-sudamerica\/","url":"https:\/\/www.eldiario.net\/portal\/2026\/08\/07\/ciclon-extratropical-amenaza-a-cuatro-paises-de-sudamerica\/","name":"Cicl\u00f3n extratropical amenaza a cuatro pa\u00edses de Sudam\u00e9rica - El Diario - Bolivia","isPartOf":{"@id":"https:\/\/www.eldiario.net\/portal\/#website"},"primaryImageOfPage":{"@id":"https:\/\/www.eldiario.net\/portal\/2026\/08\/07\/ciclon-extratropical-amenaza-a-cuatro-paises-de-sudamerica\/#primaryimage"},"image":{"@id":"https:\/\/www.eldiario.net\/portal\/2026\/08\/07\/ciclon-extratropical-amenaza-a-cuatro-paises-de-sudamerica\/#primaryimage"},"thumbnailUrl":"https:\/\/www.eldiario.net\/portal\/wp-content\/uploads\/2026\/08\/CICLON-climatempo.br-10-cm-x-7.webp","datePublished":"2026-08-07T11:15:03+00:00","breadcrumb":{"@id":"https:\/\/www.eldiario.net\/portal\/2026\/08\/07\/ciclon-extratropical-amenaza-a-cuatro-paises-de-sudamerica\/#breadcrumb"},"inLanguage":"es","potentialAction":[{"@type":"ReadAction","target":["https:\/\/www.eldiario.net\/portal\/2026\/08\/07\/ciclon-extratropical-amenaza-a-cuatro-paises-de-sudamerica\/"]}]},{"@type":"ImageObject","inLanguage":"es","@id":"https:\/\/www.eldiario.net\/portal\/2026\/08\/07\/ciclon-extratropical-amenaza-a-cuatro-paises-de-sudamerica\/#primaryimage","url":"https:\/\/www.eldiario.net\/portal\/wp-content\/uploads\/2026\/08\/CICLON-climatempo.br-10-cm-x-7.webp","contentUrl":"https:\/\/www.eldiario.net\/portal\/wp-content\/uploads\/2026\/08\/CICLON-climatempo.br-10-cm-x-7.webp","width":770,"height":438,"caption":"Aire caliente y fr\u00edo de origen polar."},{"@type":"BreadcrumbList","@id":"https:\/\/www.eldiario.net\/portal\/2026\/08\/07\/ciclon-extratropical-amenaza-a-cuatro-paises-de-sudamerica\/#breadcrumb","itemListElement":[{"@type":"ListItem","position":1,"name":"Portada","item":"https:\/\/www.eldiario.net\/portal\/"},{"@type":"ListItem","position":2,"name":"Cicl\u00f3n extratropical amenaza a cuatro pa\u00edses de Sudam\u00e9rica"}]},{"@type":"WebSite","@id":"https:\/\/www.eldiario.net\/portal\/#website","url":"https:\/\/www.eldiario.net\/portal\/","name":"El Diario - Decano de la prensa nacional","description":"El Diario - Decano de la prensa nacional","publisher":{"@id":"https:\/\/www.eldiario.net\/portal\/#organization"},"potentialAction":[{"@type":"SearchAction","target":{"@type":"EntryPoint","urlTemplate":"https:\/\/www.eldiario.net\/portal\/?s={search_term_string}"},"query-input":{"@type":"PropertyValueSpecification","valueRequired":true,"valueName":"search_term_string"}}],"inLanguage":"es"},{"@type":"Organization","@id":"https:\/\/www.eldiario.net\/portal\/#organization","name":"El Diario - Decano de la prensa nacional","url":"https:\/\/www.eldiario.net\/portal\/","logo":{"@type":"ImageObject","inLanguage":"es","@id":"https:\/\/www.eldiario.net\/portal\/#\/schema\/logo\/image\/","url":"https:\/\/www.eldiario.net\/portal\/wp-content\/uploads\/2023\/07\/logo_ED.jpg","contentUrl":"https:\/\/www.eldiario.net\/portal\/wp-content\/uploads\/2023\/07\/logo_ED.jpg","width":272,"height":52,"caption":"El Diario - Decano de la prensa nacional"},"image":{"@id":"https:\/\/www.eldiario.net\/portal\/#\/schema\/logo\/image\/"},"sameAs":["https:\/\/www.facebook.com\/eldiario.bolivia\/","https:\/\/x.com\/eldiario_net"]},{"@type":"Person","@id":"https:\/\/www.eldiario.net\/portal\/#\/schema\/person\/f46445640444750d7d753ccd04ae01b7","name":"Jeanette","image":{"@type":"ImageObject","inLanguage":"es","@id":"https:\/\/secure.gravatar.com\/avatar\/3ea2118a5f7dad2b7138b1187a6b7ee55f160b9968b66013c3a3ef39dd7e5798?s=96&d=mm&r=g","url":"https:\/\/secure.gravatar.com\/avatar\/3ea2118a5f7dad2b7138b1187a6b7ee55f160b9968b66013c3a3ef39dd7e5798?s=96&d=mm&r=g","contentUrl":"https:\/\/secure.gravatar.com\/avatar\/3ea2118a5f7dad2b7138b1187a6b7ee55f160b9968b66013c3a3ef39dd7e5798?s=96&d=mm&r=g","caption":"Jeanette"},"sameAs":["https:\/\/www.eldiario.net\/portal"],"url":"https:\/\/www.eldiario.net\/portal\/author\/jeanette\/"}]}},"_links":{"self":[{"href":"https:\/\/www.eldiario.net\/portal\/wp-json\/wp\/v2\/posts\/419365","targetHints":{"allow":["GET"]}}],"collection":[{"href":"https:\/\/www.eldiario.net\/portal\/wp-json\/wp\/v2\/posts"}],"about":[{"href":"https:\/\/www.eldiario.net\/portal\/wp-json\/wp\/v2\/types\/post"}],"author":[{"embeddable":true,"href":"https:\/\/www.eldiario.net\/portal\/wp-json\/wp\/v2\/users\/1"}],"replies":[{"embeddable":true,"href":"https:\/\/www.eldiario.net\/portal\/wp-json\/wp\/v2\/comments?post=419365"}],"version-history":[{"count":1,"href":"https:\/\/www.eldiario.net\/portal\/wp-json\/wp\/v2\/posts\/419365\/revisions"}],"predecessor-version":[{"id":419367,"href":"https:\/\/www.eldiario.net\/portal\/wp-json\/wp\/v2\/posts\/419365\/revisions\/419367"}],"wp:featuredmedia":[{"embeddable":true,"href":"https:\/\/www.eldiario.net\/portal\/wp-json\/wp\/v2\/media\/419366"}],"wp:attachment":[{"href":"https:\/\/www.eldiario.net\/portal\/wp-json\/wp\/v2\/media?parent=419365"}],"wp:term":[{"taxonomy":"category","embeddable":true,"href":"https:\/\/www.eldiario.net\/portal\/wp-json\/wp\/v2\/categories?post=419365"},{"taxonomy":"post_tag","embeddable":true,"href":"https:\/\/www.eldiario.net\/portal\/wp-json\/wp\/v2\/tags?post=419365"}],"curies":[{"name":"wp","href":"https:\/\/api.w.org\/{rel}","templated":true}]}}