{"id":419043,"date":"2026-08-05T12:53:21","date_gmt":"2026-08-05T16:53:21","guid":{"rendered":"https:\/\/www.eldiario.net\/portal\/?p=419043"},"modified":"2026-08-05T12:53:21","modified_gmt":"2026-08-05T16:53:21","slug":"impulsan-implementacion-de-proyectos-para-prevenir-la-mortalidad-materna","status":"publish","type":"post","link":"https:\/\/www.eldiario.net\/portal\/2026\/08\/05\/impulsan-implementacion-de-proyectos-para-prevenir-la-mortalidad-materna\/","title":{"rendered":"Impulsan implementaci\u00f3n de proyectos para prevenir la mortalidad materna"},"content":{"rendered":"<p>La diputada por el Partido Dem\u00f3crata Cristiano (PDC), Kattia Arando, en su calidad de presidenta de la Comisi\u00f3n de Pol\u00edtica Social, sostuvo una reuni\u00f3n con representantes del Fondo de Poblaci\u00f3n de las Naciones Unidas (UNFPA), para impulsar la implementaci\u00f3n del proyecto denominado \u201cPreviniendo la mortalidad materna a trav\u00e9s del fortalecimiento de los servicios de salud y los derechos sexuales y reproductivos de las adolescentes y mujeres en Potos\u00ed\u201d.<\/p>\n","protected":false},"excerpt":{"rendered":"<p>La diputada por el Partido Dem\u00f3crata Cristiano (PDC), Kattia Arando, en su calidad de presidenta de la Comisi\u00f3n de Pol\u00edtica Social, sostuvo una reuni\u00f3n con representantes del Fondo de Poblaci\u00f3n de las Naciones Unidas (UNFPA), para impulsar la implementaci\u00f3n del proyecto denominado \u201cPreviniendo la mortalidad materna a trav\u00e9s del fortalecimiento de los servicios de salud [&hellip;]<\/p>\n","protected":false},"author":7,"featured_media":419044,"comment_status":"closed","ping_status":"open","sticky":false,"template":"","format":"standard","meta":{"_acf_changed":false,"footnotes":""},"categories":[51],"tags":[],"class_list":["post-419043","post","type-post","status-publish","format-standard","has-post-thumbnail","category-ultima-hora"],"acf":{"antetitulo":""},"yoast_head":"<!-- This site is optimized with the Yoast SEO plugin v28.4 - https:\/\/yoast.com\/product\/yoast-seo-wordpress\/ -->\n<title>Impulsan implementaci\u00f3n de proyectos para prevenir la mortalidad materna - El Diario - Bolivia<\/title>\n<meta name=\"robots\" content=\"index, follow, max-snippet:-1, max-image-preview:large, max-video-preview:-1\" \/>\n<link rel=\"canonical\" href=\"https:\/\/www.eldiario.net\/portal\/2026\/08\/05\/impulsan-implementacion-de-proyectos-para-prevenir-la-mortalidad-materna\/\" \/>\n<meta property=\"og:locale\" content=\"es_ES\" \/>\n<meta property=\"og:type\" content=\"article\" \/>\n<meta property=\"og:title\" content=\"Impulsan implementaci\u00f3n de proyectos para prevenir la mortalidad materna - El Diario - Bolivia\" \/>\n<meta property=\"og:description\" content=\"La diputada por el Partido Dem\u00f3crata Cristiano (PDC), Kattia Arando, en su calidad de presidenta de la Comisi\u00f3n de Pol\u00edtica Social, sostuvo una reuni\u00f3n con representantes del Fondo de Poblaci\u00f3n de las Naciones Unidas (UNFPA), para impulsar la implementaci\u00f3n del proyecto denominado \u201cPreviniendo la mortalidad materna a trav\u00e9s del fortalecimiento de los servicios de salud [&hellip;]\" \/>\n<meta property=\"og:url\" content=\"https:\/\/www.eldiario.net\/portal\/2026\/08\/05\/impulsan-implementacion-de-proyectos-para-prevenir-la-mortalidad-materna\/\" \/>\n<meta property=\"og:site_name\" content=\"El Diario - Bolivia\" \/>\n<meta property=\"article:publisher\" content=\"https:\/\/www.facebook.com\/eldiario.bolivia\/\" \/>\n<meta property=\"article:published_time\" content=\"2026-08-05T16:53:21+00:00\" \/>\n<meta property=\"og:image\" content=\"https:\/\/www.eldiario.net\/portal\/wp-content\/uploads\/2026\/08\/adelantos-2-copia-2.webp\" \/>\n\t<meta property=\"og:image:width\" content=\"508\" \/>\n\t<meta property=\"og:image:height\" content=\"509\" \/>\n\t<meta property=\"og:image:type\" content=\"image\/webp\" \/>\n<meta name=\"author\" content=\"Viviana Monrroy\" \/>\n<meta name=\"twitter:card\" content=\"summary_large_image\" \/>\n<meta name=\"twitter:creator\" content=\"@eldiario_net\" \/>\n<meta name=\"twitter:site\" content=\"@eldiario_net\" \/>\n<meta name=\"twitter:label1\" content=\"Escrito por\" \/>\n\t<meta name=\"twitter:data1\" content=\"Viviana Monrroy\" \/>\n\t<meta name=\"twitter:label2\" content=\"Tiempo de lectura\" \/>\n\t<meta name=\"twitter:data2\" content=\"1 minuto\" \/>\n<script type=\"application\/ld+json\" class=\"yoast-schema-graph\">{\"@context\":\"https:\\\/\\\/schema.org\",\"@graph\":[{\"@type\":\"Article\",\"@id\":\"https:\\\/\\\/www.eldiario.net\\\/portal\\\/2026\\\/08\\\/05\\\/impulsan-implementacion-de-proyectos-para-prevenir-la-mortalidad-materna\\\/#article\",\"isPartOf\":{\"@id\":\"https:\\\/\\\/www.eldiario.net\\\/portal\\\/2026\\\/08\\\/05\\\/impulsan-implementacion-de-proyectos-para-prevenir-la-mortalidad-materna\\\/\"},\"author\":{\"name\":\"Viviana Monrroy\",\"@id\":\"https:\\\/\\\/www.eldiario.net\\\/portal\\\/#\\\/schema\\\/person\\\/32cc89e801dfcbad3a54f91da7f2ea06\"},\"headline\":\"Impulsan implementaci\u00f3n de proyectos para prevenir la mortalidad materna\",\"datePublished\":\"2026-08-05T16:53:21+00:00\",\"mainEntityOfPage\":{\"@id\":\"https:\\\/\\\/www.eldiario.net\\\/portal\\\/2026\\\/08\\\/05\\\/impulsan-implementacion-de-proyectos-para-prevenir-la-mortalidad-materna\\\/\"},\"wordCount\":85,\"publisher\":{\"@id\":\"https:\\\/\\\/www.eldiario.net\\\/portal\\\/#organization\"},\"image\":{\"@id\":\"https:\\\/\\\/www.eldiario.net\\\/portal\\\/2026\\\/08\\\/05\\\/impulsan-implementacion-de-proyectos-para-prevenir-la-mortalidad-materna\\\/#primaryimage\"},\"thumbnailUrl\":\"https:\\\/\\\/www.eldiario.net\\\/portal\\\/wp-content\\\/uploads\\\/2026\\\/08\\\/adelantos-2-copia-2.webp\",\"articleSection\":[\"\u00daltima Hora\"],\"inLanguage\":\"es\"},{\"@type\":\"WebPage\",\"@id\":\"https:\\\/\\\/www.eldiario.net\\\/portal\\\/2026\\\/08\\\/05\\\/impulsan-implementacion-de-proyectos-para-prevenir-la-mortalidad-materna\\\/\",\"url\":\"https:\\\/\\\/www.eldiario.net\\\/portal\\\/2026\\\/08\\\/05\\\/impulsan-implementacion-de-proyectos-para-prevenir-la-mortalidad-materna\\\/\",\"name\":\"Impulsan implementaci\u00f3n de proyectos para prevenir la mortalidad materna - El Diario - Bolivia\",\"isPartOf\":{\"@id\":\"https:\\\/\\\/www.eldiario.net\\\/portal\\\/#website\"},\"primaryImageOfPage\":{\"@id\":\"https:\\\/\\\/www.eldiario.net\\\/portal\\\/2026\\\/08\\\/05\\\/impulsan-implementacion-de-proyectos-para-prevenir-la-mortalidad-materna\\\/#primaryimage\"},\"image\":{\"@id\":\"https:\\\/\\\/www.eldiario.net\\\/portal\\\/2026\\\/08\\\/05\\\/impulsan-implementacion-de-proyectos-para-prevenir-la-mortalidad-materna\\\/#primaryimage\"},\"thumbnailUrl\":\"https:\\\/\\\/www.eldiario.net\\\/portal\\\/wp-content\\\/uploads\\\/2026\\\/08\\\/adelantos-2-copia-2.webp\",\"datePublished\":\"2026-08-05T16:53:21+00:00\",\"breadcrumb\":{\"@id\":\"https:\\\/\\\/www.eldiario.net\\\/portal\\\/2026\\\/08\\\/05\\\/impulsan-implementacion-de-proyectos-para-prevenir-la-mortalidad-materna\\\/#breadcrumb\"},\"inLanguage\":\"es\",\"potentialAction\":[{\"@type\":\"ReadAction\",\"target\":[\"https:\\\/\\\/www.eldiario.net\\\/portal\\\/2026\\\/08\\\/05\\\/impulsan-implementacion-de-proyectos-para-prevenir-la-mortalidad-materna\\\/\"]}]},{\"@type\":\"ImageObject\",\"inLanguage\":\"es\",\"@id\":\"https:\\\/\\\/www.eldiario.net\\\/portal\\\/2026\\\/08\\\/05\\\/impulsan-implementacion-de-proyectos-para-prevenir-la-mortalidad-materna\\\/#primaryimage\",\"url\":\"https:\\\/\\\/www.eldiario.net\\\/portal\\\/wp-content\\\/uploads\\\/2026\\\/08\\\/adelantos-2-copia-2.webp\",\"contentUrl\":\"https:\\\/\\\/www.eldiario.net\\\/portal\\\/wp-content\\\/uploads\\\/2026\\\/08\\\/adelantos-2-copia-2.webp\",\"width\":508,\"height\":509},{\"@type\":\"BreadcrumbList\",\"@id\":\"https:\\\/\\\/www.eldiario.net\\\/portal\\\/2026\\\/08\\\/05\\\/impulsan-implementacion-de-proyectos-para-prevenir-la-mortalidad-materna\\\/#breadcrumb\",\"itemListElement\":[{\"@type\":\"ListItem\",\"position\":1,\"name\":\"Portada\",\"item\":\"https:\\\/\\\/www.eldiario.net\\\/portal\\\/\"},{\"@type\":\"ListItem\",\"position\":2,\"name\":\"Impulsan implementaci\u00f3n de proyectos para prevenir la mortalidad materna\"}]},{\"@type\":\"WebSite\",\"@id\":\"https:\\\/\\\/www.eldiario.net\\\/portal\\\/#website\",\"url\":\"https:\\\/\\\/www.eldiario.net\\\/portal\\\/\",\"name\":\"El Diario - Decano de la prensa nacional\",\"description\":\"El Diario - Decano de la prensa nacional\",\"publisher\":{\"@id\":\"https:\\\/\\\/www.eldiario.net\\\/portal\\\/#organization\"},\"potentialAction\":[{\"@type\":\"SearchAction\",\"target\":{\"@type\":\"EntryPoint\",\"urlTemplate\":\"https:\\\/\\\/www.eldiario.net\\\/portal\\\/?s={search_term_string}\"},\"query-input\":{\"@type\":\"PropertyValueSpecification\",\"valueRequired\":true,\"valueName\":\"search_term_string\"}}],\"inLanguage\":\"es\"},{\"@type\":\"Organization\",\"@id\":\"https:\\\/\\\/www.eldiario.net\\\/portal\\\/#organization\",\"name\":\"El Diario - Decano de la prensa nacional\",\"url\":\"https:\\\/\\\/www.eldiario.net\\\/portal\\\/\",\"logo\":{\"@type\":\"ImageObject\",\"inLanguage\":\"es\",\"@id\":\"https:\\\/\\\/www.eldiario.net\\\/portal\\\/#\\\/schema\\\/logo\\\/image\\\/\",\"url\":\"https:\\\/\\\/www.eldiario.net\\\/portal\\\/wp-content\\\/uploads\\\/2023\\\/07\\\/logo_ED.jpg\",\"contentUrl\":\"https:\\\/\\\/www.eldiario.net\\\/portal\\\/wp-content\\\/uploads\\\/2023\\\/07\\\/logo_ED.jpg\",\"width\":272,\"height\":52,\"caption\":\"El Diario - Decano de la prensa nacional\"},\"image\":{\"@id\":\"https:\\\/\\\/www.eldiario.net\\\/portal\\\/#\\\/schema\\\/logo\\\/image\\\/\"},\"sameAs\":[\"https:\\\/\\\/www.facebook.com\\\/eldiario.bolivia\\\/\",\"https:\\\/\\\/x.com\\\/eldiario_net\"]},{\"@type\":\"Person\",\"@id\":\"https:\\\/\\\/www.eldiario.net\\\/portal\\\/#\\\/schema\\\/person\\\/32cc89e801dfcbad3a54f91da7f2ea06\",\"name\":\"Viviana Monrroy\",\"image\":{\"@type\":\"ImageObject\",\"inLanguage\":\"es\",\"@id\":\"https:\\\/\\\/secure.gravatar.com\\\/avatar\\\/dfd1611ed5600959a0e5a9754503b6c05d1dcf190010998e0363aee2ad98afca?s=96&d=mm&r=g\",\"url\":\"https:\\\/\\\/secure.gravatar.com\\\/avatar\\\/dfd1611ed5600959a0e5a9754503b6c05d1dcf190010998e0363aee2ad98afca?s=96&d=mm&r=g\",\"contentUrl\":\"https:\\\/\\\/secure.gravatar.com\\\/avatar\\\/dfd1611ed5600959a0e5a9754503b6c05d1dcf190010998e0363aee2ad98afca?s=96&d=mm&r=g\",\"caption\":\"Viviana Monrroy\"},\"sameAs\":[\"http:\\\/\\\/www.eldiario.net\"],\"url\":\"https:\\\/\\\/www.eldiario.net\\\/portal\\\/author\\\/vivianamonrroy\\\/\"}]}<\/script>\n<!-- \/ Yoast SEO plugin. -->","yoast_head_json":{"title":"Impulsan implementaci\u00f3n de proyectos para prevenir la mortalidad materna - El Diario - Bolivia","robots":{"index":"index","follow":"follow","max-snippet":"max-snippet:-1","max-image-preview":"max-image-preview:large","max-video-preview":"max-video-preview:-1"},"canonical":"https:\/\/www.eldiario.net\/portal\/2026\/08\/05\/impulsan-implementacion-de-proyectos-para-prevenir-la-mortalidad-materna\/","og_locale":"es_ES","og_type":"article","og_title":"Impulsan implementaci\u00f3n de proyectos para prevenir la mortalidad materna - El Diario - Bolivia","og_description":"La diputada por el Partido Dem\u00f3crata Cristiano (PDC), Kattia Arando, en su calidad de presidenta de la Comisi\u00f3n de Pol\u00edtica Social, sostuvo una reuni\u00f3n con representantes del Fondo de Poblaci\u00f3n de las Naciones Unidas (UNFPA), para impulsar la implementaci\u00f3n del proyecto denominado \u201cPreviniendo la mortalidad materna a trav\u00e9s del fortalecimiento de los servicios de salud [&hellip;]","og_url":"https:\/\/www.eldiario.net\/portal\/2026\/08\/05\/impulsan-implementacion-de-proyectos-para-prevenir-la-mortalidad-materna\/","og_site_name":"El Diario - Bolivia","article_publisher":"https:\/\/www.facebook.com\/eldiario.bolivia\/","article_published_time":"2026-08-05T16:53:21+00:00","og_image":[{"width":508,"height":509,"url":"https:\/\/www.eldiario.net\/portal\/wp-content\/uploads\/2026\/08\/adelantos-2-copia-2.webp","type":"image\/webp"}],"author":"Viviana Monrroy","twitter_card":"summary_large_image","twitter_creator":"@eldiario_net","twitter_site":"@eldiario_net","twitter_misc":{"Escrito por":"Viviana Monrroy","Tiempo de lectura":"1 minuto"},"schema":{"@context":"https:\/\/schema.org","@graph":[{"@type":"Article","@id":"https:\/\/www.eldiario.net\/portal\/2026\/08\/05\/impulsan-implementacion-de-proyectos-para-prevenir-la-mortalidad-materna\/#article","isPartOf":{"@id":"https:\/\/www.eldiario.net\/portal\/2026\/08\/05\/impulsan-implementacion-de-proyectos-para-prevenir-la-mortalidad-materna\/"},"author":{"name":"Viviana Monrroy","@id":"https:\/\/www.eldiario.net\/portal\/#\/schema\/person\/32cc89e801dfcbad3a54f91da7f2ea06"},"headline":"Impulsan implementaci\u00f3n de proyectos para prevenir la mortalidad materna","datePublished":"2026-08-05T16:53:21+00:00","mainEntityOfPage":{"@id":"https:\/\/www.eldiario.net\/portal\/2026\/08\/05\/impulsan-implementacion-de-proyectos-para-prevenir-la-mortalidad-materna\/"},"wordCount":85,"publisher":{"@id":"https:\/\/www.eldiario.net\/portal\/#organization"},"image":{"@id":"https:\/\/www.eldiario.net\/portal\/2026\/08\/05\/impulsan-implementacion-de-proyectos-para-prevenir-la-mortalidad-materna\/#primaryimage"},"thumbnailUrl":"https:\/\/www.eldiario.net\/portal\/wp-content\/uploads\/2026\/08\/adelantos-2-copia-2.webp","articleSection":["\u00daltima Hora"],"inLanguage":"es"},{"@type":"WebPage","@id":"https:\/\/www.eldiario.net\/portal\/2026\/08\/05\/impulsan-implementacion-de-proyectos-para-prevenir-la-mortalidad-materna\/","url":"https:\/\/www.eldiario.net\/portal\/2026\/08\/05\/impulsan-implementacion-de-proyectos-para-prevenir-la-mortalidad-materna\/","name":"Impulsan implementaci\u00f3n de proyectos para prevenir la mortalidad materna - El Diario - Bolivia","isPartOf":{"@id":"https:\/\/www.eldiario.net\/portal\/#website"},"primaryImageOfPage":{"@id":"https:\/\/www.eldiario.net\/portal\/2026\/08\/05\/impulsan-implementacion-de-proyectos-para-prevenir-la-mortalidad-materna\/#primaryimage"},"image":{"@id":"https:\/\/www.eldiario.net\/portal\/2026\/08\/05\/impulsan-implementacion-de-proyectos-para-prevenir-la-mortalidad-materna\/#primaryimage"},"thumbnailUrl":"https:\/\/www.eldiario.net\/portal\/wp-content\/uploads\/2026\/08\/adelantos-2-copia-2.webp","datePublished":"2026-08-05T16:53:21+00:00","breadcrumb":{"@id":"https:\/\/www.eldiario.net\/portal\/2026\/08\/05\/impulsan-implementacion-de-proyectos-para-prevenir-la-mortalidad-materna\/#breadcrumb"},"inLanguage":"es","potentialAction":[{"@type":"ReadAction","target":["https:\/\/www.eldiario.net\/portal\/2026\/08\/05\/impulsan-implementacion-de-proyectos-para-prevenir-la-mortalidad-materna\/"]}]},{"@type":"ImageObject","inLanguage":"es","@id":"https:\/\/www.eldiario.net\/portal\/2026\/08\/05\/impulsan-implementacion-de-proyectos-para-prevenir-la-mortalidad-materna\/#primaryimage","url":"https:\/\/www.eldiario.net\/portal\/wp-content\/uploads\/2026\/08\/adelantos-2-copia-2.webp","contentUrl":"https:\/\/www.eldiario.net\/portal\/wp-content\/uploads\/2026\/08\/adelantos-2-copia-2.webp","width":508,"height":509},{"@type":"BreadcrumbList","@id":"https:\/\/www.eldiario.net\/portal\/2026\/08\/05\/impulsan-implementacion-de-proyectos-para-prevenir-la-mortalidad-materna\/#breadcrumb","itemListElement":[{"@type":"ListItem","position":1,"name":"Portada","item":"https:\/\/www.eldiario.net\/portal\/"},{"@type":"ListItem","position":2,"name":"Impulsan implementaci\u00f3n de proyectos para prevenir la mortalidad materna"}]},{"@type":"WebSite","@id":"https:\/\/www.eldiario.net\/portal\/#website","url":"https:\/\/www.eldiario.net\/portal\/","name":"El Diario - Decano de la prensa nacional","description":"El Diario - Decano de la prensa nacional","publisher":{"@id":"https:\/\/www.eldiario.net\/portal\/#organization"},"potentialAction":[{"@type":"SearchAction","target":{"@type":"EntryPoint","urlTemplate":"https:\/\/www.eldiario.net\/portal\/?s={search_term_string}"},"query-input":{"@type":"PropertyValueSpecification","valueRequired":true,"valueName":"search_term_string"}}],"inLanguage":"es"},{"@type":"Organization","@id":"https:\/\/www.eldiario.net\/portal\/#organization","name":"El Diario - Decano de la prensa nacional","url":"https:\/\/www.eldiario.net\/portal\/","logo":{"@type":"ImageObject","inLanguage":"es","@id":"https:\/\/www.eldiario.net\/portal\/#\/schema\/logo\/image\/","url":"https:\/\/www.eldiario.net\/portal\/wp-content\/uploads\/2023\/07\/logo_ED.jpg","contentUrl":"https:\/\/www.eldiario.net\/portal\/wp-content\/uploads\/2023\/07\/logo_ED.jpg","width":272,"height":52,"caption":"El Diario - Decano de la prensa nacional"},"image":{"@id":"https:\/\/www.eldiario.net\/portal\/#\/schema\/logo\/image\/"},"sameAs":["https:\/\/www.facebook.com\/eldiario.bolivia\/","https:\/\/x.com\/eldiario_net"]},{"@type":"Person","@id":"https:\/\/www.eldiario.net\/portal\/#\/schema\/person\/32cc89e801dfcbad3a54f91da7f2ea06","name":"Viviana Monrroy","image":{"@type":"ImageObject","inLanguage":"es","@id":"https:\/\/secure.gravatar.com\/avatar\/dfd1611ed5600959a0e5a9754503b6c05d1dcf190010998e0363aee2ad98afca?s=96&d=mm&r=g","url":"https:\/\/secure.gravatar.com\/avatar\/dfd1611ed5600959a0e5a9754503b6c05d1dcf190010998e0363aee2ad98afca?s=96&d=mm&r=g","contentUrl":"https:\/\/secure.gravatar.com\/avatar\/dfd1611ed5600959a0e5a9754503b6c05d1dcf190010998e0363aee2ad98afca?s=96&d=mm&r=g","caption":"Viviana Monrroy"},"sameAs":["http:\/\/www.eldiario.net"],"url":"https:\/\/www.eldiario.net\/portal\/author\/vivianamonrroy\/"}]}},"_links":{"self":[{"href":"https:\/\/www.eldiario.net\/portal\/wp-json\/wp\/v2\/posts\/419043","targetHints":{"allow":["GET"]}}],"collection":[{"href":"https:\/\/www.eldiario.net\/portal\/wp-json\/wp\/v2\/posts"}],"about":[{"href":"https:\/\/www.eldiario.net\/portal\/wp-json\/wp\/v2\/types\/post"}],"author":[{"embeddable":true,"href":"https:\/\/www.eldiario.net\/portal\/wp-json\/wp\/v2\/users\/7"}],"replies":[{"embeddable":true,"href":"https:\/\/www.eldiario.net\/portal\/wp-json\/wp\/v2\/comments?post=419043"}],"version-history":[{"count":1,"href":"https:\/\/www.eldiario.net\/portal\/wp-json\/wp\/v2\/posts\/419043\/revisions"}],"predecessor-version":[{"id":419045,"href":"https:\/\/www.eldiario.net\/portal\/wp-json\/wp\/v2\/posts\/419043\/revisions\/419045"}],"wp:featuredmedia":[{"embeddable":true,"href":"https:\/\/www.eldiario.net\/portal\/wp-json\/wp\/v2\/media\/419044"}],"wp:attachment":[{"href":"https:\/\/www.eldiario.net\/portal\/wp-json\/wp\/v2\/media?parent=419043"}],"wp:term":[{"taxonomy":"category","embeddable":true,"href":"https:\/\/www.eldiario.net\/portal\/wp-json\/wp\/v2\/categories?post=419043"},{"taxonomy":"post_tag","embeddable":true,"href":"https:\/\/www.eldiario.net\/portal\/wp-json\/wp\/v2\/tags?post=419043"}],"curies":[{"name":"wp","href":"https:\/\/api.w.org\/{rel}","templated":true}]}}