{"id":419024,"date":"2026-08-05T09:46:48","date_gmt":"2026-08-05T13:46:48","guid":{"rendered":"https:\/\/www.eldiario.net\/portal\/?p=419024"},"modified":"2026-08-05T09:46:48","modified_gmt":"2026-08-05T13:46:48","slug":"aprovecharon-un-apagon-y-una-cuerda-investigan-posible-fuga-de-internos-en-palmasola-0945","status":"publish","type":"post","link":"https:\/\/www.eldiario.net\/portal\/2026\/08\/05\/aprovecharon-un-apagon-y-una-cuerda-investigan-posible-fuga-de-internos-en-palmasola-0945\/","title":{"rendered":"Aprovecharon un apag\u00f3n y una cuerda: investigan posible fuga de internos en Palmasola (09:45)"},"content":{"rendered":"<p>La Polic\u00eda Boliviana activ\u00f3 el Plan Zeta luego de registrarse la presunta fuga de privados de libertad del penal de Palmasola, en Santa Cruz.<\/p>\n<p>La evasi\u00f3n se habr\u00eda ejecutado durante la madrugada de este mi\u00e9rcoles, aprovechando un corte de energ\u00eda el\u00e9ctrica que dej\u00f3 a oscuras el recinto penitenciario.<\/p>\n<p data-path-to-node=\"2\">De acuerdo con datos preliminares, los internos forzaron los candados de una torre de control que se encontraba desprotegida, accedieron al muro perimetral y descendieron hacia el exterior utilizando una cuerda, la cual fue hallada colgada del muro.<\/p>\n<p>Ante esta situaci\u00f3n, efectivos policiales reforzaron los accesos al penal y desplegaron patrullajes terrestres y sobrevuelos en helic\u00f3ptero por la zona sur de la capital cruce\u00f1a.<\/p>\n<p data-path-to-node=\"3\">Paralelamente, personal de R\u00e9gimen Penitenciario realiza un conteo de internos en todos los pabellones para determinar la cantidad exacta de los pr\u00f3fugos, considerados de alta peligrosidad.<\/p>\n<p>Las autoridades policiales a\u00fan no han emitido un informe oficial, mientras mantienen los operativos de rastrillaje y piden a la poblaci\u00f3n extremar precauciones.<\/p>\n<p>&nbsp;<\/p>\n","protected":false},"excerpt":{"rendered":"<p>La Polic\u00eda Boliviana activ\u00f3 el Plan Zeta luego de registrarse la presunta fuga de privados de libertad del penal de Palmasola, en Santa Cruz. La evasi\u00f3n se habr\u00eda ejecutado durante la madrugada de este mi\u00e9rcoles, aprovechando un corte de energ\u00eda el\u00e9ctrica que dej\u00f3 a oscuras el recinto penitenciario. De acuerdo con datos preliminares, los internos [&hellip;]<\/p>\n","protected":false},"author":7,"featured_media":419025,"comment_status":"closed","ping_status":"open","sticky":false,"template":"","format":"standard","meta":{"_acf_changed":false,"footnotes":""},"categories":[51],"tags":[],"class_list":["post-419024","post","type-post","status-publish","format-standard","has-post-thumbnail","category-ultima-hora"],"acf":{"antetitulo":""},"yoast_head":"<!-- This site is optimized with the Yoast SEO plugin v28.4 - https:\/\/yoast.com\/product\/yoast-seo-wordpress\/ -->\n<title>Aprovecharon un apag\u00f3n y una cuerda: investigan posible fuga de internos en Palmasola (09:45) - El Diario - Bolivia<\/title>\n<meta name=\"robots\" content=\"index, follow, max-snippet:-1, max-image-preview:large, max-video-preview:-1\" \/>\n<link rel=\"canonical\" href=\"https:\/\/www.eldiario.net\/portal\/2026\/08\/05\/aprovecharon-un-apagon-y-una-cuerda-investigan-posible-fuga-de-internos-en-palmasola-0945\/\" \/>\n<meta property=\"og:locale\" content=\"es_ES\" \/>\n<meta property=\"og:type\" content=\"article\" \/>\n<meta property=\"og:title\" content=\"Aprovecharon un apag\u00f3n y una cuerda: investigan posible fuga de internos en Palmasola (09:45) - El Diario - Bolivia\" \/>\n<meta property=\"og:description\" content=\"La Polic\u00eda Boliviana activ\u00f3 el Plan Zeta luego de registrarse la presunta fuga de privados de libertad del penal de Palmasola, en Santa Cruz. La evasi\u00f3n se habr\u00eda ejecutado durante la madrugada de este mi\u00e9rcoles, aprovechando un corte de energ\u00eda el\u00e9ctrica que dej\u00f3 a oscuras el recinto penitenciario. De acuerdo con datos preliminares, los internos [&hellip;]\" \/>\n<meta property=\"og:url\" content=\"https:\/\/www.eldiario.net\/portal\/2026\/08\/05\/aprovecharon-un-apagon-y-una-cuerda-investigan-posible-fuga-de-internos-en-palmasola-0945\/\" \/>\n<meta property=\"og:site_name\" content=\"El Diario - Bolivia\" \/>\n<meta property=\"article:publisher\" content=\"https:\/\/www.facebook.com\/eldiario.bolivia\/\" \/>\n<meta property=\"article:published_time\" content=\"2026-08-05T13:46:48+00:00\" \/>\n<meta property=\"og:image\" content=\"https:\/\/www.eldiario.net\/portal\/wp-content\/uploads\/2026\/08\/palmosola-05.08.26-copia.webp\" \/>\n\t<meta property=\"og:image:width\" content=\"520\" \/>\n\t<meta property=\"og:image:height\" content=\"463\" \/>\n\t<meta property=\"og:image:type\" content=\"image\/webp\" \/>\n<meta name=\"author\" content=\"Viviana Monrroy\" \/>\n<meta name=\"twitter:card\" content=\"summary_large_image\" \/>\n<meta name=\"twitter:creator\" content=\"@eldiario_net\" \/>\n<meta name=\"twitter:site\" content=\"@eldiario_net\" \/>\n<meta name=\"twitter:label1\" content=\"Escrito por\" \/>\n\t<meta name=\"twitter:data1\" content=\"Viviana Monrroy\" \/>\n\t<meta name=\"twitter:label2\" content=\"Tiempo de lectura\" \/>\n\t<meta name=\"twitter:data2\" content=\"1 minuto\" \/>\n<script type=\"application\/ld+json\" class=\"yoast-schema-graph\">{\"@context\":\"https:\\\/\\\/schema.org\",\"@graph\":[{\"@type\":\"Article\",\"@id\":\"https:\\\/\\\/www.eldiario.net\\\/portal\\\/2026\\\/08\\\/05\\\/aprovecharon-un-apagon-y-una-cuerda-investigan-posible-fuga-de-internos-en-palmasola-0945\\\/#article\",\"isPartOf\":{\"@id\":\"https:\\\/\\\/www.eldiario.net\\\/portal\\\/2026\\\/08\\\/05\\\/aprovecharon-un-apagon-y-una-cuerda-investigan-posible-fuga-de-internos-en-palmasola-0945\\\/\"},\"author\":{\"name\":\"Viviana Monrroy\",\"@id\":\"https:\\\/\\\/www.eldiario.net\\\/portal\\\/#\\\/schema\\\/person\\\/32cc89e801dfcbad3a54f91da7f2ea06\"},\"headline\":\"Aprovecharon un apag\u00f3n y una cuerda: investigan posible fuga de internos en Palmasola (09:45)\",\"datePublished\":\"2026-08-05T13:46:48+00:00\",\"mainEntityOfPage\":{\"@id\":\"https:\\\/\\\/www.eldiario.net\\\/portal\\\/2026\\\/08\\\/05\\\/aprovecharon-un-apagon-y-una-cuerda-investigan-posible-fuga-de-internos-en-palmasola-0945\\\/\"},\"wordCount\":189,\"publisher\":{\"@id\":\"https:\\\/\\\/www.eldiario.net\\\/portal\\\/#organization\"},\"image\":{\"@id\":\"https:\\\/\\\/www.eldiario.net\\\/portal\\\/2026\\\/08\\\/05\\\/aprovecharon-un-apagon-y-una-cuerda-investigan-posible-fuga-de-internos-en-palmasola-0945\\\/#primaryimage\"},\"thumbnailUrl\":\"https:\\\/\\\/www.eldiario.net\\\/portal\\\/wp-content\\\/uploads\\\/2026\\\/08\\\/palmosola-05.08.26-copia.webp\",\"articleSection\":[\"\u00daltima Hora\"],\"inLanguage\":\"es\"},{\"@type\":\"WebPage\",\"@id\":\"https:\\\/\\\/www.eldiario.net\\\/portal\\\/2026\\\/08\\\/05\\\/aprovecharon-un-apagon-y-una-cuerda-investigan-posible-fuga-de-internos-en-palmasola-0945\\\/\",\"url\":\"https:\\\/\\\/www.eldiario.net\\\/portal\\\/2026\\\/08\\\/05\\\/aprovecharon-un-apagon-y-una-cuerda-investigan-posible-fuga-de-internos-en-palmasola-0945\\\/\",\"name\":\"Aprovecharon un apag\u00f3n y una cuerda: investigan posible fuga de internos en Palmasola (09:45) - El Diario - Bolivia\",\"isPartOf\":{\"@id\":\"https:\\\/\\\/www.eldiario.net\\\/portal\\\/#website\"},\"primaryImageOfPage\":{\"@id\":\"https:\\\/\\\/www.eldiario.net\\\/portal\\\/2026\\\/08\\\/05\\\/aprovecharon-un-apagon-y-una-cuerda-investigan-posible-fuga-de-internos-en-palmasola-0945\\\/#primaryimage\"},\"image\":{\"@id\":\"https:\\\/\\\/www.eldiario.net\\\/portal\\\/2026\\\/08\\\/05\\\/aprovecharon-un-apagon-y-una-cuerda-investigan-posible-fuga-de-internos-en-palmasola-0945\\\/#primaryimage\"},\"thumbnailUrl\":\"https:\\\/\\\/www.eldiario.net\\\/portal\\\/wp-content\\\/uploads\\\/2026\\\/08\\\/palmosola-05.08.26-copia.webp\",\"datePublished\":\"2026-08-05T13:46:48+00:00\",\"breadcrumb\":{\"@id\":\"https:\\\/\\\/www.eldiario.net\\\/portal\\\/2026\\\/08\\\/05\\\/aprovecharon-un-apagon-y-una-cuerda-investigan-posible-fuga-de-internos-en-palmasola-0945\\\/#breadcrumb\"},\"inLanguage\":\"es\",\"potentialAction\":[{\"@type\":\"ReadAction\",\"target\":[\"https:\\\/\\\/www.eldiario.net\\\/portal\\\/2026\\\/08\\\/05\\\/aprovecharon-un-apagon-y-una-cuerda-investigan-posible-fuga-de-internos-en-palmasola-0945\\\/\"]}]},{\"@type\":\"ImageObject\",\"inLanguage\":\"es\",\"@id\":\"https:\\\/\\\/www.eldiario.net\\\/portal\\\/2026\\\/08\\\/05\\\/aprovecharon-un-apagon-y-una-cuerda-investigan-posible-fuga-de-internos-en-palmasola-0945\\\/#primaryimage\",\"url\":\"https:\\\/\\\/www.eldiario.net\\\/portal\\\/wp-content\\\/uploads\\\/2026\\\/08\\\/palmosola-05.08.26-copia.webp\",\"contentUrl\":\"https:\\\/\\\/www.eldiario.net\\\/portal\\\/wp-content\\\/uploads\\\/2026\\\/08\\\/palmosola-05.08.26-copia.webp\",\"width\":520,\"height\":463,\"caption\":\"Foto: Sobrevuelo de helic\u00f3ptero (RR.SS.)\"},{\"@type\":\"BreadcrumbList\",\"@id\":\"https:\\\/\\\/www.eldiario.net\\\/portal\\\/2026\\\/08\\\/05\\\/aprovecharon-un-apagon-y-una-cuerda-investigan-posible-fuga-de-internos-en-palmasola-0945\\\/#breadcrumb\",\"itemListElement\":[{\"@type\":\"ListItem\",\"position\":1,\"name\":\"Portada\",\"item\":\"https:\\\/\\\/www.eldiario.net\\\/portal\\\/\"},{\"@type\":\"ListItem\",\"position\":2,\"name\":\"Aprovecharon un apag\u00f3n y una cuerda: investigan posible fuga de internos en Palmasola (09:45)\"}]},{\"@type\":\"WebSite\",\"@id\":\"https:\\\/\\\/www.eldiario.net\\\/portal\\\/#website\",\"url\":\"https:\\\/\\\/www.eldiario.net\\\/portal\\\/\",\"name\":\"El Diario - Decano de la prensa nacional\",\"description\":\"El Diario - Decano de la prensa nacional\",\"publisher\":{\"@id\":\"https:\\\/\\\/www.eldiario.net\\\/portal\\\/#organization\"},\"potentialAction\":[{\"@type\":\"SearchAction\",\"target\":{\"@type\":\"EntryPoint\",\"urlTemplate\":\"https:\\\/\\\/www.eldiario.net\\\/portal\\\/?s={search_term_string}\"},\"query-input\":{\"@type\":\"PropertyValueSpecification\",\"valueRequired\":true,\"valueName\":\"search_term_string\"}}],\"inLanguage\":\"es\"},{\"@type\":\"Organization\",\"@id\":\"https:\\\/\\\/www.eldiario.net\\\/portal\\\/#organization\",\"name\":\"El Diario - Decano de la prensa nacional\",\"url\":\"https:\\\/\\\/www.eldiario.net\\\/portal\\\/\",\"logo\":{\"@type\":\"ImageObject\",\"inLanguage\":\"es\",\"@id\":\"https:\\\/\\\/www.eldiario.net\\\/portal\\\/#\\\/schema\\\/logo\\\/image\\\/\",\"url\":\"https:\\\/\\\/www.eldiario.net\\\/portal\\\/wp-content\\\/uploads\\\/2023\\\/07\\\/logo_ED.jpg\",\"contentUrl\":\"https:\\\/\\\/www.eldiario.net\\\/portal\\\/wp-content\\\/uploads\\\/2023\\\/07\\\/logo_ED.jpg\",\"width\":272,\"height\":52,\"caption\":\"El Diario - Decano de la prensa nacional\"},\"image\":{\"@id\":\"https:\\\/\\\/www.eldiario.net\\\/portal\\\/#\\\/schema\\\/logo\\\/image\\\/\"},\"sameAs\":[\"https:\\\/\\\/www.facebook.com\\\/eldiario.bolivia\\\/\",\"https:\\\/\\\/x.com\\\/eldiario_net\"]},{\"@type\":\"Person\",\"@id\":\"https:\\\/\\\/www.eldiario.net\\\/portal\\\/#\\\/schema\\\/person\\\/32cc89e801dfcbad3a54f91da7f2ea06\",\"name\":\"Viviana Monrroy\",\"image\":{\"@type\":\"ImageObject\",\"inLanguage\":\"es\",\"@id\":\"https:\\\/\\\/secure.gravatar.com\\\/avatar\\\/dfd1611ed5600959a0e5a9754503b6c05d1dcf190010998e0363aee2ad98afca?s=96&d=mm&r=g\",\"url\":\"https:\\\/\\\/secure.gravatar.com\\\/avatar\\\/dfd1611ed5600959a0e5a9754503b6c05d1dcf190010998e0363aee2ad98afca?s=96&d=mm&r=g\",\"contentUrl\":\"https:\\\/\\\/secure.gravatar.com\\\/avatar\\\/dfd1611ed5600959a0e5a9754503b6c05d1dcf190010998e0363aee2ad98afca?s=96&d=mm&r=g\",\"caption\":\"Viviana Monrroy\"},\"sameAs\":[\"http:\\\/\\\/www.eldiario.net\"],\"url\":\"https:\\\/\\\/www.eldiario.net\\\/portal\\\/author\\\/vivianamonrroy\\\/\"}]}<\/script>\n<!-- \/ Yoast SEO plugin. -->","yoast_head_json":{"title":"Aprovecharon un apag\u00f3n y una cuerda: investigan posible fuga de internos en Palmasola (09:45) - El Diario - Bolivia","robots":{"index":"index","follow":"follow","max-snippet":"max-snippet:-1","max-image-preview":"max-image-preview:large","max-video-preview":"max-video-preview:-1"},"canonical":"https:\/\/www.eldiario.net\/portal\/2026\/08\/05\/aprovecharon-un-apagon-y-una-cuerda-investigan-posible-fuga-de-internos-en-palmasola-0945\/","og_locale":"es_ES","og_type":"article","og_title":"Aprovecharon un apag\u00f3n y una cuerda: investigan posible fuga de internos en Palmasola (09:45) - El Diario - Bolivia","og_description":"La Polic\u00eda Boliviana activ\u00f3 el Plan Zeta luego de registrarse la presunta fuga de privados de libertad del penal de Palmasola, en Santa Cruz. La evasi\u00f3n se habr\u00eda ejecutado durante la madrugada de este mi\u00e9rcoles, aprovechando un corte de energ\u00eda el\u00e9ctrica que dej\u00f3 a oscuras el recinto penitenciario. De acuerdo con datos preliminares, los internos [&hellip;]","og_url":"https:\/\/www.eldiario.net\/portal\/2026\/08\/05\/aprovecharon-un-apagon-y-una-cuerda-investigan-posible-fuga-de-internos-en-palmasola-0945\/","og_site_name":"El Diario - Bolivia","article_publisher":"https:\/\/www.facebook.com\/eldiario.bolivia\/","article_published_time":"2026-08-05T13:46:48+00:00","og_image":[{"width":520,"height":463,"url":"https:\/\/www.eldiario.net\/portal\/wp-content\/uploads\/2026\/08\/palmosola-05.08.26-copia.webp","type":"image\/webp"}],"author":"Viviana Monrroy","twitter_card":"summary_large_image","twitter_creator":"@eldiario_net","twitter_site":"@eldiario_net","twitter_misc":{"Escrito por":"Viviana Monrroy","Tiempo de lectura":"1 minuto"},"schema":{"@context":"https:\/\/schema.org","@graph":[{"@type":"Article","@id":"https:\/\/www.eldiario.net\/portal\/2026\/08\/05\/aprovecharon-un-apagon-y-una-cuerda-investigan-posible-fuga-de-internos-en-palmasola-0945\/#article","isPartOf":{"@id":"https:\/\/www.eldiario.net\/portal\/2026\/08\/05\/aprovecharon-un-apagon-y-una-cuerda-investigan-posible-fuga-de-internos-en-palmasola-0945\/"},"author":{"name":"Viviana Monrroy","@id":"https:\/\/www.eldiario.net\/portal\/#\/schema\/person\/32cc89e801dfcbad3a54f91da7f2ea06"},"headline":"Aprovecharon un apag\u00f3n y una cuerda: investigan posible fuga de internos en Palmasola (09:45)","datePublished":"2026-08-05T13:46:48+00:00","mainEntityOfPage":{"@id":"https:\/\/www.eldiario.net\/portal\/2026\/08\/05\/aprovecharon-un-apagon-y-una-cuerda-investigan-posible-fuga-de-internos-en-palmasola-0945\/"},"wordCount":189,"publisher":{"@id":"https:\/\/www.eldiario.net\/portal\/#organization"},"image":{"@id":"https:\/\/www.eldiario.net\/portal\/2026\/08\/05\/aprovecharon-un-apagon-y-una-cuerda-investigan-posible-fuga-de-internos-en-palmasola-0945\/#primaryimage"},"thumbnailUrl":"https:\/\/www.eldiario.net\/portal\/wp-content\/uploads\/2026\/08\/palmosola-05.08.26-copia.webp","articleSection":["\u00daltima Hora"],"inLanguage":"es"},{"@type":"WebPage","@id":"https:\/\/www.eldiario.net\/portal\/2026\/08\/05\/aprovecharon-un-apagon-y-una-cuerda-investigan-posible-fuga-de-internos-en-palmasola-0945\/","url":"https:\/\/www.eldiario.net\/portal\/2026\/08\/05\/aprovecharon-un-apagon-y-una-cuerda-investigan-posible-fuga-de-internos-en-palmasola-0945\/","name":"Aprovecharon un apag\u00f3n y una cuerda: investigan posible fuga de internos en Palmasola (09:45) - El Diario - Bolivia","isPartOf":{"@id":"https:\/\/www.eldiario.net\/portal\/#website"},"primaryImageOfPage":{"@id":"https:\/\/www.eldiario.net\/portal\/2026\/08\/05\/aprovecharon-un-apagon-y-una-cuerda-investigan-posible-fuga-de-internos-en-palmasola-0945\/#primaryimage"},"image":{"@id":"https:\/\/www.eldiario.net\/portal\/2026\/08\/05\/aprovecharon-un-apagon-y-una-cuerda-investigan-posible-fuga-de-internos-en-palmasola-0945\/#primaryimage"},"thumbnailUrl":"https:\/\/www.eldiario.net\/portal\/wp-content\/uploads\/2026\/08\/palmosola-05.08.26-copia.webp","datePublished":"2026-08-05T13:46:48+00:00","breadcrumb":{"@id":"https:\/\/www.eldiario.net\/portal\/2026\/08\/05\/aprovecharon-un-apagon-y-una-cuerda-investigan-posible-fuga-de-internos-en-palmasola-0945\/#breadcrumb"},"inLanguage":"es","potentialAction":[{"@type":"ReadAction","target":["https:\/\/www.eldiario.net\/portal\/2026\/08\/05\/aprovecharon-un-apagon-y-una-cuerda-investigan-posible-fuga-de-internos-en-palmasola-0945\/"]}]},{"@type":"ImageObject","inLanguage":"es","@id":"https:\/\/www.eldiario.net\/portal\/2026\/08\/05\/aprovecharon-un-apagon-y-una-cuerda-investigan-posible-fuga-de-internos-en-palmasola-0945\/#primaryimage","url":"https:\/\/www.eldiario.net\/portal\/wp-content\/uploads\/2026\/08\/palmosola-05.08.26-copia.webp","contentUrl":"https:\/\/www.eldiario.net\/portal\/wp-content\/uploads\/2026\/08\/palmosola-05.08.26-copia.webp","width":520,"height":463,"caption":"Foto: Sobrevuelo de helic\u00f3ptero (RR.SS.)"},{"@type":"BreadcrumbList","@id":"https:\/\/www.eldiario.net\/portal\/2026\/08\/05\/aprovecharon-un-apagon-y-una-cuerda-investigan-posible-fuga-de-internos-en-palmasola-0945\/#breadcrumb","itemListElement":[{"@type":"ListItem","position":1,"name":"Portada","item":"https:\/\/www.eldiario.net\/portal\/"},{"@type":"ListItem","position":2,"name":"Aprovecharon un apag\u00f3n y una cuerda: investigan posible fuga de internos en Palmasola (09:45)"}]},{"@type":"WebSite","@id":"https:\/\/www.eldiario.net\/portal\/#website","url":"https:\/\/www.eldiario.net\/portal\/","name":"El Diario - Decano de la prensa nacional","description":"El Diario - Decano de la prensa nacional","publisher":{"@id":"https:\/\/www.eldiario.net\/portal\/#organization"},"potentialAction":[{"@type":"SearchAction","target":{"@type":"EntryPoint","urlTemplate":"https:\/\/www.eldiario.net\/portal\/?s={search_term_string}"},"query-input":{"@type":"PropertyValueSpecification","valueRequired":true,"valueName":"search_term_string"}}],"inLanguage":"es"},{"@type":"Organization","@id":"https:\/\/www.eldiario.net\/portal\/#organization","name":"El Diario - Decano de la prensa nacional","url":"https:\/\/www.eldiario.net\/portal\/","logo":{"@type":"ImageObject","inLanguage":"es","@id":"https:\/\/www.eldiario.net\/portal\/#\/schema\/logo\/image\/","url":"https:\/\/www.eldiario.net\/portal\/wp-content\/uploads\/2023\/07\/logo_ED.jpg","contentUrl":"https:\/\/www.eldiario.net\/portal\/wp-content\/uploads\/2023\/07\/logo_ED.jpg","width":272,"height":52,"caption":"El Diario - Decano de la prensa nacional"},"image":{"@id":"https:\/\/www.eldiario.net\/portal\/#\/schema\/logo\/image\/"},"sameAs":["https:\/\/www.facebook.com\/eldiario.bolivia\/","https:\/\/x.com\/eldiario_net"]},{"@type":"Person","@id":"https:\/\/www.eldiario.net\/portal\/#\/schema\/person\/32cc89e801dfcbad3a54f91da7f2ea06","name":"Viviana Monrroy","image":{"@type":"ImageObject","inLanguage":"es","@id":"https:\/\/secure.gravatar.com\/avatar\/dfd1611ed5600959a0e5a9754503b6c05d1dcf190010998e0363aee2ad98afca?s=96&d=mm&r=g","url":"https:\/\/secure.gravatar.com\/avatar\/dfd1611ed5600959a0e5a9754503b6c05d1dcf190010998e0363aee2ad98afca?s=96&d=mm&r=g","contentUrl":"https:\/\/secure.gravatar.com\/avatar\/dfd1611ed5600959a0e5a9754503b6c05d1dcf190010998e0363aee2ad98afca?s=96&d=mm&r=g","caption":"Viviana Monrroy"},"sameAs":["http:\/\/www.eldiario.net"],"url":"https:\/\/www.eldiario.net\/portal\/author\/vivianamonrroy\/"}]}},"_links":{"self":[{"href":"https:\/\/www.eldiario.net\/portal\/wp-json\/wp\/v2\/posts\/419024","targetHints":{"allow":["GET"]}}],"collection":[{"href":"https:\/\/www.eldiario.net\/portal\/wp-json\/wp\/v2\/posts"}],"about":[{"href":"https:\/\/www.eldiario.net\/portal\/wp-json\/wp\/v2\/types\/post"}],"author":[{"embeddable":true,"href":"https:\/\/www.eldiario.net\/portal\/wp-json\/wp\/v2\/users\/7"}],"replies":[{"embeddable":true,"href":"https:\/\/www.eldiario.net\/portal\/wp-json\/wp\/v2\/comments?post=419024"}],"version-history":[{"count":1,"href":"https:\/\/www.eldiario.net\/portal\/wp-json\/wp\/v2\/posts\/419024\/revisions"}],"predecessor-version":[{"id":419026,"href":"https:\/\/www.eldiario.net\/portal\/wp-json\/wp\/v2\/posts\/419024\/revisions\/419026"}],"wp:featuredmedia":[{"embeddable":true,"href":"https:\/\/www.eldiario.net\/portal\/wp-json\/wp\/v2\/media\/419025"}],"wp:attachment":[{"href":"https:\/\/www.eldiario.net\/portal\/wp-json\/wp\/v2\/media?parent=419024"}],"wp:term":[{"taxonomy":"category","embeddable":true,"href":"https:\/\/www.eldiario.net\/portal\/wp-json\/wp\/v2\/categories?post=419024"},{"taxonomy":"post_tag","embeddable":true,"href":"https:\/\/www.eldiario.net\/portal\/wp-json\/wp\/v2\/tags?post=419024"}],"curies":[{"name":"wp","href":"https:\/\/api.w.org\/{rel}","templated":true}]}}