{"id":418897,"date":"2026-08-05T06:23:16","date_gmt":"2026-08-05T10:23:16","guid":{"rendered":"https:\/\/www.eldiario.net\/portal\/?p=418897"},"modified":"2026-08-05T06:23:16","modified_gmt":"2026-08-05T10:23:16","slug":"reduccion-de-ministerios-responde-a-criterios-de-austeridad-y-eficiencia","status":"publish","type":"post","link":"https:\/\/www.eldiario.net\/portal\/2026\/08\/05\/reduccion-de-ministerios-responde-a-criterios-de-austeridad-y-eficiencia\/","title":{"rendered":"Reducci\u00f3n de ministerios responde  a criterios de austeridad y eficiencia"},"content":{"rendered":"<p>Ante las cr\u00edticas por el cierre del Ministerio de Turismo, el vocero presidencial Jos\u00e9 Luis G\u00e1lvez manifest\u00f3 que no tendr\u00eda que haber descontentos, porque con una agencia la gesti\u00f3n ser\u00e1 m\u00e1s pragm\u00e1tica en rubro que el Gobierno considera fundamental y con potencial inmenso.<br \/>\nSectores del \u00e1mbito tur\u00edstico y art\u00edstico expresaron su rechazo a la decisi\u00f3n del Gobierno de cerrar el Ministerio. Entre ellos, la C\u00e1mara Boliviana del Turismo (Cabotur) consider\u00f3 que es un \u201cd\u00eda negro\u201d y que demuestra abandono al rubro.<br \/>\nSin embargo, el vocero manifest\u00f3 que \u201clas decisiones tomadas van a potenciar a\u00fan m\u00e1s la industria del turismo y la valoraci\u00f3n de nuestra cultura y gastronom\u00eda\u201d.<br \/>\n\u201cEl tener una agencia va a permitir la captaci\u00f3n de recursos y de encarar de manera mucho m\u00e1s pragm\u00e1tica el quehacer del turismo\u201d, enfatiz\u00f3.<br \/>\nG\u00e1lvez asever\u00f3 que no cambia las pol\u00edticas que desde un principio tiene el Ejecutivo, sino m\u00e1s bien se pretende la agilizaci\u00f3n y potenciamiento del turismo, la cultura y la gastronom\u00eda.<\/p>\n","protected":false},"excerpt":{"rendered":"<p>Ante las cr\u00edticas por el cierre del Ministerio de Turismo, el vocero presidencial Jos\u00e9 Luis G\u00e1lvez manifest\u00f3 que no tendr\u00eda que haber descontentos, porque con una agencia la gesti\u00f3n ser\u00e1 m\u00e1s pragm\u00e1tica en rubro que el Gobierno considera fundamental y con potencial inmenso. Sectores del \u00e1mbito tur\u00edstico y art\u00edstico expresaron su rechazo a la decisi\u00f3n [&hellip;]<\/p>\n","protected":false},"author":1,"featured_media":418898,"comment_status":"closed","ping_status":"open","sticky":false,"template":"","format":"standard","meta":{"_acf_changed":false,"footnotes":""},"categories":[15],"tags":[],"class_list":["post-418897","post","type-post","status-publish","format-standard","has-post-thumbnail","category-portada"],"acf":{"antetitulo":"Vocero presidencial"},"yoast_head":"<!-- This site is optimized with the Yoast SEO plugin v28.4 - https:\/\/yoast.com\/product\/yoast-seo-wordpress\/ -->\n<title>Reducci\u00f3n de ministerios responde a criterios de austeridad y eficiencia - El Diario - Bolivia<\/title>\n<meta name=\"robots\" content=\"index, follow, max-snippet:-1, max-image-preview:large, max-video-preview:-1\" \/>\n<link rel=\"canonical\" href=\"https:\/\/www.eldiario.net\/portal\/2026\/08\/05\/reduccion-de-ministerios-responde-a-criterios-de-austeridad-y-eficiencia\/\" \/>\n<meta property=\"og:locale\" content=\"es_ES\" \/>\n<meta property=\"og:type\" content=\"article\" \/>\n<meta property=\"og:title\" content=\"Reducci\u00f3n de ministerios responde a criterios de austeridad y eficiencia - El Diario - Bolivia\" \/>\n<meta property=\"og:description\" content=\"Ante las cr\u00edticas por el cierre del Ministerio de Turismo, el vocero presidencial Jos\u00e9 Luis G\u00e1lvez manifest\u00f3 que no tendr\u00eda que haber descontentos, porque con una agencia la gesti\u00f3n ser\u00e1 m\u00e1s pragm\u00e1tica en rubro que el Gobierno considera fundamental y con potencial inmenso. Sectores del \u00e1mbito tur\u00edstico y art\u00edstico expresaron su rechazo a la decisi\u00f3n [&hellip;]\" \/>\n<meta property=\"og:url\" content=\"https:\/\/www.eldiario.net\/portal\/2026\/08\/05\/reduccion-de-ministerios-responde-a-criterios-de-austeridad-y-eficiencia\/\" \/>\n<meta property=\"og:site_name\" content=\"El Diario - Bolivia\" \/>\n<meta property=\"article:publisher\" content=\"https:\/\/www.facebook.com\/eldiario.bolivia\/\" \/>\n<meta property=\"article:published_time\" content=\"2026-08-05T10:23:16+00:00\" \/>\n<meta property=\"og:image\" content=\"https:\/\/www.eldiario.net\/portal\/wp-content\/uploads\/2026\/08\/Vocero-Abi-10-cm-x-7.webp\" \/>\n\t<meta property=\"og:image:width\" content=\"980\" \/>\n\t<meta property=\"og:image:height\" content=\"685\" \/>\n\t<meta property=\"og:image:type\" content=\"image\/webp\" \/>\n<meta name=\"author\" content=\"Jeanette\" \/>\n<meta name=\"twitter:card\" content=\"summary_large_image\" \/>\n<meta name=\"twitter:creator\" content=\"@eldiario_net\" \/>\n<meta name=\"twitter:site\" content=\"@eldiario_net\" \/>\n<meta name=\"twitter:label1\" content=\"Escrito por\" \/>\n\t<meta name=\"twitter:data1\" content=\"Jeanette\" \/>\n\t<meta name=\"twitter:label2\" content=\"Tiempo de lectura\" \/>\n\t<meta name=\"twitter:data2\" content=\"1 minuto\" \/>\n<script type=\"application\/ld+json\" class=\"yoast-schema-graph\">{\"@context\":\"https:\\\/\\\/schema.org\",\"@graph\":[{\"@type\":\"Article\",\"@id\":\"https:\\\/\\\/www.eldiario.net\\\/portal\\\/2026\\\/08\\\/05\\\/reduccion-de-ministerios-responde-a-criterios-de-austeridad-y-eficiencia\\\/#article\",\"isPartOf\":{\"@id\":\"https:\\\/\\\/www.eldiario.net\\\/portal\\\/2026\\\/08\\\/05\\\/reduccion-de-ministerios-responde-a-criterios-de-austeridad-y-eficiencia\\\/\"},\"author\":{\"name\":\"Jeanette\",\"@id\":\"https:\\\/\\\/www.eldiario.net\\\/portal\\\/#\\\/schema\\\/person\\\/f46445640444750d7d753ccd04ae01b7\"},\"headline\":\"Reducci\u00f3n de ministerios responde a criterios de austeridad y eficiencia\",\"datePublished\":\"2026-08-05T10:23:16+00:00\",\"mainEntityOfPage\":{\"@id\":\"https:\\\/\\\/www.eldiario.net\\\/portal\\\/2026\\\/08\\\/05\\\/reduccion-de-ministerios-responde-a-criterios-de-austeridad-y-eficiencia\\\/\"},\"wordCount\":195,\"publisher\":{\"@id\":\"https:\\\/\\\/www.eldiario.net\\\/portal\\\/#organization\"},\"image\":{\"@id\":\"https:\\\/\\\/www.eldiario.net\\\/portal\\\/2026\\\/08\\\/05\\\/reduccion-de-ministerios-responde-a-criterios-de-austeridad-y-eficiencia\\\/#primaryimage\"},\"thumbnailUrl\":\"https:\\\/\\\/www.eldiario.net\\\/portal\\\/wp-content\\\/uploads\\\/2026\\\/08\\\/Vocero-Abi-10-cm-x-7.webp\",\"articleSection\":[\"Portada\"],\"inLanguage\":\"es\"},{\"@type\":\"WebPage\",\"@id\":\"https:\\\/\\\/www.eldiario.net\\\/portal\\\/2026\\\/08\\\/05\\\/reduccion-de-ministerios-responde-a-criterios-de-austeridad-y-eficiencia\\\/\",\"url\":\"https:\\\/\\\/www.eldiario.net\\\/portal\\\/2026\\\/08\\\/05\\\/reduccion-de-ministerios-responde-a-criterios-de-austeridad-y-eficiencia\\\/\",\"name\":\"Reducci\u00f3n de ministerios responde a criterios de austeridad y eficiencia - El Diario - Bolivia\",\"isPartOf\":{\"@id\":\"https:\\\/\\\/www.eldiario.net\\\/portal\\\/#website\"},\"primaryImageOfPage\":{\"@id\":\"https:\\\/\\\/www.eldiario.net\\\/portal\\\/2026\\\/08\\\/05\\\/reduccion-de-ministerios-responde-a-criterios-de-austeridad-y-eficiencia\\\/#primaryimage\"},\"image\":{\"@id\":\"https:\\\/\\\/www.eldiario.net\\\/portal\\\/2026\\\/08\\\/05\\\/reduccion-de-ministerios-responde-a-criterios-de-austeridad-y-eficiencia\\\/#primaryimage\"},\"thumbnailUrl\":\"https:\\\/\\\/www.eldiario.net\\\/portal\\\/wp-content\\\/uploads\\\/2026\\\/08\\\/Vocero-Abi-10-cm-x-7.webp\",\"datePublished\":\"2026-08-05T10:23:16+00:00\",\"breadcrumb\":{\"@id\":\"https:\\\/\\\/www.eldiario.net\\\/portal\\\/2026\\\/08\\\/05\\\/reduccion-de-ministerios-responde-a-criterios-de-austeridad-y-eficiencia\\\/#breadcrumb\"},\"inLanguage\":\"es\",\"potentialAction\":[{\"@type\":\"ReadAction\",\"target\":[\"https:\\\/\\\/www.eldiario.net\\\/portal\\\/2026\\\/08\\\/05\\\/reduccion-de-ministerios-responde-a-criterios-de-austeridad-y-eficiencia\\\/\"]}]},{\"@type\":\"ImageObject\",\"inLanguage\":\"es\",\"@id\":\"https:\\\/\\\/www.eldiario.net\\\/portal\\\/2026\\\/08\\\/05\\\/reduccion-de-ministerios-responde-a-criterios-de-austeridad-y-eficiencia\\\/#primaryimage\",\"url\":\"https:\\\/\\\/www.eldiario.net\\\/portal\\\/wp-content\\\/uploads\\\/2026\\\/08\\\/Vocero-Abi-10-cm-x-7.webp\",\"contentUrl\":\"https:\\\/\\\/www.eldiario.net\\\/portal\\\/wp-content\\\/uploads\\\/2026\\\/08\\\/Vocero-Abi-10-cm-x-7.webp\",\"width\":980,\"height\":685,\"caption\":\"El Vocero presidencial, Jos\u00e9 Luis G\u00e1lvez.\"},{\"@type\":\"BreadcrumbList\",\"@id\":\"https:\\\/\\\/www.eldiario.net\\\/portal\\\/2026\\\/08\\\/05\\\/reduccion-de-ministerios-responde-a-criterios-de-austeridad-y-eficiencia\\\/#breadcrumb\",\"itemListElement\":[{\"@type\":\"ListItem\",\"position\":1,\"name\":\"Portada\",\"item\":\"https:\\\/\\\/www.eldiario.net\\\/portal\\\/\"},{\"@type\":\"ListItem\",\"position\":2,\"name\":\"Reducci\u00f3n de ministerios responde a criterios de austeridad y eficiencia\"}]},{\"@type\":\"WebSite\",\"@id\":\"https:\\\/\\\/www.eldiario.net\\\/portal\\\/#website\",\"url\":\"https:\\\/\\\/www.eldiario.net\\\/portal\\\/\",\"name\":\"El Diario - Decano de la prensa nacional\",\"description\":\"El Diario - Decano de la prensa nacional\",\"publisher\":{\"@id\":\"https:\\\/\\\/www.eldiario.net\\\/portal\\\/#organization\"},\"potentialAction\":[{\"@type\":\"SearchAction\",\"target\":{\"@type\":\"EntryPoint\",\"urlTemplate\":\"https:\\\/\\\/www.eldiario.net\\\/portal\\\/?s={search_term_string}\"},\"query-input\":{\"@type\":\"PropertyValueSpecification\",\"valueRequired\":true,\"valueName\":\"search_term_string\"}}],\"inLanguage\":\"es\"},{\"@type\":\"Organization\",\"@id\":\"https:\\\/\\\/www.eldiario.net\\\/portal\\\/#organization\",\"name\":\"El Diario - Decano de la prensa nacional\",\"url\":\"https:\\\/\\\/www.eldiario.net\\\/portal\\\/\",\"logo\":{\"@type\":\"ImageObject\",\"inLanguage\":\"es\",\"@id\":\"https:\\\/\\\/www.eldiario.net\\\/portal\\\/#\\\/schema\\\/logo\\\/image\\\/\",\"url\":\"https:\\\/\\\/www.eldiario.net\\\/portal\\\/wp-content\\\/uploads\\\/2023\\\/07\\\/logo_ED.jpg\",\"contentUrl\":\"https:\\\/\\\/www.eldiario.net\\\/portal\\\/wp-content\\\/uploads\\\/2023\\\/07\\\/logo_ED.jpg\",\"width\":272,\"height\":52,\"caption\":\"El Diario - Decano de la prensa nacional\"},\"image\":{\"@id\":\"https:\\\/\\\/www.eldiario.net\\\/portal\\\/#\\\/schema\\\/logo\\\/image\\\/\"},\"sameAs\":[\"https:\\\/\\\/www.facebook.com\\\/eldiario.bolivia\\\/\",\"https:\\\/\\\/x.com\\\/eldiario_net\"]},{\"@type\":\"Person\",\"@id\":\"https:\\\/\\\/www.eldiario.net\\\/portal\\\/#\\\/schema\\\/person\\\/f46445640444750d7d753ccd04ae01b7\",\"name\":\"Jeanette\",\"image\":{\"@type\":\"ImageObject\",\"inLanguage\":\"es\",\"@id\":\"https:\\\/\\\/secure.gravatar.com\\\/avatar\\\/3ea2118a5f7dad2b7138b1187a6b7ee55f160b9968b66013c3a3ef39dd7e5798?s=96&d=mm&r=g\",\"url\":\"https:\\\/\\\/secure.gravatar.com\\\/avatar\\\/3ea2118a5f7dad2b7138b1187a6b7ee55f160b9968b66013c3a3ef39dd7e5798?s=96&d=mm&r=g\",\"contentUrl\":\"https:\\\/\\\/secure.gravatar.com\\\/avatar\\\/3ea2118a5f7dad2b7138b1187a6b7ee55f160b9968b66013c3a3ef39dd7e5798?s=96&d=mm&r=g\",\"caption\":\"Jeanette\"},\"sameAs\":[\"https:\\\/\\\/www.eldiario.net\\\/portal\"],\"url\":\"https:\\\/\\\/www.eldiario.net\\\/portal\\\/author\\\/jeanette\\\/\"}]}<\/script>\n<!-- \/ Yoast SEO plugin. -->","yoast_head_json":{"title":"Reducci\u00f3n de ministerios responde a criterios de austeridad y eficiencia - El Diario - Bolivia","robots":{"index":"index","follow":"follow","max-snippet":"max-snippet:-1","max-image-preview":"max-image-preview:large","max-video-preview":"max-video-preview:-1"},"canonical":"https:\/\/www.eldiario.net\/portal\/2026\/08\/05\/reduccion-de-ministerios-responde-a-criterios-de-austeridad-y-eficiencia\/","og_locale":"es_ES","og_type":"article","og_title":"Reducci\u00f3n de ministerios responde a criterios de austeridad y eficiencia - El Diario - Bolivia","og_description":"Ante las cr\u00edticas por el cierre del Ministerio de Turismo, el vocero presidencial Jos\u00e9 Luis G\u00e1lvez manifest\u00f3 que no tendr\u00eda que haber descontentos, porque con una agencia la gesti\u00f3n ser\u00e1 m\u00e1s pragm\u00e1tica en rubro que el Gobierno considera fundamental y con potencial inmenso. Sectores del \u00e1mbito tur\u00edstico y art\u00edstico expresaron su rechazo a la decisi\u00f3n [&hellip;]","og_url":"https:\/\/www.eldiario.net\/portal\/2026\/08\/05\/reduccion-de-ministerios-responde-a-criterios-de-austeridad-y-eficiencia\/","og_site_name":"El Diario - Bolivia","article_publisher":"https:\/\/www.facebook.com\/eldiario.bolivia\/","article_published_time":"2026-08-05T10:23:16+00:00","og_image":[{"width":980,"height":685,"url":"https:\/\/www.eldiario.net\/portal\/wp-content\/uploads\/2026\/08\/Vocero-Abi-10-cm-x-7.webp","type":"image\/webp"}],"author":"Jeanette","twitter_card":"summary_large_image","twitter_creator":"@eldiario_net","twitter_site":"@eldiario_net","twitter_misc":{"Escrito por":"Jeanette","Tiempo de lectura":"1 minuto"},"schema":{"@context":"https:\/\/schema.org","@graph":[{"@type":"Article","@id":"https:\/\/www.eldiario.net\/portal\/2026\/08\/05\/reduccion-de-ministerios-responde-a-criterios-de-austeridad-y-eficiencia\/#article","isPartOf":{"@id":"https:\/\/www.eldiario.net\/portal\/2026\/08\/05\/reduccion-de-ministerios-responde-a-criterios-de-austeridad-y-eficiencia\/"},"author":{"name":"Jeanette","@id":"https:\/\/www.eldiario.net\/portal\/#\/schema\/person\/f46445640444750d7d753ccd04ae01b7"},"headline":"Reducci\u00f3n de ministerios responde a criterios de austeridad y eficiencia","datePublished":"2026-08-05T10:23:16+00:00","mainEntityOfPage":{"@id":"https:\/\/www.eldiario.net\/portal\/2026\/08\/05\/reduccion-de-ministerios-responde-a-criterios-de-austeridad-y-eficiencia\/"},"wordCount":195,"publisher":{"@id":"https:\/\/www.eldiario.net\/portal\/#organization"},"image":{"@id":"https:\/\/www.eldiario.net\/portal\/2026\/08\/05\/reduccion-de-ministerios-responde-a-criterios-de-austeridad-y-eficiencia\/#primaryimage"},"thumbnailUrl":"https:\/\/www.eldiario.net\/portal\/wp-content\/uploads\/2026\/08\/Vocero-Abi-10-cm-x-7.webp","articleSection":["Portada"],"inLanguage":"es"},{"@type":"WebPage","@id":"https:\/\/www.eldiario.net\/portal\/2026\/08\/05\/reduccion-de-ministerios-responde-a-criterios-de-austeridad-y-eficiencia\/","url":"https:\/\/www.eldiario.net\/portal\/2026\/08\/05\/reduccion-de-ministerios-responde-a-criterios-de-austeridad-y-eficiencia\/","name":"Reducci\u00f3n de ministerios responde a criterios de austeridad y eficiencia - El Diario - Bolivia","isPartOf":{"@id":"https:\/\/www.eldiario.net\/portal\/#website"},"primaryImageOfPage":{"@id":"https:\/\/www.eldiario.net\/portal\/2026\/08\/05\/reduccion-de-ministerios-responde-a-criterios-de-austeridad-y-eficiencia\/#primaryimage"},"image":{"@id":"https:\/\/www.eldiario.net\/portal\/2026\/08\/05\/reduccion-de-ministerios-responde-a-criterios-de-austeridad-y-eficiencia\/#primaryimage"},"thumbnailUrl":"https:\/\/www.eldiario.net\/portal\/wp-content\/uploads\/2026\/08\/Vocero-Abi-10-cm-x-7.webp","datePublished":"2026-08-05T10:23:16+00:00","breadcrumb":{"@id":"https:\/\/www.eldiario.net\/portal\/2026\/08\/05\/reduccion-de-ministerios-responde-a-criterios-de-austeridad-y-eficiencia\/#breadcrumb"},"inLanguage":"es","potentialAction":[{"@type":"ReadAction","target":["https:\/\/www.eldiario.net\/portal\/2026\/08\/05\/reduccion-de-ministerios-responde-a-criterios-de-austeridad-y-eficiencia\/"]}]},{"@type":"ImageObject","inLanguage":"es","@id":"https:\/\/www.eldiario.net\/portal\/2026\/08\/05\/reduccion-de-ministerios-responde-a-criterios-de-austeridad-y-eficiencia\/#primaryimage","url":"https:\/\/www.eldiario.net\/portal\/wp-content\/uploads\/2026\/08\/Vocero-Abi-10-cm-x-7.webp","contentUrl":"https:\/\/www.eldiario.net\/portal\/wp-content\/uploads\/2026\/08\/Vocero-Abi-10-cm-x-7.webp","width":980,"height":685,"caption":"El Vocero presidencial, Jos\u00e9 Luis G\u00e1lvez."},{"@type":"BreadcrumbList","@id":"https:\/\/www.eldiario.net\/portal\/2026\/08\/05\/reduccion-de-ministerios-responde-a-criterios-de-austeridad-y-eficiencia\/#breadcrumb","itemListElement":[{"@type":"ListItem","position":1,"name":"Portada","item":"https:\/\/www.eldiario.net\/portal\/"},{"@type":"ListItem","position":2,"name":"Reducci\u00f3n de ministerios responde a criterios de austeridad y eficiencia"}]},{"@type":"WebSite","@id":"https:\/\/www.eldiario.net\/portal\/#website","url":"https:\/\/www.eldiario.net\/portal\/","name":"El Diario - Decano de la prensa nacional","description":"El Diario - Decano de la prensa nacional","publisher":{"@id":"https:\/\/www.eldiario.net\/portal\/#organization"},"potentialAction":[{"@type":"SearchAction","target":{"@type":"EntryPoint","urlTemplate":"https:\/\/www.eldiario.net\/portal\/?s={search_term_string}"},"query-input":{"@type":"PropertyValueSpecification","valueRequired":true,"valueName":"search_term_string"}}],"inLanguage":"es"},{"@type":"Organization","@id":"https:\/\/www.eldiario.net\/portal\/#organization","name":"El Diario - Decano de la prensa nacional","url":"https:\/\/www.eldiario.net\/portal\/","logo":{"@type":"ImageObject","inLanguage":"es","@id":"https:\/\/www.eldiario.net\/portal\/#\/schema\/logo\/image\/","url":"https:\/\/www.eldiario.net\/portal\/wp-content\/uploads\/2023\/07\/logo_ED.jpg","contentUrl":"https:\/\/www.eldiario.net\/portal\/wp-content\/uploads\/2023\/07\/logo_ED.jpg","width":272,"height":52,"caption":"El Diario - Decano de la prensa nacional"},"image":{"@id":"https:\/\/www.eldiario.net\/portal\/#\/schema\/logo\/image\/"},"sameAs":["https:\/\/www.facebook.com\/eldiario.bolivia\/","https:\/\/x.com\/eldiario_net"]},{"@type":"Person","@id":"https:\/\/www.eldiario.net\/portal\/#\/schema\/person\/f46445640444750d7d753ccd04ae01b7","name":"Jeanette","image":{"@type":"ImageObject","inLanguage":"es","@id":"https:\/\/secure.gravatar.com\/avatar\/3ea2118a5f7dad2b7138b1187a6b7ee55f160b9968b66013c3a3ef39dd7e5798?s=96&d=mm&r=g","url":"https:\/\/secure.gravatar.com\/avatar\/3ea2118a5f7dad2b7138b1187a6b7ee55f160b9968b66013c3a3ef39dd7e5798?s=96&d=mm&r=g","contentUrl":"https:\/\/secure.gravatar.com\/avatar\/3ea2118a5f7dad2b7138b1187a6b7ee55f160b9968b66013c3a3ef39dd7e5798?s=96&d=mm&r=g","caption":"Jeanette"},"sameAs":["https:\/\/www.eldiario.net\/portal"],"url":"https:\/\/www.eldiario.net\/portal\/author\/jeanette\/"}]}},"_links":{"self":[{"href":"https:\/\/www.eldiario.net\/portal\/wp-json\/wp\/v2\/posts\/418897","targetHints":{"allow":["GET"]}}],"collection":[{"href":"https:\/\/www.eldiario.net\/portal\/wp-json\/wp\/v2\/posts"}],"about":[{"href":"https:\/\/www.eldiario.net\/portal\/wp-json\/wp\/v2\/types\/post"}],"author":[{"embeddable":true,"href":"https:\/\/www.eldiario.net\/portal\/wp-json\/wp\/v2\/users\/1"}],"replies":[{"embeddable":true,"href":"https:\/\/www.eldiario.net\/portal\/wp-json\/wp\/v2\/comments?post=418897"}],"version-history":[{"count":1,"href":"https:\/\/www.eldiario.net\/portal\/wp-json\/wp\/v2\/posts\/418897\/revisions"}],"predecessor-version":[{"id":418899,"href":"https:\/\/www.eldiario.net\/portal\/wp-json\/wp\/v2\/posts\/418897\/revisions\/418899"}],"wp:featuredmedia":[{"embeddable":true,"href":"https:\/\/www.eldiario.net\/portal\/wp-json\/wp\/v2\/media\/418898"}],"wp:attachment":[{"href":"https:\/\/www.eldiario.net\/portal\/wp-json\/wp\/v2\/media?parent=418897"}],"wp:term":[{"taxonomy":"category","embeddable":true,"href":"https:\/\/www.eldiario.net\/portal\/wp-json\/wp\/v2\/categories?post=418897"},{"taxonomy":"post_tag","embeddable":true,"href":"https:\/\/www.eldiario.net\/portal\/wp-json\/wp\/v2\/tags?post=418897"}],"curies":[{"name":"wp","href":"https:\/\/api.w.org\/{rel}","templated":true}]}}