{"id":418890,"date":"2026-08-05T00:24:44","date_gmt":"2026-08-05T04:24:44","guid":{"rendered":"https:\/\/www.eldiario.net\/portal\/?p=418890"},"modified":"2026-08-04T22:26:08","modified_gmt":"2026-08-05T02:26:08","slug":"investigan-nuevo-hallazgo-de-un-cuerpo-en-puerto-suarez","status":"publish","type":"post","link":"https:\/\/www.eldiario.net\/portal\/2026\/08\/05\/investigan-nuevo-hallazgo-de-un-cuerpo-en-puerto-suarez\/","title":{"rendered":"Investigan nuevo hallazgo de un cuerpo en Puerto Su\u00e1rez"},"content":{"rendered":"<p>En medio de una escalada de violencia que dej\u00f3 nueve personas asesinadas en menos de una semana en Santa Cruz, la Polic\u00eda investiga el hallazgo del cuerpo sin vida de un hombre en la bah\u00eda de Puerto Su\u00e1rez, mientras en Cochabamba y La Paz tambi\u00e9n se reportaron otros dos casos de personas encontradas fallecidas en diferentes circunstancias.<\/p>\n<p>Seg\u00fan los primeros reportes, fueron vecinos de la zona quienes alertaron a las autoridades tras percatarse de la presencia de los restos mortales en inmediaciones de la bah\u00eda de Puerto Su\u00e1rez. Personal de Bomberos y efectivos policiales llegaron hasta el lugar para realizar el rescate y posteriormente efectuar el levantamiento legal del cuerpo, que fue trasladado hasta dependencias de la morgue.<\/p>\n<p>De manera preliminar, se inform\u00f3 que la v\u00edctima ser\u00eda un ciudadano brasile\u00f1o de entre 30 y 35 a\u00f1os, aunque las autoridades a\u00fan deben confirmar su identidad. Hasta el momento no se estableci\u00f3 si la muerte fue producto de un hecho violento, debido a que se desconoce si el cuerpo presentaba lesiones u otros indicios que permitan determinar las circunstancias del fallecimiento.<\/p>\n<p>La Polic\u00eda aguarda los resultados de la autopsia m\u00e9dico legal para conocer la causa exacta de la muerte y establecer si existe alg\u00fan elemento que permita relacionar este caso con otros hechos registrados recientemente en el departamento cruce\u00f1o.<\/p>\n<p>El hallazgo ocurri\u00f3 mientras las fuerzas de seguridad reforzaron los controles en zonas fronterizas, luego de una serie de asesinatos registrados en Santa Cruz y que, seg\u00fan las autoridades, estar\u00edan vinculados preliminarmente a una disputa entre grupos criminales brasile\u00f1os: el Primer Comando de la Capital (PCC) y el Comando Vermelho, organizaciones que presuntamente buscan controlar rutas relacionadas con actividades il\u00edcitas en territorio boliviano.<\/p>\n<p>La seguidilla de hechos violentos comenz\u00f3 el pasado 29 de julio en el municipio de San Mat\u00edas, donde un grupo armado ingres\u00f3 a una propiedad y abri\u00f3 fuego contra las personas que se encontraban en el lugar. El ataque dej\u00f3 tres fallecidos de manera inmediata y una persona herida, quien posteriormente perdi\u00f3 la vida pese a haber sido trasladada a un centro m\u00e9dico.<\/p>\n<p>Un d\u00eda despu\u00e9s, el jueves 30 de julio, tambi\u00e9n en San Mat\u00edas, el subteniente de la Polic\u00eda Yerson Salazar fue interceptado por sujetos armados que dispararon contra el veh\u00edculo en el que se encontraba. El efectivo muri\u00f3 producto del ataque y, seg\u00fan los reportes, su cuerpo fue secuestrado por los agresores, aunque posteriormente fue encontrado cerca de una pista clandestina en la zona.<\/p>\n<p>Ese mismo jueves se conoci\u00f3 adem\u00e1s el hallazgo de dos cuerpos decapitados en un camino ubicado a unos cinco kil\u00f3metros del \u00e1rea urbana de Yapacan\u00ed. Las v\u00edctimas eran dos j\u00f3venes de 25 y 22 a\u00f1os. Los resultados de la autopsia determinaron que ambos fueron sometidos a torturas antes de ser asesinados y que sus cuerpos habr\u00edan sido trasladados desde otro punto hasta el lugar donde fueron abandonados.<\/p>\n<p>El domingo 2 de agosto se reportaron otros dos hechos violentos. En la ciudad de Santa Cruz de la Sierra, un hombre de nacionalidad brasile\u00f1a, de 36 a\u00f1os, fue asesinado a tiros al interior de un local nocturno. La Fiscal\u00eda confirm\u00f3 el caso y el examen m\u00e9dico forense estableci\u00f3 que la v\u00edctima muri\u00f3 luego de recibir siete impactos de bala.<\/p>\n<p>Durante esa misma jornada, pero en el municipio de San Ignacio de Velasco, un hombre de 40 a\u00f1os, de profesi\u00f3n veterinario, fue asesinado durante una balacera registrada en un negocio de venta de comida. La autopsia estableci\u00f3 que la v\u00edctima recibi\u00f3 22 impactos de arma de fuego.<\/p>\n<p>Tras estos hechos, un contingente policial fue desplazado hacia las zonas fronterizas para reforzar los operativos y buscar identificar a los responsables de los asesinatos registrados en el departamento.<\/p>\n<p>En Cochabamba, espec\u00edficamente en el municipio de Villa Tunari, zona del tr\u00f3pico, se report\u00f3 otro hallazgo. Un hombre de 31 a\u00f1os fue encontrado sin vida al interior de una vagoneta.<\/p>\n<p>De acuerdo con el reporte preliminar, la v\u00edctima sali\u00f3 de su domicilio el pasado 31 de julio con direcci\u00f3n a su chaco para realizar trabajos, pero despu\u00e9s perdi\u00f3 contacto con sus familiares. Ante la falta de informaci\u00f3n sobre su paradero, sus allegados iniciaron una b\u00fasqueda y encontraron el veh\u00edculo con el cuerpo en su interior.<\/p>\n<p>El comandante regional del tr\u00f3pico, Freddy Vargas, explic\u00f3 que el cuerpo fue encontrado a un costado de una senda, donde hab\u00eda algunos bolillos de madera, y que presentaba signos de descomposici\u00f3n.<\/p>\n<p>Tras el levantamiento legal, los restos fueron trasladados hasta la morgue del Hospital de tercer nivel de Villa Tunari, donde se realiz\u00f3 la autopsia m\u00e9dico legal. El examen externo determin\u00f3 que la v\u00edctima presentaba una herida en la frente de la cabeza y que la data de muerte era de aproximadamente dos d\u00edas.<\/p>\n<p>El caso contin\u00faa en investigaci\u00f3n para establecer las circunstancias del fallecimiento e identificar al o los responsables.<\/p>\n<p>En el departamento de La Paz, otro caso fue reportado en el municipio de Santa Rosa de Mapiri, en el norte pace\u00f1o, donde un hombre fue encontrado sin vida dentro de un ca\u00f1ad\u00f3n ubicado cerca de la presa minera de Ca\u00f1opampa.<\/p>\n<p>Personal policial y m\u00e9dico acudi\u00f3 hasta el lugar para verificar el hallazgo. El comandante policial del norte de La Paz, Dacar Tirado, inform\u00f3 que las caracter\u00edsticas del terreno evidenciaban la existencia de un ca\u00f1ad\u00f3n de aproximadamente 300 metros de profundidad, en cuyo fondo se encontraba el cuerpo.<\/p>\n<p>Luego de recuperar los restos, se constat\u00f3 que la v\u00edctima estaba en estado de descomposici\u00f3n y que la data de muerte ser\u00eda de entre 10 y 12 d\u00edas. De manera preliminar, se estableci\u00f3 que el fallecimiento habr\u00eda sido causado por una fractura en el cr\u00e1neo y m\u00faltiples lesiones en el cuerpo, presuntamente producto de una ca\u00edda desde la altura.<\/p>\n<p>La Polic\u00eda tom\u00f3 contacto con los familiares de la v\u00edctima y su hermano acudi\u00f3 a dependencias policiales; sin embargo, manifest\u00f3 su oposici\u00f3n a la realizaci\u00f3n de la autopsia. Las autoridades indicaron que esperaban la presencia de la madre para completar el procedimiento correspondiente, mientras el Ministerio P\u00fablico ya ten\u00eda conocimiento del caso.<\/p>\n<p>Los tres hechos registrados en Puerto Su\u00e1rez, Villa Tunari y Mapiri permanecen bajo investigaci\u00f3n, mientras las autoridades buscan esclarecer las circunstancias en las que estas personas perdieron la vida.<\/p>\n\r\n                <style type=\"text\/css\">\r\n                    \r\n                    #tdi_1  .td-doubleSlider-2 .td-item1 {\r\n                        background: url(https:\/\/www.eldiario.net\/portal\/wp-content\/uploads\/2026\/08\/5-HALL-1-80x60.webp) 0 0 no-repeat;\r\n                    }\r\n                    #tdi_1  .td-doubleSlider-2 .td-item2 {\r\n                        background: url(https:\/\/www.eldiario.net\/portal\/wp-content\/uploads\/2026\/08\/5-HALL-2-80x60.webp) 0 0 no-repeat;\r\n                    }\r\n                <\/style>\r\n\r\n                <div id=\"tdi_1\" class=\"td-gallery td-slide-on-2-columns\">\r\n                    <div class=\"post_td_gallery\">\r\n                        <div class=\"td-gallery-slide-top\">\r\n                           <div class=\"td-gallery-title\"><\/div>\r\n\r\n                            <div class=\"td-gallery-controls-wrapper\">\r\n                                <div class=\"td-gallery-slide-count\"><span class=\"td-gallery-slide-item-focus\">1<\/span> de 2<\/div>\r\n                                <div class=\"td-gallery-slide-prev-next-but\">\r\n                                    <i class = \"td-icon-left doubleSliderPrevButton\"><\/i>\r\n                                    <i class = \"td-icon-right doubleSliderNextButton\"><\/i>\r\n                                <\/div>\r\n                            <\/div>\r\n                        <\/div>\r\n\r\n                        <div class = \"td-doubleSlider-1 \">\r\n                            <div class = \"td-slider\">\r\n                                \r\n                    <div class = \"td-slide-item td-item1\">\r\n                        <figure class=\"td-slide-galery-figure td-slide-popup-gallery\">\r\n                            <a class=\"slide-gallery-image-link\" href=\"https:\/\/www.eldiario.net\/portal\/wp-content\/uploads\/2026\/08\/5-HALL-1.webp\" title=\"5 HALL 1\"  data-caption=\"La Polic\u00eda realiz\u00f3 el levantamiento legal del cuerpo encontrado en la bah\u00eda de Puerto Su\u00e1rez.\"  data-description=\"\">\r\n                                <img decoding=\"async\" src=\"https:\/\/www.eldiario.net\/portal\/wp-content\/uploads\/2026\/08\/5-HALL-1-575x420.webp\" srcset=\"https:\/\/www.eldiario.net\/portal\/wp-content\/uploads\/2026\/08\/5-HALL-1-575x420.webp 575w, https:\/\/www.eldiario.net\/portal\/wp-content\/uploads\/2026\/08\/5-HALL-1-300x219.webp 300w, https:\/\/www.eldiario.net\/portal\/wp-content\/uploads\/2026\/08\/5-HALL-1-150x110.webp 150w, https:\/\/www.eldiario.net\/portal\/wp-content\/uploads\/2026\/08\/5-HALL-1-696x509.webp 696w, https:\/\/www.eldiario.net\/portal\/wp-content\/uploads\/2026\/08\/5-HALL-1.webp 765w\" sizes=\"(max-width: 575px) 100vw, 575px\" alt=\"\">\r\n                            <\/a>\r\n                            <figcaption class = \"td-slide-caption td-gallery-slide-content\"><div class = \"td-gallery-slide-copywrite\">La Polic\u00eda realiz\u00f3 el levantamiento legal del cuerpo encontrado en la bah\u00eda de Puerto Su\u00e1rez.<\/div><\/figcaption>\r\n                        <\/figure>\r\n                    <\/div>\r\n                    <div class = \"td-slide-item td-item2\">\r\n                        <figure class=\"td-slide-galery-figure td-slide-popup-gallery\">\r\n                            <a class=\"slide-gallery-image-link\" href=\"https:\/\/www.eldiario.net\/portal\/wp-content\/uploads\/2026\/08\/5-HALL-2.webp\" title=\"5 HALL 2\"  data-caption=\"Tras dos d\u00edas desaparecido, un hombre fue encontrado sin vida al interior de su veh\u00edculo en Villa Tunari.\"  data-description=\"Tras dos d&iacute;as desaparecido, un hombre fue encontrado sin vida al interior de su veh&iacute;culo en Villa Tunari.\">\r\n                                <img decoding=\"async\" src=\"https:\/\/www.eldiario.net\/portal\/wp-content\/uploads\/2026\/08\/5-HALL-2.webp\" srcset=\"https:\/\/www.eldiario.net\/portal\/wp-content\/uploads\/2026\/08\/5-HALL-2.webp 286w, https:\/\/www.eldiario.net\/portal\/wp-content\/uploads\/2026\/08\/5-HALL-2-80x60.webp 80w, https:\/\/www.eldiario.net\/portal\/wp-content\/uploads\/2026\/08\/5-HALL-2-150x113.webp 150w\" sizes=\"(max-width: 286px) 100vw, 286px\" alt=\"\">\r\n                            <\/a>\r\n                            <figcaption class = \"td-slide-caption td-gallery-slide-content\"><div class = \"td-gallery-slide-copywrite\">Tras dos d\u00edas desaparecido, un hombre fue encontrado sin vida al interior de su veh\u00edculo en Villa Tunari.<\/div><span>Tras dos d\u00edas desaparecido, un hombre fue encontrado sin vida al interior de su veh\u00edculo en Villa Tunari.<\/span><\/figcaption>\r\n                        <\/figure>\r\n                    <\/div>\r\n                            <\/div>\r\n                        <\/div>\r\n\r\n                        <div class = \"td-doubleSlider-2\">\r\n                            <div class = \"td-slider\">\r\n                                \r\n                    <div class = \"td-button td-item1\">\r\n                        <div class = \"td-border\"><\/div>\r\n                    <\/div>\r\n                    <div class = \"td-button td-item2\">\r\n                        <div class = \"td-border\"><\/div>\r\n                    <\/div>\r\n                            <\/div>\r\n                        <\/div>\r\n\r\n                    <\/div>\r\n\r\n                <\/div>\r\n                \n","protected":false},"excerpt":{"rendered":"<p>En medio de una escalada de violencia que dej\u00f3 nueve personas asesinadas en menos de una semana en Santa Cruz, la Polic\u00eda investiga el hallazgo del cuerpo sin vida de un hombre en la bah\u00eda de Puerto Su\u00e1rez, mientras en Cochabamba y La Paz tambi\u00e9n se reportaron otros dos casos de personas encontradas fallecidas en [&hellip;]<\/p>\n","protected":false},"author":1,"featured_media":418891,"comment_status":"closed","ping_status":"open","sticky":false,"template":"","format":"standard","meta":{"_acf_changed":false,"footnotes":""},"categories":[39],"tags":[],"class_list":["post-418890","post","type-post","status-publish","format-standard","has-post-thumbnail","category-sociedad"],"acf":{"antetitulo":"Santa cruz atraviesa una ola de violencia "},"yoast_head":"<!-- This site is optimized with the Yoast SEO plugin v28.3 - https:\/\/yoast.com\/product\/yoast-seo-wordpress\/ -->\n<title>Investigan nuevo hallazgo de un cuerpo en Puerto Su\u00e1rez - El Diario - Bolivia<\/title>\n<meta name=\"robots\" content=\"index, follow, max-snippet:-1, max-image-preview:large, max-video-preview:-1\" \/>\n<link rel=\"canonical\" href=\"https:\/\/www.eldiario.net\/portal\/2026\/08\/05\/investigan-nuevo-hallazgo-de-un-cuerpo-en-puerto-suarez\/\" \/>\n<meta property=\"og:locale\" content=\"es_ES\" \/>\n<meta property=\"og:type\" content=\"article\" \/>\n<meta property=\"og:title\" content=\"Investigan nuevo hallazgo de un cuerpo en Puerto Su\u00e1rez - El Diario - Bolivia\" \/>\n<meta property=\"og:description\" content=\"En medio de una escalada de violencia que dej\u00f3 nueve personas asesinadas en menos de una semana en Santa Cruz, la Polic\u00eda investiga el hallazgo del cuerpo sin vida de un hombre en la bah\u00eda de Puerto Su\u00e1rez, mientras en Cochabamba y La Paz tambi\u00e9n se reportaron otros dos casos de personas encontradas fallecidas en [&hellip;]\" \/>\n<meta property=\"og:url\" content=\"https:\/\/www.eldiario.net\/portal\/2026\/08\/05\/investigan-nuevo-hallazgo-de-un-cuerpo-en-puerto-suarez\/\" \/>\n<meta property=\"og:site_name\" content=\"El Diario - Bolivia\" \/>\n<meta property=\"article:publisher\" content=\"https:\/\/www.facebook.com\/eldiario.bolivia\/\" \/>\n<meta property=\"article:published_time\" content=\"2026-08-05T04:24:44+00:00\" \/>\n<meta property=\"og:image\" content=\"https:\/\/www.eldiario.net\/portal\/wp-content\/uploads\/2026\/08\/5-HALL-1.webp\" \/>\n\t<meta property=\"og:image:width\" content=\"765\" \/>\n\t<meta property=\"og:image:height\" content=\"559\" \/>\n\t<meta property=\"og:image:type\" content=\"image\/webp\" \/>\n<meta name=\"author\" content=\"Jeanette\" \/>\n<meta name=\"twitter:card\" content=\"summary_large_image\" \/>\n<meta name=\"twitter:creator\" content=\"@eldiario_net\" \/>\n<meta name=\"twitter:site\" content=\"@eldiario_net\" \/>\n<meta name=\"twitter:label1\" content=\"Escrito por\" \/>\n\t<meta name=\"twitter:data1\" content=\"Jeanette\" \/>\n\t<meta name=\"twitter:label2\" content=\"Tiempo de lectura\" \/>\n\t<meta name=\"twitter:data2\" content=\"5 minutos\" \/>\n<script type=\"application\/ld+json\" class=\"yoast-schema-graph\">{\"@context\":\"https:\\\/\\\/schema.org\",\"@graph\":[{\"@type\":\"Article\",\"@id\":\"https:\\\/\\\/www.eldiario.net\\\/portal\\\/2026\\\/08\\\/05\\\/investigan-nuevo-hallazgo-de-un-cuerpo-en-puerto-suarez\\\/#article\",\"isPartOf\":{\"@id\":\"https:\\\/\\\/www.eldiario.net\\\/portal\\\/2026\\\/08\\\/05\\\/investigan-nuevo-hallazgo-de-un-cuerpo-en-puerto-suarez\\\/\"},\"author\":{\"name\":\"Jeanette\",\"@id\":\"https:\\\/\\\/www.eldiario.net\\\/portal\\\/#\\\/schema\\\/person\\\/f46445640444750d7d753ccd04ae01b7\"},\"headline\":\"Investigan nuevo hallazgo de un cuerpo en Puerto Su\u00e1rez\",\"datePublished\":\"2026-08-05T04:24:44+00:00\",\"mainEntityOfPage\":{\"@id\":\"https:\\\/\\\/www.eldiario.net\\\/portal\\\/2026\\\/08\\\/05\\\/investigan-nuevo-hallazgo-de-un-cuerpo-en-puerto-suarez\\\/\"},\"wordCount\":1111,\"publisher\":{\"@id\":\"https:\\\/\\\/www.eldiario.net\\\/portal\\\/#organization\"},\"image\":{\"@id\":\"https:\\\/\\\/www.eldiario.net\\\/portal\\\/2026\\\/08\\\/05\\\/investigan-nuevo-hallazgo-de-un-cuerpo-en-puerto-suarez\\\/#primaryimage\"},\"thumbnailUrl\":\"https:\\\/\\\/www.eldiario.net\\\/portal\\\/wp-content\\\/uploads\\\/2026\\\/08\\\/5-HALL-1.webp\",\"articleSection\":[\"Sociedad - Seguridad\"],\"inLanguage\":\"es\"},{\"@type\":\"WebPage\",\"@id\":\"https:\\\/\\\/www.eldiario.net\\\/portal\\\/2026\\\/08\\\/05\\\/investigan-nuevo-hallazgo-de-un-cuerpo-en-puerto-suarez\\\/\",\"url\":\"https:\\\/\\\/www.eldiario.net\\\/portal\\\/2026\\\/08\\\/05\\\/investigan-nuevo-hallazgo-de-un-cuerpo-en-puerto-suarez\\\/\",\"name\":\"Investigan nuevo hallazgo de un cuerpo en Puerto Su\u00e1rez - El Diario - Bolivia\",\"isPartOf\":{\"@id\":\"https:\\\/\\\/www.eldiario.net\\\/portal\\\/#website\"},\"primaryImageOfPage\":{\"@id\":\"https:\\\/\\\/www.eldiario.net\\\/portal\\\/2026\\\/08\\\/05\\\/investigan-nuevo-hallazgo-de-un-cuerpo-en-puerto-suarez\\\/#primaryimage\"},\"image\":{\"@id\":\"https:\\\/\\\/www.eldiario.net\\\/portal\\\/2026\\\/08\\\/05\\\/investigan-nuevo-hallazgo-de-un-cuerpo-en-puerto-suarez\\\/#primaryimage\"},\"thumbnailUrl\":\"https:\\\/\\\/www.eldiario.net\\\/portal\\\/wp-content\\\/uploads\\\/2026\\\/08\\\/5-HALL-1.webp\",\"datePublished\":\"2026-08-05T04:24:44+00:00\",\"breadcrumb\":{\"@id\":\"https:\\\/\\\/www.eldiario.net\\\/portal\\\/2026\\\/08\\\/05\\\/investigan-nuevo-hallazgo-de-un-cuerpo-en-puerto-suarez\\\/#breadcrumb\"},\"inLanguage\":\"es\",\"potentialAction\":[{\"@type\":\"ReadAction\",\"target\":[\"https:\\\/\\\/www.eldiario.net\\\/portal\\\/2026\\\/08\\\/05\\\/investigan-nuevo-hallazgo-de-un-cuerpo-en-puerto-suarez\\\/\"]}]},{\"@type\":\"ImageObject\",\"inLanguage\":\"es\",\"@id\":\"https:\\\/\\\/www.eldiario.net\\\/portal\\\/2026\\\/08\\\/05\\\/investigan-nuevo-hallazgo-de-un-cuerpo-en-puerto-suarez\\\/#primaryimage\",\"url\":\"https:\\\/\\\/www.eldiario.net\\\/portal\\\/wp-content\\\/uploads\\\/2026\\\/08\\\/5-HALL-1.webp\",\"contentUrl\":\"https:\\\/\\\/www.eldiario.net\\\/portal\\\/wp-content\\\/uploads\\\/2026\\\/08\\\/5-HALL-1.webp\",\"width\":765,\"height\":559,\"caption\":\"La Polic\u00eda realiz\u00f3 el levantamiento legal del cuerpo encontrado en la bah\u00eda de Puerto Su\u00e1rez.\"},{\"@type\":\"BreadcrumbList\",\"@id\":\"https:\\\/\\\/www.eldiario.net\\\/portal\\\/2026\\\/08\\\/05\\\/investigan-nuevo-hallazgo-de-un-cuerpo-en-puerto-suarez\\\/#breadcrumb\",\"itemListElement\":[{\"@type\":\"ListItem\",\"position\":1,\"name\":\"Portada\",\"item\":\"https:\\\/\\\/www.eldiario.net\\\/portal\\\/\"},{\"@type\":\"ListItem\",\"position\":2,\"name\":\"Investigan nuevo hallazgo de un cuerpo en Puerto Su\u00e1rez\"}]},{\"@type\":\"WebSite\",\"@id\":\"https:\\\/\\\/www.eldiario.net\\\/portal\\\/#website\",\"url\":\"https:\\\/\\\/www.eldiario.net\\\/portal\\\/\",\"name\":\"El Diario - Decano de la prensa nacional\",\"description\":\"El Diario - Decano de la prensa nacional\",\"publisher\":{\"@id\":\"https:\\\/\\\/www.eldiario.net\\\/portal\\\/#organization\"},\"potentialAction\":[{\"@type\":\"SearchAction\",\"target\":{\"@type\":\"EntryPoint\",\"urlTemplate\":\"https:\\\/\\\/www.eldiario.net\\\/portal\\\/?s={search_term_string}\"},\"query-input\":{\"@type\":\"PropertyValueSpecification\",\"valueRequired\":true,\"valueName\":\"search_term_string\"}}],\"inLanguage\":\"es\"},{\"@type\":\"Organization\",\"@id\":\"https:\\\/\\\/www.eldiario.net\\\/portal\\\/#organization\",\"name\":\"El Diario - Decano de la prensa nacional\",\"url\":\"https:\\\/\\\/www.eldiario.net\\\/portal\\\/\",\"logo\":{\"@type\":\"ImageObject\",\"inLanguage\":\"es\",\"@id\":\"https:\\\/\\\/www.eldiario.net\\\/portal\\\/#\\\/schema\\\/logo\\\/image\\\/\",\"url\":\"https:\\\/\\\/www.eldiario.net\\\/portal\\\/wp-content\\\/uploads\\\/2023\\\/07\\\/logo_ED.jpg\",\"contentUrl\":\"https:\\\/\\\/www.eldiario.net\\\/portal\\\/wp-content\\\/uploads\\\/2023\\\/07\\\/logo_ED.jpg\",\"width\":272,\"height\":52,\"caption\":\"El Diario - Decano de la prensa nacional\"},\"image\":{\"@id\":\"https:\\\/\\\/www.eldiario.net\\\/portal\\\/#\\\/schema\\\/logo\\\/image\\\/\"},\"sameAs\":[\"https:\\\/\\\/www.facebook.com\\\/eldiario.bolivia\\\/\",\"https:\\\/\\\/x.com\\\/eldiario_net\"]},{\"@type\":\"Person\",\"@id\":\"https:\\\/\\\/www.eldiario.net\\\/portal\\\/#\\\/schema\\\/person\\\/f46445640444750d7d753ccd04ae01b7\",\"name\":\"Jeanette\",\"image\":{\"@type\":\"ImageObject\",\"inLanguage\":\"es\",\"@id\":\"https:\\\/\\\/secure.gravatar.com\\\/avatar\\\/3ea2118a5f7dad2b7138b1187a6b7ee55f160b9968b66013c3a3ef39dd7e5798?s=96&d=mm&r=g\",\"url\":\"https:\\\/\\\/secure.gravatar.com\\\/avatar\\\/3ea2118a5f7dad2b7138b1187a6b7ee55f160b9968b66013c3a3ef39dd7e5798?s=96&d=mm&r=g\",\"contentUrl\":\"https:\\\/\\\/secure.gravatar.com\\\/avatar\\\/3ea2118a5f7dad2b7138b1187a6b7ee55f160b9968b66013c3a3ef39dd7e5798?s=96&d=mm&r=g\",\"caption\":\"Jeanette\"},\"sameAs\":[\"https:\\\/\\\/www.eldiario.net\\\/portal\"],\"url\":\"https:\\\/\\\/www.eldiario.net\\\/portal\\\/author\\\/jeanette\\\/\"}]}<\/script>\n<!-- \/ Yoast SEO plugin. -->","yoast_head_json":{"title":"Investigan nuevo hallazgo de un cuerpo en Puerto Su\u00e1rez - El Diario - Bolivia","robots":{"index":"index","follow":"follow","max-snippet":"max-snippet:-1","max-image-preview":"max-image-preview:large","max-video-preview":"max-video-preview:-1"},"canonical":"https:\/\/www.eldiario.net\/portal\/2026\/08\/05\/investigan-nuevo-hallazgo-de-un-cuerpo-en-puerto-suarez\/","og_locale":"es_ES","og_type":"article","og_title":"Investigan nuevo hallazgo de un cuerpo en Puerto Su\u00e1rez - El Diario - Bolivia","og_description":"En medio de una escalada de violencia que dej\u00f3 nueve personas asesinadas en menos de una semana en Santa Cruz, la Polic\u00eda investiga el hallazgo del cuerpo sin vida de un hombre en la bah\u00eda de Puerto Su\u00e1rez, mientras en Cochabamba y La Paz tambi\u00e9n se reportaron otros dos casos de personas encontradas fallecidas en [&hellip;]","og_url":"https:\/\/www.eldiario.net\/portal\/2026\/08\/05\/investigan-nuevo-hallazgo-de-un-cuerpo-en-puerto-suarez\/","og_site_name":"El Diario - Bolivia","article_publisher":"https:\/\/www.facebook.com\/eldiario.bolivia\/","article_published_time":"2026-08-05T04:24:44+00:00","og_image":[{"width":765,"height":559,"url":"https:\/\/www.eldiario.net\/portal\/wp-content\/uploads\/2026\/08\/5-HALL-1.webp","type":"image\/webp"}],"author":"Jeanette","twitter_card":"summary_large_image","twitter_creator":"@eldiario_net","twitter_site":"@eldiario_net","twitter_misc":{"Escrito por":"Jeanette","Tiempo de lectura":"5 minutos"},"schema":{"@context":"https:\/\/schema.org","@graph":[{"@type":"Article","@id":"https:\/\/www.eldiario.net\/portal\/2026\/08\/05\/investigan-nuevo-hallazgo-de-un-cuerpo-en-puerto-suarez\/#article","isPartOf":{"@id":"https:\/\/www.eldiario.net\/portal\/2026\/08\/05\/investigan-nuevo-hallazgo-de-un-cuerpo-en-puerto-suarez\/"},"author":{"name":"Jeanette","@id":"https:\/\/www.eldiario.net\/portal\/#\/schema\/person\/f46445640444750d7d753ccd04ae01b7"},"headline":"Investigan nuevo hallazgo de un cuerpo en Puerto Su\u00e1rez","datePublished":"2026-08-05T04:24:44+00:00","mainEntityOfPage":{"@id":"https:\/\/www.eldiario.net\/portal\/2026\/08\/05\/investigan-nuevo-hallazgo-de-un-cuerpo-en-puerto-suarez\/"},"wordCount":1111,"publisher":{"@id":"https:\/\/www.eldiario.net\/portal\/#organization"},"image":{"@id":"https:\/\/www.eldiario.net\/portal\/2026\/08\/05\/investigan-nuevo-hallazgo-de-un-cuerpo-en-puerto-suarez\/#primaryimage"},"thumbnailUrl":"https:\/\/www.eldiario.net\/portal\/wp-content\/uploads\/2026\/08\/5-HALL-1.webp","articleSection":["Sociedad - Seguridad"],"inLanguage":"es"},{"@type":"WebPage","@id":"https:\/\/www.eldiario.net\/portal\/2026\/08\/05\/investigan-nuevo-hallazgo-de-un-cuerpo-en-puerto-suarez\/","url":"https:\/\/www.eldiario.net\/portal\/2026\/08\/05\/investigan-nuevo-hallazgo-de-un-cuerpo-en-puerto-suarez\/","name":"Investigan nuevo hallazgo de un cuerpo en Puerto Su\u00e1rez - El Diario - Bolivia","isPartOf":{"@id":"https:\/\/www.eldiario.net\/portal\/#website"},"primaryImageOfPage":{"@id":"https:\/\/www.eldiario.net\/portal\/2026\/08\/05\/investigan-nuevo-hallazgo-de-un-cuerpo-en-puerto-suarez\/#primaryimage"},"image":{"@id":"https:\/\/www.eldiario.net\/portal\/2026\/08\/05\/investigan-nuevo-hallazgo-de-un-cuerpo-en-puerto-suarez\/#primaryimage"},"thumbnailUrl":"https:\/\/www.eldiario.net\/portal\/wp-content\/uploads\/2026\/08\/5-HALL-1.webp","datePublished":"2026-08-05T04:24:44+00:00","breadcrumb":{"@id":"https:\/\/www.eldiario.net\/portal\/2026\/08\/05\/investigan-nuevo-hallazgo-de-un-cuerpo-en-puerto-suarez\/#breadcrumb"},"inLanguage":"es","potentialAction":[{"@type":"ReadAction","target":["https:\/\/www.eldiario.net\/portal\/2026\/08\/05\/investigan-nuevo-hallazgo-de-un-cuerpo-en-puerto-suarez\/"]}]},{"@type":"ImageObject","inLanguage":"es","@id":"https:\/\/www.eldiario.net\/portal\/2026\/08\/05\/investigan-nuevo-hallazgo-de-un-cuerpo-en-puerto-suarez\/#primaryimage","url":"https:\/\/www.eldiario.net\/portal\/wp-content\/uploads\/2026\/08\/5-HALL-1.webp","contentUrl":"https:\/\/www.eldiario.net\/portal\/wp-content\/uploads\/2026\/08\/5-HALL-1.webp","width":765,"height":559,"caption":"La Polic\u00eda realiz\u00f3 el levantamiento legal del cuerpo encontrado en la bah\u00eda de Puerto Su\u00e1rez."},{"@type":"BreadcrumbList","@id":"https:\/\/www.eldiario.net\/portal\/2026\/08\/05\/investigan-nuevo-hallazgo-de-un-cuerpo-en-puerto-suarez\/#breadcrumb","itemListElement":[{"@type":"ListItem","position":1,"name":"Portada","item":"https:\/\/www.eldiario.net\/portal\/"},{"@type":"ListItem","position":2,"name":"Investigan nuevo hallazgo de un cuerpo en Puerto Su\u00e1rez"}]},{"@type":"WebSite","@id":"https:\/\/www.eldiario.net\/portal\/#website","url":"https:\/\/www.eldiario.net\/portal\/","name":"El Diario - Decano de la prensa nacional","description":"El Diario - Decano de la prensa nacional","publisher":{"@id":"https:\/\/www.eldiario.net\/portal\/#organization"},"potentialAction":[{"@type":"SearchAction","target":{"@type":"EntryPoint","urlTemplate":"https:\/\/www.eldiario.net\/portal\/?s={search_term_string}"},"query-input":{"@type":"PropertyValueSpecification","valueRequired":true,"valueName":"search_term_string"}}],"inLanguage":"es"},{"@type":"Organization","@id":"https:\/\/www.eldiario.net\/portal\/#organization","name":"El Diario - Decano de la prensa nacional","url":"https:\/\/www.eldiario.net\/portal\/","logo":{"@type":"ImageObject","inLanguage":"es","@id":"https:\/\/www.eldiario.net\/portal\/#\/schema\/logo\/image\/","url":"https:\/\/www.eldiario.net\/portal\/wp-content\/uploads\/2023\/07\/logo_ED.jpg","contentUrl":"https:\/\/www.eldiario.net\/portal\/wp-content\/uploads\/2023\/07\/logo_ED.jpg","width":272,"height":52,"caption":"El Diario - Decano de la prensa nacional"},"image":{"@id":"https:\/\/www.eldiario.net\/portal\/#\/schema\/logo\/image\/"},"sameAs":["https:\/\/www.facebook.com\/eldiario.bolivia\/","https:\/\/x.com\/eldiario_net"]},{"@type":"Person","@id":"https:\/\/www.eldiario.net\/portal\/#\/schema\/person\/f46445640444750d7d753ccd04ae01b7","name":"Jeanette","image":{"@type":"ImageObject","inLanguage":"es","@id":"https:\/\/secure.gravatar.com\/avatar\/3ea2118a5f7dad2b7138b1187a6b7ee55f160b9968b66013c3a3ef39dd7e5798?s=96&d=mm&r=g","url":"https:\/\/secure.gravatar.com\/avatar\/3ea2118a5f7dad2b7138b1187a6b7ee55f160b9968b66013c3a3ef39dd7e5798?s=96&d=mm&r=g","contentUrl":"https:\/\/secure.gravatar.com\/avatar\/3ea2118a5f7dad2b7138b1187a6b7ee55f160b9968b66013c3a3ef39dd7e5798?s=96&d=mm&r=g","caption":"Jeanette"},"sameAs":["https:\/\/www.eldiario.net\/portal"],"url":"https:\/\/www.eldiario.net\/portal\/author\/jeanette\/"}]}},"_links":{"self":[{"href":"https:\/\/www.eldiario.net\/portal\/wp-json\/wp\/v2\/posts\/418890","targetHints":{"allow":["GET"]}}],"collection":[{"href":"https:\/\/www.eldiario.net\/portal\/wp-json\/wp\/v2\/posts"}],"about":[{"href":"https:\/\/www.eldiario.net\/portal\/wp-json\/wp\/v2\/types\/post"}],"author":[{"embeddable":true,"href":"https:\/\/www.eldiario.net\/portal\/wp-json\/wp\/v2\/users\/1"}],"replies":[{"embeddable":true,"href":"https:\/\/www.eldiario.net\/portal\/wp-json\/wp\/v2\/comments?post=418890"}],"version-history":[{"count":1,"href":"https:\/\/www.eldiario.net\/portal\/wp-json\/wp\/v2\/posts\/418890\/revisions"}],"predecessor-version":[{"id":418893,"href":"https:\/\/www.eldiario.net\/portal\/wp-json\/wp\/v2\/posts\/418890\/revisions\/418893"}],"wp:featuredmedia":[{"embeddable":true,"href":"https:\/\/www.eldiario.net\/portal\/wp-json\/wp\/v2\/media\/418891"}],"wp:attachment":[{"href":"https:\/\/www.eldiario.net\/portal\/wp-json\/wp\/v2\/media?parent=418890"}],"wp:term":[{"taxonomy":"category","embeddable":true,"href":"https:\/\/www.eldiario.net\/portal\/wp-json\/wp\/v2\/categories?post=418890"},{"taxonomy":"post_tag","embeddable":true,"href":"https:\/\/www.eldiario.net\/portal\/wp-json\/wp\/v2\/tags?post=418890"}],"curies":[{"name":"wp","href":"https:\/\/api.w.org\/{rel}","templated":true}]}}