{"id":418690,"date":"2026-08-04T07:08:12","date_gmt":"2026-08-04T11:08:12","guid":{"rendered":"https:\/\/www.eldiario.net\/portal\/?p=418690"},"modified":"2026-08-04T07:08:12","modified_gmt":"2026-08-04T11:08:12","slug":"sinfonica-nacional-presentara-obra-inspirada-en-beethoven","status":"publish","type":"post","link":"https:\/\/www.eldiario.net\/portal\/2026\/08\/04\/sinfonica-nacional-presentara-obra-inspirada-en-beethoven\/","title":{"rendered":"Sinf\u00f3nica Nacional presentar\u00e1  obra inspirada en Beethoven"},"content":{"rendered":"<p>La Orquesta Sinf\u00f3nica Nacional de Bolivia presentar\u00e1 los d\u00edas 12 y 13 de agosto la obra \u201cCredo In Unum Mundum\u201d, una composici\u00f3n contempor\u00e1nea inspirada en la Missa Solemnis en Re mayor, Op. 123, de Ludwig van Beethoven.<\/p>\n<p>Los conciertos se realizar\u00e1n a las 19:30, bajo la direcci\u00f3n de Daniel Montes, y contar\u00e1n con la participaci\u00f3n del pianista y compositor alem\u00e1n Marcus Schinkel, adem\u00e1s del Coro Sociedad Coral de La Paz, instituci\u00f3n que este a\u00f1o conmemora 60 a\u00f1os de trayectoria.<\/p>\n<p>La presentaci\u00f3n forma parte de la Temporada Sinf\u00f3nica 2026 de la Orquesta Sinf\u00f3nica Nacional de Bolivia y reunir\u00e1 en escena a la agrupaci\u00f3n orquestal, el coro y un tr\u00edo de jazz.<\/p>\n<p>\u201cCredo In Unum Mundum\u201d fue creada por Schinkel y estrenada en 2023 durante el Beethovenfest de Bonn, Alemania. La obra fue concebida como una misa de jazz para coro, orquesta, solistas vinculados con distintas tradiciones espirituales y tr\u00edo de jazz.<\/p>\n<p>La composici\u00f3n toma como punto de partida la Missa Solemnis de Beethoven e incorpora elementos de la m\u00fasica cl\u00e1sica, la improvisaci\u00f3n jazz\u00edstica y sonoridades contempor\u00e1neas.<\/p>\n<p>Schinkel, nacido en Alemania en 1968, desarroll\u00f3 una carrera vinculada con la m\u00fasica cl\u00e1sica, el jazz, el rock y la composici\u00f3n contempor\u00e1nea. Se form\u00f3 en el Conservatorio Artez de los Pa\u00edses Bajos y se present\u00f3 en escenarios de Europa, Asia, \u00c1frica y Am\u00e9rica Latina.<\/p>\n<p>El pianista colabor\u00f3 con m\u00fasicos de jazz y de m\u00fasica cl\u00e1sica, adem\u00e1s de actuar como solista junto a agrupaciones como la Orquesta Sinf\u00f3nica Nacional de Bolivia, la WDR Funkhausorchester y la Orquesta Beethoven de Bonn.<\/p>\n<p>Daniel Montes se\u00f1al\u00f3 que la producci\u00f3n constituye \u201cun puente entre el legado de Beethoven y las b\u00fasquedas art\u00edsticas del siglo XXI, una invitaci\u00f3n a pensar la m\u00fasica como un espacio de encuentro, di\u00e1logo y esperanza\u201d.<\/p>\n<p>Las entradas para ambas funciones se encuentran disponibles mediante la p\u00e1gina web de la Orquesta Sinf\u00f3nica Nacional de Bolivia.<\/p>\n","protected":false},"excerpt":{"rendered":"<p>La Orquesta Sinf\u00f3nica Nacional de Bolivia presentar\u00e1 los d\u00edas 12 y 13 de agosto la obra \u201cCredo In Unum Mundum\u201d, una composici\u00f3n contempor\u00e1nea inspirada en la Missa Solemnis en Re mayor, Op. 123, de Ludwig van Beethoven. Los conciertos se realizar\u00e1n a las 19:30, bajo la direcci\u00f3n de Daniel Montes, y contar\u00e1n con la participaci\u00f3n [&hellip;]<\/p>\n","protected":false},"author":1,"featured_media":418691,"comment_status":"closed","ping_status":"open","sticky":false,"template":"","format":"standard","meta":{"_acf_changed":false,"footnotes":""},"categories":[8],"tags":[],"class_list":["post-418690","post","type-post","status-publish","format-standard","has-post-thumbnail","category-cultural"],"acf":{"antetitulo":""},"yoast_head":"<!-- This site is optimized with the Yoast SEO plugin v28.4 - https:\/\/yoast.com\/product\/yoast-seo-wordpress\/ -->\n<title>Sinf\u00f3nica Nacional presentar\u00e1 obra inspirada en Beethoven - El Diario - Bolivia<\/title>\n<meta name=\"robots\" content=\"index, follow, max-snippet:-1, max-image-preview:large, max-video-preview:-1\" \/>\n<link rel=\"canonical\" href=\"https:\/\/www.eldiario.net\/portal\/2026\/08\/04\/sinfonica-nacional-presentara-obra-inspirada-en-beethoven\/\" \/>\n<meta property=\"og:locale\" content=\"es_ES\" \/>\n<meta property=\"og:type\" content=\"article\" \/>\n<meta property=\"og:title\" content=\"Sinf\u00f3nica Nacional presentar\u00e1 obra inspirada en Beethoven - El Diario - Bolivia\" \/>\n<meta property=\"og:description\" content=\"La Orquesta Sinf\u00f3nica Nacional de Bolivia presentar\u00e1 los d\u00edas 12 y 13 de agosto la obra \u201cCredo In Unum Mundum\u201d, una composici\u00f3n contempor\u00e1nea inspirada en la Missa Solemnis en Re mayor, Op. 123, de Ludwig van Beethoven. Los conciertos se realizar\u00e1n a las 19:30, bajo la direcci\u00f3n de Daniel Montes, y contar\u00e1n con la participaci\u00f3n [&hellip;]\" \/>\n<meta property=\"og:url\" content=\"https:\/\/www.eldiario.net\/portal\/2026\/08\/04\/sinfonica-nacional-presentara-obra-inspirada-en-beethoven\/\" \/>\n<meta property=\"og:site_name\" content=\"El Diario - Bolivia\" \/>\n<meta property=\"article:publisher\" content=\"https:\/\/www.facebook.com\/eldiario.bolivia\/\" \/>\n<meta property=\"article:published_time\" content=\"2026-08-04T11:08:12+00:00\" \/>\n<meta property=\"og:image\" content=\"https:\/\/www.eldiario.net\/portal\/wp-content\/uploads\/2026\/08\/SINFONICA-FOTO.webp\" \/>\n\t<meta property=\"og:image:width\" content=\"961\" \/>\n\t<meta property=\"og:image:height\" content=\"691\" \/>\n\t<meta property=\"og:image:type\" content=\"image\/webp\" \/>\n<meta name=\"author\" content=\"Jeanette\" \/>\n<meta name=\"twitter:card\" content=\"summary_large_image\" \/>\n<meta name=\"twitter:creator\" content=\"@eldiario_net\" \/>\n<meta name=\"twitter:site\" content=\"@eldiario_net\" \/>\n<meta name=\"twitter:label1\" content=\"Escrito por\" \/>\n\t<meta name=\"twitter:data1\" content=\"Jeanette\" \/>\n\t<meta name=\"twitter:label2\" content=\"Tiempo de lectura\" \/>\n\t<meta name=\"twitter:data2\" content=\"2 minutos\" \/>\n<script type=\"application\/ld+json\" class=\"yoast-schema-graph\">{\"@context\":\"https:\\\/\\\/schema.org\",\"@graph\":[{\"@type\":\"Article\",\"@id\":\"https:\\\/\\\/www.eldiario.net\\\/portal\\\/2026\\\/08\\\/04\\\/sinfonica-nacional-presentara-obra-inspirada-en-beethoven\\\/#article\",\"isPartOf\":{\"@id\":\"https:\\\/\\\/www.eldiario.net\\\/portal\\\/2026\\\/08\\\/04\\\/sinfonica-nacional-presentara-obra-inspirada-en-beethoven\\\/\"},\"author\":{\"name\":\"Jeanette\",\"@id\":\"https:\\\/\\\/www.eldiario.net\\\/portal\\\/#\\\/schema\\\/person\\\/2c57cf2b7a7ae032e449e4c9b1019eac\"},\"headline\":\"Sinf\u00f3nica Nacional presentar\u00e1 obra inspirada en Beethoven\",\"datePublished\":\"2026-08-04T11:08:12+00:00\",\"mainEntityOfPage\":{\"@id\":\"https:\\\/\\\/www.eldiario.net\\\/portal\\\/2026\\\/08\\\/04\\\/sinfonica-nacional-presentara-obra-inspirada-en-beethoven\\\/\"},\"wordCount\":353,\"publisher\":{\"@id\":\"https:\\\/\\\/www.eldiario.net\\\/portal\\\/#organization\"},\"image\":{\"@id\":\"https:\\\/\\\/www.eldiario.net\\\/portal\\\/2026\\\/08\\\/04\\\/sinfonica-nacional-presentara-obra-inspirada-en-beethoven\\\/#primaryimage\"},\"thumbnailUrl\":\"https:\\\/\\\/www.eldiario.net\\\/portal\\\/wp-content\\\/uploads\\\/2026\\\/08\\\/SINFONICA-FOTO.webp\",\"articleSection\":[\"Cultural\"],\"inLanguage\":\"es\"},{\"@type\":\"WebPage\",\"@id\":\"https:\\\/\\\/www.eldiario.net\\\/portal\\\/2026\\\/08\\\/04\\\/sinfonica-nacional-presentara-obra-inspirada-en-beethoven\\\/\",\"url\":\"https:\\\/\\\/www.eldiario.net\\\/portal\\\/2026\\\/08\\\/04\\\/sinfonica-nacional-presentara-obra-inspirada-en-beethoven\\\/\",\"name\":\"Sinf\u00f3nica Nacional presentar\u00e1 obra inspirada en Beethoven - El Diario - Bolivia\",\"isPartOf\":{\"@id\":\"https:\\\/\\\/www.eldiario.net\\\/portal\\\/#website\"},\"primaryImageOfPage\":{\"@id\":\"https:\\\/\\\/www.eldiario.net\\\/portal\\\/2026\\\/08\\\/04\\\/sinfonica-nacional-presentara-obra-inspirada-en-beethoven\\\/#primaryimage\"},\"image\":{\"@id\":\"https:\\\/\\\/www.eldiario.net\\\/portal\\\/2026\\\/08\\\/04\\\/sinfonica-nacional-presentara-obra-inspirada-en-beethoven\\\/#primaryimage\"},\"thumbnailUrl\":\"https:\\\/\\\/www.eldiario.net\\\/portal\\\/wp-content\\\/uploads\\\/2026\\\/08\\\/SINFONICA-FOTO.webp\",\"datePublished\":\"2026-08-04T11:08:12+00:00\",\"breadcrumb\":{\"@id\":\"https:\\\/\\\/www.eldiario.net\\\/portal\\\/2026\\\/08\\\/04\\\/sinfonica-nacional-presentara-obra-inspirada-en-beethoven\\\/#breadcrumb\"},\"inLanguage\":\"es\",\"potentialAction\":[{\"@type\":\"ReadAction\",\"target\":[\"https:\\\/\\\/www.eldiario.net\\\/portal\\\/2026\\\/08\\\/04\\\/sinfonica-nacional-presentara-obra-inspirada-en-beethoven\\\/\"]}]},{\"@type\":\"ImageObject\",\"inLanguage\":\"es\",\"@id\":\"https:\\\/\\\/www.eldiario.net\\\/portal\\\/2026\\\/08\\\/04\\\/sinfonica-nacional-presentara-obra-inspirada-en-beethoven\\\/#primaryimage\",\"url\":\"https:\\\/\\\/www.eldiario.net\\\/portal\\\/wp-content\\\/uploads\\\/2026\\\/08\\\/SINFONICA-FOTO.webp\",\"contentUrl\":\"https:\\\/\\\/www.eldiario.net\\\/portal\\\/wp-content\\\/uploads\\\/2026\\\/08\\\/SINFONICA-FOTO.webp\",\"width\":961,\"height\":691,\"caption\":\"El pianista y compositor alem\u00e1n Marcus Schinkel. Foto: OSN\"},{\"@type\":\"BreadcrumbList\",\"@id\":\"https:\\\/\\\/www.eldiario.net\\\/portal\\\/2026\\\/08\\\/04\\\/sinfonica-nacional-presentara-obra-inspirada-en-beethoven\\\/#breadcrumb\",\"itemListElement\":[{\"@type\":\"ListItem\",\"position\":1,\"name\":\"Portada\",\"item\":\"https:\\\/\\\/www.eldiario.net\\\/portal\\\/\"},{\"@type\":\"ListItem\",\"position\":2,\"name\":\"Sinf\u00f3nica Nacional presentar\u00e1 obra inspirada en Beethoven\"}]},{\"@type\":\"WebSite\",\"@id\":\"https:\\\/\\\/www.eldiario.net\\\/portal\\\/#website\",\"url\":\"https:\\\/\\\/www.eldiario.net\\\/portal\\\/\",\"name\":\"El Diario - Decano de la prensa nacional\",\"description\":\"El Diario - Decano de la prensa nacional\",\"publisher\":{\"@id\":\"https:\\\/\\\/www.eldiario.net\\\/portal\\\/#organization\"},\"potentialAction\":[{\"@type\":\"SearchAction\",\"target\":{\"@type\":\"EntryPoint\",\"urlTemplate\":\"https:\\\/\\\/www.eldiario.net\\\/portal\\\/?s={search_term_string}\"},\"query-input\":{\"@type\":\"PropertyValueSpecification\",\"valueRequired\":true,\"valueName\":\"search_term_string\"}}],\"inLanguage\":\"es\"},{\"@type\":\"Organization\",\"@id\":\"https:\\\/\\\/www.eldiario.net\\\/portal\\\/#organization\",\"name\":\"El Diario - Decano de la prensa nacional\",\"url\":\"https:\\\/\\\/www.eldiario.net\\\/portal\\\/\",\"logo\":{\"@type\":\"ImageObject\",\"inLanguage\":\"es\",\"@id\":\"https:\\\/\\\/www.eldiario.net\\\/portal\\\/#\\\/schema\\\/logo\\\/image\\\/\",\"url\":\"https:\\\/\\\/www.eldiario.net\\\/portal\\\/wp-content\\\/uploads\\\/2023\\\/07\\\/logo_ED.jpg\",\"contentUrl\":\"https:\\\/\\\/www.eldiario.net\\\/portal\\\/wp-content\\\/uploads\\\/2023\\\/07\\\/logo_ED.jpg\",\"width\":272,\"height\":52,\"caption\":\"El Diario - Decano de la prensa nacional\"},\"image\":{\"@id\":\"https:\\\/\\\/www.eldiario.net\\\/portal\\\/#\\\/schema\\\/logo\\\/image\\\/\"},\"sameAs\":[\"https:\\\/\\\/www.facebook.com\\\/eldiario.bolivia\\\/\",\"https:\\\/\\\/x.com\\\/eldiario_net\"]},{\"@type\":\"Person\",\"@id\":\"https:\\\/\\\/www.eldiario.net\\\/portal\\\/#\\\/schema\\\/person\\\/2c57cf2b7a7ae032e449e4c9b1019eac\",\"name\":\"Jeanette\",\"image\":{\"@type\":\"ImageObject\",\"inLanguage\":\"es\",\"@id\":\"https:\\\/\\\/secure.gravatar.com\\\/avatar\\\/3ea2118a5f7dad2b7138b1187a6b7ee55f160b9968b66013c3a3ef39dd7e5798?s=96&d=mm&r=g\",\"url\":\"https:\\\/\\\/secure.gravatar.com\\\/avatar\\\/3ea2118a5f7dad2b7138b1187a6b7ee55f160b9968b66013c3a3ef39dd7e5798?s=96&d=mm&r=g\",\"contentUrl\":\"https:\\\/\\\/secure.gravatar.com\\\/avatar\\\/3ea2118a5f7dad2b7138b1187a6b7ee55f160b9968b66013c3a3ef39dd7e5798?s=96&d=mm&r=g\",\"caption\":\"Jeanette\"},\"sameAs\":[\"https:\\\/\\\/www.eldiario.net\\\/portal\"],\"url\":\"https:\\\/\\\/www.eldiario.net\\\/portal\\\/author\\\/jeanette\\\/\"}]}<\/script>\n<!-- \/ Yoast SEO plugin. -->","yoast_head_json":{"title":"Sinf\u00f3nica Nacional presentar\u00e1 obra inspirada en Beethoven - El Diario - Bolivia","robots":{"index":"index","follow":"follow","max-snippet":"max-snippet:-1","max-image-preview":"max-image-preview:large","max-video-preview":"max-video-preview:-1"},"canonical":"https:\/\/www.eldiario.net\/portal\/2026\/08\/04\/sinfonica-nacional-presentara-obra-inspirada-en-beethoven\/","og_locale":"es_ES","og_type":"article","og_title":"Sinf\u00f3nica Nacional presentar\u00e1 obra inspirada en Beethoven - El Diario - Bolivia","og_description":"La Orquesta Sinf\u00f3nica Nacional de Bolivia presentar\u00e1 los d\u00edas 12 y 13 de agosto la obra \u201cCredo In Unum Mundum\u201d, una composici\u00f3n contempor\u00e1nea inspirada en la Missa Solemnis en Re mayor, Op. 123, de Ludwig van Beethoven. Los conciertos se realizar\u00e1n a las 19:30, bajo la direcci\u00f3n de Daniel Montes, y contar\u00e1n con la participaci\u00f3n [&hellip;]","og_url":"https:\/\/www.eldiario.net\/portal\/2026\/08\/04\/sinfonica-nacional-presentara-obra-inspirada-en-beethoven\/","og_site_name":"El Diario - Bolivia","article_publisher":"https:\/\/www.facebook.com\/eldiario.bolivia\/","article_published_time":"2026-08-04T11:08:12+00:00","og_image":[{"width":961,"height":691,"url":"https:\/\/www.eldiario.net\/portal\/wp-content\/uploads\/2026\/08\/SINFONICA-FOTO.webp","type":"image\/webp"}],"author":"Jeanette","twitter_card":"summary_large_image","twitter_creator":"@eldiario_net","twitter_site":"@eldiario_net","twitter_misc":{"Escrito por":"Jeanette","Tiempo de lectura":"2 minutos"},"schema":{"@context":"https:\/\/schema.org","@graph":[{"@type":"Article","@id":"https:\/\/www.eldiario.net\/portal\/2026\/08\/04\/sinfonica-nacional-presentara-obra-inspirada-en-beethoven\/#article","isPartOf":{"@id":"https:\/\/www.eldiario.net\/portal\/2026\/08\/04\/sinfonica-nacional-presentara-obra-inspirada-en-beethoven\/"},"author":{"name":"Jeanette","@id":"https:\/\/www.eldiario.net\/portal\/#\/schema\/person\/2c57cf2b7a7ae032e449e4c9b1019eac"},"headline":"Sinf\u00f3nica Nacional presentar\u00e1 obra inspirada en Beethoven","datePublished":"2026-08-04T11:08:12+00:00","mainEntityOfPage":{"@id":"https:\/\/www.eldiario.net\/portal\/2026\/08\/04\/sinfonica-nacional-presentara-obra-inspirada-en-beethoven\/"},"wordCount":353,"publisher":{"@id":"https:\/\/www.eldiario.net\/portal\/#organization"},"image":{"@id":"https:\/\/www.eldiario.net\/portal\/2026\/08\/04\/sinfonica-nacional-presentara-obra-inspirada-en-beethoven\/#primaryimage"},"thumbnailUrl":"https:\/\/www.eldiario.net\/portal\/wp-content\/uploads\/2026\/08\/SINFONICA-FOTO.webp","articleSection":["Cultural"],"inLanguage":"es"},{"@type":"WebPage","@id":"https:\/\/www.eldiario.net\/portal\/2026\/08\/04\/sinfonica-nacional-presentara-obra-inspirada-en-beethoven\/","url":"https:\/\/www.eldiario.net\/portal\/2026\/08\/04\/sinfonica-nacional-presentara-obra-inspirada-en-beethoven\/","name":"Sinf\u00f3nica Nacional presentar\u00e1 obra inspirada en Beethoven - El Diario - Bolivia","isPartOf":{"@id":"https:\/\/www.eldiario.net\/portal\/#website"},"primaryImageOfPage":{"@id":"https:\/\/www.eldiario.net\/portal\/2026\/08\/04\/sinfonica-nacional-presentara-obra-inspirada-en-beethoven\/#primaryimage"},"image":{"@id":"https:\/\/www.eldiario.net\/portal\/2026\/08\/04\/sinfonica-nacional-presentara-obra-inspirada-en-beethoven\/#primaryimage"},"thumbnailUrl":"https:\/\/www.eldiario.net\/portal\/wp-content\/uploads\/2026\/08\/SINFONICA-FOTO.webp","datePublished":"2026-08-04T11:08:12+00:00","breadcrumb":{"@id":"https:\/\/www.eldiario.net\/portal\/2026\/08\/04\/sinfonica-nacional-presentara-obra-inspirada-en-beethoven\/#breadcrumb"},"inLanguage":"es","potentialAction":[{"@type":"ReadAction","target":["https:\/\/www.eldiario.net\/portal\/2026\/08\/04\/sinfonica-nacional-presentara-obra-inspirada-en-beethoven\/"]}]},{"@type":"ImageObject","inLanguage":"es","@id":"https:\/\/www.eldiario.net\/portal\/2026\/08\/04\/sinfonica-nacional-presentara-obra-inspirada-en-beethoven\/#primaryimage","url":"https:\/\/www.eldiario.net\/portal\/wp-content\/uploads\/2026\/08\/SINFONICA-FOTO.webp","contentUrl":"https:\/\/www.eldiario.net\/portal\/wp-content\/uploads\/2026\/08\/SINFONICA-FOTO.webp","width":961,"height":691,"caption":"El pianista y compositor alem\u00e1n Marcus Schinkel. Foto: OSN"},{"@type":"BreadcrumbList","@id":"https:\/\/www.eldiario.net\/portal\/2026\/08\/04\/sinfonica-nacional-presentara-obra-inspirada-en-beethoven\/#breadcrumb","itemListElement":[{"@type":"ListItem","position":1,"name":"Portada","item":"https:\/\/www.eldiario.net\/portal\/"},{"@type":"ListItem","position":2,"name":"Sinf\u00f3nica Nacional presentar\u00e1 obra inspirada en Beethoven"}]},{"@type":"WebSite","@id":"https:\/\/www.eldiario.net\/portal\/#website","url":"https:\/\/www.eldiario.net\/portal\/","name":"El Diario - Decano de la prensa nacional","description":"El Diario - Decano de la prensa nacional","publisher":{"@id":"https:\/\/www.eldiario.net\/portal\/#organization"},"potentialAction":[{"@type":"SearchAction","target":{"@type":"EntryPoint","urlTemplate":"https:\/\/www.eldiario.net\/portal\/?s={search_term_string}"},"query-input":{"@type":"PropertyValueSpecification","valueRequired":true,"valueName":"search_term_string"}}],"inLanguage":"es"},{"@type":"Organization","@id":"https:\/\/www.eldiario.net\/portal\/#organization","name":"El Diario - Decano de la prensa nacional","url":"https:\/\/www.eldiario.net\/portal\/","logo":{"@type":"ImageObject","inLanguage":"es","@id":"https:\/\/www.eldiario.net\/portal\/#\/schema\/logo\/image\/","url":"https:\/\/www.eldiario.net\/portal\/wp-content\/uploads\/2023\/07\/logo_ED.jpg","contentUrl":"https:\/\/www.eldiario.net\/portal\/wp-content\/uploads\/2023\/07\/logo_ED.jpg","width":272,"height":52,"caption":"El Diario - Decano de la prensa nacional"},"image":{"@id":"https:\/\/www.eldiario.net\/portal\/#\/schema\/logo\/image\/"},"sameAs":["https:\/\/www.facebook.com\/eldiario.bolivia\/","https:\/\/x.com\/eldiario_net"]},{"@type":"Person","@id":"https:\/\/www.eldiario.net\/portal\/#\/schema\/person\/2c57cf2b7a7ae032e449e4c9b1019eac","name":"Jeanette","image":{"@type":"ImageObject","inLanguage":"es","@id":"https:\/\/secure.gravatar.com\/avatar\/3ea2118a5f7dad2b7138b1187a6b7ee55f160b9968b66013c3a3ef39dd7e5798?s=96&d=mm&r=g","url":"https:\/\/secure.gravatar.com\/avatar\/3ea2118a5f7dad2b7138b1187a6b7ee55f160b9968b66013c3a3ef39dd7e5798?s=96&d=mm&r=g","contentUrl":"https:\/\/secure.gravatar.com\/avatar\/3ea2118a5f7dad2b7138b1187a6b7ee55f160b9968b66013c3a3ef39dd7e5798?s=96&d=mm&r=g","caption":"Jeanette"},"sameAs":["https:\/\/www.eldiario.net\/portal"],"url":"https:\/\/www.eldiario.net\/portal\/author\/jeanette\/"}]}},"_links":{"self":[{"href":"https:\/\/www.eldiario.net\/portal\/wp-json\/wp\/v2\/posts\/418690","targetHints":{"allow":["GET"]}}],"collection":[{"href":"https:\/\/www.eldiario.net\/portal\/wp-json\/wp\/v2\/posts"}],"about":[{"href":"https:\/\/www.eldiario.net\/portal\/wp-json\/wp\/v2\/types\/post"}],"author":[{"embeddable":true,"href":"https:\/\/www.eldiario.net\/portal\/wp-json\/wp\/v2\/users\/1"}],"replies":[{"embeddable":true,"href":"https:\/\/www.eldiario.net\/portal\/wp-json\/wp\/v2\/comments?post=418690"}],"version-history":[{"count":1,"href":"https:\/\/www.eldiario.net\/portal\/wp-json\/wp\/v2\/posts\/418690\/revisions"}],"predecessor-version":[{"id":418692,"href":"https:\/\/www.eldiario.net\/portal\/wp-json\/wp\/v2\/posts\/418690\/revisions\/418692"}],"wp:featuredmedia":[{"embeddable":true,"href":"https:\/\/www.eldiario.net\/portal\/wp-json\/wp\/v2\/media\/418691"}],"wp:attachment":[{"href":"https:\/\/www.eldiario.net\/portal\/wp-json\/wp\/v2\/media?parent=418690"}],"wp:term":[{"taxonomy":"category","embeddable":true,"href":"https:\/\/www.eldiario.net\/portal\/wp-json\/wp\/v2\/categories?post=418690"},{"taxonomy":"post_tag","embeddable":true,"href":"https:\/\/www.eldiario.net\/portal\/wp-json\/wp\/v2\/tags?post=418690"}],"curies":[{"name":"wp","href":"https:\/\/api.w.org\/{rel}","templated":true}]}}