{"id":418579,"date":"2026-08-04T06:35:00","date_gmt":"2026-08-04T10:35:00","guid":{"rendered":"https:\/\/www.eldiario.net\/portal\/?p=418579"},"modified":"2026-08-04T06:35:00","modified_gmt":"2026-08-04T10:35:00","slug":"no-priorizar-aprehension-de-morales-es-faltar-el-respeto-a-los-bolivianos","status":"publish","type":"post","link":"https:\/\/www.eldiario.net\/portal\/2026\/08\/04\/no-priorizar-aprehension-de-morales-es-faltar-el-respeto-a-los-bolivianos\/","title":{"rendered":"No priorizar aprehensi\u00f3n de Morales  es faltar el respeto a los bolivianos"},"content":{"rendered":"<p>Cuestionando que el comandante de la Polic\u00eda Boliviana, Mirko Sokol, haya manifestado que la aprehensi\u00f3n del dirigente cocalero Evo Morales no es una prioridad de su gesti\u00f3n, la diputada por el Partido Dem\u00f3crata Cristiano (PDC), Claudia Bilbao, afirm\u00f3 que el incumplimiento de este y cualquier otro requerimiento judicial, por parte de autoridades, es faltar el respeto a todos los bolivianos.<\/p>\n<p>En conferencia de prensa, la legisladora pace\u00f1a puntualiz\u00f3 que cualquier ciudadano con una orden de aprehensi\u00f3n vigente debe ser puesto a disposici\u00f3n de las autoridades que requieren su comparecencia ante la justicia, siendo una obligaci\u00f3n de la polic\u00eda el cumplir con dicha disposici\u00f3n.<\/p>\n<p>Para Bilbao, si se toman en cuenta estos principios, resulta incomprensible que la m\u00e1xima autoridad de la Polic\u00eda Boliviana se haya manifestado reacio a hacer cumplir los mandamientos de apremio pendientes contra Evo Morales.<\/p>\n<p>\u201cLa ley nos dice que, si alguien tiene orden de aprehensi\u00f3n, esta tiene que ser ejecutada, m\u00e1s cuando se trata de un personaje que cada fin de semana emite amenazas contra los bolivianos. El se\u00f1or Sokol tiene que hacer entender sus palabras\u201d, sostuvo Bilbao, anunciando adem\u00e1s la presentaci\u00f3n de una Petici\u00f3n de Informe Oral dirigida al comandante de la polic\u00eda.<\/p>\n<p>Respecto a las acusaciones de la oposici\u00f3n sobre supuestos acuerdos pol\u00edticos entre el Gobierno y el \u201cmasismo\u201d para beneficiar con impunidad a Morales, la parlamentaria oficialista lament\u00f3 que se opine de este tema con tanta ligereza y soltura en busca de hacer da\u00f1o.<\/p>\n<p>\u201cEl Gobierno no tiene acuerdos con nadie, pero respetamos la independencia de instituciones como la Polic\u00eda y el Ministerio P\u00fablico, aunque ellos no nos respeten, porque el momento en que ellos no hacen su trabajo, faltan el respeto no solo al Gobierno sino a todos los bolivianos\u201d, finaliz\u00f3.<\/p>\n<p>Recientemente, durante una entrevista, el comandante de la Polic\u00eda Boliviana, Mirko Sokol, afirm\u00f3 que la aprehensi\u00f3n de Evo Morales no es \u201cprioridad\u201d de su gesti\u00f3n.<\/p>\n","protected":false},"excerpt":{"rendered":"<p>Cuestionando que el comandante de la Polic\u00eda Boliviana, Mirko Sokol, haya manifestado que la aprehensi\u00f3n del dirigente cocalero Evo Morales no es una prioridad de su gesti\u00f3n, la diputada por el Partido Dem\u00f3crata Cristiano (PDC), Claudia Bilbao, afirm\u00f3 que el incumplimiento de este y cualquier otro requerimiento judicial, por parte de autoridades, es faltar el [&hellip;]<\/p>\n","protected":false},"author":1,"featured_media":418580,"comment_status":"closed","ping_status":"open","sticky":false,"template":"","format":"standard","meta":{"_acf_changed":false,"footnotes":""},"categories":[15],"tags":[],"class_list":["post-418579","post","type-post","status-publish","format-standard","has-post-thumbnail","category-portada"],"acf":{"antetitulo":"Orden judicial es de cumplimiento obligatorio "},"yoast_head":"<!-- This site is optimized with the Yoast SEO plugin v28.4 - https:\/\/yoast.com\/product\/yoast-seo-wordpress\/ -->\n<title>No priorizar aprehensi\u00f3n de Morales es faltar el respeto a los bolivianos - El Diario - Bolivia<\/title>\n<meta name=\"robots\" content=\"index, follow, max-snippet:-1, max-image-preview:large, max-video-preview:-1\" \/>\n<link rel=\"canonical\" href=\"https:\/\/www.eldiario.net\/portal\/2026\/08\/04\/no-priorizar-aprehension-de-morales-es-faltar-el-respeto-a-los-bolivianos\/\" \/>\n<meta property=\"og:locale\" content=\"es_ES\" \/>\n<meta property=\"og:type\" content=\"article\" \/>\n<meta property=\"og:title\" content=\"No priorizar aprehensi\u00f3n de Morales es faltar el respeto a los bolivianos - El Diario - Bolivia\" \/>\n<meta property=\"og:description\" content=\"Cuestionando que el comandante de la Polic\u00eda Boliviana, Mirko Sokol, haya manifestado que la aprehensi\u00f3n del dirigente cocalero Evo Morales no es una prioridad de su gesti\u00f3n, la diputada por el Partido Dem\u00f3crata Cristiano (PDC), Claudia Bilbao, afirm\u00f3 que el incumplimiento de este y cualquier otro requerimiento judicial, por parte de autoridades, es faltar el [&hellip;]\" \/>\n<meta property=\"og:url\" content=\"https:\/\/www.eldiario.net\/portal\/2026\/08\/04\/no-priorizar-aprehension-de-morales-es-faltar-el-respeto-a-los-bolivianos\/\" \/>\n<meta property=\"og:site_name\" content=\"El Diario - Bolivia\" \/>\n<meta property=\"article:publisher\" content=\"https:\/\/www.facebook.com\/eldiario.bolivia\/\" \/>\n<meta property=\"article:published_time\" content=\"2026-08-04T10:35:00+00:00\" \/>\n<meta property=\"og:image\" content=\"https:\/\/www.eldiario.net\/portal\/wp-content\/uploads\/2026\/08\/ESPETO-FOTO.webp\" \/>\n\t<meta property=\"og:image:width\" content=\"1600\" \/>\n\t<meta property=\"og:image:height\" content=\"1066\" \/>\n\t<meta property=\"og:image:type\" content=\"image\/webp\" \/>\n<meta name=\"author\" content=\"Jeanette\" \/>\n<meta name=\"twitter:card\" content=\"summary_large_image\" \/>\n<meta name=\"twitter:creator\" content=\"@eldiario_net\" \/>\n<meta name=\"twitter:site\" content=\"@eldiario_net\" \/>\n<meta name=\"twitter:label1\" content=\"Escrito por\" \/>\n\t<meta name=\"twitter:data1\" content=\"Jeanette\" \/>\n\t<meta name=\"twitter:label2\" content=\"Tiempo de lectura\" \/>\n\t<meta name=\"twitter:data2\" content=\"2 minutos\" \/>\n<script type=\"application\/ld+json\" class=\"yoast-schema-graph\">{\"@context\":\"https:\\\/\\\/schema.org\",\"@graph\":[{\"@type\":\"Article\",\"@id\":\"https:\\\/\\\/www.eldiario.net\\\/portal\\\/2026\\\/08\\\/04\\\/no-priorizar-aprehension-de-morales-es-faltar-el-respeto-a-los-bolivianos\\\/#article\",\"isPartOf\":{\"@id\":\"https:\\\/\\\/www.eldiario.net\\\/portal\\\/2026\\\/08\\\/04\\\/no-priorizar-aprehension-de-morales-es-faltar-el-respeto-a-los-bolivianos\\\/\"},\"author\":{\"name\":\"Jeanette\",\"@id\":\"https:\\\/\\\/www.eldiario.net\\\/portal\\\/#\\\/schema\\\/person\\\/f46445640444750d7d753ccd04ae01b7\"},\"headline\":\"No priorizar aprehensi\u00f3n de Morales es faltar el respeto a los bolivianos\",\"datePublished\":\"2026-08-04T10:35:00+00:00\",\"mainEntityOfPage\":{\"@id\":\"https:\\\/\\\/www.eldiario.net\\\/portal\\\/2026\\\/08\\\/04\\\/no-priorizar-aprehension-de-morales-es-faltar-el-respeto-a-los-bolivianos\\\/\"},\"wordCount\":353,\"publisher\":{\"@id\":\"https:\\\/\\\/www.eldiario.net\\\/portal\\\/#organization\"},\"image\":{\"@id\":\"https:\\\/\\\/www.eldiario.net\\\/portal\\\/2026\\\/08\\\/04\\\/no-priorizar-aprehension-de-morales-es-faltar-el-respeto-a-los-bolivianos\\\/#primaryimage\"},\"thumbnailUrl\":\"https:\\\/\\\/www.eldiario.net\\\/portal\\\/wp-content\\\/uploads\\\/2026\\\/08\\\/ESPETO-FOTO.webp\",\"articleSection\":[\"Portada\"],\"inLanguage\":\"es\"},{\"@type\":\"WebPage\",\"@id\":\"https:\\\/\\\/www.eldiario.net\\\/portal\\\/2026\\\/08\\\/04\\\/no-priorizar-aprehension-de-morales-es-faltar-el-respeto-a-los-bolivianos\\\/\",\"url\":\"https:\\\/\\\/www.eldiario.net\\\/portal\\\/2026\\\/08\\\/04\\\/no-priorizar-aprehension-de-morales-es-faltar-el-respeto-a-los-bolivianos\\\/\",\"name\":\"No priorizar aprehensi\u00f3n de Morales es faltar el respeto a los bolivianos - El Diario - Bolivia\",\"isPartOf\":{\"@id\":\"https:\\\/\\\/www.eldiario.net\\\/portal\\\/#website\"},\"primaryImageOfPage\":{\"@id\":\"https:\\\/\\\/www.eldiario.net\\\/portal\\\/2026\\\/08\\\/04\\\/no-priorizar-aprehension-de-morales-es-faltar-el-respeto-a-los-bolivianos\\\/#primaryimage\"},\"image\":{\"@id\":\"https:\\\/\\\/www.eldiario.net\\\/portal\\\/2026\\\/08\\\/04\\\/no-priorizar-aprehension-de-morales-es-faltar-el-respeto-a-los-bolivianos\\\/#primaryimage\"},\"thumbnailUrl\":\"https:\\\/\\\/www.eldiario.net\\\/portal\\\/wp-content\\\/uploads\\\/2026\\\/08\\\/ESPETO-FOTO.webp\",\"datePublished\":\"2026-08-04T10:35:00+00:00\",\"breadcrumb\":{\"@id\":\"https:\\\/\\\/www.eldiario.net\\\/portal\\\/2026\\\/08\\\/04\\\/no-priorizar-aprehension-de-morales-es-faltar-el-respeto-a-los-bolivianos\\\/#breadcrumb\"},\"inLanguage\":\"es\",\"potentialAction\":[{\"@type\":\"ReadAction\",\"target\":[\"https:\\\/\\\/www.eldiario.net\\\/portal\\\/2026\\\/08\\\/04\\\/no-priorizar-aprehension-de-morales-es-faltar-el-respeto-a-los-bolivianos\\\/\"]}]},{\"@type\":\"ImageObject\",\"inLanguage\":\"es\",\"@id\":\"https:\\\/\\\/www.eldiario.net\\\/portal\\\/2026\\\/08\\\/04\\\/no-priorizar-aprehension-de-morales-es-faltar-el-respeto-a-los-bolivianos\\\/#primaryimage\",\"url\":\"https:\\\/\\\/www.eldiario.net\\\/portal\\\/wp-content\\\/uploads\\\/2026\\\/08\\\/ESPETO-FOTO.webp\",\"contentUrl\":\"https:\\\/\\\/www.eldiario.net\\\/portal\\\/wp-content\\\/uploads\\\/2026\\\/08\\\/ESPETO-FOTO.webp\",\"width\":1600,\"height\":1066,\"caption\":\"Diputada Claudia Bilbao (PDC) Foto: Archivo\"},{\"@type\":\"BreadcrumbList\",\"@id\":\"https:\\\/\\\/www.eldiario.net\\\/portal\\\/2026\\\/08\\\/04\\\/no-priorizar-aprehension-de-morales-es-faltar-el-respeto-a-los-bolivianos\\\/#breadcrumb\",\"itemListElement\":[{\"@type\":\"ListItem\",\"position\":1,\"name\":\"Portada\",\"item\":\"https:\\\/\\\/www.eldiario.net\\\/portal\\\/\"},{\"@type\":\"ListItem\",\"position\":2,\"name\":\"No priorizar aprehensi\u00f3n de Morales es faltar el respeto a los bolivianos\"}]},{\"@type\":\"WebSite\",\"@id\":\"https:\\\/\\\/www.eldiario.net\\\/portal\\\/#website\",\"url\":\"https:\\\/\\\/www.eldiario.net\\\/portal\\\/\",\"name\":\"El Diario - Decano de la prensa nacional\",\"description\":\"El Diario - Decano de la prensa nacional\",\"publisher\":{\"@id\":\"https:\\\/\\\/www.eldiario.net\\\/portal\\\/#organization\"},\"potentialAction\":[{\"@type\":\"SearchAction\",\"target\":{\"@type\":\"EntryPoint\",\"urlTemplate\":\"https:\\\/\\\/www.eldiario.net\\\/portal\\\/?s={search_term_string}\"},\"query-input\":{\"@type\":\"PropertyValueSpecification\",\"valueRequired\":true,\"valueName\":\"search_term_string\"}}],\"inLanguage\":\"es\"},{\"@type\":\"Organization\",\"@id\":\"https:\\\/\\\/www.eldiario.net\\\/portal\\\/#organization\",\"name\":\"El Diario - Decano de la prensa nacional\",\"url\":\"https:\\\/\\\/www.eldiario.net\\\/portal\\\/\",\"logo\":{\"@type\":\"ImageObject\",\"inLanguage\":\"es\",\"@id\":\"https:\\\/\\\/www.eldiario.net\\\/portal\\\/#\\\/schema\\\/logo\\\/image\\\/\",\"url\":\"https:\\\/\\\/www.eldiario.net\\\/portal\\\/wp-content\\\/uploads\\\/2023\\\/07\\\/logo_ED.jpg\",\"contentUrl\":\"https:\\\/\\\/www.eldiario.net\\\/portal\\\/wp-content\\\/uploads\\\/2023\\\/07\\\/logo_ED.jpg\",\"width\":272,\"height\":52,\"caption\":\"El Diario - Decano de la prensa nacional\"},\"image\":{\"@id\":\"https:\\\/\\\/www.eldiario.net\\\/portal\\\/#\\\/schema\\\/logo\\\/image\\\/\"},\"sameAs\":[\"https:\\\/\\\/www.facebook.com\\\/eldiario.bolivia\\\/\",\"https:\\\/\\\/x.com\\\/eldiario_net\"]},{\"@type\":\"Person\",\"@id\":\"https:\\\/\\\/www.eldiario.net\\\/portal\\\/#\\\/schema\\\/person\\\/f46445640444750d7d753ccd04ae01b7\",\"name\":\"Jeanette\",\"image\":{\"@type\":\"ImageObject\",\"inLanguage\":\"es\",\"@id\":\"https:\\\/\\\/secure.gravatar.com\\\/avatar\\\/3ea2118a5f7dad2b7138b1187a6b7ee55f160b9968b66013c3a3ef39dd7e5798?s=96&d=mm&r=g\",\"url\":\"https:\\\/\\\/secure.gravatar.com\\\/avatar\\\/3ea2118a5f7dad2b7138b1187a6b7ee55f160b9968b66013c3a3ef39dd7e5798?s=96&d=mm&r=g\",\"contentUrl\":\"https:\\\/\\\/secure.gravatar.com\\\/avatar\\\/3ea2118a5f7dad2b7138b1187a6b7ee55f160b9968b66013c3a3ef39dd7e5798?s=96&d=mm&r=g\",\"caption\":\"Jeanette\"},\"sameAs\":[\"https:\\\/\\\/www.eldiario.net\\\/portal\"],\"url\":\"https:\\\/\\\/www.eldiario.net\\\/portal\\\/author\\\/jeanette\\\/\"}]}<\/script>\n<!-- \/ Yoast SEO plugin. -->","yoast_head_json":{"title":"No priorizar aprehensi\u00f3n de Morales es faltar el respeto a los bolivianos - El Diario - Bolivia","robots":{"index":"index","follow":"follow","max-snippet":"max-snippet:-1","max-image-preview":"max-image-preview:large","max-video-preview":"max-video-preview:-1"},"canonical":"https:\/\/www.eldiario.net\/portal\/2026\/08\/04\/no-priorizar-aprehension-de-morales-es-faltar-el-respeto-a-los-bolivianos\/","og_locale":"es_ES","og_type":"article","og_title":"No priorizar aprehensi\u00f3n de Morales es faltar el respeto a los bolivianos - El Diario - Bolivia","og_description":"Cuestionando que el comandante de la Polic\u00eda Boliviana, Mirko Sokol, haya manifestado que la aprehensi\u00f3n del dirigente cocalero Evo Morales no es una prioridad de su gesti\u00f3n, la diputada por el Partido Dem\u00f3crata Cristiano (PDC), Claudia Bilbao, afirm\u00f3 que el incumplimiento de este y cualquier otro requerimiento judicial, por parte de autoridades, es faltar el [&hellip;]","og_url":"https:\/\/www.eldiario.net\/portal\/2026\/08\/04\/no-priorizar-aprehension-de-morales-es-faltar-el-respeto-a-los-bolivianos\/","og_site_name":"El Diario - Bolivia","article_publisher":"https:\/\/www.facebook.com\/eldiario.bolivia\/","article_published_time":"2026-08-04T10:35:00+00:00","og_image":[{"width":1600,"height":1066,"url":"https:\/\/www.eldiario.net\/portal\/wp-content\/uploads\/2026\/08\/ESPETO-FOTO.webp","type":"image\/webp"}],"author":"Jeanette","twitter_card":"summary_large_image","twitter_creator":"@eldiario_net","twitter_site":"@eldiario_net","twitter_misc":{"Escrito por":"Jeanette","Tiempo de lectura":"2 minutos"},"schema":{"@context":"https:\/\/schema.org","@graph":[{"@type":"Article","@id":"https:\/\/www.eldiario.net\/portal\/2026\/08\/04\/no-priorizar-aprehension-de-morales-es-faltar-el-respeto-a-los-bolivianos\/#article","isPartOf":{"@id":"https:\/\/www.eldiario.net\/portal\/2026\/08\/04\/no-priorizar-aprehension-de-morales-es-faltar-el-respeto-a-los-bolivianos\/"},"author":{"name":"Jeanette","@id":"https:\/\/www.eldiario.net\/portal\/#\/schema\/person\/f46445640444750d7d753ccd04ae01b7"},"headline":"No priorizar aprehensi\u00f3n de Morales es faltar el respeto a los bolivianos","datePublished":"2026-08-04T10:35:00+00:00","mainEntityOfPage":{"@id":"https:\/\/www.eldiario.net\/portal\/2026\/08\/04\/no-priorizar-aprehension-de-morales-es-faltar-el-respeto-a-los-bolivianos\/"},"wordCount":353,"publisher":{"@id":"https:\/\/www.eldiario.net\/portal\/#organization"},"image":{"@id":"https:\/\/www.eldiario.net\/portal\/2026\/08\/04\/no-priorizar-aprehension-de-morales-es-faltar-el-respeto-a-los-bolivianos\/#primaryimage"},"thumbnailUrl":"https:\/\/www.eldiario.net\/portal\/wp-content\/uploads\/2026\/08\/ESPETO-FOTO.webp","articleSection":["Portada"],"inLanguage":"es"},{"@type":"WebPage","@id":"https:\/\/www.eldiario.net\/portal\/2026\/08\/04\/no-priorizar-aprehension-de-morales-es-faltar-el-respeto-a-los-bolivianos\/","url":"https:\/\/www.eldiario.net\/portal\/2026\/08\/04\/no-priorizar-aprehension-de-morales-es-faltar-el-respeto-a-los-bolivianos\/","name":"No priorizar aprehensi\u00f3n de Morales es faltar el respeto a los bolivianos - El Diario - Bolivia","isPartOf":{"@id":"https:\/\/www.eldiario.net\/portal\/#website"},"primaryImageOfPage":{"@id":"https:\/\/www.eldiario.net\/portal\/2026\/08\/04\/no-priorizar-aprehension-de-morales-es-faltar-el-respeto-a-los-bolivianos\/#primaryimage"},"image":{"@id":"https:\/\/www.eldiario.net\/portal\/2026\/08\/04\/no-priorizar-aprehension-de-morales-es-faltar-el-respeto-a-los-bolivianos\/#primaryimage"},"thumbnailUrl":"https:\/\/www.eldiario.net\/portal\/wp-content\/uploads\/2026\/08\/ESPETO-FOTO.webp","datePublished":"2026-08-04T10:35:00+00:00","breadcrumb":{"@id":"https:\/\/www.eldiario.net\/portal\/2026\/08\/04\/no-priorizar-aprehension-de-morales-es-faltar-el-respeto-a-los-bolivianos\/#breadcrumb"},"inLanguage":"es","potentialAction":[{"@type":"ReadAction","target":["https:\/\/www.eldiario.net\/portal\/2026\/08\/04\/no-priorizar-aprehension-de-morales-es-faltar-el-respeto-a-los-bolivianos\/"]}]},{"@type":"ImageObject","inLanguage":"es","@id":"https:\/\/www.eldiario.net\/portal\/2026\/08\/04\/no-priorizar-aprehension-de-morales-es-faltar-el-respeto-a-los-bolivianos\/#primaryimage","url":"https:\/\/www.eldiario.net\/portal\/wp-content\/uploads\/2026\/08\/ESPETO-FOTO.webp","contentUrl":"https:\/\/www.eldiario.net\/portal\/wp-content\/uploads\/2026\/08\/ESPETO-FOTO.webp","width":1600,"height":1066,"caption":"Diputada Claudia Bilbao (PDC) Foto: Archivo"},{"@type":"BreadcrumbList","@id":"https:\/\/www.eldiario.net\/portal\/2026\/08\/04\/no-priorizar-aprehension-de-morales-es-faltar-el-respeto-a-los-bolivianos\/#breadcrumb","itemListElement":[{"@type":"ListItem","position":1,"name":"Portada","item":"https:\/\/www.eldiario.net\/portal\/"},{"@type":"ListItem","position":2,"name":"No priorizar aprehensi\u00f3n de Morales es faltar el respeto a los bolivianos"}]},{"@type":"WebSite","@id":"https:\/\/www.eldiario.net\/portal\/#website","url":"https:\/\/www.eldiario.net\/portal\/","name":"El Diario - Decano de la prensa nacional","description":"El Diario - Decano de la prensa nacional","publisher":{"@id":"https:\/\/www.eldiario.net\/portal\/#organization"},"potentialAction":[{"@type":"SearchAction","target":{"@type":"EntryPoint","urlTemplate":"https:\/\/www.eldiario.net\/portal\/?s={search_term_string}"},"query-input":{"@type":"PropertyValueSpecification","valueRequired":true,"valueName":"search_term_string"}}],"inLanguage":"es"},{"@type":"Organization","@id":"https:\/\/www.eldiario.net\/portal\/#organization","name":"El Diario - Decano de la prensa nacional","url":"https:\/\/www.eldiario.net\/portal\/","logo":{"@type":"ImageObject","inLanguage":"es","@id":"https:\/\/www.eldiario.net\/portal\/#\/schema\/logo\/image\/","url":"https:\/\/www.eldiario.net\/portal\/wp-content\/uploads\/2023\/07\/logo_ED.jpg","contentUrl":"https:\/\/www.eldiario.net\/portal\/wp-content\/uploads\/2023\/07\/logo_ED.jpg","width":272,"height":52,"caption":"El Diario - Decano de la prensa nacional"},"image":{"@id":"https:\/\/www.eldiario.net\/portal\/#\/schema\/logo\/image\/"},"sameAs":["https:\/\/www.facebook.com\/eldiario.bolivia\/","https:\/\/x.com\/eldiario_net"]},{"@type":"Person","@id":"https:\/\/www.eldiario.net\/portal\/#\/schema\/person\/f46445640444750d7d753ccd04ae01b7","name":"Jeanette","image":{"@type":"ImageObject","inLanguage":"es","@id":"https:\/\/secure.gravatar.com\/avatar\/3ea2118a5f7dad2b7138b1187a6b7ee55f160b9968b66013c3a3ef39dd7e5798?s=96&d=mm&r=g","url":"https:\/\/secure.gravatar.com\/avatar\/3ea2118a5f7dad2b7138b1187a6b7ee55f160b9968b66013c3a3ef39dd7e5798?s=96&d=mm&r=g","contentUrl":"https:\/\/secure.gravatar.com\/avatar\/3ea2118a5f7dad2b7138b1187a6b7ee55f160b9968b66013c3a3ef39dd7e5798?s=96&d=mm&r=g","caption":"Jeanette"},"sameAs":["https:\/\/www.eldiario.net\/portal"],"url":"https:\/\/www.eldiario.net\/portal\/author\/jeanette\/"}]}},"_links":{"self":[{"href":"https:\/\/www.eldiario.net\/portal\/wp-json\/wp\/v2\/posts\/418579","targetHints":{"allow":["GET"]}}],"collection":[{"href":"https:\/\/www.eldiario.net\/portal\/wp-json\/wp\/v2\/posts"}],"about":[{"href":"https:\/\/www.eldiario.net\/portal\/wp-json\/wp\/v2\/types\/post"}],"author":[{"embeddable":true,"href":"https:\/\/www.eldiario.net\/portal\/wp-json\/wp\/v2\/users\/1"}],"replies":[{"embeddable":true,"href":"https:\/\/www.eldiario.net\/portal\/wp-json\/wp\/v2\/comments?post=418579"}],"version-history":[{"count":1,"href":"https:\/\/www.eldiario.net\/portal\/wp-json\/wp\/v2\/posts\/418579\/revisions"}],"predecessor-version":[{"id":418581,"href":"https:\/\/www.eldiario.net\/portal\/wp-json\/wp\/v2\/posts\/418579\/revisions\/418581"}],"wp:featuredmedia":[{"embeddable":true,"href":"https:\/\/www.eldiario.net\/portal\/wp-json\/wp\/v2\/media\/418580"}],"wp:attachment":[{"href":"https:\/\/www.eldiario.net\/portal\/wp-json\/wp\/v2\/media?parent=418579"}],"wp:term":[{"taxonomy":"category","embeddable":true,"href":"https:\/\/www.eldiario.net\/portal\/wp-json\/wp\/v2\/categories?post=418579"},{"taxonomy":"post_tag","embeddable":true,"href":"https:\/\/www.eldiario.net\/portal\/wp-json\/wp\/v2\/tags?post=418579"}],"curies":[{"name":"wp","href":"https:\/\/api.w.org\/{rel}","templated":true}]}}