{"id":418573,"date":"2026-08-04T06:34:04","date_gmt":"2026-08-04T10:34:04","guid":{"rendered":"https:\/\/www.eldiario.net\/portal\/?p=418573"},"modified":"2026-08-04T06:34:04","modified_gmt":"2026-08-04T10:34:04","slug":"piden-activar-los-coe-y-priorizar-prevencion-ante-el-super-nino","status":"publish","type":"post","link":"https:\/\/www.eldiario.net\/portal\/2026\/08\/04\/piden-activar-los-coe-y-priorizar-prevencion-ante-el-super-nino\/","title":{"rendered":"Piden activar los COE y priorizar  prevenci\u00f3n ante el \u201cS\u00faper Ni\u00f1o\u201d"},"content":{"rendered":"<p>La Defensor\u00eda del Pueblo inst\u00f3 a las autoridades nacionales, departamentales y municipales a activar de inmediato los Comit\u00e9s de Operaciones de Emergencia y priorizar medidas preventivas ante el posible fen\u00f3meno del S\u00faper Ni\u00f1o y el aumento de las condiciones favorables para la propagaci\u00f3n de incendios forestales.<\/p>\n<p>La instituci\u00f3n se\u00f1al\u00f3 que la respuesta estatal no debe concentrarse \u00fanicamente en la atenci\u00f3n de las emergencias, sino tambi\u00e9n en la ejecuci\u00f3n oportuna de acciones de prevenci\u00f3n. Adem\u00e1s, valor\u00f3 la activaci\u00f3n del Centro de Operaciones de Emergencia Nacional y las mesas t\u00e9cnicas convocadas por el Viceministerio de Defensa Civil.<\/p>\n<p>La Defensor\u00eda sostuvo que la prevenci\u00f3n demanda menos recursos que la atenci\u00f3n de los desastres y la posterior reconstrucci\u00f3n. Tambi\u00e9n indic\u00f3 que estas medidas permiten evitar p\u00e9rdidas de vidas humanas, medios de subsistencia, infraestructura, biodiversidad y ecosistemas.<\/p>\n<p>En ese marco, pidi\u00f3 fortalecer la gesti\u00f3n integral del riesgo, los sistemas de alerta temprana y el monitoreo permanente de las condiciones que puedan provocar emergencias.<\/p>\n<p>La entidad exhort\u00f3 a las autoridades de las zonas declaradas bajo alerta a ejecutar sus planes de contingencia, reforzar la vigilancia territorial y garantizar el cumplimiento de la prohibici\u00f3n de quemas y chaqueos establecida por la normativa vigente.<\/p>\n<p>El pedido fue realizado en atenci\u00f3n al Bolet\u00edn de Alerta de Riesgo Nacional de Propagaci\u00f3n de Incendios Forestales N.\u00ba 21\/26.<\/p>\n<p>La Defensor\u00eda advirti\u00f3 que los incendios forestales y los eventos clim\u00e1ticos extremos afectan derechos fundamentales y anunci\u00f3 que mantendr\u00e1 un monitoreo permanente sobre el cumplimiento de las obligaciones estatales.<\/p>\n","protected":false},"excerpt":{"rendered":"<p>La Defensor\u00eda del Pueblo inst\u00f3 a las autoridades nacionales, departamentales y municipales a activar de inmediato los Comit\u00e9s de Operaciones de Emergencia y priorizar medidas preventivas ante el posible fen\u00f3meno del S\u00faper Ni\u00f1o y el aumento de las condiciones favorables para la propagaci\u00f3n de incendios forestales. La instituci\u00f3n se\u00f1al\u00f3 que la respuesta estatal no debe [&hellip;]<\/p>\n","protected":false},"author":1,"featured_media":418574,"comment_status":"closed","ping_status":"open","sticky":false,"template":"","format":"standard","meta":{"_acf_changed":false,"footnotes":""},"categories":[15],"tags":[],"class_list":["post-418573","post","type-post","status-publish","format-standard","has-post-thumbnail","category-portada"],"acf":{"antetitulo":""},"yoast_head":"<!-- This site is optimized with the Yoast SEO plugin v28.4 - https:\/\/yoast.com\/product\/yoast-seo-wordpress\/ -->\n<title>Piden activar los COE y priorizar prevenci\u00f3n ante el \u201cS\u00faper Ni\u00f1o\u201d - El Diario - Bolivia<\/title>\n<meta name=\"robots\" content=\"index, follow, max-snippet:-1, max-image-preview:large, max-video-preview:-1\" \/>\n<link rel=\"canonical\" href=\"https:\/\/www.eldiario.net\/portal\/2026\/08\/04\/piden-activar-los-coe-y-priorizar-prevencion-ante-el-super-nino\/\" \/>\n<meta property=\"og:locale\" content=\"es_ES\" \/>\n<meta property=\"og:type\" content=\"article\" \/>\n<meta property=\"og:title\" content=\"Piden activar los COE y priorizar prevenci\u00f3n ante el \u201cS\u00faper Ni\u00f1o\u201d - El Diario - Bolivia\" \/>\n<meta property=\"og:description\" content=\"La Defensor\u00eda del Pueblo inst\u00f3 a las autoridades nacionales, departamentales y municipales a activar de inmediato los Comit\u00e9s de Operaciones de Emergencia y priorizar medidas preventivas ante el posible fen\u00f3meno del S\u00faper Ni\u00f1o y el aumento de las condiciones favorables para la propagaci\u00f3n de incendios forestales. La instituci\u00f3n se\u00f1al\u00f3 que la respuesta estatal no debe [&hellip;]\" \/>\n<meta property=\"og:url\" content=\"https:\/\/www.eldiario.net\/portal\/2026\/08\/04\/piden-activar-los-coe-y-priorizar-prevencion-ante-el-super-nino\/\" \/>\n<meta property=\"og:site_name\" content=\"El Diario - Bolivia\" \/>\n<meta property=\"article:publisher\" content=\"https:\/\/www.facebook.com\/eldiario.bolivia\/\" \/>\n<meta property=\"article:published_time\" content=\"2026-08-04T10:34:04+00:00\" \/>\n<meta property=\"og:image\" content=\"https:\/\/www.eldiario.net\/portal\/wp-content\/uploads\/2026\/08\/GENCIA-FOTO.webp\" \/>\n\t<meta property=\"og:image:width\" content=\"1280\" \/>\n\t<meta property=\"og:image:height\" content=\"853\" \/>\n\t<meta property=\"og:image:type\" content=\"image\/webp\" \/>\n<meta name=\"author\" content=\"Jeanette\" \/>\n<meta name=\"twitter:card\" content=\"summary_large_image\" \/>\n<meta name=\"twitter:creator\" content=\"@eldiario_net\" \/>\n<meta name=\"twitter:site\" content=\"@eldiario_net\" \/>\n<meta name=\"twitter:label1\" content=\"Escrito por\" \/>\n\t<meta name=\"twitter:data1\" content=\"Jeanette\" \/>\n\t<meta name=\"twitter:label2\" content=\"Tiempo de lectura\" \/>\n\t<meta name=\"twitter:data2\" content=\"2 minutos\" \/>\n<script type=\"application\/ld+json\" class=\"yoast-schema-graph\">{\"@context\":\"https:\\\/\\\/schema.org\",\"@graph\":[{\"@type\":\"Article\",\"@id\":\"https:\\\/\\\/www.eldiario.net\\\/portal\\\/2026\\\/08\\\/04\\\/piden-activar-los-coe-y-priorizar-prevencion-ante-el-super-nino\\\/#article\",\"isPartOf\":{\"@id\":\"https:\\\/\\\/www.eldiario.net\\\/portal\\\/2026\\\/08\\\/04\\\/piden-activar-los-coe-y-priorizar-prevencion-ante-el-super-nino\\\/\"},\"author\":{\"name\":\"Jeanette\",\"@id\":\"https:\\\/\\\/www.eldiario.net\\\/portal\\\/#\\\/schema\\\/person\\\/f46445640444750d7d753ccd04ae01b7\"},\"headline\":\"Piden activar los COE y priorizar prevenci\u00f3n ante el \u201cS\u00faper Ni\u00f1o\u201d\",\"datePublished\":\"2026-08-04T10:34:04+00:00\",\"mainEntityOfPage\":{\"@id\":\"https:\\\/\\\/www.eldiario.net\\\/portal\\\/2026\\\/08\\\/04\\\/piden-activar-los-coe-y-priorizar-prevencion-ante-el-super-nino\\\/\"},\"wordCount\":286,\"publisher\":{\"@id\":\"https:\\\/\\\/www.eldiario.net\\\/portal\\\/#organization\"},\"image\":{\"@id\":\"https:\\\/\\\/www.eldiario.net\\\/portal\\\/2026\\\/08\\\/04\\\/piden-activar-los-coe-y-priorizar-prevencion-ante-el-super-nino\\\/#primaryimage\"},\"thumbnailUrl\":\"https:\\\/\\\/www.eldiario.net\\\/portal\\\/wp-content\\\/uploads\\\/2026\\\/08\\\/GENCIA-FOTO.webp\",\"articleSection\":[\"Portada\"],\"inLanguage\":\"es\"},{\"@type\":\"WebPage\",\"@id\":\"https:\\\/\\\/www.eldiario.net\\\/portal\\\/2026\\\/08\\\/04\\\/piden-activar-los-coe-y-priorizar-prevencion-ante-el-super-nino\\\/\",\"url\":\"https:\\\/\\\/www.eldiario.net\\\/portal\\\/2026\\\/08\\\/04\\\/piden-activar-los-coe-y-priorizar-prevencion-ante-el-super-nino\\\/\",\"name\":\"Piden activar los COE y priorizar prevenci\u00f3n ante el \u201cS\u00faper Ni\u00f1o\u201d - El Diario - Bolivia\",\"isPartOf\":{\"@id\":\"https:\\\/\\\/www.eldiario.net\\\/portal\\\/#website\"},\"primaryImageOfPage\":{\"@id\":\"https:\\\/\\\/www.eldiario.net\\\/portal\\\/2026\\\/08\\\/04\\\/piden-activar-los-coe-y-priorizar-prevencion-ante-el-super-nino\\\/#primaryimage\"},\"image\":{\"@id\":\"https:\\\/\\\/www.eldiario.net\\\/portal\\\/2026\\\/08\\\/04\\\/piden-activar-los-coe-y-priorizar-prevencion-ante-el-super-nino\\\/#primaryimage\"},\"thumbnailUrl\":\"https:\\\/\\\/www.eldiario.net\\\/portal\\\/wp-content\\\/uploads\\\/2026\\\/08\\\/GENCIA-FOTO.webp\",\"datePublished\":\"2026-08-04T10:34:04+00:00\",\"breadcrumb\":{\"@id\":\"https:\\\/\\\/www.eldiario.net\\\/portal\\\/2026\\\/08\\\/04\\\/piden-activar-los-coe-y-priorizar-prevencion-ante-el-super-nino\\\/#breadcrumb\"},\"inLanguage\":\"es\",\"potentialAction\":[{\"@type\":\"ReadAction\",\"target\":[\"https:\\\/\\\/www.eldiario.net\\\/portal\\\/2026\\\/08\\\/04\\\/piden-activar-los-coe-y-priorizar-prevencion-ante-el-super-nino\\\/\"]}]},{\"@type\":\"ImageObject\",\"inLanguage\":\"es\",\"@id\":\"https:\\\/\\\/www.eldiario.net\\\/portal\\\/2026\\\/08\\\/04\\\/piden-activar-los-coe-y-priorizar-prevencion-ante-el-super-nino\\\/#primaryimage\",\"url\":\"https:\\\/\\\/www.eldiario.net\\\/portal\\\/wp-content\\\/uploads\\\/2026\\\/08\\\/GENCIA-FOTO.webp\",\"contentUrl\":\"https:\\\/\\\/www.eldiario.net\\\/portal\\\/wp-content\\\/uploads\\\/2026\\\/08\\\/GENCIA-FOTO.webp\",\"width\":1280,\"height\":853,\"caption\":\"Los incendios vuelven a ser una amenaza especialmente para el oriente. Foto: RRSS\"},{\"@type\":\"BreadcrumbList\",\"@id\":\"https:\\\/\\\/www.eldiario.net\\\/portal\\\/2026\\\/08\\\/04\\\/piden-activar-los-coe-y-priorizar-prevencion-ante-el-super-nino\\\/#breadcrumb\",\"itemListElement\":[{\"@type\":\"ListItem\",\"position\":1,\"name\":\"Portada\",\"item\":\"https:\\\/\\\/www.eldiario.net\\\/portal\\\/\"},{\"@type\":\"ListItem\",\"position\":2,\"name\":\"Piden activar los COE y priorizar prevenci\u00f3n ante el \u201cS\u00faper Ni\u00f1o\u201d\"}]},{\"@type\":\"WebSite\",\"@id\":\"https:\\\/\\\/www.eldiario.net\\\/portal\\\/#website\",\"url\":\"https:\\\/\\\/www.eldiario.net\\\/portal\\\/\",\"name\":\"El Diario - Decano de la prensa nacional\",\"description\":\"El Diario - Decano de la prensa nacional\",\"publisher\":{\"@id\":\"https:\\\/\\\/www.eldiario.net\\\/portal\\\/#organization\"},\"potentialAction\":[{\"@type\":\"SearchAction\",\"target\":{\"@type\":\"EntryPoint\",\"urlTemplate\":\"https:\\\/\\\/www.eldiario.net\\\/portal\\\/?s={search_term_string}\"},\"query-input\":{\"@type\":\"PropertyValueSpecification\",\"valueRequired\":true,\"valueName\":\"search_term_string\"}}],\"inLanguage\":\"es\"},{\"@type\":\"Organization\",\"@id\":\"https:\\\/\\\/www.eldiario.net\\\/portal\\\/#organization\",\"name\":\"El Diario - Decano de la prensa nacional\",\"url\":\"https:\\\/\\\/www.eldiario.net\\\/portal\\\/\",\"logo\":{\"@type\":\"ImageObject\",\"inLanguage\":\"es\",\"@id\":\"https:\\\/\\\/www.eldiario.net\\\/portal\\\/#\\\/schema\\\/logo\\\/image\\\/\",\"url\":\"https:\\\/\\\/www.eldiario.net\\\/portal\\\/wp-content\\\/uploads\\\/2023\\\/07\\\/logo_ED.jpg\",\"contentUrl\":\"https:\\\/\\\/www.eldiario.net\\\/portal\\\/wp-content\\\/uploads\\\/2023\\\/07\\\/logo_ED.jpg\",\"width\":272,\"height\":52,\"caption\":\"El Diario - Decano de la prensa nacional\"},\"image\":{\"@id\":\"https:\\\/\\\/www.eldiario.net\\\/portal\\\/#\\\/schema\\\/logo\\\/image\\\/\"},\"sameAs\":[\"https:\\\/\\\/www.facebook.com\\\/eldiario.bolivia\\\/\",\"https:\\\/\\\/x.com\\\/eldiario_net\"]},{\"@type\":\"Person\",\"@id\":\"https:\\\/\\\/www.eldiario.net\\\/portal\\\/#\\\/schema\\\/person\\\/f46445640444750d7d753ccd04ae01b7\",\"name\":\"Jeanette\",\"image\":{\"@type\":\"ImageObject\",\"inLanguage\":\"es\",\"@id\":\"https:\\\/\\\/secure.gravatar.com\\\/avatar\\\/3ea2118a5f7dad2b7138b1187a6b7ee55f160b9968b66013c3a3ef39dd7e5798?s=96&d=mm&r=g\",\"url\":\"https:\\\/\\\/secure.gravatar.com\\\/avatar\\\/3ea2118a5f7dad2b7138b1187a6b7ee55f160b9968b66013c3a3ef39dd7e5798?s=96&d=mm&r=g\",\"contentUrl\":\"https:\\\/\\\/secure.gravatar.com\\\/avatar\\\/3ea2118a5f7dad2b7138b1187a6b7ee55f160b9968b66013c3a3ef39dd7e5798?s=96&d=mm&r=g\",\"caption\":\"Jeanette\"},\"sameAs\":[\"https:\\\/\\\/www.eldiario.net\\\/portal\"],\"url\":\"https:\\\/\\\/www.eldiario.net\\\/portal\\\/author\\\/jeanette\\\/\"}]}<\/script>\n<!-- \/ Yoast SEO plugin. -->","yoast_head_json":{"title":"Piden activar los COE y priorizar prevenci\u00f3n ante el \u201cS\u00faper Ni\u00f1o\u201d - El Diario - Bolivia","robots":{"index":"index","follow":"follow","max-snippet":"max-snippet:-1","max-image-preview":"max-image-preview:large","max-video-preview":"max-video-preview:-1"},"canonical":"https:\/\/www.eldiario.net\/portal\/2026\/08\/04\/piden-activar-los-coe-y-priorizar-prevencion-ante-el-super-nino\/","og_locale":"es_ES","og_type":"article","og_title":"Piden activar los COE y priorizar prevenci\u00f3n ante el \u201cS\u00faper Ni\u00f1o\u201d - El Diario - Bolivia","og_description":"La Defensor\u00eda del Pueblo inst\u00f3 a las autoridades nacionales, departamentales y municipales a activar de inmediato los Comit\u00e9s de Operaciones de Emergencia y priorizar medidas preventivas ante el posible fen\u00f3meno del S\u00faper Ni\u00f1o y el aumento de las condiciones favorables para la propagaci\u00f3n de incendios forestales. La instituci\u00f3n se\u00f1al\u00f3 que la respuesta estatal no debe [&hellip;]","og_url":"https:\/\/www.eldiario.net\/portal\/2026\/08\/04\/piden-activar-los-coe-y-priorizar-prevencion-ante-el-super-nino\/","og_site_name":"El Diario - Bolivia","article_publisher":"https:\/\/www.facebook.com\/eldiario.bolivia\/","article_published_time":"2026-08-04T10:34:04+00:00","og_image":[{"width":1280,"height":853,"url":"https:\/\/www.eldiario.net\/portal\/wp-content\/uploads\/2026\/08\/GENCIA-FOTO.webp","type":"image\/webp"}],"author":"Jeanette","twitter_card":"summary_large_image","twitter_creator":"@eldiario_net","twitter_site":"@eldiario_net","twitter_misc":{"Escrito por":"Jeanette","Tiempo de lectura":"2 minutos"},"schema":{"@context":"https:\/\/schema.org","@graph":[{"@type":"Article","@id":"https:\/\/www.eldiario.net\/portal\/2026\/08\/04\/piden-activar-los-coe-y-priorizar-prevencion-ante-el-super-nino\/#article","isPartOf":{"@id":"https:\/\/www.eldiario.net\/portal\/2026\/08\/04\/piden-activar-los-coe-y-priorizar-prevencion-ante-el-super-nino\/"},"author":{"name":"Jeanette","@id":"https:\/\/www.eldiario.net\/portal\/#\/schema\/person\/f46445640444750d7d753ccd04ae01b7"},"headline":"Piden activar los COE y priorizar prevenci\u00f3n ante el \u201cS\u00faper Ni\u00f1o\u201d","datePublished":"2026-08-04T10:34:04+00:00","mainEntityOfPage":{"@id":"https:\/\/www.eldiario.net\/portal\/2026\/08\/04\/piden-activar-los-coe-y-priorizar-prevencion-ante-el-super-nino\/"},"wordCount":286,"publisher":{"@id":"https:\/\/www.eldiario.net\/portal\/#organization"},"image":{"@id":"https:\/\/www.eldiario.net\/portal\/2026\/08\/04\/piden-activar-los-coe-y-priorizar-prevencion-ante-el-super-nino\/#primaryimage"},"thumbnailUrl":"https:\/\/www.eldiario.net\/portal\/wp-content\/uploads\/2026\/08\/GENCIA-FOTO.webp","articleSection":["Portada"],"inLanguage":"es"},{"@type":"WebPage","@id":"https:\/\/www.eldiario.net\/portal\/2026\/08\/04\/piden-activar-los-coe-y-priorizar-prevencion-ante-el-super-nino\/","url":"https:\/\/www.eldiario.net\/portal\/2026\/08\/04\/piden-activar-los-coe-y-priorizar-prevencion-ante-el-super-nino\/","name":"Piden activar los COE y priorizar prevenci\u00f3n ante el \u201cS\u00faper Ni\u00f1o\u201d - El Diario - Bolivia","isPartOf":{"@id":"https:\/\/www.eldiario.net\/portal\/#website"},"primaryImageOfPage":{"@id":"https:\/\/www.eldiario.net\/portal\/2026\/08\/04\/piden-activar-los-coe-y-priorizar-prevencion-ante-el-super-nino\/#primaryimage"},"image":{"@id":"https:\/\/www.eldiario.net\/portal\/2026\/08\/04\/piden-activar-los-coe-y-priorizar-prevencion-ante-el-super-nino\/#primaryimage"},"thumbnailUrl":"https:\/\/www.eldiario.net\/portal\/wp-content\/uploads\/2026\/08\/GENCIA-FOTO.webp","datePublished":"2026-08-04T10:34:04+00:00","breadcrumb":{"@id":"https:\/\/www.eldiario.net\/portal\/2026\/08\/04\/piden-activar-los-coe-y-priorizar-prevencion-ante-el-super-nino\/#breadcrumb"},"inLanguage":"es","potentialAction":[{"@type":"ReadAction","target":["https:\/\/www.eldiario.net\/portal\/2026\/08\/04\/piden-activar-los-coe-y-priorizar-prevencion-ante-el-super-nino\/"]}]},{"@type":"ImageObject","inLanguage":"es","@id":"https:\/\/www.eldiario.net\/portal\/2026\/08\/04\/piden-activar-los-coe-y-priorizar-prevencion-ante-el-super-nino\/#primaryimage","url":"https:\/\/www.eldiario.net\/portal\/wp-content\/uploads\/2026\/08\/GENCIA-FOTO.webp","contentUrl":"https:\/\/www.eldiario.net\/portal\/wp-content\/uploads\/2026\/08\/GENCIA-FOTO.webp","width":1280,"height":853,"caption":"Los incendios vuelven a ser una amenaza especialmente para el oriente. Foto: RRSS"},{"@type":"BreadcrumbList","@id":"https:\/\/www.eldiario.net\/portal\/2026\/08\/04\/piden-activar-los-coe-y-priorizar-prevencion-ante-el-super-nino\/#breadcrumb","itemListElement":[{"@type":"ListItem","position":1,"name":"Portada","item":"https:\/\/www.eldiario.net\/portal\/"},{"@type":"ListItem","position":2,"name":"Piden activar los COE y priorizar prevenci\u00f3n ante el \u201cS\u00faper Ni\u00f1o\u201d"}]},{"@type":"WebSite","@id":"https:\/\/www.eldiario.net\/portal\/#website","url":"https:\/\/www.eldiario.net\/portal\/","name":"El Diario - Decano de la prensa nacional","description":"El Diario - Decano de la prensa nacional","publisher":{"@id":"https:\/\/www.eldiario.net\/portal\/#organization"},"potentialAction":[{"@type":"SearchAction","target":{"@type":"EntryPoint","urlTemplate":"https:\/\/www.eldiario.net\/portal\/?s={search_term_string}"},"query-input":{"@type":"PropertyValueSpecification","valueRequired":true,"valueName":"search_term_string"}}],"inLanguage":"es"},{"@type":"Organization","@id":"https:\/\/www.eldiario.net\/portal\/#organization","name":"El Diario - Decano de la prensa nacional","url":"https:\/\/www.eldiario.net\/portal\/","logo":{"@type":"ImageObject","inLanguage":"es","@id":"https:\/\/www.eldiario.net\/portal\/#\/schema\/logo\/image\/","url":"https:\/\/www.eldiario.net\/portal\/wp-content\/uploads\/2023\/07\/logo_ED.jpg","contentUrl":"https:\/\/www.eldiario.net\/portal\/wp-content\/uploads\/2023\/07\/logo_ED.jpg","width":272,"height":52,"caption":"El Diario - Decano de la prensa nacional"},"image":{"@id":"https:\/\/www.eldiario.net\/portal\/#\/schema\/logo\/image\/"},"sameAs":["https:\/\/www.facebook.com\/eldiario.bolivia\/","https:\/\/x.com\/eldiario_net"]},{"@type":"Person","@id":"https:\/\/www.eldiario.net\/portal\/#\/schema\/person\/f46445640444750d7d753ccd04ae01b7","name":"Jeanette","image":{"@type":"ImageObject","inLanguage":"es","@id":"https:\/\/secure.gravatar.com\/avatar\/3ea2118a5f7dad2b7138b1187a6b7ee55f160b9968b66013c3a3ef39dd7e5798?s=96&d=mm&r=g","url":"https:\/\/secure.gravatar.com\/avatar\/3ea2118a5f7dad2b7138b1187a6b7ee55f160b9968b66013c3a3ef39dd7e5798?s=96&d=mm&r=g","contentUrl":"https:\/\/secure.gravatar.com\/avatar\/3ea2118a5f7dad2b7138b1187a6b7ee55f160b9968b66013c3a3ef39dd7e5798?s=96&d=mm&r=g","caption":"Jeanette"},"sameAs":["https:\/\/www.eldiario.net\/portal"],"url":"https:\/\/www.eldiario.net\/portal\/author\/jeanette\/"}]}},"_links":{"self":[{"href":"https:\/\/www.eldiario.net\/portal\/wp-json\/wp\/v2\/posts\/418573","targetHints":{"allow":["GET"]}}],"collection":[{"href":"https:\/\/www.eldiario.net\/portal\/wp-json\/wp\/v2\/posts"}],"about":[{"href":"https:\/\/www.eldiario.net\/portal\/wp-json\/wp\/v2\/types\/post"}],"author":[{"embeddable":true,"href":"https:\/\/www.eldiario.net\/portal\/wp-json\/wp\/v2\/users\/1"}],"replies":[{"embeddable":true,"href":"https:\/\/www.eldiario.net\/portal\/wp-json\/wp\/v2\/comments?post=418573"}],"version-history":[{"count":1,"href":"https:\/\/www.eldiario.net\/portal\/wp-json\/wp\/v2\/posts\/418573\/revisions"}],"predecessor-version":[{"id":418575,"href":"https:\/\/www.eldiario.net\/portal\/wp-json\/wp\/v2\/posts\/418573\/revisions\/418575"}],"wp:featuredmedia":[{"embeddable":true,"href":"https:\/\/www.eldiario.net\/portal\/wp-json\/wp\/v2\/media\/418574"}],"wp:attachment":[{"href":"https:\/\/www.eldiario.net\/portal\/wp-json\/wp\/v2\/media?parent=418573"}],"wp:term":[{"taxonomy":"category","embeddable":true,"href":"https:\/\/www.eldiario.net\/portal\/wp-json\/wp\/v2\/categories?post=418573"},{"taxonomy":"post_tag","embeddable":true,"href":"https:\/\/www.eldiario.net\/portal\/wp-json\/wp\/v2\/tags?post=418573"}],"curies":[{"name":"wp","href":"https:\/\/api.w.org\/{rel}","templated":true}]}}