{"id":418564,"date":"2026-08-04T06:31:05","date_gmt":"2026-08-04T10:31:05","guid":{"rendered":"https:\/\/www.eldiario.net\/portal\/?p=418564"},"modified":"2026-08-04T06:31:05","modified_gmt":"2026-08-04T10:31:05","slug":"gobierno-ratifica-prioridad-para-detener-a-evo-morales","status":"publish","type":"post","link":"https:\/\/www.eldiario.net\/portal\/2026\/08\/04\/gobierno-ratifica-prioridad-para-detener-a-evo-morales\/","title":{"rendered":"Gobierno ratifica prioridad para detener a Evo Morales"},"content":{"rendered":"<p>El ministro de Gobierno, Marco Antonio Oviedo, afirm\u00f3 que la aprehensi\u00f3n de Evo Morales constituye una tarea prioritaria para el Gobierno y ratific\u00f3 que el Ejecutivo busca ejecutar las dos \u00f3rdenes de aprehensi\u00f3n vigentes que pesan en su contra por procesos penales abiertos en Tarija y Santa Cruz.<\/p>\n<p>Oviedo realiz\u00f3 la declaraci\u00f3n durante una conferencia de prensa en el Comando Departamental de la Polic\u00eda de Santa Cruz, donde asisti\u00f3 al velorio del subteniente Yerson Salazar, fallecido en un operativo en el municipio fronterizo de San Mat\u00edas. En ese escenario, reiter\u00f3 la posici\u00f3n del Gobierno respecto a la captura del exmandatario.<\/p>\n<p>Las afirmaciones del ministro surgieron luego de que el comandante general de la Polic\u00eda, Mirko Sokol, se\u00f1alara que la captura de Morales no constituye la principal prioridad para la instituci\u00f3n. El jefe policial argument\u00f3 que existen m\u00e1s de 18.000 \u00f3rdenes de aprehensi\u00f3n pendientes de ejecuci\u00f3n, indic\u00f3 que la investigaci\u00f3n por trata y tr\u00e1fico de personas enfrenta dificultades en la obtenci\u00f3n de pruebas y consider\u00f3 que la orden emitida dentro del caso de los bloqueos requiere un mayor sustento para ser ejecutada.<\/p>\n<p>Morales enfrenta una orden de aprehensi\u00f3n emitida por la Fiscal\u00eda de Tarija dentro de una investigaci\u00f3n por trata y tr\u00e1fico de personas con agravante, relacionada con la denuncia de que habr\u00eda mantenido una relaci\u00f3n con una adolescente durante su mandato presidencial, con quien presuntamente tuvo una hija.<\/p>\n<p>La segunda orden fue emitida la pasada semana por la Fiscal\u00eda de Santa Cruz en el marco de la investigaci\u00f3n por los bloqueos que se prolongaron durante 53 d\u00edas entre mayo y junio. En ese proceso es investigado por los delitos de terrorismo, alzamiento armado y atentados contra servicios p\u00fablicos, entre otros.<\/p>\n<p>Seg\u00fan un informe de la Defensor\u00eda del Pueblo, los bloqueos dejaron un saldo de 22 personas fallecidas, antecedente que forma parte de la investigaci\u00f3n desarrollada por el Ministerio P\u00fablico.<\/p>\n<p>Las declaraciones del ministro tambi\u00e9n se produjeron en medio de la tensi\u00f3n por los recientes hechos de violencia registrados en el pa\u00eds, especialmente en la zona fronteriza con Brasil. Durante el acto en Santa Cruz, Oviedo confirm\u00f3 que el subteniente Salazar recibi\u00f3 un homenaje institucional y un ascenso p\u00f3stumo. (Con informaci\u00f3n de agencias)<\/p>\n<p>&nbsp;<\/p>\n","protected":false},"excerpt":{"rendered":"<p>El ministro de Gobierno, Marco Antonio Oviedo, afirm\u00f3 que la aprehensi\u00f3n de Evo Morales constituye una tarea prioritaria para el Gobierno y ratific\u00f3 que el Ejecutivo busca ejecutar las dos \u00f3rdenes de aprehensi\u00f3n vigentes que pesan en su contra por procesos penales abiertos en Tarija y Santa Cruz. Oviedo realiz\u00f3 la declaraci\u00f3n durante una conferencia [&hellip;]<\/p>\n","protected":false},"author":1,"featured_media":418565,"comment_status":"closed","ping_status":"open","sticky":false,"template":"","format":"standard","meta":{"_acf_changed":false,"footnotes":""},"categories":[39],"tags":[],"class_list":["post-418564","post","type-post","status-publish","format-standard","has-post-thumbnail","category-sociedad"],"acf":{"antetitulo":""},"yoast_head":"<!-- This site is optimized with the Yoast SEO plugin v28.4 - https:\/\/yoast.com\/product\/yoast-seo-wordpress\/ -->\n<title>Gobierno ratifica prioridad para detener a Evo Morales - El Diario - Bolivia<\/title>\n<meta name=\"robots\" content=\"index, follow, max-snippet:-1, max-image-preview:large, max-video-preview:-1\" \/>\n<link rel=\"canonical\" href=\"https:\/\/www.eldiario.net\/portal\/2026\/08\/04\/gobierno-ratifica-prioridad-para-detener-a-evo-morales\/\" \/>\n<meta property=\"og:locale\" content=\"es_ES\" \/>\n<meta property=\"og:type\" content=\"article\" \/>\n<meta property=\"og:title\" content=\"Gobierno ratifica prioridad para detener a Evo Morales - El Diario - Bolivia\" \/>\n<meta property=\"og:description\" content=\"El ministro de Gobierno, Marco Antonio Oviedo, afirm\u00f3 que la aprehensi\u00f3n de Evo Morales constituye una tarea prioritaria para el Gobierno y ratific\u00f3 que el Ejecutivo busca ejecutar las dos \u00f3rdenes de aprehensi\u00f3n vigentes que pesan en su contra por procesos penales abiertos en Tarija y Santa Cruz. Oviedo realiz\u00f3 la declaraci\u00f3n durante una conferencia [&hellip;]\" \/>\n<meta property=\"og:url\" content=\"https:\/\/www.eldiario.net\/portal\/2026\/08\/04\/gobierno-ratifica-prioridad-para-detener-a-evo-morales\/\" \/>\n<meta property=\"og:site_name\" content=\"El Diario - Bolivia\" \/>\n<meta property=\"article:publisher\" content=\"https:\/\/www.facebook.com\/eldiario.bolivia\/\" \/>\n<meta property=\"article:published_time\" content=\"2026-08-04T10:31:05+00:00\" \/>\n<meta property=\"og:image\" content=\"https:\/\/www.eldiario.net\/portal\/wp-content\/uploads\/2026\/08\/EVO-FOTO.webp\" \/>\n\t<meta property=\"og:image:width\" content=\"980\" \/>\n\t<meta property=\"og:image:height\" content=\"654\" \/>\n\t<meta property=\"og:image:type\" content=\"image\/webp\" \/>\n<meta name=\"author\" content=\"Jeanette\" \/>\n<meta name=\"twitter:card\" content=\"summary_large_image\" \/>\n<meta name=\"twitter:creator\" content=\"@eldiario_net\" \/>\n<meta name=\"twitter:site\" content=\"@eldiario_net\" \/>\n<meta name=\"twitter:label1\" content=\"Escrito por\" \/>\n\t<meta name=\"twitter:data1\" content=\"Jeanette\" \/>\n\t<meta name=\"twitter:label2\" content=\"Tiempo de lectura\" \/>\n\t<meta name=\"twitter:data2\" content=\"2 minutos\" \/>\n<script type=\"application\/ld+json\" class=\"yoast-schema-graph\">{\"@context\":\"https:\\\/\\\/schema.org\",\"@graph\":[{\"@type\":\"Article\",\"@id\":\"https:\\\/\\\/www.eldiario.net\\\/portal\\\/2026\\\/08\\\/04\\\/gobierno-ratifica-prioridad-para-detener-a-evo-morales\\\/#article\",\"isPartOf\":{\"@id\":\"https:\\\/\\\/www.eldiario.net\\\/portal\\\/2026\\\/08\\\/04\\\/gobierno-ratifica-prioridad-para-detener-a-evo-morales\\\/\"},\"author\":{\"name\":\"Jeanette\",\"@id\":\"https:\\\/\\\/www.eldiario.net\\\/portal\\\/#\\\/schema\\\/person\\\/f46445640444750d7d753ccd04ae01b7\"},\"headline\":\"Gobierno ratifica prioridad para detener a Evo Morales\",\"datePublished\":\"2026-08-04T10:31:05+00:00\",\"mainEntityOfPage\":{\"@id\":\"https:\\\/\\\/www.eldiario.net\\\/portal\\\/2026\\\/08\\\/04\\\/gobierno-ratifica-prioridad-para-detener-a-evo-morales\\\/\"},\"wordCount\":402,\"publisher\":{\"@id\":\"https:\\\/\\\/www.eldiario.net\\\/portal\\\/#organization\"},\"image\":{\"@id\":\"https:\\\/\\\/www.eldiario.net\\\/portal\\\/2026\\\/08\\\/04\\\/gobierno-ratifica-prioridad-para-detener-a-evo-morales\\\/#primaryimage\"},\"thumbnailUrl\":\"https:\\\/\\\/www.eldiario.net\\\/portal\\\/wp-content\\\/uploads\\\/2026\\\/08\\\/EVO-FOTO.webp\",\"articleSection\":[\"Sociedad - Seguridad\"],\"inLanguage\":\"es\"},{\"@type\":\"WebPage\",\"@id\":\"https:\\\/\\\/www.eldiario.net\\\/portal\\\/2026\\\/08\\\/04\\\/gobierno-ratifica-prioridad-para-detener-a-evo-morales\\\/\",\"url\":\"https:\\\/\\\/www.eldiario.net\\\/portal\\\/2026\\\/08\\\/04\\\/gobierno-ratifica-prioridad-para-detener-a-evo-morales\\\/\",\"name\":\"Gobierno ratifica prioridad para detener a Evo Morales - El Diario - Bolivia\",\"isPartOf\":{\"@id\":\"https:\\\/\\\/www.eldiario.net\\\/portal\\\/#website\"},\"primaryImageOfPage\":{\"@id\":\"https:\\\/\\\/www.eldiario.net\\\/portal\\\/2026\\\/08\\\/04\\\/gobierno-ratifica-prioridad-para-detener-a-evo-morales\\\/#primaryimage\"},\"image\":{\"@id\":\"https:\\\/\\\/www.eldiario.net\\\/portal\\\/2026\\\/08\\\/04\\\/gobierno-ratifica-prioridad-para-detener-a-evo-morales\\\/#primaryimage\"},\"thumbnailUrl\":\"https:\\\/\\\/www.eldiario.net\\\/portal\\\/wp-content\\\/uploads\\\/2026\\\/08\\\/EVO-FOTO.webp\",\"datePublished\":\"2026-08-04T10:31:05+00:00\",\"breadcrumb\":{\"@id\":\"https:\\\/\\\/www.eldiario.net\\\/portal\\\/2026\\\/08\\\/04\\\/gobierno-ratifica-prioridad-para-detener-a-evo-morales\\\/#breadcrumb\"},\"inLanguage\":\"es\",\"potentialAction\":[{\"@type\":\"ReadAction\",\"target\":[\"https:\\\/\\\/www.eldiario.net\\\/portal\\\/2026\\\/08\\\/04\\\/gobierno-ratifica-prioridad-para-detener-a-evo-morales\\\/\"]}]},{\"@type\":\"ImageObject\",\"inLanguage\":\"es\",\"@id\":\"https:\\\/\\\/www.eldiario.net\\\/portal\\\/2026\\\/08\\\/04\\\/gobierno-ratifica-prioridad-para-detener-a-evo-morales\\\/#primaryimage\",\"url\":\"https:\\\/\\\/www.eldiario.net\\\/portal\\\/wp-content\\\/uploads\\\/2026\\\/08\\\/EVO-FOTO.webp\",\"contentUrl\":\"https:\\\/\\\/www.eldiario.net\\\/portal\\\/wp-content\\\/uploads\\\/2026\\\/08\\\/EVO-FOTO.webp\",\"width\":980,\"height\":654,\"caption\":\"Morales tiene dos \u00f3rdenes de aprehensi\u00f3n vigentes por procesos de trata de personas y terrorismo. Cr\u00e9dito de foto: RRSS\"},{\"@type\":\"BreadcrumbList\",\"@id\":\"https:\\\/\\\/www.eldiario.net\\\/portal\\\/2026\\\/08\\\/04\\\/gobierno-ratifica-prioridad-para-detener-a-evo-morales\\\/#breadcrumb\",\"itemListElement\":[{\"@type\":\"ListItem\",\"position\":1,\"name\":\"Portada\",\"item\":\"https:\\\/\\\/www.eldiario.net\\\/portal\\\/\"},{\"@type\":\"ListItem\",\"position\":2,\"name\":\"Gobierno ratifica prioridad para detener a Evo Morales\"}]},{\"@type\":\"WebSite\",\"@id\":\"https:\\\/\\\/www.eldiario.net\\\/portal\\\/#website\",\"url\":\"https:\\\/\\\/www.eldiario.net\\\/portal\\\/\",\"name\":\"El Diario - Decano de la prensa nacional\",\"description\":\"El Diario - Decano de la prensa nacional\",\"publisher\":{\"@id\":\"https:\\\/\\\/www.eldiario.net\\\/portal\\\/#organization\"},\"potentialAction\":[{\"@type\":\"SearchAction\",\"target\":{\"@type\":\"EntryPoint\",\"urlTemplate\":\"https:\\\/\\\/www.eldiario.net\\\/portal\\\/?s={search_term_string}\"},\"query-input\":{\"@type\":\"PropertyValueSpecification\",\"valueRequired\":true,\"valueName\":\"search_term_string\"}}],\"inLanguage\":\"es\"},{\"@type\":\"Organization\",\"@id\":\"https:\\\/\\\/www.eldiario.net\\\/portal\\\/#organization\",\"name\":\"El Diario - Decano de la prensa nacional\",\"url\":\"https:\\\/\\\/www.eldiario.net\\\/portal\\\/\",\"logo\":{\"@type\":\"ImageObject\",\"inLanguage\":\"es\",\"@id\":\"https:\\\/\\\/www.eldiario.net\\\/portal\\\/#\\\/schema\\\/logo\\\/image\\\/\",\"url\":\"https:\\\/\\\/www.eldiario.net\\\/portal\\\/wp-content\\\/uploads\\\/2023\\\/07\\\/logo_ED.jpg\",\"contentUrl\":\"https:\\\/\\\/www.eldiario.net\\\/portal\\\/wp-content\\\/uploads\\\/2023\\\/07\\\/logo_ED.jpg\",\"width\":272,\"height\":52,\"caption\":\"El Diario - Decano de la prensa nacional\"},\"image\":{\"@id\":\"https:\\\/\\\/www.eldiario.net\\\/portal\\\/#\\\/schema\\\/logo\\\/image\\\/\"},\"sameAs\":[\"https:\\\/\\\/www.facebook.com\\\/eldiario.bolivia\\\/\",\"https:\\\/\\\/x.com\\\/eldiario_net\"]},{\"@type\":\"Person\",\"@id\":\"https:\\\/\\\/www.eldiario.net\\\/portal\\\/#\\\/schema\\\/person\\\/f46445640444750d7d753ccd04ae01b7\",\"name\":\"Jeanette\",\"image\":{\"@type\":\"ImageObject\",\"inLanguage\":\"es\",\"@id\":\"https:\\\/\\\/secure.gravatar.com\\\/avatar\\\/3ea2118a5f7dad2b7138b1187a6b7ee55f160b9968b66013c3a3ef39dd7e5798?s=96&d=mm&r=g\",\"url\":\"https:\\\/\\\/secure.gravatar.com\\\/avatar\\\/3ea2118a5f7dad2b7138b1187a6b7ee55f160b9968b66013c3a3ef39dd7e5798?s=96&d=mm&r=g\",\"contentUrl\":\"https:\\\/\\\/secure.gravatar.com\\\/avatar\\\/3ea2118a5f7dad2b7138b1187a6b7ee55f160b9968b66013c3a3ef39dd7e5798?s=96&d=mm&r=g\",\"caption\":\"Jeanette\"},\"sameAs\":[\"https:\\\/\\\/www.eldiario.net\\\/portal\"],\"url\":\"https:\\\/\\\/www.eldiario.net\\\/portal\\\/author\\\/jeanette\\\/\"}]}<\/script>\n<!-- \/ Yoast SEO plugin. -->","yoast_head_json":{"title":"Gobierno ratifica prioridad para detener a Evo Morales - El Diario - Bolivia","robots":{"index":"index","follow":"follow","max-snippet":"max-snippet:-1","max-image-preview":"max-image-preview:large","max-video-preview":"max-video-preview:-1"},"canonical":"https:\/\/www.eldiario.net\/portal\/2026\/08\/04\/gobierno-ratifica-prioridad-para-detener-a-evo-morales\/","og_locale":"es_ES","og_type":"article","og_title":"Gobierno ratifica prioridad para detener a Evo Morales - El Diario - Bolivia","og_description":"El ministro de Gobierno, Marco Antonio Oviedo, afirm\u00f3 que la aprehensi\u00f3n de Evo Morales constituye una tarea prioritaria para el Gobierno y ratific\u00f3 que el Ejecutivo busca ejecutar las dos \u00f3rdenes de aprehensi\u00f3n vigentes que pesan en su contra por procesos penales abiertos en Tarija y Santa Cruz. Oviedo realiz\u00f3 la declaraci\u00f3n durante una conferencia [&hellip;]","og_url":"https:\/\/www.eldiario.net\/portal\/2026\/08\/04\/gobierno-ratifica-prioridad-para-detener-a-evo-morales\/","og_site_name":"El Diario - Bolivia","article_publisher":"https:\/\/www.facebook.com\/eldiario.bolivia\/","article_published_time":"2026-08-04T10:31:05+00:00","og_image":[{"width":980,"height":654,"url":"https:\/\/www.eldiario.net\/portal\/wp-content\/uploads\/2026\/08\/EVO-FOTO.webp","type":"image\/webp"}],"author":"Jeanette","twitter_card":"summary_large_image","twitter_creator":"@eldiario_net","twitter_site":"@eldiario_net","twitter_misc":{"Escrito por":"Jeanette","Tiempo de lectura":"2 minutos"},"schema":{"@context":"https:\/\/schema.org","@graph":[{"@type":"Article","@id":"https:\/\/www.eldiario.net\/portal\/2026\/08\/04\/gobierno-ratifica-prioridad-para-detener-a-evo-morales\/#article","isPartOf":{"@id":"https:\/\/www.eldiario.net\/portal\/2026\/08\/04\/gobierno-ratifica-prioridad-para-detener-a-evo-morales\/"},"author":{"name":"Jeanette","@id":"https:\/\/www.eldiario.net\/portal\/#\/schema\/person\/f46445640444750d7d753ccd04ae01b7"},"headline":"Gobierno ratifica prioridad para detener a Evo Morales","datePublished":"2026-08-04T10:31:05+00:00","mainEntityOfPage":{"@id":"https:\/\/www.eldiario.net\/portal\/2026\/08\/04\/gobierno-ratifica-prioridad-para-detener-a-evo-morales\/"},"wordCount":402,"publisher":{"@id":"https:\/\/www.eldiario.net\/portal\/#organization"},"image":{"@id":"https:\/\/www.eldiario.net\/portal\/2026\/08\/04\/gobierno-ratifica-prioridad-para-detener-a-evo-morales\/#primaryimage"},"thumbnailUrl":"https:\/\/www.eldiario.net\/portal\/wp-content\/uploads\/2026\/08\/EVO-FOTO.webp","articleSection":["Sociedad - Seguridad"],"inLanguage":"es"},{"@type":"WebPage","@id":"https:\/\/www.eldiario.net\/portal\/2026\/08\/04\/gobierno-ratifica-prioridad-para-detener-a-evo-morales\/","url":"https:\/\/www.eldiario.net\/portal\/2026\/08\/04\/gobierno-ratifica-prioridad-para-detener-a-evo-morales\/","name":"Gobierno ratifica prioridad para detener a Evo Morales - El Diario - Bolivia","isPartOf":{"@id":"https:\/\/www.eldiario.net\/portal\/#website"},"primaryImageOfPage":{"@id":"https:\/\/www.eldiario.net\/portal\/2026\/08\/04\/gobierno-ratifica-prioridad-para-detener-a-evo-morales\/#primaryimage"},"image":{"@id":"https:\/\/www.eldiario.net\/portal\/2026\/08\/04\/gobierno-ratifica-prioridad-para-detener-a-evo-morales\/#primaryimage"},"thumbnailUrl":"https:\/\/www.eldiario.net\/portal\/wp-content\/uploads\/2026\/08\/EVO-FOTO.webp","datePublished":"2026-08-04T10:31:05+00:00","breadcrumb":{"@id":"https:\/\/www.eldiario.net\/portal\/2026\/08\/04\/gobierno-ratifica-prioridad-para-detener-a-evo-morales\/#breadcrumb"},"inLanguage":"es","potentialAction":[{"@type":"ReadAction","target":["https:\/\/www.eldiario.net\/portal\/2026\/08\/04\/gobierno-ratifica-prioridad-para-detener-a-evo-morales\/"]}]},{"@type":"ImageObject","inLanguage":"es","@id":"https:\/\/www.eldiario.net\/portal\/2026\/08\/04\/gobierno-ratifica-prioridad-para-detener-a-evo-morales\/#primaryimage","url":"https:\/\/www.eldiario.net\/portal\/wp-content\/uploads\/2026\/08\/EVO-FOTO.webp","contentUrl":"https:\/\/www.eldiario.net\/portal\/wp-content\/uploads\/2026\/08\/EVO-FOTO.webp","width":980,"height":654,"caption":"Morales tiene dos \u00f3rdenes de aprehensi\u00f3n vigentes por procesos de trata de personas y terrorismo. Cr\u00e9dito de foto: RRSS"},{"@type":"BreadcrumbList","@id":"https:\/\/www.eldiario.net\/portal\/2026\/08\/04\/gobierno-ratifica-prioridad-para-detener-a-evo-morales\/#breadcrumb","itemListElement":[{"@type":"ListItem","position":1,"name":"Portada","item":"https:\/\/www.eldiario.net\/portal\/"},{"@type":"ListItem","position":2,"name":"Gobierno ratifica prioridad para detener a Evo Morales"}]},{"@type":"WebSite","@id":"https:\/\/www.eldiario.net\/portal\/#website","url":"https:\/\/www.eldiario.net\/portal\/","name":"El Diario - Decano de la prensa nacional","description":"El Diario - Decano de la prensa nacional","publisher":{"@id":"https:\/\/www.eldiario.net\/portal\/#organization"},"potentialAction":[{"@type":"SearchAction","target":{"@type":"EntryPoint","urlTemplate":"https:\/\/www.eldiario.net\/portal\/?s={search_term_string}"},"query-input":{"@type":"PropertyValueSpecification","valueRequired":true,"valueName":"search_term_string"}}],"inLanguage":"es"},{"@type":"Organization","@id":"https:\/\/www.eldiario.net\/portal\/#organization","name":"El Diario - Decano de la prensa nacional","url":"https:\/\/www.eldiario.net\/portal\/","logo":{"@type":"ImageObject","inLanguage":"es","@id":"https:\/\/www.eldiario.net\/portal\/#\/schema\/logo\/image\/","url":"https:\/\/www.eldiario.net\/portal\/wp-content\/uploads\/2023\/07\/logo_ED.jpg","contentUrl":"https:\/\/www.eldiario.net\/portal\/wp-content\/uploads\/2023\/07\/logo_ED.jpg","width":272,"height":52,"caption":"El Diario - Decano de la prensa nacional"},"image":{"@id":"https:\/\/www.eldiario.net\/portal\/#\/schema\/logo\/image\/"},"sameAs":["https:\/\/www.facebook.com\/eldiario.bolivia\/","https:\/\/x.com\/eldiario_net"]},{"@type":"Person","@id":"https:\/\/www.eldiario.net\/portal\/#\/schema\/person\/f46445640444750d7d753ccd04ae01b7","name":"Jeanette","image":{"@type":"ImageObject","inLanguage":"es","@id":"https:\/\/secure.gravatar.com\/avatar\/3ea2118a5f7dad2b7138b1187a6b7ee55f160b9968b66013c3a3ef39dd7e5798?s=96&d=mm&r=g","url":"https:\/\/secure.gravatar.com\/avatar\/3ea2118a5f7dad2b7138b1187a6b7ee55f160b9968b66013c3a3ef39dd7e5798?s=96&d=mm&r=g","contentUrl":"https:\/\/secure.gravatar.com\/avatar\/3ea2118a5f7dad2b7138b1187a6b7ee55f160b9968b66013c3a3ef39dd7e5798?s=96&d=mm&r=g","caption":"Jeanette"},"sameAs":["https:\/\/www.eldiario.net\/portal"],"url":"https:\/\/www.eldiario.net\/portal\/author\/jeanette\/"}]}},"_links":{"self":[{"href":"https:\/\/www.eldiario.net\/portal\/wp-json\/wp\/v2\/posts\/418564","targetHints":{"allow":["GET"]}}],"collection":[{"href":"https:\/\/www.eldiario.net\/portal\/wp-json\/wp\/v2\/posts"}],"about":[{"href":"https:\/\/www.eldiario.net\/portal\/wp-json\/wp\/v2\/types\/post"}],"author":[{"embeddable":true,"href":"https:\/\/www.eldiario.net\/portal\/wp-json\/wp\/v2\/users\/1"}],"replies":[{"embeddable":true,"href":"https:\/\/www.eldiario.net\/portal\/wp-json\/wp\/v2\/comments?post=418564"}],"version-history":[{"count":1,"href":"https:\/\/www.eldiario.net\/portal\/wp-json\/wp\/v2\/posts\/418564\/revisions"}],"predecessor-version":[{"id":418566,"href":"https:\/\/www.eldiario.net\/portal\/wp-json\/wp\/v2\/posts\/418564\/revisions\/418566"}],"wp:featuredmedia":[{"embeddable":true,"href":"https:\/\/www.eldiario.net\/portal\/wp-json\/wp\/v2\/media\/418565"}],"wp:attachment":[{"href":"https:\/\/www.eldiario.net\/portal\/wp-json\/wp\/v2\/media?parent=418564"}],"wp:term":[{"taxonomy":"category","embeddable":true,"href":"https:\/\/www.eldiario.net\/portal\/wp-json\/wp\/v2\/categories?post=418564"},{"taxonomy":"post_tag","embeddable":true,"href":"https:\/\/www.eldiario.net\/portal\/wp-json\/wp\/v2\/tags?post=418564"}],"curies":[{"name":"wp","href":"https:\/\/api.w.org\/{rel}","templated":true}]}}