{"id":418404,"date":"2026-08-03T09:37:02","date_gmt":"2026-08-03T13:37:02","guid":{"rendered":"https:\/\/www.eldiario.net\/portal\/?p=418404"},"modified":"2026-08-03T09:37:02","modified_gmt":"2026-08-03T13:37:02","slug":"agenda-oficial-por-los-201-anos-de-la-independencia-de-bolivia-0935","status":"publish","type":"post","link":"https:\/\/www.eldiario.net\/portal\/2026\/08\/03\/agenda-oficial-por-los-201-anos-de-la-independencia-de-bolivia-0935\/","title":{"rendered":"Agenda oficial por los 201 a\u00f1os de la Independencia de Bolivia (09:35)"},"content":{"rendered":"<p>Bolivia celebrar\u00e1 los 201 a\u00f1os de su Independencia con una agenda de actos c\u00edvicos, culturales y protocolares que se desarrollar\u00e1 del 3 al 7 de agosto. La mayor parte de las actividades tendr\u00e1 lugar en Sucre, capital constitucional del pa\u00eds, mientras que la tradicional Parada Militar se realizar\u00e1 en la ciudad de El Alto.<\/p>\n<p>Lunes 3 de agosto<\/p>\n<p>La programaci\u00f3n comenzar\u00e1 con la inauguraci\u00f3n de la IX Bienal Internacional Folcl\u00f3rica en la Casa de la Libertad, a las 10:00. Durante la jornada tambi\u00e9n se desarrollar\u00e1 la retreta de las Fuerzas Armadas y una gala art\u00edstica en el Teatro Gran Mariscal desde las 19:00.<\/p>\n<p>Martes 4 de agosto<\/p>\n<p>Las actividades incluir\u00e1n el desfile c\u00edvico escolar en la plaza principal de Sucre, con la participaci\u00f3n de unas 140 delegaciones. Adem\u00e1s, se presentar\u00e1n nuevos hallazgos de huellas de dinosaurios en la Casa de la Cultura y se instalar\u00e1 la sesi\u00f3n de honor de la Brigada Parlamentaria de Chuquisaca en la Casa de la Libertad.<\/p>\n<p>Ese mismo d\u00eda se llevar\u00e1 a cabo una reuni\u00f3n t\u00e9cnica entre el Gobierno y las gobernaciones para analizar la propuesta de distribuci\u00f3n de recursos conocida como 50\/50. Por la noche se realizar\u00e1 el tradicional desfile de teas con la participaci\u00f3n de unas 40 delegaciones.<\/p>\n<p>Mi\u00e9rcoles 5 de agosto<\/p>\n<p>La C\u00e1mara de Diputados celebrar\u00e1 una sesi\u00f3n en el Centro Internacional de Convenciones de Sucre, mientras que el Concejo Municipal realizar\u00e1 su sesi\u00f3n de honor. Tambi\u00e9n est\u00e1 previsto el desfile c\u00edvico-militar en la plaza principal.<\/p>\n<p>A las 16:00, el Gobierno sostendr\u00e1 una reuni\u00f3n con los nueve gobernadores para analizar la propuesta del 50\/50 y temas vinculados al desarrollo regional. La jornada concluir\u00e1 con una serenata solidaria en el campo ferial de Lajastambo, desde las 19:00.<\/p>\n<p>Jueves 6 de agosto<\/p>\n<p>El d\u00eda central de la efem\u00e9ride comenzar\u00e1 con la entrega de ofrendas florales en la plaza 25 de Mayo, seguida del acto de iza de banderas y la interpretaci\u00f3n del Himno Nacional.<\/p>\n<p>La agenda continuar\u00e1 con la misa de Te Deum en la Catedral Metropolitana y la Sesi\u00f3n de Honor de la Asamblea Legislativa Plurinacional en la Casa de la Libertad, donde el presidente Rodrigo Paz Pereira emitir\u00e1 su mensaje al pa\u00eds. Posteriormente se realizar\u00e1 el tradicional almuerzo oficial con autoridades nacionales e invitados especiales.<\/p>\n<p>Viernes 7 de agosto<\/p>\n<p>La programaci\u00f3n concluir\u00e1 con la Parada Militar, prevista para las 10:00 en la ciudad de El Alto.<\/p>\n<p>Actividades culturales durante agosto<\/p>\n<p>La Gobernaci\u00f3n de Chuquisaca tambi\u00e9n anunci\u00f3 una agenda tur\u00edstica y cultural para todo el mes, que incluye recorridos por la Casa de la Libertad, el Museo del Tesoro, el mirador de La Recoleta y visitas a espacios patrimoniales como La Glorieta, La Florida y la Mansarda del Palacio de Gobierno. Adem\u00e1s, se realizar\u00e1 la Fiesta del Aj\u00ed el 8 de agosto y la Fiesta del Caf\u00e9 el 15 de agosto en el complejo tur\u00edstico de La Glorieta.<\/p>\n<p>V\u00eda ABI<\/p>\n","protected":false},"excerpt":{"rendered":"<p>Bolivia celebrar\u00e1 los 201 a\u00f1os de su Independencia con una agenda de actos c\u00edvicos, culturales y protocolares que se desarrollar\u00e1 del 3 al 7 de agosto. La mayor parte de las actividades tendr\u00e1 lugar en Sucre, capital constitucional del pa\u00eds, mientras que la tradicional Parada Militar se realizar\u00e1 en la ciudad de El Alto. Lunes [&hellip;]<\/p>\n","protected":false},"author":7,"featured_media":418405,"comment_status":"closed","ping_status":"open","sticky":false,"template":"","format":"standard","meta":{"_acf_changed":false,"footnotes":""},"categories":[51],"tags":[],"class_list":["post-418404","post","type-post","status-publish","format-standard","has-post-thumbnail","category-ultima-hora"],"acf":{"antetitulo":"Fiestas Patrias"},"yoast_head":"<!-- This site is optimized with the Yoast SEO plugin v28.4 - https:\/\/yoast.com\/product\/yoast-seo-wordpress\/ -->\n<title>Agenda oficial por los 201 a\u00f1os de la Independencia de Bolivia (09:35) - El Diario - Bolivia<\/title>\n<meta name=\"robots\" content=\"index, follow, max-snippet:-1, max-image-preview:large, max-video-preview:-1\" \/>\n<link rel=\"canonical\" href=\"https:\/\/www.eldiario.net\/portal\/2026\/08\/03\/agenda-oficial-por-los-201-anos-de-la-independencia-de-bolivia-0935\/\" \/>\n<meta property=\"og:locale\" content=\"es_ES\" \/>\n<meta property=\"og:type\" content=\"article\" \/>\n<meta property=\"og:title\" content=\"Agenda oficial por los 201 a\u00f1os de la Independencia de Bolivia (09:35) - El Diario - Bolivia\" \/>\n<meta property=\"og:description\" content=\"Bolivia celebrar\u00e1 los 201 a\u00f1os de su Independencia con una agenda de actos c\u00edvicos, culturales y protocolares que se desarrollar\u00e1 del 3 al 7 de agosto. La mayor parte de las actividades tendr\u00e1 lugar en Sucre, capital constitucional del pa\u00eds, mientras que la tradicional Parada Militar se realizar\u00e1 en la ciudad de El Alto. Lunes [&hellip;]\" \/>\n<meta property=\"og:url\" content=\"https:\/\/www.eldiario.net\/portal\/2026\/08\/03\/agenda-oficial-por-los-201-anos-de-la-independencia-de-bolivia-0935\/\" \/>\n<meta property=\"og:site_name\" content=\"El Diario - Bolivia\" \/>\n<meta property=\"article:publisher\" content=\"https:\/\/www.facebook.com\/eldiario.bolivia\/\" \/>\n<meta property=\"article:published_time\" content=\"2026-08-03T13:37:02+00:00\" \/>\n<meta property=\"og:image\" content=\"https:\/\/www.eldiario.net\/portal\/wp-content\/uploads\/2026\/08\/sucre-03.08.26-copia.webp\" \/>\n\t<meta property=\"og:image:width\" content=\"600\" \/>\n\t<meta property=\"og:image:height\" content=\"341\" \/>\n\t<meta property=\"og:image:type\" content=\"image\/webp\" \/>\n<meta name=\"author\" content=\"Viviana Monrroy\" \/>\n<meta name=\"twitter:card\" content=\"summary_large_image\" \/>\n<meta name=\"twitter:creator\" content=\"@eldiario_net\" \/>\n<meta name=\"twitter:site\" content=\"@eldiario_net\" \/>\n<meta name=\"twitter:label1\" content=\"Escrito por\" \/>\n\t<meta name=\"twitter:data1\" content=\"Viviana Monrroy\" \/>\n\t<meta name=\"twitter:label2\" content=\"Tiempo de lectura\" \/>\n\t<meta name=\"twitter:data2\" content=\"3 minutos\" \/>\n<script type=\"application\/ld+json\" class=\"yoast-schema-graph\">{\"@context\":\"https:\\\/\\\/schema.org\",\"@graph\":[{\"@type\":\"Article\",\"@id\":\"https:\\\/\\\/www.eldiario.net\\\/portal\\\/2026\\\/08\\\/03\\\/agenda-oficial-por-los-201-anos-de-la-independencia-de-bolivia-0935\\\/#article\",\"isPartOf\":{\"@id\":\"https:\\\/\\\/www.eldiario.net\\\/portal\\\/2026\\\/08\\\/03\\\/agenda-oficial-por-los-201-anos-de-la-independencia-de-bolivia-0935\\\/\"},\"author\":{\"name\":\"Viviana Monrroy\",\"@id\":\"https:\\\/\\\/www.eldiario.net\\\/portal\\\/#\\\/schema\\\/person\\\/32cc89e801dfcbad3a54f91da7f2ea06\"},\"headline\":\"Agenda oficial por los 201 a\u00f1os de la Independencia de Bolivia (09:35)\",\"datePublished\":\"2026-08-03T13:37:02+00:00\",\"mainEntityOfPage\":{\"@id\":\"https:\\\/\\\/www.eldiario.net\\\/portal\\\/2026\\\/08\\\/03\\\/agenda-oficial-por-los-201-anos-de-la-independencia-de-bolivia-0935\\\/\"},\"wordCount\":506,\"publisher\":{\"@id\":\"https:\\\/\\\/www.eldiario.net\\\/portal\\\/#organization\"},\"image\":{\"@id\":\"https:\\\/\\\/www.eldiario.net\\\/portal\\\/2026\\\/08\\\/03\\\/agenda-oficial-por-los-201-anos-de-la-independencia-de-bolivia-0935\\\/#primaryimage\"},\"thumbnailUrl\":\"https:\\\/\\\/www.eldiario.net\\\/portal\\\/wp-content\\\/uploads\\\/2026\\\/08\\\/sucre-03.08.26-copia.webp\",\"articleSection\":[\"\u00daltima Hora\"],\"inLanguage\":\"es\"},{\"@type\":\"WebPage\",\"@id\":\"https:\\\/\\\/www.eldiario.net\\\/portal\\\/2026\\\/08\\\/03\\\/agenda-oficial-por-los-201-anos-de-la-independencia-de-bolivia-0935\\\/\",\"url\":\"https:\\\/\\\/www.eldiario.net\\\/portal\\\/2026\\\/08\\\/03\\\/agenda-oficial-por-los-201-anos-de-la-independencia-de-bolivia-0935\\\/\",\"name\":\"Agenda oficial por los 201 a\u00f1os de la Independencia de Bolivia (09:35) - El Diario - Bolivia\",\"isPartOf\":{\"@id\":\"https:\\\/\\\/www.eldiario.net\\\/portal\\\/#website\"},\"primaryImageOfPage\":{\"@id\":\"https:\\\/\\\/www.eldiario.net\\\/portal\\\/2026\\\/08\\\/03\\\/agenda-oficial-por-los-201-anos-de-la-independencia-de-bolivia-0935\\\/#primaryimage\"},\"image\":{\"@id\":\"https:\\\/\\\/www.eldiario.net\\\/portal\\\/2026\\\/08\\\/03\\\/agenda-oficial-por-los-201-anos-de-la-independencia-de-bolivia-0935\\\/#primaryimage\"},\"thumbnailUrl\":\"https:\\\/\\\/www.eldiario.net\\\/portal\\\/wp-content\\\/uploads\\\/2026\\\/08\\\/sucre-03.08.26-copia.webp\",\"datePublished\":\"2026-08-03T13:37:02+00:00\",\"breadcrumb\":{\"@id\":\"https:\\\/\\\/www.eldiario.net\\\/portal\\\/2026\\\/08\\\/03\\\/agenda-oficial-por-los-201-anos-de-la-independencia-de-bolivia-0935\\\/#breadcrumb\"},\"inLanguage\":\"es\",\"potentialAction\":[{\"@type\":\"ReadAction\",\"target\":[\"https:\\\/\\\/www.eldiario.net\\\/portal\\\/2026\\\/08\\\/03\\\/agenda-oficial-por-los-201-anos-de-la-independencia-de-bolivia-0935\\\/\"]}]},{\"@type\":\"ImageObject\",\"inLanguage\":\"es\",\"@id\":\"https:\\\/\\\/www.eldiario.net\\\/portal\\\/2026\\\/08\\\/03\\\/agenda-oficial-por-los-201-anos-de-la-independencia-de-bolivia-0935\\\/#primaryimage\",\"url\":\"https:\\\/\\\/www.eldiario.net\\\/portal\\\/wp-content\\\/uploads\\\/2026\\\/08\\\/sucre-03.08.26-copia.webp\",\"contentUrl\":\"https:\\\/\\\/www.eldiario.net\\\/portal\\\/wp-content\\\/uploads\\\/2026\\\/08\\\/sucre-03.08.26-copia.webp\",\"width\":600,\"height\":341,\"caption\":\"Foto: ABI\"},{\"@type\":\"BreadcrumbList\",\"@id\":\"https:\\\/\\\/www.eldiario.net\\\/portal\\\/2026\\\/08\\\/03\\\/agenda-oficial-por-los-201-anos-de-la-independencia-de-bolivia-0935\\\/#breadcrumb\",\"itemListElement\":[{\"@type\":\"ListItem\",\"position\":1,\"name\":\"Portada\",\"item\":\"https:\\\/\\\/www.eldiario.net\\\/portal\\\/\"},{\"@type\":\"ListItem\",\"position\":2,\"name\":\"Agenda oficial por los 201 a\u00f1os de la Independencia de Bolivia (09:35)\"}]},{\"@type\":\"WebSite\",\"@id\":\"https:\\\/\\\/www.eldiario.net\\\/portal\\\/#website\",\"url\":\"https:\\\/\\\/www.eldiario.net\\\/portal\\\/\",\"name\":\"El Diario - Decano de la prensa nacional\",\"description\":\"El Diario - Decano de la prensa nacional\",\"publisher\":{\"@id\":\"https:\\\/\\\/www.eldiario.net\\\/portal\\\/#organization\"},\"potentialAction\":[{\"@type\":\"SearchAction\",\"target\":{\"@type\":\"EntryPoint\",\"urlTemplate\":\"https:\\\/\\\/www.eldiario.net\\\/portal\\\/?s={search_term_string}\"},\"query-input\":{\"@type\":\"PropertyValueSpecification\",\"valueRequired\":true,\"valueName\":\"search_term_string\"}}],\"inLanguage\":\"es\"},{\"@type\":\"Organization\",\"@id\":\"https:\\\/\\\/www.eldiario.net\\\/portal\\\/#organization\",\"name\":\"El Diario - Decano de la prensa nacional\",\"url\":\"https:\\\/\\\/www.eldiario.net\\\/portal\\\/\",\"logo\":{\"@type\":\"ImageObject\",\"inLanguage\":\"es\",\"@id\":\"https:\\\/\\\/www.eldiario.net\\\/portal\\\/#\\\/schema\\\/logo\\\/image\\\/\",\"url\":\"https:\\\/\\\/www.eldiario.net\\\/portal\\\/wp-content\\\/uploads\\\/2023\\\/07\\\/logo_ED.jpg\",\"contentUrl\":\"https:\\\/\\\/www.eldiario.net\\\/portal\\\/wp-content\\\/uploads\\\/2023\\\/07\\\/logo_ED.jpg\",\"width\":272,\"height\":52,\"caption\":\"El Diario - Decano de la prensa nacional\"},\"image\":{\"@id\":\"https:\\\/\\\/www.eldiario.net\\\/portal\\\/#\\\/schema\\\/logo\\\/image\\\/\"},\"sameAs\":[\"https:\\\/\\\/www.facebook.com\\\/eldiario.bolivia\\\/\",\"https:\\\/\\\/x.com\\\/eldiario_net\"]},{\"@type\":\"Person\",\"@id\":\"https:\\\/\\\/www.eldiario.net\\\/portal\\\/#\\\/schema\\\/person\\\/32cc89e801dfcbad3a54f91da7f2ea06\",\"name\":\"Viviana Monrroy\",\"image\":{\"@type\":\"ImageObject\",\"inLanguage\":\"es\",\"@id\":\"https:\\\/\\\/secure.gravatar.com\\\/avatar\\\/dfd1611ed5600959a0e5a9754503b6c05d1dcf190010998e0363aee2ad98afca?s=96&d=mm&r=g\",\"url\":\"https:\\\/\\\/secure.gravatar.com\\\/avatar\\\/dfd1611ed5600959a0e5a9754503b6c05d1dcf190010998e0363aee2ad98afca?s=96&d=mm&r=g\",\"contentUrl\":\"https:\\\/\\\/secure.gravatar.com\\\/avatar\\\/dfd1611ed5600959a0e5a9754503b6c05d1dcf190010998e0363aee2ad98afca?s=96&d=mm&r=g\",\"caption\":\"Viviana Monrroy\"},\"sameAs\":[\"http:\\\/\\\/www.eldiario.net\"],\"url\":\"https:\\\/\\\/www.eldiario.net\\\/portal\\\/author\\\/vivianamonrroy\\\/\"}]}<\/script>\n<!-- \/ Yoast SEO plugin. -->","yoast_head_json":{"title":"Agenda oficial por los 201 a\u00f1os de la Independencia de Bolivia (09:35) - El Diario - Bolivia","robots":{"index":"index","follow":"follow","max-snippet":"max-snippet:-1","max-image-preview":"max-image-preview:large","max-video-preview":"max-video-preview:-1"},"canonical":"https:\/\/www.eldiario.net\/portal\/2026\/08\/03\/agenda-oficial-por-los-201-anos-de-la-independencia-de-bolivia-0935\/","og_locale":"es_ES","og_type":"article","og_title":"Agenda oficial por los 201 a\u00f1os de la Independencia de Bolivia (09:35) - El Diario - Bolivia","og_description":"Bolivia celebrar\u00e1 los 201 a\u00f1os de su Independencia con una agenda de actos c\u00edvicos, culturales y protocolares que se desarrollar\u00e1 del 3 al 7 de agosto. La mayor parte de las actividades tendr\u00e1 lugar en Sucre, capital constitucional del pa\u00eds, mientras que la tradicional Parada Militar se realizar\u00e1 en la ciudad de El Alto. Lunes [&hellip;]","og_url":"https:\/\/www.eldiario.net\/portal\/2026\/08\/03\/agenda-oficial-por-los-201-anos-de-la-independencia-de-bolivia-0935\/","og_site_name":"El Diario - Bolivia","article_publisher":"https:\/\/www.facebook.com\/eldiario.bolivia\/","article_published_time":"2026-08-03T13:37:02+00:00","og_image":[{"width":600,"height":341,"url":"https:\/\/www.eldiario.net\/portal\/wp-content\/uploads\/2026\/08\/sucre-03.08.26-copia.webp","type":"image\/webp"}],"author":"Viviana Monrroy","twitter_card":"summary_large_image","twitter_creator":"@eldiario_net","twitter_site":"@eldiario_net","twitter_misc":{"Escrito por":"Viviana Monrroy","Tiempo de lectura":"3 minutos"},"schema":{"@context":"https:\/\/schema.org","@graph":[{"@type":"Article","@id":"https:\/\/www.eldiario.net\/portal\/2026\/08\/03\/agenda-oficial-por-los-201-anos-de-la-independencia-de-bolivia-0935\/#article","isPartOf":{"@id":"https:\/\/www.eldiario.net\/portal\/2026\/08\/03\/agenda-oficial-por-los-201-anos-de-la-independencia-de-bolivia-0935\/"},"author":{"name":"Viviana Monrroy","@id":"https:\/\/www.eldiario.net\/portal\/#\/schema\/person\/32cc89e801dfcbad3a54f91da7f2ea06"},"headline":"Agenda oficial por los 201 a\u00f1os de la Independencia de Bolivia (09:35)","datePublished":"2026-08-03T13:37:02+00:00","mainEntityOfPage":{"@id":"https:\/\/www.eldiario.net\/portal\/2026\/08\/03\/agenda-oficial-por-los-201-anos-de-la-independencia-de-bolivia-0935\/"},"wordCount":506,"publisher":{"@id":"https:\/\/www.eldiario.net\/portal\/#organization"},"image":{"@id":"https:\/\/www.eldiario.net\/portal\/2026\/08\/03\/agenda-oficial-por-los-201-anos-de-la-independencia-de-bolivia-0935\/#primaryimage"},"thumbnailUrl":"https:\/\/www.eldiario.net\/portal\/wp-content\/uploads\/2026\/08\/sucre-03.08.26-copia.webp","articleSection":["\u00daltima Hora"],"inLanguage":"es"},{"@type":"WebPage","@id":"https:\/\/www.eldiario.net\/portal\/2026\/08\/03\/agenda-oficial-por-los-201-anos-de-la-independencia-de-bolivia-0935\/","url":"https:\/\/www.eldiario.net\/portal\/2026\/08\/03\/agenda-oficial-por-los-201-anos-de-la-independencia-de-bolivia-0935\/","name":"Agenda oficial por los 201 a\u00f1os de la Independencia de Bolivia (09:35) - El Diario - Bolivia","isPartOf":{"@id":"https:\/\/www.eldiario.net\/portal\/#website"},"primaryImageOfPage":{"@id":"https:\/\/www.eldiario.net\/portal\/2026\/08\/03\/agenda-oficial-por-los-201-anos-de-la-independencia-de-bolivia-0935\/#primaryimage"},"image":{"@id":"https:\/\/www.eldiario.net\/portal\/2026\/08\/03\/agenda-oficial-por-los-201-anos-de-la-independencia-de-bolivia-0935\/#primaryimage"},"thumbnailUrl":"https:\/\/www.eldiario.net\/portal\/wp-content\/uploads\/2026\/08\/sucre-03.08.26-copia.webp","datePublished":"2026-08-03T13:37:02+00:00","breadcrumb":{"@id":"https:\/\/www.eldiario.net\/portal\/2026\/08\/03\/agenda-oficial-por-los-201-anos-de-la-independencia-de-bolivia-0935\/#breadcrumb"},"inLanguage":"es","potentialAction":[{"@type":"ReadAction","target":["https:\/\/www.eldiario.net\/portal\/2026\/08\/03\/agenda-oficial-por-los-201-anos-de-la-independencia-de-bolivia-0935\/"]}]},{"@type":"ImageObject","inLanguage":"es","@id":"https:\/\/www.eldiario.net\/portal\/2026\/08\/03\/agenda-oficial-por-los-201-anos-de-la-independencia-de-bolivia-0935\/#primaryimage","url":"https:\/\/www.eldiario.net\/portal\/wp-content\/uploads\/2026\/08\/sucre-03.08.26-copia.webp","contentUrl":"https:\/\/www.eldiario.net\/portal\/wp-content\/uploads\/2026\/08\/sucre-03.08.26-copia.webp","width":600,"height":341,"caption":"Foto: ABI"},{"@type":"BreadcrumbList","@id":"https:\/\/www.eldiario.net\/portal\/2026\/08\/03\/agenda-oficial-por-los-201-anos-de-la-independencia-de-bolivia-0935\/#breadcrumb","itemListElement":[{"@type":"ListItem","position":1,"name":"Portada","item":"https:\/\/www.eldiario.net\/portal\/"},{"@type":"ListItem","position":2,"name":"Agenda oficial por los 201 a\u00f1os de la Independencia de Bolivia (09:35)"}]},{"@type":"WebSite","@id":"https:\/\/www.eldiario.net\/portal\/#website","url":"https:\/\/www.eldiario.net\/portal\/","name":"El Diario - Decano de la prensa nacional","description":"El Diario - Decano de la prensa nacional","publisher":{"@id":"https:\/\/www.eldiario.net\/portal\/#organization"},"potentialAction":[{"@type":"SearchAction","target":{"@type":"EntryPoint","urlTemplate":"https:\/\/www.eldiario.net\/portal\/?s={search_term_string}"},"query-input":{"@type":"PropertyValueSpecification","valueRequired":true,"valueName":"search_term_string"}}],"inLanguage":"es"},{"@type":"Organization","@id":"https:\/\/www.eldiario.net\/portal\/#organization","name":"El Diario - Decano de la prensa nacional","url":"https:\/\/www.eldiario.net\/portal\/","logo":{"@type":"ImageObject","inLanguage":"es","@id":"https:\/\/www.eldiario.net\/portal\/#\/schema\/logo\/image\/","url":"https:\/\/www.eldiario.net\/portal\/wp-content\/uploads\/2023\/07\/logo_ED.jpg","contentUrl":"https:\/\/www.eldiario.net\/portal\/wp-content\/uploads\/2023\/07\/logo_ED.jpg","width":272,"height":52,"caption":"El Diario - Decano de la prensa nacional"},"image":{"@id":"https:\/\/www.eldiario.net\/portal\/#\/schema\/logo\/image\/"},"sameAs":["https:\/\/www.facebook.com\/eldiario.bolivia\/","https:\/\/x.com\/eldiario_net"]},{"@type":"Person","@id":"https:\/\/www.eldiario.net\/portal\/#\/schema\/person\/32cc89e801dfcbad3a54f91da7f2ea06","name":"Viviana Monrroy","image":{"@type":"ImageObject","inLanguage":"es","@id":"https:\/\/secure.gravatar.com\/avatar\/dfd1611ed5600959a0e5a9754503b6c05d1dcf190010998e0363aee2ad98afca?s=96&d=mm&r=g","url":"https:\/\/secure.gravatar.com\/avatar\/dfd1611ed5600959a0e5a9754503b6c05d1dcf190010998e0363aee2ad98afca?s=96&d=mm&r=g","contentUrl":"https:\/\/secure.gravatar.com\/avatar\/dfd1611ed5600959a0e5a9754503b6c05d1dcf190010998e0363aee2ad98afca?s=96&d=mm&r=g","caption":"Viviana Monrroy"},"sameAs":["http:\/\/www.eldiario.net"],"url":"https:\/\/www.eldiario.net\/portal\/author\/vivianamonrroy\/"}]}},"_links":{"self":[{"href":"https:\/\/www.eldiario.net\/portal\/wp-json\/wp\/v2\/posts\/418404","targetHints":{"allow":["GET"]}}],"collection":[{"href":"https:\/\/www.eldiario.net\/portal\/wp-json\/wp\/v2\/posts"}],"about":[{"href":"https:\/\/www.eldiario.net\/portal\/wp-json\/wp\/v2\/types\/post"}],"author":[{"embeddable":true,"href":"https:\/\/www.eldiario.net\/portal\/wp-json\/wp\/v2\/users\/7"}],"replies":[{"embeddable":true,"href":"https:\/\/www.eldiario.net\/portal\/wp-json\/wp\/v2\/comments?post=418404"}],"version-history":[{"count":1,"href":"https:\/\/www.eldiario.net\/portal\/wp-json\/wp\/v2\/posts\/418404\/revisions"}],"predecessor-version":[{"id":418408,"href":"https:\/\/www.eldiario.net\/portal\/wp-json\/wp\/v2\/posts\/418404\/revisions\/418408"}],"wp:featuredmedia":[{"embeddable":true,"href":"https:\/\/www.eldiario.net\/portal\/wp-json\/wp\/v2\/media\/418405"}],"wp:attachment":[{"href":"https:\/\/www.eldiario.net\/portal\/wp-json\/wp\/v2\/media?parent=418404"}],"wp:term":[{"taxonomy":"category","embeddable":true,"href":"https:\/\/www.eldiario.net\/portal\/wp-json\/wp\/v2\/categories?post=418404"},{"taxonomy":"post_tag","embeddable":true,"href":"https:\/\/www.eldiario.net\/portal\/wp-json\/wp\/v2\/tags?post=418404"}],"curies":[{"name":"wp","href":"https:\/\/api.w.org\/{rel}","templated":true}]}}