{"id":418293,"date":"2026-08-03T01:37:07","date_gmt":"2026-08-03T05:37:07","guid":{"rendered":"https:\/\/www.eldiario.net\/portal\/?p=418293"},"modified":"2026-08-02T23:38:04","modified_gmt":"2026-08-03T03:38:04","slug":"ramon-tarqui-sella-doblete-en-el-circuito-oscar-crespo","status":"publish","type":"post","link":"https:\/\/www.eldiario.net\/portal\/2026\/08\/03\/ramon-tarqui-sella-doblete-en-el-circuito-oscar-crespo\/","title":{"rendered":"RAM\u00d3N TARQUI SELLA DOBLETE  EN EL CIRCUITO &#8216;\u00d3SCAR CRESPO&#8217;"},"content":{"rendered":"<p>SUCRE.- Ram\u00f3n Tarqui sell\u00f3 un doblete al adjudicarse la victoria en la categor\u00eda RC2N, del circuito \u00d3scar Crespo ayer en Sucre. Esta victoria fue registrada, tras haber ganado la RC4 el d\u00eda s\u00e1bado. El piloto potosino logr\u00f3 una marca de 48&#8217;46&#8243;16 en la manga que cerr\u00f3 la competencia.<br \/>\nLa 56\u00b0 edici\u00f3n del Circuito Automovil\u00edstico concluy\u00f3 ayer domingo en Sucre con una jornada de alta intensidad, un accidente y la consagraci\u00f3n de los pilotos en las categor\u00edas de mayor potencia. M\u00e1s de 90 competidores tomaron la partida en el segundo d\u00eda de carreras, cubriendo las dos vueltas al trazado de 42,7 kil\u00f3metros. El evento, v\u00e1lido por la tercera fecha nacional de la Febad, se caracteriz\u00f3 por el marco de p\u00fablico que se apost\u00f3 a lo largo de la ruta y en la plaza 25 de Mayo.<br \/>\nStefano Careaga, se convirti\u00f3 en el ganador m\u00e1s joven de una categor\u00eda en la historia del circuito, a sus 15 a\u00f1os. Se impuso en la clase RC2 con un tiempo de 45 minutos, 13 segundos y 86 cent\u00e9simas, tras un duelo en pista donde rebas\u00f3 a su hermano Rolando.<br \/>\nEn la categor\u00eda R2B, el local Luis Sandoval asegur\u00f3 el triunfo en una de las definiciones m\u00e1s cerradas del fin de semana, superando a Jos\u00e9 Luis P\u00e9rez por apenas tres segundos. Sandoval cronometr\u00f3 51&#8217;03&#8243;34.<\/p>\n<p>ACCIDENTE S<br \/>\nEl hecho m\u00e1s grave ocurri\u00f3 cerca del colegio Von Humboldt, donde la m\u00e1quina 96 de la categor\u00eda RC2N, conducida por Noel T\u00f3rrez, perdi\u00f3 el control e impact\u00f3 violentamente contra un inmueble. Resultadon gravemente afectados la Ver\u00f3nica S. S., el navegante Alan Noel T\u00f3rrez (17 a\u00f1os) y Mariano M\u00e9ndez Roca (29 a\u00f1os) . El segundo accidente relevante del d\u00eda ocurri\u00f3 a la altura del mercado Copacabana, donde el piloto Gonzalo Barit (33 a\u00f1os) perdi\u00f3 el control de su motorizado y sufri\u00f3 politraumatismos.<\/p>\n<figure id=\"attachment_418295\" aria-describedby=\"caption-attachment-418295\" style=\"width: 1024px\" class=\"wp-caption aligncenter\"><img loading=\"lazy\" decoding=\"async\" class=\"size-full wp-image-418295\" src=\"https:\/\/www.eldiario.net\/portal\/wp-content\/uploads\/2026\/08\/FOTO-76.webp\" alt=\"\" width=\"1024\" height=\"474\" srcset=\"https:\/\/www.eldiario.net\/portal\/wp-content\/uploads\/2026\/08\/FOTO-76.webp 1024w, https:\/\/www.eldiario.net\/portal\/wp-content\/uploads\/2026\/08\/FOTO-76-300x139.webp 300w, https:\/\/www.eldiario.net\/portal\/wp-content\/uploads\/2026\/08\/FOTO-76-768x356.webp 768w, https:\/\/www.eldiario.net\/portal\/wp-content\/uploads\/2026\/08\/FOTO-76-907x420.webp 907w, https:\/\/www.eldiario.net\/portal\/wp-content\/uploads\/2026\/08\/FOTO-76-150x69.webp 150w, https:\/\/www.eldiario.net\/portal\/wp-content\/uploads\/2026\/08\/FOTO-76-696x322.webp 696w\" sizes=\"auto, (max-width: 1024px) 100vw, 1024px\" \/><figcaption id=\"caption-attachment-418295\" class=\"wp-caption-text\">La capital vivi\u00f3 emocionantes momentos de automovilismo.(APG)<\/figcaption><\/figure>\n","protected":false},"excerpt":{"rendered":"<p>SUCRE.- Ram\u00f3n Tarqui sell\u00f3 un doblete al adjudicarse la victoria en la categor\u00eda RC2N, del circuito \u00d3scar Crespo ayer en Sucre. Esta victoria fue registrada, tras haber ganado la RC4 el d\u00eda s\u00e1bado. El piloto potosino logr\u00f3 una marca de 48&#8217;46&#8243;16 en la manga que cerr\u00f3 la competencia. La 56\u00b0 edici\u00f3n del Circuito Automovil\u00edstico concluy\u00f3 [&hellip;]<\/p>\n","protected":false},"author":1,"featured_media":418294,"comment_status":"closed","ping_status":"open","sticky":false,"template":"","format":"standard","meta":{"_acf_changed":false,"footnotes":""},"categories":[6],"tags":[],"class_list":["post-418293","post","type-post","status-publish","format-standard","has-post-thumbnail","category-deportes"],"acf":{"antetitulo":""},"yoast_head":"<!-- This site is optimized with the Yoast SEO plugin v28.4 - https:\/\/yoast.com\/product\/yoast-seo-wordpress\/ -->\n<title>RAM\u00d3N TARQUI SELLA DOBLETE EN EL CIRCUITO &#039;\u00d3SCAR CRESPO&#039; - El Diario - Bolivia<\/title>\n<meta name=\"robots\" content=\"index, follow, max-snippet:-1, max-image-preview:large, max-video-preview:-1\" \/>\n<link rel=\"canonical\" href=\"https:\/\/www.eldiario.net\/portal\/2026\/08\/03\/ramon-tarqui-sella-doblete-en-el-circuito-oscar-crespo\/\" \/>\n<meta property=\"og:locale\" content=\"es_ES\" \/>\n<meta property=\"og:type\" content=\"article\" \/>\n<meta property=\"og:title\" content=\"RAM\u00d3N TARQUI SELLA DOBLETE EN EL CIRCUITO &#039;\u00d3SCAR CRESPO&#039; - El Diario - Bolivia\" \/>\n<meta property=\"og:description\" content=\"SUCRE.- Ram\u00f3n Tarqui sell\u00f3 un doblete al adjudicarse la victoria en la categor\u00eda RC2N, del circuito \u00d3scar Crespo ayer en Sucre. Esta victoria fue registrada, tras haber ganado la RC4 el d\u00eda s\u00e1bado. El piloto potosino logr\u00f3 una marca de 48&#8217;46&#8243;16 en la manga que cerr\u00f3 la competencia. La 56\u00b0 edici\u00f3n del Circuito Automovil\u00edstico concluy\u00f3 [&hellip;]\" \/>\n<meta property=\"og:url\" content=\"https:\/\/www.eldiario.net\/portal\/2026\/08\/03\/ramon-tarqui-sella-doblete-en-el-circuito-oscar-crespo\/\" \/>\n<meta property=\"og:site_name\" content=\"El Diario - Bolivia\" \/>\n<meta property=\"article:publisher\" content=\"https:\/\/www.facebook.com\/eldiario.bolivia\/\" \/>\n<meta property=\"article:published_time\" content=\"2026-08-03T05:37:07+00:00\" \/>\n<meta property=\"og:image\" content=\"https:\/\/www.eldiario.net\/portal\/wp-content\/uploads\/2026\/08\/FOTO-75.webp\" \/>\n\t<meta property=\"og:image:width\" content=\"562\" \/>\n\t<meta property=\"og:image:height\" content=\"378\" \/>\n\t<meta property=\"og:image:type\" content=\"image\/webp\" \/>\n<meta name=\"author\" content=\"Jeanette\" \/>\n<meta name=\"twitter:card\" content=\"summary_large_image\" \/>\n<meta name=\"twitter:creator\" content=\"@eldiario_net\" \/>\n<meta name=\"twitter:site\" content=\"@eldiario_net\" \/>\n<meta name=\"twitter:label1\" content=\"Escrito por\" \/>\n\t<meta name=\"twitter:data1\" content=\"Jeanette\" \/>\n\t<meta name=\"twitter:label2\" content=\"Tiempo de lectura\" \/>\n\t<meta name=\"twitter:data2\" content=\"2 minutos\" \/>\n<script type=\"application\/ld+json\" class=\"yoast-schema-graph\">{\"@context\":\"https:\\\/\\\/schema.org\",\"@graph\":[{\"@type\":\"Article\",\"@id\":\"https:\\\/\\\/www.eldiario.net\\\/portal\\\/2026\\\/08\\\/03\\\/ramon-tarqui-sella-doblete-en-el-circuito-oscar-crespo\\\/#article\",\"isPartOf\":{\"@id\":\"https:\\\/\\\/www.eldiario.net\\\/portal\\\/2026\\\/08\\\/03\\\/ramon-tarqui-sella-doblete-en-el-circuito-oscar-crespo\\\/\"},\"author\":{\"name\":\"Jeanette\",\"@id\":\"https:\\\/\\\/www.eldiario.net\\\/portal\\\/#\\\/schema\\\/person\\\/f46445640444750d7d753ccd04ae01b7\"},\"headline\":\"RAM\u00d3N TARQUI SELLA DOBLETE EN EL CIRCUITO &#8216;\u00d3SCAR CRESPO&#8217;\",\"datePublished\":\"2026-08-03T05:37:07+00:00\",\"mainEntityOfPage\":{\"@id\":\"https:\\\/\\\/www.eldiario.net\\\/portal\\\/2026\\\/08\\\/03\\\/ramon-tarqui-sella-doblete-en-el-circuito-oscar-crespo\\\/\"},\"wordCount\":346,\"publisher\":{\"@id\":\"https:\\\/\\\/www.eldiario.net\\\/portal\\\/#organization\"},\"image\":{\"@id\":\"https:\\\/\\\/www.eldiario.net\\\/portal\\\/2026\\\/08\\\/03\\\/ramon-tarqui-sella-doblete-en-el-circuito-oscar-crespo\\\/#primaryimage\"},\"thumbnailUrl\":\"https:\\\/\\\/www.eldiario.net\\\/portal\\\/wp-content\\\/uploads\\\/2026\\\/08\\\/FOTO-75.webp\",\"articleSection\":[\"Deportes\"],\"inLanguage\":\"es\"},{\"@type\":\"WebPage\",\"@id\":\"https:\\\/\\\/www.eldiario.net\\\/portal\\\/2026\\\/08\\\/03\\\/ramon-tarqui-sella-doblete-en-el-circuito-oscar-crespo\\\/\",\"url\":\"https:\\\/\\\/www.eldiario.net\\\/portal\\\/2026\\\/08\\\/03\\\/ramon-tarqui-sella-doblete-en-el-circuito-oscar-crespo\\\/\",\"name\":\"RAM\u00d3N TARQUI SELLA DOBLETE EN EL CIRCUITO '\u00d3SCAR CRESPO' - El Diario - Bolivia\",\"isPartOf\":{\"@id\":\"https:\\\/\\\/www.eldiario.net\\\/portal\\\/#website\"},\"primaryImageOfPage\":{\"@id\":\"https:\\\/\\\/www.eldiario.net\\\/portal\\\/2026\\\/08\\\/03\\\/ramon-tarqui-sella-doblete-en-el-circuito-oscar-crespo\\\/#primaryimage\"},\"image\":{\"@id\":\"https:\\\/\\\/www.eldiario.net\\\/portal\\\/2026\\\/08\\\/03\\\/ramon-tarqui-sella-doblete-en-el-circuito-oscar-crespo\\\/#primaryimage\"},\"thumbnailUrl\":\"https:\\\/\\\/www.eldiario.net\\\/portal\\\/wp-content\\\/uploads\\\/2026\\\/08\\\/FOTO-75.webp\",\"datePublished\":\"2026-08-03T05:37:07+00:00\",\"breadcrumb\":{\"@id\":\"https:\\\/\\\/www.eldiario.net\\\/portal\\\/2026\\\/08\\\/03\\\/ramon-tarqui-sella-doblete-en-el-circuito-oscar-crespo\\\/#breadcrumb\"},\"inLanguage\":\"es\",\"potentialAction\":[{\"@type\":\"ReadAction\",\"target\":[\"https:\\\/\\\/www.eldiario.net\\\/portal\\\/2026\\\/08\\\/03\\\/ramon-tarqui-sella-doblete-en-el-circuito-oscar-crespo\\\/\"]}]},{\"@type\":\"ImageObject\",\"inLanguage\":\"es\",\"@id\":\"https:\\\/\\\/www.eldiario.net\\\/portal\\\/2026\\\/08\\\/03\\\/ramon-tarqui-sella-doblete-en-el-circuito-oscar-crespo\\\/#primaryimage\",\"url\":\"https:\\\/\\\/www.eldiario.net\\\/portal\\\/wp-content\\\/uploads\\\/2026\\\/08\\\/FOTO-75.webp\",\"contentUrl\":\"https:\\\/\\\/www.eldiario.net\\\/portal\\\/wp-content\\\/uploads\\\/2026\\\/08\\\/FOTO-75.webp\",\"width\":562,\"height\":378,\"caption\":\"Luchado Circuito concluy\u00f3 ayer en Sucre. (APG)\"},{\"@type\":\"BreadcrumbList\",\"@id\":\"https:\\\/\\\/www.eldiario.net\\\/portal\\\/2026\\\/08\\\/03\\\/ramon-tarqui-sella-doblete-en-el-circuito-oscar-crespo\\\/#breadcrumb\",\"itemListElement\":[{\"@type\":\"ListItem\",\"position\":1,\"name\":\"Portada\",\"item\":\"https:\\\/\\\/www.eldiario.net\\\/portal\\\/\"},{\"@type\":\"ListItem\",\"position\":2,\"name\":\"RAM\u00d3N TARQUI SELLA DOBLETE EN EL CIRCUITO &#8216;\u00d3SCAR CRESPO&#8217;\"}]},{\"@type\":\"WebSite\",\"@id\":\"https:\\\/\\\/www.eldiario.net\\\/portal\\\/#website\",\"url\":\"https:\\\/\\\/www.eldiario.net\\\/portal\\\/\",\"name\":\"El Diario - Decano de la prensa nacional\",\"description\":\"El Diario - Decano de la prensa nacional\",\"publisher\":{\"@id\":\"https:\\\/\\\/www.eldiario.net\\\/portal\\\/#organization\"},\"potentialAction\":[{\"@type\":\"SearchAction\",\"target\":{\"@type\":\"EntryPoint\",\"urlTemplate\":\"https:\\\/\\\/www.eldiario.net\\\/portal\\\/?s={search_term_string}\"},\"query-input\":{\"@type\":\"PropertyValueSpecification\",\"valueRequired\":true,\"valueName\":\"search_term_string\"}}],\"inLanguage\":\"es\"},{\"@type\":\"Organization\",\"@id\":\"https:\\\/\\\/www.eldiario.net\\\/portal\\\/#organization\",\"name\":\"El Diario - Decano de la prensa nacional\",\"url\":\"https:\\\/\\\/www.eldiario.net\\\/portal\\\/\",\"logo\":{\"@type\":\"ImageObject\",\"inLanguage\":\"es\",\"@id\":\"https:\\\/\\\/www.eldiario.net\\\/portal\\\/#\\\/schema\\\/logo\\\/image\\\/\",\"url\":\"https:\\\/\\\/www.eldiario.net\\\/portal\\\/wp-content\\\/uploads\\\/2023\\\/07\\\/logo_ED.jpg\",\"contentUrl\":\"https:\\\/\\\/www.eldiario.net\\\/portal\\\/wp-content\\\/uploads\\\/2023\\\/07\\\/logo_ED.jpg\",\"width\":272,\"height\":52,\"caption\":\"El Diario - Decano de la prensa nacional\"},\"image\":{\"@id\":\"https:\\\/\\\/www.eldiario.net\\\/portal\\\/#\\\/schema\\\/logo\\\/image\\\/\"},\"sameAs\":[\"https:\\\/\\\/www.facebook.com\\\/eldiario.bolivia\\\/\",\"https:\\\/\\\/x.com\\\/eldiario_net\"]},{\"@type\":\"Person\",\"@id\":\"https:\\\/\\\/www.eldiario.net\\\/portal\\\/#\\\/schema\\\/person\\\/f46445640444750d7d753ccd04ae01b7\",\"name\":\"Jeanette\",\"image\":{\"@type\":\"ImageObject\",\"inLanguage\":\"es\",\"@id\":\"https:\\\/\\\/secure.gravatar.com\\\/avatar\\\/3ea2118a5f7dad2b7138b1187a6b7ee55f160b9968b66013c3a3ef39dd7e5798?s=96&d=mm&r=g\",\"url\":\"https:\\\/\\\/secure.gravatar.com\\\/avatar\\\/3ea2118a5f7dad2b7138b1187a6b7ee55f160b9968b66013c3a3ef39dd7e5798?s=96&d=mm&r=g\",\"contentUrl\":\"https:\\\/\\\/secure.gravatar.com\\\/avatar\\\/3ea2118a5f7dad2b7138b1187a6b7ee55f160b9968b66013c3a3ef39dd7e5798?s=96&d=mm&r=g\",\"caption\":\"Jeanette\"},\"sameAs\":[\"https:\\\/\\\/www.eldiario.net\\\/portal\"],\"url\":\"https:\\\/\\\/www.eldiario.net\\\/portal\\\/author\\\/jeanette\\\/\"}]}<\/script>\n<!-- \/ Yoast SEO plugin. -->","yoast_head_json":{"title":"RAM\u00d3N TARQUI SELLA DOBLETE EN EL CIRCUITO '\u00d3SCAR CRESPO' - El Diario - Bolivia","robots":{"index":"index","follow":"follow","max-snippet":"max-snippet:-1","max-image-preview":"max-image-preview:large","max-video-preview":"max-video-preview:-1"},"canonical":"https:\/\/www.eldiario.net\/portal\/2026\/08\/03\/ramon-tarqui-sella-doblete-en-el-circuito-oscar-crespo\/","og_locale":"es_ES","og_type":"article","og_title":"RAM\u00d3N TARQUI SELLA DOBLETE EN EL CIRCUITO '\u00d3SCAR CRESPO' - El Diario - Bolivia","og_description":"SUCRE.- Ram\u00f3n Tarqui sell\u00f3 un doblete al adjudicarse la victoria en la categor\u00eda RC2N, del circuito \u00d3scar Crespo ayer en Sucre. Esta victoria fue registrada, tras haber ganado la RC4 el d\u00eda s\u00e1bado. El piloto potosino logr\u00f3 una marca de 48&#8217;46&#8243;16 en la manga que cerr\u00f3 la competencia. La 56\u00b0 edici\u00f3n del Circuito Automovil\u00edstico concluy\u00f3 [&hellip;]","og_url":"https:\/\/www.eldiario.net\/portal\/2026\/08\/03\/ramon-tarqui-sella-doblete-en-el-circuito-oscar-crespo\/","og_site_name":"El Diario - Bolivia","article_publisher":"https:\/\/www.facebook.com\/eldiario.bolivia\/","article_published_time":"2026-08-03T05:37:07+00:00","og_image":[{"width":562,"height":378,"url":"https:\/\/www.eldiario.net\/portal\/wp-content\/uploads\/2026\/08\/FOTO-75.webp","type":"image\/webp"}],"author":"Jeanette","twitter_card":"summary_large_image","twitter_creator":"@eldiario_net","twitter_site":"@eldiario_net","twitter_misc":{"Escrito por":"Jeanette","Tiempo de lectura":"2 minutos"},"schema":{"@context":"https:\/\/schema.org","@graph":[{"@type":"Article","@id":"https:\/\/www.eldiario.net\/portal\/2026\/08\/03\/ramon-tarqui-sella-doblete-en-el-circuito-oscar-crespo\/#article","isPartOf":{"@id":"https:\/\/www.eldiario.net\/portal\/2026\/08\/03\/ramon-tarqui-sella-doblete-en-el-circuito-oscar-crespo\/"},"author":{"name":"Jeanette","@id":"https:\/\/www.eldiario.net\/portal\/#\/schema\/person\/f46445640444750d7d753ccd04ae01b7"},"headline":"RAM\u00d3N TARQUI SELLA DOBLETE EN EL CIRCUITO &#8216;\u00d3SCAR CRESPO&#8217;","datePublished":"2026-08-03T05:37:07+00:00","mainEntityOfPage":{"@id":"https:\/\/www.eldiario.net\/portal\/2026\/08\/03\/ramon-tarqui-sella-doblete-en-el-circuito-oscar-crespo\/"},"wordCount":346,"publisher":{"@id":"https:\/\/www.eldiario.net\/portal\/#organization"},"image":{"@id":"https:\/\/www.eldiario.net\/portal\/2026\/08\/03\/ramon-tarqui-sella-doblete-en-el-circuito-oscar-crespo\/#primaryimage"},"thumbnailUrl":"https:\/\/www.eldiario.net\/portal\/wp-content\/uploads\/2026\/08\/FOTO-75.webp","articleSection":["Deportes"],"inLanguage":"es"},{"@type":"WebPage","@id":"https:\/\/www.eldiario.net\/portal\/2026\/08\/03\/ramon-tarqui-sella-doblete-en-el-circuito-oscar-crespo\/","url":"https:\/\/www.eldiario.net\/portal\/2026\/08\/03\/ramon-tarqui-sella-doblete-en-el-circuito-oscar-crespo\/","name":"RAM\u00d3N TARQUI SELLA DOBLETE EN EL CIRCUITO '\u00d3SCAR CRESPO' - El Diario - Bolivia","isPartOf":{"@id":"https:\/\/www.eldiario.net\/portal\/#website"},"primaryImageOfPage":{"@id":"https:\/\/www.eldiario.net\/portal\/2026\/08\/03\/ramon-tarqui-sella-doblete-en-el-circuito-oscar-crespo\/#primaryimage"},"image":{"@id":"https:\/\/www.eldiario.net\/portal\/2026\/08\/03\/ramon-tarqui-sella-doblete-en-el-circuito-oscar-crespo\/#primaryimage"},"thumbnailUrl":"https:\/\/www.eldiario.net\/portal\/wp-content\/uploads\/2026\/08\/FOTO-75.webp","datePublished":"2026-08-03T05:37:07+00:00","breadcrumb":{"@id":"https:\/\/www.eldiario.net\/portal\/2026\/08\/03\/ramon-tarqui-sella-doblete-en-el-circuito-oscar-crespo\/#breadcrumb"},"inLanguage":"es","potentialAction":[{"@type":"ReadAction","target":["https:\/\/www.eldiario.net\/portal\/2026\/08\/03\/ramon-tarqui-sella-doblete-en-el-circuito-oscar-crespo\/"]}]},{"@type":"ImageObject","inLanguage":"es","@id":"https:\/\/www.eldiario.net\/portal\/2026\/08\/03\/ramon-tarqui-sella-doblete-en-el-circuito-oscar-crespo\/#primaryimage","url":"https:\/\/www.eldiario.net\/portal\/wp-content\/uploads\/2026\/08\/FOTO-75.webp","contentUrl":"https:\/\/www.eldiario.net\/portal\/wp-content\/uploads\/2026\/08\/FOTO-75.webp","width":562,"height":378,"caption":"Luchado Circuito concluy\u00f3 ayer en Sucre. (APG)"},{"@type":"BreadcrumbList","@id":"https:\/\/www.eldiario.net\/portal\/2026\/08\/03\/ramon-tarqui-sella-doblete-en-el-circuito-oscar-crespo\/#breadcrumb","itemListElement":[{"@type":"ListItem","position":1,"name":"Portada","item":"https:\/\/www.eldiario.net\/portal\/"},{"@type":"ListItem","position":2,"name":"RAM\u00d3N TARQUI SELLA DOBLETE EN EL CIRCUITO &#8216;\u00d3SCAR CRESPO&#8217;"}]},{"@type":"WebSite","@id":"https:\/\/www.eldiario.net\/portal\/#website","url":"https:\/\/www.eldiario.net\/portal\/","name":"El Diario - Decano de la prensa nacional","description":"El Diario - Decano de la prensa nacional","publisher":{"@id":"https:\/\/www.eldiario.net\/portal\/#organization"},"potentialAction":[{"@type":"SearchAction","target":{"@type":"EntryPoint","urlTemplate":"https:\/\/www.eldiario.net\/portal\/?s={search_term_string}"},"query-input":{"@type":"PropertyValueSpecification","valueRequired":true,"valueName":"search_term_string"}}],"inLanguage":"es"},{"@type":"Organization","@id":"https:\/\/www.eldiario.net\/portal\/#organization","name":"El Diario - Decano de la prensa nacional","url":"https:\/\/www.eldiario.net\/portal\/","logo":{"@type":"ImageObject","inLanguage":"es","@id":"https:\/\/www.eldiario.net\/portal\/#\/schema\/logo\/image\/","url":"https:\/\/www.eldiario.net\/portal\/wp-content\/uploads\/2023\/07\/logo_ED.jpg","contentUrl":"https:\/\/www.eldiario.net\/portal\/wp-content\/uploads\/2023\/07\/logo_ED.jpg","width":272,"height":52,"caption":"El Diario - Decano de la prensa nacional"},"image":{"@id":"https:\/\/www.eldiario.net\/portal\/#\/schema\/logo\/image\/"},"sameAs":["https:\/\/www.facebook.com\/eldiario.bolivia\/","https:\/\/x.com\/eldiario_net"]},{"@type":"Person","@id":"https:\/\/www.eldiario.net\/portal\/#\/schema\/person\/f46445640444750d7d753ccd04ae01b7","name":"Jeanette","image":{"@type":"ImageObject","inLanguage":"es","@id":"https:\/\/secure.gravatar.com\/avatar\/3ea2118a5f7dad2b7138b1187a6b7ee55f160b9968b66013c3a3ef39dd7e5798?s=96&d=mm&r=g","url":"https:\/\/secure.gravatar.com\/avatar\/3ea2118a5f7dad2b7138b1187a6b7ee55f160b9968b66013c3a3ef39dd7e5798?s=96&d=mm&r=g","contentUrl":"https:\/\/secure.gravatar.com\/avatar\/3ea2118a5f7dad2b7138b1187a6b7ee55f160b9968b66013c3a3ef39dd7e5798?s=96&d=mm&r=g","caption":"Jeanette"},"sameAs":["https:\/\/www.eldiario.net\/portal"],"url":"https:\/\/www.eldiario.net\/portal\/author\/jeanette\/"}]}},"_links":{"self":[{"href":"https:\/\/www.eldiario.net\/portal\/wp-json\/wp\/v2\/posts\/418293","targetHints":{"allow":["GET"]}}],"collection":[{"href":"https:\/\/www.eldiario.net\/portal\/wp-json\/wp\/v2\/posts"}],"about":[{"href":"https:\/\/www.eldiario.net\/portal\/wp-json\/wp\/v2\/types\/post"}],"author":[{"embeddable":true,"href":"https:\/\/www.eldiario.net\/portal\/wp-json\/wp\/v2\/users\/1"}],"replies":[{"embeddable":true,"href":"https:\/\/www.eldiario.net\/portal\/wp-json\/wp\/v2\/comments?post=418293"}],"version-history":[{"count":1,"href":"https:\/\/www.eldiario.net\/portal\/wp-json\/wp\/v2\/posts\/418293\/revisions"}],"predecessor-version":[{"id":418296,"href":"https:\/\/www.eldiario.net\/portal\/wp-json\/wp\/v2\/posts\/418293\/revisions\/418296"}],"wp:featuredmedia":[{"embeddable":true,"href":"https:\/\/www.eldiario.net\/portal\/wp-json\/wp\/v2\/media\/418294"}],"wp:attachment":[{"href":"https:\/\/www.eldiario.net\/portal\/wp-json\/wp\/v2\/media?parent=418293"}],"wp:term":[{"taxonomy":"category","embeddable":true,"href":"https:\/\/www.eldiario.net\/portal\/wp-json\/wp\/v2\/categories?post=418293"},{"taxonomy":"post_tag","embeddable":true,"href":"https:\/\/www.eldiario.net\/portal\/wp-json\/wp\/v2\/tags?post=418293"}],"curies":[{"name":"wp","href":"https:\/\/api.w.org\/{rel}","templated":true}]}}