{"id":418245,"date":"2026-08-03T00:14:00","date_gmt":"2026-08-03T04:14:00","guid":{"rendered":"https:\/\/www.eldiario.net\/portal\/?p=418245"},"modified":"2026-08-02T23:15:54","modified_gmt":"2026-08-03T03:15:54","slug":"chevrolet-estrena-casa-e-innovadora-modalidad-de-compra-junto-a-bolivian-auto-motors","status":"publish","type":"post","link":"https:\/\/www.eldiario.net\/portal\/2026\/08\/03\/chevrolet-estrena-casa-e-innovadora-modalidad-de-compra-junto-a-bolivian-auto-motors\/","title":{"rendered":"Chevrolet estrena casa e innovadora modalidad  de compra junto a Bolivian Auto Motors"},"content":{"rendered":"<p>Bolivian Auto Motors (BA) present\u00f3 el primer showroom exclusivo de Chevrolet en el pa\u00eds \u2014un moderno complejo integral de 1.400 m\u00b2 en Santa Cruz\u2014 acompa\u00f1ado del anuncio de descuentos de f\u00e1brica de hasta $us 3.000 para compra directa.<br \/>\nEn la velada, Johnny Salvatierra, presidente del Directorio de BA, destac\u00f3 el alcance de esta alianza con General Motors. \u00abHoy marcamos un nuevo comienzo para Chevrolet en Bolivia. Junto a GM desarrollamos una estrategia comercial pensada para que cada vez m\u00e1s bolivianos tengan el placer de conducir un Chevrolet\u00bb.<br \/>\nPor su parte, Diego Salvatierra, gerente Automotriz de BA, resalt\u00f3 la tecnolog\u00eda de la nueva gama en exhibici\u00f3n. \u00abLos nuevos modelos llegan con un dise\u00f1o renovado&#8230; Son veh\u00edculos desarrollados para responder a las necesidades actuales de los conductores bolivianos en materia de conectividad, confort y seguridad\u00bb.<br \/>\nEl encuentro, que incluy\u00f3 un reconocimiento especial a Creyland Motors como nuevo concesionario, cerr\u00f3 con un brindis de celebraci\u00f3n por este gran paso de la industria automotriz local.<\/p>\n\r\n                <style type=\"text\/css\">\r\n                    \r\n                    #tdi_1  .td-doubleSlider-2 .td-item1 {\r\n                        background: url(https:\/\/www.eldiario.net\/portal\/wp-content\/uploads\/2026\/08\/Sofia-Sodi-Mauricio-Gotelli-Johnny-Salvatierra-Diego-Salvatierra-y-Maria-Fernanda-Galarza-1-80x60.webp) 0 0 no-repeat;\r\n                    }\r\n                    #tdi_1  .td-doubleSlider-2 .td-item2 {\r\n                        background: url(https:\/\/www.eldiario.net\/portal\/wp-content\/uploads\/2026\/08\/Alejandra-Moreno-y-Katya-Fuertes-1-80x60.webp) 0 0 no-repeat;\r\n                    }\r\n                    #tdi_1  .td-doubleSlider-2 .td-item3 {\r\n                        background: url(https:\/\/www.eldiario.net\/portal\/wp-content\/uploads\/2026\/08\/Camila-Da\u00b4-Silva-80x60.webp) 0 0 no-repeat;\r\n                    }\r\n                    #tdi_1  .td-doubleSlider-2 .td-item4 {\r\n                        background: url(https:\/\/www.eldiario.net\/portal\/wp-content\/uploads\/2026\/08\/Mariela-Reyes-y-Ricardo-Barba-gerente-comercial-BA-80x60.webp) 0 0 no-repeat;\r\n                    }\r\n                    #tdi_1  .td-doubleSlider-2 .td-item5 {\r\n                        background: url(https:\/\/www.eldiario.net\/portal\/wp-content\/uploads\/2026\/08\/Mauricio-Gotelli-Sales-Aftersales-Marketing-Operations-de-GM-Johnny-Salvatierra-y-Diego-Salvatierra-80x60.webp) 0 0 no-repeat;\r\n                    }\r\n                <\/style>\r\n\r\n                <div id=\"tdi_1\" class=\"td-gallery td-slide-on-2-columns\">\r\n                    <div class=\"post_td_gallery\">\r\n                        <div class=\"td-gallery-slide-top\">\r\n                           <div class=\"td-gallery-title\"><\/div>\r\n\r\n                            <div class=\"td-gallery-controls-wrapper\">\r\n                                <div class=\"td-gallery-slide-count\"><span class=\"td-gallery-slide-item-focus\">1<\/span> de 5<\/div>\r\n                                <div class=\"td-gallery-slide-prev-next-but\">\r\n                                    <i class = \"td-icon-left doubleSliderPrevButton\"><\/i>\r\n                                    <i class = \"td-icon-right doubleSliderNextButton\"><\/i>\r\n                                <\/div>\r\n                            <\/div>\r\n                        <\/div>\r\n\r\n                        <div class = \"td-doubleSlider-1 \">\r\n                            <div class = \"td-slider\">\r\n                                \r\n                    <div class = \"td-slide-item td-item1\">\r\n                        <figure class=\"td-slide-galery-figure td-slide-popup-gallery\">\r\n                            <a class=\"slide-gallery-image-link\" href=\"https:\/\/www.eldiario.net\/portal\/wp-content\/uploads\/2026\/08\/Sofia-Sodi-Mauricio-Gotelli-Johnny-Salvatierra-Diego-Salvatierra-y-Maria-Fernanda-Galarza-1.webp\" title=\"Sof\u00eda-Sodi,-Mauricio-Gotelli,-Johnny-Salvatierra,-Diego-Salvatierra-y-Mar\u00eda-Fernanda-Galarza-(1)\"  data-caption=\"SOF\u00cdA SODI, MAURICIO GOTELLI, JOHNNY SALVATIERRA, DIEGO SALVATIERRA Y MAR\u00cdA FERNANDA GALARZA .\"  data-description=\"SOF&Iacute;A SODI, MAURICIO GOTELLI, JOHNNY SALVATIERRA, DIEGO SALVATIERRA Y MAR&Iacute;A FERNANDA GALARZA .\">\r\n                                <img decoding=\"async\" src=\"https:\/\/www.eldiario.net\/portal\/wp-content\/uploads\/2026\/08\/Sofia-Sodi-Mauricio-Gotelli-Johnny-Salvatierra-Diego-Salvatierra-y-Maria-Fernanda-Galarza-1-551x420.webp\" srcset=\"https:\/\/www.eldiario.net\/portal\/wp-content\/uploads\/2026\/08\/Sofia-Sodi-Mauricio-Gotelli-Johnny-Salvatierra-Diego-Salvatierra-y-Maria-Fernanda-Galarza-1-551x420.webp 551w, https:\/\/www.eldiario.net\/portal\/wp-content\/uploads\/2026\/08\/Sofia-Sodi-Mauricio-Gotelli-Johnny-Salvatierra-Diego-Salvatierra-y-Maria-Fernanda-Galarza-1-300x229.webp 300w, https:\/\/www.eldiario.net\/portal\/wp-content\/uploads\/2026\/08\/Sofia-Sodi-Mauricio-Gotelli-Johnny-Salvatierra-Diego-Salvatierra-y-Maria-Fernanda-Galarza-1-1024x780.webp 1024w, https:\/\/www.eldiario.net\/portal\/wp-content\/uploads\/2026\/08\/Sofia-Sodi-Mauricio-Gotelli-Johnny-Salvatierra-Diego-Salvatierra-y-Maria-Fernanda-Galarza-1-768x585.webp 768w, https:\/\/www.eldiario.net\/portal\/wp-content\/uploads\/2026\/08\/Sofia-Sodi-Mauricio-Gotelli-Johnny-Salvatierra-Diego-Salvatierra-y-Maria-Fernanda-Galarza-1-80x60.webp 80w, https:\/\/www.eldiario.net\/portal\/wp-content\/uploads\/2026\/08\/Sofia-Sodi-Mauricio-Gotelli-Johnny-Salvatierra-Diego-Salvatierra-y-Maria-Fernanda-Galarza-1-150x114.webp 150w, https:\/\/www.eldiario.net\/portal\/wp-content\/uploads\/2026\/08\/Sofia-Sodi-Mauricio-Gotelli-Johnny-Salvatierra-Diego-Salvatierra-y-Maria-Fernanda-Galarza-1-696x530.webp 696w, https:\/\/www.eldiario.net\/portal\/wp-content\/uploads\/2026\/08\/Sofia-Sodi-Mauricio-Gotelli-Johnny-Salvatierra-Diego-Salvatierra-y-Maria-Fernanda-Galarza-1-1068x814.webp 1068w, https:\/\/www.eldiario.net\/portal\/wp-content\/uploads\/2026\/08\/Sofia-Sodi-Mauricio-Gotelli-Johnny-Salvatierra-Diego-Salvatierra-y-Maria-Fernanda-Galarza-1.webp 1134w\" sizes=\"(max-width: 551px) 100vw, 551px\" alt=\"\">\r\n                            <\/a>\r\n                            <figcaption class = \"td-slide-caption td-gallery-slide-content\"><div class = \"td-gallery-slide-copywrite\">SOF\u00cdA SODI, MAURICIO GOTELLI, JOHNNY SALVATIERRA, DIEGO SALVATIERRA Y MAR\u00cdA FERNANDA GALARZA .<\/div><span>SOF\u00cdA SODI, MAURICIO GOTELLI, JOHNNY SALVATIERRA, DIEGO SALVATIERRA Y MAR\u00cdA FERNANDA GALARZA .<\/span><\/figcaption>\r\n                        <\/figure>\r\n                    <\/div>\r\n                    <div class = \"td-slide-item td-item2\">\r\n                        <figure class=\"td-slide-galery-figure td-slide-popup-gallery\">\r\n                            <a class=\"slide-gallery-image-link\" href=\"https:\/\/www.eldiario.net\/portal\/wp-content\/uploads\/2026\/08\/Alejandra-Moreno-y-Katya-Fuertes-1.webp\" title=\"Alejandra-Moreno-y-Katya-Fuertes-(1)\"  data-caption=\"ALEJANDRA MORENO Y KATYA\n FUERTES.\"  data-description=\"ALEJANDRA MORENO Y KATYA\n FUERTES.\">\r\n                                <img decoding=\"async\" src=\"https:\/\/www.eldiario.net\/portal\/wp-content\/uploads\/2026\/08\/Alejandra-Moreno-y-Katya-Fuertes-1-315x420.webp\" srcset=\"https:\/\/www.eldiario.net\/portal\/wp-content\/uploads\/2026\/08\/Alejandra-Moreno-y-Katya-Fuertes-1-315x420.webp 315w, https:\/\/www.eldiario.net\/portal\/wp-content\/uploads\/2026\/08\/Alejandra-Moreno-y-Katya-Fuertes-1-225x300.webp 225w, https:\/\/www.eldiario.net\/portal\/wp-content\/uploads\/2026\/08\/Alejandra-Moreno-y-Katya-Fuertes-1-150x200.webp 150w, https:\/\/www.eldiario.net\/portal\/wp-content\/uploads\/2026\/08\/Alejandra-Moreno-y-Katya-Fuertes-1-300x399.webp 300w, https:\/\/www.eldiario.net\/portal\/wp-content\/uploads\/2026\/08\/Alejandra-Moreno-y-Katya-Fuertes-1.webp 649w\" sizes=\"(max-width: 315px) 100vw, 315px\" alt=\"\">\r\n                            <\/a>\r\n                            <figcaption class = \"td-slide-caption td-gallery-slide-content\"><div class = \"td-gallery-slide-copywrite\">ALEJANDRA MORENO Y KATYA\n FUERTES.<\/div><span>ALEJANDRA MORENO Y KATYA\n FUERTES.<\/span><\/figcaption>\r\n                        <\/figure>\r\n                    <\/div>\r\n                    <div class = \"td-slide-item td-item3\">\r\n                        <figure class=\"td-slide-galery-figure td-slide-popup-gallery\">\r\n                            <a class=\"slide-gallery-image-link\" href=\"https:\/\/www.eldiario.net\/portal\/wp-content\/uploads\/2026\/08\/Camila-Da\u00b4-Silva.webp\" title=\"Camila-Da\u00b4-Silva\"  data-caption=\"CAMILA DA\u00b4 SILVA JUNTO A LA MONTANA.\"  data-description=\"CAMILA DA&acute; SILVA JUNTO A LA MONTANA.\">\r\n                                <img decoding=\"async\" src=\"https:\/\/www.eldiario.net\/portal\/wp-content\/uploads\/2026\/08\/Camila-Da\u00b4-Silva-558x420.webp\" srcset=\"https:\/\/www.eldiario.net\/portal\/wp-content\/uploads\/2026\/08\/Camila-Da\u00b4-Silva-558x420.webp 558w, https:\/\/www.eldiario.net\/portal\/wp-content\/uploads\/2026\/08\/Camila-Da\u00b4-Silva-300x226.webp 300w, https:\/\/www.eldiario.net\/portal\/wp-content\/uploads\/2026\/08\/Camila-Da\u00b4-Silva-1024x770.webp 1024w, https:\/\/www.eldiario.net\/portal\/wp-content\/uploads\/2026\/08\/Camila-Da\u00b4-Silva-768x578.webp 768w, https:\/\/www.eldiario.net\/portal\/wp-content\/uploads\/2026\/08\/Camila-Da\u00b4-Silva-80x60.webp 80w, https:\/\/www.eldiario.net\/portal\/wp-content\/uploads\/2026\/08\/Camila-Da\u00b4-Silva-150x113.webp 150w, https:\/\/www.eldiario.net\/portal\/wp-content\/uploads\/2026\/08\/Camila-Da\u00b4-Silva-696x523.webp 696w, https:\/\/www.eldiario.net\/portal\/wp-content\/uploads\/2026\/08\/Camila-Da\u00b4-Silva-1068x803.webp 1068w, https:\/\/www.eldiario.net\/portal\/wp-content\/uploads\/2026\/08\/Camila-Da\u00b4-Silva.webp 1436w\" sizes=\"(max-width: 558px) 100vw, 558px\" alt=\"\">\r\n                            <\/a>\r\n                            <figcaption class = \"td-slide-caption td-gallery-slide-content\"><div class = \"td-gallery-slide-copywrite\">CAMILA DA\u00b4 SILVA JUNTO A LA MONTANA.<\/div><span>CAMILA DA\u00b4 SILVA JUNTO A LA MONTANA.<\/span><\/figcaption>\r\n                        <\/figure>\r\n                    <\/div>\r\n                    <div class = \"td-slide-item td-item4\">\r\n                        <figure class=\"td-slide-galery-figure td-slide-popup-gallery\">\r\n                            <a class=\"slide-gallery-image-link\" href=\"https:\/\/www.eldiario.net\/portal\/wp-content\/uploads\/2026\/08\/Mariela-Reyes-y-Ricardo-Barba-gerente-comercial-BA.webp\" title=\"Mariela-Reyes-y-Ricardo-Barba,-gerente-comercial-BA\"  data-caption=\"MARIELA REYES Y\nRICARDO BARBA, \nGERENTE COMERCIAL BA.\"  data-description=\"MARIELA REYES Y\nRICARDO BARBA, \nGERENTE COMERCIAL BA.\">\r\n                                <img decoding=\"async\" src=\"https:\/\/www.eldiario.net\/portal\/wp-content\/uploads\/2026\/08\/Mariela-Reyes-y-Ricardo-Barba-gerente-comercial-BA-630x420.webp\" srcset=\"https:\/\/www.eldiario.net\/portal\/wp-content\/uploads\/2026\/08\/Mariela-Reyes-y-Ricardo-Barba-gerente-comercial-BA-630x420.webp 630w, https:\/\/www.eldiario.net\/portal\/wp-content\/uploads\/2026\/08\/Mariela-Reyes-y-Ricardo-Barba-gerente-comercial-BA-300x200.webp 300w, https:\/\/www.eldiario.net\/portal\/wp-content\/uploads\/2026\/08\/Mariela-Reyes-y-Ricardo-Barba-gerente-comercial-BA-1024x682.webp 1024w, https:\/\/www.eldiario.net\/portal\/wp-content\/uploads\/2026\/08\/Mariela-Reyes-y-Ricardo-Barba-gerente-comercial-BA-768x512.webp 768w, https:\/\/www.eldiario.net\/portal\/wp-content\/uploads\/2026\/08\/Mariela-Reyes-y-Ricardo-Barba-gerente-comercial-BA-150x100.webp 150w, https:\/\/www.eldiario.net\/portal\/wp-content\/uploads\/2026\/08\/Mariela-Reyes-y-Ricardo-Barba-gerente-comercial-BA-696x464.webp 696w, https:\/\/www.eldiario.net\/portal\/wp-content\/uploads\/2026\/08\/Mariela-Reyes-y-Ricardo-Barba-gerente-comercial-BA.webp 1061w\" sizes=\"(max-width: 630px) 100vw, 630px\" alt=\"\">\r\n                            <\/a>\r\n                            <figcaption class = \"td-slide-caption td-gallery-slide-content\"><div class = \"td-gallery-slide-copywrite\">MARIELA REYES Y\nRICARDO BARBA, \nGERENTE COMERCIAL BA.<\/div><span>MARIELA REYES Y\nRICARDO BARBA, \nGERENTE COMERCIAL BA.<\/span><\/figcaption>\r\n                        <\/figure>\r\n                    <\/div>\r\n                    <div class = \"td-slide-item td-item5\">\r\n                        <figure class=\"td-slide-galery-figure td-slide-popup-gallery\">\r\n                            <a class=\"slide-gallery-image-link\" href=\"https:\/\/www.eldiario.net\/portal\/wp-content\/uploads\/2026\/08\/Mauricio-Gotelli-Sales-Aftersales-Marketing-Operations-de-GM-Johnny-Salvatierra-y-Diego-Salvatierra.webp\" title=\"Mauricio-Gotelli,-Sales,-Aftersales-&-Marketing-Operations-de-GM,-Johnny-Salvatierra-y-Diego-Salvatierra\"  data-caption=\"MAURICIO GOTELLI, SALES, AFTERSALES &amp; MARKETING OPERATIONS DE GM, JOHNNY SALVATIERRA Y DIEGO SALVATIERRA.\"  data-description=\"MAURICIO GOTELLI, SALES, AFTERSALES &amp; MARKETING OPERATIONS DE GM, JOHNNY SALVATIERRA Y DIEGO SALVATIERRA.\">\r\n                                <img decoding=\"async\" src=\"https:\/\/www.eldiario.net\/portal\/wp-content\/uploads\/2026\/08\/Mauricio-Gotelli-Sales-Aftersales-Marketing-Operations-de-GM-Johnny-Salvatierra-y-Diego-Salvatierra-747x420.webp\" srcset=\"https:\/\/www.eldiario.net\/portal\/wp-content\/uploads\/2026\/08\/Mauricio-Gotelli-Sales-Aftersales-Marketing-Operations-de-GM-Johnny-Salvatierra-y-Diego-Salvatierra-747x420.webp 747w, https:\/\/www.eldiario.net\/portal\/wp-content\/uploads\/2026\/08\/Mauricio-Gotelli-Sales-Aftersales-Marketing-Operations-de-GM-Johnny-Salvatierra-y-Diego-Salvatierra-300x169.webp 300w, https:\/\/www.eldiario.net\/portal\/wp-content\/uploads\/2026\/08\/Mauricio-Gotelli-Sales-Aftersales-Marketing-Operations-de-GM-Johnny-Salvatierra-y-Diego-Salvatierra-1024x576.webp 1024w, https:\/\/www.eldiario.net\/portal\/wp-content\/uploads\/2026\/08\/Mauricio-Gotelli-Sales-Aftersales-Marketing-Operations-de-GM-Johnny-Salvatierra-y-Diego-Salvatierra-768x432.webp 768w, https:\/\/www.eldiario.net\/portal\/wp-content\/uploads\/2026\/08\/Mauricio-Gotelli-Sales-Aftersales-Marketing-Operations-de-GM-Johnny-Salvatierra-y-Diego-Salvatierra-150x84.webp 150w, https:\/\/www.eldiario.net\/portal\/wp-content\/uploads\/2026\/08\/Mauricio-Gotelli-Sales-Aftersales-Marketing-Operations-de-GM-Johnny-Salvatierra-y-Diego-Salvatierra-696x391.webp 696w, https:\/\/www.eldiario.net\/portal\/wp-content\/uploads\/2026\/08\/Mauricio-Gotelli-Sales-Aftersales-Marketing-Operations-de-GM-Johnny-Salvatierra-y-Diego-Salvatierra-1068x600.webp 1068w, https:\/\/www.eldiario.net\/portal\/wp-content\/uploads\/2026\/08\/Mauricio-Gotelli-Sales-Aftersales-Marketing-Operations-de-GM-Johnny-Salvatierra-y-Diego-Salvatierra.webp 1309w\" sizes=\"(max-width: 747px) 100vw, 747px\" alt=\"\">\r\n                            <\/a>\r\n                            <figcaption class = \"td-slide-caption td-gallery-slide-content\"><div class = \"td-gallery-slide-copywrite\">MAURICIO GOTELLI, SALES, AFTERSALES & MARKETING OPERATIONS DE GM, JOHNNY SALVATIERRA Y DIEGO SALVATIERRA.<\/div><span>MAURICIO GOTELLI, SALES, AFTERSALES & MARKETING OPERATIONS DE GM, JOHNNY SALVATIERRA Y DIEGO SALVATIERRA.<\/span><\/figcaption>\r\n                        <\/figure>\r\n                    <\/div>\r\n                            <\/div>\r\n                        <\/div>\r\n\r\n                        <div class = \"td-doubleSlider-2\">\r\n                            <div class = \"td-slider\">\r\n                                \r\n                    <div class = \"td-button td-item1\">\r\n                        <div class = \"td-border\"><\/div>\r\n                    <\/div>\r\n                    <div class = \"td-button td-item2\">\r\n                        <div class = \"td-border\"><\/div>\r\n                    <\/div>\r\n                    <div class = \"td-button td-item3\">\r\n                        <div class = \"td-border\"><\/div>\r\n                    <\/div>\r\n                    <div class = \"td-button td-item4\">\r\n                        <div class = \"td-border\"><\/div>\r\n                    <\/div>\r\n                    <div class = \"td-button td-item5\">\r\n                        <div class = \"td-border\"><\/div>\r\n                    <\/div>\r\n                            <\/div>\r\n                        <\/div>\r\n\r\n                    <\/div>\r\n\r\n                <\/div>\r\n                \n","protected":false},"excerpt":{"rendered":"<p>Bolivian Auto Motors (BA) present\u00f3 el primer showroom exclusivo de Chevrolet en el pa\u00eds \u2014un moderno complejo integral de 1.400 m\u00b2 en Santa Cruz\u2014 acompa\u00f1ado del anuncio de descuentos de f\u00e1brica de hasta $us 3.000 para compra directa. En la velada, Johnny Salvatierra, presidente del Directorio de BA, destac\u00f3 el alcance de esta alianza con [&hellip;]<\/p>\n","protected":false},"author":1,"featured_media":418246,"comment_status":"closed","ping_status":"open","sticky":false,"template":"","format":"standard","meta":{"_acf_changed":false,"footnotes":""},"categories":[40],"tags":[],"class_list":["post-418245","post","type-post","status-publish","format-standard","has-post-thumbnail","category-sociales"],"acf":{"antetitulo":""},"yoast_head":"<!-- This site is optimized with the Yoast SEO plugin v28.4 - https:\/\/yoast.com\/product\/yoast-seo-wordpress\/ -->\n<title>Chevrolet estrena casa e innovadora modalidad de compra junto a Bolivian Auto Motors - El Diario - Bolivia<\/title>\n<meta name=\"robots\" content=\"index, follow, max-snippet:-1, max-image-preview:large, max-video-preview:-1\" \/>\n<link rel=\"canonical\" href=\"https:\/\/www.eldiario.net\/portal\/2026\/08\/03\/chevrolet-estrena-casa-e-innovadora-modalidad-de-compra-junto-a-bolivian-auto-motors\/\" \/>\n<meta property=\"og:locale\" content=\"es_ES\" \/>\n<meta property=\"og:type\" content=\"article\" \/>\n<meta property=\"og:title\" content=\"Chevrolet estrena casa e innovadora modalidad de compra junto a Bolivian Auto Motors - El Diario - Bolivia\" \/>\n<meta property=\"og:description\" content=\"Bolivian Auto Motors (BA) present\u00f3 el primer showroom exclusivo de Chevrolet en el pa\u00eds \u2014un moderno complejo integral de 1.400 m\u00b2 en Santa Cruz\u2014 acompa\u00f1ado del anuncio de descuentos de f\u00e1brica de hasta $us 3.000 para compra directa. En la velada, Johnny Salvatierra, presidente del Directorio de BA, destac\u00f3 el alcance de esta alianza con [&hellip;]\" \/>\n<meta property=\"og:url\" content=\"https:\/\/www.eldiario.net\/portal\/2026\/08\/03\/chevrolet-estrena-casa-e-innovadora-modalidad-de-compra-junto-a-bolivian-auto-motors\/\" \/>\n<meta property=\"og:site_name\" content=\"El Diario - Bolivia\" \/>\n<meta property=\"article:publisher\" content=\"https:\/\/www.facebook.com\/eldiario.bolivia\/\" \/>\n<meta property=\"article:published_time\" content=\"2026-08-03T04:14:00+00:00\" \/>\n<meta property=\"og:image\" content=\"https:\/\/www.eldiario.net\/portal\/wp-content\/uploads\/2026\/08\/Sofia-Sodi-Mauricio-Gotelli-Johnny-Salvatierra-Diego-Salvatierra-y-Maria-Fernanda-Galarza-1.webp\" \/>\n\t<meta property=\"og:image:width\" content=\"1134\" \/>\n\t<meta property=\"og:image:height\" content=\"864\" \/>\n\t<meta property=\"og:image:type\" content=\"image\/webp\" \/>\n<meta name=\"author\" content=\"Jeanette\" \/>\n<meta name=\"twitter:card\" content=\"summary_large_image\" \/>\n<meta name=\"twitter:creator\" content=\"@eldiario_net\" \/>\n<meta name=\"twitter:site\" content=\"@eldiario_net\" \/>\n<meta name=\"twitter:label1\" content=\"Escrito por\" \/>\n\t<meta name=\"twitter:data1\" content=\"Jeanette\" \/>\n\t<meta name=\"twitter:label2\" content=\"Tiempo de lectura\" \/>\n\t<meta name=\"twitter:data2\" content=\"1 minuto\" \/>\n<script type=\"application\/ld+json\" class=\"yoast-schema-graph\">{\"@context\":\"https:\\\/\\\/schema.org\",\"@graph\":[{\"@type\":\"Article\",\"@id\":\"https:\\\/\\\/www.eldiario.net\\\/portal\\\/2026\\\/08\\\/03\\\/chevrolet-estrena-casa-e-innovadora-modalidad-de-compra-junto-a-bolivian-auto-motors\\\/#article\",\"isPartOf\":{\"@id\":\"https:\\\/\\\/www.eldiario.net\\\/portal\\\/2026\\\/08\\\/03\\\/chevrolet-estrena-casa-e-innovadora-modalidad-de-compra-junto-a-bolivian-auto-motors\\\/\"},\"author\":{\"name\":\"Jeanette\",\"@id\":\"https:\\\/\\\/www.eldiario.net\\\/portal\\\/#\\\/schema\\\/person\\\/2c57cf2b7a7ae032e449e4c9b1019eac\"},\"headline\":\"Chevrolet estrena casa e innovadora modalidad de compra junto a Bolivian Auto Motors\",\"datePublished\":\"2026-08-03T04:14:00+00:00\",\"mainEntityOfPage\":{\"@id\":\"https:\\\/\\\/www.eldiario.net\\\/portal\\\/2026\\\/08\\\/03\\\/chevrolet-estrena-casa-e-innovadora-modalidad-de-compra-junto-a-bolivian-auto-motors\\\/\"},\"wordCount\":190,\"publisher\":{\"@id\":\"https:\\\/\\\/www.eldiario.net\\\/portal\\\/#organization\"},\"image\":{\"@id\":\"https:\\\/\\\/www.eldiario.net\\\/portal\\\/2026\\\/08\\\/03\\\/chevrolet-estrena-casa-e-innovadora-modalidad-de-compra-junto-a-bolivian-auto-motors\\\/#primaryimage\"},\"thumbnailUrl\":\"https:\\\/\\\/www.eldiario.net\\\/portal\\\/wp-content\\\/uploads\\\/2026\\\/08\\\/Sofia-Sodi-Mauricio-Gotelli-Johnny-Salvatierra-Diego-Salvatierra-y-Maria-Fernanda-Galarza-1.webp\",\"articleSection\":[\"Sociales\"],\"inLanguage\":\"es\"},{\"@type\":\"WebPage\",\"@id\":\"https:\\\/\\\/www.eldiario.net\\\/portal\\\/2026\\\/08\\\/03\\\/chevrolet-estrena-casa-e-innovadora-modalidad-de-compra-junto-a-bolivian-auto-motors\\\/\",\"url\":\"https:\\\/\\\/www.eldiario.net\\\/portal\\\/2026\\\/08\\\/03\\\/chevrolet-estrena-casa-e-innovadora-modalidad-de-compra-junto-a-bolivian-auto-motors\\\/\",\"name\":\"Chevrolet estrena casa e innovadora modalidad de compra junto a Bolivian Auto Motors - El Diario - Bolivia\",\"isPartOf\":{\"@id\":\"https:\\\/\\\/www.eldiario.net\\\/portal\\\/#website\"},\"primaryImageOfPage\":{\"@id\":\"https:\\\/\\\/www.eldiario.net\\\/portal\\\/2026\\\/08\\\/03\\\/chevrolet-estrena-casa-e-innovadora-modalidad-de-compra-junto-a-bolivian-auto-motors\\\/#primaryimage\"},\"image\":{\"@id\":\"https:\\\/\\\/www.eldiario.net\\\/portal\\\/2026\\\/08\\\/03\\\/chevrolet-estrena-casa-e-innovadora-modalidad-de-compra-junto-a-bolivian-auto-motors\\\/#primaryimage\"},\"thumbnailUrl\":\"https:\\\/\\\/www.eldiario.net\\\/portal\\\/wp-content\\\/uploads\\\/2026\\\/08\\\/Sofia-Sodi-Mauricio-Gotelli-Johnny-Salvatierra-Diego-Salvatierra-y-Maria-Fernanda-Galarza-1.webp\",\"datePublished\":\"2026-08-03T04:14:00+00:00\",\"breadcrumb\":{\"@id\":\"https:\\\/\\\/www.eldiario.net\\\/portal\\\/2026\\\/08\\\/03\\\/chevrolet-estrena-casa-e-innovadora-modalidad-de-compra-junto-a-bolivian-auto-motors\\\/#breadcrumb\"},\"inLanguage\":\"es\",\"potentialAction\":[{\"@type\":\"ReadAction\",\"target\":[\"https:\\\/\\\/www.eldiario.net\\\/portal\\\/2026\\\/08\\\/03\\\/chevrolet-estrena-casa-e-innovadora-modalidad-de-compra-junto-a-bolivian-auto-motors\\\/\"]}]},{\"@type\":\"ImageObject\",\"inLanguage\":\"es\",\"@id\":\"https:\\\/\\\/www.eldiario.net\\\/portal\\\/2026\\\/08\\\/03\\\/chevrolet-estrena-casa-e-innovadora-modalidad-de-compra-junto-a-bolivian-auto-motors\\\/#primaryimage\",\"url\":\"https:\\\/\\\/www.eldiario.net\\\/portal\\\/wp-content\\\/uploads\\\/2026\\\/08\\\/Sofia-Sodi-Mauricio-Gotelli-Johnny-Salvatierra-Diego-Salvatierra-y-Maria-Fernanda-Galarza-1.webp\",\"contentUrl\":\"https:\\\/\\\/www.eldiario.net\\\/portal\\\/wp-content\\\/uploads\\\/2026\\\/08\\\/Sofia-Sodi-Mauricio-Gotelli-Johnny-Salvatierra-Diego-Salvatierra-y-Maria-Fernanda-Galarza-1.webp\",\"width\":1134,\"height\":864,\"caption\":\"SOF\u00cdA SODI, MAURICIO GOTELLI, JOHNNY SALVATIERRA, DIEGO SALVATIERRA Y MAR\u00cdA FERNANDA GALARZA .\"},{\"@type\":\"BreadcrumbList\",\"@id\":\"https:\\\/\\\/www.eldiario.net\\\/portal\\\/2026\\\/08\\\/03\\\/chevrolet-estrena-casa-e-innovadora-modalidad-de-compra-junto-a-bolivian-auto-motors\\\/#breadcrumb\",\"itemListElement\":[{\"@type\":\"ListItem\",\"position\":1,\"name\":\"Portada\",\"item\":\"https:\\\/\\\/www.eldiario.net\\\/portal\\\/\"},{\"@type\":\"ListItem\",\"position\":2,\"name\":\"Chevrolet estrena casa e innovadora modalidad de compra junto a Bolivian Auto Motors\"}]},{\"@type\":\"WebSite\",\"@id\":\"https:\\\/\\\/www.eldiario.net\\\/portal\\\/#website\",\"url\":\"https:\\\/\\\/www.eldiario.net\\\/portal\\\/\",\"name\":\"El Diario - Decano de la prensa nacional\",\"description\":\"El Diario - Decano de la prensa nacional\",\"publisher\":{\"@id\":\"https:\\\/\\\/www.eldiario.net\\\/portal\\\/#organization\"},\"potentialAction\":[{\"@type\":\"SearchAction\",\"target\":{\"@type\":\"EntryPoint\",\"urlTemplate\":\"https:\\\/\\\/www.eldiario.net\\\/portal\\\/?s={search_term_string}\"},\"query-input\":{\"@type\":\"PropertyValueSpecification\",\"valueRequired\":true,\"valueName\":\"search_term_string\"}}],\"inLanguage\":\"es\"},{\"@type\":\"Organization\",\"@id\":\"https:\\\/\\\/www.eldiario.net\\\/portal\\\/#organization\",\"name\":\"El Diario - Decano de la prensa nacional\",\"url\":\"https:\\\/\\\/www.eldiario.net\\\/portal\\\/\",\"logo\":{\"@type\":\"ImageObject\",\"inLanguage\":\"es\",\"@id\":\"https:\\\/\\\/www.eldiario.net\\\/portal\\\/#\\\/schema\\\/logo\\\/image\\\/\",\"url\":\"https:\\\/\\\/www.eldiario.net\\\/portal\\\/wp-content\\\/uploads\\\/2023\\\/07\\\/logo_ED.jpg\",\"contentUrl\":\"https:\\\/\\\/www.eldiario.net\\\/portal\\\/wp-content\\\/uploads\\\/2023\\\/07\\\/logo_ED.jpg\",\"width\":272,\"height\":52,\"caption\":\"El Diario - Decano de la prensa nacional\"},\"image\":{\"@id\":\"https:\\\/\\\/www.eldiario.net\\\/portal\\\/#\\\/schema\\\/logo\\\/image\\\/\"},\"sameAs\":[\"https:\\\/\\\/www.facebook.com\\\/eldiario.bolivia\\\/\",\"https:\\\/\\\/x.com\\\/eldiario_net\"]},{\"@type\":\"Person\",\"@id\":\"https:\\\/\\\/www.eldiario.net\\\/portal\\\/#\\\/schema\\\/person\\\/2c57cf2b7a7ae032e449e4c9b1019eac\",\"name\":\"Jeanette\",\"image\":{\"@type\":\"ImageObject\",\"inLanguage\":\"es\",\"@id\":\"https:\\\/\\\/secure.gravatar.com\\\/avatar\\\/3ea2118a5f7dad2b7138b1187a6b7ee55f160b9968b66013c3a3ef39dd7e5798?s=96&d=mm&r=g\",\"url\":\"https:\\\/\\\/secure.gravatar.com\\\/avatar\\\/3ea2118a5f7dad2b7138b1187a6b7ee55f160b9968b66013c3a3ef39dd7e5798?s=96&d=mm&r=g\",\"contentUrl\":\"https:\\\/\\\/secure.gravatar.com\\\/avatar\\\/3ea2118a5f7dad2b7138b1187a6b7ee55f160b9968b66013c3a3ef39dd7e5798?s=96&d=mm&r=g\",\"caption\":\"Jeanette\"},\"sameAs\":[\"https:\\\/\\\/www.eldiario.net\\\/portal\"],\"url\":\"https:\\\/\\\/www.eldiario.net\\\/portal\\\/author\\\/jeanette\\\/\"}]}<\/script>\n<!-- \/ Yoast SEO plugin. -->","yoast_head_json":{"title":"Chevrolet estrena casa e innovadora modalidad de compra junto a Bolivian Auto Motors - El Diario - Bolivia","robots":{"index":"index","follow":"follow","max-snippet":"max-snippet:-1","max-image-preview":"max-image-preview:large","max-video-preview":"max-video-preview:-1"},"canonical":"https:\/\/www.eldiario.net\/portal\/2026\/08\/03\/chevrolet-estrena-casa-e-innovadora-modalidad-de-compra-junto-a-bolivian-auto-motors\/","og_locale":"es_ES","og_type":"article","og_title":"Chevrolet estrena casa e innovadora modalidad de compra junto a Bolivian Auto Motors - El Diario - Bolivia","og_description":"Bolivian Auto Motors (BA) present\u00f3 el primer showroom exclusivo de Chevrolet en el pa\u00eds \u2014un moderno complejo integral de 1.400 m\u00b2 en Santa Cruz\u2014 acompa\u00f1ado del anuncio de descuentos de f\u00e1brica de hasta $us 3.000 para compra directa. En la velada, Johnny Salvatierra, presidente del Directorio de BA, destac\u00f3 el alcance de esta alianza con [&hellip;]","og_url":"https:\/\/www.eldiario.net\/portal\/2026\/08\/03\/chevrolet-estrena-casa-e-innovadora-modalidad-de-compra-junto-a-bolivian-auto-motors\/","og_site_name":"El Diario - Bolivia","article_publisher":"https:\/\/www.facebook.com\/eldiario.bolivia\/","article_published_time":"2026-08-03T04:14:00+00:00","og_image":[{"width":1134,"height":864,"url":"https:\/\/www.eldiario.net\/portal\/wp-content\/uploads\/2026\/08\/Sofia-Sodi-Mauricio-Gotelli-Johnny-Salvatierra-Diego-Salvatierra-y-Maria-Fernanda-Galarza-1.webp","type":"image\/webp"}],"author":"Jeanette","twitter_card":"summary_large_image","twitter_creator":"@eldiario_net","twitter_site":"@eldiario_net","twitter_misc":{"Escrito por":"Jeanette","Tiempo de lectura":"1 minuto"},"schema":{"@context":"https:\/\/schema.org","@graph":[{"@type":"Article","@id":"https:\/\/www.eldiario.net\/portal\/2026\/08\/03\/chevrolet-estrena-casa-e-innovadora-modalidad-de-compra-junto-a-bolivian-auto-motors\/#article","isPartOf":{"@id":"https:\/\/www.eldiario.net\/portal\/2026\/08\/03\/chevrolet-estrena-casa-e-innovadora-modalidad-de-compra-junto-a-bolivian-auto-motors\/"},"author":{"name":"Jeanette","@id":"https:\/\/www.eldiario.net\/portal\/#\/schema\/person\/2c57cf2b7a7ae032e449e4c9b1019eac"},"headline":"Chevrolet estrena casa e innovadora modalidad de compra junto a Bolivian Auto Motors","datePublished":"2026-08-03T04:14:00+00:00","mainEntityOfPage":{"@id":"https:\/\/www.eldiario.net\/portal\/2026\/08\/03\/chevrolet-estrena-casa-e-innovadora-modalidad-de-compra-junto-a-bolivian-auto-motors\/"},"wordCount":190,"publisher":{"@id":"https:\/\/www.eldiario.net\/portal\/#organization"},"image":{"@id":"https:\/\/www.eldiario.net\/portal\/2026\/08\/03\/chevrolet-estrena-casa-e-innovadora-modalidad-de-compra-junto-a-bolivian-auto-motors\/#primaryimage"},"thumbnailUrl":"https:\/\/www.eldiario.net\/portal\/wp-content\/uploads\/2026\/08\/Sofia-Sodi-Mauricio-Gotelli-Johnny-Salvatierra-Diego-Salvatierra-y-Maria-Fernanda-Galarza-1.webp","articleSection":["Sociales"],"inLanguage":"es"},{"@type":"WebPage","@id":"https:\/\/www.eldiario.net\/portal\/2026\/08\/03\/chevrolet-estrena-casa-e-innovadora-modalidad-de-compra-junto-a-bolivian-auto-motors\/","url":"https:\/\/www.eldiario.net\/portal\/2026\/08\/03\/chevrolet-estrena-casa-e-innovadora-modalidad-de-compra-junto-a-bolivian-auto-motors\/","name":"Chevrolet estrena casa e innovadora modalidad de compra junto a Bolivian Auto Motors - El Diario - Bolivia","isPartOf":{"@id":"https:\/\/www.eldiario.net\/portal\/#website"},"primaryImageOfPage":{"@id":"https:\/\/www.eldiario.net\/portal\/2026\/08\/03\/chevrolet-estrena-casa-e-innovadora-modalidad-de-compra-junto-a-bolivian-auto-motors\/#primaryimage"},"image":{"@id":"https:\/\/www.eldiario.net\/portal\/2026\/08\/03\/chevrolet-estrena-casa-e-innovadora-modalidad-de-compra-junto-a-bolivian-auto-motors\/#primaryimage"},"thumbnailUrl":"https:\/\/www.eldiario.net\/portal\/wp-content\/uploads\/2026\/08\/Sofia-Sodi-Mauricio-Gotelli-Johnny-Salvatierra-Diego-Salvatierra-y-Maria-Fernanda-Galarza-1.webp","datePublished":"2026-08-03T04:14:00+00:00","breadcrumb":{"@id":"https:\/\/www.eldiario.net\/portal\/2026\/08\/03\/chevrolet-estrena-casa-e-innovadora-modalidad-de-compra-junto-a-bolivian-auto-motors\/#breadcrumb"},"inLanguage":"es","potentialAction":[{"@type":"ReadAction","target":["https:\/\/www.eldiario.net\/portal\/2026\/08\/03\/chevrolet-estrena-casa-e-innovadora-modalidad-de-compra-junto-a-bolivian-auto-motors\/"]}]},{"@type":"ImageObject","inLanguage":"es","@id":"https:\/\/www.eldiario.net\/portal\/2026\/08\/03\/chevrolet-estrena-casa-e-innovadora-modalidad-de-compra-junto-a-bolivian-auto-motors\/#primaryimage","url":"https:\/\/www.eldiario.net\/portal\/wp-content\/uploads\/2026\/08\/Sofia-Sodi-Mauricio-Gotelli-Johnny-Salvatierra-Diego-Salvatierra-y-Maria-Fernanda-Galarza-1.webp","contentUrl":"https:\/\/www.eldiario.net\/portal\/wp-content\/uploads\/2026\/08\/Sofia-Sodi-Mauricio-Gotelli-Johnny-Salvatierra-Diego-Salvatierra-y-Maria-Fernanda-Galarza-1.webp","width":1134,"height":864,"caption":"SOF\u00cdA SODI, MAURICIO GOTELLI, JOHNNY SALVATIERRA, DIEGO SALVATIERRA Y MAR\u00cdA FERNANDA GALARZA ."},{"@type":"BreadcrumbList","@id":"https:\/\/www.eldiario.net\/portal\/2026\/08\/03\/chevrolet-estrena-casa-e-innovadora-modalidad-de-compra-junto-a-bolivian-auto-motors\/#breadcrumb","itemListElement":[{"@type":"ListItem","position":1,"name":"Portada","item":"https:\/\/www.eldiario.net\/portal\/"},{"@type":"ListItem","position":2,"name":"Chevrolet estrena casa e innovadora modalidad de compra junto a Bolivian Auto Motors"}]},{"@type":"WebSite","@id":"https:\/\/www.eldiario.net\/portal\/#website","url":"https:\/\/www.eldiario.net\/portal\/","name":"El Diario - Decano de la prensa nacional","description":"El Diario - Decano de la prensa nacional","publisher":{"@id":"https:\/\/www.eldiario.net\/portal\/#organization"},"potentialAction":[{"@type":"SearchAction","target":{"@type":"EntryPoint","urlTemplate":"https:\/\/www.eldiario.net\/portal\/?s={search_term_string}"},"query-input":{"@type":"PropertyValueSpecification","valueRequired":true,"valueName":"search_term_string"}}],"inLanguage":"es"},{"@type":"Organization","@id":"https:\/\/www.eldiario.net\/portal\/#organization","name":"El Diario - Decano de la prensa nacional","url":"https:\/\/www.eldiario.net\/portal\/","logo":{"@type":"ImageObject","inLanguage":"es","@id":"https:\/\/www.eldiario.net\/portal\/#\/schema\/logo\/image\/","url":"https:\/\/www.eldiario.net\/portal\/wp-content\/uploads\/2023\/07\/logo_ED.jpg","contentUrl":"https:\/\/www.eldiario.net\/portal\/wp-content\/uploads\/2023\/07\/logo_ED.jpg","width":272,"height":52,"caption":"El Diario - Decano de la prensa nacional"},"image":{"@id":"https:\/\/www.eldiario.net\/portal\/#\/schema\/logo\/image\/"},"sameAs":["https:\/\/www.facebook.com\/eldiario.bolivia\/","https:\/\/x.com\/eldiario_net"]},{"@type":"Person","@id":"https:\/\/www.eldiario.net\/portal\/#\/schema\/person\/2c57cf2b7a7ae032e449e4c9b1019eac","name":"Jeanette","image":{"@type":"ImageObject","inLanguage":"es","@id":"https:\/\/secure.gravatar.com\/avatar\/3ea2118a5f7dad2b7138b1187a6b7ee55f160b9968b66013c3a3ef39dd7e5798?s=96&d=mm&r=g","url":"https:\/\/secure.gravatar.com\/avatar\/3ea2118a5f7dad2b7138b1187a6b7ee55f160b9968b66013c3a3ef39dd7e5798?s=96&d=mm&r=g","contentUrl":"https:\/\/secure.gravatar.com\/avatar\/3ea2118a5f7dad2b7138b1187a6b7ee55f160b9968b66013c3a3ef39dd7e5798?s=96&d=mm&r=g","caption":"Jeanette"},"sameAs":["https:\/\/www.eldiario.net\/portal"],"url":"https:\/\/www.eldiario.net\/portal\/author\/jeanette\/"}]}},"_links":{"self":[{"href":"https:\/\/www.eldiario.net\/portal\/wp-json\/wp\/v2\/posts\/418245","targetHints":{"allow":["GET"]}}],"collection":[{"href":"https:\/\/www.eldiario.net\/portal\/wp-json\/wp\/v2\/posts"}],"about":[{"href":"https:\/\/www.eldiario.net\/portal\/wp-json\/wp\/v2\/types\/post"}],"author":[{"embeddable":true,"href":"https:\/\/www.eldiario.net\/portal\/wp-json\/wp\/v2\/users\/1"}],"replies":[{"embeddable":true,"href":"https:\/\/www.eldiario.net\/portal\/wp-json\/wp\/v2\/comments?post=418245"}],"version-history":[{"count":1,"href":"https:\/\/www.eldiario.net\/portal\/wp-json\/wp\/v2\/posts\/418245\/revisions"}],"predecessor-version":[{"id":418251,"href":"https:\/\/www.eldiario.net\/portal\/wp-json\/wp\/v2\/posts\/418245\/revisions\/418251"}],"wp:featuredmedia":[{"embeddable":true,"href":"https:\/\/www.eldiario.net\/portal\/wp-json\/wp\/v2\/media\/418246"}],"wp:attachment":[{"href":"https:\/\/www.eldiario.net\/portal\/wp-json\/wp\/v2\/media?parent=418245"}],"wp:term":[{"taxonomy":"category","embeddable":true,"href":"https:\/\/www.eldiario.net\/portal\/wp-json\/wp\/v2\/categories?post=418245"},{"taxonomy":"post_tag","embeddable":true,"href":"https:\/\/www.eldiario.net\/portal\/wp-json\/wp\/v2\/tags?post=418245"}],"curies":[{"name":"wp","href":"https:\/\/api.w.org\/{rel}","templated":true}]}}