{"id":418239,"date":"2026-08-03T01:04:12","date_gmt":"2026-08-03T05:04:12","guid":{"rendered":"https:\/\/www.eldiario.net\/portal\/?p=418239"},"modified":"2026-08-02T23:06:46","modified_gmt":"2026-08-03T03:06:46","slug":"fitectur-2026-convertira-a-la-paz-en-la-vitrina-del-arte-en-vivo-y-el-patrimonio-ancestral","status":"publish","type":"post","link":"https:\/\/www.eldiario.net\/portal\/2026\/08\/03\/fitectur-2026-convertira-a-la-paz-en-la-vitrina-del-arte-en-vivo-y-el-patrimonio-ancestral\/","title":{"rendered":"Fitectur 2026 convertir\u00e1 a La Paz en la vitrina del arte en vivo y el patrimonio ancestral"},"content":{"rendered":"<p>El patrimonio cultural, la memoria comunitaria y las expresiones art\u00edsticas contempor\u00e1neas tendr\u00e1n un punto de encuentro privilegiado en la ciudad de La Paz. Del 28 al 30 de agosto, las instalaciones del Hotel Real Plaza se transformar\u00e1n en el escenario principal de la Feria Internacional de Innovaci\u00f3n y Tecnolog\u00eda Tur\u00edstica (FITECTUR) 2026, un evento presentado oficialmente este viernes que propone mirar la actividad tur\u00edstica no solo como una din\u00e1mica econ\u00f3mica, sino como una herramienta fundamental de conservaci\u00f3n cultural, integraci\u00f3n humana y revitalizaci\u00f3n social.<\/p>\n<p>Bajo el concepto central del turismo regenerativo, la propuesta de esta edici\u00f3n busca poner en el centro de la conversaci\u00f3n a las identidades locales y las tradiciones que dan forma al mosaico cultural del pa\u00eds. En un contexto donde la globalizaci\u00f3n tiende a homogenizar las costumbres, la Fitectur apuesta por salvaguardar la autenticidad de los pueblos, visibilizando sus relatos, sus manifestaciones pl\u00e1sticas y la riqueza incalculable de sus saberes heredados.<\/p>\n<p>El n\u00facleo pulsante de la programaci\u00f3n cultural ser\u00e1 el III Festival de Culturas Vivas, una plataforma concebida para propiciar el encuentro directo entre los gestores tradicionales y el p\u00fablico. En este marco, el arte en tiempo real tomar\u00e1 protagonismo con el concurso \u201cRegener-Arte\u201d, donde creadores de diversas disciplinas plasmar\u00e1n su visi\u00f3n sobre la memoria y la naturaleza. De forma paralela, los asistentes podr\u00e1n participar en talleres pr\u00e1cticos de artes manuales y oficios tradicionales, espacios pedag\u00f3gicos orientados a transmitir t\u00e9cnicas ancestrales a las nuevas generaciones. Asimismo, la narrativa audiovisual tendr\u00e1 su propio lugar a trav\u00e9s del certamen de videos cortos \u201cTurismo Regenerativo y Revitalizaci\u00f3n Cultural\u201d, ideado para documentar la riqueza identitaria del territorio boliviano desde la mirada joven e innovadora.<\/p>\n<p>La gastronom\u00eda, entendida como manifestaci\u00f3n viva del patrimonio intangible y reflejo directo de la biodiversidad, ocupar\u00e1 un lugar de especial relevancia. La feria ser\u00e1 sede del Concurso Gastron\u00f3mico \u201cExperiencia Amaz\u00f3nica del Sabor\u201d, una vitrina dedicada a la investigaci\u00f3n, rescate y revalorizaci\u00f3n de los ingredientes originarios de la cuenca amaz\u00f3nica. A trav\u00e9s de demostraciones culinarias, catas de barismo y muestras de cocteler\u00eda de autor basadas en insumos nativos, se buscar\u00e1 rendir homenaje a los productores locales y a las t\u00e9cnicas de cocina tradicional que han resistido el paso del tiempo.<\/p>\n<p>Durante el acto oficial de lanzamiento, autoridades y organizadores remarcaron la trascendencia de tejer alianzas entre el conocimiento acad\u00e9mico, las tecnolog\u00edas y las manifestaciones propias de cada regi\u00f3n. Mirna Saravia, directora del Viceministerio de Fomento al Turismo, se\u00f1al\u00f3 que la innovaci\u00f3n y el conocimiento son \u00abherramientas indispensables para fortalecer los destinos, mejorar la experiencia de los visitantes y generar mayores oportunidades para las comunidades que hacen del turismo una fuente de desarrollo\u00bb.<\/p>\n<p>&nbsp;<\/p>\n<p>Por su parte, Jorge Antonio Guti\u00e9rrez, representante legal de ATEC Consultores, destac\u00f3 el profundo sentido humano y de resiliencia de esta convocatoria: \u00abLa Fitectur no ser\u00e1 una feria m\u00e1s, sino una feria de reconstrucci\u00f3n, el punto de inflexi\u00f3n donde el sector se levanta y dice: estamos vivos\u00bb.<\/p>\n<p>Con la confirmaci\u00f3n de 70 espacios de exposici\u00f3n que albergar\u00e1n expresiones culturales, tur\u00edsticas y artesanales de Bolivia, el norte de Argentina y Chile, la Fitectur 2026 se perfila como una celebraci\u00f3n diversa en la cual el arte, la tradici\u00f3n y la innovaci\u00f3n se entrelazan para recordar la importancia de proteger nuestra memoria colectiva.<\/p>\n\r\n                <style type=\"text\/css\">\r\n                    \r\n                    #tdi_1  .td-doubleSlider-2 .td-item1 {\r\n                        background: url(https:\/\/www.eldiario.net\/portal\/wp-content\/uploads\/2026\/08\/FOTO-1-1-80x60.webp) 0 0 no-repeat;\r\n                    }\r\n                    #tdi_1  .td-doubleSlider-2 .td-item2 {\r\n                        background: url(https:\/\/www.eldiario.net\/portal\/wp-content\/uploads\/2026\/08\/FOTO-2-1-80x60.webp) 0 0 no-repeat;\r\n                    }\r\n                    #tdi_1  .td-doubleSlider-2 .td-item3 {\r\n                        background: url(https:\/\/www.eldiario.net\/portal\/wp-content\/uploads\/2026\/08\/FOTO-3-80x60.webp) 0 0 no-repeat;\r\n                    }\r\n                    #tdi_1  .td-doubleSlider-2 .td-item4 {\r\n                        background: url(https:\/\/www.eldiario.net\/portal\/wp-content\/uploads\/2026\/08\/FOTO-4-80x60.webp) 0 0 no-repeat;\r\n                    }\r\n                <\/style>\r\n\r\n                <div id=\"tdi_1\" class=\"td-gallery td-slide-on-2-columns\">\r\n                    <div class=\"post_td_gallery\">\r\n                        <div class=\"td-gallery-slide-top\">\r\n                           <div class=\"td-gallery-title\"><\/div>\r\n\r\n                            <div class=\"td-gallery-controls-wrapper\">\r\n                                <div class=\"td-gallery-slide-count\"><span class=\"td-gallery-slide-item-focus\">1<\/span> de 4<\/div>\r\n                                <div class=\"td-gallery-slide-prev-next-but\">\r\n                                    <i class = \"td-icon-left doubleSliderPrevButton\"><\/i>\r\n                                    <i class = \"td-icon-right doubleSliderNextButton\"><\/i>\r\n                                <\/div>\r\n                            <\/div>\r\n                        <\/div>\r\n\r\n                        <div class = \"td-doubleSlider-1 \">\r\n                            <div class = \"td-slider\">\r\n                                \r\n                    <div class = \"td-slide-item td-item1\">\r\n                        <figure class=\"td-slide-galery-figure td-slide-popup-gallery\">\r\n                            <a class=\"slide-gallery-image-link\" href=\"https:\/\/www.eldiario.net\/portal\/wp-content\/uploads\/2026\/08\/FOTO-1-1.webp\" title=\"FOTO-1\"  data-caption=\"\"  data-description=\"\">\r\n                                <img decoding=\"async\" src=\"https:\/\/www.eldiario.net\/portal\/wp-content\/uploads\/2026\/08\/FOTO-1-1-615x420.webp\" srcset=\"https:\/\/www.eldiario.net\/portal\/wp-content\/uploads\/2026\/08\/FOTO-1-1-615x420.webp 615w, https:\/\/www.eldiario.net\/portal\/wp-content\/uploads\/2026\/08\/FOTO-1-1-300x205.webp 300w, https:\/\/www.eldiario.net\/portal\/wp-content\/uploads\/2026\/08\/FOTO-1-1-1024x699.webp 1024w, https:\/\/www.eldiario.net\/portal\/wp-content\/uploads\/2026\/08\/FOTO-1-1-768x524.webp 768w, https:\/\/www.eldiario.net\/portal\/wp-content\/uploads\/2026\/08\/FOTO-1-1-1536x1048.webp 1536w, https:\/\/www.eldiario.net\/portal\/wp-content\/uploads\/2026\/08\/FOTO-1-1-150x102.webp 150w, https:\/\/www.eldiario.net\/portal\/wp-content\/uploads\/2026\/08\/FOTO-1-1-218x150.webp 218w, https:\/\/www.eldiario.net\/portal\/wp-content\/uploads\/2026\/08\/FOTO-1-1-696x475.webp 696w, https:\/\/www.eldiario.net\/portal\/wp-content\/uploads\/2026\/08\/FOTO-1-1-1068x729.webp 1068w, https:\/\/www.eldiario.net\/portal\/wp-content\/uploads\/2026\/08\/FOTO-1-1.webp 1638w\" sizes=\"(max-width: 615px) 100vw, 615px\" alt=\"\">\r\n                            <\/a>\r\n                            \r\n                        <\/figure>\r\n                    <\/div>\r\n                    <div class = \"td-slide-item td-item2\">\r\n                        <figure class=\"td-slide-galery-figure td-slide-popup-gallery\">\r\n                            <a class=\"slide-gallery-image-link\" href=\"https:\/\/www.eldiario.net\/portal\/wp-content\/uploads\/2026\/08\/FOTO-2-1.webp\" title=\"FOTO-2\"  data-caption=\"\"  data-description=\"\">\r\n                                <img decoding=\"async\" src=\"https:\/\/www.eldiario.net\/portal\/wp-content\/uploads\/2026\/08\/FOTO-2-1-630x420.webp\" srcset=\"https:\/\/www.eldiario.net\/portal\/wp-content\/uploads\/2026\/08\/FOTO-2-1-630x420.webp 630w, https:\/\/www.eldiario.net\/portal\/wp-content\/uploads\/2026\/08\/FOTO-2-1-300x200.webp 300w, https:\/\/www.eldiario.net\/portal\/wp-content\/uploads\/2026\/08\/FOTO-2-1-1024x683.webp 1024w, https:\/\/www.eldiario.net\/portal\/wp-content\/uploads\/2026\/08\/FOTO-2-1-768x512.webp 768w, https:\/\/www.eldiario.net\/portal\/wp-content\/uploads\/2026\/08\/FOTO-2-1-1536x1024.webp 1536w, https:\/\/www.eldiario.net\/portal\/wp-content\/uploads\/2026\/08\/FOTO-2-1-150x100.webp 150w, https:\/\/www.eldiario.net\/portal\/wp-content\/uploads\/2026\/08\/FOTO-2-1-696x464.webp 696w, https:\/\/www.eldiario.net\/portal\/wp-content\/uploads\/2026\/08\/FOTO-2-1-1068x712.webp 1068w, https:\/\/www.eldiario.net\/portal\/wp-content\/uploads\/2026\/08\/FOTO-2-1.webp 1638w\" sizes=\"(max-width: 630px) 100vw, 630px\" alt=\"\">\r\n                            <\/a>\r\n                            \r\n                        <\/figure>\r\n                    <\/div>\r\n                    <div class = \"td-slide-item td-item3\">\r\n                        <figure class=\"td-slide-galery-figure td-slide-popup-gallery\">\r\n                            <a class=\"slide-gallery-image-link\" href=\"https:\/\/www.eldiario.net\/portal\/wp-content\/uploads\/2026\/08\/FOTO-3.webp\" title=\"FOTO-3\"  data-caption=\"\"  data-description=\"\">\r\n                                <img decoding=\"async\" src=\"https:\/\/www.eldiario.net\/portal\/wp-content\/uploads\/2026\/08\/FOTO-3-630x420.webp\" srcset=\"https:\/\/www.eldiario.net\/portal\/wp-content\/uploads\/2026\/08\/FOTO-3-630x420.webp 630w, https:\/\/www.eldiario.net\/portal\/wp-content\/uploads\/2026\/08\/FOTO-3-300x200.webp 300w, https:\/\/www.eldiario.net\/portal\/wp-content\/uploads\/2026\/08\/FOTO-3-1024x683.webp 1024w, https:\/\/www.eldiario.net\/portal\/wp-content\/uploads\/2026\/08\/FOTO-3-768x512.webp 768w, https:\/\/www.eldiario.net\/portal\/wp-content\/uploads\/2026\/08\/FOTO-3-1536x1024.webp 1536w, https:\/\/www.eldiario.net\/portal\/wp-content\/uploads\/2026\/08\/FOTO-3-150x100.webp 150w, https:\/\/www.eldiario.net\/portal\/wp-content\/uploads\/2026\/08\/FOTO-3-696x464.webp 696w, https:\/\/www.eldiario.net\/portal\/wp-content\/uploads\/2026\/08\/FOTO-3-1068x712.webp 1068w, https:\/\/www.eldiario.net\/portal\/wp-content\/uploads\/2026\/08\/FOTO-3.webp 1638w\" sizes=\"(max-width: 630px) 100vw, 630px\" alt=\"\">\r\n                            <\/a>\r\n                            \r\n                        <\/figure>\r\n                    <\/div>\r\n                    <div class = \"td-slide-item td-item4\">\r\n                        <figure class=\"td-slide-galery-figure td-slide-popup-gallery\">\r\n                            <a class=\"slide-gallery-image-link\" href=\"https:\/\/www.eldiario.net\/portal\/wp-content\/uploads\/2026\/08\/FOTO-4.webp\" title=\"FOTO-4\"  data-caption=\"\"  data-description=\"\">\r\n                                <img decoding=\"async\" src=\"https:\/\/www.eldiario.net\/portal\/wp-content\/uploads\/2026\/08\/FOTO-4-630x420.webp\" srcset=\"https:\/\/www.eldiario.net\/portal\/wp-content\/uploads\/2026\/08\/FOTO-4-630x420.webp 630w, https:\/\/www.eldiario.net\/portal\/wp-content\/uploads\/2026\/08\/FOTO-4-300x200.webp 300w, https:\/\/www.eldiario.net\/portal\/wp-content\/uploads\/2026\/08\/FOTO-4-1024x683.webp 1024w, https:\/\/www.eldiario.net\/portal\/wp-content\/uploads\/2026\/08\/FOTO-4-768x512.webp 768w, https:\/\/www.eldiario.net\/portal\/wp-content\/uploads\/2026\/08\/FOTO-4-1536x1024.webp 1536w, https:\/\/www.eldiario.net\/portal\/wp-content\/uploads\/2026\/08\/FOTO-4-150x100.webp 150w, https:\/\/www.eldiario.net\/portal\/wp-content\/uploads\/2026\/08\/FOTO-4-696x464.webp 696w, https:\/\/www.eldiario.net\/portal\/wp-content\/uploads\/2026\/08\/FOTO-4-1068x712.webp 1068w, https:\/\/www.eldiario.net\/portal\/wp-content\/uploads\/2026\/08\/FOTO-4.webp 1638w\" sizes=\"(max-width: 630px) 100vw, 630px\" alt=\"\">\r\n                            <\/a>\r\n                            \r\n                        <\/figure>\r\n                    <\/div>\r\n                            <\/div>\r\n                        <\/div>\r\n\r\n                        <div class = \"td-doubleSlider-2\">\r\n                            <div class = \"td-slider\">\r\n                                \r\n                    <div class = \"td-button td-item1\">\r\n                        <div class = \"td-border\"><\/div>\r\n                    <\/div>\r\n                    <div class = \"td-button td-item2\">\r\n                        <div class = \"td-border\"><\/div>\r\n                    <\/div>\r\n                    <div class = \"td-button td-item3\">\r\n                        <div class = \"td-border\"><\/div>\r\n                    <\/div>\r\n                    <div class = \"td-button td-item4\">\r\n                        <div class = \"td-border\"><\/div>\r\n                    <\/div>\r\n                            <\/div>\r\n                        <\/div>\r\n\r\n                    <\/div>\r\n\r\n                <\/div>\r\n                \n","protected":false},"excerpt":{"rendered":"<p>El patrimonio cultural, la memoria comunitaria y las expresiones art\u00edsticas contempor\u00e1neas tendr\u00e1n un punto de encuentro privilegiado en la ciudad de La Paz. Del 28 al 30 de agosto, las instalaciones del Hotel Real Plaza se transformar\u00e1n en el escenario principal de la Feria Internacional de Innovaci\u00f3n y Tecnolog\u00eda Tur\u00edstica (FITECTUR) 2026, un evento presentado [&hellip;]<\/p>\n","protected":false},"author":1,"featured_media":418240,"comment_status":"closed","ping_status":"open","sticky":false,"template":"","format":"standard","meta":{"_acf_changed":false,"footnotes":""},"categories":[8],"tags":[],"class_list":["post-418239","post","type-post","status-publish","format-standard","has-post-thumbnail","category-cultural"],"acf":{"antetitulo":"Patrimonio e identidad"},"yoast_head":"<!-- This site is optimized with the Yoast SEO plugin v28.4 - https:\/\/yoast.com\/product\/yoast-seo-wordpress\/ -->\n<title>Fitectur 2026 convertir\u00e1 a La Paz en la vitrina del arte en vivo y el patrimonio ancestral - El Diario - Bolivia<\/title>\n<meta name=\"robots\" content=\"index, follow, max-snippet:-1, max-image-preview:large, max-video-preview:-1\" \/>\n<link rel=\"canonical\" href=\"https:\/\/www.eldiario.net\/portal\/2026\/08\/03\/fitectur-2026-convertira-a-la-paz-en-la-vitrina-del-arte-en-vivo-y-el-patrimonio-ancestral\/\" \/>\n<meta property=\"og:locale\" content=\"es_ES\" \/>\n<meta property=\"og:type\" content=\"article\" \/>\n<meta property=\"og:title\" content=\"Fitectur 2026 convertir\u00e1 a La Paz en la vitrina del arte en vivo y el patrimonio ancestral - El Diario - Bolivia\" \/>\n<meta property=\"og:description\" content=\"El patrimonio cultural, la memoria comunitaria y las expresiones art\u00edsticas contempor\u00e1neas tendr\u00e1n un punto de encuentro privilegiado en la ciudad de La Paz. Del 28 al 30 de agosto, las instalaciones del Hotel Real Plaza se transformar\u00e1n en el escenario principal de la Feria Internacional de Innovaci\u00f3n y Tecnolog\u00eda Tur\u00edstica (FITECTUR) 2026, un evento presentado [&hellip;]\" \/>\n<meta property=\"og:url\" content=\"https:\/\/www.eldiario.net\/portal\/2026\/08\/03\/fitectur-2026-convertira-a-la-paz-en-la-vitrina-del-arte-en-vivo-y-el-patrimonio-ancestral\/\" \/>\n<meta property=\"og:site_name\" content=\"El Diario - Bolivia\" \/>\n<meta property=\"article:publisher\" content=\"https:\/\/www.facebook.com\/eldiario.bolivia\/\" \/>\n<meta property=\"article:published_time\" content=\"2026-08-03T05:04:12+00:00\" \/>\n<meta property=\"og:image\" content=\"https:\/\/www.eldiario.net\/portal\/wp-content\/uploads\/2026\/08\/FOTO-1-1.webp\" \/>\n\t<meta property=\"og:image:width\" content=\"1638\" \/>\n\t<meta property=\"og:image:height\" content=\"1118\" \/>\n\t<meta property=\"og:image:type\" content=\"image\/webp\" \/>\n<meta name=\"author\" content=\"Jeanette\" \/>\n<meta name=\"twitter:card\" content=\"summary_large_image\" \/>\n<meta name=\"twitter:creator\" content=\"@eldiario_net\" \/>\n<meta name=\"twitter:site\" content=\"@eldiario_net\" \/>\n<meta name=\"twitter:label1\" content=\"Escrito por\" \/>\n\t<meta name=\"twitter:data1\" content=\"Jeanette\" \/>\n\t<meta name=\"twitter:label2\" content=\"Tiempo de lectura\" \/>\n\t<meta name=\"twitter:data2\" content=\"3 minutos\" \/>\n<script type=\"application\/ld+json\" class=\"yoast-schema-graph\">{\"@context\":\"https:\\\/\\\/schema.org\",\"@graph\":[{\"@type\":\"Article\",\"@id\":\"https:\\\/\\\/www.eldiario.net\\\/portal\\\/2026\\\/08\\\/03\\\/fitectur-2026-convertira-a-la-paz-en-la-vitrina-del-arte-en-vivo-y-el-patrimonio-ancestral\\\/#article\",\"isPartOf\":{\"@id\":\"https:\\\/\\\/www.eldiario.net\\\/portal\\\/2026\\\/08\\\/03\\\/fitectur-2026-convertira-a-la-paz-en-la-vitrina-del-arte-en-vivo-y-el-patrimonio-ancestral\\\/\"},\"author\":{\"name\":\"Jeanette\",\"@id\":\"https:\\\/\\\/www.eldiario.net\\\/portal\\\/#\\\/schema\\\/person\\\/2c57cf2b7a7ae032e449e4c9b1019eac\"},\"headline\":\"Fitectur 2026 convertir\u00e1 a La Paz en la vitrina del arte en vivo y el patrimonio ancestral\",\"datePublished\":\"2026-08-03T05:04:12+00:00\",\"mainEntityOfPage\":{\"@id\":\"https:\\\/\\\/www.eldiario.net\\\/portal\\\/2026\\\/08\\\/03\\\/fitectur-2026-convertira-a-la-paz-en-la-vitrina-del-arte-en-vivo-y-el-patrimonio-ancestral\\\/\"},\"wordCount\":609,\"publisher\":{\"@id\":\"https:\\\/\\\/www.eldiario.net\\\/portal\\\/#organization\"},\"image\":{\"@id\":\"https:\\\/\\\/www.eldiario.net\\\/portal\\\/2026\\\/08\\\/03\\\/fitectur-2026-convertira-a-la-paz-en-la-vitrina-del-arte-en-vivo-y-el-patrimonio-ancestral\\\/#primaryimage\"},\"thumbnailUrl\":\"https:\\\/\\\/www.eldiario.net\\\/portal\\\/wp-content\\\/uploads\\\/2026\\\/08\\\/FOTO-1-1.webp\",\"articleSection\":[\"Cultural\"],\"inLanguage\":\"es\"},{\"@type\":\"WebPage\",\"@id\":\"https:\\\/\\\/www.eldiario.net\\\/portal\\\/2026\\\/08\\\/03\\\/fitectur-2026-convertira-a-la-paz-en-la-vitrina-del-arte-en-vivo-y-el-patrimonio-ancestral\\\/\",\"url\":\"https:\\\/\\\/www.eldiario.net\\\/portal\\\/2026\\\/08\\\/03\\\/fitectur-2026-convertira-a-la-paz-en-la-vitrina-del-arte-en-vivo-y-el-patrimonio-ancestral\\\/\",\"name\":\"Fitectur 2026 convertir\u00e1 a La Paz en la vitrina del arte en vivo y el patrimonio ancestral - El Diario - Bolivia\",\"isPartOf\":{\"@id\":\"https:\\\/\\\/www.eldiario.net\\\/portal\\\/#website\"},\"primaryImageOfPage\":{\"@id\":\"https:\\\/\\\/www.eldiario.net\\\/portal\\\/2026\\\/08\\\/03\\\/fitectur-2026-convertira-a-la-paz-en-la-vitrina-del-arte-en-vivo-y-el-patrimonio-ancestral\\\/#primaryimage\"},\"image\":{\"@id\":\"https:\\\/\\\/www.eldiario.net\\\/portal\\\/2026\\\/08\\\/03\\\/fitectur-2026-convertira-a-la-paz-en-la-vitrina-del-arte-en-vivo-y-el-patrimonio-ancestral\\\/#primaryimage\"},\"thumbnailUrl\":\"https:\\\/\\\/www.eldiario.net\\\/portal\\\/wp-content\\\/uploads\\\/2026\\\/08\\\/FOTO-1-1.webp\",\"datePublished\":\"2026-08-03T05:04:12+00:00\",\"breadcrumb\":{\"@id\":\"https:\\\/\\\/www.eldiario.net\\\/portal\\\/2026\\\/08\\\/03\\\/fitectur-2026-convertira-a-la-paz-en-la-vitrina-del-arte-en-vivo-y-el-patrimonio-ancestral\\\/#breadcrumb\"},\"inLanguage\":\"es\",\"potentialAction\":[{\"@type\":\"ReadAction\",\"target\":[\"https:\\\/\\\/www.eldiario.net\\\/portal\\\/2026\\\/08\\\/03\\\/fitectur-2026-convertira-a-la-paz-en-la-vitrina-del-arte-en-vivo-y-el-patrimonio-ancestral\\\/\"]}]},{\"@type\":\"ImageObject\",\"inLanguage\":\"es\",\"@id\":\"https:\\\/\\\/www.eldiario.net\\\/portal\\\/2026\\\/08\\\/03\\\/fitectur-2026-convertira-a-la-paz-en-la-vitrina-del-arte-en-vivo-y-el-patrimonio-ancestral\\\/#primaryimage\",\"url\":\"https:\\\/\\\/www.eldiario.net\\\/portal\\\/wp-content\\\/uploads\\\/2026\\\/08\\\/FOTO-1-1.webp\",\"contentUrl\":\"https:\\\/\\\/www.eldiario.net\\\/portal\\\/wp-content\\\/uploads\\\/2026\\\/08\\\/FOTO-1-1.webp\",\"width\":1638,\"height\":1118},{\"@type\":\"BreadcrumbList\",\"@id\":\"https:\\\/\\\/www.eldiario.net\\\/portal\\\/2026\\\/08\\\/03\\\/fitectur-2026-convertira-a-la-paz-en-la-vitrina-del-arte-en-vivo-y-el-patrimonio-ancestral\\\/#breadcrumb\",\"itemListElement\":[{\"@type\":\"ListItem\",\"position\":1,\"name\":\"Portada\",\"item\":\"https:\\\/\\\/www.eldiario.net\\\/portal\\\/\"},{\"@type\":\"ListItem\",\"position\":2,\"name\":\"Fitectur 2026 convertir\u00e1 a La Paz en la vitrina del arte en vivo y el patrimonio ancestral\"}]},{\"@type\":\"WebSite\",\"@id\":\"https:\\\/\\\/www.eldiario.net\\\/portal\\\/#website\",\"url\":\"https:\\\/\\\/www.eldiario.net\\\/portal\\\/\",\"name\":\"El Diario - Decano de la prensa nacional\",\"description\":\"El Diario - Decano de la prensa nacional\",\"publisher\":{\"@id\":\"https:\\\/\\\/www.eldiario.net\\\/portal\\\/#organization\"},\"potentialAction\":[{\"@type\":\"SearchAction\",\"target\":{\"@type\":\"EntryPoint\",\"urlTemplate\":\"https:\\\/\\\/www.eldiario.net\\\/portal\\\/?s={search_term_string}\"},\"query-input\":{\"@type\":\"PropertyValueSpecification\",\"valueRequired\":true,\"valueName\":\"search_term_string\"}}],\"inLanguage\":\"es\"},{\"@type\":\"Organization\",\"@id\":\"https:\\\/\\\/www.eldiario.net\\\/portal\\\/#organization\",\"name\":\"El Diario - Decano de la prensa nacional\",\"url\":\"https:\\\/\\\/www.eldiario.net\\\/portal\\\/\",\"logo\":{\"@type\":\"ImageObject\",\"inLanguage\":\"es\",\"@id\":\"https:\\\/\\\/www.eldiario.net\\\/portal\\\/#\\\/schema\\\/logo\\\/image\\\/\",\"url\":\"https:\\\/\\\/www.eldiario.net\\\/portal\\\/wp-content\\\/uploads\\\/2023\\\/07\\\/logo_ED.jpg\",\"contentUrl\":\"https:\\\/\\\/www.eldiario.net\\\/portal\\\/wp-content\\\/uploads\\\/2023\\\/07\\\/logo_ED.jpg\",\"width\":272,\"height\":52,\"caption\":\"El Diario - Decano de la prensa nacional\"},\"image\":{\"@id\":\"https:\\\/\\\/www.eldiario.net\\\/portal\\\/#\\\/schema\\\/logo\\\/image\\\/\"},\"sameAs\":[\"https:\\\/\\\/www.facebook.com\\\/eldiario.bolivia\\\/\",\"https:\\\/\\\/x.com\\\/eldiario_net\"]},{\"@type\":\"Person\",\"@id\":\"https:\\\/\\\/www.eldiario.net\\\/portal\\\/#\\\/schema\\\/person\\\/2c57cf2b7a7ae032e449e4c9b1019eac\",\"name\":\"Jeanette\",\"image\":{\"@type\":\"ImageObject\",\"inLanguage\":\"es\",\"@id\":\"https:\\\/\\\/secure.gravatar.com\\\/avatar\\\/3ea2118a5f7dad2b7138b1187a6b7ee55f160b9968b66013c3a3ef39dd7e5798?s=96&d=mm&r=g\",\"url\":\"https:\\\/\\\/secure.gravatar.com\\\/avatar\\\/3ea2118a5f7dad2b7138b1187a6b7ee55f160b9968b66013c3a3ef39dd7e5798?s=96&d=mm&r=g\",\"contentUrl\":\"https:\\\/\\\/secure.gravatar.com\\\/avatar\\\/3ea2118a5f7dad2b7138b1187a6b7ee55f160b9968b66013c3a3ef39dd7e5798?s=96&d=mm&r=g\",\"caption\":\"Jeanette\"},\"sameAs\":[\"https:\\\/\\\/www.eldiario.net\\\/portal\"],\"url\":\"https:\\\/\\\/www.eldiario.net\\\/portal\\\/author\\\/jeanette\\\/\"}]}<\/script>\n<!-- \/ Yoast SEO plugin. -->","yoast_head_json":{"title":"Fitectur 2026 convertir\u00e1 a La Paz en la vitrina del arte en vivo y el patrimonio ancestral - El Diario - Bolivia","robots":{"index":"index","follow":"follow","max-snippet":"max-snippet:-1","max-image-preview":"max-image-preview:large","max-video-preview":"max-video-preview:-1"},"canonical":"https:\/\/www.eldiario.net\/portal\/2026\/08\/03\/fitectur-2026-convertira-a-la-paz-en-la-vitrina-del-arte-en-vivo-y-el-patrimonio-ancestral\/","og_locale":"es_ES","og_type":"article","og_title":"Fitectur 2026 convertir\u00e1 a La Paz en la vitrina del arte en vivo y el patrimonio ancestral - El Diario - Bolivia","og_description":"El patrimonio cultural, la memoria comunitaria y las expresiones art\u00edsticas contempor\u00e1neas tendr\u00e1n un punto de encuentro privilegiado en la ciudad de La Paz. Del 28 al 30 de agosto, las instalaciones del Hotel Real Plaza se transformar\u00e1n en el escenario principal de la Feria Internacional de Innovaci\u00f3n y Tecnolog\u00eda Tur\u00edstica (FITECTUR) 2026, un evento presentado [&hellip;]","og_url":"https:\/\/www.eldiario.net\/portal\/2026\/08\/03\/fitectur-2026-convertira-a-la-paz-en-la-vitrina-del-arte-en-vivo-y-el-patrimonio-ancestral\/","og_site_name":"El Diario - Bolivia","article_publisher":"https:\/\/www.facebook.com\/eldiario.bolivia\/","article_published_time":"2026-08-03T05:04:12+00:00","og_image":[{"width":1638,"height":1118,"url":"https:\/\/www.eldiario.net\/portal\/wp-content\/uploads\/2026\/08\/FOTO-1-1.webp","type":"image\/webp"}],"author":"Jeanette","twitter_card":"summary_large_image","twitter_creator":"@eldiario_net","twitter_site":"@eldiario_net","twitter_misc":{"Escrito por":"Jeanette","Tiempo de lectura":"3 minutos"},"schema":{"@context":"https:\/\/schema.org","@graph":[{"@type":"Article","@id":"https:\/\/www.eldiario.net\/portal\/2026\/08\/03\/fitectur-2026-convertira-a-la-paz-en-la-vitrina-del-arte-en-vivo-y-el-patrimonio-ancestral\/#article","isPartOf":{"@id":"https:\/\/www.eldiario.net\/portal\/2026\/08\/03\/fitectur-2026-convertira-a-la-paz-en-la-vitrina-del-arte-en-vivo-y-el-patrimonio-ancestral\/"},"author":{"name":"Jeanette","@id":"https:\/\/www.eldiario.net\/portal\/#\/schema\/person\/2c57cf2b7a7ae032e449e4c9b1019eac"},"headline":"Fitectur 2026 convertir\u00e1 a La Paz en la vitrina del arte en vivo y el patrimonio ancestral","datePublished":"2026-08-03T05:04:12+00:00","mainEntityOfPage":{"@id":"https:\/\/www.eldiario.net\/portal\/2026\/08\/03\/fitectur-2026-convertira-a-la-paz-en-la-vitrina-del-arte-en-vivo-y-el-patrimonio-ancestral\/"},"wordCount":609,"publisher":{"@id":"https:\/\/www.eldiario.net\/portal\/#organization"},"image":{"@id":"https:\/\/www.eldiario.net\/portal\/2026\/08\/03\/fitectur-2026-convertira-a-la-paz-en-la-vitrina-del-arte-en-vivo-y-el-patrimonio-ancestral\/#primaryimage"},"thumbnailUrl":"https:\/\/www.eldiario.net\/portal\/wp-content\/uploads\/2026\/08\/FOTO-1-1.webp","articleSection":["Cultural"],"inLanguage":"es"},{"@type":"WebPage","@id":"https:\/\/www.eldiario.net\/portal\/2026\/08\/03\/fitectur-2026-convertira-a-la-paz-en-la-vitrina-del-arte-en-vivo-y-el-patrimonio-ancestral\/","url":"https:\/\/www.eldiario.net\/portal\/2026\/08\/03\/fitectur-2026-convertira-a-la-paz-en-la-vitrina-del-arte-en-vivo-y-el-patrimonio-ancestral\/","name":"Fitectur 2026 convertir\u00e1 a La Paz en la vitrina del arte en vivo y el patrimonio ancestral - El Diario - Bolivia","isPartOf":{"@id":"https:\/\/www.eldiario.net\/portal\/#website"},"primaryImageOfPage":{"@id":"https:\/\/www.eldiario.net\/portal\/2026\/08\/03\/fitectur-2026-convertira-a-la-paz-en-la-vitrina-del-arte-en-vivo-y-el-patrimonio-ancestral\/#primaryimage"},"image":{"@id":"https:\/\/www.eldiario.net\/portal\/2026\/08\/03\/fitectur-2026-convertira-a-la-paz-en-la-vitrina-del-arte-en-vivo-y-el-patrimonio-ancestral\/#primaryimage"},"thumbnailUrl":"https:\/\/www.eldiario.net\/portal\/wp-content\/uploads\/2026\/08\/FOTO-1-1.webp","datePublished":"2026-08-03T05:04:12+00:00","breadcrumb":{"@id":"https:\/\/www.eldiario.net\/portal\/2026\/08\/03\/fitectur-2026-convertira-a-la-paz-en-la-vitrina-del-arte-en-vivo-y-el-patrimonio-ancestral\/#breadcrumb"},"inLanguage":"es","potentialAction":[{"@type":"ReadAction","target":["https:\/\/www.eldiario.net\/portal\/2026\/08\/03\/fitectur-2026-convertira-a-la-paz-en-la-vitrina-del-arte-en-vivo-y-el-patrimonio-ancestral\/"]}]},{"@type":"ImageObject","inLanguage":"es","@id":"https:\/\/www.eldiario.net\/portal\/2026\/08\/03\/fitectur-2026-convertira-a-la-paz-en-la-vitrina-del-arte-en-vivo-y-el-patrimonio-ancestral\/#primaryimage","url":"https:\/\/www.eldiario.net\/portal\/wp-content\/uploads\/2026\/08\/FOTO-1-1.webp","contentUrl":"https:\/\/www.eldiario.net\/portal\/wp-content\/uploads\/2026\/08\/FOTO-1-1.webp","width":1638,"height":1118},{"@type":"BreadcrumbList","@id":"https:\/\/www.eldiario.net\/portal\/2026\/08\/03\/fitectur-2026-convertira-a-la-paz-en-la-vitrina-del-arte-en-vivo-y-el-patrimonio-ancestral\/#breadcrumb","itemListElement":[{"@type":"ListItem","position":1,"name":"Portada","item":"https:\/\/www.eldiario.net\/portal\/"},{"@type":"ListItem","position":2,"name":"Fitectur 2026 convertir\u00e1 a La Paz en la vitrina del arte en vivo y el patrimonio ancestral"}]},{"@type":"WebSite","@id":"https:\/\/www.eldiario.net\/portal\/#website","url":"https:\/\/www.eldiario.net\/portal\/","name":"El Diario - Decano de la prensa nacional","description":"El Diario - Decano de la prensa nacional","publisher":{"@id":"https:\/\/www.eldiario.net\/portal\/#organization"},"potentialAction":[{"@type":"SearchAction","target":{"@type":"EntryPoint","urlTemplate":"https:\/\/www.eldiario.net\/portal\/?s={search_term_string}"},"query-input":{"@type":"PropertyValueSpecification","valueRequired":true,"valueName":"search_term_string"}}],"inLanguage":"es"},{"@type":"Organization","@id":"https:\/\/www.eldiario.net\/portal\/#organization","name":"El Diario - Decano de la prensa nacional","url":"https:\/\/www.eldiario.net\/portal\/","logo":{"@type":"ImageObject","inLanguage":"es","@id":"https:\/\/www.eldiario.net\/portal\/#\/schema\/logo\/image\/","url":"https:\/\/www.eldiario.net\/portal\/wp-content\/uploads\/2023\/07\/logo_ED.jpg","contentUrl":"https:\/\/www.eldiario.net\/portal\/wp-content\/uploads\/2023\/07\/logo_ED.jpg","width":272,"height":52,"caption":"El Diario - Decano de la prensa nacional"},"image":{"@id":"https:\/\/www.eldiario.net\/portal\/#\/schema\/logo\/image\/"},"sameAs":["https:\/\/www.facebook.com\/eldiario.bolivia\/","https:\/\/x.com\/eldiario_net"]},{"@type":"Person","@id":"https:\/\/www.eldiario.net\/portal\/#\/schema\/person\/2c57cf2b7a7ae032e449e4c9b1019eac","name":"Jeanette","image":{"@type":"ImageObject","inLanguage":"es","@id":"https:\/\/secure.gravatar.com\/avatar\/3ea2118a5f7dad2b7138b1187a6b7ee55f160b9968b66013c3a3ef39dd7e5798?s=96&d=mm&r=g","url":"https:\/\/secure.gravatar.com\/avatar\/3ea2118a5f7dad2b7138b1187a6b7ee55f160b9968b66013c3a3ef39dd7e5798?s=96&d=mm&r=g","contentUrl":"https:\/\/secure.gravatar.com\/avatar\/3ea2118a5f7dad2b7138b1187a6b7ee55f160b9968b66013c3a3ef39dd7e5798?s=96&d=mm&r=g","caption":"Jeanette"},"sameAs":["https:\/\/www.eldiario.net\/portal"],"url":"https:\/\/www.eldiario.net\/portal\/author\/jeanette\/"}]}},"_links":{"self":[{"href":"https:\/\/www.eldiario.net\/portal\/wp-json\/wp\/v2\/posts\/418239","targetHints":{"allow":["GET"]}}],"collection":[{"href":"https:\/\/www.eldiario.net\/portal\/wp-json\/wp\/v2\/posts"}],"about":[{"href":"https:\/\/www.eldiario.net\/portal\/wp-json\/wp\/v2\/types\/post"}],"author":[{"embeddable":true,"href":"https:\/\/www.eldiario.net\/portal\/wp-json\/wp\/v2\/users\/1"}],"replies":[{"embeddable":true,"href":"https:\/\/www.eldiario.net\/portal\/wp-json\/wp\/v2\/comments?post=418239"}],"version-history":[{"count":1,"href":"https:\/\/www.eldiario.net\/portal\/wp-json\/wp\/v2\/posts\/418239\/revisions"}],"predecessor-version":[{"id":418244,"href":"https:\/\/www.eldiario.net\/portal\/wp-json\/wp\/v2\/posts\/418239\/revisions\/418244"}],"wp:featuredmedia":[{"embeddable":true,"href":"https:\/\/www.eldiario.net\/portal\/wp-json\/wp\/v2\/media\/418240"}],"wp:attachment":[{"href":"https:\/\/www.eldiario.net\/portal\/wp-json\/wp\/v2\/media?parent=418239"}],"wp:term":[{"taxonomy":"category","embeddable":true,"href":"https:\/\/www.eldiario.net\/portal\/wp-json\/wp\/v2\/categories?post=418239"},{"taxonomy":"post_tag","embeddable":true,"href":"https:\/\/www.eldiario.net\/portal\/wp-json\/wp\/v2\/tags?post=418239"}],"curies":[{"name":"wp","href":"https:\/\/api.w.org\/{rel}","templated":true}]}}