{"id":418229,"date":"2026-08-03T00:00:06","date_gmt":"2026-08-03T04:00:06","guid":{"rendered":"https:\/\/www.eldiario.net\/portal\/?p=418229"},"modified":"2026-08-02T23:00:37","modified_gmt":"2026-08-03T03:00:37","slug":"bose-customtune-sonido-adaptado-a-cada-espacio","status":"publish","type":"post","link":"https:\/\/www.eldiario.net\/portal\/2026\/08\/03\/bose-customtune-sonido-adaptado-a-cada-espacio\/","title":{"rendered":"Bose CustomTune: sonido adaptado a cada espacio"},"content":{"rendered":"<p>La calidad de audio en el hogar suele enfrentarse a un obst\u00e1culo silencioso: la ac\u00fastica de la habitaci\u00f3n. Paredes desnudas, techos altos o cortinas pesadas pueden alterar la forma en que disfrutamos de una pel\u00edcula o una canci\u00f3n. Para superar este desaf\u00edo, Bose ha desarrollado <strong>CustomTune<\/strong>, una tecnolog\u00eda que ajusta autom\u00e1ticamente la salida de audio de la <strong>Lifestyle Ultra Soundbar<\/strong> seg\u00fan las caracter\u00edsticas f\u00edsicas del entorno.<\/p>\n<p><strong>Configuraci\u00f3n sencilla con el celular<\/strong><\/p>\n<p>El proceso de calibraci\u00f3n se realiza mediante la aplicaci\u00f3n oficial de Bose. El usuario coloca su tel\u00e9fono sobre la barra de sonido y activa CustomTune. El micr\u00f3fono del dispositivo capta c\u00f3mo rebotan las se\u00f1ales ac\u00fasticas en paredes y muebles, mientras la barra emite tonos de prueba para calcular distancias y dimensiones. Finalmente, sentado en su posici\u00f3n habitual de escucha, orienta el m\u00f3vil hacia el equipo para que el sistema guarde los par\u00e1metros definitivos.<\/p>\n<p>Este procedimiento convierte un ajuste t\u00e9cnico en una acci\u00f3n cotidiana, accesible para cualquier usuario sin necesidad de conocimientos especializados. La clave est\u00e1 en aprovechar los sensores del celular para transformar la ac\u00fastica de cada espacio en datos que la barra de sonido interpreta y adapta en tiempo real.<\/p>\n<p><strong>Cancelaci\u00f3n de ruido m\u00e1s eficiente<\/strong><\/p>\n<p>CustomTune no solo ecualiza el sonido, tambi\u00e9n optimiza la cancelaci\u00f3n de ruido ambiental. Al reconocer la arquitectura del espacio, genera una barrera de silencio que aten\u00faa voces y ruidos externos dif\u00edciles de bloquear. Esto permite mantener la nitidez del audio sin necesidad de subir el volumen, incluso en estancias con techos altos o paredes irregulares.<\/p>\n<p>La tecnolog\u00eda compensa las imperfecciones del entorno y garantiza que la intenci\u00f3n de los creadores de contenido llegue intacta al oyente. El resultado es una experiencia sonora m\u00e1s inmersiva, que evita distracciones y respeta la fidelidad de la fuente original.<\/p>\n<p><strong>Tecnolog\u00eda con origen aeroespacial<\/strong><\/p>\n<p>La innovaci\u00f3n se inspira en algoritmos utilizados en ingenier\u00eda aeroespacial, adaptados ahora al consumo dom\u00e9stico. Adem\u00e1s de la barra de sonido, Bose ha integrado CustomTune en los <strong>QuietComfort Ultra Earbuds<\/strong>. En este caso, los auriculares emiten un tono breve al colocarse en el o\u00eddo; los micr\u00f3fonos internos registran c\u00f3mo la anatom\u00eda del canal auditivo modifica las frecuencias y ajustan la reproducci\u00f3n para que cada usuario reciba un sonido equilibrado y personalizado.<\/p>\n<p>Este enfoque demuestra c\u00f3mo la marca traslada conocimientos de sectores altamente t\u00e9cnicos a productos de uso cotidiano, reforzando su apuesta por la innovaci\u00f3n aplicada al bienestar sonoro.<\/p>\n<p><strong>Una experiencia sonora personalizada<\/strong><\/p>\n<p>Con CustomTune, Bose busca que cada escucha sea \u00fanica y adaptada al entorno real del usuario. Ya sea en un sal\u00f3n amplio o en una habitaci\u00f3n peque\u00f1a, la tecnolog\u00eda garantiza que el sonido se mantenga n\u00edtido y equilibrado. La propuesta es clara: transformar cualquier espacio en un lugar donde la m\u00fasica, el cine o los videojuegos se disfruten con la m\u00e1xima calidad posible.<\/p>\n","protected":false},"excerpt":{"rendered":"<p>La calidad de audio en el hogar suele enfrentarse a un obst\u00e1culo silencioso: la ac\u00fastica de la habitaci\u00f3n. Paredes desnudas, techos altos o cortinas pesadas pueden alterar la forma en que disfrutamos de una pel\u00edcula o una canci\u00f3n. Para superar este desaf\u00edo, Bose ha desarrollado CustomTune, una tecnolog\u00eda que ajusta autom\u00e1ticamente la salida de audio [&hellip;]<\/p>\n","protected":false},"author":1,"featured_media":418230,"comment_status":"closed","ping_status":"open","sticky":false,"template":"","format":"standard","meta":{"_acf_changed":false,"footnotes":""},"categories":[46],"tags":[],"class_list":["post-418229","post","type-post","status-publish","format-standard","has-post-thumbnail","category-ciencia-computacion"],"acf":{"antetitulo":""},"yoast_head":"<!-- This site is optimized with the Yoast SEO plugin v28.4 - https:\/\/yoast.com\/product\/yoast-seo-wordpress\/ -->\n<title>Bose CustomTune: sonido adaptado a cada espacio - El Diario - Bolivia<\/title>\n<meta name=\"robots\" content=\"index, follow, max-snippet:-1, max-image-preview:large, max-video-preview:-1\" \/>\n<link rel=\"canonical\" href=\"https:\/\/www.eldiario.net\/portal\/2026\/08\/03\/bose-customtune-sonido-adaptado-a-cada-espacio\/\" \/>\n<meta property=\"og:locale\" content=\"es_ES\" \/>\n<meta property=\"og:type\" content=\"article\" \/>\n<meta property=\"og:title\" content=\"Bose CustomTune: sonido adaptado a cada espacio - El Diario - Bolivia\" \/>\n<meta property=\"og:description\" content=\"La calidad de audio en el hogar suele enfrentarse a un obst\u00e1culo silencioso: la ac\u00fastica de la habitaci\u00f3n. Paredes desnudas, techos altos o cortinas pesadas pueden alterar la forma en que disfrutamos de una pel\u00edcula o una canci\u00f3n. Para superar este desaf\u00edo, Bose ha desarrollado CustomTune, una tecnolog\u00eda que ajusta autom\u00e1ticamente la salida de audio [&hellip;]\" \/>\n<meta property=\"og:url\" content=\"https:\/\/www.eldiario.net\/portal\/2026\/08\/03\/bose-customtune-sonido-adaptado-a-cada-espacio\/\" \/>\n<meta property=\"og:site_name\" content=\"El Diario - Bolivia\" \/>\n<meta property=\"article:publisher\" content=\"https:\/\/www.facebook.com\/eldiario.bolivia\/\" \/>\n<meta property=\"article:published_time\" content=\"2026-08-03T04:00:06+00:00\" \/>\n<meta property=\"og:image\" content=\"https:\/\/www.eldiario.net\/portal\/wp-content\/uploads\/2026\/08\/6-A.webp\" \/>\n\t<meta property=\"og:image:width\" content=\"672\" \/>\n\t<meta property=\"og:image:height\" content=\"457\" \/>\n\t<meta property=\"og:image:type\" content=\"image\/webp\" \/>\n<meta name=\"author\" content=\"Jeanette\" \/>\n<meta name=\"twitter:card\" content=\"summary_large_image\" \/>\n<meta name=\"twitter:creator\" content=\"@eldiario_net\" \/>\n<meta name=\"twitter:site\" content=\"@eldiario_net\" \/>\n<meta name=\"twitter:label1\" content=\"Escrito por\" \/>\n\t<meta name=\"twitter:data1\" content=\"Jeanette\" \/>\n\t<meta name=\"twitter:label2\" content=\"Tiempo de lectura\" \/>\n\t<meta name=\"twitter:data2\" content=\"3 minutos\" \/>\n<script type=\"application\/ld+json\" class=\"yoast-schema-graph\">{\"@context\":\"https:\\\/\\\/schema.org\",\"@graph\":[{\"@type\":\"Article\",\"@id\":\"https:\\\/\\\/www.eldiario.net\\\/portal\\\/2026\\\/08\\\/03\\\/bose-customtune-sonido-adaptado-a-cada-espacio\\\/#article\",\"isPartOf\":{\"@id\":\"https:\\\/\\\/www.eldiario.net\\\/portal\\\/2026\\\/08\\\/03\\\/bose-customtune-sonido-adaptado-a-cada-espacio\\\/\"},\"author\":{\"name\":\"Jeanette\",\"@id\":\"https:\\\/\\\/www.eldiario.net\\\/portal\\\/#\\\/schema\\\/person\\\/2c57cf2b7a7ae032e449e4c9b1019eac\"},\"headline\":\"Bose CustomTune: sonido adaptado a cada espacio\",\"datePublished\":\"2026-08-03T04:00:06+00:00\",\"mainEntityOfPage\":{\"@id\":\"https:\\\/\\\/www.eldiario.net\\\/portal\\\/2026\\\/08\\\/03\\\/bose-customtune-sonido-adaptado-a-cada-espacio\\\/\"},\"wordCount\":522,\"publisher\":{\"@id\":\"https:\\\/\\\/www.eldiario.net\\\/portal\\\/#organization\"},\"image\":{\"@id\":\"https:\\\/\\\/www.eldiario.net\\\/portal\\\/2026\\\/08\\\/03\\\/bose-customtune-sonido-adaptado-a-cada-espacio\\\/#primaryimage\"},\"thumbnailUrl\":\"https:\\\/\\\/www.eldiario.net\\\/portal\\\/wp-content\\\/uploads\\\/2026\\\/08\\\/6-A.webp\",\"articleSection\":[\"Ciencia y Computaci\u00f3n\"],\"inLanguage\":\"es\"},{\"@type\":\"WebPage\",\"@id\":\"https:\\\/\\\/www.eldiario.net\\\/portal\\\/2026\\\/08\\\/03\\\/bose-customtune-sonido-adaptado-a-cada-espacio\\\/\",\"url\":\"https:\\\/\\\/www.eldiario.net\\\/portal\\\/2026\\\/08\\\/03\\\/bose-customtune-sonido-adaptado-a-cada-espacio\\\/\",\"name\":\"Bose CustomTune: sonido adaptado a cada espacio - El Diario - Bolivia\",\"isPartOf\":{\"@id\":\"https:\\\/\\\/www.eldiario.net\\\/portal\\\/#website\"},\"primaryImageOfPage\":{\"@id\":\"https:\\\/\\\/www.eldiario.net\\\/portal\\\/2026\\\/08\\\/03\\\/bose-customtune-sonido-adaptado-a-cada-espacio\\\/#primaryimage\"},\"image\":{\"@id\":\"https:\\\/\\\/www.eldiario.net\\\/portal\\\/2026\\\/08\\\/03\\\/bose-customtune-sonido-adaptado-a-cada-espacio\\\/#primaryimage\"},\"thumbnailUrl\":\"https:\\\/\\\/www.eldiario.net\\\/portal\\\/wp-content\\\/uploads\\\/2026\\\/08\\\/6-A.webp\",\"datePublished\":\"2026-08-03T04:00:06+00:00\",\"breadcrumb\":{\"@id\":\"https:\\\/\\\/www.eldiario.net\\\/portal\\\/2026\\\/08\\\/03\\\/bose-customtune-sonido-adaptado-a-cada-espacio\\\/#breadcrumb\"},\"inLanguage\":\"es\",\"potentialAction\":[{\"@type\":\"ReadAction\",\"target\":[\"https:\\\/\\\/www.eldiario.net\\\/portal\\\/2026\\\/08\\\/03\\\/bose-customtune-sonido-adaptado-a-cada-espacio\\\/\"]}]},{\"@type\":\"ImageObject\",\"inLanguage\":\"es\",\"@id\":\"https:\\\/\\\/www.eldiario.net\\\/portal\\\/2026\\\/08\\\/03\\\/bose-customtune-sonido-adaptado-a-cada-espacio\\\/#primaryimage\",\"url\":\"https:\\\/\\\/www.eldiario.net\\\/portal\\\/wp-content\\\/uploads\\\/2026\\\/08\\\/6-A.webp\",\"contentUrl\":\"https:\\\/\\\/www.eldiario.net\\\/portal\\\/wp-content\\\/uploads\\\/2026\\\/08\\\/6-A.webp\",\"width\":672,\"height\":457},{\"@type\":\"BreadcrumbList\",\"@id\":\"https:\\\/\\\/www.eldiario.net\\\/portal\\\/2026\\\/08\\\/03\\\/bose-customtune-sonido-adaptado-a-cada-espacio\\\/#breadcrumb\",\"itemListElement\":[{\"@type\":\"ListItem\",\"position\":1,\"name\":\"Portada\",\"item\":\"https:\\\/\\\/www.eldiario.net\\\/portal\\\/\"},{\"@type\":\"ListItem\",\"position\":2,\"name\":\"Bose CustomTune: sonido adaptado a cada espacio\"}]},{\"@type\":\"WebSite\",\"@id\":\"https:\\\/\\\/www.eldiario.net\\\/portal\\\/#website\",\"url\":\"https:\\\/\\\/www.eldiario.net\\\/portal\\\/\",\"name\":\"El Diario - Decano de la prensa nacional\",\"description\":\"El Diario - Decano de la prensa nacional\",\"publisher\":{\"@id\":\"https:\\\/\\\/www.eldiario.net\\\/portal\\\/#organization\"},\"potentialAction\":[{\"@type\":\"SearchAction\",\"target\":{\"@type\":\"EntryPoint\",\"urlTemplate\":\"https:\\\/\\\/www.eldiario.net\\\/portal\\\/?s={search_term_string}\"},\"query-input\":{\"@type\":\"PropertyValueSpecification\",\"valueRequired\":true,\"valueName\":\"search_term_string\"}}],\"inLanguage\":\"es\"},{\"@type\":\"Organization\",\"@id\":\"https:\\\/\\\/www.eldiario.net\\\/portal\\\/#organization\",\"name\":\"El Diario - Decano de la prensa nacional\",\"url\":\"https:\\\/\\\/www.eldiario.net\\\/portal\\\/\",\"logo\":{\"@type\":\"ImageObject\",\"inLanguage\":\"es\",\"@id\":\"https:\\\/\\\/www.eldiario.net\\\/portal\\\/#\\\/schema\\\/logo\\\/image\\\/\",\"url\":\"https:\\\/\\\/www.eldiario.net\\\/portal\\\/wp-content\\\/uploads\\\/2023\\\/07\\\/logo_ED.jpg\",\"contentUrl\":\"https:\\\/\\\/www.eldiario.net\\\/portal\\\/wp-content\\\/uploads\\\/2023\\\/07\\\/logo_ED.jpg\",\"width\":272,\"height\":52,\"caption\":\"El Diario - Decano de la prensa nacional\"},\"image\":{\"@id\":\"https:\\\/\\\/www.eldiario.net\\\/portal\\\/#\\\/schema\\\/logo\\\/image\\\/\"},\"sameAs\":[\"https:\\\/\\\/www.facebook.com\\\/eldiario.bolivia\\\/\",\"https:\\\/\\\/x.com\\\/eldiario_net\"]},{\"@type\":\"Person\",\"@id\":\"https:\\\/\\\/www.eldiario.net\\\/portal\\\/#\\\/schema\\\/person\\\/2c57cf2b7a7ae032e449e4c9b1019eac\",\"name\":\"Jeanette\",\"image\":{\"@type\":\"ImageObject\",\"inLanguage\":\"es\",\"@id\":\"https:\\\/\\\/secure.gravatar.com\\\/avatar\\\/3ea2118a5f7dad2b7138b1187a6b7ee55f160b9968b66013c3a3ef39dd7e5798?s=96&d=mm&r=g\",\"url\":\"https:\\\/\\\/secure.gravatar.com\\\/avatar\\\/3ea2118a5f7dad2b7138b1187a6b7ee55f160b9968b66013c3a3ef39dd7e5798?s=96&d=mm&r=g\",\"contentUrl\":\"https:\\\/\\\/secure.gravatar.com\\\/avatar\\\/3ea2118a5f7dad2b7138b1187a6b7ee55f160b9968b66013c3a3ef39dd7e5798?s=96&d=mm&r=g\",\"caption\":\"Jeanette\"},\"sameAs\":[\"https:\\\/\\\/www.eldiario.net\\\/portal\"],\"url\":\"https:\\\/\\\/www.eldiario.net\\\/portal\\\/author\\\/jeanette\\\/\"}]}<\/script>\n<!-- \/ Yoast SEO plugin. -->","yoast_head_json":{"title":"Bose CustomTune: sonido adaptado a cada espacio - El Diario - Bolivia","robots":{"index":"index","follow":"follow","max-snippet":"max-snippet:-1","max-image-preview":"max-image-preview:large","max-video-preview":"max-video-preview:-1"},"canonical":"https:\/\/www.eldiario.net\/portal\/2026\/08\/03\/bose-customtune-sonido-adaptado-a-cada-espacio\/","og_locale":"es_ES","og_type":"article","og_title":"Bose CustomTune: sonido adaptado a cada espacio - El Diario - Bolivia","og_description":"La calidad de audio en el hogar suele enfrentarse a un obst\u00e1culo silencioso: la ac\u00fastica de la habitaci\u00f3n. Paredes desnudas, techos altos o cortinas pesadas pueden alterar la forma en que disfrutamos de una pel\u00edcula o una canci\u00f3n. Para superar este desaf\u00edo, Bose ha desarrollado CustomTune, una tecnolog\u00eda que ajusta autom\u00e1ticamente la salida de audio [&hellip;]","og_url":"https:\/\/www.eldiario.net\/portal\/2026\/08\/03\/bose-customtune-sonido-adaptado-a-cada-espacio\/","og_site_name":"El Diario - Bolivia","article_publisher":"https:\/\/www.facebook.com\/eldiario.bolivia\/","article_published_time":"2026-08-03T04:00:06+00:00","og_image":[{"width":672,"height":457,"url":"https:\/\/www.eldiario.net\/portal\/wp-content\/uploads\/2026\/08\/6-A.webp","type":"image\/webp"}],"author":"Jeanette","twitter_card":"summary_large_image","twitter_creator":"@eldiario_net","twitter_site":"@eldiario_net","twitter_misc":{"Escrito por":"Jeanette","Tiempo de lectura":"3 minutos"},"schema":{"@context":"https:\/\/schema.org","@graph":[{"@type":"Article","@id":"https:\/\/www.eldiario.net\/portal\/2026\/08\/03\/bose-customtune-sonido-adaptado-a-cada-espacio\/#article","isPartOf":{"@id":"https:\/\/www.eldiario.net\/portal\/2026\/08\/03\/bose-customtune-sonido-adaptado-a-cada-espacio\/"},"author":{"name":"Jeanette","@id":"https:\/\/www.eldiario.net\/portal\/#\/schema\/person\/2c57cf2b7a7ae032e449e4c9b1019eac"},"headline":"Bose CustomTune: sonido adaptado a cada espacio","datePublished":"2026-08-03T04:00:06+00:00","mainEntityOfPage":{"@id":"https:\/\/www.eldiario.net\/portal\/2026\/08\/03\/bose-customtune-sonido-adaptado-a-cada-espacio\/"},"wordCount":522,"publisher":{"@id":"https:\/\/www.eldiario.net\/portal\/#organization"},"image":{"@id":"https:\/\/www.eldiario.net\/portal\/2026\/08\/03\/bose-customtune-sonido-adaptado-a-cada-espacio\/#primaryimage"},"thumbnailUrl":"https:\/\/www.eldiario.net\/portal\/wp-content\/uploads\/2026\/08\/6-A.webp","articleSection":["Ciencia y Computaci\u00f3n"],"inLanguage":"es"},{"@type":"WebPage","@id":"https:\/\/www.eldiario.net\/portal\/2026\/08\/03\/bose-customtune-sonido-adaptado-a-cada-espacio\/","url":"https:\/\/www.eldiario.net\/portal\/2026\/08\/03\/bose-customtune-sonido-adaptado-a-cada-espacio\/","name":"Bose CustomTune: sonido adaptado a cada espacio - El Diario - Bolivia","isPartOf":{"@id":"https:\/\/www.eldiario.net\/portal\/#website"},"primaryImageOfPage":{"@id":"https:\/\/www.eldiario.net\/portal\/2026\/08\/03\/bose-customtune-sonido-adaptado-a-cada-espacio\/#primaryimage"},"image":{"@id":"https:\/\/www.eldiario.net\/portal\/2026\/08\/03\/bose-customtune-sonido-adaptado-a-cada-espacio\/#primaryimage"},"thumbnailUrl":"https:\/\/www.eldiario.net\/portal\/wp-content\/uploads\/2026\/08\/6-A.webp","datePublished":"2026-08-03T04:00:06+00:00","breadcrumb":{"@id":"https:\/\/www.eldiario.net\/portal\/2026\/08\/03\/bose-customtune-sonido-adaptado-a-cada-espacio\/#breadcrumb"},"inLanguage":"es","potentialAction":[{"@type":"ReadAction","target":["https:\/\/www.eldiario.net\/portal\/2026\/08\/03\/bose-customtune-sonido-adaptado-a-cada-espacio\/"]}]},{"@type":"ImageObject","inLanguage":"es","@id":"https:\/\/www.eldiario.net\/portal\/2026\/08\/03\/bose-customtune-sonido-adaptado-a-cada-espacio\/#primaryimage","url":"https:\/\/www.eldiario.net\/portal\/wp-content\/uploads\/2026\/08\/6-A.webp","contentUrl":"https:\/\/www.eldiario.net\/portal\/wp-content\/uploads\/2026\/08\/6-A.webp","width":672,"height":457},{"@type":"BreadcrumbList","@id":"https:\/\/www.eldiario.net\/portal\/2026\/08\/03\/bose-customtune-sonido-adaptado-a-cada-espacio\/#breadcrumb","itemListElement":[{"@type":"ListItem","position":1,"name":"Portada","item":"https:\/\/www.eldiario.net\/portal\/"},{"@type":"ListItem","position":2,"name":"Bose CustomTune: sonido adaptado a cada espacio"}]},{"@type":"WebSite","@id":"https:\/\/www.eldiario.net\/portal\/#website","url":"https:\/\/www.eldiario.net\/portal\/","name":"El Diario - Decano de la prensa nacional","description":"El Diario - Decano de la prensa nacional","publisher":{"@id":"https:\/\/www.eldiario.net\/portal\/#organization"},"potentialAction":[{"@type":"SearchAction","target":{"@type":"EntryPoint","urlTemplate":"https:\/\/www.eldiario.net\/portal\/?s={search_term_string}"},"query-input":{"@type":"PropertyValueSpecification","valueRequired":true,"valueName":"search_term_string"}}],"inLanguage":"es"},{"@type":"Organization","@id":"https:\/\/www.eldiario.net\/portal\/#organization","name":"El Diario - Decano de la prensa nacional","url":"https:\/\/www.eldiario.net\/portal\/","logo":{"@type":"ImageObject","inLanguage":"es","@id":"https:\/\/www.eldiario.net\/portal\/#\/schema\/logo\/image\/","url":"https:\/\/www.eldiario.net\/portal\/wp-content\/uploads\/2023\/07\/logo_ED.jpg","contentUrl":"https:\/\/www.eldiario.net\/portal\/wp-content\/uploads\/2023\/07\/logo_ED.jpg","width":272,"height":52,"caption":"El Diario - Decano de la prensa nacional"},"image":{"@id":"https:\/\/www.eldiario.net\/portal\/#\/schema\/logo\/image\/"},"sameAs":["https:\/\/www.facebook.com\/eldiario.bolivia\/","https:\/\/x.com\/eldiario_net"]},{"@type":"Person","@id":"https:\/\/www.eldiario.net\/portal\/#\/schema\/person\/2c57cf2b7a7ae032e449e4c9b1019eac","name":"Jeanette","image":{"@type":"ImageObject","inLanguage":"es","@id":"https:\/\/secure.gravatar.com\/avatar\/3ea2118a5f7dad2b7138b1187a6b7ee55f160b9968b66013c3a3ef39dd7e5798?s=96&d=mm&r=g","url":"https:\/\/secure.gravatar.com\/avatar\/3ea2118a5f7dad2b7138b1187a6b7ee55f160b9968b66013c3a3ef39dd7e5798?s=96&d=mm&r=g","contentUrl":"https:\/\/secure.gravatar.com\/avatar\/3ea2118a5f7dad2b7138b1187a6b7ee55f160b9968b66013c3a3ef39dd7e5798?s=96&d=mm&r=g","caption":"Jeanette"},"sameAs":["https:\/\/www.eldiario.net\/portal"],"url":"https:\/\/www.eldiario.net\/portal\/author\/jeanette\/"}]}},"_links":{"self":[{"href":"https:\/\/www.eldiario.net\/portal\/wp-json\/wp\/v2\/posts\/418229","targetHints":{"allow":["GET"]}}],"collection":[{"href":"https:\/\/www.eldiario.net\/portal\/wp-json\/wp\/v2\/posts"}],"about":[{"href":"https:\/\/www.eldiario.net\/portal\/wp-json\/wp\/v2\/types\/post"}],"author":[{"embeddable":true,"href":"https:\/\/www.eldiario.net\/portal\/wp-json\/wp\/v2\/users\/1"}],"replies":[{"embeddable":true,"href":"https:\/\/www.eldiario.net\/portal\/wp-json\/wp\/v2\/comments?post=418229"}],"version-history":[{"count":1,"href":"https:\/\/www.eldiario.net\/portal\/wp-json\/wp\/v2\/posts\/418229\/revisions"}],"predecessor-version":[{"id":418231,"href":"https:\/\/www.eldiario.net\/portal\/wp-json\/wp\/v2\/posts\/418229\/revisions\/418231"}],"wp:featuredmedia":[{"embeddable":true,"href":"https:\/\/www.eldiario.net\/portal\/wp-json\/wp\/v2\/media\/418230"}],"wp:attachment":[{"href":"https:\/\/www.eldiario.net\/portal\/wp-json\/wp\/v2\/media?parent=418229"}],"wp:term":[{"taxonomy":"category","embeddable":true,"href":"https:\/\/www.eldiario.net\/portal\/wp-json\/wp\/v2\/categories?post=418229"},{"taxonomy":"post_tag","embeddable":true,"href":"https:\/\/www.eldiario.net\/portal\/wp-json\/wp\/v2\/tags?post=418229"}],"curies":[{"name":"wp","href":"https:\/\/api.w.org\/{rel}","templated":true}]}}