{"id":418211,"date":"2026-08-03T00:55:23","date_gmt":"2026-08-03T04:55:23","guid":{"rendered":"https:\/\/www.eldiario.net\/portal\/?p=418211"},"modified":"2026-08-02T22:56:08","modified_gmt":"2026-08-03T02:56:08","slug":"las-plataformas-digitales-y-el-trabajo-por-aplicaciones-estan-redefiniendo-las-expectativas-sobre-los-pagos","status":"publish","type":"post","link":"https:\/\/www.eldiario.net\/portal\/2026\/08\/03\/las-plataformas-digitales-y-el-trabajo-por-aplicaciones-estan-redefiniendo-las-expectativas-sobre-los-pagos\/","title":{"rendered":"Las plataformas digitales y el trabajo por aplicaciones est\u00e1n redefiniendo las expectativas sobre los pagos"},"content":{"rendered":"<p>La econom\u00eda impulsada por plataformas digitales, conocida globalmente como econom\u00eda gig, ha transformado la forma en que millones de personas generan ingresos. Conductores, repartidores, freelancers y prestadores de servicios trabajan a trav\u00e9s de aplicaciones que operan en tiempo real, creando nuevas expectativas sobre la velocidad con la que el dinero deber\u00eda llegar a quienes completan cada tarea o servicio. Para Radar, empresa que hace los pagos escalables, resilientes y confiables, estas nuevas expectativas est\u00e1n impulsando una evoluci\u00f3n en la infraestructura necesaria para mover dinero de manera r\u00e1pida, confiable y a gran escala.<\/p>\n<p>El crecimiento de este modelo laboral refleja la magnitud del fen\u00f3meno. De acuerdo con datos de Market Growth Reports, m\u00e1s de 160 millones de personas participaron en la econom\u00eda gig durante 2024, mientras que m\u00e1s de 77 millones realizaron trabajos independientes o por tareas. Las plataformas digitales facilitan cerca del 88% de las actividades de este ecosistema y las interacciones laborales basadas en aplicaciones m\u00f3viles registran un crecimiento promedio del 14% anual en volumen de transacciones desde 2021.<\/p>\n<p>En Am\u00e9rica Latina y el Caribe, la tendencia tambi\u00e9n gana relevancia. Seg\u00fan estimaciones citadas por la Organizaci\u00f3n Internacional del Trabajo (OIT), alrededor de 47 millones de personas est\u00e1n registradas en plataformas digitales basadas en la web, ya sea como trabajadores principales, secundarios o marginales, sobre una fuerza laboral regional cercana a los 330 millones de personas.<\/p>\n<p><em>\u201cA diferencia de los modelos laborales tradicionales, donde los ciclos de pago suelen estar asociados a per\u00edodos quincenales o mensuales, quienes participan en plataformas digitales generan valor de manera continua y esperan acceder a sus recursos con la misma inmediatez con la que prestan sus servicios. Esta tendencia est\u00e1 llevando a las empresas a replantear sus estrategias de operaci\u00f3n de pagos para responder a las nuevas expectativas de los usuarios\u201d<\/em>, explica <strong>Amanda Jacobson, CRO y cofundadora de Radar<\/strong><em>.<\/em><\/p>\n<p>Gran parte de las plataformas digitales todav\u00eda opera bajo esquemas peri\u00f3dicos de liquidaci\u00f3n. Servicios de movilidad y entrega como Uber, Cabify, DiDi y Rappi realizan pagos entre 2 y 7 d\u00edas a conductores y repartidores, quienes reciben sus ganancias acumuladas despu\u00e9s de ciclos de corte establecidos y de los tiempos de procesamiento bancario. Este modelo ha acompa\u00f1ado el crecimiento de la econom\u00eda gig durante a\u00f1os, pero tambi\u00e9n pone de manifiesto la importancia de seguir avanzando hacia experiencias de pago m\u00e1s \u00e1giles y eficientes para millones de trabajadores independientes.<\/p>\n<p><strong>El desaf\u00edo de pagar en tiempo real<\/strong><\/p>\n<p>La expectativa de acceder a los ingresos de forma cada vez m\u00e1s r\u00e1pida est\u00e1 llevando a las plataformas digitales a revisar la infraestructura que soporta sus operaciones de pago. A medida que aumentan los vol\u00famenes de transacciones y las expectativas de inmediatez, la velocidad deja de ser el \u00fanico desaf\u00edo. Las empresas tambi\u00e9n deben garantizar que esos pagos se ejecuten de forma consistente, incluso cuando existen diferencias en la disponibilidad de los bancos, interrupciones operativas o picos de procesamiento.<\/p>\n<p>Por esta raz\u00f3n, conceptos como resiliencia, redundancia y alta disponibilidad est\u00e1n adquiriendo una relevancia creciente dentro de las estrategias de operaci\u00f3n de pagos, permitiendo que una transacci\u00f3n encuentre rutas alternativas cuando una entidad financiera o una conexi\u00f3n presenta indisponibilidades, mientras que la integraci\u00f3n con m\u00faltiples instituciones financieras y la automatizaci\u00f3n de los procesos ayudan a mantener la continuidad operativa y la eficiencia necesarias para soportar pagos a gran escala.<\/p>\n<p>La tendencia continuar\u00e1 ganando relevancia a medida que m\u00e1s personas se incorporen a este modelo econ\u00f3mico. Seg\u00fan <a href=\"https:\/\/www.marketgrowthreports.com\/es\/market-reports\/gig-economy-and-sharing-economy-market-113318\">Market Growth Reports<\/a>, mercados emergentes como Brasil e India suman m\u00e1s de 20 millones de nuevos participantes a la fuerza laboral gig cada a\u00f1o, mientras que los servicios independientes representan cerca del 36% de la participaci\u00f3n total de este ecosistema.<\/p>\n<p><em>\u201cCuando hay trabajadores que esperan acceder a sus ingresos de forma r\u00e1pida y sin fricciones, las plataformas necesitan mecanismos que les permitan mover dinero de manera eficiente a gran escala. La velocidad es una parte fundamental de la ecuaci\u00f3n, pero tambi\u00e9n lo es la capacidad de mantener esa experiencia de forma consistente. Cuando miles de personas dependen de esos recursos para su actividad diaria, la resiliencia de la infraestructura de pagos se convierte en un elemento clave para garantizar continuidad y confianza\u201d<\/em>, afirma <strong>Amanda Jacobson, CRO y cofundadora de Radar<\/strong>.<\/p>\n","protected":false},"excerpt":{"rendered":"<p>La econom\u00eda impulsada por plataformas digitales, conocida globalmente como econom\u00eda gig, ha transformado la forma en que millones de personas generan ingresos. Conductores, repartidores, freelancers y prestadores de servicios trabajan a trav\u00e9s de aplicaciones que operan en tiempo real, creando nuevas expectativas sobre la velocidad con la que el dinero deber\u00eda llegar a quienes completan [&hellip;]<\/p>\n","protected":false},"author":1,"featured_media":418212,"comment_status":"closed","ping_status":"open","sticky":false,"template":"","format":"standard","meta":{"_acf_changed":false,"footnotes":""},"categories":[46],"tags":[],"class_list":["post-418211","post","type-post","status-publish","format-standard","has-post-thumbnail","category-ciencia-computacion"],"acf":{"antetitulo":""},"yoast_head":"<!-- This site is optimized with the Yoast SEO plugin v28.4 - https:\/\/yoast.com\/product\/yoast-seo-wordpress\/ -->\n<title>Las plataformas digitales y el trabajo por aplicaciones est\u00e1n redefiniendo las expectativas sobre los pagos - El Diario - Bolivia<\/title>\n<meta name=\"robots\" content=\"index, follow, max-snippet:-1, max-image-preview:large, max-video-preview:-1\" \/>\n<link rel=\"canonical\" href=\"https:\/\/www.eldiario.net\/portal\/2026\/08\/03\/las-plataformas-digitales-y-el-trabajo-por-aplicaciones-estan-redefiniendo-las-expectativas-sobre-los-pagos\/\" \/>\n<meta property=\"og:locale\" content=\"es_ES\" \/>\n<meta property=\"og:type\" content=\"article\" \/>\n<meta property=\"og:title\" content=\"Las plataformas digitales y el trabajo por aplicaciones est\u00e1n redefiniendo las expectativas sobre los pagos - El Diario - Bolivia\" \/>\n<meta property=\"og:description\" content=\"La econom\u00eda impulsada por plataformas digitales, conocida globalmente como econom\u00eda gig, ha transformado la forma en que millones de personas generan ingresos. Conductores, repartidores, freelancers y prestadores de servicios trabajan a trav\u00e9s de aplicaciones que operan en tiempo real, creando nuevas expectativas sobre la velocidad con la que el dinero deber\u00eda llegar a quienes completan [&hellip;]\" \/>\n<meta property=\"og:url\" content=\"https:\/\/www.eldiario.net\/portal\/2026\/08\/03\/las-plataformas-digitales-y-el-trabajo-por-aplicaciones-estan-redefiniendo-las-expectativas-sobre-los-pagos\/\" \/>\n<meta property=\"og:site_name\" content=\"El Diario - Bolivia\" \/>\n<meta property=\"article:publisher\" content=\"https:\/\/www.facebook.com\/eldiario.bolivia\/\" \/>\n<meta property=\"article:published_time\" content=\"2026-08-03T04:55:23+00:00\" \/>\n<meta property=\"og:image\" content=\"https:\/\/www.eldiario.net\/portal\/wp-content\/uploads\/2026\/08\/7-A-.webp\" \/>\n\t<meta property=\"og:image:width\" content=\"488\" \/>\n\t<meta property=\"og:image:height\" content=\"742\" \/>\n\t<meta property=\"og:image:type\" content=\"image\/webp\" \/>\n<meta name=\"author\" content=\"Jeanette\" \/>\n<meta name=\"twitter:card\" content=\"summary_large_image\" \/>\n<meta name=\"twitter:creator\" content=\"@eldiario_net\" \/>\n<meta name=\"twitter:site\" content=\"@eldiario_net\" \/>\n<meta name=\"twitter:label1\" content=\"Escrito por\" \/>\n\t<meta name=\"twitter:data1\" content=\"Jeanette\" \/>\n\t<meta name=\"twitter:label2\" content=\"Tiempo de lectura\" \/>\n\t<meta name=\"twitter:data2\" content=\"4 minutos\" \/>\n<script type=\"application\/ld+json\" class=\"yoast-schema-graph\">{\"@context\":\"https:\\\/\\\/schema.org\",\"@graph\":[{\"@type\":\"Article\",\"@id\":\"https:\\\/\\\/www.eldiario.net\\\/portal\\\/2026\\\/08\\\/03\\\/las-plataformas-digitales-y-el-trabajo-por-aplicaciones-estan-redefiniendo-las-expectativas-sobre-los-pagos\\\/#article\",\"isPartOf\":{\"@id\":\"https:\\\/\\\/www.eldiario.net\\\/portal\\\/2026\\\/08\\\/03\\\/las-plataformas-digitales-y-el-trabajo-por-aplicaciones-estan-redefiniendo-las-expectativas-sobre-los-pagos\\\/\"},\"author\":{\"name\":\"Jeanette\",\"@id\":\"https:\\\/\\\/www.eldiario.net\\\/portal\\\/#\\\/schema\\\/person\\\/2c57cf2b7a7ae032e449e4c9b1019eac\"},\"headline\":\"Las plataformas digitales y el trabajo por aplicaciones est\u00e1n redefiniendo las expectativas sobre los pagos\",\"datePublished\":\"2026-08-03T04:55:23+00:00\",\"mainEntityOfPage\":{\"@id\":\"https:\\\/\\\/www.eldiario.net\\\/portal\\\/2026\\\/08\\\/03\\\/las-plataformas-digitales-y-el-trabajo-por-aplicaciones-estan-redefiniendo-las-expectativas-sobre-los-pagos\\\/\"},\"wordCount\":750,\"publisher\":{\"@id\":\"https:\\\/\\\/www.eldiario.net\\\/portal\\\/#organization\"},\"image\":{\"@id\":\"https:\\\/\\\/www.eldiario.net\\\/portal\\\/2026\\\/08\\\/03\\\/las-plataformas-digitales-y-el-trabajo-por-aplicaciones-estan-redefiniendo-las-expectativas-sobre-los-pagos\\\/#primaryimage\"},\"thumbnailUrl\":\"https:\\\/\\\/www.eldiario.net\\\/portal\\\/wp-content\\\/uploads\\\/2026\\\/08\\\/7-A-.webp\",\"articleSection\":[\"Ciencia y Computaci\u00f3n\"],\"inLanguage\":\"es\"},{\"@type\":\"WebPage\",\"@id\":\"https:\\\/\\\/www.eldiario.net\\\/portal\\\/2026\\\/08\\\/03\\\/las-plataformas-digitales-y-el-trabajo-por-aplicaciones-estan-redefiniendo-las-expectativas-sobre-los-pagos\\\/\",\"url\":\"https:\\\/\\\/www.eldiario.net\\\/portal\\\/2026\\\/08\\\/03\\\/las-plataformas-digitales-y-el-trabajo-por-aplicaciones-estan-redefiniendo-las-expectativas-sobre-los-pagos\\\/\",\"name\":\"Las plataformas digitales y el trabajo por aplicaciones est\u00e1n redefiniendo las expectativas sobre los pagos - El Diario - Bolivia\",\"isPartOf\":{\"@id\":\"https:\\\/\\\/www.eldiario.net\\\/portal\\\/#website\"},\"primaryImageOfPage\":{\"@id\":\"https:\\\/\\\/www.eldiario.net\\\/portal\\\/2026\\\/08\\\/03\\\/las-plataformas-digitales-y-el-trabajo-por-aplicaciones-estan-redefiniendo-las-expectativas-sobre-los-pagos\\\/#primaryimage\"},\"image\":{\"@id\":\"https:\\\/\\\/www.eldiario.net\\\/portal\\\/2026\\\/08\\\/03\\\/las-plataformas-digitales-y-el-trabajo-por-aplicaciones-estan-redefiniendo-las-expectativas-sobre-los-pagos\\\/#primaryimage\"},\"thumbnailUrl\":\"https:\\\/\\\/www.eldiario.net\\\/portal\\\/wp-content\\\/uploads\\\/2026\\\/08\\\/7-A-.webp\",\"datePublished\":\"2026-08-03T04:55:23+00:00\",\"breadcrumb\":{\"@id\":\"https:\\\/\\\/www.eldiario.net\\\/portal\\\/2026\\\/08\\\/03\\\/las-plataformas-digitales-y-el-trabajo-por-aplicaciones-estan-redefiniendo-las-expectativas-sobre-los-pagos\\\/#breadcrumb\"},\"inLanguage\":\"es\",\"potentialAction\":[{\"@type\":\"ReadAction\",\"target\":[\"https:\\\/\\\/www.eldiario.net\\\/portal\\\/2026\\\/08\\\/03\\\/las-plataformas-digitales-y-el-trabajo-por-aplicaciones-estan-redefiniendo-las-expectativas-sobre-los-pagos\\\/\"]}]},{\"@type\":\"ImageObject\",\"inLanguage\":\"es\",\"@id\":\"https:\\\/\\\/www.eldiario.net\\\/portal\\\/2026\\\/08\\\/03\\\/las-plataformas-digitales-y-el-trabajo-por-aplicaciones-estan-redefiniendo-las-expectativas-sobre-los-pagos\\\/#primaryimage\",\"url\":\"https:\\\/\\\/www.eldiario.net\\\/portal\\\/wp-content\\\/uploads\\\/2026\\\/08\\\/7-A-.webp\",\"contentUrl\":\"https:\\\/\\\/www.eldiario.net\\\/portal\\\/wp-content\\\/uploads\\\/2026\\\/08\\\/7-A-.webp\",\"width\":488,\"height\":742},{\"@type\":\"BreadcrumbList\",\"@id\":\"https:\\\/\\\/www.eldiario.net\\\/portal\\\/2026\\\/08\\\/03\\\/las-plataformas-digitales-y-el-trabajo-por-aplicaciones-estan-redefiniendo-las-expectativas-sobre-los-pagos\\\/#breadcrumb\",\"itemListElement\":[{\"@type\":\"ListItem\",\"position\":1,\"name\":\"Portada\",\"item\":\"https:\\\/\\\/www.eldiario.net\\\/portal\\\/\"},{\"@type\":\"ListItem\",\"position\":2,\"name\":\"Las plataformas digitales y el trabajo por aplicaciones est\u00e1n redefiniendo las expectativas sobre los pagos\"}]},{\"@type\":\"WebSite\",\"@id\":\"https:\\\/\\\/www.eldiario.net\\\/portal\\\/#website\",\"url\":\"https:\\\/\\\/www.eldiario.net\\\/portal\\\/\",\"name\":\"El Diario - Decano de la prensa nacional\",\"description\":\"El Diario - Decano de la prensa nacional\",\"publisher\":{\"@id\":\"https:\\\/\\\/www.eldiario.net\\\/portal\\\/#organization\"},\"potentialAction\":[{\"@type\":\"SearchAction\",\"target\":{\"@type\":\"EntryPoint\",\"urlTemplate\":\"https:\\\/\\\/www.eldiario.net\\\/portal\\\/?s={search_term_string}\"},\"query-input\":{\"@type\":\"PropertyValueSpecification\",\"valueRequired\":true,\"valueName\":\"search_term_string\"}}],\"inLanguage\":\"es\"},{\"@type\":\"Organization\",\"@id\":\"https:\\\/\\\/www.eldiario.net\\\/portal\\\/#organization\",\"name\":\"El Diario - Decano de la prensa nacional\",\"url\":\"https:\\\/\\\/www.eldiario.net\\\/portal\\\/\",\"logo\":{\"@type\":\"ImageObject\",\"inLanguage\":\"es\",\"@id\":\"https:\\\/\\\/www.eldiario.net\\\/portal\\\/#\\\/schema\\\/logo\\\/image\\\/\",\"url\":\"https:\\\/\\\/www.eldiario.net\\\/portal\\\/wp-content\\\/uploads\\\/2023\\\/07\\\/logo_ED.jpg\",\"contentUrl\":\"https:\\\/\\\/www.eldiario.net\\\/portal\\\/wp-content\\\/uploads\\\/2023\\\/07\\\/logo_ED.jpg\",\"width\":272,\"height\":52,\"caption\":\"El Diario - Decano de la prensa nacional\"},\"image\":{\"@id\":\"https:\\\/\\\/www.eldiario.net\\\/portal\\\/#\\\/schema\\\/logo\\\/image\\\/\"},\"sameAs\":[\"https:\\\/\\\/www.facebook.com\\\/eldiario.bolivia\\\/\",\"https:\\\/\\\/x.com\\\/eldiario_net\"]},{\"@type\":\"Person\",\"@id\":\"https:\\\/\\\/www.eldiario.net\\\/portal\\\/#\\\/schema\\\/person\\\/2c57cf2b7a7ae032e449e4c9b1019eac\",\"name\":\"Jeanette\",\"image\":{\"@type\":\"ImageObject\",\"inLanguage\":\"es\",\"@id\":\"https:\\\/\\\/secure.gravatar.com\\\/avatar\\\/3ea2118a5f7dad2b7138b1187a6b7ee55f160b9968b66013c3a3ef39dd7e5798?s=96&d=mm&r=g\",\"url\":\"https:\\\/\\\/secure.gravatar.com\\\/avatar\\\/3ea2118a5f7dad2b7138b1187a6b7ee55f160b9968b66013c3a3ef39dd7e5798?s=96&d=mm&r=g\",\"contentUrl\":\"https:\\\/\\\/secure.gravatar.com\\\/avatar\\\/3ea2118a5f7dad2b7138b1187a6b7ee55f160b9968b66013c3a3ef39dd7e5798?s=96&d=mm&r=g\",\"caption\":\"Jeanette\"},\"sameAs\":[\"https:\\\/\\\/www.eldiario.net\\\/portal\"],\"url\":\"https:\\\/\\\/www.eldiario.net\\\/portal\\\/author\\\/jeanette\\\/\"}]}<\/script>\n<!-- \/ Yoast SEO plugin. -->","yoast_head_json":{"title":"Las plataformas digitales y el trabajo por aplicaciones est\u00e1n redefiniendo las expectativas sobre los pagos - El Diario - Bolivia","robots":{"index":"index","follow":"follow","max-snippet":"max-snippet:-1","max-image-preview":"max-image-preview:large","max-video-preview":"max-video-preview:-1"},"canonical":"https:\/\/www.eldiario.net\/portal\/2026\/08\/03\/las-plataformas-digitales-y-el-trabajo-por-aplicaciones-estan-redefiniendo-las-expectativas-sobre-los-pagos\/","og_locale":"es_ES","og_type":"article","og_title":"Las plataformas digitales y el trabajo por aplicaciones est\u00e1n redefiniendo las expectativas sobre los pagos - El Diario - Bolivia","og_description":"La econom\u00eda impulsada por plataformas digitales, conocida globalmente como econom\u00eda gig, ha transformado la forma en que millones de personas generan ingresos. Conductores, repartidores, freelancers y prestadores de servicios trabajan a trav\u00e9s de aplicaciones que operan en tiempo real, creando nuevas expectativas sobre la velocidad con la que el dinero deber\u00eda llegar a quienes completan [&hellip;]","og_url":"https:\/\/www.eldiario.net\/portal\/2026\/08\/03\/las-plataformas-digitales-y-el-trabajo-por-aplicaciones-estan-redefiniendo-las-expectativas-sobre-los-pagos\/","og_site_name":"El Diario - Bolivia","article_publisher":"https:\/\/www.facebook.com\/eldiario.bolivia\/","article_published_time":"2026-08-03T04:55:23+00:00","og_image":[{"width":488,"height":742,"url":"https:\/\/www.eldiario.net\/portal\/wp-content\/uploads\/2026\/08\/7-A-.webp","type":"image\/webp"}],"author":"Jeanette","twitter_card":"summary_large_image","twitter_creator":"@eldiario_net","twitter_site":"@eldiario_net","twitter_misc":{"Escrito por":"Jeanette","Tiempo de lectura":"4 minutos"},"schema":{"@context":"https:\/\/schema.org","@graph":[{"@type":"Article","@id":"https:\/\/www.eldiario.net\/portal\/2026\/08\/03\/las-plataformas-digitales-y-el-trabajo-por-aplicaciones-estan-redefiniendo-las-expectativas-sobre-los-pagos\/#article","isPartOf":{"@id":"https:\/\/www.eldiario.net\/portal\/2026\/08\/03\/las-plataformas-digitales-y-el-trabajo-por-aplicaciones-estan-redefiniendo-las-expectativas-sobre-los-pagos\/"},"author":{"name":"Jeanette","@id":"https:\/\/www.eldiario.net\/portal\/#\/schema\/person\/2c57cf2b7a7ae032e449e4c9b1019eac"},"headline":"Las plataformas digitales y el trabajo por aplicaciones est\u00e1n redefiniendo las expectativas sobre los pagos","datePublished":"2026-08-03T04:55:23+00:00","mainEntityOfPage":{"@id":"https:\/\/www.eldiario.net\/portal\/2026\/08\/03\/las-plataformas-digitales-y-el-trabajo-por-aplicaciones-estan-redefiniendo-las-expectativas-sobre-los-pagos\/"},"wordCount":750,"publisher":{"@id":"https:\/\/www.eldiario.net\/portal\/#organization"},"image":{"@id":"https:\/\/www.eldiario.net\/portal\/2026\/08\/03\/las-plataformas-digitales-y-el-trabajo-por-aplicaciones-estan-redefiniendo-las-expectativas-sobre-los-pagos\/#primaryimage"},"thumbnailUrl":"https:\/\/www.eldiario.net\/portal\/wp-content\/uploads\/2026\/08\/7-A-.webp","articleSection":["Ciencia y Computaci\u00f3n"],"inLanguage":"es"},{"@type":"WebPage","@id":"https:\/\/www.eldiario.net\/portal\/2026\/08\/03\/las-plataformas-digitales-y-el-trabajo-por-aplicaciones-estan-redefiniendo-las-expectativas-sobre-los-pagos\/","url":"https:\/\/www.eldiario.net\/portal\/2026\/08\/03\/las-plataformas-digitales-y-el-trabajo-por-aplicaciones-estan-redefiniendo-las-expectativas-sobre-los-pagos\/","name":"Las plataformas digitales y el trabajo por aplicaciones est\u00e1n redefiniendo las expectativas sobre los pagos - El Diario - Bolivia","isPartOf":{"@id":"https:\/\/www.eldiario.net\/portal\/#website"},"primaryImageOfPage":{"@id":"https:\/\/www.eldiario.net\/portal\/2026\/08\/03\/las-plataformas-digitales-y-el-trabajo-por-aplicaciones-estan-redefiniendo-las-expectativas-sobre-los-pagos\/#primaryimage"},"image":{"@id":"https:\/\/www.eldiario.net\/portal\/2026\/08\/03\/las-plataformas-digitales-y-el-trabajo-por-aplicaciones-estan-redefiniendo-las-expectativas-sobre-los-pagos\/#primaryimage"},"thumbnailUrl":"https:\/\/www.eldiario.net\/portal\/wp-content\/uploads\/2026\/08\/7-A-.webp","datePublished":"2026-08-03T04:55:23+00:00","breadcrumb":{"@id":"https:\/\/www.eldiario.net\/portal\/2026\/08\/03\/las-plataformas-digitales-y-el-trabajo-por-aplicaciones-estan-redefiniendo-las-expectativas-sobre-los-pagos\/#breadcrumb"},"inLanguage":"es","potentialAction":[{"@type":"ReadAction","target":["https:\/\/www.eldiario.net\/portal\/2026\/08\/03\/las-plataformas-digitales-y-el-trabajo-por-aplicaciones-estan-redefiniendo-las-expectativas-sobre-los-pagos\/"]}]},{"@type":"ImageObject","inLanguage":"es","@id":"https:\/\/www.eldiario.net\/portal\/2026\/08\/03\/las-plataformas-digitales-y-el-trabajo-por-aplicaciones-estan-redefiniendo-las-expectativas-sobre-los-pagos\/#primaryimage","url":"https:\/\/www.eldiario.net\/portal\/wp-content\/uploads\/2026\/08\/7-A-.webp","contentUrl":"https:\/\/www.eldiario.net\/portal\/wp-content\/uploads\/2026\/08\/7-A-.webp","width":488,"height":742},{"@type":"BreadcrumbList","@id":"https:\/\/www.eldiario.net\/portal\/2026\/08\/03\/las-plataformas-digitales-y-el-trabajo-por-aplicaciones-estan-redefiniendo-las-expectativas-sobre-los-pagos\/#breadcrumb","itemListElement":[{"@type":"ListItem","position":1,"name":"Portada","item":"https:\/\/www.eldiario.net\/portal\/"},{"@type":"ListItem","position":2,"name":"Las plataformas digitales y el trabajo por aplicaciones est\u00e1n redefiniendo las expectativas sobre los pagos"}]},{"@type":"WebSite","@id":"https:\/\/www.eldiario.net\/portal\/#website","url":"https:\/\/www.eldiario.net\/portal\/","name":"El Diario - Decano de la prensa nacional","description":"El Diario - Decano de la prensa nacional","publisher":{"@id":"https:\/\/www.eldiario.net\/portal\/#organization"},"potentialAction":[{"@type":"SearchAction","target":{"@type":"EntryPoint","urlTemplate":"https:\/\/www.eldiario.net\/portal\/?s={search_term_string}"},"query-input":{"@type":"PropertyValueSpecification","valueRequired":true,"valueName":"search_term_string"}}],"inLanguage":"es"},{"@type":"Organization","@id":"https:\/\/www.eldiario.net\/portal\/#organization","name":"El Diario - Decano de la prensa nacional","url":"https:\/\/www.eldiario.net\/portal\/","logo":{"@type":"ImageObject","inLanguage":"es","@id":"https:\/\/www.eldiario.net\/portal\/#\/schema\/logo\/image\/","url":"https:\/\/www.eldiario.net\/portal\/wp-content\/uploads\/2023\/07\/logo_ED.jpg","contentUrl":"https:\/\/www.eldiario.net\/portal\/wp-content\/uploads\/2023\/07\/logo_ED.jpg","width":272,"height":52,"caption":"El Diario - Decano de la prensa nacional"},"image":{"@id":"https:\/\/www.eldiario.net\/portal\/#\/schema\/logo\/image\/"},"sameAs":["https:\/\/www.facebook.com\/eldiario.bolivia\/","https:\/\/x.com\/eldiario_net"]},{"@type":"Person","@id":"https:\/\/www.eldiario.net\/portal\/#\/schema\/person\/2c57cf2b7a7ae032e449e4c9b1019eac","name":"Jeanette","image":{"@type":"ImageObject","inLanguage":"es","@id":"https:\/\/secure.gravatar.com\/avatar\/3ea2118a5f7dad2b7138b1187a6b7ee55f160b9968b66013c3a3ef39dd7e5798?s=96&d=mm&r=g","url":"https:\/\/secure.gravatar.com\/avatar\/3ea2118a5f7dad2b7138b1187a6b7ee55f160b9968b66013c3a3ef39dd7e5798?s=96&d=mm&r=g","contentUrl":"https:\/\/secure.gravatar.com\/avatar\/3ea2118a5f7dad2b7138b1187a6b7ee55f160b9968b66013c3a3ef39dd7e5798?s=96&d=mm&r=g","caption":"Jeanette"},"sameAs":["https:\/\/www.eldiario.net\/portal"],"url":"https:\/\/www.eldiario.net\/portal\/author\/jeanette\/"}]}},"_links":{"self":[{"href":"https:\/\/www.eldiario.net\/portal\/wp-json\/wp\/v2\/posts\/418211","targetHints":{"allow":["GET"]}}],"collection":[{"href":"https:\/\/www.eldiario.net\/portal\/wp-json\/wp\/v2\/posts"}],"about":[{"href":"https:\/\/www.eldiario.net\/portal\/wp-json\/wp\/v2\/types\/post"}],"author":[{"embeddable":true,"href":"https:\/\/www.eldiario.net\/portal\/wp-json\/wp\/v2\/users\/1"}],"replies":[{"embeddable":true,"href":"https:\/\/www.eldiario.net\/portal\/wp-json\/wp\/v2\/comments?post=418211"}],"version-history":[{"count":1,"href":"https:\/\/www.eldiario.net\/portal\/wp-json\/wp\/v2\/posts\/418211\/revisions"}],"predecessor-version":[{"id":418213,"href":"https:\/\/www.eldiario.net\/portal\/wp-json\/wp\/v2\/posts\/418211\/revisions\/418213"}],"wp:featuredmedia":[{"embeddable":true,"href":"https:\/\/www.eldiario.net\/portal\/wp-json\/wp\/v2\/media\/418212"}],"wp:attachment":[{"href":"https:\/\/www.eldiario.net\/portal\/wp-json\/wp\/v2\/media?parent=418211"}],"wp:term":[{"taxonomy":"category","embeddable":true,"href":"https:\/\/www.eldiario.net\/portal\/wp-json\/wp\/v2\/categories?post=418211"},{"taxonomy":"post_tag","embeddable":true,"href":"https:\/\/www.eldiario.net\/portal\/wp-json\/wp\/v2\/tags?post=418211"}],"curies":[{"name":"wp","href":"https:\/\/api.w.org\/{rel}","templated":true}]}}