{"id":418208,"date":"2026-08-03T00:54:39","date_gmt":"2026-08-03T04:54:39","guid":{"rendered":"https:\/\/www.eldiario.net\/portal\/?p=418208"},"modified":"2026-08-02T22:55:08","modified_gmt":"2026-08-03T02:55:08","slug":"microsoft-prepara-una-super-app-de-copilot","status":"publish","type":"post","link":"https:\/\/www.eldiario.net\/portal\/2026\/08\/03\/microsoft-prepara-una-super-app-de-copilot\/","title":{"rendered":"Microsoft prepara una s\u00faper app de Copilot"},"content":{"rendered":"<p>Microsoft ha confirmado que est\u00e1 trabajando en una <strong>s\u00faper aplicaci\u00f3n de Copilot<\/strong> que reunir\u00e1 bajo un mismo espacio todas sus herramientas de inteligencia artificial. La compa\u00f1\u00eda busca simplificar su estrategia y ofrecer una experiencia m\u00e1s cohesionada para los usuarios que ya emplean Copilot en distintas \u00e1reas.<\/p>\n<p><strong>Un anuncio directo desde la direcci\u00f3n<\/strong><\/p>\n<p>Satya Nadella, CEO de Microsoft, revel\u00f3 la noticia durante la presentaci\u00f3n de resultados financieros del \u00faltimo trimestre. Seg\u00fan explic\u00f3, la nueva plataforma estar\u00e1 disponible en el corto plazo y permitir\u00e1 integrar funciones como el chatbot Copilot, las herramientas de programaci\u00f3n y las capacidades ag\u00e9nticas en una sola aplicaci\u00f3n. \u201cEste trimestre vamos a integrar todas las experiencias de Copilot en una s\u00faper app. Es un gran paso adelante\u201d, se\u00f1al\u00f3 Nadella.<\/p>\n<p><strong>El reto de unificar funciones<\/strong><\/p>\n<p>Microsoft no es la primera empresa que intenta reunir todas sus herramientas de IA en una aplicaci\u00f3n \u00fanica. OpenAI lleva tiempo experimentando con la app de escritorio de ChatGPT, aunque la experiencia a\u00fan no resulta del todo fluida. El desaf\u00edo de estas aplicaciones es evitar convertirse en un simple contenedor de funciones dispersas. Para que la s\u00faper app de Copilot tenga \u00e9xito, deber\u00e1 ofrecer una experiencia cohesiva y pr\u00e1ctica, no solo un conjunto de caracter\u00edsticas agrupadas bajo la misma marca.<\/p>\n<p>La fragmentaci\u00f3n ha sido uno de los problemas de Copilot hasta ahora. Los usuarios acceden a distintas versiones seg\u00fan el producto: desde Office hasta GitHub, pasando por Windows. La nueva aplicaci\u00f3n busca resolver esa dispersi\u00f3n y ofrecer un acceso centralizado.<\/p>\n<p><strong>Modelos propios y relaci\u00f3n con OpenAI<\/strong><\/p>\n<p>Otro aspecto clave ser\u00e1 la disponibilidad de modelos de lenguaje. Aunque Microsoft sigue dependiendo en parte de los desarrollos de OpenAI, la relaci\u00f3n entre ambas compa\u00f1\u00edas ya no es tan estrecha como en a\u00f1os anteriores. Por ello, los de Redmond han acelerado la creaci\u00f3n de modelos propios.<\/p>\n<p>El mes pasado presentaron <strong>MAI-Thinking-1<\/strong>, su primer modelo de razonamiento desarrollado \u00edntegramente dentro de la compa\u00f1\u00eda. A este se suman otros de la familia MAI, incluida una versi\u00f3n enfocada en ciberseguridad llamada <strong>MAI-Cyber-1-Flash<\/strong>. La s\u00faper app de Copilot podr\u00eda convertirse en el escenario ideal para desplegar estos modelos y ampliar su alcance.<\/p>\n<p><strong>Un paso hacia la automatizaci\u00f3n colaborativa<\/strong><\/p>\n<p>La visi\u00f3n de Microsoft con Copilot est\u00e1 centrada en el trabajo colaborativo y la automatizaci\u00f3n de tareas. La nueva aplicaci\u00f3n pretende ser un espacio donde los usuarios puedan programar, redactar, analizar datos y coordinar proyectos sin necesidad de saltar entre distintas plataformas.<\/p>\n<p>La idea de una s\u00faper app tambi\u00e9n responde a la tendencia de simplificar la experiencia digital. En lugar de m\u00faltiples accesos y configuraciones, los usuarios contar\u00edan con un \u00fanico punto de entrada para todas las funciones de IA de Microsoft.<\/p>\n<p><strong>Expectativas y pr\u00f3ximos pasos<\/strong><\/p>\n<p>Aunque a\u00fan no se conocen todos los detalles, la confirmaci\u00f3n de Nadella marca un compromiso claro con la evoluci\u00f3n de Copilot. La compa\u00f1\u00eda busca posicionarse como l\u00edder en la integraci\u00f3n de inteligencia artificial en el d\u00eda a d\u00eda de empresas y consumidores.<\/p>\n<p>La llegada de esta aplicaci\u00f3n podr\u00eda redefinir c\u00f3mo interactuamos con las herramientas de Microsoft, ofreciendo un ecosistema m\u00e1s integrado y preparado para competir con las propuestas de otros gigantes tecnol\u00f3gicos. Si se cumplen los plazos anunciados, las novedades deber\u00edan empezar a desplegarse en el corto plazo.<\/p>\n<p>&nbsp;<\/p>\n","protected":false},"excerpt":{"rendered":"<p>Microsoft ha confirmado que est\u00e1 trabajando en una s\u00faper aplicaci\u00f3n de Copilot que reunir\u00e1 bajo un mismo espacio todas sus herramientas de inteligencia artificial. La compa\u00f1\u00eda busca simplificar su estrategia y ofrecer una experiencia m\u00e1s cohesionada para los usuarios que ya emplean Copilot en distintas \u00e1reas. Un anuncio directo desde la direcci\u00f3n Satya Nadella, CEO [&hellip;]<\/p>\n","protected":false},"author":1,"featured_media":418209,"comment_status":"closed","ping_status":"open","sticky":false,"template":"","format":"standard","meta":{"_acf_changed":false,"footnotes":""},"categories":[46],"tags":[],"class_list":["post-418208","post","type-post","status-publish","format-standard","has-post-thumbnail","category-ciencia-computacion"],"acf":{"antetitulo":""},"yoast_head":"<!-- This site is optimized with the Yoast SEO plugin v28.4 - https:\/\/yoast.com\/product\/yoast-seo-wordpress\/ -->\n<title>Microsoft prepara una s\u00faper app de Copilot - El Diario - Bolivia<\/title>\n<meta name=\"robots\" content=\"index, follow, max-snippet:-1, max-image-preview:large, max-video-preview:-1\" \/>\n<link rel=\"canonical\" href=\"https:\/\/www.eldiario.net\/portal\/2026\/08\/03\/microsoft-prepara-una-super-app-de-copilot\/\" \/>\n<meta property=\"og:locale\" content=\"es_ES\" \/>\n<meta property=\"og:type\" content=\"article\" \/>\n<meta property=\"og:title\" content=\"Microsoft prepara una s\u00faper app de Copilot - El Diario - Bolivia\" \/>\n<meta property=\"og:description\" content=\"Microsoft ha confirmado que est\u00e1 trabajando en una s\u00faper aplicaci\u00f3n de Copilot que reunir\u00e1 bajo un mismo espacio todas sus herramientas de inteligencia artificial. La compa\u00f1\u00eda busca simplificar su estrategia y ofrecer una experiencia m\u00e1s cohesionada para los usuarios que ya emplean Copilot en distintas \u00e1reas. Un anuncio directo desde la direcci\u00f3n Satya Nadella, CEO [&hellip;]\" \/>\n<meta property=\"og:url\" content=\"https:\/\/www.eldiario.net\/portal\/2026\/08\/03\/microsoft-prepara-una-super-app-de-copilot\/\" \/>\n<meta property=\"og:site_name\" content=\"El Diario - Bolivia\" \/>\n<meta property=\"article:publisher\" content=\"https:\/\/www.facebook.com\/eldiario.bolivia\/\" \/>\n<meta property=\"article:published_time\" content=\"2026-08-03T04:54:39+00:00\" \/>\n<meta property=\"og:image\" content=\"https:\/\/www.eldiario.net\/portal\/wp-content\/uploads\/2026\/08\/8-A-.webp\" \/>\n\t<meta property=\"og:image:width\" content=\"423\" \/>\n\t<meta property=\"og:image:height\" content=\"298\" \/>\n\t<meta property=\"og:image:type\" content=\"image\/webp\" \/>\n<meta name=\"author\" content=\"Jeanette\" \/>\n<meta name=\"twitter:card\" content=\"summary_large_image\" \/>\n<meta name=\"twitter:creator\" content=\"@eldiario_net\" \/>\n<meta name=\"twitter:site\" content=\"@eldiario_net\" \/>\n<meta name=\"twitter:label1\" content=\"Escrito por\" \/>\n\t<meta name=\"twitter:data1\" content=\"Jeanette\" \/>\n\t<meta name=\"twitter:label2\" content=\"Tiempo de lectura\" \/>\n\t<meta name=\"twitter:data2\" content=\"3 minutos\" \/>\n<script type=\"application\/ld+json\" class=\"yoast-schema-graph\">{\"@context\":\"https:\\\/\\\/schema.org\",\"@graph\":[{\"@type\":\"Article\",\"@id\":\"https:\\\/\\\/www.eldiario.net\\\/portal\\\/2026\\\/08\\\/03\\\/microsoft-prepara-una-super-app-de-copilot\\\/#article\",\"isPartOf\":{\"@id\":\"https:\\\/\\\/www.eldiario.net\\\/portal\\\/2026\\\/08\\\/03\\\/microsoft-prepara-una-super-app-de-copilot\\\/\"},\"author\":{\"name\":\"Jeanette\",\"@id\":\"https:\\\/\\\/www.eldiario.net\\\/portal\\\/#\\\/schema\\\/person\\\/2c57cf2b7a7ae032e449e4c9b1019eac\"},\"headline\":\"Microsoft prepara una s\u00faper app de Copilot\",\"datePublished\":\"2026-08-03T04:54:39+00:00\",\"mainEntityOfPage\":{\"@id\":\"https:\\\/\\\/www.eldiario.net\\\/portal\\\/2026\\\/08\\\/03\\\/microsoft-prepara-una-super-app-de-copilot\\\/\"},\"wordCount\":595,\"publisher\":{\"@id\":\"https:\\\/\\\/www.eldiario.net\\\/portal\\\/#organization\"},\"image\":{\"@id\":\"https:\\\/\\\/www.eldiario.net\\\/portal\\\/2026\\\/08\\\/03\\\/microsoft-prepara-una-super-app-de-copilot\\\/#primaryimage\"},\"thumbnailUrl\":\"https:\\\/\\\/www.eldiario.net\\\/portal\\\/wp-content\\\/uploads\\\/2026\\\/08\\\/8-A-.webp\",\"articleSection\":[\"Ciencia y Computaci\u00f3n\"],\"inLanguage\":\"es\"},{\"@type\":\"WebPage\",\"@id\":\"https:\\\/\\\/www.eldiario.net\\\/portal\\\/2026\\\/08\\\/03\\\/microsoft-prepara-una-super-app-de-copilot\\\/\",\"url\":\"https:\\\/\\\/www.eldiario.net\\\/portal\\\/2026\\\/08\\\/03\\\/microsoft-prepara-una-super-app-de-copilot\\\/\",\"name\":\"Microsoft prepara una s\u00faper app de Copilot - El Diario - Bolivia\",\"isPartOf\":{\"@id\":\"https:\\\/\\\/www.eldiario.net\\\/portal\\\/#website\"},\"primaryImageOfPage\":{\"@id\":\"https:\\\/\\\/www.eldiario.net\\\/portal\\\/2026\\\/08\\\/03\\\/microsoft-prepara-una-super-app-de-copilot\\\/#primaryimage\"},\"image\":{\"@id\":\"https:\\\/\\\/www.eldiario.net\\\/portal\\\/2026\\\/08\\\/03\\\/microsoft-prepara-una-super-app-de-copilot\\\/#primaryimage\"},\"thumbnailUrl\":\"https:\\\/\\\/www.eldiario.net\\\/portal\\\/wp-content\\\/uploads\\\/2026\\\/08\\\/8-A-.webp\",\"datePublished\":\"2026-08-03T04:54:39+00:00\",\"breadcrumb\":{\"@id\":\"https:\\\/\\\/www.eldiario.net\\\/portal\\\/2026\\\/08\\\/03\\\/microsoft-prepara-una-super-app-de-copilot\\\/#breadcrumb\"},\"inLanguage\":\"es\",\"potentialAction\":[{\"@type\":\"ReadAction\",\"target\":[\"https:\\\/\\\/www.eldiario.net\\\/portal\\\/2026\\\/08\\\/03\\\/microsoft-prepara-una-super-app-de-copilot\\\/\"]}]},{\"@type\":\"ImageObject\",\"inLanguage\":\"es\",\"@id\":\"https:\\\/\\\/www.eldiario.net\\\/portal\\\/2026\\\/08\\\/03\\\/microsoft-prepara-una-super-app-de-copilot\\\/#primaryimage\",\"url\":\"https:\\\/\\\/www.eldiario.net\\\/portal\\\/wp-content\\\/uploads\\\/2026\\\/08\\\/8-A-.webp\",\"contentUrl\":\"https:\\\/\\\/www.eldiario.net\\\/portal\\\/wp-content\\\/uploads\\\/2026\\\/08\\\/8-A-.webp\",\"width\":423,\"height\":298},{\"@type\":\"BreadcrumbList\",\"@id\":\"https:\\\/\\\/www.eldiario.net\\\/portal\\\/2026\\\/08\\\/03\\\/microsoft-prepara-una-super-app-de-copilot\\\/#breadcrumb\",\"itemListElement\":[{\"@type\":\"ListItem\",\"position\":1,\"name\":\"Portada\",\"item\":\"https:\\\/\\\/www.eldiario.net\\\/portal\\\/\"},{\"@type\":\"ListItem\",\"position\":2,\"name\":\"Microsoft prepara una s\u00faper app de Copilot\"}]},{\"@type\":\"WebSite\",\"@id\":\"https:\\\/\\\/www.eldiario.net\\\/portal\\\/#website\",\"url\":\"https:\\\/\\\/www.eldiario.net\\\/portal\\\/\",\"name\":\"El Diario - Decano de la prensa nacional\",\"description\":\"El Diario - Decano de la prensa nacional\",\"publisher\":{\"@id\":\"https:\\\/\\\/www.eldiario.net\\\/portal\\\/#organization\"},\"potentialAction\":[{\"@type\":\"SearchAction\",\"target\":{\"@type\":\"EntryPoint\",\"urlTemplate\":\"https:\\\/\\\/www.eldiario.net\\\/portal\\\/?s={search_term_string}\"},\"query-input\":{\"@type\":\"PropertyValueSpecification\",\"valueRequired\":true,\"valueName\":\"search_term_string\"}}],\"inLanguage\":\"es\"},{\"@type\":\"Organization\",\"@id\":\"https:\\\/\\\/www.eldiario.net\\\/portal\\\/#organization\",\"name\":\"El Diario - Decano de la prensa nacional\",\"url\":\"https:\\\/\\\/www.eldiario.net\\\/portal\\\/\",\"logo\":{\"@type\":\"ImageObject\",\"inLanguage\":\"es\",\"@id\":\"https:\\\/\\\/www.eldiario.net\\\/portal\\\/#\\\/schema\\\/logo\\\/image\\\/\",\"url\":\"https:\\\/\\\/www.eldiario.net\\\/portal\\\/wp-content\\\/uploads\\\/2023\\\/07\\\/logo_ED.jpg\",\"contentUrl\":\"https:\\\/\\\/www.eldiario.net\\\/portal\\\/wp-content\\\/uploads\\\/2023\\\/07\\\/logo_ED.jpg\",\"width\":272,\"height\":52,\"caption\":\"El Diario - Decano de la prensa nacional\"},\"image\":{\"@id\":\"https:\\\/\\\/www.eldiario.net\\\/portal\\\/#\\\/schema\\\/logo\\\/image\\\/\"},\"sameAs\":[\"https:\\\/\\\/www.facebook.com\\\/eldiario.bolivia\\\/\",\"https:\\\/\\\/x.com\\\/eldiario_net\"]},{\"@type\":\"Person\",\"@id\":\"https:\\\/\\\/www.eldiario.net\\\/portal\\\/#\\\/schema\\\/person\\\/2c57cf2b7a7ae032e449e4c9b1019eac\",\"name\":\"Jeanette\",\"image\":{\"@type\":\"ImageObject\",\"inLanguage\":\"es\",\"@id\":\"https:\\\/\\\/secure.gravatar.com\\\/avatar\\\/3ea2118a5f7dad2b7138b1187a6b7ee55f160b9968b66013c3a3ef39dd7e5798?s=96&d=mm&r=g\",\"url\":\"https:\\\/\\\/secure.gravatar.com\\\/avatar\\\/3ea2118a5f7dad2b7138b1187a6b7ee55f160b9968b66013c3a3ef39dd7e5798?s=96&d=mm&r=g\",\"contentUrl\":\"https:\\\/\\\/secure.gravatar.com\\\/avatar\\\/3ea2118a5f7dad2b7138b1187a6b7ee55f160b9968b66013c3a3ef39dd7e5798?s=96&d=mm&r=g\",\"caption\":\"Jeanette\"},\"sameAs\":[\"https:\\\/\\\/www.eldiario.net\\\/portal\"],\"url\":\"https:\\\/\\\/www.eldiario.net\\\/portal\\\/author\\\/jeanette\\\/\"}]}<\/script>\n<!-- \/ Yoast SEO plugin. -->","yoast_head_json":{"title":"Microsoft prepara una s\u00faper app de Copilot - El Diario - Bolivia","robots":{"index":"index","follow":"follow","max-snippet":"max-snippet:-1","max-image-preview":"max-image-preview:large","max-video-preview":"max-video-preview:-1"},"canonical":"https:\/\/www.eldiario.net\/portal\/2026\/08\/03\/microsoft-prepara-una-super-app-de-copilot\/","og_locale":"es_ES","og_type":"article","og_title":"Microsoft prepara una s\u00faper app de Copilot - El Diario - Bolivia","og_description":"Microsoft ha confirmado que est\u00e1 trabajando en una s\u00faper aplicaci\u00f3n de Copilot que reunir\u00e1 bajo un mismo espacio todas sus herramientas de inteligencia artificial. La compa\u00f1\u00eda busca simplificar su estrategia y ofrecer una experiencia m\u00e1s cohesionada para los usuarios que ya emplean Copilot en distintas \u00e1reas. Un anuncio directo desde la direcci\u00f3n Satya Nadella, CEO [&hellip;]","og_url":"https:\/\/www.eldiario.net\/portal\/2026\/08\/03\/microsoft-prepara-una-super-app-de-copilot\/","og_site_name":"El Diario - Bolivia","article_publisher":"https:\/\/www.facebook.com\/eldiario.bolivia\/","article_published_time":"2026-08-03T04:54:39+00:00","og_image":[{"width":423,"height":298,"url":"https:\/\/www.eldiario.net\/portal\/wp-content\/uploads\/2026\/08\/8-A-.webp","type":"image\/webp"}],"author":"Jeanette","twitter_card":"summary_large_image","twitter_creator":"@eldiario_net","twitter_site":"@eldiario_net","twitter_misc":{"Escrito por":"Jeanette","Tiempo de lectura":"3 minutos"},"schema":{"@context":"https:\/\/schema.org","@graph":[{"@type":"Article","@id":"https:\/\/www.eldiario.net\/portal\/2026\/08\/03\/microsoft-prepara-una-super-app-de-copilot\/#article","isPartOf":{"@id":"https:\/\/www.eldiario.net\/portal\/2026\/08\/03\/microsoft-prepara-una-super-app-de-copilot\/"},"author":{"name":"Jeanette","@id":"https:\/\/www.eldiario.net\/portal\/#\/schema\/person\/2c57cf2b7a7ae032e449e4c9b1019eac"},"headline":"Microsoft prepara una s\u00faper app de Copilot","datePublished":"2026-08-03T04:54:39+00:00","mainEntityOfPage":{"@id":"https:\/\/www.eldiario.net\/portal\/2026\/08\/03\/microsoft-prepara-una-super-app-de-copilot\/"},"wordCount":595,"publisher":{"@id":"https:\/\/www.eldiario.net\/portal\/#organization"},"image":{"@id":"https:\/\/www.eldiario.net\/portal\/2026\/08\/03\/microsoft-prepara-una-super-app-de-copilot\/#primaryimage"},"thumbnailUrl":"https:\/\/www.eldiario.net\/portal\/wp-content\/uploads\/2026\/08\/8-A-.webp","articleSection":["Ciencia y Computaci\u00f3n"],"inLanguage":"es"},{"@type":"WebPage","@id":"https:\/\/www.eldiario.net\/portal\/2026\/08\/03\/microsoft-prepara-una-super-app-de-copilot\/","url":"https:\/\/www.eldiario.net\/portal\/2026\/08\/03\/microsoft-prepara-una-super-app-de-copilot\/","name":"Microsoft prepara una s\u00faper app de Copilot - El Diario - Bolivia","isPartOf":{"@id":"https:\/\/www.eldiario.net\/portal\/#website"},"primaryImageOfPage":{"@id":"https:\/\/www.eldiario.net\/portal\/2026\/08\/03\/microsoft-prepara-una-super-app-de-copilot\/#primaryimage"},"image":{"@id":"https:\/\/www.eldiario.net\/portal\/2026\/08\/03\/microsoft-prepara-una-super-app-de-copilot\/#primaryimage"},"thumbnailUrl":"https:\/\/www.eldiario.net\/portal\/wp-content\/uploads\/2026\/08\/8-A-.webp","datePublished":"2026-08-03T04:54:39+00:00","breadcrumb":{"@id":"https:\/\/www.eldiario.net\/portal\/2026\/08\/03\/microsoft-prepara-una-super-app-de-copilot\/#breadcrumb"},"inLanguage":"es","potentialAction":[{"@type":"ReadAction","target":["https:\/\/www.eldiario.net\/portal\/2026\/08\/03\/microsoft-prepara-una-super-app-de-copilot\/"]}]},{"@type":"ImageObject","inLanguage":"es","@id":"https:\/\/www.eldiario.net\/portal\/2026\/08\/03\/microsoft-prepara-una-super-app-de-copilot\/#primaryimage","url":"https:\/\/www.eldiario.net\/portal\/wp-content\/uploads\/2026\/08\/8-A-.webp","contentUrl":"https:\/\/www.eldiario.net\/portal\/wp-content\/uploads\/2026\/08\/8-A-.webp","width":423,"height":298},{"@type":"BreadcrumbList","@id":"https:\/\/www.eldiario.net\/portal\/2026\/08\/03\/microsoft-prepara-una-super-app-de-copilot\/#breadcrumb","itemListElement":[{"@type":"ListItem","position":1,"name":"Portada","item":"https:\/\/www.eldiario.net\/portal\/"},{"@type":"ListItem","position":2,"name":"Microsoft prepara una s\u00faper app de Copilot"}]},{"@type":"WebSite","@id":"https:\/\/www.eldiario.net\/portal\/#website","url":"https:\/\/www.eldiario.net\/portal\/","name":"El Diario - Decano de la prensa nacional","description":"El Diario - Decano de la prensa nacional","publisher":{"@id":"https:\/\/www.eldiario.net\/portal\/#organization"},"potentialAction":[{"@type":"SearchAction","target":{"@type":"EntryPoint","urlTemplate":"https:\/\/www.eldiario.net\/portal\/?s={search_term_string}"},"query-input":{"@type":"PropertyValueSpecification","valueRequired":true,"valueName":"search_term_string"}}],"inLanguage":"es"},{"@type":"Organization","@id":"https:\/\/www.eldiario.net\/portal\/#organization","name":"El Diario - Decano de la prensa nacional","url":"https:\/\/www.eldiario.net\/portal\/","logo":{"@type":"ImageObject","inLanguage":"es","@id":"https:\/\/www.eldiario.net\/portal\/#\/schema\/logo\/image\/","url":"https:\/\/www.eldiario.net\/portal\/wp-content\/uploads\/2023\/07\/logo_ED.jpg","contentUrl":"https:\/\/www.eldiario.net\/portal\/wp-content\/uploads\/2023\/07\/logo_ED.jpg","width":272,"height":52,"caption":"El Diario - Decano de la prensa nacional"},"image":{"@id":"https:\/\/www.eldiario.net\/portal\/#\/schema\/logo\/image\/"},"sameAs":["https:\/\/www.facebook.com\/eldiario.bolivia\/","https:\/\/x.com\/eldiario_net"]},{"@type":"Person","@id":"https:\/\/www.eldiario.net\/portal\/#\/schema\/person\/2c57cf2b7a7ae032e449e4c9b1019eac","name":"Jeanette","image":{"@type":"ImageObject","inLanguage":"es","@id":"https:\/\/secure.gravatar.com\/avatar\/3ea2118a5f7dad2b7138b1187a6b7ee55f160b9968b66013c3a3ef39dd7e5798?s=96&d=mm&r=g","url":"https:\/\/secure.gravatar.com\/avatar\/3ea2118a5f7dad2b7138b1187a6b7ee55f160b9968b66013c3a3ef39dd7e5798?s=96&d=mm&r=g","contentUrl":"https:\/\/secure.gravatar.com\/avatar\/3ea2118a5f7dad2b7138b1187a6b7ee55f160b9968b66013c3a3ef39dd7e5798?s=96&d=mm&r=g","caption":"Jeanette"},"sameAs":["https:\/\/www.eldiario.net\/portal"],"url":"https:\/\/www.eldiario.net\/portal\/author\/jeanette\/"}]}},"_links":{"self":[{"href":"https:\/\/www.eldiario.net\/portal\/wp-json\/wp\/v2\/posts\/418208","targetHints":{"allow":["GET"]}}],"collection":[{"href":"https:\/\/www.eldiario.net\/portal\/wp-json\/wp\/v2\/posts"}],"about":[{"href":"https:\/\/www.eldiario.net\/portal\/wp-json\/wp\/v2\/types\/post"}],"author":[{"embeddable":true,"href":"https:\/\/www.eldiario.net\/portal\/wp-json\/wp\/v2\/users\/1"}],"replies":[{"embeddable":true,"href":"https:\/\/www.eldiario.net\/portal\/wp-json\/wp\/v2\/comments?post=418208"}],"version-history":[{"count":1,"href":"https:\/\/www.eldiario.net\/portal\/wp-json\/wp\/v2\/posts\/418208\/revisions"}],"predecessor-version":[{"id":418210,"href":"https:\/\/www.eldiario.net\/portal\/wp-json\/wp\/v2\/posts\/418208\/revisions\/418210"}],"wp:featuredmedia":[{"embeddable":true,"href":"https:\/\/www.eldiario.net\/portal\/wp-json\/wp\/v2\/media\/418209"}],"wp:attachment":[{"href":"https:\/\/www.eldiario.net\/portal\/wp-json\/wp\/v2\/media?parent=418208"}],"wp:term":[{"taxonomy":"category","embeddable":true,"href":"https:\/\/www.eldiario.net\/portal\/wp-json\/wp\/v2\/categories?post=418208"},{"taxonomy":"post_tag","embeddable":true,"href":"https:\/\/www.eldiario.net\/portal\/wp-json\/wp\/v2\/tags?post=418208"}],"curies":[{"name":"wp","href":"https:\/\/api.w.org\/{rel}","templated":true}]}}