{"id":418205,"date":"2026-08-03T00:53:57","date_gmt":"2026-08-03T04:53:57","guid":{"rendered":"https:\/\/www.eldiario.net\/portal\/?p=418205"},"modified":"2026-08-02T22:54:25","modified_gmt":"2026-08-03T02:54:25","slug":"onedrive-photos-la-app-que-aparece-sola-en-windows-11","status":"publish","type":"post","link":"https:\/\/www.eldiario.net\/portal\/2026\/08\/03\/onedrive-photos-la-app-que-aparece-sola-en-windows-11\/","title":{"rendered":"OneDrive Photos: la app que aparece sola en Windows 11"},"content":{"rendered":"<p>Microsoft ha sorprendido a muchos usuarios de Windows 11 con la llegada silenciosa de <strong>OneDrive Photos<\/strong>, una aplicaci\u00f3n que se instala sin previo aviso y que no puede eliminarse sin borrar tambi\u00e9n OneDrive. El programa se integra directamente en el sistema y ha despertado debate por la forma en que gestiona las im\u00e1genes guardadas en el ordenador.<\/p>\n<p><strong>Un visor que llega pegado a OneDrive<\/strong><\/p>\n<p>OneDrive Photos no es una aplicaci\u00f3n independiente, sino parte del mismo paquete que OneDrive. Se ejecuta a trav\u00e9s de un archivo espec\u00edfico y aparece en el men\u00fa Inicio como si fuera un visor adicional. En la pr\u00e1ctica, conviven dos programas bajo el mismo paraguas: el cliente de almacenamiento en la nube y este nuevo visor de fotos.<\/p>\n<p>El escaneo que realiza sobre las carpetas de im\u00e1genes es local, similar al que hacen otros visores para generar miniaturas. No env\u00eda datos a la nube mientras no se inicie sesi\u00f3n con una cuenta de Microsoft. Sin embargo, muchos usuarios se han encontrado con la aplicaci\u00f3n mostrando sus fotos guardadas en el disco duro sin haberla solicitado.<\/p>\n<p><strong>Dise\u00f1o y funciones<\/strong><\/p>\n<p>La interfaz de OneDrive Photos sigue el estilo acr\u00edlico de Windows 11 y organiza las im\u00e1genes en varias secciones. Cuando no hay sesi\u00f3n iniciada, muestra las fotos almacenadas en el equipo. Al abrir una imagen, ofrece opciones para editarla, compartirla, marcarla como favorita, copiarla, eliminarla o imprimirla. Son funciones similares a las que ya existen en la app Fotos de Microsoft.<\/p>\n<p>Al iniciar sesi\u00f3n, la aplicaci\u00f3n se convierte en una galer\u00eda completa de OneDrive. Incluye b\u00fasqueda asistida por inteligencia artificial y reconocimiento de texto en im\u00e1genes mediante OCR, lo que facilita localizar documentos o capturas con palabras espec\u00edficas.<\/p>\n<p><strong>Reconocimiento facial y privacidad<\/strong><\/p>\n<p>Una de las funciones m\u00e1s comentadas es <strong>People<\/strong>, que agrupa autom\u00e1ticamente las fotos con rostros similares. Microsoft asegura que esta opci\u00f3n no se activa sin permiso y que pide autorizaci\u00f3n expl\u00edcita antes de funcionar. Tambi\u00e9n advierte que, en algunas regiones, los datos faciales pueden considerarse informaci\u00f3n biom\u00e9trica regulada por ley.<\/p>\n<p>La compa\u00f1\u00eda afirma que solo el usuario puede ver los rostros agrupados, que no se comparten con terceros y que se pueden eliminar desactivando la funci\u00f3n en la configuraci\u00f3n. Aun as\u00ed, la llegada de un motor de an\u00e1lisis de im\u00e1genes sin que nadie lo pidiera ha generado desconfianza sobre c\u00f3mo Windows 11 maneja el consentimiento en este tipo de herramientas.<\/p>\n<p><strong>El problema de la desinstalaci\u00f3n<\/strong><\/p>\n<p>M\u00e1s all\u00e1 de lo que hace la aplicaci\u00f3n, la pol\u00e9mica surge por c\u00f3mo ha llegado al sistema. OneDrive Photos aparece tras una actualizaci\u00f3n de Windows Update o del propio cliente de OneDrive, y no existe un bot\u00f3n para desinstalarla por separado. La \u00fanica entrada visible en el panel de aplicaciones instaladas sigue siendo OneDrive.<\/p>\n<p>Quien quiera eliminar el visor extra debe desinstalar OneDrive en su totalidad desde Configuraci\u00f3n &gt; Aplicaciones &gt; Aplicaciones instaladas. Esto implica perder tambi\u00e9n la sincronizaci\u00f3n de archivos y las copias de seguridad autom\u00e1ticas, lo que convierte la decisi\u00f3n en un dilema para quienes no desean usar la nueva app.<\/p>\n<p><strong>Una llegada inesperada<\/strong><\/p>\n<p>La aparici\u00f3n de OneDrive Photos refleja la estrategia de Microsoft de integrar m\u00e1s funciones en su ecosistema, pero tambi\u00e9n abre un debate sobre la transparencia y el control que tienen los usuarios sobre su propio sistema operativo. Aunque ofrece herramientas \u00fatiles como el reconocimiento de texto y la organizaci\u00f3n por rostros, su instalaci\u00f3n autom\u00e1tica y la imposibilidad de borrarla sin sacrificar OneDrive han generado m\u00e1s dudas que entusiasmo.<\/p>\n","protected":false},"excerpt":{"rendered":"<p>Microsoft ha sorprendido a muchos usuarios de Windows 11 con la llegada silenciosa de OneDrive Photos, una aplicaci\u00f3n que se instala sin previo aviso y que no puede eliminarse sin borrar tambi\u00e9n OneDrive. El programa se integra directamente en el sistema y ha despertado debate por la forma en que gestiona las im\u00e1genes guardadas en [&hellip;]<\/p>\n","protected":false},"author":1,"featured_media":418206,"comment_status":"closed","ping_status":"open","sticky":false,"template":"","format":"standard","meta":{"_acf_changed":false,"footnotes":""},"categories":[46],"tags":[],"class_list":["post-418205","post","type-post","status-publish","format-standard","has-post-thumbnail","category-ciencia-computacion"],"acf":{"antetitulo":""},"yoast_head":"<!-- This site is optimized with the Yoast SEO plugin v28.4 - https:\/\/yoast.com\/product\/yoast-seo-wordpress\/ -->\n<title>OneDrive Photos: la app que aparece sola en Windows 11 - El Diario - Bolivia<\/title>\n<meta name=\"robots\" content=\"index, follow, max-snippet:-1, max-image-preview:large, max-video-preview:-1\" \/>\n<link rel=\"canonical\" href=\"https:\/\/www.eldiario.net\/portal\/2026\/08\/03\/onedrive-photos-la-app-que-aparece-sola-en-windows-11\/\" \/>\n<meta property=\"og:locale\" content=\"es_ES\" \/>\n<meta property=\"og:type\" content=\"article\" \/>\n<meta property=\"og:title\" content=\"OneDrive Photos: la app que aparece sola en Windows 11 - El Diario - Bolivia\" \/>\n<meta property=\"og:description\" content=\"Microsoft ha sorprendido a muchos usuarios de Windows 11 con la llegada silenciosa de OneDrive Photos, una aplicaci\u00f3n que se instala sin previo aviso y que no puede eliminarse sin borrar tambi\u00e9n OneDrive. El programa se integra directamente en el sistema y ha despertado debate por la forma en que gestiona las im\u00e1genes guardadas en [&hellip;]\" \/>\n<meta property=\"og:url\" content=\"https:\/\/www.eldiario.net\/portal\/2026\/08\/03\/onedrive-photos-la-app-que-aparece-sola-en-windows-11\/\" \/>\n<meta property=\"og:site_name\" content=\"El Diario - Bolivia\" \/>\n<meta property=\"article:publisher\" content=\"https:\/\/www.facebook.com\/eldiario.bolivia\/\" \/>\n<meta property=\"article:published_time\" content=\"2026-08-03T04:53:57+00:00\" \/>\n<meta property=\"og:image\" content=\"https:\/\/www.eldiario.net\/portal\/wp-content\/uploads\/2026\/08\/2-A-.webp\" \/>\n\t<meta property=\"og:image:width\" content=\"814\" \/>\n\t<meta property=\"og:image:height\" content=\"462\" \/>\n\t<meta property=\"og:image:type\" content=\"image\/webp\" \/>\n<meta name=\"author\" content=\"Jeanette\" \/>\n<meta name=\"twitter:card\" content=\"summary_large_image\" \/>\n<meta name=\"twitter:creator\" content=\"@eldiario_net\" \/>\n<meta name=\"twitter:site\" content=\"@eldiario_net\" \/>\n<meta name=\"twitter:label1\" content=\"Escrito por\" \/>\n\t<meta name=\"twitter:data1\" content=\"Jeanette\" \/>\n\t<meta name=\"twitter:label2\" content=\"Tiempo de lectura\" \/>\n\t<meta name=\"twitter:data2\" content=\"3 minutos\" \/>\n<script type=\"application\/ld+json\" class=\"yoast-schema-graph\">{\"@context\":\"https:\\\/\\\/schema.org\",\"@graph\":[{\"@type\":\"Article\",\"@id\":\"https:\\\/\\\/www.eldiario.net\\\/portal\\\/2026\\\/08\\\/03\\\/onedrive-photos-la-app-que-aparece-sola-en-windows-11\\\/#article\",\"isPartOf\":{\"@id\":\"https:\\\/\\\/www.eldiario.net\\\/portal\\\/2026\\\/08\\\/03\\\/onedrive-photos-la-app-que-aparece-sola-en-windows-11\\\/\"},\"author\":{\"name\":\"Jeanette\",\"@id\":\"https:\\\/\\\/www.eldiario.net\\\/portal\\\/#\\\/schema\\\/person\\\/2c57cf2b7a7ae032e449e4c9b1019eac\"},\"headline\":\"OneDrive Photos: la app que aparece sola en Windows 11\",\"datePublished\":\"2026-08-03T04:53:57+00:00\",\"mainEntityOfPage\":{\"@id\":\"https:\\\/\\\/www.eldiario.net\\\/portal\\\/2026\\\/08\\\/03\\\/onedrive-photos-la-app-que-aparece-sola-en-windows-11\\\/\"},\"wordCount\":632,\"publisher\":{\"@id\":\"https:\\\/\\\/www.eldiario.net\\\/portal\\\/#organization\"},\"image\":{\"@id\":\"https:\\\/\\\/www.eldiario.net\\\/portal\\\/2026\\\/08\\\/03\\\/onedrive-photos-la-app-que-aparece-sola-en-windows-11\\\/#primaryimage\"},\"thumbnailUrl\":\"https:\\\/\\\/www.eldiario.net\\\/portal\\\/wp-content\\\/uploads\\\/2026\\\/08\\\/2-A-.webp\",\"articleSection\":[\"Ciencia y Computaci\u00f3n\"],\"inLanguage\":\"es\"},{\"@type\":\"WebPage\",\"@id\":\"https:\\\/\\\/www.eldiario.net\\\/portal\\\/2026\\\/08\\\/03\\\/onedrive-photos-la-app-que-aparece-sola-en-windows-11\\\/\",\"url\":\"https:\\\/\\\/www.eldiario.net\\\/portal\\\/2026\\\/08\\\/03\\\/onedrive-photos-la-app-que-aparece-sola-en-windows-11\\\/\",\"name\":\"OneDrive Photos: la app que aparece sola en Windows 11 - El Diario - Bolivia\",\"isPartOf\":{\"@id\":\"https:\\\/\\\/www.eldiario.net\\\/portal\\\/#website\"},\"primaryImageOfPage\":{\"@id\":\"https:\\\/\\\/www.eldiario.net\\\/portal\\\/2026\\\/08\\\/03\\\/onedrive-photos-la-app-que-aparece-sola-en-windows-11\\\/#primaryimage\"},\"image\":{\"@id\":\"https:\\\/\\\/www.eldiario.net\\\/portal\\\/2026\\\/08\\\/03\\\/onedrive-photos-la-app-que-aparece-sola-en-windows-11\\\/#primaryimage\"},\"thumbnailUrl\":\"https:\\\/\\\/www.eldiario.net\\\/portal\\\/wp-content\\\/uploads\\\/2026\\\/08\\\/2-A-.webp\",\"datePublished\":\"2026-08-03T04:53:57+00:00\",\"breadcrumb\":{\"@id\":\"https:\\\/\\\/www.eldiario.net\\\/portal\\\/2026\\\/08\\\/03\\\/onedrive-photos-la-app-que-aparece-sola-en-windows-11\\\/#breadcrumb\"},\"inLanguage\":\"es\",\"potentialAction\":[{\"@type\":\"ReadAction\",\"target\":[\"https:\\\/\\\/www.eldiario.net\\\/portal\\\/2026\\\/08\\\/03\\\/onedrive-photos-la-app-que-aparece-sola-en-windows-11\\\/\"]}]},{\"@type\":\"ImageObject\",\"inLanguage\":\"es\",\"@id\":\"https:\\\/\\\/www.eldiario.net\\\/portal\\\/2026\\\/08\\\/03\\\/onedrive-photos-la-app-que-aparece-sola-en-windows-11\\\/#primaryimage\",\"url\":\"https:\\\/\\\/www.eldiario.net\\\/portal\\\/wp-content\\\/uploads\\\/2026\\\/08\\\/2-A-.webp\",\"contentUrl\":\"https:\\\/\\\/www.eldiario.net\\\/portal\\\/wp-content\\\/uploads\\\/2026\\\/08\\\/2-A-.webp\",\"width\":814,\"height\":462},{\"@type\":\"BreadcrumbList\",\"@id\":\"https:\\\/\\\/www.eldiario.net\\\/portal\\\/2026\\\/08\\\/03\\\/onedrive-photos-la-app-que-aparece-sola-en-windows-11\\\/#breadcrumb\",\"itemListElement\":[{\"@type\":\"ListItem\",\"position\":1,\"name\":\"Portada\",\"item\":\"https:\\\/\\\/www.eldiario.net\\\/portal\\\/\"},{\"@type\":\"ListItem\",\"position\":2,\"name\":\"OneDrive Photos: la app que aparece sola en Windows 11\"}]},{\"@type\":\"WebSite\",\"@id\":\"https:\\\/\\\/www.eldiario.net\\\/portal\\\/#website\",\"url\":\"https:\\\/\\\/www.eldiario.net\\\/portal\\\/\",\"name\":\"El Diario - Decano de la prensa nacional\",\"description\":\"El Diario - Decano de la prensa nacional\",\"publisher\":{\"@id\":\"https:\\\/\\\/www.eldiario.net\\\/portal\\\/#organization\"},\"potentialAction\":[{\"@type\":\"SearchAction\",\"target\":{\"@type\":\"EntryPoint\",\"urlTemplate\":\"https:\\\/\\\/www.eldiario.net\\\/portal\\\/?s={search_term_string}\"},\"query-input\":{\"@type\":\"PropertyValueSpecification\",\"valueRequired\":true,\"valueName\":\"search_term_string\"}}],\"inLanguage\":\"es\"},{\"@type\":\"Organization\",\"@id\":\"https:\\\/\\\/www.eldiario.net\\\/portal\\\/#organization\",\"name\":\"El Diario - Decano de la prensa nacional\",\"url\":\"https:\\\/\\\/www.eldiario.net\\\/portal\\\/\",\"logo\":{\"@type\":\"ImageObject\",\"inLanguage\":\"es\",\"@id\":\"https:\\\/\\\/www.eldiario.net\\\/portal\\\/#\\\/schema\\\/logo\\\/image\\\/\",\"url\":\"https:\\\/\\\/www.eldiario.net\\\/portal\\\/wp-content\\\/uploads\\\/2023\\\/07\\\/logo_ED.jpg\",\"contentUrl\":\"https:\\\/\\\/www.eldiario.net\\\/portal\\\/wp-content\\\/uploads\\\/2023\\\/07\\\/logo_ED.jpg\",\"width\":272,\"height\":52,\"caption\":\"El Diario - Decano de la prensa nacional\"},\"image\":{\"@id\":\"https:\\\/\\\/www.eldiario.net\\\/portal\\\/#\\\/schema\\\/logo\\\/image\\\/\"},\"sameAs\":[\"https:\\\/\\\/www.facebook.com\\\/eldiario.bolivia\\\/\",\"https:\\\/\\\/x.com\\\/eldiario_net\"]},{\"@type\":\"Person\",\"@id\":\"https:\\\/\\\/www.eldiario.net\\\/portal\\\/#\\\/schema\\\/person\\\/2c57cf2b7a7ae032e449e4c9b1019eac\",\"name\":\"Jeanette\",\"image\":{\"@type\":\"ImageObject\",\"inLanguage\":\"es\",\"@id\":\"https:\\\/\\\/secure.gravatar.com\\\/avatar\\\/3ea2118a5f7dad2b7138b1187a6b7ee55f160b9968b66013c3a3ef39dd7e5798?s=96&d=mm&r=g\",\"url\":\"https:\\\/\\\/secure.gravatar.com\\\/avatar\\\/3ea2118a5f7dad2b7138b1187a6b7ee55f160b9968b66013c3a3ef39dd7e5798?s=96&d=mm&r=g\",\"contentUrl\":\"https:\\\/\\\/secure.gravatar.com\\\/avatar\\\/3ea2118a5f7dad2b7138b1187a6b7ee55f160b9968b66013c3a3ef39dd7e5798?s=96&d=mm&r=g\",\"caption\":\"Jeanette\"},\"sameAs\":[\"https:\\\/\\\/www.eldiario.net\\\/portal\"],\"url\":\"https:\\\/\\\/www.eldiario.net\\\/portal\\\/author\\\/jeanette\\\/\"}]}<\/script>\n<!-- \/ Yoast SEO plugin. -->","yoast_head_json":{"title":"OneDrive Photos: la app que aparece sola en Windows 11 - El Diario - Bolivia","robots":{"index":"index","follow":"follow","max-snippet":"max-snippet:-1","max-image-preview":"max-image-preview:large","max-video-preview":"max-video-preview:-1"},"canonical":"https:\/\/www.eldiario.net\/portal\/2026\/08\/03\/onedrive-photos-la-app-que-aparece-sola-en-windows-11\/","og_locale":"es_ES","og_type":"article","og_title":"OneDrive Photos: la app que aparece sola en Windows 11 - El Diario - Bolivia","og_description":"Microsoft ha sorprendido a muchos usuarios de Windows 11 con la llegada silenciosa de OneDrive Photos, una aplicaci\u00f3n que se instala sin previo aviso y que no puede eliminarse sin borrar tambi\u00e9n OneDrive. El programa se integra directamente en el sistema y ha despertado debate por la forma en que gestiona las im\u00e1genes guardadas en [&hellip;]","og_url":"https:\/\/www.eldiario.net\/portal\/2026\/08\/03\/onedrive-photos-la-app-que-aparece-sola-en-windows-11\/","og_site_name":"El Diario - Bolivia","article_publisher":"https:\/\/www.facebook.com\/eldiario.bolivia\/","article_published_time":"2026-08-03T04:53:57+00:00","og_image":[{"width":814,"height":462,"url":"https:\/\/www.eldiario.net\/portal\/wp-content\/uploads\/2026\/08\/2-A-.webp","type":"image\/webp"}],"author":"Jeanette","twitter_card":"summary_large_image","twitter_creator":"@eldiario_net","twitter_site":"@eldiario_net","twitter_misc":{"Escrito por":"Jeanette","Tiempo de lectura":"3 minutos"},"schema":{"@context":"https:\/\/schema.org","@graph":[{"@type":"Article","@id":"https:\/\/www.eldiario.net\/portal\/2026\/08\/03\/onedrive-photos-la-app-que-aparece-sola-en-windows-11\/#article","isPartOf":{"@id":"https:\/\/www.eldiario.net\/portal\/2026\/08\/03\/onedrive-photos-la-app-que-aparece-sola-en-windows-11\/"},"author":{"name":"Jeanette","@id":"https:\/\/www.eldiario.net\/portal\/#\/schema\/person\/2c57cf2b7a7ae032e449e4c9b1019eac"},"headline":"OneDrive Photos: la app que aparece sola en Windows 11","datePublished":"2026-08-03T04:53:57+00:00","mainEntityOfPage":{"@id":"https:\/\/www.eldiario.net\/portal\/2026\/08\/03\/onedrive-photos-la-app-que-aparece-sola-en-windows-11\/"},"wordCount":632,"publisher":{"@id":"https:\/\/www.eldiario.net\/portal\/#organization"},"image":{"@id":"https:\/\/www.eldiario.net\/portal\/2026\/08\/03\/onedrive-photos-la-app-que-aparece-sola-en-windows-11\/#primaryimage"},"thumbnailUrl":"https:\/\/www.eldiario.net\/portal\/wp-content\/uploads\/2026\/08\/2-A-.webp","articleSection":["Ciencia y Computaci\u00f3n"],"inLanguage":"es"},{"@type":"WebPage","@id":"https:\/\/www.eldiario.net\/portal\/2026\/08\/03\/onedrive-photos-la-app-que-aparece-sola-en-windows-11\/","url":"https:\/\/www.eldiario.net\/portal\/2026\/08\/03\/onedrive-photos-la-app-que-aparece-sola-en-windows-11\/","name":"OneDrive Photos: la app que aparece sola en Windows 11 - El Diario - Bolivia","isPartOf":{"@id":"https:\/\/www.eldiario.net\/portal\/#website"},"primaryImageOfPage":{"@id":"https:\/\/www.eldiario.net\/portal\/2026\/08\/03\/onedrive-photos-la-app-que-aparece-sola-en-windows-11\/#primaryimage"},"image":{"@id":"https:\/\/www.eldiario.net\/portal\/2026\/08\/03\/onedrive-photos-la-app-que-aparece-sola-en-windows-11\/#primaryimage"},"thumbnailUrl":"https:\/\/www.eldiario.net\/portal\/wp-content\/uploads\/2026\/08\/2-A-.webp","datePublished":"2026-08-03T04:53:57+00:00","breadcrumb":{"@id":"https:\/\/www.eldiario.net\/portal\/2026\/08\/03\/onedrive-photos-la-app-que-aparece-sola-en-windows-11\/#breadcrumb"},"inLanguage":"es","potentialAction":[{"@type":"ReadAction","target":["https:\/\/www.eldiario.net\/portal\/2026\/08\/03\/onedrive-photos-la-app-que-aparece-sola-en-windows-11\/"]}]},{"@type":"ImageObject","inLanguage":"es","@id":"https:\/\/www.eldiario.net\/portal\/2026\/08\/03\/onedrive-photos-la-app-que-aparece-sola-en-windows-11\/#primaryimage","url":"https:\/\/www.eldiario.net\/portal\/wp-content\/uploads\/2026\/08\/2-A-.webp","contentUrl":"https:\/\/www.eldiario.net\/portal\/wp-content\/uploads\/2026\/08\/2-A-.webp","width":814,"height":462},{"@type":"BreadcrumbList","@id":"https:\/\/www.eldiario.net\/portal\/2026\/08\/03\/onedrive-photos-la-app-que-aparece-sola-en-windows-11\/#breadcrumb","itemListElement":[{"@type":"ListItem","position":1,"name":"Portada","item":"https:\/\/www.eldiario.net\/portal\/"},{"@type":"ListItem","position":2,"name":"OneDrive Photos: la app que aparece sola en Windows 11"}]},{"@type":"WebSite","@id":"https:\/\/www.eldiario.net\/portal\/#website","url":"https:\/\/www.eldiario.net\/portal\/","name":"El Diario - Decano de la prensa nacional","description":"El Diario - Decano de la prensa nacional","publisher":{"@id":"https:\/\/www.eldiario.net\/portal\/#organization"},"potentialAction":[{"@type":"SearchAction","target":{"@type":"EntryPoint","urlTemplate":"https:\/\/www.eldiario.net\/portal\/?s={search_term_string}"},"query-input":{"@type":"PropertyValueSpecification","valueRequired":true,"valueName":"search_term_string"}}],"inLanguage":"es"},{"@type":"Organization","@id":"https:\/\/www.eldiario.net\/portal\/#organization","name":"El Diario - Decano de la prensa nacional","url":"https:\/\/www.eldiario.net\/portal\/","logo":{"@type":"ImageObject","inLanguage":"es","@id":"https:\/\/www.eldiario.net\/portal\/#\/schema\/logo\/image\/","url":"https:\/\/www.eldiario.net\/portal\/wp-content\/uploads\/2023\/07\/logo_ED.jpg","contentUrl":"https:\/\/www.eldiario.net\/portal\/wp-content\/uploads\/2023\/07\/logo_ED.jpg","width":272,"height":52,"caption":"El Diario - Decano de la prensa nacional"},"image":{"@id":"https:\/\/www.eldiario.net\/portal\/#\/schema\/logo\/image\/"},"sameAs":["https:\/\/www.facebook.com\/eldiario.bolivia\/","https:\/\/x.com\/eldiario_net"]},{"@type":"Person","@id":"https:\/\/www.eldiario.net\/portal\/#\/schema\/person\/2c57cf2b7a7ae032e449e4c9b1019eac","name":"Jeanette","image":{"@type":"ImageObject","inLanguage":"es","@id":"https:\/\/secure.gravatar.com\/avatar\/3ea2118a5f7dad2b7138b1187a6b7ee55f160b9968b66013c3a3ef39dd7e5798?s=96&d=mm&r=g","url":"https:\/\/secure.gravatar.com\/avatar\/3ea2118a5f7dad2b7138b1187a6b7ee55f160b9968b66013c3a3ef39dd7e5798?s=96&d=mm&r=g","contentUrl":"https:\/\/secure.gravatar.com\/avatar\/3ea2118a5f7dad2b7138b1187a6b7ee55f160b9968b66013c3a3ef39dd7e5798?s=96&d=mm&r=g","caption":"Jeanette"},"sameAs":["https:\/\/www.eldiario.net\/portal"],"url":"https:\/\/www.eldiario.net\/portal\/author\/jeanette\/"}]}},"_links":{"self":[{"href":"https:\/\/www.eldiario.net\/portal\/wp-json\/wp\/v2\/posts\/418205","targetHints":{"allow":["GET"]}}],"collection":[{"href":"https:\/\/www.eldiario.net\/portal\/wp-json\/wp\/v2\/posts"}],"about":[{"href":"https:\/\/www.eldiario.net\/portal\/wp-json\/wp\/v2\/types\/post"}],"author":[{"embeddable":true,"href":"https:\/\/www.eldiario.net\/portal\/wp-json\/wp\/v2\/users\/1"}],"replies":[{"embeddable":true,"href":"https:\/\/www.eldiario.net\/portal\/wp-json\/wp\/v2\/comments?post=418205"}],"version-history":[{"count":1,"href":"https:\/\/www.eldiario.net\/portal\/wp-json\/wp\/v2\/posts\/418205\/revisions"}],"predecessor-version":[{"id":418207,"href":"https:\/\/www.eldiario.net\/portal\/wp-json\/wp\/v2\/posts\/418205\/revisions\/418207"}],"wp:featuredmedia":[{"embeddable":true,"href":"https:\/\/www.eldiario.net\/portal\/wp-json\/wp\/v2\/media\/418206"}],"wp:attachment":[{"href":"https:\/\/www.eldiario.net\/portal\/wp-json\/wp\/v2\/media?parent=418205"}],"wp:term":[{"taxonomy":"category","embeddable":true,"href":"https:\/\/www.eldiario.net\/portal\/wp-json\/wp\/v2\/categories?post=418205"},{"taxonomy":"post_tag","embeddable":true,"href":"https:\/\/www.eldiario.net\/portal\/wp-json\/wp\/v2\/tags?post=418205"}],"curies":[{"name":"wp","href":"https:\/\/api.w.org\/{rel}","templated":true}]}}