{"id":418196,"date":"2026-08-03T00:50:49","date_gmt":"2026-08-03T04:50:49","guid":{"rendered":"https:\/\/www.eldiario.net\/portal\/?p=418196"},"modified":"2026-08-02T22:51:22","modified_gmt":"2026-08-03T02:51:22","slug":"solve-for-tomorrow-samsung-convoca-a-estudiantes-bolivianos-a-transformar-sus-comunidades-con-ciencia-tecnologia-e-innovacion","status":"publish","type":"post","link":"https:\/\/www.eldiario.net\/portal\/2026\/08\/03\/solve-for-tomorrow-samsung-convoca-a-estudiantes-bolivianos-a-transformar-sus-comunidades-con-ciencia-tecnologia-e-innovacion\/","title":{"rendered":"Solve for Tomorrow: Samsung convoca a estudiantes bolivianos a transformar sus comunidades con ciencia, tecnolog\u00eda e innovaci\u00f3n"},"content":{"rendered":"<p><strong>La Paz, julio de 2026<\/strong>. Samsung Bolivia present\u00f3 la cuarta edici\u00f3n de Solve for Tomorrow (Soluciones para el Futuro), su programa educativo que impulsa a estudiantes de secundaria de unidades educativas fiscales y de convenio a crear proyectos innovadores con impacto social, utilizando conocimientos en ciencia, tecnolog\u00eda, ingenier\u00eda y matem\u00e1ticas (STEM).<\/p>\n<p>En esta nueva versi\u00f3n, la iniciativa incorpora como nuevos aliados al Ministerio de Educaci\u00f3n y al Ministerio de Planificaci\u00f3n del Desarrollo y Medio Ambiente, a trav\u00e9s del Viceministerio de Ciencia y Tecnolog\u00eda, fortaleciendo el alcance institucional del programa. Adem\u00e1s, la Universidad Cat\u00f3lica Boliviana \u00abSan Pablo\u00bb (UCB) brindar\u00e1 acompa\u00f1amiento acad\u00e9mico a estudiantes y docentes, mientras que Experience, Educo Bolivia y Ense\u00f1a por Bolivia apoyar\u00e1n el desarrollo log\u00edstico y educativo de la iniciativa.<\/p>\n<p>\u00abEn Samsung creemos que la educaci\u00f3n y la tecnolog\u00eda son herramientas capaces de transformar comunidades. Con Solve for Tomorrow queremos brindar a los j\u00f3venes bolivianos la oportunidad de desarrollar soluciones para los desaf\u00edos de su entorno, fortaleciendo al mismo tiempo habilidades que ser\u00e1n fundamentales para su futuro basadas en STEM\u00bb, destac\u00f3 el presidente de Samsung Bolivia, Agustin Park.<\/p>\n<p>Desde su aplicaci\u00f3n en Bolivia, Solve for Tomorrow ha consolidado una comunidad de j\u00f3venes innovadores. En sus tres primeras ediciones reuni\u00f3 casi 1000 proyectos registrados, cont\u00f3 con la participaci\u00f3n de m\u00e1s de 2.500 estudiantes, 466 profesores y 259 unidades educativas de todo el pa\u00eds, demostrando el inter\u00e9s de los j\u00f3venes por aplicar la tecnolog\u00eda para generar un impacto positivo en sus comunidades.<\/p>\n<p>El programa promueve el pensamiento innovador, la resoluci\u00f3n creativa de problemas y el trabajo colaborativo mediante la metodolog\u00eda Design Thinking, adem\u00e1s de fortalecer habilidades, como: creatividad, pensamiento cr\u00edtico, comunicaci\u00f3n y colaboraci\u00f3n. Durante la competencia, los equipos recibir\u00e1n mentor\u00edas y capacitaciones para fortalecer sus proyectos.<\/p>\n<p>\u00abM\u00e1s all\u00e1 de la competencia, buscamos que los estudiantes descubran su capacidad para generar cambios reales. Solve for Tomorrow les permite convertir una idea en una soluci\u00f3n concreta, mientras desarrollan habilidades cient\u00edficas, tecnol\u00f3gicas y de liderazgo que los acompa\u00f1ar\u00e1n durante toda su vida\u00bb, a\u00f1adi\u00f3 la gerente de Responsabilidad Social y Relaciones P\u00fablicas de Samsung Bolivia, Pamela Montalvo.<\/p>\n<p><strong>Convocatoria abierta a nivel nacional<\/strong><\/p>\n<p>Las inscripciones estar\u00e1n abiertas del 27 de julio al 30 de agosto. Los proyectos registrados correctamente ser\u00e1n anunciados el 2 de septiembre a trav\u00e9s de <a href=\"http:\/\/www.solvefortomorrow.bo\">www.solvefortomorrow.bo<\/a>. Podr\u00e1n participar estudiantes de entre 12 y 19 a\u00f1os que cursen secundaria en unidades educativas fiscales o de convenio, organizados en equipos mixtos de entre dos y cinco integrantes y acompa\u00f1ados por un profesor responsable.<\/p>\n<p>El programa contempla seis etapas que incluyen la presentaci\u00f3n progresiva del proyecto, mentor\u00edas especializadas, selecci\u00f3n de finalistas, votaci\u00f3n popular y el desarrollo de un prototipo funcional. La gran final se realizar\u00e1 el 20 de noviembre, cuando se conocer\u00e1n los proyectos ganadores de la cuarta edici\u00f3n.<\/p>\n<p>Los equipos finalistas acceder\u00e1n a premios tecnol\u00f3gicos para estudiantes, docentes y unidades educativas. Cada integrante del equipo ganador obtendr\u00e1 un Galaxy A57 5G y unos Galaxy Buds Core; el profesor responsable recibir\u00e1 una Galaxy Book2 y el colegio ganador, un televisor Samsung de 65 pulgadas. Del segundo al quinto lugar, colegiales y profesores gu\u00edas ser\u00e1n premiados con tablets que fortalecer\u00e1n sus procesos de aprendizaje. Adem\u00e1s, todos los equipos finalistas recibir\u00e1n diplomas de reconocimiento.<\/p>\n<p>Con esta cuarta edici\u00f3n, Samsung reafirma su compromiso con el desarrollo del talento boliviano y con una educaci\u00f3n que impulse la innovaci\u00f3n como herramienta para construir soluciones sostenibles con impacto social.<\/p>\n","protected":false},"excerpt":{"rendered":"<p>La Paz, julio de 2026. Samsung Bolivia present\u00f3 la cuarta edici\u00f3n de Solve for Tomorrow (Soluciones para el Futuro), su programa educativo que impulsa a estudiantes de secundaria de unidades educativas fiscales y de convenio a crear proyectos innovadores con impacto social, utilizando conocimientos en ciencia, tecnolog\u00eda, ingenier\u00eda y matem\u00e1ticas (STEM). En esta nueva versi\u00f3n, [&hellip;]<\/p>\n","protected":false},"author":1,"featured_media":418197,"comment_status":"closed","ping_status":"open","sticky":false,"template":"","format":"standard","meta":{"_acf_changed":false,"footnotes":""},"categories":[46],"tags":[],"class_list":["post-418196","post","type-post","status-publish","format-standard","has-post-thumbnail","category-ciencia-computacion"],"acf":{"antetitulo":""},"yoast_head":"<!-- This site is optimized with the Yoast SEO plugin v28.4 - https:\/\/yoast.com\/product\/yoast-seo-wordpress\/ -->\n<title>Solve for Tomorrow: Samsung convoca a estudiantes bolivianos a transformar sus comunidades con ciencia, tecnolog\u00eda e innovaci\u00f3n - El Diario - Bolivia<\/title>\n<meta name=\"robots\" content=\"index, follow, max-snippet:-1, max-image-preview:large, max-video-preview:-1\" \/>\n<link rel=\"canonical\" href=\"https:\/\/www.eldiario.net\/portal\/2026\/08\/03\/solve-for-tomorrow-samsung-convoca-a-estudiantes-bolivianos-a-transformar-sus-comunidades-con-ciencia-tecnologia-e-innovacion\/\" \/>\n<meta property=\"og:locale\" content=\"es_ES\" \/>\n<meta property=\"og:type\" content=\"article\" \/>\n<meta property=\"og:title\" content=\"Solve for Tomorrow: Samsung convoca a estudiantes bolivianos a transformar sus comunidades con ciencia, tecnolog\u00eda e innovaci\u00f3n - El Diario - Bolivia\" \/>\n<meta property=\"og:description\" content=\"La Paz, julio de 2026. Samsung Bolivia present\u00f3 la cuarta edici\u00f3n de Solve for Tomorrow (Soluciones para el Futuro), su programa educativo que impulsa a estudiantes de secundaria de unidades educativas fiscales y de convenio a crear proyectos innovadores con impacto social, utilizando conocimientos en ciencia, tecnolog\u00eda, ingenier\u00eda y matem\u00e1ticas (STEM). En esta nueva versi\u00f3n, [&hellip;]\" \/>\n<meta property=\"og:url\" content=\"https:\/\/www.eldiario.net\/portal\/2026\/08\/03\/solve-for-tomorrow-samsung-convoca-a-estudiantes-bolivianos-a-transformar-sus-comunidades-con-ciencia-tecnologia-e-innovacion\/\" \/>\n<meta property=\"og:site_name\" content=\"El Diario - Bolivia\" \/>\n<meta property=\"article:publisher\" content=\"https:\/\/www.facebook.com\/eldiario.bolivia\/\" \/>\n<meta property=\"article:published_time\" content=\"2026-08-03T04:50:49+00:00\" \/>\n<meta property=\"og:image\" content=\"https:\/\/www.eldiario.net\/portal\/wp-content\/uploads\/2026\/08\/5-A.webp\" \/>\n\t<meta property=\"og:image:width\" content=\"1229\" \/>\n\t<meta property=\"og:image:height\" content=\"819\" \/>\n\t<meta property=\"og:image:type\" content=\"image\/webp\" \/>\n<meta name=\"author\" content=\"Jeanette\" \/>\n<meta name=\"twitter:card\" content=\"summary_large_image\" \/>\n<meta name=\"twitter:creator\" content=\"@eldiario_net\" \/>\n<meta name=\"twitter:site\" content=\"@eldiario_net\" \/>\n<meta name=\"twitter:label1\" content=\"Escrito por\" \/>\n\t<meta name=\"twitter:data1\" content=\"Jeanette\" \/>\n\t<meta name=\"twitter:label2\" content=\"Tiempo de lectura\" \/>\n\t<meta name=\"twitter:data2\" content=\"3 minutos\" \/>\n<script type=\"application\/ld+json\" class=\"yoast-schema-graph\">{\"@context\":\"https:\\\/\\\/schema.org\",\"@graph\":[{\"@type\":\"Article\",\"@id\":\"https:\\\/\\\/www.eldiario.net\\\/portal\\\/2026\\\/08\\\/03\\\/solve-for-tomorrow-samsung-convoca-a-estudiantes-bolivianos-a-transformar-sus-comunidades-con-ciencia-tecnologia-e-innovacion\\\/#article\",\"isPartOf\":{\"@id\":\"https:\\\/\\\/www.eldiario.net\\\/portal\\\/2026\\\/08\\\/03\\\/solve-for-tomorrow-samsung-convoca-a-estudiantes-bolivianos-a-transformar-sus-comunidades-con-ciencia-tecnologia-e-innovacion\\\/\"},\"author\":{\"name\":\"Jeanette\",\"@id\":\"https:\\\/\\\/www.eldiario.net\\\/portal\\\/#\\\/schema\\\/person\\\/2c57cf2b7a7ae032e449e4c9b1019eac\"},\"headline\":\"Solve for Tomorrow: Samsung convoca a estudiantes bolivianos a transformar sus comunidades con ciencia, tecnolog\u00eda e innovaci\u00f3n\",\"datePublished\":\"2026-08-03T04:50:49+00:00\",\"mainEntityOfPage\":{\"@id\":\"https:\\\/\\\/www.eldiario.net\\\/portal\\\/2026\\\/08\\\/03\\\/solve-for-tomorrow-samsung-convoca-a-estudiantes-bolivianos-a-transformar-sus-comunidades-con-ciencia-tecnologia-e-innovacion\\\/\"},\"wordCount\":634,\"publisher\":{\"@id\":\"https:\\\/\\\/www.eldiario.net\\\/portal\\\/#organization\"},\"image\":{\"@id\":\"https:\\\/\\\/www.eldiario.net\\\/portal\\\/2026\\\/08\\\/03\\\/solve-for-tomorrow-samsung-convoca-a-estudiantes-bolivianos-a-transformar-sus-comunidades-con-ciencia-tecnologia-e-innovacion\\\/#primaryimage\"},\"thumbnailUrl\":\"https:\\\/\\\/www.eldiario.net\\\/portal\\\/wp-content\\\/uploads\\\/2026\\\/08\\\/5-A.webp\",\"articleSection\":[\"Ciencia y Computaci\u00f3n\"],\"inLanguage\":\"es\"},{\"@type\":\"WebPage\",\"@id\":\"https:\\\/\\\/www.eldiario.net\\\/portal\\\/2026\\\/08\\\/03\\\/solve-for-tomorrow-samsung-convoca-a-estudiantes-bolivianos-a-transformar-sus-comunidades-con-ciencia-tecnologia-e-innovacion\\\/\",\"url\":\"https:\\\/\\\/www.eldiario.net\\\/portal\\\/2026\\\/08\\\/03\\\/solve-for-tomorrow-samsung-convoca-a-estudiantes-bolivianos-a-transformar-sus-comunidades-con-ciencia-tecnologia-e-innovacion\\\/\",\"name\":\"Solve for Tomorrow: Samsung convoca a estudiantes bolivianos a transformar sus comunidades con ciencia, tecnolog\u00eda e innovaci\u00f3n - El Diario - Bolivia\",\"isPartOf\":{\"@id\":\"https:\\\/\\\/www.eldiario.net\\\/portal\\\/#website\"},\"primaryImageOfPage\":{\"@id\":\"https:\\\/\\\/www.eldiario.net\\\/portal\\\/2026\\\/08\\\/03\\\/solve-for-tomorrow-samsung-convoca-a-estudiantes-bolivianos-a-transformar-sus-comunidades-con-ciencia-tecnologia-e-innovacion\\\/#primaryimage\"},\"image\":{\"@id\":\"https:\\\/\\\/www.eldiario.net\\\/portal\\\/2026\\\/08\\\/03\\\/solve-for-tomorrow-samsung-convoca-a-estudiantes-bolivianos-a-transformar-sus-comunidades-con-ciencia-tecnologia-e-innovacion\\\/#primaryimage\"},\"thumbnailUrl\":\"https:\\\/\\\/www.eldiario.net\\\/portal\\\/wp-content\\\/uploads\\\/2026\\\/08\\\/5-A.webp\",\"datePublished\":\"2026-08-03T04:50:49+00:00\",\"breadcrumb\":{\"@id\":\"https:\\\/\\\/www.eldiario.net\\\/portal\\\/2026\\\/08\\\/03\\\/solve-for-tomorrow-samsung-convoca-a-estudiantes-bolivianos-a-transformar-sus-comunidades-con-ciencia-tecnologia-e-innovacion\\\/#breadcrumb\"},\"inLanguage\":\"es\",\"potentialAction\":[{\"@type\":\"ReadAction\",\"target\":[\"https:\\\/\\\/www.eldiario.net\\\/portal\\\/2026\\\/08\\\/03\\\/solve-for-tomorrow-samsung-convoca-a-estudiantes-bolivianos-a-transformar-sus-comunidades-con-ciencia-tecnologia-e-innovacion\\\/\"]}]},{\"@type\":\"ImageObject\",\"inLanguage\":\"es\",\"@id\":\"https:\\\/\\\/www.eldiario.net\\\/portal\\\/2026\\\/08\\\/03\\\/solve-for-tomorrow-samsung-convoca-a-estudiantes-bolivianos-a-transformar-sus-comunidades-con-ciencia-tecnologia-e-innovacion\\\/#primaryimage\",\"url\":\"https:\\\/\\\/www.eldiario.net\\\/portal\\\/wp-content\\\/uploads\\\/2026\\\/08\\\/5-A.webp\",\"contentUrl\":\"https:\\\/\\\/www.eldiario.net\\\/portal\\\/wp-content\\\/uploads\\\/2026\\\/08\\\/5-A.webp\",\"width\":1229,\"height\":819},{\"@type\":\"BreadcrumbList\",\"@id\":\"https:\\\/\\\/www.eldiario.net\\\/portal\\\/2026\\\/08\\\/03\\\/solve-for-tomorrow-samsung-convoca-a-estudiantes-bolivianos-a-transformar-sus-comunidades-con-ciencia-tecnologia-e-innovacion\\\/#breadcrumb\",\"itemListElement\":[{\"@type\":\"ListItem\",\"position\":1,\"name\":\"Portada\",\"item\":\"https:\\\/\\\/www.eldiario.net\\\/portal\\\/\"},{\"@type\":\"ListItem\",\"position\":2,\"name\":\"Solve for Tomorrow: Samsung convoca a estudiantes bolivianos a transformar sus comunidades con ciencia, tecnolog\u00eda e innovaci\u00f3n\"}]},{\"@type\":\"WebSite\",\"@id\":\"https:\\\/\\\/www.eldiario.net\\\/portal\\\/#website\",\"url\":\"https:\\\/\\\/www.eldiario.net\\\/portal\\\/\",\"name\":\"El Diario - Decano de la prensa nacional\",\"description\":\"El Diario - Decano de la prensa nacional\",\"publisher\":{\"@id\":\"https:\\\/\\\/www.eldiario.net\\\/portal\\\/#organization\"},\"potentialAction\":[{\"@type\":\"SearchAction\",\"target\":{\"@type\":\"EntryPoint\",\"urlTemplate\":\"https:\\\/\\\/www.eldiario.net\\\/portal\\\/?s={search_term_string}\"},\"query-input\":{\"@type\":\"PropertyValueSpecification\",\"valueRequired\":true,\"valueName\":\"search_term_string\"}}],\"inLanguage\":\"es\"},{\"@type\":\"Organization\",\"@id\":\"https:\\\/\\\/www.eldiario.net\\\/portal\\\/#organization\",\"name\":\"El Diario - Decano de la prensa nacional\",\"url\":\"https:\\\/\\\/www.eldiario.net\\\/portal\\\/\",\"logo\":{\"@type\":\"ImageObject\",\"inLanguage\":\"es\",\"@id\":\"https:\\\/\\\/www.eldiario.net\\\/portal\\\/#\\\/schema\\\/logo\\\/image\\\/\",\"url\":\"https:\\\/\\\/www.eldiario.net\\\/portal\\\/wp-content\\\/uploads\\\/2023\\\/07\\\/logo_ED.jpg\",\"contentUrl\":\"https:\\\/\\\/www.eldiario.net\\\/portal\\\/wp-content\\\/uploads\\\/2023\\\/07\\\/logo_ED.jpg\",\"width\":272,\"height\":52,\"caption\":\"El Diario - Decano de la prensa nacional\"},\"image\":{\"@id\":\"https:\\\/\\\/www.eldiario.net\\\/portal\\\/#\\\/schema\\\/logo\\\/image\\\/\"},\"sameAs\":[\"https:\\\/\\\/www.facebook.com\\\/eldiario.bolivia\\\/\",\"https:\\\/\\\/x.com\\\/eldiario_net\"]},{\"@type\":\"Person\",\"@id\":\"https:\\\/\\\/www.eldiario.net\\\/portal\\\/#\\\/schema\\\/person\\\/2c57cf2b7a7ae032e449e4c9b1019eac\",\"name\":\"Jeanette\",\"image\":{\"@type\":\"ImageObject\",\"inLanguage\":\"es\",\"@id\":\"https:\\\/\\\/secure.gravatar.com\\\/avatar\\\/3ea2118a5f7dad2b7138b1187a6b7ee55f160b9968b66013c3a3ef39dd7e5798?s=96&d=mm&r=g\",\"url\":\"https:\\\/\\\/secure.gravatar.com\\\/avatar\\\/3ea2118a5f7dad2b7138b1187a6b7ee55f160b9968b66013c3a3ef39dd7e5798?s=96&d=mm&r=g\",\"contentUrl\":\"https:\\\/\\\/secure.gravatar.com\\\/avatar\\\/3ea2118a5f7dad2b7138b1187a6b7ee55f160b9968b66013c3a3ef39dd7e5798?s=96&d=mm&r=g\",\"caption\":\"Jeanette\"},\"sameAs\":[\"https:\\\/\\\/www.eldiario.net\\\/portal\"],\"url\":\"https:\\\/\\\/www.eldiario.net\\\/portal\\\/author\\\/jeanette\\\/\"}]}<\/script>\n<!-- \/ Yoast SEO plugin. -->","yoast_head_json":{"title":"Solve for Tomorrow: Samsung convoca a estudiantes bolivianos a transformar sus comunidades con ciencia, tecnolog\u00eda e innovaci\u00f3n - El Diario - Bolivia","robots":{"index":"index","follow":"follow","max-snippet":"max-snippet:-1","max-image-preview":"max-image-preview:large","max-video-preview":"max-video-preview:-1"},"canonical":"https:\/\/www.eldiario.net\/portal\/2026\/08\/03\/solve-for-tomorrow-samsung-convoca-a-estudiantes-bolivianos-a-transformar-sus-comunidades-con-ciencia-tecnologia-e-innovacion\/","og_locale":"es_ES","og_type":"article","og_title":"Solve for Tomorrow: Samsung convoca a estudiantes bolivianos a transformar sus comunidades con ciencia, tecnolog\u00eda e innovaci\u00f3n - El Diario - Bolivia","og_description":"La Paz, julio de 2026. Samsung Bolivia present\u00f3 la cuarta edici\u00f3n de Solve for Tomorrow (Soluciones para el Futuro), su programa educativo que impulsa a estudiantes de secundaria de unidades educativas fiscales y de convenio a crear proyectos innovadores con impacto social, utilizando conocimientos en ciencia, tecnolog\u00eda, ingenier\u00eda y matem\u00e1ticas (STEM). En esta nueva versi\u00f3n, [&hellip;]","og_url":"https:\/\/www.eldiario.net\/portal\/2026\/08\/03\/solve-for-tomorrow-samsung-convoca-a-estudiantes-bolivianos-a-transformar-sus-comunidades-con-ciencia-tecnologia-e-innovacion\/","og_site_name":"El Diario - Bolivia","article_publisher":"https:\/\/www.facebook.com\/eldiario.bolivia\/","article_published_time":"2026-08-03T04:50:49+00:00","og_image":[{"width":1229,"height":819,"url":"https:\/\/www.eldiario.net\/portal\/wp-content\/uploads\/2026\/08\/5-A.webp","type":"image\/webp"}],"author":"Jeanette","twitter_card":"summary_large_image","twitter_creator":"@eldiario_net","twitter_site":"@eldiario_net","twitter_misc":{"Escrito por":"Jeanette","Tiempo de lectura":"3 minutos"},"schema":{"@context":"https:\/\/schema.org","@graph":[{"@type":"Article","@id":"https:\/\/www.eldiario.net\/portal\/2026\/08\/03\/solve-for-tomorrow-samsung-convoca-a-estudiantes-bolivianos-a-transformar-sus-comunidades-con-ciencia-tecnologia-e-innovacion\/#article","isPartOf":{"@id":"https:\/\/www.eldiario.net\/portal\/2026\/08\/03\/solve-for-tomorrow-samsung-convoca-a-estudiantes-bolivianos-a-transformar-sus-comunidades-con-ciencia-tecnologia-e-innovacion\/"},"author":{"name":"Jeanette","@id":"https:\/\/www.eldiario.net\/portal\/#\/schema\/person\/2c57cf2b7a7ae032e449e4c9b1019eac"},"headline":"Solve for Tomorrow: Samsung convoca a estudiantes bolivianos a transformar sus comunidades con ciencia, tecnolog\u00eda e innovaci\u00f3n","datePublished":"2026-08-03T04:50:49+00:00","mainEntityOfPage":{"@id":"https:\/\/www.eldiario.net\/portal\/2026\/08\/03\/solve-for-tomorrow-samsung-convoca-a-estudiantes-bolivianos-a-transformar-sus-comunidades-con-ciencia-tecnologia-e-innovacion\/"},"wordCount":634,"publisher":{"@id":"https:\/\/www.eldiario.net\/portal\/#organization"},"image":{"@id":"https:\/\/www.eldiario.net\/portal\/2026\/08\/03\/solve-for-tomorrow-samsung-convoca-a-estudiantes-bolivianos-a-transformar-sus-comunidades-con-ciencia-tecnologia-e-innovacion\/#primaryimage"},"thumbnailUrl":"https:\/\/www.eldiario.net\/portal\/wp-content\/uploads\/2026\/08\/5-A.webp","articleSection":["Ciencia y Computaci\u00f3n"],"inLanguage":"es"},{"@type":"WebPage","@id":"https:\/\/www.eldiario.net\/portal\/2026\/08\/03\/solve-for-tomorrow-samsung-convoca-a-estudiantes-bolivianos-a-transformar-sus-comunidades-con-ciencia-tecnologia-e-innovacion\/","url":"https:\/\/www.eldiario.net\/portal\/2026\/08\/03\/solve-for-tomorrow-samsung-convoca-a-estudiantes-bolivianos-a-transformar-sus-comunidades-con-ciencia-tecnologia-e-innovacion\/","name":"Solve for Tomorrow: Samsung convoca a estudiantes bolivianos a transformar sus comunidades con ciencia, tecnolog\u00eda e innovaci\u00f3n - El Diario - Bolivia","isPartOf":{"@id":"https:\/\/www.eldiario.net\/portal\/#website"},"primaryImageOfPage":{"@id":"https:\/\/www.eldiario.net\/portal\/2026\/08\/03\/solve-for-tomorrow-samsung-convoca-a-estudiantes-bolivianos-a-transformar-sus-comunidades-con-ciencia-tecnologia-e-innovacion\/#primaryimage"},"image":{"@id":"https:\/\/www.eldiario.net\/portal\/2026\/08\/03\/solve-for-tomorrow-samsung-convoca-a-estudiantes-bolivianos-a-transformar-sus-comunidades-con-ciencia-tecnologia-e-innovacion\/#primaryimage"},"thumbnailUrl":"https:\/\/www.eldiario.net\/portal\/wp-content\/uploads\/2026\/08\/5-A.webp","datePublished":"2026-08-03T04:50:49+00:00","breadcrumb":{"@id":"https:\/\/www.eldiario.net\/portal\/2026\/08\/03\/solve-for-tomorrow-samsung-convoca-a-estudiantes-bolivianos-a-transformar-sus-comunidades-con-ciencia-tecnologia-e-innovacion\/#breadcrumb"},"inLanguage":"es","potentialAction":[{"@type":"ReadAction","target":["https:\/\/www.eldiario.net\/portal\/2026\/08\/03\/solve-for-tomorrow-samsung-convoca-a-estudiantes-bolivianos-a-transformar-sus-comunidades-con-ciencia-tecnologia-e-innovacion\/"]}]},{"@type":"ImageObject","inLanguage":"es","@id":"https:\/\/www.eldiario.net\/portal\/2026\/08\/03\/solve-for-tomorrow-samsung-convoca-a-estudiantes-bolivianos-a-transformar-sus-comunidades-con-ciencia-tecnologia-e-innovacion\/#primaryimage","url":"https:\/\/www.eldiario.net\/portal\/wp-content\/uploads\/2026\/08\/5-A.webp","contentUrl":"https:\/\/www.eldiario.net\/portal\/wp-content\/uploads\/2026\/08\/5-A.webp","width":1229,"height":819},{"@type":"BreadcrumbList","@id":"https:\/\/www.eldiario.net\/portal\/2026\/08\/03\/solve-for-tomorrow-samsung-convoca-a-estudiantes-bolivianos-a-transformar-sus-comunidades-con-ciencia-tecnologia-e-innovacion\/#breadcrumb","itemListElement":[{"@type":"ListItem","position":1,"name":"Portada","item":"https:\/\/www.eldiario.net\/portal\/"},{"@type":"ListItem","position":2,"name":"Solve for Tomorrow: Samsung convoca a estudiantes bolivianos a transformar sus comunidades con ciencia, tecnolog\u00eda e innovaci\u00f3n"}]},{"@type":"WebSite","@id":"https:\/\/www.eldiario.net\/portal\/#website","url":"https:\/\/www.eldiario.net\/portal\/","name":"El Diario - Decano de la prensa nacional","description":"El Diario - Decano de la prensa nacional","publisher":{"@id":"https:\/\/www.eldiario.net\/portal\/#organization"},"potentialAction":[{"@type":"SearchAction","target":{"@type":"EntryPoint","urlTemplate":"https:\/\/www.eldiario.net\/portal\/?s={search_term_string}"},"query-input":{"@type":"PropertyValueSpecification","valueRequired":true,"valueName":"search_term_string"}}],"inLanguage":"es"},{"@type":"Organization","@id":"https:\/\/www.eldiario.net\/portal\/#organization","name":"El Diario - Decano de la prensa nacional","url":"https:\/\/www.eldiario.net\/portal\/","logo":{"@type":"ImageObject","inLanguage":"es","@id":"https:\/\/www.eldiario.net\/portal\/#\/schema\/logo\/image\/","url":"https:\/\/www.eldiario.net\/portal\/wp-content\/uploads\/2023\/07\/logo_ED.jpg","contentUrl":"https:\/\/www.eldiario.net\/portal\/wp-content\/uploads\/2023\/07\/logo_ED.jpg","width":272,"height":52,"caption":"El Diario - Decano de la prensa nacional"},"image":{"@id":"https:\/\/www.eldiario.net\/portal\/#\/schema\/logo\/image\/"},"sameAs":["https:\/\/www.facebook.com\/eldiario.bolivia\/","https:\/\/x.com\/eldiario_net"]},{"@type":"Person","@id":"https:\/\/www.eldiario.net\/portal\/#\/schema\/person\/2c57cf2b7a7ae032e449e4c9b1019eac","name":"Jeanette","image":{"@type":"ImageObject","inLanguage":"es","@id":"https:\/\/secure.gravatar.com\/avatar\/3ea2118a5f7dad2b7138b1187a6b7ee55f160b9968b66013c3a3ef39dd7e5798?s=96&d=mm&r=g","url":"https:\/\/secure.gravatar.com\/avatar\/3ea2118a5f7dad2b7138b1187a6b7ee55f160b9968b66013c3a3ef39dd7e5798?s=96&d=mm&r=g","contentUrl":"https:\/\/secure.gravatar.com\/avatar\/3ea2118a5f7dad2b7138b1187a6b7ee55f160b9968b66013c3a3ef39dd7e5798?s=96&d=mm&r=g","caption":"Jeanette"},"sameAs":["https:\/\/www.eldiario.net\/portal"],"url":"https:\/\/www.eldiario.net\/portal\/author\/jeanette\/"}]}},"_links":{"self":[{"href":"https:\/\/www.eldiario.net\/portal\/wp-json\/wp\/v2\/posts\/418196","targetHints":{"allow":["GET"]}}],"collection":[{"href":"https:\/\/www.eldiario.net\/portal\/wp-json\/wp\/v2\/posts"}],"about":[{"href":"https:\/\/www.eldiario.net\/portal\/wp-json\/wp\/v2\/types\/post"}],"author":[{"embeddable":true,"href":"https:\/\/www.eldiario.net\/portal\/wp-json\/wp\/v2\/users\/1"}],"replies":[{"embeddable":true,"href":"https:\/\/www.eldiario.net\/portal\/wp-json\/wp\/v2\/comments?post=418196"}],"version-history":[{"count":1,"href":"https:\/\/www.eldiario.net\/portal\/wp-json\/wp\/v2\/posts\/418196\/revisions"}],"predecessor-version":[{"id":418198,"href":"https:\/\/www.eldiario.net\/portal\/wp-json\/wp\/v2\/posts\/418196\/revisions\/418198"}],"wp:featuredmedia":[{"embeddable":true,"href":"https:\/\/www.eldiario.net\/portal\/wp-json\/wp\/v2\/media\/418197"}],"wp:attachment":[{"href":"https:\/\/www.eldiario.net\/portal\/wp-json\/wp\/v2\/media?parent=418196"}],"wp:term":[{"taxonomy":"category","embeddable":true,"href":"https:\/\/www.eldiario.net\/portal\/wp-json\/wp\/v2\/categories?post=418196"},{"taxonomy":"post_tag","embeddable":true,"href":"https:\/\/www.eldiario.net\/portal\/wp-json\/wp\/v2\/tags?post=418196"}],"curies":[{"name":"wp","href":"https:\/\/api.w.org\/{rel}","templated":true}]}}