{"id":41810,"date":"2021-11-09T04:59:41","date_gmt":"2021-11-09T08:59:41","guid":{"rendered":"https:\/\/www.eldiario.net\/portal\/?p=41810"},"modified":"2021-11-09T04:59:41","modified_gmt":"2021-11-09T08:59:41","slug":"caf-destinara-us-25-000-millones-para-fomentar-el-crecimiento-verde","status":"publish","type":"post","link":"https:\/\/www.eldiario.net\/portal\/2021\/11\/09\/caf-destinara-us-25-000-millones-para-fomentar-el-crecimiento-verde\/","title":{"rendered":"CAF destinar\u00e1 $us 25.000 millones  para fomentar el crecimiento verde"},"content":{"rendered":"<p>Durante la COP26 de Glasgow, CAF-Banco de desarrollo de Am\u00e9rica Latina- anunci\u00f3 su compromiso para destinar 25.000 millones de d\u00f3lares durante los pr\u00f3ximos cinco a\u00f1os para operaciones verdes que ayuden a los pa\u00edses de la regi\u00f3n a incrementar la resiliencia clim\u00e1tica, promover la transici\u00f3n energ\u00e9tica, lograr un crecimiento bajo en emisiones de gases de efecto invernadero y fortalecer la conservaci\u00f3n de los ecosistemas naturales y la biodiversidad.<\/p>\n<p>El organismo multilateral plantea una estrategia verde que impulse la acci\u00f3n clim\u00e1tica, la conservaci\u00f3n de la biodiversidad, la transici\u00f3n energ\u00e9tica y las soluciones basadas en la naturaleza. En los pr\u00f3ximos cinco a\u00f1os, movilizar\u00e1 recursos financieros propios y alinear\u00e1 intereses de actores p\u00fablicos y privados alrededor de la responsabilidad ambiental y social y de la reducci\u00f3n de emisiones de gases de efecto invernadero. El financiamiento verde de la instituci\u00f3n pasar\u00e1 del 26% en 2020 al 40% en 2026.<\/p>\n<p>La instituci\u00f3n tambi\u00e9n plantea reforzar la movilizaci\u00f3n de fuentes de financiamiento de terceros, como por ejemplo con la emisi\u00f3n de bonos y fondos verdes y clim\u00e1ticos, y promover\u00e1 alianzas estrat\u00e9gicas que permitan potenciar el trabajo coordinado entre gobiernos, sociedad civil, organismos internacionales, ONGs y sector privado. Esto ayudar\u00e1 a conservar la biodiversidad, dise\u00f1ar pol\u00edticas p\u00fablicas de adaptaci\u00f3n y mitigaci\u00f3n, fortalecer las capacidades de los gobiernos e incentivar un crecimiento econ\u00f3mico respetuoso con el medio ambiente e inclusivo.<\/p>\n<p>\u201cEl planeta necesita del liderazgo de Am\u00e9rica Latina para garantizar su propia supervivencia, y la regi\u00f3n deber\u00e1 aprovechar su posici\u00f3n para lograr un crecimiento econ\u00f3mico sostenido que le ayude a superar las brechas estructurales en pobreza, competitividad e inclusi\u00f3n. Para hacer frente al cambio clim\u00e1tico es fundamental que adoptemos nuevos instrumentos financieros que garanticen la financiaci\u00f3n actual y atraigan nuevas inversiones del sector privado\u201d, dijo Sergio D\u00edaz-Granados, presidente ejecutivo de CAF.<\/p>\n<p>&nbsp;<\/p>\n<p>Una de las primeras acciones vinculadas con la nueva estrategia verde de CAF es el aporte de un mill\u00f3n de d\u00f3lares para reforzar el acuerdo entre Colombia, Costa Rica, Ecuador y Panam\u00e1 para conservar el Corredor Marino del Pac\u00edfico Este Tropical, un ecosistema que genera 3.000 millones anuales derivados principalmente de la pesca, el turismo y el transporte mar\u00edtimo.<\/p>\n<p>&nbsp;<\/p>\n<p>Adem\u00e1s, CAF construir\u00e1 una plataforma de movilizaci\u00f3n de fondos clim\u00e1ticos y ambientales que en el periodo 2021-2026 posibilite movilizar al menos 1.500 millones de d\u00f3lares de financiamiento concesional a la regi\u00f3n, y, paralelamente, crear\u00e1 un HUB para el Caribe en Trinidad y Tobago, que dar\u00e1 un \u00e9nfasis especial a temas medio ambientales y prevenci\u00f3n de desastres naturales en la regi\u00f3n.<\/p>\n<p>&nbsp;<\/p>\n<p>CAF juega un papel de liderazgo en el IDFC (International Development Finance Club), organizaci\u00f3n que cuenta con 26 miembros que trabajan juntos en el cumplimiento de los Objetivos de Desarrollo Sostenible ODS y los compromisos del Acuerdo Clim\u00e1tico de Par\u00eds, uniendo fuerzas para promover y aprovechar la Inversi\u00f3n en Desarrollo Sostenible en todo el mundo. Tambi\u00e9n se encuentra acreditada ante los principales fondos verdes para el financiamiento global, como son el Fondo de Adaptaci\u00f3n, del Global Environment Facility (GEF) y del Green Climate Fund (GCF), apoyando as\u00ed a sus pa\u00edses miembros en la implementaci\u00f3n de proyectos que contribuyen al cumplimiento de sus compromisos ambientales y clim\u00e1ticos.<\/p>\n","protected":false},"excerpt":{"rendered":"<p>Durante la COP26 de Glasgow, CAF-Banco de desarrollo de Am\u00e9rica Latina- anunci\u00f3 su compromiso para destinar 25.000 millones de d\u00f3lares durante los pr\u00f3ximos cinco a\u00f1os para operaciones verdes que ayuden a los pa\u00edses de la regi\u00f3n a incrementar la resiliencia clim\u00e1tica, promover la transici\u00f3n energ\u00e9tica, lograr un crecimiento bajo en emisiones de gases de efecto [&hellip;]<\/p>\n","protected":false},"author":1,"featured_media":41811,"comment_status":"closed","ping_status":"closed","sticky":false,"template":"","format":"standard","meta":{"_acf_changed":false,"footnotes":""},"categories":[7],"tags":[],"class_list":["post-41810","post","type-post","status-publish","format-standard","has-post-thumbnail","category-economia"],"acf":{"antetitulo":""},"yoast_head":"<!-- This site is optimized with the Yoast SEO plugin v28.4 - https:\/\/yoast.com\/product\/yoast-seo-wordpress\/ -->\n<title>CAF destinar\u00e1 $us 25.000 millones para fomentar el crecimiento verde - El Diario - Bolivia<\/title>\n<meta name=\"robots\" content=\"index, follow, max-snippet:-1, max-image-preview:large, max-video-preview:-1\" \/>\n<link rel=\"canonical\" href=\"https:\/\/www.eldiario.net\/portal\/2021\/11\/09\/caf-destinara-us-25-000-millones-para-fomentar-el-crecimiento-verde\/\" \/>\n<meta property=\"og:locale\" content=\"es_ES\" \/>\n<meta property=\"og:type\" content=\"article\" \/>\n<meta property=\"og:title\" content=\"CAF destinar\u00e1 $us 25.000 millones para fomentar el crecimiento verde - El Diario - Bolivia\" \/>\n<meta property=\"og:description\" content=\"Durante la COP26 de Glasgow, CAF-Banco de desarrollo de Am\u00e9rica Latina- anunci\u00f3 su compromiso para destinar 25.000 millones de d\u00f3lares durante los pr\u00f3ximos cinco a\u00f1os para operaciones verdes que ayuden a los pa\u00edses de la regi\u00f3n a incrementar la resiliencia clim\u00e1tica, promover la transici\u00f3n energ\u00e9tica, lograr un crecimiento bajo en emisiones de gases de efecto [&hellip;]\" \/>\n<meta property=\"og:url\" content=\"https:\/\/www.eldiario.net\/portal\/2021\/11\/09\/caf-destinara-us-25-000-millones-para-fomentar-el-crecimiento-verde\/\" \/>\n<meta property=\"og:site_name\" content=\"El Diario - Bolivia\" \/>\n<meta property=\"article:publisher\" content=\"https:\/\/www.facebook.com\/eldiario.bolivia\/\" \/>\n<meta property=\"article:published_time\" content=\"2021-11-09T08:59:41+00:00\" \/>\n<meta name=\"author\" content=\"Jeanette\" \/>\n<meta name=\"twitter:card\" content=\"summary_large_image\" \/>\n<meta name=\"twitter:creator\" content=\"@eldiario_net\" \/>\n<meta name=\"twitter:site\" content=\"@eldiario_net\" \/>\n<meta name=\"twitter:label1\" content=\"Escrito por\" \/>\n\t<meta name=\"twitter:data1\" content=\"Jeanette\" \/>\n\t<meta name=\"twitter:label2\" content=\"Tiempo de lectura\" \/>\n\t<meta name=\"twitter:data2\" content=\"3 minutos\" \/>\n<script type=\"application\/ld+json\" class=\"yoast-schema-graph\">{\"@context\":\"https:\\\/\\\/schema.org\",\"@graph\":[{\"@type\":\"Article\",\"@id\":\"https:\\\/\\\/www.eldiario.net\\\/portal\\\/2021\\\/11\\\/09\\\/caf-destinara-us-25-000-millones-para-fomentar-el-crecimiento-verde\\\/#article\",\"isPartOf\":{\"@id\":\"https:\\\/\\\/www.eldiario.net\\\/portal\\\/2021\\\/11\\\/09\\\/caf-destinara-us-25-000-millones-para-fomentar-el-crecimiento-verde\\\/\"},\"author\":{\"name\":\"Jeanette\",\"@id\":\"https:\\\/\\\/www.eldiario.net\\\/portal\\\/#\\\/schema\\\/person\\\/2c57cf2b7a7ae032e449e4c9b1019eac\"},\"headline\":\"CAF destinar\u00e1 $us 25.000 millones para fomentar el crecimiento verde\",\"datePublished\":\"2021-11-09T08:59:41+00:00\",\"mainEntityOfPage\":{\"@id\":\"https:\\\/\\\/www.eldiario.net\\\/portal\\\/2021\\\/11\\\/09\\\/caf-destinara-us-25-000-millones-para-fomentar-el-crecimiento-verde\\\/\"},\"wordCount\":581,\"publisher\":{\"@id\":\"https:\\\/\\\/www.eldiario.net\\\/portal\\\/#organization\"},\"image\":{\"@id\":\"https:\\\/\\\/www.eldiario.net\\\/portal\\\/2021\\\/11\\\/09\\\/caf-destinara-us-25-000-millones-para-fomentar-el-crecimiento-verde\\\/#primaryimage\"},\"thumbnailUrl\":\"\",\"articleSection\":[\"Econom\u00eda\"],\"inLanguage\":\"es\"},{\"@type\":\"WebPage\",\"@id\":\"https:\\\/\\\/www.eldiario.net\\\/portal\\\/2021\\\/11\\\/09\\\/caf-destinara-us-25-000-millones-para-fomentar-el-crecimiento-verde\\\/\",\"url\":\"https:\\\/\\\/www.eldiario.net\\\/portal\\\/2021\\\/11\\\/09\\\/caf-destinara-us-25-000-millones-para-fomentar-el-crecimiento-verde\\\/\",\"name\":\"CAF destinar\u00e1 $us 25.000 millones para fomentar el crecimiento verde - El Diario - Bolivia\",\"isPartOf\":{\"@id\":\"https:\\\/\\\/www.eldiario.net\\\/portal\\\/#website\"},\"primaryImageOfPage\":{\"@id\":\"https:\\\/\\\/www.eldiario.net\\\/portal\\\/2021\\\/11\\\/09\\\/caf-destinara-us-25-000-millones-para-fomentar-el-crecimiento-verde\\\/#primaryimage\"},\"image\":{\"@id\":\"https:\\\/\\\/www.eldiario.net\\\/portal\\\/2021\\\/11\\\/09\\\/caf-destinara-us-25-000-millones-para-fomentar-el-crecimiento-verde\\\/#primaryimage\"},\"thumbnailUrl\":\"\",\"datePublished\":\"2021-11-09T08:59:41+00:00\",\"breadcrumb\":{\"@id\":\"https:\\\/\\\/www.eldiario.net\\\/portal\\\/2021\\\/11\\\/09\\\/caf-destinara-us-25-000-millones-para-fomentar-el-crecimiento-verde\\\/#breadcrumb\"},\"inLanguage\":\"es\",\"potentialAction\":[{\"@type\":\"ReadAction\",\"target\":[\"https:\\\/\\\/www.eldiario.net\\\/portal\\\/2021\\\/11\\\/09\\\/caf-destinara-us-25-000-millones-para-fomentar-el-crecimiento-verde\\\/\"]}]},{\"@type\":\"ImageObject\",\"inLanguage\":\"es\",\"@id\":\"https:\\\/\\\/www.eldiario.net\\\/portal\\\/2021\\\/11\\\/09\\\/caf-destinara-us-25-000-millones-para-fomentar-el-crecimiento-verde\\\/#primaryimage\",\"url\":\"\",\"contentUrl\":\"\"},{\"@type\":\"BreadcrumbList\",\"@id\":\"https:\\\/\\\/www.eldiario.net\\\/portal\\\/2021\\\/11\\\/09\\\/caf-destinara-us-25-000-millones-para-fomentar-el-crecimiento-verde\\\/#breadcrumb\",\"itemListElement\":[{\"@type\":\"ListItem\",\"position\":1,\"name\":\"Portada\",\"item\":\"https:\\\/\\\/www.eldiario.net\\\/portal\\\/\"},{\"@type\":\"ListItem\",\"position\":2,\"name\":\"CAF destinar\u00e1 $us 25.000 millones para fomentar el crecimiento verde\"}]},{\"@type\":\"WebSite\",\"@id\":\"https:\\\/\\\/www.eldiario.net\\\/portal\\\/#website\",\"url\":\"https:\\\/\\\/www.eldiario.net\\\/portal\\\/\",\"name\":\"El Diario - Decano de la prensa nacional\",\"description\":\"El Diario - Decano de la prensa nacional\",\"publisher\":{\"@id\":\"https:\\\/\\\/www.eldiario.net\\\/portal\\\/#organization\"},\"potentialAction\":[{\"@type\":\"SearchAction\",\"target\":{\"@type\":\"EntryPoint\",\"urlTemplate\":\"https:\\\/\\\/www.eldiario.net\\\/portal\\\/?s={search_term_string}\"},\"query-input\":{\"@type\":\"PropertyValueSpecification\",\"valueRequired\":true,\"valueName\":\"search_term_string\"}}],\"inLanguage\":\"es\"},{\"@type\":\"Organization\",\"@id\":\"https:\\\/\\\/www.eldiario.net\\\/portal\\\/#organization\",\"name\":\"El Diario - Decano de la prensa nacional\",\"url\":\"https:\\\/\\\/www.eldiario.net\\\/portal\\\/\",\"logo\":{\"@type\":\"ImageObject\",\"inLanguage\":\"es\",\"@id\":\"https:\\\/\\\/www.eldiario.net\\\/portal\\\/#\\\/schema\\\/logo\\\/image\\\/\",\"url\":\"https:\\\/\\\/www.eldiario.net\\\/portal\\\/wp-content\\\/uploads\\\/2023\\\/07\\\/logo_ED.jpg\",\"contentUrl\":\"https:\\\/\\\/www.eldiario.net\\\/portal\\\/wp-content\\\/uploads\\\/2023\\\/07\\\/logo_ED.jpg\",\"width\":272,\"height\":52,\"caption\":\"El Diario - Decano de la prensa nacional\"},\"image\":{\"@id\":\"https:\\\/\\\/www.eldiario.net\\\/portal\\\/#\\\/schema\\\/logo\\\/image\\\/\"},\"sameAs\":[\"https:\\\/\\\/www.facebook.com\\\/eldiario.bolivia\\\/\",\"https:\\\/\\\/x.com\\\/eldiario_net\"]},{\"@type\":\"Person\",\"@id\":\"https:\\\/\\\/www.eldiario.net\\\/portal\\\/#\\\/schema\\\/person\\\/2c57cf2b7a7ae032e449e4c9b1019eac\",\"name\":\"Jeanette\",\"image\":{\"@type\":\"ImageObject\",\"inLanguage\":\"es\",\"@id\":\"https:\\\/\\\/secure.gravatar.com\\\/avatar\\\/3ea2118a5f7dad2b7138b1187a6b7ee55f160b9968b66013c3a3ef39dd7e5798?s=96&d=mm&r=g\",\"url\":\"https:\\\/\\\/secure.gravatar.com\\\/avatar\\\/3ea2118a5f7dad2b7138b1187a6b7ee55f160b9968b66013c3a3ef39dd7e5798?s=96&d=mm&r=g\",\"contentUrl\":\"https:\\\/\\\/secure.gravatar.com\\\/avatar\\\/3ea2118a5f7dad2b7138b1187a6b7ee55f160b9968b66013c3a3ef39dd7e5798?s=96&d=mm&r=g\",\"caption\":\"Jeanette\"},\"sameAs\":[\"https:\\\/\\\/www.eldiario.net\\\/portal\"],\"url\":\"https:\\\/\\\/www.eldiario.net\\\/portal\\\/author\\\/jeanette\\\/\"}]}<\/script>\n<!-- \/ Yoast SEO plugin. -->","yoast_head_json":{"title":"CAF destinar\u00e1 $us 25.000 millones para fomentar el crecimiento verde - El Diario - Bolivia","robots":{"index":"index","follow":"follow","max-snippet":"max-snippet:-1","max-image-preview":"max-image-preview:large","max-video-preview":"max-video-preview:-1"},"canonical":"https:\/\/www.eldiario.net\/portal\/2021\/11\/09\/caf-destinara-us-25-000-millones-para-fomentar-el-crecimiento-verde\/","og_locale":"es_ES","og_type":"article","og_title":"CAF destinar\u00e1 $us 25.000 millones para fomentar el crecimiento verde - El Diario - Bolivia","og_description":"Durante la COP26 de Glasgow, CAF-Banco de desarrollo de Am\u00e9rica Latina- anunci\u00f3 su compromiso para destinar 25.000 millones de d\u00f3lares durante los pr\u00f3ximos cinco a\u00f1os para operaciones verdes que ayuden a los pa\u00edses de la regi\u00f3n a incrementar la resiliencia clim\u00e1tica, promover la transici\u00f3n energ\u00e9tica, lograr un crecimiento bajo en emisiones de gases de efecto [&hellip;]","og_url":"https:\/\/www.eldiario.net\/portal\/2021\/11\/09\/caf-destinara-us-25-000-millones-para-fomentar-el-crecimiento-verde\/","og_site_name":"El Diario - Bolivia","article_publisher":"https:\/\/www.facebook.com\/eldiario.bolivia\/","article_published_time":"2021-11-09T08:59:41+00:00","author":"Jeanette","twitter_card":"summary_large_image","twitter_creator":"@eldiario_net","twitter_site":"@eldiario_net","twitter_misc":{"Escrito por":"Jeanette","Tiempo de lectura":"3 minutos"},"schema":{"@context":"https:\/\/schema.org","@graph":[{"@type":"Article","@id":"https:\/\/www.eldiario.net\/portal\/2021\/11\/09\/caf-destinara-us-25-000-millones-para-fomentar-el-crecimiento-verde\/#article","isPartOf":{"@id":"https:\/\/www.eldiario.net\/portal\/2021\/11\/09\/caf-destinara-us-25-000-millones-para-fomentar-el-crecimiento-verde\/"},"author":{"name":"Jeanette","@id":"https:\/\/www.eldiario.net\/portal\/#\/schema\/person\/2c57cf2b7a7ae032e449e4c9b1019eac"},"headline":"CAF destinar\u00e1 $us 25.000 millones para fomentar el crecimiento verde","datePublished":"2021-11-09T08:59:41+00:00","mainEntityOfPage":{"@id":"https:\/\/www.eldiario.net\/portal\/2021\/11\/09\/caf-destinara-us-25-000-millones-para-fomentar-el-crecimiento-verde\/"},"wordCount":581,"publisher":{"@id":"https:\/\/www.eldiario.net\/portal\/#organization"},"image":{"@id":"https:\/\/www.eldiario.net\/portal\/2021\/11\/09\/caf-destinara-us-25-000-millones-para-fomentar-el-crecimiento-verde\/#primaryimage"},"thumbnailUrl":"","articleSection":["Econom\u00eda"],"inLanguage":"es"},{"@type":"WebPage","@id":"https:\/\/www.eldiario.net\/portal\/2021\/11\/09\/caf-destinara-us-25-000-millones-para-fomentar-el-crecimiento-verde\/","url":"https:\/\/www.eldiario.net\/portal\/2021\/11\/09\/caf-destinara-us-25-000-millones-para-fomentar-el-crecimiento-verde\/","name":"CAF destinar\u00e1 $us 25.000 millones para fomentar el crecimiento verde - El Diario - Bolivia","isPartOf":{"@id":"https:\/\/www.eldiario.net\/portal\/#website"},"primaryImageOfPage":{"@id":"https:\/\/www.eldiario.net\/portal\/2021\/11\/09\/caf-destinara-us-25-000-millones-para-fomentar-el-crecimiento-verde\/#primaryimage"},"image":{"@id":"https:\/\/www.eldiario.net\/portal\/2021\/11\/09\/caf-destinara-us-25-000-millones-para-fomentar-el-crecimiento-verde\/#primaryimage"},"thumbnailUrl":"","datePublished":"2021-11-09T08:59:41+00:00","breadcrumb":{"@id":"https:\/\/www.eldiario.net\/portal\/2021\/11\/09\/caf-destinara-us-25-000-millones-para-fomentar-el-crecimiento-verde\/#breadcrumb"},"inLanguage":"es","potentialAction":[{"@type":"ReadAction","target":["https:\/\/www.eldiario.net\/portal\/2021\/11\/09\/caf-destinara-us-25-000-millones-para-fomentar-el-crecimiento-verde\/"]}]},{"@type":"ImageObject","inLanguage":"es","@id":"https:\/\/www.eldiario.net\/portal\/2021\/11\/09\/caf-destinara-us-25-000-millones-para-fomentar-el-crecimiento-verde\/#primaryimage","url":"","contentUrl":""},{"@type":"BreadcrumbList","@id":"https:\/\/www.eldiario.net\/portal\/2021\/11\/09\/caf-destinara-us-25-000-millones-para-fomentar-el-crecimiento-verde\/#breadcrumb","itemListElement":[{"@type":"ListItem","position":1,"name":"Portada","item":"https:\/\/www.eldiario.net\/portal\/"},{"@type":"ListItem","position":2,"name":"CAF destinar\u00e1 $us 25.000 millones para fomentar el crecimiento verde"}]},{"@type":"WebSite","@id":"https:\/\/www.eldiario.net\/portal\/#website","url":"https:\/\/www.eldiario.net\/portal\/","name":"El Diario - Decano de la prensa nacional","description":"El Diario - Decano de la prensa nacional","publisher":{"@id":"https:\/\/www.eldiario.net\/portal\/#organization"},"potentialAction":[{"@type":"SearchAction","target":{"@type":"EntryPoint","urlTemplate":"https:\/\/www.eldiario.net\/portal\/?s={search_term_string}"},"query-input":{"@type":"PropertyValueSpecification","valueRequired":true,"valueName":"search_term_string"}}],"inLanguage":"es"},{"@type":"Organization","@id":"https:\/\/www.eldiario.net\/portal\/#organization","name":"El Diario - Decano de la prensa nacional","url":"https:\/\/www.eldiario.net\/portal\/","logo":{"@type":"ImageObject","inLanguage":"es","@id":"https:\/\/www.eldiario.net\/portal\/#\/schema\/logo\/image\/","url":"https:\/\/www.eldiario.net\/portal\/wp-content\/uploads\/2023\/07\/logo_ED.jpg","contentUrl":"https:\/\/www.eldiario.net\/portal\/wp-content\/uploads\/2023\/07\/logo_ED.jpg","width":272,"height":52,"caption":"El Diario - Decano de la prensa nacional"},"image":{"@id":"https:\/\/www.eldiario.net\/portal\/#\/schema\/logo\/image\/"},"sameAs":["https:\/\/www.facebook.com\/eldiario.bolivia\/","https:\/\/x.com\/eldiario_net"]},{"@type":"Person","@id":"https:\/\/www.eldiario.net\/portal\/#\/schema\/person\/2c57cf2b7a7ae032e449e4c9b1019eac","name":"Jeanette","image":{"@type":"ImageObject","inLanguage":"es","@id":"https:\/\/secure.gravatar.com\/avatar\/3ea2118a5f7dad2b7138b1187a6b7ee55f160b9968b66013c3a3ef39dd7e5798?s=96&d=mm&r=g","url":"https:\/\/secure.gravatar.com\/avatar\/3ea2118a5f7dad2b7138b1187a6b7ee55f160b9968b66013c3a3ef39dd7e5798?s=96&d=mm&r=g","contentUrl":"https:\/\/secure.gravatar.com\/avatar\/3ea2118a5f7dad2b7138b1187a6b7ee55f160b9968b66013c3a3ef39dd7e5798?s=96&d=mm&r=g","caption":"Jeanette"},"sameAs":["https:\/\/www.eldiario.net\/portal"],"url":"https:\/\/www.eldiario.net\/portal\/author\/jeanette\/"}]}},"_links":{"self":[{"href":"https:\/\/www.eldiario.net\/portal\/wp-json\/wp\/v2\/posts\/41810","targetHints":{"allow":["GET"]}}],"collection":[{"href":"https:\/\/www.eldiario.net\/portal\/wp-json\/wp\/v2\/posts"}],"about":[{"href":"https:\/\/www.eldiario.net\/portal\/wp-json\/wp\/v2\/types\/post"}],"author":[{"embeddable":true,"href":"https:\/\/www.eldiario.net\/portal\/wp-json\/wp\/v2\/users\/1"}],"replies":[{"embeddable":true,"href":"https:\/\/www.eldiario.net\/portal\/wp-json\/wp\/v2\/comments?post=41810"}],"version-history":[{"count":0,"href":"https:\/\/www.eldiario.net\/portal\/wp-json\/wp\/v2\/posts\/41810\/revisions"}],"wp:attachment":[{"href":"https:\/\/www.eldiario.net\/portal\/wp-json\/wp\/v2\/media?parent=41810"}],"wp:term":[{"taxonomy":"category","embeddable":true,"href":"https:\/\/www.eldiario.net\/portal\/wp-json\/wp\/v2\/categories?post=41810"},{"taxonomy":"post_tag","embeddable":true,"href":"https:\/\/www.eldiario.net\/portal\/wp-json\/wp\/v2\/tags?post=41810"}],"curies":[{"name":"wp","href":"https:\/\/api.w.org\/{rel}","templated":true}]}}