{"id":41800,"date":"2021-11-09T04:56:50","date_gmt":"2021-11-09T08:56:50","guid":{"rendered":"https:\/\/www.eldiario.net\/portal\/?p=41800"},"modified":"2021-11-09T04:56:50","modified_gmt":"2021-11-09T08:56:50","slug":"enfermedades-bacterianas-del-entorno-que-afectan-nuestro-sistema-inmunitario-2","status":"publish","type":"post","link":"https:\/\/www.eldiario.net\/portal\/2021\/11\/09\/enfermedades-bacterianas-del-entorno-que-afectan-nuestro-sistema-inmunitario-2\/","title":{"rendered":"Enfermedades bacterianas del entorno que afectan nuestro sistema inmunitario"},"content":{"rendered":"<p><strong>Por: Equipo editor<\/strong><\/p>\n<p>&nbsp;<\/p>\n<p>Recordemos que una bacteria es un organismo microsc\u00f3pico unicelular, carente de n\u00facleo, que se multiplica por divisi\u00f3n celular sencilla o por esporas. Puede provocar enfermedades, fermentaciones o putrefacci\u00f3n en los seres vivos o materias org\u00e1nicas.<\/p>\n<p>&nbsp;<\/p>\n<p>Las enfermedades m\u00e1s comunes causadas por bacterias incluyen la meningitis, la gastritis, enfermedades de transmisi\u00f3n sexual, infecciones cut\u00e1neas, for\u00fanculos, entre otros. A todas estas enfermedades se les conoce como enfermedades bacterianas. Las bacterias son peque\u00f1as formas de vida que solo pueden ser vistas con la ayuda de un microscopio.<\/p>\n<p>&nbsp;<\/p>\n<p>Contrario a lo que muchas personas creen, las bacterias son necesarias para la vida en el planeta, puesto que gracias a las bacterias tienen lugar muchas de las funciones fundamentales de los ecosistemas.<\/p>\n<p>&nbsp;<\/p>\n<p><strong>Enfermedades mic\u00f3ticas m\u00e1s comunes<\/strong><\/p>\n<p>&nbsp;<\/p>\n<p><strong>Malassezia furfur<\/strong><\/p>\n<p>&nbsp;<\/p>\n<p>La caspa es la formaci\u00f3n no siempre excesiva de hojuelas o costras de piel muerta formada en el cuero cabelludo. A pesar de que es normal que las c\u00e9lulas de piel se mueran y formen hojuelas, algunas personas, ya sea cr\u00f3nicamente o como resultado de ciertas dolencias, experimentan una cantidad anormal de estas, lo cual suele ser acompa\u00f1ado de prurito, enrojecimiento e irritaci\u00f3n. La mayor\u00eda de las causas pueden ser tratadas con shampoo especial o con remedios caseros comunes. Rascarse hasta lesionar la piel puede aumentar el riesgo de infecciones (particularmente de Staphylococcus aureus y estreptococos) y alopecia. La caspa, de hecho, no es causada por la resequedad del cuero cabelludo.<\/p>\n<p>&nbsp;<\/p>\n<p><strong>Candida albicans<\/strong><\/p>\n<p>&nbsp;<\/p>\n<p>La candidiasis incluye infecciones que van desde las superficiales hasta las sist\u00e9micas, conocidas como candidemias y generalmente se limita a personas inmunocomprometidas como: pacientes con c\u00e1ncer, trasplante de \u00f3rganos, SIDA o incluso pacientes con cirug\u00edas de emergencia no traum\u00e1ticas.<\/p>\n<p>&nbsp;<\/p>\n<p>La mayor\u00eda de las infecciones por Candida son tratables y generan m\u00ednimas complicaciones tales como enrojecimiento, picaz\u00f3n y malestar, aunque las complicaciones podr\u00edan ser graves o fatales si no se tratan en ciertas poblaciones como en el caso de personas inmunocompetentes, la candidiasis suele ser una infecci\u00f3n localizada en la piel o membranas mucosas, incluida la cavidad oral \u201ccandidiasis oral\u201d, la faringe, el es\u00f3fago, el aparato digestivo, la vejiga y los genitales (vagina, pene).<\/p>\n<p>&nbsp;<\/p>\n<p><strong>Ti\u00f1a pedis o pie de atleta<\/strong><\/p>\n<p>&nbsp;<\/p>\n<p>Es una infecci\u00f3n en los pies provocada por hongos y su denominaci\u00f3n m\u00e9dica es ti\u00f1a pedis o ti\u00f1a del pie. Esta afecci\u00f3n puede durar poco o mucho tiempo y puede reaparecer despu\u00e9s del tratamiento. La ubicaci\u00f3n de este hongo se encuentra en los pies, su ubicaci\u00f3n con m\u00e1s frecuencia es a nivel de los pliegues de los dedos, el tal\u00f3n y la planta de los pies. El pie de atleta es el tipo m\u00e1s com\u00fan de infecciones mic\u00f3ticas por ti\u00f1a. El hongo prospera en \u00e1reas c\u00e1lidas y h\u00famedas. El riesgo de contraer esta afecci\u00f3n se incrementa con el uso de calzados cerrados.<\/p>\n<p>&nbsp;<\/p>\n<p>La forma de trasmisi\u00f3n del pie de atleta puede ser de persona a persona o por contacto con art\u00edculos contaminados (zapatos, calcetines y superficies de piscinas y duchas). Los s\u00edntomas son piel roja, picaz\u00f3n con ardor o escozor, ampollas que supuran en forma de costra, las u\u00f1as cambian de color y aumentan su grosor. El pie de atleta se puede presentar al mismo tiempo que otras infecciones mic\u00f3ticas de la piel como dermatofitosis y ti\u00f1a crural.<\/p>\n<p>&nbsp;<\/p>\n<p><strong>Enfermedades virales m\u00e1s comunes<\/strong><\/p>\n<p>&nbsp;<\/p>\n<p><strong>\u00bfQu\u00e9 son los virus?<\/strong><\/p>\n<p>&nbsp;<\/p>\n<p>Es un agente infeccioso microsc\u00f3pico acelular que solo puede multiplicarse dentro de las c\u00e9lulas de otros organismos. Infectan todos los tipos de organismos, desde animales, hongos, plantas, hasta bacterias; adem\u00e1s, son demasiado peque\u00f1os para poder ser observados con la ayuda de un microscopio \u00f3ptico.<\/p>\n<p>&nbsp;<\/p>\n<p><strong>Fiebre hemorr\u00e1gica &#8211; virus machupo<\/strong><\/p>\n<p>&nbsp;<\/p>\n<p>La fiebre hemorr\u00e1gica boliviana, tambi\u00e9n conocida como tifus negro, es ocasionada por la especie<\/p>\n<p>Machupovirus, causando una fiebre hemorr\u00e1gica viral y una enfermedad infecciosa zoon\u00f3tica. La infecci\u00f3n viral tiene un comienzo lento, con fiebre, malestar, jaqueca, dolor muscular y articular. En el progreso de la enfermedad se observa, petequias (manchas puntiformes rojas en la piel) y sangrado por la nariz. Conocido como la fase hemorr\u00e1gica que usualmente se presenta dentro de los siete d\u00edas del comienzo de la enfermedad.<\/p>\n<p>&nbsp;<\/p>\n<p>El vector es el Caliomys callosus o\u00a0 laucha campestre, un roedor nativo del norte de Bolivia. Los ratones infectados son asintom\u00e1ticos y expelen virus en sus excreciones, infectando a los humanos. La evidencia de transmisi\u00f3n persona a persona del virus Machupo existe pero es muy rara.<\/p>\n<p>&nbsp;<\/p>\n<p><strong>Virus de la fiebre amarilla<\/strong><\/p>\n<p>&nbsp;<\/p>\n<p>El virus de la fiebre amarilla es un arbovirus del g\u00e9nero Flavivirus y su vector principal son los mosquitos, que transmiten el virus de un hu\u00e9sped a otro, principalmente entre los monos, pero tambi\u00e9n del mono al hombre y de una persona a otra.<\/p>\n<p>&nbsp;<\/p>\n<p>Una vez contra\u00eddo el virus y pasado el per\u00edodo de incubaci\u00f3n de 3 a 6 d\u00edas, la infecci\u00f3n puede cursar en una o dos fases: la primera aguda, suele causar fiebre, mialgias con dolor de espalda intenso, cefaleas, escalofr\u00edos, p\u00e9rdida de apetito, n\u00e1useas y v\u00f3mitos.<\/p>\n<p>&nbsp;<\/p>\n<p>Posteriormente, la mayor\u00eda de los pacientes mejoran y los s\u00edntomas desaparecen en 3 a 4 d\u00edas. Sin embargo, el 15% de los pacientes entran a las 24 horas de la remisi\u00f3n inicial en una segunda fase, la m\u00e1s t\u00f3xica. Vuelve la fiebre elevada y se ven afectados diferentes sistemas org\u00e1nicos. El paciente se vuelve ict\u00e9rico r\u00e1pidamente y se queja de dolor abdominal con v\u00f3mitos. Puede haber hemorragias orales, nasales, oculares o g\u00e1stricas, con sangre en los v\u00f3mitos o en las heces. La funci\u00f3n renal se deteriora.<\/p>\n<p>&nbsp;<\/p>\n<p><strong>Virus del dengue<\/strong><\/p>\n<p>&nbsp;<\/p>\n<p>Se conocen cuatro serotipos distintos, pero estrechamente emparentados, del virus: DEN \u2013 1, DEN \u2013 2, DEN \u2013 3 y DEN \u2013 4. El vector principal del dengue es el mosquito Aedes aegypti. El virus se transmite a los seres humanos por la picadura de mosquitos hembra que se encuentran infectados.<\/p>\n<p>&nbsp;<\/p>\n<p>Dentro de los s\u00edntomas se encuentran fiebre elevada de 40\u00b0C, dolor de cabeza intenso (cefalea), dolor de los ojos, n\u00e1useas, v\u00f3mitos, dolor a nivel de las articulaciones y los m\u00fasculos. Todos estos s\u00edntomas tienen una duraci\u00f3n de 2 a 7 d\u00edas. Entre las complicaciones causadas por el dengue se encuentran: dificultad respiratoria, hemorragias graves, estos s\u00edntomas se acompa\u00f1an de v\u00f3mitos. En esta etapa ya no se encuentra presente la fiebre, la temperatura corporal ser\u00e1 menor a 38\u00b0C.<\/p>\n<p>&nbsp;<\/p>\n<p>El resfr\u00edo es causado por el rinovirus y coronavirus. Los s\u00edntomas principales son estornudos, secreci\u00f3n nasal, dolor de cabeza, congesti\u00f3n nasal, ojos llorosos, dolor de garganta, tos, cansancio y una sensaci\u00f3n de malestar general. Es una de las enfermedades m\u00e1s comunes, que por lo general, dura entre 3 y 10 d\u00edas. Aunque el resfr\u00edo com\u00fan no tiene cura, los s\u00edntomas generalmente se resuelven espont\u00e1neamente en 7 a 10 d\u00edas, con algunos s\u00edntomas que pueden permanecer hasta por tres semanas. La gripe es una infecci\u00f3n viral que afecta al tracto respiratorio causando s\u00edntomas adicionales como: fiebre en aumento, temblores y dolores musculares. El tratamiento del resfr\u00edo consiste en el alivio de los s\u00edntomas, lo que conlleva al uso frecuente de medicamentos tanto de prescripci\u00f3n como de venta libre y remedios caseros. En contra de la creencia popular.<\/p>\n<p>&nbsp;<\/p>\n<p><strong>Virus de la influenza<\/strong><\/p>\n<p>&nbsp;<\/p>\n<p>La gripe o influenza es una enfermedad infecciosa de aves y mam\u00edferos causada por un tipo de virus de ARN de la familia de los Orthomyxoviridae. La gripe se transmite por individuos infectados a trav\u00e9s de gotas en aerosol cargadas de virus (procedentes de secreci\u00f3n nasal, bronquial o saliva que contenga alguna de ellas), que son emitidas con la tos, los estornudos o incluso solo al hablar.<\/p>\n<p>&nbsp;<\/p>\n<p>Dentro de los s\u00edntomas podemos encontrar una similitud con los s\u00edntomas del resfri\u00f3 com\u00fan (dolor de garganta, dolor muscular, dolor articular, cefalea, malestar general, todos estos s\u00edntomas se pueden acompa\u00f1ar de fiebre). En algunos casos como en acianos y ni\u00f1os se encuentra presente la neumon\u00eda. Una forma de prevenir la infecci\u00f3n a causa de este virus es el lavado de manos, es muy importante que al estornudar lo hagamos en el pliegue del codo y no en la mano.<\/p>\n<p>&nbsp;<\/p>\n<p><strong>Virus del papiloma humano (VPH)<\/strong><\/p>\n<p>&nbsp;<\/p>\n<p>Son grupos diversos de virus ADN pertenecientes a la familia de los Papiloma viridae y representa una de las infecciones de transmisi\u00f3n sexual m\u00e1s comunes. Todos los virus de esta familia solo establecen infecciones productivas en el epitelio estratifi cado de la piel y mucosas de humanos, as\u00ed como de una variedad de animales. La mayor\u00eda de los VPH descritos no causan ning\u00fan s\u00edntoma en la mayor parte de la poblaci\u00f3n. Algunos tipos de VPH pueden causar verrugas o condilomas, mientras otros pueden generar infecciones subcl\u00ednicas, que pueden (en una minor\u00eda de casos) dar lugar a c\u00e1ncer cervical, de vulva, vagina y ano en mujeres, o c\u00e1ncer de ano y pene en hombres.<\/p>\n<p>&nbsp;<\/p>\n<p>El c\u00e1ncer cervicouterino, es causado por la infecci\u00f3n persistente por papiloma virus humanos (VPH). Son bastante transmisibles y su incidencia m\u00e1xima se registra poco despu\u00e9s del inicio de la actividad sexual.<\/p>\n<p>&nbsp;<\/p>\n<p><strong>Virus chikungunya<\/strong><\/p>\n<p>&nbsp;<\/p>\n<p>El origen de la palabra Chikungunya proviene de la lengua africana que significa retorcerse de dolor, este virus se trasmite a trav\u00e9s de la picadura de los mosquitos Aedes aegypti, que tambi\u00e9n son causantes del dengue. Los s\u00edntomas que presentan las personas infectadas por Chikungunya son: fiebre alta, dolor localizado en articulaciones (manos, rodillas y pies), dolor de espalda y cefalea.<\/p>\n<p>&nbsp;<\/p>\n<p>La forma de prevenir la enfermedad es realizando la fumigaci\u00f3n adecuada, de colegios, mercados y domicilios, para eliminar los criaderos de estos mosquitos. Por lo tanto, se debe tapar los tanques o dep\u00f3sitos de agua de uso dom\u00e9stico, evitar acumular la basura, destapar los desag\u00fces, las canaletas en donde se pueda estancar el agua, utilizar mallas milim\u00e9tricas, mosquiteros impregnados con insecticidas para las personas que duermen durante el d\u00eda, evitar tener la piel expuesta y utilizar camisas de manga larga y pantalones. Las personas infectadas por Chikungunya deben de acudir a un centro m\u00e9dico y deber\u00e1n guardar reposo.<\/p>\n<p>&nbsp;<\/p>\n<p><strong>Virus de la rabia<\/strong><\/p>\n<p>&nbsp;<\/p>\n<p>La rabia es una enfermedad transmitida al ser humano por los animales, causada por un virus que afecta a animales dom\u00e9sticos y salvajes, se propaga a las personas por el contacto con la saliva infectada a trav\u00e9s de mordeduras o ara\u00f1azos. El per\u00edodo de incubaci\u00f3n de la rabia suele ser de 1 a 3 meses, pero puede oscilar entre menos de una semana y m\u00e1s de un a\u00f1o. Las primeras manifestaciones son la fiebre, que a menudo se acompa\u00f1a de dolor o parestesias (sensaci\u00f3n inusual o inexplicada de hormigueo, picor o quemaz\u00f3n) en el lugar de la herida.<\/p>\n<p>&nbsp;<\/p>\n<p>A medida que el virus se propaga por el sistema nervioso central se produce una inflamaci\u00f3n progresiva del cerebro y la m\u00e9dula espinal que acaba produciendo la muerte. La rabia furiosa, presenta signos de hiperactividad, excitaci\u00f3n, hidrofobia y en ocasiones aerofobia, la muerte se produce a los pocos d\u00edas por paro cardiorrespiratorio.<\/p>\n<p>&nbsp;<\/p>\n<p><strong>Virus de la varicela<\/strong><\/p>\n<p>&nbsp;<\/p>\n<p>La varicela es una enfermedad contagiosa causada por el virus de la Varicela z\u00f3ster. Es una de las enfermedades cl\u00e1sicas de la infancia, que en los ni\u00f1os suele ser leve pero en adolescentes y adultos tiene mayor riesgo de complicaciones. Los s\u00edntomas duran alrededor de una semana. Cl\u00ednicamente inicia con un per\u00edodo prodr\u00f3mico semejante a un cuadro gripal con fiebre leve o moderada, posteriormente aparece un exantema maculopapular, con evoluci\u00f3n a ves\u00edculas y costras. Se acompa\u00f1a de adenopat\u00edas cervicales y s\u00edntomas generales. Las lesiones d\u00e9rmicas pueden producir cicatrices permanentes. La varicela por lo general, crea inmunidad permanente y solo aparece una vez en la vida, como la mayor parte de enfermedades eruptivas de la infancia (sarampi\u00f3n, rub\u00e9ola y otras).<\/p>\n<p>&nbsp;<\/p>\n<p><strong>La amenaza del virus \u00c9bola en Bolivia<\/strong><\/p>\n<p>&nbsp;<\/p>\n<p>El virus se propaga en la comunidad mediante la transmisi\u00f3n de persona a persona, por contacto directo (a trav\u00e9s de las membranas mucosas o de soluciones de continuidad de la piel) con \u00f3rganos, sangre, secreciones, u otros l\u00edquidos corporales de personas infectadas o por contacto indirecto con materiales contaminados por dichos l\u00edquidos.<\/p>\n<p>&nbsp;<\/p>\n<p>La enfermedad por el virus \u00c9bola es una enfermedad v\u00edrica aguda grave que se suele caracterizar por la aparici\u00f3n s\u00fabita de fiebre, debilidad intensa, dolores musculares, dolor de cabeza y de garganta, seguidos de v\u00f3mitos, diarrea, erupciones cut\u00e1neas, disfunci\u00f3n renal y hep\u00e1tica; en algunos casos, hemorragias internas y externas. Los resultados de laboratorio muestran disminuci\u00f3n del n\u00famero de leucocitos y plaquetas, as\u00ed como elevaci\u00f3n de las enzimas hep\u00e1ticas.<\/p>\n<p>&nbsp;<\/p>\n<p><strong>Gripe por a (H1N1)<\/strong><\/p>\n<p>&nbsp;<\/p>\n<p>La gripe por A (H1N1) es una infecci\u00f3n respiratoria aguda y muy contagiosa. La morbilidad suele ser alta. El resultado puede ser un virus gripal con genes de diversa procedencia, lo que se llama un virus \u201creagrupado\u201d. Aunque los virus de la gripe porcina son normalmente espec\u00edficos de esa especie, en ocasiones saltan la barrera inter especies y provocan la enfermedad en el hombre. En general los s\u00edntomas son similares a los de la gripe estacional, pero las manifestaciones cl\u00ednicas son muy variables, desde una infecci\u00f3n asintom\u00e1tica hasta una neumon\u00eda grave que mata al paciente. Para prevenir esta enfermedad se debe evitar el contacto directo con personas enfermas, lavarse las manos con agua y jab\u00f3n frecuentemente, cubrirse la nariz y boca al estornudar o toser.<\/p>\n<div id='gallery-1' class='gallery galleryid-41800 gallery-columns-3 gallery-size-medium'><figure class='gallery-item'>\n\t\t\t<div class='gallery-icon '>\n\t\t\t\t<a href='https:\/\/www.eldiario.net\/portal\/2021\/11\/09\/enfermedades-bacterianas-del-entorno-que-afectan-nuestro-sistema-inmunitario-2\/bio-que-es-el-sit-inmune\/'><img loading=\"lazy\" decoding=\"async\" width=\"1\" height=\"1\" src=\"https:\/\/www.eldiario.net\/portal\/wp-content\/uploads\/2021\/11\/Bio-Que-es-el-sit-inmune.jpg\" class=\"attachment-medium size-medium\" alt=\"\" \/><\/a>\n\t\t\t<\/div><\/figure>\n\t\t<\/div>\n\n","protected":false},"excerpt":{"rendered":"<p>Por: Equipo editor &nbsp; Recordemos que una bacteria es un organismo microsc\u00f3pico unicelular, carente de n\u00facleo, que se multiplica por divisi\u00f3n celular sencilla o por esporas. Puede provocar enfermedades, fermentaciones o putrefacci\u00f3n en los seres vivos o materias org\u00e1nicas. &nbsp; Las enfermedades m\u00e1s comunes causadas por bacterias incluyen la meningitis, la gastritis, enfermedades de transmisi\u00f3n [&hellip;]<\/p>\n","protected":false},"author":1,"featured_media":41801,"comment_status":"closed","ping_status":"closed","sticky":false,"template":"","format":"standard","meta":{"_acf_changed":false,"footnotes":""},"categories":[43],"tags":[],"class_list":["post-41800","post","type-post","status-publish","format-standard","has-post-thumbnail","category-nuevos-horizontes"],"acf":{"antetitulo":""},"yoast_head":"<!-- This site is optimized with the Yoast SEO plugin v28.4 - https:\/\/yoast.com\/product\/yoast-seo-wordpress\/ -->\n<title>Enfermedades bacterianas del entorno que afectan nuestro sistema inmunitario - El Diario - Bolivia<\/title>\n<meta name=\"robots\" content=\"index, follow, max-snippet:-1, max-image-preview:large, max-video-preview:-1\" \/>\n<link rel=\"canonical\" href=\"https:\/\/www.eldiario.net\/portal\/2021\/11\/09\/enfermedades-bacterianas-del-entorno-que-afectan-nuestro-sistema-inmunitario-2\/\" \/>\n<meta property=\"og:locale\" content=\"es_ES\" \/>\n<meta property=\"og:type\" content=\"article\" \/>\n<meta property=\"og:title\" content=\"Enfermedades bacterianas del entorno que afectan nuestro sistema inmunitario - El Diario - Bolivia\" \/>\n<meta property=\"og:description\" content=\"Por: Equipo editor &nbsp; Recordemos que una bacteria es un organismo microsc\u00f3pico unicelular, carente de n\u00facleo, que se multiplica por divisi\u00f3n celular sencilla o por esporas. Puede provocar enfermedades, fermentaciones o putrefacci\u00f3n en los seres vivos o materias org\u00e1nicas. &nbsp; Las enfermedades m\u00e1s comunes causadas por bacterias incluyen la meningitis, la gastritis, enfermedades de transmisi\u00f3n [&hellip;]\" \/>\n<meta property=\"og:url\" content=\"https:\/\/www.eldiario.net\/portal\/2021\/11\/09\/enfermedades-bacterianas-del-entorno-que-afectan-nuestro-sistema-inmunitario-2\/\" \/>\n<meta property=\"og:site_name\" content=\"El Diario - Bolivia\" \/>\n<meta property=\"article:publisher\" content=\"https:\/\/www.facebook.com\/eldiario.bolivia\/\" \/>\n<meta property=\"article:published_time\" content=\"2021-11-09T08:56:50+00:00\" \/>\n<meta property=\"og:image\" content=\"https:\/\/www.eldiario.net\/portal\/wp-content\/uploads\/2021\/11\/Bio-Mas.jpg\" \/>\n\t<meta property=\"og:image:width\" content=\"1151\" \/>\n\t<meta property=\"og:image:height\" content=\"799\" \/>\n\t<meta property=\"og:image:type\" content=\"image\/jpeg\" \/>\n<meta name=\"author\" content=\"Jeanette\" \/>\n<meta name=\"twitter:card\" content=\"summary_large_image\" \/>\n<meta name=\"twitter:creator\" content=\"@eldiario_net\" \/>\n<meta name=\"twitter:site\" content=\"@eldiario_net\" \/>\n<meta name=\"twitter:label1\" content=\"Escrito por\" \/>\n\t<meta name=\"twitter:data1\" content=\"Jeanette\" \/>\n\t<meta name=\"twitter:label2\" content=\"Tiempo de lectura\" \/>\n\t<meta name=\"twitter:data2\" content=\"10 minutos\" \/>\n<script type=\"application\/ld+json\" class=\"yoast-schema-graph\">{\"@context\":\"https:\\\/\\\/schema.org\",\"@graph\":[{\"@type\":\"Article\",\"@id\":\"https:\\\/\\\/www.eldiario.net\\\/portal\\\/2021\\\/11\\\/09\\\/enfermedades-bacterianas-del-entorno-que-afectan-nuestro-sistema-inmunitario-2\\\/#article\",\"isPartOf\":{\"@id\":\"https:\\\/\\\/www.eldiario.net\\\/portal\\\/2021\\\/11\\\/09\\\/enfermedades-bacterianas-del-entorno-que-afectan-nuestro-sistema-inmunitario-2\\\/\"},\"author\":{\"name\":\"Jeanette\",\"@id\":\"https:\\\/\\\/www.eldiario.net\\\/portal\\\/#\\\/schema\\\/person\\\/2c57cf2b7a7ae032e449e4c9b1019eac\"},\"headline\":\"Enfermedades bacterianas del entorno que afectan nuestro sistema inmunitario\",\"datePublished\":\"2021-11-09T08:56:50+00:00\",\"mainEntityOfPage\":{\"@id\":\"https:\\\/\\\/www.eldiario.net\\\/portal\\\/2021\\\/11\\\/09\\\/enfermedades-bacterianas-del-entorno-que-afectan-nuestro-sistema-inmunitario-2\\\/\"},\"wordCount\":2406,\"publisher\":{\"@id\":\"https:\\\/\\\/www.eldiario.net\\\/portal\\\/#organization\"},\"image\":{\"@id\":\"https:\\\/\\\/www.eldiario.net\\\/portal\\\/2021\\\/11\\\/09\\\/enfermedades-bacterianas-del-entorno-que-afectan-nuestro-sistema-inmunitario-2\\\/#primaryimage\"},\"thumbnailUrl\":\"https:\\\/\\\/www.eldiario.net\\\/portal\\\/wp-content\\\/uploads\\\/2021\\\/11\\\/Bio-Mas.jpg\",\"articleSection\":[\"Nuevos Horizontes\"],\"inLanguage\":\"es\"},{\"@type\":\"WebPage\",\"@id\":\"https:\\\/\\\/www.eldiario.net\\\/portal\\\/2021\\\/11\\\/09\\\/enfermedades-bacterianas-del-entorno-que-afectan-nuestro-sistema-inmunitario-2\\\/\",\"url\":\"https:\\\/\\\/www.eldiario.net\\\/portal\\\/2021\\\/11\\\/09\\\/enfermedades-bacterianas-del-entorno-que-afectan-nuestro-sistema-inmunitario-2\\\/\",\"name\":\"Enfermedades bacterianas del entorno que afectan nuestro sistema inmunitario - El Diario - Bolivia\",\"isPartOf\":{\"@id\":\"https:\\\/\\\/www.eldiario.net\\\/portal\\\/#website\"},\"primaryImageOfPage\":{\"@id\":\"https:\\\/\\\/www.eldiario.net\\\/portal\\\/2021\\\/11\\\/09\\\/enfermedades-bacterianas-del-entorno-que-afectan-nuestro-sistema-inmunitario-2\\\/#primaryimage\"},\"image\":{\"@id\":\"https:\\\/\\\/www.eldiario.net\\\/portal\\\/2021\\\/11\\\/09\\\/enfermedades-bacterianas-del-entorno-que-afectan-nuestro-sistema-inmunitario-2\\\/#primaryimage\"},\"thumbnailUrl\":\"https:\\\/\\\/www.eldiario.net\\\/portal\\\/wp-content\\\/uploads\\\/2021\\\/11\\\/Bio-Mas.jpg\",\"datePublished\":\"2021-11-09T08:56:50+00:00\",\"breadcrumb\":{\"@id\":\"https:\\\/\\\/www.eldiario.net\\\/portal\\\/2021\\\/11\\\/09\\\/enfermedades-bacterianas-del-entorno-que-afectan-nuestro-sistema-inmunitario-2\\\/#breadcrumb\"},\"inLanguage\":\"es\",\"potentialAction\":[{\"@type\":\"ReadAction\",\"target\":[\"https:\\\/\\\/www.eldiario.net\\\/portal\\\/2021\\\/11\\\/09\\\/enfermedades-bacterianas-del-entorno-que-afectan-nuestro-sistema-inmunitario-2\\\/\"]}]},{\"@type\":\"ImageObject\",\"inLanguage\":\"es\",\"@id\":\"https:\\\/\\\/www.eldiario.net\\\/portal\\\/2021\\\/11\\\/09\\\/enfermedades-bacterianas-del-entorno-que-afectan-nuestro-sistema-inmunitario-2\\\/#primaryimage\",\"url\":\"https:\\\/\\\/www.eldiario.net\\\/portal\\\/wp-content\\\/uploads\\\/2021\\\/11\\\/Bio-Mas.jpg\",\"contentUrl\":\"https:\\\/\\\/www.eldiario.net\\\/portal\\\/wp-content\\\/uploads\\\/2021\\\/11\\\/Bio-Mas.jpg\",\"width\":1151,\"height\":799},{\"@type\":\"BreadcrumbList\",\"@id\":\"https:\\\/\\\/www.eldiario.net\\\/portal\\\/2021\\\/11\\\/09\\\/enfermedades-bacterianas-del-entorno-que-afectan-nuestro-sistema-inmunitario-2\\\/#breadcrumb\",\"itemListElement\":[{\"@type\":\"ListItem\",\"position\":1,\"name\":\"Portada\",\"item\":\"https:\\\/\\\/www.eldiario.net\\\/portal\\\/\"},{\"@type\":\"ListItem\",\"position\":2,\"name\":\"Enfermedades bacterianas del entorno que afectan nuestro sistema inmunitario\"}]},{\"@type\":\"WebSite\",\"@id\":\"https:\\\/\\\/www.eldiario.net\\\/portal\\\/#website\",\"url\":\"https:\\\/\\\/www.eldiario.net\\\/portal\\\/\",\"name\":\"El Diario - Decano de la prensa nacional\",\"description\":\"El Diario - Decano de la prensa nacional\",\"publisher\":{\"@id\":\"https:\\\/\\\/www.eldiario.net\\\/portal\\\/#organization\"},\"potentialAction\":[{\"@type\":\"SearchAction\",\"target\":{\"@type\":\"EntryPoint\",\"urlTemplate\":\"https:\\\/\\\/www.eldiario.net\\\/portal\\\/?s={search_term_string}\"},\"query-input\":{\"@type\":\"PropertyValueSpecification\",\"valueRequired\":true,\"valueName\":\"search_term_string\"}}],\"inLanguage\":\"es\"},{\"@type\":\"Organization\",\"@id\":\"https:\\\/\\\/www.eldiario.net\\\/portal\\\/#organization\",\"name\":\"El Diario - Decano de la prensa nacional\",\"url\":\"https:\\\/\\\/www.eldiario.net\\\/portal\\\/\",\"logo\":{\"@type\":\"ImageObject\",\"inLanguage\":\"es\",\"@id\":\"https:\\\/\\\/www.eldiario.net\\\/portal\\\/#\\\/schema\\\/logo\\\/image\\\/\",\"url\":\"https:\\\/\\\/www.eldiario.net\\\/portal\\\/wp-content\\\/uploads\\\/2023\\\/07\\\/logo_ED.jpg\",\"contentUrl\":\"https:\\\/\\\/www.eldiario.net\\\/portal\\\/wp-content\\\/uploads\\\/2023\\\/07\\\/logo_ED.jpg\",\"width\":272,\"height\":52,\"caption\":\"El Diario - Decano de la prensa nacional\"},\"image\":{\"@id\":\"https:\\\/\\\/www.eldiario.net\\\/portal\\\/#\\\/schema\\\/logo\\\/image\\\/\"},\"sameAs\":[\"https:\\\/\\\/www.facebook.com\\\/eldiario.bolivia\\\/\",\"https:\\\/\\\/x.com\\\/eldiario_net\"]},{\"@type\":\"Person\",\"@id\":\"https:\\\/\\\/www.eldiario.net\\\/portal\\\/#\\\/schema\\\/person\\\/2c57cf2b7a7ae032e449e4c9b1019eac\",\"name\":\"Jeanette\",\"image\":{\"@type\":\"ImageObject\",\"inLanguage\":\"es\",\"@id\":\"https:\\\/\\\/secure.gravatar.com\\\/avatar\\\/3ea2118a5f7dad2b7138b1187a6b7ee55f160b9968b66013c3a3ef39dd7e5798?s=96&d=mm&r=g\",\"url\":\"https:\\\/\\\/secure.gravatar.com\\\/avatar\\\/3ea2118a5f7dad2b7138b1187a6b7ee55f160b9968b66013c3a3ef39dd7e5798?s=96&d=mm&r=g\",\"contentUrl\":\"https:\\\/\\\/secure.gravatar.com\\\/avatar\\\/3ea2118a5f7dad2b7138b1187a6b7ee55f160b9968b66013c3a3ef39dd7e5798?s=96&d=mm&r=g\",\"caption\":\"Jeanette\"},\"sameAs\":[\"https:\\\/\\\/www.eldiario.net\\\/portal\"],\"url\":\"https:\\\/\\\/www.eldiario.net\\\/portal\\\/author\\\/jeanette\\\/\"}]}<\/script>\n<!-- \/ Yoast SEO plugin. -->","yoast_head_json":{"title":"Enfermedades bacterianas del entorno que afectan nuestro sistema inmunitario - El Diario - Bolivia","robots":{"index":"index","follow":"follow","max-snippet":"max-snippet:-1","max-image-preview":"max-image-preview:large","max-video-preview":"max-video-preview:-1"},"canonical":"https:\/\/www.eldiario.net\/portal\/2021\/11\/09\/enfermedades-bacterianas-del-entorno-que-afectan-nuestro-sistema-inmunitario-2\/","og_locale":"es_ES","og_type":"article","og_title":"Enfermedades bacterianas del entorno que afectan nuestro sistema inmunitario - El Diario - Bolivia","og_description":"Por: Equipo editor &nbsp; Recordemos que una bacteria es un organismo microsc\u00f3pico unicelular, carente de n\u00facleo, que se multiplica por divisi\u00f3n celular sencilla o por esporas. Puede provocar enfermedades, fermentaciones o putrefacci\u00f3n en los seres vivos o materias org\u00e1nicas. &nbsp; Las enfermedades m\u00e1s comunes causadas por bacterias incluyen la meningitis, la gastritis, enfermedades de transmisi\u00f3n [&hellip;]","og_url":"https:\/\/www.eldiario.net\/portal\/2021\/11\/09\/enfermedades-bacterianas-del-entorno-que-afectan-nuestro-sistema-inmunitario-2\/","og_site_name":"El Diario - Bolivia","article_publisher":"https:\/\/www.facebook.com\/eldiario.bolivia\/","article_published_time":"2021-11-09T08:56:50+00:00","og_image":[{"width":1151,"height":799,"url":"https:\/\/www.eldiario.net\/portal\/wp-content\/uploads\/2021\/11\/Bio-Mas.jpg","type":"image\/jpeg"}],"author":"Jeanette","twitter_card":"summary_large_image","twitter_creator":"@eldiario_net","twitter_site":"@eldiario_net","twitter_misc":{"Escrito por":"Jeanette","Tiempo de lectura":"10 minutos"},"schema":{"@context":"https:\/\/schema.org","@graph":[{"@type":"Article","@id":"https:\/\/www.eldiario.net\/portal\/2021\/11\/09\/enfermedades-bacterianas-del-entorno-que-afectan-nuestro-sistema-inmunitario-2\/#article","isPartOf":{"@id":"https:\/\/www.eldiario.net\/portal\/2021\/11\/09\/enfermedades-bacterianas-del-entorno-que-afectan-nuestro-sistema-inmunitario-2\/"},"author":{"name":"Jeanette","@id":"https:\/\/www.eldiario.net\/portal\/#\/schema\/person\/2c57cf2b7a7ae032e449e4c9b1019eac"},"headline":"Enfermedades bacterianas del entorno que afectan nuestro sistema inmunitario","datePublished":"2021-11-09T08:56:50+00:00","mainEntityOfPage":{"@id":"https:\/\/www.eldiario.net\/portal\/2021\/11\/09\/enfermedades-bacterianas-del-entorno-que-afectan-nuestro-sistema-inmunitario-2\/"},"wordCount":2406,"publisher":{"@id":"https:\/\/www.eldiario.net\/portal\/#organization"},"image":{"@id":"https:\/\/www.eldiario.net\/portal\/2021\/11\/09\/enfermedades-bacterianas-del-entorno-que-afectan-nuestro-sistema-inmunitario-2\/#primaryimage"},"thumbnailUrl":"https:\/\/www.eldiario.net\/portal\/wp-content\/uploads\/2021\/11\/Bio-Mas.jpg","articleSection":["Nuevos Horizontes"],"inLanguage":"es"},{"@type":"WebPage","@id":"https:\/\/www.eldiario.net\/portal\/2021\/11\/09\/enfermedades-bacterianas-del-entorno-que-afectan-nuestro-sistema-inmunitario-2\/","url":"https:\/\/www.eldiario.net\/portal\/2021\/11\/09\/enfermedades-bacterianas-del-entorno-que-afectan-nuestro-sistema-inmunitario-2\/","name":"Enfermedades bacterianas del entorno que afectan nuestro sistema inmunitario - El Diario - Bolivia","isPartOf":{"@id":"https:\/\/www.eldiario.net\/portal\/#website"},"primaryImageOfPage":{"@id":"https:\/\/www.eldiario.net\/portal\/2021\/11\/09\/enfermedades-bacterianas-del-entorno-que-afectan-nuestro-sistema-inmunitario-2\/#primaryimage"},"image":{"@id":"https:\/\/www.eldiario.net\/portal\/2021\/11\/09\/enfermedades-bacterianas-del-entorno-que-afectan-nuestro-sistema-inmunitario-2\/#primaryimage"},"thumbnailUrl":"https:\/\/www.eldiario.net\/portal\/wp-content\/uploads\/2021\/11\/Bio-Mas.jpg","datePublished":"2021-11-09T08:56:50+00:00","breadcrumb":{"@id":"https:\/\/www.eldiario.net\/portal\/2021\/11\/09\/enfermedades-bacterianas-del-entorno-que-afectan-nuestro-sistema-inmunitario-2\/#breadcrumb"},"inLanguage":"es","potentialAction":[{"@type":"ReadAction","target":["https:\/\/www.eldiario.net\/portal\/2021\/11\/09\/enfermedades-bacterianas-del-entorno-que-afectan-nuestro-sistema-inmunitario-2\/"]}]},{"@type":"ImageObject","inLanguage":"es","@id":"https:\/\/www.eldiario.net\/portal\/2021\/11\/09\/enfermedades-bacterianas-del-entorno-que-afectan-nuestro-sistema-inmunitario-2\/#primaryimage","url":"https:\/\/www.eldiario.net\/portal\/wp-content\/uploads\/2021\/11\/Bio-Mas.jpg","contentUrl":"https:\/\/www.eldiario.net\/portal\/wp-content\/uploads\/2021\/11\/Bio-Mas.jpg","width":1151,"height":799},{"@type":"BreadcrumbList","@id":"https:\/\/www.eldiario.net\/portal\/2021\/11\/09\/enfermedades-bacterianas-del-entorno-que-afectan-nuestro-sistema-inmunitario-2\/#breadcrumb","itemListElement":[{"@type":"ListItem","position":1,"name":"Portada","item":"https:\/\/www.eldiario.net\/portal\/"},{"@type":"ListItem","position":2,"name":"Enfermedades bacterianas del entorno que afectan nuestro sistema inmunitario"}]},{"@type":"WebSite","@id":"https:\/\/www.eldiario.net\/portal\/#website","url":"https:\/\/www.eldiario.net\/portal\/","name":"El Diario - Decano de la prensa nacional","description":"El Diario - Decano de la prensa nacional","publisher":{"@id":"https:\/\/www.eldiario.net\/portal\/#organization"},"potentialAction":[{"@type":"SearchAction","target":{"@type":"EntryPoint","urlTemplate":"https:\/\/www.eldiario.net\/portal\/?s={search_term_string}"},"query-input":{"@type":"PropertyValueSpecification","valueRequired":true,"valueName":"search_term_string"}}],"inLanguage":"es"},{"@type":"Organization","@id":"https:\/\/www.eldiario.net\/portal\/#organization","name":"El Diario - Decano de la prensa nacional","url":"https:\/\/www.eldiario.net\/portal\/","logo":{"@type":"ImageObject","inLanguage":"es","@id":"https:\/\/www.eldiario.net\/portal\/#\/schema\/logo\/image\/","url":"https:\/\/www.eldiario.net\/portal\/wp-content\/uploads\/2023\/07\/logo_ED.jpg","contentUrl":"https:\/\/www.eldiario.net\/portal\/wp-content\/uploads\/2023\/07\/logo_ED.jpg","width":272,"height":52,"caption":"El Diario - Decano de la prensa nacional"},"image":{"@id":"https:\/\/www.eldiario.net\/portal\/#\/schema\/logo\/image\/"},"sameAs":["https:\/\/www.facebook.com\/eldiario.bolivia\/","https:\/\/x.com\/eldiario_net"]},{"@type":"Person","@id":"https:\/\/www.eldiario.net\/portal\/#\/schema\/person\/2c57cf2b7a7ae032e449e4c9b1019eac","name":"Jeanette","image":{"@type":"ImageObject","inLanguage":"es","@id":"https:\/\/secure.gravatar.com\/avatar\/3ea2118a5f7dad2b7138b1187a6b7ee55f160b9968b66013c3a3ef39dd7e5798?s=96&d=mm&r=g","url":"https:\/\/secure.gravatar.com\/avatar\/3ea2118a5f7dad2b7138b1187a6b7ee55f160b9968b66013c3a3ef39dd7e5798?s=96&d=mm&r=g","contentUrl":"https:\/\/secure.gravatar.com\/avatar\/3ea2118a5f7dad2b7138b1187a6b7ee55f160b9968b66013c3a3ef39dd7e5798?s=96&d=mm&r=g","caption":"Jeanette"},"sameAs":["https:\/\/www.eldiario.net\/portal"],"url":"https:\/\/www.eldiario.net\/portal\/author\/jeanette\/"}]}},"_links":{"self":[{"href":"https:\/\/www.eldiario.net\/portal\/wp-json\/wp\/v2\/posts\/41800","targetHints":{"allow":["GET"]}}],"collection":[{"href":"https:\/\/www.eldiario.net\/portal\/wp-json\/wp\/v2\/posts"}],"about":[{"href":"https:\/\/www.eldiario.net\/portal\/wp-json\/wp\/v2\/types\/post"}],"author":[{"embeddable":true,"href":"https:\/\/www.eldiario.net\/portal\/wp-json\/wp\/v2\/users\/1"}],"replies":[{"embeddable":true,"href":"https:\/\/www.eldiario.net\/portal\/wp-json\/wp\/v2\/comments?post=41800"}],"version-history":[{"count":0,"href":"https:\/\/www.eldiario.net\/portal\/wp-json\/wp\/v2\/posts\/41800\/revisions"}],"wp:featuredmedia":[{"embeddable":true,"href":"https:\/\/www.eldiario.net\/portal\/wp-json\/wp\/v2\/media\/41801"}],"wp:attachment":[{"href":"https:\/\/www.eldiario.net\/portal\/wp-json\/wp\/v2\/media?parent=41800"}],"wp:term":[{"taxonomy":"category","embeddable":true,"href":"https:\/\/www.eldiario.net\/portal\/wp-json\/wp\/v2\/categories?post=41800"},{"taxonomy":"post_tag","embeddable":true,"href":"https:\/\/www.eldiario.net\/portal\/wp-json\/wp\/v2\/tags?post=41800"}],"curies":[{"name":"wp","href":"https:\/\/api.w.org\/{rel}","templated":true}]}}