{"id":417962,"date":"2026-08-02T00:24:36","date_gmt":"2026-08-02T04:24:36","guid":{"rendered":"https:\/\/www.eldiario.net\/portal\/?p=417962"},"modified":"2026-08-01T08:25:47","modified_gmt":"2026-08-01T12:25:47","slug":"ataxia-cerebelosa","status":"publish","type":"post","link":"https:\/\/www.eldiario.net\/portal\/2026\/08\/02\/ataxia-cerebelosa\/","title":{"rendered":"ATAXIA CEREBELOSA"},"content":{"rendered":"<p><strong>Lic. Jaime J. Ticona Pardo, Fisioterapeuta Kinesi\u00f3logo<\/strong> &#8211;\u00a0 <strong><em>72556224<\/em><\/strong><\/p>\n<p>La ataxia cerebelosa es un trastorno neurol\u00f3gico caracterizado por la p\u00e9rdida de la coordinaci\u00f3n muscular y el equilibrio, debido a un da\u00f1o en el cerebelo.<\/p>\n<p>&nbsp;<\/p>\n<p>Sus signos principales son marcha inestable, problemas para hablar y falta de precisi\u00f3n en los movimientos<\/p>\n<p>&nbsp;<\/p>\n<p>No es una enfermedad en s\u00ed misma, sino un s\u00edndrome cl\u00ednico caracterizado por la alteraci\u00f3n en la coordinaci\u00f3n voluntaria de los movimientos, el equilibrio y el control postural.<\/p>\n<p>&nbsp;<\/p>\n<p>Es la consecuencia directa del da\u00f1o estructural o funcional en el cerebelo o sus v\u00edas aferentes y eferentes.<\/p>\n<p>&nbsp;<\/p>\n<p>Para el fisioterapeuta, la ataxia representa uno de los desaf\u00edos m\u00e1s complejos: a diferencia de las patolog\u00edas donde predomina la debilidad o la espasticidad, el paciente at\u00e1xico conserva la fuerza muscular pero ha perdido el control interno del movimiento.<\/p>\n<h2><strong>\u00a0<\/strong><\/h2>\n<h2><strong>BASES FISIOPATOL\u00d3GICAS: <\/strong><\/h2>\n<p>El cerebelo act\u00faa como un procesador de comparaci\u00f3n en tiempo real: recibe la intenci\u00f3n del movimiento desde la corteza motora y la contrasta con la informaci\u00f3n propioceptiva y vestibular del estado real del cuerpo. Cuando el cerebelo se lesiona (por ACV, traumatismos, esclerosis m\u00faltiple, tumores o degeneraciones hereditarias como la Ataxia de Friedreich), se interrumpe este bucle de retroalimentaci\u00f3n (<em>feedforward<\/em> y <em>feedback<\/em>).<\/p>\n<p><strong>\u00a0<\/strong><\/p>\n<p><strong>SIGNOS Y S\u00cdNTOMAS<\/strong><\/p>\n<ul>\n<li><strong>Marcha inestable:<\/strong> Caminar con los pies muy separados y de forma desequilibrada.<\/li>\n<li><strong>Incoordinaci\u00f3n:<\/strong> Dificultad para usar las manos, escribir o tomar objetos (dismetria).<\/li>\n<li><strong>Problemas de habla:<\/strong> Hablar lento o con palabras mal articuladas (disartria).<\/li>\n<li><strong>Movimientos oculares:<\/strong> Ojos que se mueven r\u00e1pido sin control (nistagmo)<\/li>\n<\/ul>\n<p><strong>\u00a0<\/strong><\/p>\n<p><strong>MANIFESTACIONES CLINICAS:<\/strong><\/p>\n<ul>\n<li><strong>Dismetrom\u00eda:<\/strong> Incapacidad para calcular la distancia, velocidad y fuerza necesarias para alcanzar un objetivo (sobrepasar o quedarse corto).<\/li>\n<li><strong>Disdiadococinesia:<\/strong> Dificultad para realizar movimientos alternantes r\u00e1pidos (p. ej., pronosupinaci\u00f3n de antebrazo).<\/li>\n<li><strong>Temblor intencional o cin\u00e9tico:<\/strong> Oscilaci\u00f3n involuntaria que aumenta al aproximarse al final del movimiento voluntario.<\/li>\n<li><strong>Asinergia y dismetr\u00eda del tronco:<\/strong> Descomposici\u00f3n de movimientos complejos en partes individuales r\u00edgidas.<\/li>\n<li><strong>Marcha at\u00e1xica:<\/strong> Base de sustentaci\u00f3n ampliada, pasos de longitud irregular, oscilaciones del tronco y trayectoria zigzagueante (\u00abmarcha ebria\u00bb).<\/li>\n<li><strong>Hipoton\u00eda cerebelosa:<\/strong> Disminuci\u00f3n del tono muscular que reduce la resistencia al movimiento pasivo y favorece el p\u00e9ndulo articular.<\/li>\n<\/ul>\n<p><strong>\u00a0<\/strong><\/p>\n<p><strong>CAUSAS PRINCIPALES <\/strong><\/p>\n<ul>\n<li><strong>Infecciones virales: <\/strong>Muy com\u00fan en ni\u00f1os tras contraer varicela u otros virus.<\/li>\n<li><strong>Factores gen\u00e9ticos: <\/strong>Enfermedades hereditarias que afectan el sistema nervioso con el tiempo<strong>.<\/strong><\/li>\n<li><strong>Problemas vasculares o lesiones: <\/strong>Accidentes cerebrovasculares, sangrados o tumores en el \u00e1rea del cerebelo<strong>.<\/strong><\/li>\n<li><strong>Toxinas y medicamentos: <\/strong>Abuso de alcohol o ciertos f\u00e1rmacos fuertes<strong>.<\/strong><\/li>\n<\/ul>\n<h2><strong>EVALUACI\u00d3N FISIOTERAP\u00c9UTICA:<\/strong><\/h2>\n<h2>Antes de iniciar cualquier intervenci\u00f3n, es indispensable realizar una valoraci\u00f3n cuantitativa y cualitativa:<\/h2>\n<ol>\n<li><strong>Pruebas de coordinaci\u00f3n segmentaria:<\/strong> \u00cdndice-nariz, tal\u00f3n-rodilla y movimientos alternantes r\u00e1pidos.<\/li>\n<li><strong>Control postural y equilibrio:<\/strong> Escala de Equilibrio de Berg (BBS), Test de Romberg y posturograf\u00eda funcional.<\/li>\n<li><strong>An\u00e1lisis de la marcha:<\/strong> Evaluaci\u00f3n del ancho de base, cadencia, variabilidad de la zancada y necesidad de ayudas t\u00e9cnicas.<\/li>\n<li><strong>Escalas validadas espec\u00edficas:<\/strong> Scale for the Assessment and Rating of Ataxia (<strong>SARA<\/strong>) o la International Cooperative Ataxia Rating Scale (<strong>ICARS<\/strong>).<\/li>\n<\/ol>\n<h2><\/h2>\n<h2><strong>ABORDAJE FISIOTERAP\u00c9UTICO EN LA ATAXIA CEREBELOSA<\/strong><\/h2>\n<p>El tratamiento neurorehabilitador no busca reparar el tejido nervioso destruido, sino <strong>estimular la plasticidad neural compensatoria<\/strong>, utilizando aferencias visuales, propioceptivas y somatosensoriales para suplir la deficiencia cerebelosa.<\/p>\n<h3><\/h3>\n<h3><strong>REENTRENAMIENTO DEL CONTROL POSTURAL Y ESTABILIDAD DE TRONCO<\/strong><\/h3>\n<p>&nbsp;<\/p>\n<p>El centro de gravedad debe estabilizarse antes de trabajar las extremidades.<\/p>\n<p>&nbsp;<\/p>\n<ul>\n<li><strong>Ejercicios en superficies estables e inestables:<\/strong> Trabajo en colchonetas, balones terap\u00e9uticos (Fitball) y platos de equilibrio (BOSU). Se busca la coactivaci\u00f3n de la musculatura profunda del <em>core<\/em>.<\/li>\n<\/ul>\n<p>&nbsp;<\/p>\n<ul>\n<li><strong>Estrategias de co-contracci\u00f3n:<\/strong> Ejercicios isot\u00f3nicos sostenidos y estabilizaci\u00f3n r\u00edtmica (t\u00e9cnicas de FNP &#8211; Facilitaci\u00f3n Neuromuscular Propioceptiva) para contrarrestar la hipoton\u00eda.<\/li>\n<\/ul>\n<p>&nbsp;<\/p>\n<ul>\n<li><strong>Transiciones posturales:<\/strong> Secuencias de sedimentaci\u00f3n-bipedestaci\u00f3n controlando el desplazamiento del centro de masas.<\/li>\n<\/ul>\n<h3><strong>COORDINACI\u00d3N Y PRECISI\u00d3N\u00a0 (EJ. DE FRENKEL)<\/strong><\/h3>\n<p>Dise\u00f1ados espec\u00edficamente para compensar la p\u00e9rdida de propiocepci\u00f3n mediante el uso de la visi\u00f3n y la concentraci\u00f3n mental. Se ejecutan con lentitud, precisi\u00f3n y repetici\u00f3n, comenzando en dec\u00fabito e incrementando la dificultad postural (sedente y bipedestaci\u00f3n).<\/p>\n<p>&nbsp;<\/p>\n<ul>\n<li><strong>En dec\u00fabito supino:<\/strong> Deslizar el tal\u00f3n sobre la cresta tibial de la pierna opuesta hasta tocar puntos marcados con precisi\u00f3n.<\/li>\n<li><strong>En sedestaci\u00f3n:<\/strong> Levantar el pie para colocarlo exactamente en la huella marcada en el suelo.<\/li>\n<li><strong>En bipedestaci\u00f3n:<\/strong> Caminar siguiendo l\u00edneas trazadas o huellas con variaciones en el ritmo.<\/li>\n<\/ul>\n<h3><strong>\u00a0<\/strong><\/h3>\n<h3><strong>REEDUCACI\u00d3N DE LA MARCHA Y ADAPTACIONES<\/strong><\/h3>\n<ul>\n<li><strong>Disminuci\u00f3n progresiva de la base de sustentaci\u00f3n:<\/strong> Pasar de marcha con pies separados a marcha en t\u00e1ndem (l\u00ednea recta).<\/li>\n<li><strong>Doble tarea (<em>Dual-Task<\/em>):<\/strong> Integrar la marcha con tareas cognitivas (contar hacia atr\u00e1s) o motoras secundarias (llevar un objeto) para automatizar el patr\u00f3n motor.<\/li>\n<li><strong>Uso de pesos\/lastres distalmente:<\/strong> La adici\u00f3n de pesos ligeros (0.5 &#8211; 1 kg) en tobillos o mu\u00f1ecas puede reducir las oscilaciones cin\u00e9ticas y el temblor al aumentar el <em>feedback<\/em> propioceptivo, aunque debe prescribirse con precauci\u00f3n para evitar la fatiga.<\/li>\n<li><strong>Prescripci\u00f3n de ayudas para la marcha:<\/strong> Elecci\u00f3n rigurosa entre andadores (preferiblemente de cuatro ruedas con freno por presi\u00f3n) o bastones, buscando seguridad sin anular el esfuerzo de equilibrio del paciente.<\/li>\n<\/ul>\n<h3><strong>\u00a0<\/strong><\/h3>\n<h3><strong>REORGANIZACI\u00d3N VESTIBULAR Y OCULOMOTORA<\/strong><\/h3>\n<p>Dado que la ataxia cerebelosa suele comprometer el reflejo vest\u00edbulo-ocular (RVO), se integran ejercicios de fijaci\u00f3n de la mirada combinados con giros cef\u00e1licos r\u00e1pidos para mejorar la estabilidad de la imagen durante la locomoci\u00f3n.<\/p>\n<h2><\/h2>\n<h2><strong>CONSIDERACIONES<\/strong>:<\/h2>\n<p>&nbsp;<\/p>\n<ul>\n<li><strong>Manejo de la fatiga:<\/strong> La fatiga f\u00edsica y central degrada el control motor. Es preferible estructurar sesiones cortas y de alta frecuencia que sesiones prolongadas e intensas.<\/li>\n<li><strong>Seguridad y prevenci\u00f3n de ca\u00eddas:<\/strong> La educaci\u00f3n al paciente y cuidadores sobre la adaptaci\u00f3n del entorno domiciliario es indispensable.<\/li>\n<li><strong>Consistencia e intensidad:<\/strong> La evidencia cient\u00edfica respalda que la neuroplasticidad en el entrenamiento at\u00e1xico requiere miles de repeticiones de tareas funcionales con significado para el paciente.<\/li>\n<\/ul>\n<p>&nbsp;<\/p>\n<p>El tratamiento de la ataxia cerebelosa es un proceso continuo que exige paciencia, adaptabilidad y una intervenci\u00f3n basada en la evidencia. Si bien no siempre es posible revertir el da\u00f1o estructural, el entrenamiento fisioterap\u00e9utico bien estructurado marca la diferencia entre la dependencia severa y el mantenimiento de la autonom\u00eda en la vida diaria.<\/p>\n<h3>\u200b<strong><em> \u201cEL MOVIMIENTO ES TU PROPIA MEDICINA, SOLO HAY QUE AJUSTAR LA DOSIS\u201d.<\/em><\/strong><\/h3>\n\r\n                <style type=\"text\/css\">\r\n                    \r\n                    #tdi_1  .td-doubleSlider-2 .td-item1 {\r\n                        background: url(https:\/\/www.eldiario.net\/portal\/wp-content\/uploads\/2026\/08\/ATAXIA-CEREBELOSA-2-copia-80x60.webp) 0 0 no-repeat;\r\n                    }\r\n                    #tdi_1  .td-doubleSlider-2 .td-item2 {\r\n                        background: url(https:\/\/www.eldiario.net\/portal\/wp-content\/uploads\/2026\/08\/ATAXIA-CEREBELOSA-3-copia-80x60.webp) 0 0 no-repeat;\r\n                    }\r\n                    #tdi_1  .td-doubleSlider-2 .td-item3 {\r\n                        background: url(https:\/\/www.eldiario.net\/portal\/wp-content\/uploads\/2026\/08\/ATAXIA-CEREBELOSA-4-copia-80x60.webp) 0 0 no-repeat;\r\n                    }\r\n                    #tdi_1  .td-doubleSlider-2 .td-item4 {\r\n                        background: url(https:\/\/www.eldiario.net\/portal\/wp-content\/uploads\/2026\/08\/ATAXIA-CEREBELOSA-5-copia-80x60.webp) 0 0 no-repeat;\r\n                    }\r\n                    #tdi_1  .td-doubleSlider-2 .td-item5 {\r\n                        background: url(https:\/\/www.eldiario.net\/portal\/wp-content\/uploads\/2026\/08\/ATAXIA-CEREBELOSA-6-copia-80x60.webp) 0 0 no-repeat;\r\n                    }\r\n                    #tdi_1  .td-doubleSlider-2 .td-item6 {\r\n                        background: url(https:\/\/www.eldiario.net\/portal\/wp-content\/uploads\/2026\/08\/ATAXIA-CEREBELOSA-copia-80x60.webp) 0 0 no-repeat;\r\n                    }\r\n                <\/style>\r\n\r\n                <div id=\"tdi_1\" class=\"td-gallery td-slide-on-2-columns\">\r\n                    <div class=\"post_td_gallery\">\r\n                        <div class=\"td-gallery-slide-top\">\r\n                           <div class=\"td-gallery-title\"><\/div>\r\n\r\n                            <div class=\"td-gallery-controls-wrapper\">\r\n                                <div class=\"td-gallery-slide-count\"><span class=\"td-gallery-slide-item-focus\">1<\/span> de 6<\/div>\r\n                                <div class=\"td-gallery-slide-prev-next-but\">\r\n                                    <i class = \"td-icon-left doubleSliderPrevButton\"><\/i>\r\n                                    <i class = \"td-icon-right doubleSliderNextButton\"><\/i>\r\n                                <\/div>\r\n                            <\/div>\r\n                        <\/div>\r\n\r\n                        <div class = \"td-doubleSlider-1 \">\r\n                            <div class = \"td-slider\">\r\n                                \r\n                    <div class = \"td-slide-item td-item1\">\r\n                        <figure class=\"td-slide-galery-figure td-slide-popup-gallery\">\r\n                            <a class=\"slide-gallery-image-link\" href=\"https:\/\/www.eldiario.net\/portal\/wp-content\/uploads\/2026\/08\/ATAXIA-CEREBELOSA-2-copia.webp\" title=\"ATAXIA CEREBELOSA (2) copia\"  data-caption=\"\"  data-description=\"\">\r\n                                <img decoding=\"async\" src=\"https:\/\/www.eldiario.net\/portal\/wp-content\/uploads\/2026\/08\/ATAXIA-CEREBELOSA-2-copia-418x420.webp\" srcset=\"https:\/\/www.eldiario.net\/portal\/wp-content\/uploads\/2026\/08\/ATAXIA-CEREBELOSA-2-copia-418x420.webp 418w, https:\/\/www.eldiario.net\/portal\/wp-content\/uploads\/2026\/08\/ATAXIA-CEREBELOSA-2-copia-300x302.webp 300w, https:\/\/www.eldiario.net\/portal\/wp-content\/uploads\/2026\/08\/ATAXIA-CEREBELOSA-2-copia-150x151.webp 150w, https:\/\/www.eldiario.net\/portal\/wp-content\/uploads\/2026\/08\/ATAXIA-CEREBELOSA-2-copia-768x772.webp 768w, https:\/\/www.eldiario.net\/portal\/wp-content\/uploads\/2026\/08\/ATAXIA-CEREBELOSA-2-copia-696x699.webp 696w, https:\/\/www.eldiario.net\/portal\/wp-content\/uploads\/2026\/08\/ATAXIA-CEREBELOSA-2-copia.webp 800w\" sizes=\"(max-width: 418px) 100vw, 418px\" alt=\"\">\r\n                            <\/a>\r\n                            \r\n                        <\/figure>\r\n                    <\/div>\r\n                    <div class = \"td-slide-item td-item2\">\r\n                        <figure class=\"td-slide-galery-figure td-slide-popup-gallery\">\r\n                            <a class=\"slide-gallery-image-link\" href=\"https:\/\/www.eldiario.net\/portal\/wp-content\/uploads\/2026\/08\/ATAXIA-CEREBELOSA-3-copia.webp\" title=\"ATAXIA CEREBELOSA (3) copia\"  data-caption=\"\"  data-description=\"\">\r\n                                <img decoding=\"async\" src=\"https:\/\/www.eldiario.net\/portal\/wp-content\/uploads\/2026\/08\/ATAXIA-CEREBELOSA-3-copia-789x420.webp\" srcset=\"https:\/\/www.eldiario.net\/portal\/wp-content\/uploads\/2026\/08\/ATAXIA-CEREBELOSA-3-copia-789x420.webp 789w, https:\/\/www.eldiario.net\/portal\/wp-content\/uploads\/2026\/08\/ATAXIA-CEREBELOSA-3-copia-300x160.webp 300w, https:\/\/www.eldiario.net\/portal\/wp-content\/uploads\/2026\/08\/ATAXIA-CEREBELOSA-3-copia-768x409.webp 768w, https:\/\/www.eldiario.net\/portal\/wp-content\/uploads\/2026\/08\/ATAXIA-CEREBELOSA-3-copia-150x80.webp 150w, https:\/\/www.eldiario.net\/portal\/wp-content\/uploads\/2026\/08\/ATAXIA-CEREBELOSA-3-copia-696x371.webp 696w, https:\/\/www.eldiario.net\/portal\/wp-content\/uploads\/2026\/08\/ATAXIA-CEREBELOSA-3-copia.webp 800w\" sizes=\"(max-width: 789px) 100vw, 789px\" alt=\"\">\r\n                            <\/a>\r\n                            \r\n                        <\/figure>\r\n                    <\/div>\r\n                    <div class = \"td-slide-item td-item3\">\r\n                        <figure class=\"td-slide-galery-figure td-slide-popup-gallery\">\r\n                            <a class=\"slide-gallery-image-link\" href=\"https:\/\/www.eldiario.net\/portal\/wp-content\/uploads\/2026\/08\/ATAXIA-CEREBELOSA-4-copia.webp\" title=\"ATAXIA CEREBELOSA (4) copia\"  data-caption=\"\"  data-description=\"\">\r\n                                <img decoding=\"async\" src=\"https:\/\/www.eldiario.net\/portal\/wp-content\/uploads\/2026\/08\/ATAXIA-CEREBELOSA-4-copia.webp\" srcset=\"https:\/\/www.eldiario.net\/portal\/wp-content\/uploads\/2026\/08\/ATAXIA-CEREBELOSA-4-copia.webp 800w, https:\/\/www.eldiario.net\/portal\/wp-content\/uploads\/2026\/08\/ATAXIA-CEREBELOSA-4-copia-300x153.webp 300w, https:\/\/www.eldiario.net\/portal\/wp-content\/uploads\/2026\/08\/ATAXIA-CEREBELOSA-4-copia-768x391.webp 768w, https:\/\/www.eldiario.net\/portal\/wp-content\/uploads\/2026\/08\/ATAXIA-CEREBELOSA-4-copia-150x76.webp 150w, https:\/\/www.eldiario.net\/portal\/wp-content\/uploads\/2026\/08\/ATAXIA-CEREBELOSA-4-copia-696x354.webp 696w\" sizes=\"(max-width: 800px) 100vw, 800px\" alt=\"\">\r\n                            <\/a>\r\n                            \r\n                        <\/figure>\r\n                    <\/div>\r\n                    <div class = \"td-slide-item td-item4\">\r\n                        <figure class=\"td-slide-galery-figure td-slide-popup-gallery\">\r\n                            <a class=\"slide-gallery-image-link\" href=\"https:\/\/www.eldiario.net\/portal\/wp-content\/uploads\/2026\/08\/ATAXIA-CEREBELOSA-5-copia.webp\" title=\"ATAXIA CEREBELOSA (5) copia\"  data-caption=\"\"  data-description=\"\">\r\n                                <img decoding=\"async\" src=\"https:\/\/www.eldiario.net\/portal\/wp-content\/uploads\/2026\/08\/ATAXIA-CEREBELOSA-5-copia-684x420.webp\" srcset=\"https:\/\/www.eldiario.net\/portal\/wp-content\/uploads\/2026\/08\/ATAXIA-CEREBELOSA-5-copia-684x420.webp 684w, https:\/\/www.eldiario.net\/portal\/wp-content\/uploads\/2026\/08\/ATAXIA-CEREBELOSA-5-copia-300x184.webp 300w, https:\/\/www.eldiario.net\/portal\/wp-content\/uploads\/2026\/08\/ATAXIA-CEREBELOSA-5-copia-768x471.webp 768w, https:\/\/www.eldiario.net\/portal\/wp-content\/uploads\/2026\/08\/ATAXIA-CEREBELOSA-5-copia-150x92.webp 150w, https:\/\/www.eldiario.net\/portal\/wp-content\/uploads\/2026\/08\/ATAXIA-CEREBELOSA-5-copia-696x427.webp 696w, https:\/\/www.eldiario.net\/portal\/wp-content\/uploads\/2026\/08\/ATAXIA-CEREBELOSA-5-copia.webp 800w\" sizes=\"(max-width: 684px) 100vw, 684px\" alt=\"\">\r\n                            <\/a>\r\n                            \r\n                        <\/figure>\r\n                    <\/div>\r\n                    <div class = \"td-slide-item td-item5\">\r\n                        <figure class=\"td-slide-galery-figure td-slide-popup-gallery\">\r\n                            <a class=\"slide-gallery-image-link\" href=\"https:\/\/www.eldiario.net\/portal\/wp-content\/uploads\/2026\/08\/ATAXIA-CEREBELOSA-6-copia.webp\" title=\"ATAXIA CEREBELOSA (6) copia\"  data-caption=\"\"  data-description=\"\">\r\n                                <img decoding=\"async\" src=\"https:\/\/www.eldiario.net\/portal\/wp-content\/uploads\/2026\/08\/ATAXIA-CEREBELOSA-6-copia.webp\" srcset=\"https:\/\/www.eldiario.net\/portal\/wp-content\/uploads\/2026\/08\/ATAXIA-CEREBELOSA-6-copia.webp 800w, https:\/\/www.eldiario.net\/portal\/wp-content\/uploads\/2026\/08\/ATAXIA-CEREBELOSA-6-copia-300x154.webp 300w, https:\/\/www.eldiario.net\/portal\/wp-content\/uploads\/2026\/08\/ATAXIA-CEREBELOSA-6-copia-768x395.webp 768w, https:\/\/www.eldiario.net\/portal\/wp-content\/uploads\/2026\/08\/ATAXIA-CEREBELOSA-6-copia-150x77.webp 150w, https:\/\/www.eldiario.net\/portal\/wp-content\/uploads\/2026\/08\/ATAXIA-CEREBELOSA-6-copia-696x358.webp 696w\" sizes=\"(max-width: 800px) 100vw, 800px\" alt=\"\">\r\n                            <\/a>\r\n                            \r\n                        <\/figure>\r\n                    <\/div>\r\n                    <div class = \"td-slide-item td-item6\">\r\n                        <figure class=\"td-slide-galery-figure td-slide-popup-gallery\">\r\n                            <a class=\"slide-gallery-image-link\" href=\"https:\/\/www.eldiario.net\/portal\/wp-content\/uploads\/2026\/08\/ATAXIA-CEREBELOSA-copia.webp\" title=\"ATAXIA CEREBELOSA copia\"  data-caption=\"\"  data-description=\"\">\r\n                                <img decoding=\"async\" src=\"https:\/\/www.eldiario.net\/portal\/wp-content\/uploads\/2026\/08\/ATAXIA-CEREBELOSA-copia-458x420.webp\" srcset=\"https:\/\/www.eldiario.net\/portal\/wp-content\/uploads\/2026\/08\/ATAXIA-CEREBELOSA-copia-458x420.webp 458w, https:\/\/www.eldiario.net\/portal\/wp-content\/uploads\/2026\/08\/ATAXIA-CEREBELOSA-copia-300x275.webp 300w, https:\/\/www.eldiario.net\/portal\/wp-content\/uploads\/2026\/08\/ATAXIA-CEREBELOSA-copia-768x705.webp 768w, https:\/\/www.eldiario.net\/portal\/wp-content\/uploads\/2026\/08\/ATAXIA-CEREBELOSA-copia-150x138.webp 150w, https:\/\/www.eldiario.net\/portal\/wp-content\/uploads\/2026\/08\/ATAXIA-CEREBELOSA-copia-696x639.webp 696w, https:\/\/www.eldiario.net\/portal\/wp-content\/uploads\/2026\/08\/ATAXIA-CEREBELOSA-copia.webp 900w\" sizes=\"(max-width: 458px) 100vw, 458px\" alt=\"\">\r\n                            <\/a>\r\n                            \r\n                        <\/figure>\r\n                    <\/div>\r\n                            <\/div>\r\n                        <\/div>\r\n\r\n                        <div class = \"td-doubleSlider-2\">\r\n                            <div class = \"td-slider\">\r\n                                \r\n                    <div class = \"td-button td-item1\">\r\n                        <div class = \"td-border\"><\/div>\r\n                    <\/div>\r\n                    <div class = \"td-button td-item2\">\r\n                        <div class = \"td-border\"><\/div>\r\n                    <\/div>\r\n                    <div class = \"td-button td-item3\">\r\n                        <div class = \"td-border\"><\/div>\r\n                    <\/div>\r\n                    <div class = \"td-button td-item4\">\r\n                        <div class = \"td-border\"><\/div>\r\n                    <\/div>\r\n                    <div class = \"td-button td-item5\">\r\n                        <div class = \"td-border\"><\/div>\r\n                    <\/div>\r\n                    <div class = \"td-button td-item6\">\r\n                        <div class = \"td-border\"><\/div>\r\n                    <\/div>\r\n                            <\/div>\r\n                        <\/div>\r\n\r\n                    <\/div>\r\n\r\n                <\/div>\r\n                \n","protected":false},"excerpt":{"rendered":"<p>Lic. Jaime J. Ticona Pardo, Fisioterapeuta Kinesi\u00f3logo &#8211;\u00a0 72556224 La ataxia cerebelosa es un trastorno neurol\u00f3gico caracterizado por la p\u00e9rdida de la coordinaci\u00f3n muscular y el equilibrio, debido a un da\u00f1o en el cerebelo. &nbsp; Sus signos principales son marcha inestable, problemas para hablar y falta de precisi\u00f3n en los movimientos &nbsp; No es una [&hellip;]<\/p>\n","protected":false},"author":1,"featured_media":417963,"comment_status":"closed","ping_status":"open","sticky":false,"template":"","format":"standard","meta":{"_acf_changed":false,"footnotes":""},"categories":[52],"tags":[],"class_list":["post-417962","post","type-post","status-publish","format-standard","has-post-thumbnail","category-de-salud-mas-vida"],"acf":{"antetitulo":""},"yoast_head":"<!-- This site is optimized with the Yoast SEO plugin v28.4 - https:\/\/yoast.com\/product\/yoast-seo-wordpress\/ -->\n<title>ATAXIA CEREBELOSA - El Diario - Bolivia<\/title>\n<meta name=\"robots\" content=\"index, follow, max-snippet:-1, max-image-preview:large, max-video-preview:-1\" \/>\n<link rel=\"canonical\" href=\"https:\/\/www.eldiario.net\/portal\/2026\/08\/02\/ataxia-cerebelosa\/\" \/>\n<meta property=\"og:locale\" content=\"es_ES\" \/>\n<meta property=\"og:type\" content=\"article\" \/>\n<meta property=\"og:title\" content=\"ATAXIA CEREBELOSA - El Diario - Bolivia\" \/>\n<meta property=\"og:description\" content=\"Lic. Jaime J. Ticona Pardo, Fisioterapeuta Kinesi\u00f3logo &#8211;\u00a0 72556224 La ataxia cerebelosa es un trastorno neurol\u00f3gico caracterizado por la p\u00e9rdida de la coordinaci\u00f3n muscular y el equilibrio, debido a un da\u00f1o en el cerebelo. &nbsp; Sus signos principales son marcha inestable, problemas para hablar y falta de precisi\u00f3n en los movimientos &nbsp; No es una [&hellip;]\" \/>\n<meta property=\"og:url\" content=\"https:\/\/www.eldiario.net\/portal\/2026\/08\/02\/ataxia-cerebelosa\/\" \/>\n<meta property=\"og:site_name\" content=\"El Diario - Bolivia\" \/>\n<meta property=\"article:publisher\" content=\"https:\/\/www.facebook.com\/eldiario.bolivia\/\" \/>\n<meta property=\"article:published_time\" content=\"2026-08-02T04:24:36+00:00\" \/>\n<meta property=\"og:image\" content=\"https:\/\/www.eldiario.net\/portal\/wp-content\/uploads\/2026\/08\/ATAXIA-CEREBELOSA-2-copia.webp\" \/>\n\t<meta property=\"og:image:width\" content=\"800\" \/>\n\t<meta property=\"og:image:height\" content=\"804\" \/>\n\t<meta property=\"og:image:type\" content=\"image\/webp\" \/>\n<meta name=\"author\" content=\"Jeanette\" \/>\n<meta name=\"twitter:card\" content=\"summary_large_image\" \/>\n<meta name=\"twitter:creator\" content=\"@eldiario_net\" \/>\n<meta name=\"twitter:site\" content=\"@eldiario_net\" \/>\n<meta name=\"twitter:label1\" content=\"Escrito por\" \/>\n\t<meta name=\"twitter:data1\" content=\"Jeanette\" \/>\n\t<meta name=\"twitter:label2\" content=\"Tiempo de lectura\" \/>\n\t<meta name=\"twitter:data2\" content=\"5 minutos\" \/>\n<script type=\"application\/ld+json\" class=\"yoast-schema-graph\">{\"@context\":\"https:\\\/\\\/schema.org\",\"@graph\":[{\"@type\":\"Article\",\"@id\":\"https:\\\/\\\/www.eldiario.net\\\/portal\\\/2026\\\/08\\\/02\\\/ataxia-cerebelosa\\\/#article\",\"isPartOf\":{\"@id\":\"https:\\\/\\\/www.eldiario.net\\\/portal\\\/2026\\\/08\\\/02\\\/ataxia-cerebelosa\\\/\"},\"author\":{\"name\":\"Jeanette\",\"@id\":\"https:\\\/\\\/www.eldiario.net\\\/portal\\\/#\\\/schema\\\/person\\\/2c57cf2b7a7ae032e449e4c9b1019eac\"},\"headline\":\"ATAXIA CEREBELOSA\",\"datePublished\":\"2026-08-02T04:24:36+00:00\",\"mainEntityOfPage\":{\"@id\":\"https:\\\/\\\/www.eldiario.net\\\/portal\\\/2026\\\/08\\\/02\\\/ataxia-cerebelosa\\\/\"},\"wordCount\":1102,\"publisher\":{\"@id\":\"https:\\\/\\\/www.eldiario.net\\\/portal\\\/#organization\"},\"image\":{\"@id\":\"https:\\\/\\\/www.eldiario.net\\\/portal\\\/2026\\\/08\\\/02\\\/ataxia-cerebelosa\\\/#primaryimage\"},\"thumbnailUrl\":\"https:\\\/\\\/www.eldiario.net\\\/portal\\\/wp-content\\\/uploads\\\/2026\\\/08\\\/ATAXIA-CEREBELOSA-2-copia.webp\",\"articleSection\":[\"De Salud + vida\"],\"inLanguage\":\"es\"},{\"@type\":\"WebPage\",\"@id\":\"https:\\\/\\\/www.eldiario.net\\\/portal\\\/2026\\\/08\\\/02\\\/ataxia-cerebelosa\\\/\",\"url\":\"https:\\\/\\\/www.eldiario.net\\\/portal\\\/2026\\\/08\\\/02\\\/ataxia-cerebelosa\\\/\",\"name\":\"ATAXIA CEREBELOSA - El Diario - Bolivia\",\"isPartOf\":{\"@id\":\"https:\\\/\\\/www.eldiario.net\\\/portal\\\/#website\"},\"primaryImageOfPage\":{\"@id\":\"https:\\\/\\\/www.eldiario.net\\\/portal\\\/2026\\\/08\\\/02\\\/ataxia-cerebelosa\\\/#primaryimage\"},\"image\":{\"@id\":\"https:\\\/\\\/www.eldiario.net\\\/portal\\\/2026\\\/08\\\/02\\\/ataxia-cerebelosa\\\/#primaryimage\"},\"thumbnailUrl\":\"https:\\\/\\\/www.eldiario.net\\\/portal\\\/wp-content\\\/uploads\\\/2026\\\/08\\\/ATAXIA-CEREBELOSA-2-copia.webp\",\"datePublished\":\"2026-08-02T04:24:36+00:00\",\"breadcrumb\":{\"@id\":\"https:\\\/\\\/www.eldiario.net\\\/portal\\\/2026\\\/08\\\/02\\\/ataxia-cerebelosa\\\/#breadcrumb\"},\"inLanguage\":\"es\",\"potentialAction\":[{\"@type\":\"ReadAction\",\"target\":[\"https:\\\/\\\/www.eldiario.net\\\/portal\\\/2026\\\/08\\\/02\\\/ataxia-cerebelosa\\\/\"]}]},{\"@type\":\"ImageObject\",\"inLanguage\":\"es\",\"@id\":\"https:\\\/\\\/www.eldiario.net\\\/portal\\\/2026\\\/08\\\/02\\\/ataxia-cerebelosa\\\/#primaryimage\",\"url\":\"https:\\\/\\\/www.eldiario.net\\\/portal\\\/wp-content\\\/uploads\\\/2026\\\/08\\\/ATAXIA-CEREBELOSA-2-copia.webp\",\"contentUrl\":\"https:\\\/\\\/www.eldiario.net\\\/portal\\\/wp-content\\\/uploads\\\/2026\\\/08\\\/ATAXIA-CEREBELOSA-2-copia.webp\",\"width\":800,\"height\":804},{\"@type\":\"BreadcrumbList\",\"@id\":\"https:\\\/\\\/www.eldiario.net\\\/portal\\\/2026\\\/08\\\/02\\\/ataxia-cerebelosa\\\/#breadcrumb\",\"itemListElement\":[{\"@type\":\"ListItem\",\"position\":1,\"name\":\"Portada\",\"item\":\"https:\\\/\\\/www.eldiario.net\\\/portal\\\/\"},{\"@type\":\"ListItem\",\"position\":2,\"name\":\"ATAXIA CEREBELOSA\"}]},{\"@type\":\"WebSite\",\"@id\":\"https:\\\/\\\/www.eldiario.net\\\/portal\\\/#website\",\"url\":\"https:\\\/\\\/www.eldiario.net\\\/portal\\\/\",\"name\":\"El Diario - Decano de la prensa nacional\",\"description\":\"El Diario - Decano de la prensa nacional\",\"publisher\":{\"@id\":\"https:\\\/\\\/www.eldiario.net\\\/portal\\\/#organization\"},\"potentialAction\":[{\"@type\":\"SearchAction\",\"target\":{\"@type\":\"EntryPoint\",\"urlTemplate\":\"https:\\\/\\\/www.eldiario.net\\\/portal\\\/?s={search_term_string}\"},\"query-input\":{\"@type\":\"PropertyValueSpecification\",\"valueRequired\":true,\"valueName\":\"search_term_string\"}}],\"inLanguage\":\"es\"},{\"@type\":\"Organization\",\"@id\":\"https:\\\/\\\/www.eldiario.net\\\/portal\\\/#organization\",\"name\":\"El Diario - Decano de la prensa nacional\",\"url\":\"https:\\\/\\\/www.eldiario.net\\\/portal\\\/\",\"logo\":{\"@type\":\"ImageObject\",\"inLanguage\":\"es\",\"@id\":\"https:\\\/\\\/www.eldiario.net\\\/portal\\\/#\\\/schema\\\/logo\\\/image\\\/\",\"url\":\"https:\\\/\\\/www.eldiario.net\\\/portal\\\/wp-content\\\/uploads\\\/2023\\\/07\\\/logo_ED.jpg\",\"contentUrl\":\"https:\\\/\\\/www.eldiario.net\\\/portal\\\/wp-content\\\/uploads\\\/2023\\\/07\\\/logo_ED.jpg\",\"width\":272,\"height\":52,\"caption\":\"El Diario - Decano de la prensa nacional\"},\"image\":{\"@id\":\"https:\\\/\\\/www.eldiario.net\\\/portal\\\/#\\\/schema\\\/logo\\\/image\\\/\"},\"sameAs\":[\"https:\\\/\\\/www.facebook.com\\\/eldiario.bolivia\\\/\",\"https:\\\/\\\/x.com\\\/eldiario_net\"]},{\"@type\":\"Person\",\"@id\":\"https:\\\/\\\/www.eldiario.net\\\/portal\\\/#\\\/schema\\\/person\\\/2c57cf2b7a7ae032e449e4c9b1019eac\",\"name\":\"Jeanette\",\"image\":{\"@type\":\"ImageObject\",\"inLanguage\":\"es\",\"@id\":\"https:\\\/\\\/secure.gravatar.com\\\/avatar\\\/3ea2118a5f7dad2b7138b1187a6b7ee55f160b9968b66013c3a3ef39dd7e5798?s=96&d=mm&r=g\",\"url\":\"https:\\\/\\\/secure.gravatar.com\\\/avatar\\\/3ea2118a5f7dad2b7138b1187a6b7ee55f160b9968b66013c3a3ef39dd7e5798?s=96&d=mm&r=g\",\"contentUrl\":\"https:\\\/\\\/secure.gravatar.com\\\/avatar\\\/3ea2118a5f7dad2b7138b1187a6b7ee55f160b9968b66013c3a3ef39dd7e5798?s=96&d=mm&r=g\",\"caption\":\"Jeanette\"},\"sameAs\":[\"https:\\\/\\\/www.eldiario.net\\\/portal\"],\"url\":\"https:\\\/\\\/www.eldiario.net\\\/portal\\\/author\\\/jeanette\\\/\"}]}<\/script>\n<!-- \/ Yoast SEO plugin. -->","yoast_head_json":{"title":"ATAXIA CEREBELOSA - El Diario - Bolivia","robots":{"index":"index","follow":"follow","max-snippet":"max-snippet:-1","max-image-preview":"max-image-preview:large","max-video-preview":"max-video-preview:-1"},"canonical":"https:\/\/www.eldiario.net\/portal\/2026\/08\/02\/ataxia-cerebelosa\/","og_locale":"es_ES","og_type":"article","og_title":"ATAXIA CEREBELOSA - El Diario - Bolivia","og_description":"Lic. Jaime J. Ticona Pardo, Fisioterapeuta Kinesi\u00f3logo &#8211;\u00a0 72556224 La ataxia cerebelosa es un trastorno neurol\u00f3gico caracterizado por la p\u00e9rdida de la coordinaci\u00f3n muscular y el equilibrio, debido a un da\u00f1o en el cerebelo. &nbsp; Sus signos principales son marcha inestable, problemas para hablar y falta de precisi\u00f3n en los movimientos &nbsp; No es una [&hellip;]","og_url":"https:\/\/www.eldiario.net\/portal\/2026\/08\/02\/ataxia-cerebelosa\/","og_site_name":"El Diario - Bolivia","article_publisher":"https:\/\/www.facebook.com\/eldiario.bolivia\/","article_published_time":"2026-08-02T04:24:36+00:00","og_image":[{"width":800,"height":804,"url":"https:\/\/www.eldiario.net\/portal\/wp-content\/uploads\/2026\/08\/ATAXIA-CEREBELOSA-2-copia.webp","type":"image\/webp"}],"author":"Jeanette","twitter_card":"summary_large_image","twitter_creator":"@eldiario_net","twitter_site":"@eldiario_net","twitter_misc":{"Escrito por":"Jeanette","Tiempo de lectura":"5 minutos"},"schema":{"@context":"https:\/\/schema.org","@graph":[{"@type":"Article","@id":"https:\/\/www.eldiario.net\/portal\/2026\/08\/02\/ataxia-cerebelosa\/#article","isPartOf":{"@id":"https:\/\/www.eldiario.net\/portal\/2026\/08\/02\/ataxia-cerebelosa\/"},"author":{"name":"Jeanette","@id":"https:\/\/www.eldiario.net\/portal\/#\/schema\/person\/2c57cf2b7a7ae032e449e4c9b1019eac"},"headline":"ATAXIA CEREBELOSA","datePublished":"2026-08-02T04:24:36+00:00","mainEntityOfPage":{"@id":"https:\/\/www.eldiario.net\/portal\/2026\/08\/02\/ataxia-cerebelosa\/"},"wordCount":1102,"publisher":{"@id":"https:\/\/www.eldiario.net\/portal\/#organization"},"image":{"@id":"https:\/\/www.eldiario.net\/portal\/2026\/08\/02\/ataxia-cerebelosa\/#primaryimage"},"thumbnailUrl":"https:\/\/www.eldiario.net\/portal\/wp-content\/uploads\/2026\/08\/ATAXIA-CEREBELOSA-2-copia.webp","articleSection":["De Salud + vida"],"inLanguage":"es"},{"@type":"WebPage","@id":"https:\/\/www.eldiario.net\/portal\/2026\/08\/02\/ataxia-cerebelosa\/","url":"https:\/\/www.eldiario.net\/portal\/2026\/08\/02\/ataxia-cerebelosa\/","name":"ATAXIA CEREBELOSA - El Diario - Bolivia","isPartOf":{"@id":"https:\/\/www.eldiario.net\/portal\/#website"},"primaryImageOfPage":{"@id":"https:\/\/www.eldiario.net\/portal\/2026\/08\/02\/ataxia-cerebelosa\/#primaryimage"},"image":{"@id":"https:\/\/www.eldiario.net\/portal\/2026\/08\/02\/ataxia-cerebelosa\/#primaryimage"},"thumbnailUrl":"https:\/\/www.eldiario.net\/portal\/wp-content\/uploads\/2026\/08\/ATAXIA-CEREBELOSA-2-copia.webp","datePublished":"2026-08-02T04:24:36+00:00","breadcrumb":{"@id":"https:\/\/www.eldiario.net\/portal\/2026\/08\/02\/ataxia-cerebelosa\/#breadcrumb"},"inLanguage":"es","potentialAction":[{"@type":"ReadAction","target":["https:\/\/www.eldiario.net\/portal\/2026\/08\/02\/ataxia-cerebelosa\/"]}]},{"@type":"ImageObject","inLanguage":"es","@id":"https:\/\/www.eldiario.net\/portal\/2026\/08\/02\/ataxia-cerebelosa\/#primaryimage","url":"https:\/\/www.eldiario.net\/portal\/wp-content\/uploads\/2026\/08\/ATAXIA-CEREBELOSA-2-copia.webp","contentUrl":"https:\/\/www.eldiario.net\/portal\/wp-content\/uploads\/2026\/08\/ATAXIA-CEREBELOSA-2-copia.webp","width":800,"height":804},{"@type":"BreadcrumbList","@id":"https:\/\/www.eldiario.net\/portal\/2026\/08\/02\/ataxia-cerebelosa\/#breadcrumb","itemListElement":[{"@type":"ListItem","position":1,"name":"Portada","item":"https:\/\/www.eldiario.net\/portal\/"},{"@type":"ListItem","position":2,"name":"ATAXIA CEREBELOSA"}]},{"@type":"WebSite","@id":"https:\/\/www.eldiario.net\/portal\/#website","url":"https:\/\/www.eldiario.net\/portal\/","name":"El Diario - Decano de la prensa nacional","description":"El Diario - Decano de la prensa nacional","publisher":{"@id":"https:\/\/www.eldiario.net\/portal\/#organization"},"potentialAction":[{"@type":"SearchAction","target":{"@type":"EntryPoint","urlTemplate":"https:\/\/www.eldiario.net\/portal\/?s={search_term_string}"},"query-input":{"@type":"PropertyValueSpecification","valueRequired":true,"valueName":"search_term_string"}}],"inLanguage":"es"},{"@type":"Organization","@id":"https:\/\/www.eldiario.net\/portal\/#organization","name":"El Diario - Decano de la prensa nacional","url":"https:\/\/www.eldiario.net\/portal\/","logo":{"@type":"ImageObject","inLanguage":"es","@id":"https:\/\/www.eldiario.net\/portal\/#\/schema\/logo\/image\/","url":"https:\/\/www.eldiario.net\/portal\/wp-content\/uploads\/2023\/07\/logo_ED.jpg","contentUrl":"https:\/\/www.eldiario.net\/portal\/wp-content\/uploads\/2023\/07\/logo_ED.jpg","width":272,"height":52,"caption":"El Diario - Decano de la prensa nacional"},"image":{"@id":"https:\/\/www.eldiario.net\/portal\/#\/schema\/logo\/image\/"},"sameAs":["https:\/\/www.facebook.com\/eldiario.bolivia\/","https:\/\/x.com\/eldiario_net"]},{"@type":"Person","@id":"https:\/\/www.eldiario.net\/portal\/#\/schema\/person\/2c57cf2b7a7ae032e449e4c9b1019eac","name":"Jeanette","image":{"@type":"ImageObject","inLanguage":"es","@id":"https:\/\/secure.gravatar.com\/avatar\/3ea2118a5f7dad2b7138b1187a6b7ee55f160b9968b66013c3a3ef39dd7e5798?s=96&d=mm&r=g","url":"https:\/\/secure.gravatar.com\/avatar\/3ea2118a5f7dad2b7138b1187a6b7ee55f160b9968b66013c3a3ef39dd7e5798?s=96&d=mm&r=g","contentUrl":"https:\/\/secure.gravatar.com\/avatar\/3ea2118a5f7dad2b7138b1187a6b7ee55f160b9968b66013c3a3ef39dd7e5798?s=96&d=mm&r=g","caption":"Jeanette"},"sameAs":["https:\/\/www.eldiario.net\/portal"],"url":"https:\/\/www.eldiario.net\/portal\/author\/jeanette\/"}]}},"_links":{"self":[{"href":"https:\/\/www.eldiario.net\/portal\/wp-json\/wp\/v2\/posts\/417962","targetHints":{"allow":["GET"]}}],"collection":[{"href":"https:\/\/www.eldiario.net\/portal\/wp-json\/wp\/v2\/posts"}],"about":[{"href":"https:\/\/www.eldiario.net\/portal\/wp-json\/wp\/v2\/types\/post"}],"author":[{"embeddable":true,"href":"https:\/\/www.eldiario.net\/portal\/wp-json\/wp\/v2\/users\/1"}],"replies":[{"embeddable":true,"href":"https:\/\/www.eldiario.net\/portal\/wp-json\/wp\/v2\/comments?post=417962"}],"version-history":[{"count":1,"href":"https:\/\/www.eldiario.net\/portal\/wp-json\/wp\/v2\/posts\/417962\/revisions"}],"predecessor-version":[{"id":417969,"href":"https:\/\/www.eldiario.net\/portal\/wp-json\/wp\/v2\/posts\/417962\/revisions\/417969"}],"wp:featuredmedia":[{"embeddable":true,"href":"https:\/\/www.eldiario.net\/portal\/wp-json\/wp\/v2\/media\/417963"}],"wp:attachment":[{"href":"https:\/\/www.eldiario.net\/portal\/wp-json\/wp\/v2\/media?parent=417962"}],"wp:term":[{"taxonomy":"category","embeddable":true,"href":"https:\/\/www.eldiario.net\/portal\/wp-json\/wp\/v2\/categories?post=417962"},{"taxonomy":"post_tag","embeddable":true,"href":"https:\/\/www.eldiario.net\/portal\/wp-json\/wp\/v2\/tags?post=417962"}],"curies":[{"name":"wp","href":"https:\/\/api.w.org\/{rel}","templated":true}]}}