{"id":41787,"date":"2021-11-09T04:53:12","date_gmt":"2021-11-09T08:53:12","guid":{"rendered":"https:\/\/www.eldiario.net\/portal\/?p=41787"},"modified":"2021-11-09T04:53:12","modified_gmt":"2021-11-09T08:53:12","slug":"la-argumentacion-y-contraargumentacion-dentro-del-discurso-academico","status":"publish","type":"post","link":"https:\/\/www.eldiario.net\/portal\/2021\/11\/09\/la-argumentacion-y-contraargumentacion-dentro-del-discurso-academico\/","title":{"rendered":"La argumentaci\u00f3n y contraargumentaci\u00f3n dentro del discurso acad\u00e9mico"},"content":{"rendered":"<p><strong>Por: Equipo editor<\/strong><\/p>\n<p>&nbsp;<\/p>\n<p><strong>\u00bfQu\u00e9 es la argumentaci\u00f3n?<\/strong><\/p>\n<p>&nbsp;<\/p>\n<p>Es una actividad social, intelectual y verbal que sirve para justificar o refutar una opini\u00f3n, y que consiste en hacer declaraciones teniendo en cuenta al receptor y la finalidad con la cual se emiten. Para argumentar hace faltar elegir entre diferentes opciones o explicaciones y razonar los criterios que permiten evaluar como m\u00e1s adecuada la opci\u00f3n elegida. (Sanmart\u00ed, 2003)<\/p>\n<p>&nbsp;<\/p>\n<p>En palabras m\u00e1s sencillas la argumentaci\u00f3n es el ejercicio, ya sea oral o escrito, que se realiza para demostrar o probar una tesis o proposici\u00f3n. Su objetivo es convencer a otra persona de aquello que se afirma o se niega.<\/p>\n<p>&nbsp;<\/p>\n<p><strong>Caracter\u00edsticas de la argumentaci\u00f3n<\/strong><\/p>\n<p>&nbsp;<\/p>\n<p>Para el desarrollo de una argumentaci\u00f3n se debe considerar lo siguiente:<\/p>\n<p>&nbsp;<\/p>\n<ul>\n<li>Debe ser coherente y consistente, sin exhibir contradicciones.<\/li>\n<li>Debe realizarse en base a pruebas y razonamientos fundados ya que busca ser v\u00e1lida y cre\u00edble.<\/li>\n<li>Debe manejar un tono serio, firme y pausado, mostrando convencimiento de lo que se expone.<\/li>\n<li>La asociaci\u00f3n de ideas, datos, ejercicios, bibliograf\u00eda y razonamientos l\u00f3gicos que se realiza durante la argumentaci\u00f3n, genera una informaci\u00f3n nueva.<\/li>\n<\/ul>\n<p>&nbsp;<\/p>\n<p>En una argumentaci\u00f3n cient\u00edfica, reconocemos cuatro componentes:<\/p>\n<p>&nbsp;<\/p>\n<ol>\n<li><strong>Te\u00f3rico.<\/strong> Requiere la existencia de modelos te\u00f3ricos que sirva como referencia al proceso explicativo.<\/li>\n<li><strong>L\u00f3gico.<\/strong> Presenta una estructura sint\u00e1ctica muy rica y compleja, permitiendo determinar diversos tipos de razonamientos (deductivos, abductivos, causales, funcionales, etc.)<\/li>\n<li><strong>Ret\u00f3rico.<\/strong> En esencia la argumentaci\u00f3n busca persuadir al interlocutor sobre el cambio o acci\u00f3n sobre un conocimiento existente.<\/li>\n<li><strong>Pragm\u00e1tico.<\/strong> La argumentaci\u00f3n se produce en un contexto, al cual se adecua y mediante el cual toma su completo sentido.<\/li>\n<\/ol>\n<p>&nbsp;<\/p>\n<p><strong>Partes y estructura de la argumentaci\u00f3n<\/strong><\/p>\n<p>&nbsp;<\/p>\n<p>Todo texto argumentativo presenta tres partes fundamentales, que son:<\/p>\n<p>&nbsp;<\/p>\n<p><strong>Tesis.<\/strong> Es la idea fundamental sobre la cual se reflexiona y se argumenta.<\/p>\n<p>&nbsp;<\/p>\n<p><strong>Cuerpo argumentativo.<\/strong> Es la aportaci\u00f3n de todo tipo de razones que permiten al autor convencer al destinatario. Se denominan argumentos.<\/p>\n<p>&nbsp;<\/p>\n<p><strong>Conclusi\u00f3n.<\/strong> Sintetiza las ideas expuestas sugiriendo o aportando alguna otra a manera de finalizaci\u00f3n presentando su nueva tesis o reafirmando la formulada.<\/p>\n<p>&nbsp;<\/p>\n<p>Sin embargo, la orden o manera de c\u00f3mo estas partes se desarrollar\u00e1n genera diferencias en su estructura b\u00e1sica, donde se podr\u00eda adoptar una propia, respetando la pertinencia y propiedad de la misma.<\/p>\n<p>&nbsp;<\/p>\n<p><strong>\u00bfQu\u00e9 es la contraargumentaci\u00f3n?<\/strong><\/p>\n<p>&nbsp;<\/p>\n<p>Es un proceso de argumentaci\u00f3n enfocada a replicar o responder algo ya emitido, este tiene exactamente los mismos elementos observados en el desarrollo de la argumentaci\u00f3n, con la excepci\u00f3n de que debe nacer de la r\u00e9plica sobre la tesis planteada anteriormente; es decir, es la oposici\u00f3n total o parcial a un argumento manifestado.<\/p>\n<p>&nbsp;<\/p>\n<p>Gracias a la contraargumentaci\u00f3n se genera las t\u00e9cnicas grupales de debate, caso contrario \u00fanicamente se tratar\u00eda de t\u00e9cnicas expositivas.<\/p>\n<p>&nbsp;<\/p>\n<p>Una manera de replicar a un argumento es ofrecer el principio inferencial o garant\u00eda que supuestamente hace de lo aducido una raz\u00f3n para la conclusi\u00f3n, y que por tanto autoriza a pasar de las premisas a la conclusi\u00f3n. Toulmin (2003) caracteriza las garant\u00edas como \u201cenunciados hipot\u00e9ticos generales que pueden servir como puentes y autorizar el tipo de paso con el que nos compromete el argumento ofrecido\u201d. Podemos decir por ello que hay tres maneras principales de atacar un argumento: cuestionando alguna de sus premisas, cuestionando su garant\u00eda o cuestionando su conclusi\u00f3n.<\/p>\n<p>&nbsp;<\/p>\n<p>Contraargumentar no es simplemente cuestionar alguno de los componentes de un argumento, sino dar razones para rechazar su pretendida validez. As\u00ed, se puede argumentar que alguna de las premisas no es verdadera, que la garant\u00eda no es v\u00e1lida o que no es aplicable al caso considerado, o que la conclusi\u00f3n es falsa.<\/p>\n<p>&nbsp;<\/p>\n<p>En consonancia, distinguir\u00e9 tres tipos principales de contraargumentos, los cuales son:<\/p>\n<p>&nbsp;<\/p>\n<p><strong>Objeci\u00f3n<\/strong><\/p>\n<p>&nbsp;<\/p>\n<p>Este tipo de contraargumento deja por establecido un argumento que concluye que las premisas de otro argumento son falsas o dudosas. As\u00ed sucede, por ejemplo, cuando una conclusi\u00f3n determinada es contraria o contradictoria con alguna de las premisas de argumento anterior. El efecto de una objeci\u00f3n es dejar en suspenso la conclusi\u00f3n del argumento criticado.<\/p>\n<p>&nbsp;<\/p>\n<p><strong>Recusaci\u00f3n<\/strong><\/p>\n<p>&nbsp;<\/p>\n<p>Se pueden distinguir tres variedades de la recusaci\u00f3n:<\/p>\n<p>&nbsp;<\/p>\n<p><strong>Primero,<\/strong> una recusaci\u00f3n de principio, la cual alega que la garant\u00eda expuesta no es una regla v\u00e1lida, y por tanto el paso de las premisas a la conclusi\u00f3n no est\u00e1 justificado.<\/p>\n<p>&nbsp;<\/p>\n<p><strong>Segundo,<\/strong> una excepci\u00f3n, en la que se comprueba que aunque la garant\u00eda manifestada es una regla v\u00e1lida, no se aplica en ese caso porque concurre alguna circunstancia excepcional.<\/p>\n<p>&nbsp;<\/p>\n<p><strong>Finalmente,<\/strong> una reserva, la que identifica circunstancias en las que la inferencia es cuestionable, razones para dudar de su oportunidad.<\/p>\n<p>&nbsp;<\/p>\n<p><strong>Refutaci\u00f3n<\/strong><\/p>\n<p>&nbsp;<\/p>\n<p>Distinguir\u00e9 tambi\u00e9n tres formas de refutaci\u00f3n, asoci\u00e1ndolas con las frases a manera de silogismos: A pero B, A aunque B, y A pero tambi\u00e9n B.<\/p>\n<p>&nbsp;<\/p>\n<p><strong>Cuando alguien dice A pero B<\/strong>, a menudo da a entender lo siguiente:<\/p>\n<p>&nbsp;<\/p>\n<ul>\n<li>Que acepta A.<\/li>\n<li>Que acepta B.<\/li>\n<li>Que A es una raz\u00f3n para C.<\/li>\n<li>Que B es una raz\u00f3n para una conclusi\u00f3n C\u2019 incompatible con C.<\/li>\n<li>Y que, en esa situaci\u00f3n, B es una raz\u00f3n de m\u00e1s peso que A.<\/li>\n<\/ul>\n<p>&nbsp;<\/p>\n<p>De esta manera, al decir A pero B se invita al destinario a inferir C\u2019. Cuando suceda as\u00ed, dir\u00e9 que el argumento B por tanto C\u2019 es una refutaci\u00f3n contradicente del argumento A por tanto C. Advi\u00e9rtase que en una refutaci\u00f3n no se llega a la conclusi\u00f3n C\u2019 directamente desde B, sino a trav\u00e9s de una ponderaci\u00f3n de razones opuestas.<\/p>\n<p>&nbsp;<\/p>\n<p>Por eso la refutaci\u00f3n comporta siempre un ejercicio de ponderaci\u00f3n. Por ponderaci\u00f3n hay que entender la acci\u00f3n de sopesar o determinar el peso relativo de dos argumentos.<\/p>\n<p>&nbsp;<\/p>\n<p><strong>Cuando alguien dice A aunque B<\/strong> suele dar a entender que B es insuficiente para rebatir el argumento A por tanto C, de manera que la conclusi\u00f3n, tras la ponderaci\u00f3n de A y B, sigue siendo C. Algunos piensan que aunque el contraargumento B por tanto C\u2019 no tiene la fuerza requerida para rebatir al argumento A por tanto C, lo debilita en alg\u00fan sentido. Estar\u00edamos entonces ante lo que <a href=\"http:\/\/www.quadripartitaratio.cucsh.udg.mx\/index.php\/QR\/article\/view\/40\/359\">Pollock (2010)<\/a> llama un \u201catenuante\u201d; es decir, que disminuye la gravedad o la intensidad de una cosa.<\/p>\n<p>&nbsp;<\/p>\n<p><strong>Al decir A pero tambi\u00e9n B<\/strong> se adquieren compromisos similares a los de los dos casos anteriores, pero se da a entender que las razones opuestas manifestadas tienen el mismo o parecido peso. Si es una respuesta al argumento A por tanto C, A pero tambi\u00e9n B busca dejar en suspenso la inferencia de C a partir de A.<\/p>\n<p>&nbsp;<\/p>\n<p>La contraargumentaci\u00f3n sigue un procedimiento que busca la mayor efectividad al menor sacrificio cognoscitivo. Por eso la objeci\u00f3n tiene prioridad sobre la recusaci\u00f3n; y estas, sobre la refutaci\u00f3n.<\/p>\n\n","protected":false},"excerpt":{"rendered":"<p>Por: Equipo editor &nbsp; \u00bfQu\u00e9 es la argumentaci\u00f3n? &nbsp; Es una actividad social, intelectual y verbal que sirve para justificar o refutar una opini\u00f3n, y que consiste en hacer declaraciones teniendo en cuenta al receptor y la finalidad con la cual se emiten. Para argumentar hace faltar elegir entre diferentes opciones o explicaciones y razonar [&hellip;]<\/p>\n","protected":false},"author":1,"featured_media":41788,"comment_status":"closed","ping_status":"closed","sticky":false,"template":"","format":"standard","meta":{"_acf_changed":false,"footnotes":""},"categories":[43],"tags":[],"class_list":["post-41787","post","type-post","status-publish","format-standard","has-post-thumbnail","category-nuevos-horizontes"],"acf":{"antetitulo":""},"yoast_head":"<!-- This site is optimized with the Yoast SEO plugin v28.4 - https:\/\/yoast.com\/product\/yoast-seo-wordpress\/ -->\n<title>La argumentaci\u00f3n y contraargumentaci\u00f3n dentro del discurso acad\u00e9mico - El Diario - Bolivia<\/title>\n<meta name=\"robots\" content=\"index, follow, max-snippet:-1, max-image-preview:large, max-video-preview:-1\" \/>\n<link rel=\"canonical\" href=\"https:\/\/www.eldiario.net\/portal\/2021\/11\/09\/la-argumentacion-y-contraargumentacion-dentro-del-discurso-academico\/\" \/>\n<meta property=\"og:locale\" content=\"es_ES\" \/>\n<meta property=\"og:type\" content=\"article\" \/>\n<meta property=\"og:title\" content=\"La argumentaci\u00f3n y contraargumentaci\u00f3n dentro del discurso acad\u00e9mico - El Diario - Bolivia\" \/>\n<meta property=\"og:description\" content=\"Por: Equipo editor &nbsp; \u00bfQu\u00e9 es la argumentaci\u00f3n? &nbsp; Es una actividad social, intelectual y verbal que sirve para justificar o refutar una opini\u00f3n, y que consiste en hacer declaraciones teniendo en cuenta al receptor y la finalidad con la cual se emiten. Para argumentar hace faltar elegir entre diferentes opciones o explicaciones y razonar [&hellip;]\" \/>\n<meta property=\"og:url\" content=\"https:\/\/www.eldiario.net\/portal\/2021\/11\/09\/la-argumentacion-y-contraargumentacion-dentro-del-discurso-academico\/\" \/>\n<meta property=\"og:site_name\" content=\"El Diario - Bolivia\" \/>\n<meta property=\"article:publisher\" content=\"https:\/\/www.facebook.com\/eldiario.bolivia\/\" \/>\n<meta property=\"article:published_time\" content=\"2021-11-09T08:53:12+00:00\" \/>\n<meta name=\"author\" content=\"Jeanette\" \/>\n<meta name=\"twitter:card\" content=\"summary_large_image\" \/>\n<meta name=\"twitter:creator\" content=\"@eldiario_net\" \/>\n<meta name=\"twitter:site\" content=\"@eldiario_net\" \/>\n<meta name=\"twitter:label1\" content=\"Escrito por\" \/>\n\t<meta name=\"twitter:data1\" content=\"Jeanette\" \/>\n\t<meta name=\"twitter:label2\" content=\"Tiempo de lectura\" \/>\n\t<meta name=\"twitter:data2\" content=\"6 minutos\" \/>\n<script type=\"application\/ld+json\" class=\"yoast-schema-graph\">{\"@context\":\"https:\\\/\\\/schema.org\",\"@graph\":[{\"@type\":\"Article\",\"@id\":\"https:\\\/\\\/www.eldiario.net\\\/portal\\\/2021\\\/11\\\/09\\\/la-argumentacion-y-contraargumentacion-dentro-del-discurso-academico\\\/#article\",\"isPartOf\":{\"@id\":\"https:\\\/\\\/www.eldiario.net\\\/portal\\\/2021\\\/11\\\/09\\\/la-argumentacion-y-contraargumentacion-dentro-del-discurso-academico\\\/\"},\"author\":{\"name\":\"Jeanette\",\"@id\":\"https:\\\/\\\/www.eldiario.net\\\/portal\\\/#\\\/schema\\\/person\\\/2c57cf2b7a7ae032e449e4c9b1019eac\"},\"headline\":\"La argumentaci\u00f3n y contraargumentaci\u00f3n dentro del discurso acad\u00e9mico\",\"datePublished\":\"2021-11-09T08:53:12+00:00\",\"mainEntityOfPage\":{\"@id\":\"https:\\\/\\\/www.eldiario.net\\\/portal\\\/2021\\\/11\\\/09\\\/la-argumentacion-y-contraargumentacion-dentro-del-discurso-academico\\\/\"},\"wordCount\":1223,\"publisher\":{\"@id\":\"https:\\\/\\\/www.eldiario.net\\\/portal\\\/#organization\"},\"image\":{\"@id\":\"https:\\\/\\\/www.eldiario.net\\\/portal\\\/2021\\\/11\\\/09\\\/la-argumentacion-y-contraargumentacion-dentro-del-discurso-academico\\\/#primaryimage\"},\"thumbnailUrl\":\"\",\"articleSection\":[\"Nuevos Horizontes\"],\"inLanguage\":\"es\"},{\"@type\":\"WebPage\",\"@id\":\"https:\\\/\\\/www.eldiario.net\\\/portal\\\/2021\\\/11\\\/09\\\/la-argumentacion-y-contraargumentacion-dentro-del-discurso-academico\\\/\",\"url\":\"https:\\\/\\\/www.eldiario.net\\\/portal\\\/2021\\\/11\\\/09\\\/la-argumentacion-y-contraargumentacion-dentro-del-discurso-academico\\\/\",\"name\":\"La argumentaci\u00f3n y contraargumentaci\u00f3n dentro del discurso acad\u00e9mico - El Diario - Bolivia\",\"isPartOf\":{\"@id\":\"https:\\\/\\\/www.eldiario.net\\\/portal\\\/#website\"},\"primaryImageOfPage\":{\"@id\":\"https:\\\/\\\/www.eldiario.net\\\/portal\\\/2021\\\/11\\\/09\\\/la-argumentacion-y-contraargumentacion-dentro-del-discurso-academico\\\/#primaryimage\"},\"image\":{\"@id\":\"https:\\\/\\\/www.eldiario.net\\\/portal\\\/2021\\\/11\\\/09\\\/la-argumentacion-y-contraargumentacion-dentro-del-discurso-academico\\\/#primaryimage\"},\"thumbnailUrl\":\"\",\"datePublished\":\"2021-11-09T08:53:12+00:00\",\"breadcrumb\":{\"@id\":\"https:\\\/\\\/www.eldiario.net\\\/portal\\\/2021\\\/11\\\/09\\\/la-argumentacion-y-contraargumentacion-dentro-del-discurso-academico\\\/#breadcrumb\"},\"inLanguage\":\"es\",\"potentialAction\":[{\"@type\":\"ReadAction\",\"target\":[\"https:\\\/\\\/www.eldiario.net\\\/portal\\\/2021\\\/11\\\/09\\\/la-argumentacion-y-contraargumentacion-dentro-del-discurso-academico\\\/\"]}]},{\"@type\":\"ImageObject\",\"inLanguage\":\"es\",\"@id\":\"https:\\\/\\\/www.eldiario.net\\\/portal\\\/2021\\\/11\\\/09\\\/la-argumentacion-y-contraargumentacion-dentro-del-discurso-academico\\\/#primaryimage\",\"url\":\"\",\"contentUrl\":\"\"},{\"@type\":\"BreadcrumbList\",\"@id\":\"https:\\\/\\\/www.eldiario.net\\\/portal\\\/2021\\\/11\\\/09\\\/la-argumentacion-y-contraargumentacion-dentro-del-discurso-academico\\\/#breadcrumb\",\"itemListElement\":[{\"@type\":\"ListItem\",\"position\":1,\"name\":\"Portada\",\"item\":\"https:\\\/\\\/www.eldiario.net\\\/portal\\\/\"},{\"@type\":\"ListItem\",\"position\":2,\"name\":\"La argumentaci\u00f3n y contraargumentaci\u00f3n dentro del discurso acad\u00e9mico\"}]},{\"@type\":\"WebSite\",\"@id\":\"https:\\\/\\\/www.eldiario.net\\\/portal\\\/#website\",\"url\":\"https:\\\/\\\/www.eldiario.net\\\/portal\\\/\",\"name\":\"El Diario - Decano de la prensa nacional\",\"description\":\"El Diario - Decano de la prensa nacional\",\"publisher\":{\"@id\":\"https:\\\/\\\/www.eldiario.net\\\/portal\\\/#organization\"},\"potentialAction\":[{\"@type\":\"SearchAction\",\"target\":{\"@type\":\"EntryPoint\",\"urlTemplate\":\"https:\\\/\\\/www.eldiario.net\\\/portal\\\/?s={search_term_string}\"},\"query-input\":{\"@type\":\"PropertyValueSpecification\",\"valueRequired\":true,\"valueName\":\"search_term_string\"}}],\"inLanguage\":\"es\"},{\"@type\":\"Organization\",\"@id\":\"https:\\\/\\\/www.eldiario.net\\\/portal\\\/#organization\",\"name\":\"El Diario - Decano de la prensa nacional\",\"url\":\"https:\\\/\\\/www.eldiario.net\\\/portal\\\/\",\"logo\":{\"@type\":\"ImageObject\",\"inLanguage\":\"es\",\"@id\":\"https:\\\/\\\/www.eldiario.net\\\/portal\\\/#\\\/schema\\\/logo\\\/image\\\/\",\"url\":\"https:\\\/\\\/www.eldiario.net\\\/portal\\\/wp-content\\\/uploads\\\/2023\\\/07\\\/logo_ED.jpg\",\"contentUrl\":\"https:\\\/\\\/www.eldiario.net\\\/portal\\\/wp-content\\\/uploads\\\/2023\\\/07\\\/logo_ED.jpg\",\"width\":272,\"height\":52,\"caption\":\"El Diario - Decano de la prensa nacional\"},\"image\":{\"@id\":\"https:\\\/\\\/www.eldiario.net\\\/portal\\\/#\\\/schema\\\/logo\\\/image\\\/\"},\"sameAs\":[\"https:\\\/\\\/www.facebook.com\\\/eldiario.bolivia\\\/\",\"https:\\\/\\\/x.com\\\/eldiario_net\"]},{\"@type\":\"Person\",\"@id\":\"https:\\\/\\\/www.eldiario.net\\\/portal\\\/#\\\/schema\\\/person\\\/2c57cf2b7a7ae032e449e4c9b1019eac\",\"name\":\"Jeanette\",\"image\":{\"@type\":\"ImageObject\",\"inLanguage\":\"es\",\"@id\":\"https:\\\/\\\/secure.gravatar.com\\\/avatar\\\/3ea2118a5f7dad2b7138b1187a6b7ee55f160b9968b66013c3a3ef39dd7e5798?s=96&d=mm&r=g\",\"url\":\"https:\\\/\\\/secure.gravatar.com\\\/avatar\\\/3ea2118a5f7dad2b7138b1187a6b7ee55f160b9968b66013c3a3ef39dd7e5798?s=96&d=mm&r=g\",\"contentUrl\":\"https:\\\/\\\/secure.gravatar.com\\\/avatar\\\/3ea2118a5f7dad2b7138b1187a6b7ee55f160b9968b66013c3a3ef39dd7e5798?s=96&d=mm&r=g\",\"caption\":\"Jeanette\"},\"sameAs\":[\"https:\\\/\\\/www.eldiario.net\\\/portal\"],\"url\":\"https:\\\/\\\/www.eldiario.net\\\/portal\\\/author\\\/jeanette\\\/\"}]}<\/script>\n<!-- \/ Yoast SEO plugin. -->","yoast_head_json":{"title":"La argumentaci\u00f3n y contraargumentaci\u00f3n dentro del discurso acad\u00e9mico - El Diario - Bolivia","robots":{"index":"index","follow":"follow","max-snippet":"max-snippet:-1","max-image-preview":"max-image-preview:large","max-video-preview":"max-video-preview:-1"},"canonical":"https:\/\/www.eldiario.net\/portal\/2021\/11\/09\/la-argumentacion-y-contraargumentacion-dentro-del-discurso-academico\/","og_locale":"es_ES","og_type":"article","og_title":"La argumentaci\u00f3n y contraargumentaci\u00f3n dentro del discurso acad\u00e9mico - El Diario - Bolivia","og_description":"Por: Equipo editor &nbsp; \u00bfQu\u00e9 es la argumentaci\u00f3n? &nbsp; Es una actividad social, intelectual y verbal que sirve para justificar o refutar una opini\u00f3n, y que consiste en hacer declaraciones teniendo en cuenta al receptor y la finalidad con la cual se emiten. Para argumentar hace faltar elegir entre diferentes opciones o explicaciones y razonar [&hellip;]","og_url":"https:\/\/www.eldiario.net\/portal\/2021\/11\/09\/la-argumentacion-y-contraargumentacion-dentro-del-discurso-academico\/","og_site_name":"El Diario - Bolivia","article_publisher":"https:\/\/www.facebook.com\/eldiario.bolivia\/","article_published_time":"2021-11-09T08:53:12+00:00","author":"Jeanette","twitter_card":"summary_large_image","twitter_creator":"@eldiario_net","twitter_site":"@eldiario_net","twitter_misc":{"Escrito por":"Jeanette","Tiempo de lectura":"6 minutos"},"schema":{"@context":"https:\/\/schema.org","@graph":[{"@type":"Article","@id":"https:\/\/www.eldiario.net\/portal\/2021\/11\/09\/la-argumentacion-y-contraargumentacion-dentro-del-discurso-academico\/#article","isPartOf":{"@id":"https:\/\/www.eldiario.net\/portal\/2021\/11\/09\/la-argumentacion-y-contraargumentacion-dentro-del-discurso-academico\/"},"author":{"name":"Jeanette","@id":"https:\/\/www.eldiario.net\/portal\/#\/schema\/person\/2c57cf2b7a7ae032e449e4c9b1019eac"},"headline":"La argumentaci\u00f3n y contraargumentaci\u00f3n dentro del discurso acad\u00e9mico","datePublished":"2021-11-09T08:53:12+00:00","mainEntityOfPage":{"@id":"https:\/\/www.eldiario.net\/portal\/2021\/11\/09\/la-argumentacion-y-contraargumentacion-dentro-del-discurso-academico\/"},"wordCount":1223,"publisher":{"@id":"https:\/\/www.eldiario.net\/portal\/#organization"},"image":{"@id":"https:\/\/www.eldiario.net\/portal\/2021\/11\/09\/la-argumentacion-y-contraargumentacion-dentro-del-discurso-academico\/#primaryimage"},"thumbnailUrl":"","articleSection":["Nuevos Horizontes"],"inLanguage":"es"},{"@type":"WebPage","@id":"https:\/\/www.eldiario.net\/portal\/2021\/11\/09\/la-argumentacion-y-contraargumentacion-dentro-del-discurso-academico\/","url":"https:\/\/www.eldiario.net\/portal\/2021\/11\/09\/la-argumentacion-y-contraargumentacion-dentro-del-discurso-academico\/","name":"La argumentaci\u00f3n y contraargumentaci\u00f3n dentro del discurso acad\u00e9mico - El Diario - Bolivia","isPartOf":{"@id":"https:\/\/www.eldiario.net\/portal\/#website"},"primaryImageOfPage":{"@id":"https:\/\/www.eldiario.net\/portal\/2021\/11\/09\/la-argumentacion-y-contraargumentacion-dentro-del-discurso-academico\/#primaryimage"},"image":{"@id":"https:\/\/www.eldiario.net\/portal\/2021\/11\/09\/la-argumentacion-y-contraargumentacion-dentro-del-discurso-academico\/#primaryimage"},"thumbnailUrl":"","datePublished":"2021-11-09T08:53:12+00:00","breadcrumb":{"@id":"https:\/\/www.eldiario.net\/portal\/2021\/11\/09\/la-argumentacion-y-contraargumentacion-dentro-del-discurso-academico\/#breadcrumb"},"inLanguage":"es","potentialAction":[{"@type":"ReadAction","target":["https:\/\/www.eldiario.net\/portal\/2021\/11\/09\/la-argumentacion-y-contraargumentacion-dentro-del-discurso-academico\/"]}]},{"@type":"ImageObject","inLanguage":"es","@id":"https:\/\/www.eldiario.net\/portal\/2021\/11\/09\/la-argumentacion-y-contraargumentacion-dentro-del-discurso-academico\/#primaryimage","url":"","contentUrl":""},{"@type":"BreadcrumbList","@id":"https:\/\/www.eldiario.net\/portal\/2021\/11\/09\/la-argumentacion-y-contraargumentacion-dentro-del-discurso-academico\/#breadcrumb","itemListElement":[{"@type":"ListItem","position":1,"name":"Portada","item":"https:\/\/www.eldiario.net\/portal\/"},{"@type":"ListItem","position":2,"name":"La argumentaci\u00f3n y contraargumentaci\u00f3n dentro del discurso acad\u00e9mico"}]},{"@type":"WebSite","@id":"https:\/\/www.eldiario.net\/portal\/#website","url":"https:\/\/www.eldiario.net\/portal\/","name":"El Diario - Decano de la prensa nacional","description":"El Diario - Decano de la prensa nacional","publisher":{"@id":"https:\/\/www.eldiario.net\/portal\/#organization"},"potentialAction":[{"@type":"SearchAction","target":{"@type":"EntryPoint","urlTemplate":"https:\/\/www.eldiario.net\/portal\/?s={search_term_string}"},"query-input":{"@type":"PropertyValueSpecification","valueRequired":true,"valueName":"search_term_string"}}],"inLanguage":"es"},{"@type":"Organization","@id":"https:\/\/www.eldiario.net\/portal\/#organization","name":"El Diario - Decano de la prensa nacional","url":"https:\/\/www.eldiario.net\/portal\/","logo":{"@type":"ImageObject","inLanguage":"es","@id":"https:\/\/www.eldiario.net\/portal\/#\/schema\/logo\/image\/","url":"https:\/\/www.eldiario.net\/portal\/wp-content\/uploads\/2023\/07\/logo_ED.jpg","contentUrl":"https:\/\/www.eldiario.net\/portal\/wp-content\/uploads\/2023\/07\/logo_ED.jpg","width":272,"height":52,"caption":"El Diario - Decano de la prensa nacional"},"image":{"@id":"https:\/\/www.eldiario.net\/portal\/#\/schema\/logo\/image\/"},"sameAs":["https:\/\/www.facebook.com\/eldiario.bolivia\/","https:\/\/x.com\/eldiario_net"]},{"@type":"Person","@id":"https:\/\/www.eldiario.net\/portal\/#\/schema\/person\/2c57cf2b7a7ae032e449e4c9b1019eac","name":"Jeanette","image":{"@type":"ImageObject","inLanguage":"es","@id":"https:\/\/secure.gravatar.com\/avatar\/3ea2118a5f7dad2b7138b1187a6b7ee55f160b9968b66013c3a3ef39dd7e5798?s=96&d=mm&r=g","url":"https:\/\/secure.gravatar.com\/avatar\/3ea2118a5f7dad2b7138b1187a6b7ee55f160b9968b66013c3a3ef39dd7e5798?s=96&d=mm&r=g","contentUrl":"https:\/\/secure.gravatar.com\/avatar\/3ea2118a5f7dad2b7138b1187a6b7ee55f160b9968b66013c3a3ef39dd7e5798?s=96&d=mm&r=g","caption":"Jeanette"},"sameAs":["https:\/\/www.eldiario.net\/portal"],"url":"https:\/\/www.eldiario.net\/portal\/author\/jeanette\/"}]}},"_links":{"self":[{"href":"https:\/\/www.eldiario.net\/portal\/wp-json\/wp\/v2\/posts\/41787","targetHints":{"allow":["GET"]}}],"collection":[{"href":"https:\/\/www.eldiario.net\/portal\/wp-json\/wp\/v2\/posts"}],"about":[{"href":"https:\/\/www.eldiario.net\/portal\/wp-json\/wp\/v2\/types\/post"}],"author":[{"embeddable":true,"href":"https:\/\/www.eldiario.net\/portal\/wp-json\/wp\/v2\/users\/1"}],"replies":[{"embeddable":true,"href":"https:\/\/www.eldiario.net\/portal\/wp-json\/wp\/v2\/comments?post=41787"}],"version-history":[{"count":0,"href":"https:\/\/www.eldiario.net\/portal\/wp-json\/wp\/v2\/posts\/41787\/revisions"}],"wp:attachment":[{"href":"https:\/\/www.eldiario.net\/portal\/wp-json\/wp\/v2\/media?parent=41787"}],"wp:term":[{"taxonomy":"category","embeddable":true,"href":"https:\/\/www.eldiario.net\/portal\/wp-json\/wp\/v2\/categories?post=41787"},{"taxonomy":"post_tag","embeddable":true,"href":"https:\/\/www.eldiario.net\/portal\/wp-json\/wp\/v2\/tags?post=41787"}],"curies":[{"name":"wp","href":"https:\/\/api.w.org\/{rel}","templated":true}]}}