{"id":41784,"date":"2021-11-09T04:51:36","date_gmt":"2021-11-09T08:51:36","guid":{"rendered":"https:\/\/www.eldiario.net\/portal\/?p=41784"},"modified":"2021-11-09T04:51:36","modified_gmt":"2021-11-09T08:51:36","slug":"excomandante-denuncia-intentos-de-influenciar-en-ascensos-del-ejercito","status":"publish","type":"post","link":"https:\/\/www.eldiario.net\/portal\/2021\/11\/09\/excomandante-denuncia-intentos-de-influenciar-en-ascensos-del-ejercito\/","title":{"rendered":"Excomandante denuncia intentos de  \u00abinfluenciar\u00bb en ascensos del Ej\u00e9rcito"},"content":{"rendered":"<p>Lima.- El excomandante de la Fuerza A\u00e9rea del Ej\u00e9rcito de Per\u00fa, Jorge Chaparro, denunci\u00f3 ayer intentos de \u00abinfluenciar\u00bb ascensos dentro de la instituci\u00f3n castrense en un discurso de despedida durante la ceremonia de su relevo, ante el ministro de Defensa, Walter Ayala, ante quien ha aprovechado para criticar la decisi\u00f3n de apartarlo de su cargo.<\/p>\n<p>\u00abUn general y dos coroneles quisieron influenciar en el proceso de ascenso. Somos pocos, nos conocemos. Un grupo de oficiales ha querido influenciar en las renovaciones y tambi\u00e9n los conocemos\u00bb, denunci\u00f3 ayer desde la base a\u00e9rea de Las Palmas.<\/p>\n<p>Adem\u00e1s, agradeci\u00f3 a quienes se han solidarizado con \u00e9l tras \u00abel inesperado paso a situaci\u00f3n de retiro sin encontrar hasta el momento una raz\u00f3n v\u00e1lida\u00bb, ha aseverado, recoge la emisora local RPP.<\/p>\n<p>Su reemplazo es el teniente general Alfonso Javier Artadi Saletti, que fue designado por el Ejecutivo de Pedro Castillo como el nuevo Comandante General de la Fuerza A\u00e9rea de Per\u00fa. Chaparro ha sido relevado de su cargo solo unos pocos meses despu\u00e9s de acceder al mismo, y tras su salida ha pedido al pr\u00f3ximo comandante ejercer su liderazgo \u00abcon responsabilidad\u00bb para \u00abseparar la paja del trigo\u00bb.<\/p>\n<p>El propio Ayala, junto al secretario general de la Presidencia, Bruno Pacheco, ya hab\u00eda sido se\u00f1alado por el excomandante del Ej\u00e9rcito Jos\u00e9 Vizcaya como responsable de ejercer presiones para propiciar ascensos dentro de la instituci\u00f3n.<\/p>\n<p>Vizcaya ha acusado al propio jefe del Ejecutivo, Pedro Castillo, de haber pedido el ascenso irregular de dos coroneles a quienes, por trayectoria, no corresponder\u00eda. (Europa Press)<\/p>\n<p>&nbsp;<\/p>\n","protected":false},"excerpt":{"rendered":"<p>Lima.- El excomandante de la Fuerza A\u00e9rea del Ej\u00e9rcito de Per\u00fa, Jorge Chaparro, denunci\u00f3 ayer intentos de \u00abinfluenciar\u00bb ascensos dentro de la instituci\u00f3n castrense en un discurso de despedida durante la ceremonia de su relevo, ante el ministro de Defensa, Walter Ayala, ante quien ha aprovechado para criticar la decisi\u00f3n de apartarlo de su cargo. [&hellip;]<\/p>\n","protected":false},"author":1,"featured_media":41785,"comment_status":"closed","ping_status":"closed","sticky":false,"template":"","format":"standard","meta":{"_acf_changed":false,"footnotes":""},"categories":[3],"tags":[],"class_list":["post-41784","post","type-post","status-publish","format-standard","has-post-thumbnail","category-internacional"],"acf":{"antetitulo":""},"yoast_head":"<!-- This site is optimized with the Yoast SEO plugin v28.4 - https:\/\/yoast.com\/product\/yoast-seo-wordpress\/ -->\n<title>Excomandante denuncia intentos de &quot;influenciar&quot; en ascensos del Ej\u00e9rcito - El Diario - Bolivia<\/title>\n<meta name=\"robots\" content=\"index, follow, max-snippet:-1, max-image-preview:large, max-video-preview:-1\" \/>\n<link rel=\"canonical\" href=\"https:\/\/www.eldiario.net\/portal\/2021\/11\/09\/excomandante-denuncia-intentos-de-influenciar-en-ascensos-del-ejercito\/\" \/>\n<meta property=\"og:locale\" content=\"es_ES\" \/>\n<meta property=\"og:type\" content=\"article\" \/>\n<meta property=\"og:title\" content=\"Excomandante denuncia intentos de &quot;influenciar&quot; en ascensos del Ej\u00e9rcito - El Diario - Bolivia\" \/>\n<meta property=\"og:description\" content=\"Lima.- El excomandante de la Fuerza A\u00e9rea del Ej\u00e9rcito de Per\u00fa, Jorge Chaparro, denunci\u00f3 ayer intentos de \u00abinfluenciar\u00bb ascensos dentro de la instituci\u00f3n castrense en un discurso de despedida durante la ceremonia de su relevo, ante el ministro de Defensa, Walter Ayala, ante quien ha aprovechado para criticar la decisi\u00f3n de apartarlo de su cargo. [&hellip;]\" \/>\n<meta property=\"og:url\" content=\"https:\/\/www.eldiario.net\/portal\/2021\/11\/09\/excomandante-denuncia-intentos-de-influenciar-en-ascensos-del-ejercito\/\" \/>\n<meta property=\"og:site_name\" content=\"El Diario - Bolivia\" \/>\n<meta property=\"article:publisher\" content=\"https:\/\/www.facebook.com\/eldiario.bolivia\/\" \/>\n<meta property=\"article:published_time\" content=\"2021-11-09T08:51:36+00:00\" \/>\n<meta name=\"author\" content=\"Jeanette\" \/>\n<meta name=\"twitter:card\" content=\"summary_large_image\" \/>\n<meta name=\"twitter:creator\" content=\"@eldiario_net\" \/>\n<meta name=\"twitter:site\" content=\"@eldiario_net\" \/>\n<meta name=\"twitter:label1\" content=\"Escrito por\" \/>\n\t<meta name=\"twitter:data1\" content=\"Jeanette\" \/>\n\t<meta name=\"twitter:label2\" content=\"Tiempo de lectura\" \/>\n\t<meta name=\"twitter:data2\" content=\"2 minutos\" \/>\n<script type=\"application\/ld+json\" class=\"yoast-schema-graph\">{\"@context\":\"https:\\\/\\\/schema.org\",\"@graph\":[{\"@type\":\"Article\",\"@id\":\"https:\\\/\\\/www.eldiario.net\\\/portal\\\/2021\\\/11\\\/09\\\/excomandante-denuncia-intentos-de-influenciar-en-ascensos-del-ejercito\\\/#article\",\"isPartOf\":{\"@id\":\"https:\\\/\\\/www.eldiario.net\\\/portal\\\/2021\\\/11\\\/09\\\/excomandante-denuncia-intentos-de-influenciar-en-ascensos-del-ejercito\\\/\"},\"author\":{\"name\":\"Jeanette\",\"@id\":\"https:\\\/\\\/www.eldiario.net\\\/portal\\\/#\\\/schema\\\/person\\\/2c57cf2b7a7ae032e449e4c9b1019eac\"},\"headline\":\"Excomandante denuncia intentos de \u00abinfluenciar\u00bb en ascensos del Ej\u00e9rcito\",\"datePublished\":\"2021-11-09T08:51:36+00:00\",\"mainEntityOfPage\":{\"@id\":\"https:\\\/\\\/www.eldiario.net\\\/portal\\\/2021\\\/11\\\/09\\\/excomandante-denuncia-intentos-de-influenciar-en-ascensos-del-ejercito\\\/\"},\"wordCount\":284,\"publisher\":{\"@id\":\"https:\\\/\\\/www.eldiario.net\\\/portal\\\/#organization\"},\"image\":{\"@id\":\"https:\\\/\\\/www.eldiario.net\\\/portal\\\/2021\\\/11\\\/09\\\/excomandante-denuncia-intentos-de-influenciar-en-ascensos-del-ejercito\\\/#primaryimage\"},\"thumbnailUrl\":\"\",\"articleSection\":[\"Internacional\"],\"inLanguage\":\"es\"},{\"@type\":\"WebPage\",\"@id\":\"https:\\\/\\\/www.eldiario.net\\\/portal\\\/2021\\\/11\\\/09\\\/excomandante-denuncia-intentos-de-influenciar-en-ascensos-del-ejercito\\\/\",\"url\":\"https:\\\/\\\/www.eldiario.net\\\/portal\\\/2021\\\/11\\\/09\\\/excomandante-denuncia-intentos-de-influenciar-en-ascensos-del-ejercito\\\/\",\"name\":\"Excomandante denuncia intentos de \\\"influenciar\\\" en ascensos del Ej\u00e9rcito - El Diario - Bolivia\",\"isPartOf\":{\"@id\":\"https:\\\/\\\/www.eldiario.net\\\/portal\\\/#website\"},\"primaryImageOfPage\":{\"@id\":\"https:\\\/\\\/www.eldiario.net\\\/portal\\\/2021\\\/11\\\/09\\\/excomandante-denuncia-intentos-de-influenciar-en-ascensos-del-ejercito\\\/#primaryimage\"},\"image\":{\"@id\":\"https:\\\/\\\/www.eldiario.net\\\/portal\\\/2021\\\/11\\\/09\\\/excomandante-denuncia-intentos-de-influenciar-en-ascensos-del-ejercito\\\/#primaryimage\"},\"thumbnailUrl\":\"\",\"datePublished\":\"2021-11-09T08:51:36+00:00\",\"breadcrumb\":{\"@id\":\"https:\\\/\\\/www.eldiario.net\\\/portal\\\/2021\\\/11\\\/09\\\/excomandante-denuncia-intentos-de-influenciar-en-ascensos-del-ejercito\\\/#breadcrumb\"},\"inLanguage\":\"es\",\"potentialAction\":[{\"@type\":\"ReadAction\",\"target\":[\"https:\\\/\\\/www.eldiario.net\\\/portal\\\/2021\\\/11\\\/09\\\/excomandante-denuncia-intentos-de-influenciar-en-ascensos-del-ejercito\\\/\"]}]},{\"@type\":\"ImageObject\",\"inLanguage\":\"es\",\"@id\":\"https:\\\/\\\/www.eldiario.net\\\/portal\\\/2021\\\/11\\\/09\\\/excomandante-denuncia-intentos-de-influenciar-en-ascensos-del-ejercito\\\/#primaryimage\",\"url\":\"\",\"contentUrl\":\"\"},{\"@type\":\"BreadcrumbList\",\"@id\":\"https:\\\/\\\/www.eldiario.net\\\/portal\\\/2021\\\/11\\\/09\\\/excomandante-denuncia-intentos-de-influenciar-en-ascensos-del-ejercito\\\/#breadcrumb\",\"itemListElement\":[{\"@type\":\"ListItem\",\"position\":1,\"name\":\"Portada\",\"item\":\"https:\\\/\\\/www.eldiario.net\\\/portal\\\/\"},{\"@type\":\"ListItem\",\"position\":2,\"name\":\"Excomandante denuncia intentos de \u00abinfluenciar\u00bb en ascensos del Ej\u00e9rcito\"}]},{\"@type\":\"WebSite\",\"@id\":\"https:\\\/\\\/www.eldiario.net\\\/portal\\\/#website\",\"url\":\"https:\\\/\\\/www.eldiario.net\\\/portal\\\/\",\"name\":\"El Diario - Decano de la prensa nacional\",\"description\":\"El Diario - Decano de la prensa nacional\",\"publisher\":{\"@id\":\"https:\\\/\\\/www.eldiario.net\\\/portal\\\/#organization\"},\"potentialAction\":[{\"@type\":\"SearchAction\",\"target\":{\"@type\":\"EntryPoint\",\"urlTemplate\":\"https:\\\/\\\/www.eldiario.net\\\/portal\\\/?s={search_term_string}\"},\"query-input\":{\"@type\":\"PropertyValueSpecification\",\"valueRequired\":true,\"valueName\":\"search_term_string\"}}],\"inLanguage\":\"es\"},{\"@type\":\"Organization\",\"@id\":\"https:\\\/\\\/www.eldiario.net\\\/portal\\\/#organization\",\"name\":\"El Diario - Decano de la prensa nacional\",\"url\":\"https:\\\/\\\/www.eldiario.net\\\/portal\\\/\",\"logo\":{\"@type\":\"ImageObject\",\"inLanguage\":\"es\",\"@id\":\"https:\\\/\\\/www.eldiario.net\\\/portal\\\/#\\\/schema\\\/logo\\\/image\\\/\",\"url\":\"https:\\\/\\\/www.eldiario.net\\\/portal\\\/wp-content\\\/uploads\\\/2023\\\/07\\\/logo_ED.jpg\",\"contentUrl\":\"https:\\\/\\\/www.eldiario.net\\\/portal\\\/wp-content\\\/uploads\\\/2023\\\/07\\\/logo_ED.jpg\",\"width\":272,\"height\":52,\"caption\":\"El Diario - Decano de la prensa nacional\"},\"image\":{\"@id\":\"https:\\\/\\\/www.eldiario.net\\\/portal\\\/#\\\/schema\\\/logo\\\/image\\\/\"},\"sameAs\":[\"https:\\\/\\\/www.facebook.com\\\/eldiario.bolivia\\\/\",\"https:\\\/\\\/x.com\\\/eldiario_net\"]},{\"@type\":\"Person\",\"@id\":\"https:\\\/\\\/www.eldiario.net\\\/portal\\\/#\\\/schema\\\/person\\\/2c57cf2b7a7ae032e449e4c9b1019eac\",\"name\":\"Jeanette\",\"image\":{\"@type\":\"ImageObject\",\"inLanguage\":\"es\",\"@id\":\"https:\\\/\\\/secure.gravatar.com\\\/avatar\\\/3ea2118a5f7dad2b7138b1187a6b7ee55f160b9968b66013c3a3ef39dd7e5798?s=96&d=mm&r=g\",\"url\":\"https:\\\/\\\/secure.gravatar.com\\\/avatar\\\/3ea2118a5f7dad2b7138b1187a6b7ee55f160b9968b66013c3a3ef39dd7e5798?s=96&d=mm&r=g\",\"contentUrl\":\"https:\\\/\\\/secure.gravatar.com\\\/avatar\\\/3ea2118a5f7dad2b7138b1187a6b7ee55f160b9968b66013c3a3ef39dd7e5798?s=96&d=mm&r=g\",\"caption\":\"Jeanette\"},\"sameAs\":[\"https:\\\/\\\/www.eldiario.net\\\/portal\"],\"url\":\"https:\\\/\\\/www.eldiario.net\\\/portal\\\/author\\\/jeanette\\\/\"}]}<\/script>\n<!-- \/ Yoast SEO plugin. -->","yoast_head_json":{"title":"Excomandante denuncia intentos de \"influenciar\" en ascensos del Ej\u00e9rcito - El Diario - Bolivia","robots":{"index":"index","follow":"follow","max-snippet":"max-snippet:-1","max-image-preview":"max-image-preview:large","max-video-preview":"max-video-preview:-1"},"canonical":"https:\/\/www.eldiario.net\/portal\/2021\/11\/09\/excomandante-denuncia-intentos-de-influenciar-en-ascensos-del-ejercito\/","og_locale":"es_ES","og_type":"article","og_title":"Excomandante denuncia intentos de \"influenciar\" en ascensos del Ej\u00e9rcito - El Diario - Bolivia","og_description":"Lima.- El excomandante de la Fuerza A\u00e9rea del Ej\u00e9rcito de Per\u00fa, Jorge Chaparro, denunci\u00f3 ayer intentos de \u00abinfluenciar\u00bb ascensos dentro de la instituci\u00f3n castrense en un discurso de despedida durante la ceremonia de su relevo, ante el ministro de Defensa, Walter Ayala, ante quien ha aprovechado para criticar la decisi\u00f3n de apartarlo de su cargo. [&hellip;]","og_url":"https:\/\/www.eldiario.net\/portal\/2021\/11\/09\/excomandante-denuncia-intentos-de-influenciar-en-ascensos-del-ejercito\/","og_site_name":"El Diario - Bolivia","article_publisher":"https:\/\/www.facebook.com\/eldiario.bolivia\/","article_published_time":"2021-11-09T08:51:36+00:00","author":"Jeanette","twitter_card":"summary_large_image","twitter_creator":"@eldiario_net","twitter_site":"@eldiario_net","twitter_misc":{"Escrito por":"Jeanette","Tiempo de lectura":"2 minutos"},"schema":{"@context":"https:\/\/schema.org","@graph":[{"@type":"Article","@id":"https:\/\/www.eldiario.net\/portal\/2021\/11\/09\/excomandante-denuncia-intentos-de-influenciar-en-ascensos-del-ejercito\/#article","isPartOf":{"@id":"https:\/\/www.eldiario.net\/portal\/2021\/11\/09\/excomandante-denuncia-intentos-de-influenciar-en-ascensos-del-ejercito\/"},"author":{"name":"Jeanette","@id":"https:\/\/www.eldiario.net\/portal\/#\/schema\/person\/2c57cf2b7a7ae032e449e4c9b1019eac"},"headline":"Excomandante denuncia intentos de \u00abinfluenciar\u00bb en ascensos del Ej\u00e9rcito","datePublished":"2021-11-09T08:51:36+00:00","mainEntityOfPage":{"@id":"https:\/\/www.eldiario.net\/portal\/2021\/11\/09\/excomandante-denuncia-intentos-de-influenciar-en-ascensos-del-ejercito\/"},"wordCount":284,"publisher":{"@id":"https:\/\/www.eldiario.net\/portal\/#organization"},"image":{"@id":"https:\/\/www.eldiario.net\/portal\/2021\/11\/09\/excomandante-denuncia-intentos-de-influenciar-en-ascensos-del-ejercito\/#primaryimage"},"thumbnailUrl":"","articleSection":["Internacional"],"inLanguage":"es"},{"@type":"WebPage","@id":"https:\/\/www.eldiario.net\/portal\/2021\/11\/09\/excomandante-denuncia-intentos-de-influenciar-en-ascensos-del-ejercito\/","url":"https:\/\/www.eldiario.net\/portal\/2021\/11\/09\/excomandante-denuncia-intentos-de-influenciar-en-ascensos-del-ejercito\/","name":"Excomandante denuncia intentos de \"influenciar\" en ascensos del Ej\u00e9rcito - El Diario - Bolivia","isPartOf":{"@id":"https:\/\/www.eldiario.net\/portal\/#website"},"primaryImageOfPage":{"@id":"https:\/\/www.eldiario.net\/portal\/2021\/11\/09\/excomandante-denuncia-intentos-de-influenciar-en-ascensos-del-ejercito\/#primaryimage"},"image":{"@id":"https:\/\/www.eldiario.net\/portal\/2021\/11\/09\/excomandante-denuncia-intentos-de-influenciar-en-ascensos-del-ejercito\/#primaryimage"},"thumbnailUrl":"","datePublished":"2021-11-09T08:51:36+00:00","breadcrumb":{"@id":"https:\/\/www.eldiario.net\/portal\/2021\/11\/09\/excomandante-denuncia-intentos-de-influenciar-en-ascensos-del-ejercito\/#breadcrumb"},"inLanguage":"es","potentialAction":[{"@type":"ReadAction","target":["https:\/\/www.eldiario.net\/portal\/2021\/11\/09\/excomandante-denuncia-intentos-de-influenciar-en-ascensos-del-ejercito\/"]}]},{"@type":"ImageObject","inLanguage":"es","@id":"https:\/\/www.eldiario.net\/portal\/2021\/11\/09\/excomandante-denuncia-intentos-de-influenciar-en-ascensos-del-ejercito\/#primaryimage","url":"","contentUrl":""},{"@type":"BreadcrumbList","@id":"https:\/\/www.eldiario.net\/portal\/2021\/11\/09\/excomandante-denuncia-intentos-de-influenciar-en-ascensos-del-ejercito\/#breadcrumb","itemListElement":[{"@type":"ListItem","position":1,"name":"Portada","item":"https:\/\/www.eldiario.net\/portal\/"},{"@type":"ListItem","position":2,"name":"Excomandante denuncia intentos de \u00abinfluenciar\u00bb en ascensos del Ej\u00e9rcito"}]},{"@type":"WebSite","@id":"https:\/\/www.eldiario.net\/portal\/#website","url":"https:\/\/www.eldiario.net\/portal\/","name":"El Diario - Decano de la prensa nacional","description":"El Diario - Decano de la prensa nacional","publisher":{"@id":"https:\/\/www.eldiario.net\/portal\/#organization"},"potentialAction":[{"@type":"SearchAction","target":{"@type":"EntryPoint","urlTemplate":"https:\/\/www.eldiario.net\/portal\/?s={search_term_string}"},"query-input":{"@type":"PropertyValueSpecification","valueRequired":true,"valueName":"search_term_string"}}],"inLanguage":"es"},{"@type":"Organization","@id":"https:\/\/www.eldiario.net\/portal\/#organization","name":"El Diario - Decano de la prensa nacional","url":"https:\/\/www.eldiario.net\/portal\/","logo":{"@type":"ImageObject","inLanguage":"es","@id":"https:\/\/www.eldiario.net\/portal\/#\/schema\/logo\/image\/","url":"https:\/\/www.eldiario.net\/portal\/wp-content\/uploads\/2023\/07\/logo_ED.jpg","contentUrl":"https:\/\/www.eldiario.net\/portal\/wp-content\/uploads\/2023\/07\/logo_ED.jpg","width":272,"height":52,"caption":"El Diario - Decano de la prensa nacional"},"image":{"@id":"https:\/\/www.eldiario.net\/portal\/#\/schema\/logo\/image\/"},"sameAs":["https:\/\/www.facebook.com\/eldiario.bolivia\/","https:\/\/x.com\/eldiario_net"]},{"@type":"Person","@id":"https:\/\/www.eldiario.net\/portal\/#\/schema\/person\/2c57cf2b7a7ae032e449e4c9b1019eac","name":"Jeanette","image":{"@type":"ImageObject","inLanguage":"es","@id":"https:\/\/secure.gravatar.com\/avatar\/3ea2118a5f7dad2b7138b1187a6b7ee55f160b9968b66013c3a3ef39dd7e5798?s=96&d=mm&r=g","url":"https:\/\/secure.gravatar.com\/avatar\/3ea2118a5f7dad2b7138b1187a6b7ee55f160b9968b66013c3a3ef39dd7e5798?s=96&d=mm&r=g","contentUrl":"https:\/\/secure.gravatar.com\/avatar\/3ea2118a5f7dad2b7138b1187a6b7ee55f160b9968b66013c3a3ef39dd7e5798?s=96&d=mm&r=g","caption":"Jeanette"},"sameAs":["https:\/\/www.eldiario.net\/portal"],"url":"https:\/\/www.eldiario.net\/portal\/author\/jeanette\/"}]}},"_links":{"self":[{"href":"https:\/\/www.eldiario.net\/portal\/wp-json\/wp\/v2\/posts\/41784","targetHints":{"allow":["GET"]}}],"collection":[{"href":"https:\/\/www.eldiario.net\/portal\/wp-json\/wp\/v2\/posts"}],"about":[{"href":"https:\/\/www.eldiario.net\/portal\/wp-json\/wp\/v2\/types\/post"}],"author":[{"embeddable":true,"href":"https:\/\/www.eldiario.net\/portal\/wp-json\/wp\/v2\/users\/1"}],"replies":[{"embeddable":true,"href":"https:\/\/www.eldiario.net\/portal\/wp-json\/wp\/v2\/comments?post=41784"}],"version-history":[{"count":0,"href":"https:\/\/www.eldiario.net\/portal\/wp-json\/wp\/v2\/posts\/41784\/revisions"}],"wp:attachment":[{"href":"https:\/\/www.eldiario.net\/portal\/wp-json\/wp\/v2\/media?parent=41784"}],"wp:term":[{"taxonomy":"category","embeddable":true,"href":"https:\/\/www.eldiario.net\/portal\/wp-json\/wp\/v2\/categories?post=41784"},{"taxonomy":"post_tag","embeddable":true,"href":"https:\/\/www.eldiario.net\/portal\/wp-json\/wp\/v2\/tags?post=41784"}],"curies":[{"name":"wp","href":"https:\/\/api.w.org\/{rel}","templated":true}]}}