{"id":41780,"date":"2021-11-09T04:50:40","date_gmt":"2021-11-09T08:50:40","guid":{"rendered":"https:\/\/www.eldiario.net\/portal\/?p=41780"},"modified":"2021-11-09T04:50:40","modified_gmt":"2021-11-09T08:50:40","slug":"eeuu-continuara-con-sanciones-y-restricciones-a-nicaragua","status":"publish","type":"post","link":"https:\/\/www.eldiario.net\/portal\/2021\/11\/09\/eeuu-continuara-con-sanciones-y-restricciones-a-nicaragua\/","title":{"rendered":"EEUU continuar\u00e1 con sanciones  y restricciones a Nicaragua"},"content":{"rendered":"<p>Washington.- Estados Unidos anunci\u00f3 ayer que continuar\u00e1 \u00abutilizando la diplomacia, sanciones y restricciones de visados\u00bb para \u00abpromover la rendici\u00f3n de cuentas\u00bb tras las elecciones \u00abantidemocr\u00e1ticas\u00bb celebradas el domingo en Nicaragua, en las que fueron reelectos el presidente, Daniel Ortega, y su esposa y vicepresidenta, Rosario Murillo.<\/p>\n<p>El presidente Daniel Ortega gan\u00f3 con m\u00e1s del 75 por ciento de los votos y asumir\u00e1 su cuarto mandato consecutivo en Nicaragua.<\/p>\n<p>Adem\u00e1s, el secretario de Estado estadounidense, Antony Blinken, indic\u00f3, no obstante, que el resultado \u00abha sido una conclusi\u00f3n inevitable desde hace mucho tiempo\u00bb, ya que el Gobierno \u00abha privado a los nicarag\u00fcenses de cualquier opci\u00f3n real al disolver todos los partidos genuinos de oposici\u00f3n y encarcelar a todos los principales candidatos presidenciales.<\/p>\n<p>\u00abEsta represi\u00f3n y manipulaci\u00f3n electoral, ampliamente denunciada por los nicarag\u00fcenses y la comunidad internacional, despoj\u00f3 a la votaci\u00f3n del 7 de noviembre de cualquier significado real. El Gobierno de Ortega-Murillo neg\u00f3 a los nicarag\u00fcenses su derecho a votar en elecciones libres y justas y priv\u00f3 injustamente de su libertad a casi cuarenta personas\u00bb, reproch\u00f3 ayer en un comunicado compartido por el Departamento de Estado.<\/p>\n<p>En este sentido, Blinken asever\u00f3 que \u00absi bien Ortega y Murillo pueden permanecer en el poder atrincherados\u00bb, la \u00abelecci\u00f3n antidemocr\u00e1tica de Nicaragua no les proporciona ni puede proporcionarles ning\u00fan mandato democr\u00e1tico para gobernar\u00bb, mientras que les ha afeado que \u00ablos l\u00edderes democr\u00e1ticos entienden que la soberan\u00eda real se origina en la ciudadan\u00eda\u00bb, mencionando la respuesta del presidente y vicepresidenta a las cr\u00edticas internacionales que han recibido.<\/p>\n<p>En este contexto, Washington conden\u00f3 \u00abesta subversi\u00f3n de las normas democr\u00e1ticas\u00bb, y ha anunciado que continuar\u00e1n \u00abutilizando la diplomacia\u00bb, junto con \u00abacciones coordinadas con aliados y socios regionales, sanciones y restricciones de visados, seg\u00fan corresponda, para promover la rendici\u00f3n de cuentas de los c\u00f3mplices de los actos antidemocr\u00e1ticos\u00bb.<\/p>\n<p>Estados Unidos trabajar\u00e1 junto a \u00abotros gobiernos democr\u00e1ticos\u00bb para \u00abpresionar para el retorno a la democracia a trav\u00e9s de elecciones libres y justas y el pleno respeto de los Derechos Humanos en Nicaragua\u00bb, algo que debe empezar con \u00abla liberaci\u00f3n inmediata e incondicional de los encarcelados injustamente\u00bb. (Europa Press)<\/p>\n","protected":false},"excerpt":{"rendered":"<p>Washington.- Estados Unidos anunci\u00f3 ayer que continuar\u00e1 \u00abutilizando la diplomacia, sanciones y restricciones de visados\u00bb para \u00abpromover la rendici\u00f3n de cuentas\u00bb tras las elecciones \u00abantidemocr\u00e1ticas\u00bb celebradas el domingo en Nicaragua, en las que fueron reelectos el presidente, Daniel Ortega, y su esposa y vicepresidenta, Rosario Murillo. El presidente Daniel Ortega gan\u00f3 con m\u00e1s del 75 [&hellip;]<\/p>\n","protected":false},"author":1,"featured_media":41781,"comment_status":"closed","ping_status":"closed","sticky":false,"template":"","format":"standard","meta":{"_acf_changed":false,"footnotes":""},"categories":[3],"tags":[],"class_list":["post-41780","post","type-post","status-publish","format-standard","has-post-thumbnail","category-internacional"],"acf":{"antetitulo":""},"yoast_head":"<!-- This site is optimized with the Yoast SEO plugin v28.4 - https:\/\/yoast.com\/product\/yoast-seo-wordpress\/ -->\n<title>EEUU continuar\u00e1 con sanciones y restricciones a Nicaragua - El Diario - Bolivia<\/title>\n<meta name=\"robots\" content=\"index, follow, max-snippet:-1, max-image-preview:large, max-video-preview:-1\" \/>\n<link rel=\"canonical\" href=\"https:\/\/www.eldiario.net\/portal\/2021\/11\/09\/eeuu-continuara-con-sanciones-y-restricciones-a-nicaragua\/\" \/>\n<meta property=\"og:locale\" content=\"es_ES\" \/>\n<meta property=\"og:type\" content=\"article\" \/>\n<meta property=\"og:title\" content=\"EEUU continuar\u00e1 con sanciones y restricciones a Nicaragua - El Diario - Bolivia\" \/>\n<meta property=\"og:description\" content=\"Washington.- Estados Unidos anunci\u00f3 ayer que continuar\u00e1 \u00abutilizando la diplomacia, sanciones y restricciones de visados\u00bb para \u00abpromover la rendici\u00f3n de cuentas\u00bb tras las elecciones \u00abantidemocr\u00e1ticas\u00bb celebradas el domingo en Nicaragua, en las que fueron reelectos el presidente, Daniel Ortega, y su esposa y vicepresidenta, Rosario Murillo. El presidente Daniel Ortega gan\u00f3 con m\u00e1s del 75 [&hellip;]\" \/>\n<meta property=\"og:url\" content=\"https:\/\/www.eldiario.net\/portal\/2021\/11\/09\/eeuu-continuara-con-sanciones-y-restricciones-a-nicaragua\/\" \/>\n<meta property=\"og:site_name\" content=\"El Diario - Bolivia\" \/>\n<meta property=\"article:publisher\" content=\"https:\/\/www.facebook.com\/eldiario.bolivia\/\" \/>\n<meta property=\"article:published_time\" content=\"2021-11-09T08:50:40+00:00\" \/>\n<meta name=\"author\" content=\"Jeanette\" \/>\n<meta name=\"twitter:card\" content=\"summary_large_image\" \/>\n<meta name=\"twitter:creator\" content=\"@eldiario_net\" \/>\n<meta name=\"twitter:site\" content=\"@eldiario_net\" \/>\n<meta name=\"twitter:label1\" content=\"Escrito por\" \/>\n\t<meta name=\"twitter:data1\" content=\"Jeanette\" \/>\n\t<meta name=\"twitter:label2\" content=\"Tiempo de lectura\" \/>\n\t<meta name=\"twitter:data2\" content=\"2 minutos\" \/>\n<script type=\"application\/ld+json\" class=\"yoast-schema-graph\">{\"@context\":\"https:\\\/\\\/schema.org\",\"@graph\":[{\"@type\":\"Article\",\"@id\":\"https:\\\/\\\/www.eldiario.net\\\/portal\\\/2021\\\/11\\\/09\\\/eeuu-continuara-con-sanciones-y-restricciones-a-nicaragua\\\/#article\",\"isPartOf\":{\"@id\":\"https:\\\/\\\/www.eldiario.net\\\/portal\\\/2021\\\/11\\\/09\\\/eeuu-continuara-con-sanciones-y-restricciones-a-nicaragua\\\/\"},\"author\":{\"name\":\"Jeanette\",\"@id\":\"https:\\\/\\\/www.eldiario.net\\\/portal\\\/#\\\/schema\\\/person\\\/2c57cf2b7a7ae032e449e4c9b1019eac\"},\"headline\":\"EEUU continuar\u00e1 con sanciones y restricciones a Nicaragua\",\"datePublished\":\"2021-11-09T08:50:40+00:00\",\"mainEntityOfPage\":{\"@id\":\"https:\\\/\\\/www.eldiario.net\\\/portal\\\/2021\\\/11\\\/09\\\/eeuu-continuara-con-sanciones-y-restricciones-a-nicaragua\\\/\"},\"wordCount\":386,\"publisher\":{\"@id\":\"https:\\\/\\\/www.eldiario.net\\\/portal\\\/#organization\"},\"image\":{\"@id\":\"https:\\\/\\\/www.eldiario.net\\\/portal\\\/2021\\\/11\\\/09\\\/eeuu-continuara-con-sanciones-y-restricciones-a-nicaragua\\\/#primaryimage\"},\"thumbnailUrl\":\"\",\"articleSection\":[\"Internacional\"],\"inLanguage\":\"es\"},{\"@type\":\"WebPage\",\"@id\":\"https:\\\/\\\/www.eldiario.net\\\/portal\\\/2021\\\/11\\\/09\\\/eeuu-continuara-con-sanciones-y-restricciones-a-nicaragua\\\/\",\"url\":\"https:\\\/\\\/www.eldiario.net\\\/portal\\\/2021\\\/11\\\/09\\\/eeuu-continuara-con-sanciones-y-restricciones-a-nicaragua\\\/\",\"name\":\"EEUU continuar\u00e1 con sanciones y restricciones a Nicaragua - El Diario - Bolivia\",\"isPartOf\":{\"@id\":\"https:\\\/\\\/www.eldiario.net\\\/portal\\\/#website\"},\"primaryImageOfPage\":{\"@id\":\"https:\\\/\\\/www.eldiario.net\\\/portal\\\/2021\\\/11\\\/09\\\/eeuu-continuara-con-sanciones-y-restricciones-a-nicaragua\\\/#primaryimage\"},\"image\":{\"@id\":\"https:\\\/\\\/www.eldiario.net\\\/portal\\\/2021\\\/11\\\/09\\\/eeuu-continuara-con-sanciones-y-restricciones-a-nicaragua\\\/#primaryimage\"},\"thumbnailUrl\":\"\",\"datePublished\":\"2021-11-09T08:50:40+00:00\",\"breadcrumb\":{\"@id\":\"https:\\\/\\\/www.eldiario.net\\\/portal\\\/2021\\\/11\\\/09\\\/eeuu-continuara-con-sanciones-y-restricciones-a-nicaragua\\\/#breadcrumb\"},\"inLanguage\":\"es\",\"potentialAction\":[{\"@type\":\"ReadAction\",\"target\":[\"https:\\\/\\\/www.eldiario.net\\\/portal\\\/2021\\\/11\\\/09\\\/eeuu-continuara-con-sanciones-y-restricciones-a-nicaragua\\\/\"]}]},{\"@type\":\"ImageObject\",\"inLanguage\":\"es\",\"@id\":\"https:\\\/\\\/www.eldiario.net\\\/portal\\\/2021\\\/11\\\/09\\\/eeuu-continuara-con-sanciones-y-restricciones-a-nicaragua\\\/#primaryimage\",\"url\":\"\",\"contentUrl\":\"\"},{\"@type\":\"BreadcrumbList\",\"@id\":\"https:\\\/\\\/www.eldiario.net\\\/portal\\\/2021\\\/11\\\/09\\\/eeuu-continuara-con-sanciones-y-restricciones-a-nicaragua\\\/#breadcrumb\",\"itemListElement\":[{\"@type\":\"ListItem\",\"position\":1,\"name\":\"Portada\",\"item\":\"https:\\\/\\\/www.eldiario.net\\\/portal\\\/\"},{\"@type\":\"ListItem\",\"position\":2,\"name\":\"EEUU continuar\u00e1 con sanciones y restricciones a Nicaragua\"}]},{\"@type\":\"WebSite\",\"@id\":\"https:\\\/\\\/www.eldiario.net\\\/portal\\\/#website\",\"url\":\"https:\\\/\\\/www.eldiario.net\\\/portal\\\/\",\"name\":\"El Diario - Decano de la prensa nacional\",\"description\":\"El Diario - Decano de la prensa nacional\",\"publisher\":{\"@id\":\"https:\\\/\\\/www.eldiario.net\\\/portal\\\/#organization\"},\"potentialAction\":[{\"@type\":\"SearchAction\",\"target\":{\"@type\":\"EntryPoint\",\"urlTemplate\":\"https:\\\/\\\/www.eldiario.net\\\/portal\\\/?s={search_term_string}\"},\"query-input\":{\"@type\":\"PropertyValueSpecification\",\"valueRequired\":true,\"valueName\":\"search_term_string\"}}],\"inLanguage\":\"es\"},{\"@type\":\"Organization\",\"@id\":\"https:\\\/\\\/www.eldiario.net\\\/portal\\\/#organization\",\"name\":\"El Diario - Decano de la prensa nacional\",\"url\":\"https:\\\/\\\/www.eldiario.net\\\/portal\\\/\",\"logo\":{\"@type\":\"ImageObject\",\"inLanguage\":\"es\",\"@id\":\"https:\\\/\\\/www.eldiario.net\\\/portal\\\/#\\\/schema\\\/logo\\\/image\\\/\",\"url\":\"https:\\\/\\\/www.eldiario.net\\\/portal\\\/wp-content\\\/uploads\\\/2023\\\/07\\\/logo_ED.jpg\",\"contentUrl\":\"https:\\\/\\\/www.eldiario.net\\\/portal\\\/wp-content\\\/uploads\\\/2023\\\/07\\\/logo_ED.jpg\",\"width\":272,\"height\":52,\"caption\":\"El Diario - Decano de la prensa nacional\"},\"image\":{\"@id\":\"https:\\\/\\\/www.eldiario.net\\\/portal\\\/#\\\/schema\\\/logo\\\/image\\\/\"},\"sameAs\":[\"https:\\\/\\\/www.facebook.com\\\/eldiario.bolivia\\\/\",\"https:\\\/\\\/x.com\\\/eldiario_net\"]},{\"@type\":\"Person\",\"@id\":\"https:\\\/\\\/www.eldiario.net\\\/portal\\\/#\\\/schema\\\/person\\\/2c57cf2b7a7ae032e449e4c9b1019eac\",\"name\":\"Jeanette\",\"image\":{\"@type\":\"ImageObject\",\"inLanguage\":\"es\",\"@id\":\"https:\\\/\\\/secure.gravatar.com\\\/avatar\\\/3ea2118a5f7dad2b7138b1187a6b7ee55f160b9968b66013c3a3ef39dd7e5798?s=96&d=mm&r=g\",\"url\":\"https:\\\/\\\/secure.gravatar.com\\\/avatar\\\/3ea2118a5f7dad2b7138b1187a6b7ee55f160b9968b66013c3a3ef39dd7e5798?s=96&d=mm&r=g\",\"contentUrl\":\"https:\\\/\\\/secure.gravatar.com\\\/avatar\\\/3ea2118a5f7dad2b7138b1187a6b7ee55f160b9968b66013c3a3ef39dd7e5798?s=96&d=mm&r=g\",\"caption\":\"Jeanette\"},\"sameAs\":[\"https:\\\/\\\/www.eldiario.net\\\/portal\"],\"url\":\"https:\\\/\\\/www.eldiario.net\\\/portal\\\/author\\\/jeanette\\\/\"}]}<\/script>\n<!-- \/ Yoast SEO plugin. -->","yoast_head_json":{"title":"EEUU continuar\u00e1 con sanciones y restricciones a Nicaragua - El Diario - Bolivia","robots":{"index":"index","follow":"follow","max-snippet":"max-snippet:-1","max-image-preview":"max-image-preview:large","max-video-preview":"max-video-preview:-1"},"canonical":"https:\/\/www.eldiario.net\/portal\/2021\/11\/09\/eeuu-continuara-con-sanciones-y-restricciones-a-nicaragua\/","og_locale":"es_ES","og_type":"article","og_title":"EEUU continuar\u00e1 con sanciones y restricciones a Nicaragua - El Diario - Bolivia","og_description":"Washington.- Estados Unidos anunci\u00f3 ayer que continuar\u00e1 \u00abutilizando la diplomacia, sanciones y restricciones de visados\u00bb para \u00abpromover la rendici\u00f3n de cuentas\u00bb tras las elecciones \u00abantidemocr\u00e1ticas\u00bb celebradas el domingo en Nicaragua, en las que fueron reelectos el presidente, Daniel Ortega, y su esposa y vicepresidenta, Rosario Murillo. El presidente Daniel Ortega gan\u00f3 con m\u00e1s del 75 [&hellip;]","og_url":"https:\/\/www.eldiario.net\/portal\/2021\/11\/09\/eeuu-continuara-con-sanciones-y-restricciones-a-nicaragua\/","og_site_name":"El Diario - Bolivia","article_publisher":"https:\/\/www.facebook.com\/eldiario.bolivia\/","article_published_time":"2021-11-09T08:50:40+00:00","author":"Jeanette","twitter_card":"summary_large_image","twitter_creator":"@eldiario_net","twitter_site":"@eldiario_net","twitter_misc":{"Escrito por":"Jeanette","Tiempo de lectura":"2 minutos"},"schema":{"@context":"https:\/\/schema.org","@graph":[{"@type":"Article","@id":"https:\/\/www.eldiario.net\/portal\/2021\/11\/09\/eeuu-continuara-con-sanciones-y-restricciones-a-nicaragua\/#article","isPartOf":{"@id":"https:\/\/www.eldiario.net\/portal\/2021\/11\/09\/eeuu-continuara-con-sanciones-y-restricciones-a-nicaragua\/"},"author":{"name":"Jeanette","@id":"https:\/\/www.eldiario.net\/portal\/#\/schema\/person\/2c57cf2b7a7ae032e449e4c9b1019eac"},"headline":"EEUU continuar\u00e1 con sanciones y restricciones a Nicaragua","datePublished":"2021-11-09T08:50:40+00:00","mainEntityOfPage":{"@id":"https:\/\/www.eldiario.net\/portal\/2021\/11\/09\/eeuu-continuara-con-sanciones-y-restricciones-a-nicaragua\/"},"wordCount":386,"publisher":{"@id":"https:\/\/www.eldiario.net\/portal\/#organization"},"image":{"@id":"https:\/\/www.eldiario.net\/portal\/2021\/11\/09\/eeuu-continuara-con-sanciones-y-restricciones-a-nicaragua\/#primaryimage"},"thumbnailUrl":"","articleSection":["Internacional"],"inLanguage":"es"},{"@type":"WebPage","@id":"https:\/\/www.eldiario.net\/portal\/2021\/11\/09\/eeuu-continuara-con-sanciones-y-restricciones-a-nicaragua\/","url":"https:\/\/www.eldiario.net\/portal\/2021\/11\/09\/eeuu-continuara-con-sanciones-y-restricciones-a-nicaragua\/","name":"EEUU continuar\u00e1 con sanciones y restricciones a Nicaragua - El Diario - Bolivia","isPartOf":{"@id":"https:\/\/www.eldiario.net\/portal\/#website"},"primaryImageOfPage":{"@id":"https:\/\/www.eldiario.net\/portal\/2021\/11\/09\/eeuu-continuara-con-sanciones-y-restricciones-a-nicaragua\/#primaryimage"},"image":{"@id":"https:\/\/www.eldiario.net\/portal\/2021\/11\/09\/eeuu-continuara-con-sanciones-y-restricciones-a-nicaragua\/#primaryimage"},"thumbnailUrl":"","datePublished":"2021-11-09T08:50:40+00:00","breadcrumb":{"@id":"https:\/\/www.eldiario.net\/portal\/2021\/11\/09\/eeuu-continuara-con-sanciones-y-restricciones-a-nicaragua\/#breadcrumb"},"inLanguage":"es","potentialAction":[{"@type":"ReadAction","target":["https:\/\/www.eldiario.net\/portal\/2021\/11\/09\/eeuu-continuara-con-sanciones-y-restricciones-a-nicaragua\/"]}]},{"@type":"ImageObject","inLanguage":"es","@id":"https:\/\/www.eldiario.net\/portal\/2021\/11\/09\/eeuu-continuara-con-sanciones-y-restricciones-a-nicaragua\/#primaryimage","url":"","contentUrl":""},{"@type":"BreadcrumbList","@id":"https:\/\/www.eldiario.net\/portal\/2021\/11\/09\/eeuu-continuara-con-sanciones-y-restricciones-a-nicaragua\/#breadcrumb","itemListElement":[{"@type":"ListItem","position":1,"name":"Portada","item":"https:\/\/www.eldiario.net\/portal\/"},{"@type":"ListItem","position":2,"name":"EEUU continuar\u00e1 con sanciones y restricciones a Nicaragua"}]},{"@type":"WebSite","@id":"https:\/\/www.eldiario.net\/portal\/#website","url":"https:\/\/www.eldiario.net\/portal\/","name":"El Diario - Decano de la prensa nacional","description":"El Diario - Decano de la prensa nacional","publisher":{"@id":"https:\/\/www.eldiario.net\/portal\/#organization"},"potentialAction":[{"@type":"SearchAction","target":{"@type":"EntryPoint","urlTemplate":"https:\/\/www.eldiario.net\/portal\/?s={search_term_string}"},"query-input":{"@type":"PropertyValueSpecification","valueRequired":true,"valueName":"search_term_string"}}],"inLanguage":"es"},{"@type":"Organization","@id":"https:\/\/www.eldiario.net\/portal\/#organization","name":"El Diario - Decano de la prensa nacional","url":"https:\/\/www.eldiario.net\/portal\/","logo":{"@type":"ImageObject","inLanguage":"es","@id":"https:\/\/www.eldiario.net\/portal\/#\/schema\/logo\/image\/","url":"https:\/\/www.eldiario.net\/portal\/wp-content\/uploads\/2023\/07\/logo_ED.jpg","contentUrl":"https:\/\/www.eldiario.net\/portal\/wp-content\/uploads\/2023\/07\/logo_ED.jpg","width":272,"height":52,"caption":"El Diario - Decano de la prensa nacional"},"image":{"@id":"https:\/\/www.eldiario.net\/portal\/#\/schema\/logo\/image\/"},"sameAs":["https:\/\/www.facebook.com\/eldiario.bolivia\/","https:\/\/x.com\/eldiario_net"]},{"@type":"Person","@id":"https:\/\/www.eldiario.net\/portal\/#\/schema\/person\/2c57cf2b7a7ae032e449e4c9b1019eac","name":"Jeanette","image":{"@type":"ImageObject","inLanguage":"es","@id":"https:\/\/secure.gravatar.com\/avatar\/3ea2118a5f7dad2b7138b1187a6b7ee55f160b9968b66013c3a3ef39dd7e5798?s=96&d=mm&r=g","url":"https:\/\/secure.gravatar.com\/avatar\/3ea2118a5f7dad2b7138b1187a6b7ee55f160b9968b66013c3a3ef39dd7e5798?s=96&d=mm&r=g","contentUrl":"https:\/\/secure.gravatar.com\/avatar\/3ea2118a5f7dad2b7138b1187a6b7ee55f160b9968b66013c3a3ef39dd7e5798?s=96&d=mm&r=g","caption":"Jeanette"},"sameAs":["https:\/\/www.eldiario.net\/portal"],"url":"https:\/\/www.eldiario.net\/portal\/author\/jeanette\/"}]}},"_links":{"self":[{"href":"https:\/\/www.eldiario.net\/portal\/wp-json\/wp\/v2\/posts\/41780","targetHints":{"allow":["GET"]}}],"collection":[{"href":"https:\/\/www.eldiario.net\/portal\/wp-json\/wp\/v2\/posts"}],"about":[{"href":"https:\/\/www.eldiario.net\/portal\/wp-json\/wp\/v2\/types\/post"}],"author":[{"embeddable":true,"href":"https:\/\/www.eldiario.net\/portal\/wp-json\/wp\/v2\/users\/1"}],"replies":[{"embeddable":true,"href":"https:\/\/www.eldiario.net\/portal\/wp-json\/wp\/v2\/comments?post=41780"}],"version-history":[{"count":0,"href":"https:\/\/www.eldiario.net\/portal\/wp-json\/wp\/v2\/posts\/41780\/revisions"}],"wp:attachment":[{"href":"https:\/\/www.eldiario.net\/portal\/wp-json\/wp\/v2\/media?parent=41780"}],"wp:term":[{"taxonomy":"category","embeddable":true,"href":"https:\/\/www.eldiario.net\/portal\/wp-json\/wp\/v2\/categories?post=41780"},{"taxonomy":"post_tag","embeddable":true,"href":"https:\/\/www.eldiario.net\/portal\/wp-json\/wp\/v2\/tags?post=41780"}],"curies":[{"name":"wp","href":"https:\/\/api.w.org\/{rel}","templated":true}]}}