{"id":417772,"date":"2026-08-01T06:54:00","date_gmt":"2026-08-01T10:54:00","guid":{"rendered":"https:\/\/www.eldiario.net\/portal\/?p=417772"},"modified":"2026-08-01T06:54:00","modified_gmt":"2026-08-01T10:54:00","slug":"la-inteligencia-artificial-en-fase-critica-en-europa","status":"publish","type":"post","link":"https:\/\/www.eldiario.net\/portal\/2026\/08\/01\/la-inteligencia-artificial-en-fase-critica-en-europa\/","title":{"rendered":"La Inteligencia Artificial en fase cr\u00edtica en Europa"},"content":{"rendered":"<p class=\"v1MsoNormal\">La inteligencia artificial entra en una fase cr\u00edtica en Europa y la mayor\u00eda de las obligaciones previstas en el Reglamento Europeo -primera ley del mundo que regula el uso de estos sistemas- entran en vigor el pr\u00f3ximo d\u00eda 2 de agosto.<\/p>\n<p class=\"v1MsoNormal\">La norma europea, que se aprob\u00f3 en 2024 y prev\u00e9 una implementaci\u00f3n escalonada hasta 2028, establece un marco com\u00fan para que la IA se utilice en la UE de forma segura, transparente y respetuosa con los derechos fundamentales, y exige un control t\u00e9cnico y \u00e9tico de todas estas herramientas para mitigar los riesgos.<\/p>\n<p class=\"v1MsoNormal\">El r\u00e9gimen sancionador prev\u00e9 multas millonarias: hasta 35 millones de euros en el caso de las muy graves, por utilizar por ejemplo sistemas de IA prohibidos; o de 15 millones en el caso de las graves, por incumplimientos relacionados con los sistemas catalogados como \u00abde alto riesgo\u00bb.<\/p>\n<p class=\"v1MsoNormal\">Uno de los aspectos m\u00e1s relevantes de esta nueva etapa es el r\u00e9gimen sancionador, que contempla multas de hasta 35 millones de euros -o un porcentaje significativo de la facturaci\u00f3n global de la empresa, en determinados casos- para quienes utilicen sistemas prohibidos. Las infracciones relacionadas con herramientas consideradas de alto riesgo tambi\u00e9n podr\u00e1n acarrear sanciones de hasta 15 millones de euros.<\/p>\n<p class=\"v1MsoNormal\">Desde el a\u00f1o pasado ya est\u00e1n vetadas en la Uni\u00f3n Europea determinadas aplicaciones de inteligencia artificial consideradas de riesgo inaceptable. Entre ellas figuran los sistemas que manipulan el comportamiento de las personas mediante t\u00e9cnicas enga\u00f1osas, los que aprovechan la vulnerabilidad de menores o personas con discapacidad, los que realizan una clasificaci\u00f3n biom\u00e9trica para deducir aspectos como la religi\u00f3n o la orientaci\u00f3n sexual, o los modelos basados en sistemas de \u00abpuntuaci\u00f3n social\u00bb.<\/p>\n<p class=\"v1MsoNormal\">Tambi\u00e9n permanecen prohibidas tecnolog\u00edas como el reconocimiento biom\u00e9trico en tiempo real en espacios p\u00fablicos con fines policiales, la recopilaci\u00f3n masiva de im\u00e1genes para crear bases de datos faciales o las herramientas capaces de analizar emociones en centros educativos y lugares de trabajo.<\/p>\n<p class=\"v1MsoNormal\">La regulaci\u00f3n seguir\u00e1 ampli\u00e1ndose en los pr\u00f3ximos meses. Desde diciembre quedar\u00e1n expresamente prohibidos algunos de los usos m\u00e1s controvertidos de la inteligencia artificial generativa, entre ellos la creaci\u00f3n de &#8216;deepfakes&#8217; sexuales sin consentimiento y cualquier sistema dise\u00f1ado para generar material de pornograf\u00eda infantil.<\/p>\n<p class=\"v1MsoNormal\">Aunque el 2 de agosto marca un punto de inflexi\u00f3n, no todas las obligaciones entrar\u00e1n en vigor al mismo tiempo. La Comisi\u00f3n Europea ha decidido aplazar hasta diciembre de 2027 parte de los requisitos aplicables a los sistemas clasificados como de alto riesgo, como aquellos utilizados para seleccionar candidatos en procesos de empleo, evaluar estudiantes, conceder cr\u00e9ditos o calcular primas de seguros.<\/p>\n<p class=\"v1MsoNormal\">S\u00ed ser\u00e1 obligatorio, en cambio, informar al usuario cuando est\u00e9 interactuando con una inteligencia artificial. Sin embargo, el etiquetado espec\u00edfico de los contenidos creados mediante IA, como im\u00e1genes, v\u00eddeos o audios sint\u00e9ticos, no ser\u00e1 exigible hasta finales de este a\u00f1o para determinados sistemas.<\/p>\n<p class=\"v1MsoNormal\">La implantaci\u00f3n completa del reglamento culminar\u00e1 en agosto de 2028, cuando entren en vigor las obligaciones para los sistemas de inteligencia artificial integrados en productos regulados, como dispositivos m\u00e9dicos, veh\u00edculos con asistentes de conducci\u00f3n, juguetes inteligentes o herramientas vinculadas a la navegaci\u00f3n a\u00e9rea.<\/p>\n<p class=\"v1MsoNormal\">En paralelo, Espa\u00f1a avanza en la adaptaci\u00f3n de esta normativa europea con un proyecto de ley que definir\u00e1 c\u00f3mo se aplicar\u00e1n estas reglas en el \u00e1mbito nacional, qu\u00e9 organismos supervisar\u00e1n su cumplimiento y cu\u00e1l ser\u00e1 el procedimiento sancionador, sin crear un marco distinto al fijado por Bruselas.<\/p>\n<p class=\"v1MsoNormal\">Los expertos coinciden en que el principal reto ser\u00e1 encontrar el equilibrio entre la protecci\u00f3n de los ciudadanos y el impulso a la innovaci\u00f3n. Mientras algunos consideran que unas reglas claras reforzar\u00e1n la confianza en la inteligencia artificial desarrollada en Europa, otros advierten de que la velocidad con la que evoluciona esta tecnolog\u00eda podr\u00eda dejar obsoletas algunas de las disposiciones actuales en pocos a\u00f1os. (Agencias)<\/p>\n<p class=\"v1MsoNormal\">\n","protected":false},"excerpt":{"rendered":"<p>La inteligencia artificial entra en una fase cr\u00edtica en Europa y la mayor\u00eda de las obligaciones previstas en el Reglamento Europeo -primera ley del mundo que regula el uso de estos sistemas- entran en vigor el pr\u00f3ximo d\u00eda 2 de agosto. La norma europea, que se aprob\u00f3 en 2024 y prev\u00e9 una implementaci\u00f3n escalonada hasta [&hellip;]<\/p>\n","protected":false},"author":1,"featured_media":417773,"comment_status":"closed","ping_status":"open","sticky":false,"template":"","format":"standard","meta":{"_acf_changed":false,"footnotes":""},"categories":[15],"tags":[],"class_list":["post-417772","post","type-post","status-publish","format-standard","has-post-thumbnail","category-portada"],"acf":{"antetitulo":"El 2 de agosto marcar\u00e1 un hito"},"yoast_head":"<!-- This site is optimized with the Yoast SEO plugin v28.4 - https:\/\/yoast.com\/product\/yoast-seo-wordpress\/ -->\n<title>La Inteligencia Artificial en fase cr\u00edtica en Europa - El Diario - Bolivia<\/title>\n<meta name=\"robots\" content=\"index, follow, max-snippet:-1, max-image-preview:large, max-video-preview:-1\" \/>\n<link rel=\"canonical\" href=\"https:\/\/www.eldiario.net\/portal\/2026\/08\/01\/la-inteligencia-artificial-en-fase-critica-en-europa\/\" \/>\n<meta property=\"og:locale\" content=\"es_ES\" \/>\n<meta property=\"og:type\" content=\"article\" \/>\n<meta property=\"og:title\" content=\"La Inteligencia Artificial en fase cr\u00edtica en Europa - El Diario - Bolivia\" \/>\n<meta property=\"og:description\" content=\"La inteligencia artificial entra en una fase cr\u00edtica en Europa y la mayor\u00eda de las obligaciones previstas en el Reglamento Europeo -primera ley del mundo que regula el uso de estos sistemas- entran en vigor el pr\u00f3ximo d\u00eda 2 de agosto. La norma europea, que se aprob\u00f3 en 2024 y prev\u00e9 una implementaci\u00f3n escalonada hasta [&hellip;]\" \/>\n<meta property=\"og:url\" content=\"https:\/\/www.eldiario.net\/portal\/2026\/08\/01\/la-inteligencia-artificial-en-fase-critica-en-europa\/\" \/>\n<meta property=\"og:site_name\" content=\"El Diario - Bolivia\" \/>\n<meta property=\"article:publisher\" content=\"https:\/\/www.facebook.com\/eldiario.bolivia\/\" \/>\n<meta property=\"article:published_time\" content=\"2026-08-01T10:54:00+00:00\" \/>\n<meta property=\"og:image\" content=\"https:\/\/www.eldiario.net\/portal\/wp-content\/uploads\/2026\/08\/IA-abc-10-cm-x-8.webp\" \/>\n\t<meta property=\"og:image:width\" content=\"400\" \/>\n\t<meta property=\"og:image:height\" content=\"225\" \/>\n\t<meta property=\"og:image:type\" content=\"image\/webp\" \/>\n<meta name=\"author\" content=\"Jeanette\" \/>\n<meta name=\"twitter:card\" content=\"summary_large_image\" \/>\n<meta name=\"twitter:creator\" content=\"@eldiario_net\" \/>\n<meta name=\"twitter:site\" content=\"@eldiario_net\" \/>\n<meta name=\"twitter:label1\" content=\"Escrito por\" \/>\n\t<meta name=\"twitter:data1\" content=\"Jeanette\" \/>\n\t<meta name=\"twitter:label2\" content=\"Tiempo de lectura\" \/>\n\t<meta name=\"twitter:data2\" content=\"4 minutos\" \/>\n<script type=\"application\/ld+json\" class=\"yoast-schema-graph\">{\"@context\":\"https:\\\/\\\/schema.org\",\"@graph\":[{\"@type\":\"Article\",\"@id\":\"https:\\\/\\\/www.eldiario.net\\\/portal\\\/2026\\\/08\\\/01\\\/la-inteligencia-artificial-en-fase-critica-en-europa\\\/#article\",\"isPartOf\":{\"@id\":\"https:\\\/\\\/www.eldiario.net\\\/portal\\\/2026\\\/08\\\/01\\\/la-inteligencia-artificial-en-fase-critica-en-europa\\\/\"},\"author\":{\"name\":\"Jeanette\",\"@id\":\"https:\\\/\\\/www.eldiario.net\\\/portal\\\/#\\\/schema\\\/person\\\/f46445640444750d7d753ccd04ae01b7\"},\"headline\":\"La Inteligencia Artificial en fase cr\u00edtica en Europa\",\"datePublished\":\"2026-08-01T10:54:00+00:00\",\"mainEntityOfPage\":{\"@id\":\"https:\\\/\\\/www.eldiario.net\\\/portal\\\/2026\\\/08\\\/01\\\/la-inteligencia-artificial-en-fase-critica-en-europa\\\/\"},\"wordCount\":681,\"publisher\":{\"@id\":\"https:\\\/\\\/www.eldiario.net\\\/portal\\\/#organization\"},\"image\":{\"@id\":\"https:\\\/\\\/www.eldiario.net\\\/portal\\\/2026\\\/08\\\/01\\\/la-inteligencia-artificial-en-fase-critica-en-europa\\\/#primaryimage\"},\"thumbnailUrl\":\"https:\\\/\\\/www.eldiario.net\\\/portal\\\/wp-content\\\/uploads\\\/2026\\\/08\\\/IA-abc-10-cm-x-8.webp\",\"articleSection\":[\"Portada\"],\"inLanguage\":\"es\"},{\"@type\":\"WebPage\",\"@id\":\"https:\\\/\\\/www.eldiario.net\\\/portal\\\/2026\\\/08\\\/01\\\/la-inteligencia-artificial-en-fase-critica-en-europa\\\/\",\"url\":\"https:\\\/\\\/www.eldiario.net\\\/portal\\\/2026\\\/08\\\/01\\\/la-inteligencia-artificial-en-fase-critica-en-europa\\\/\",\"name\":\"La Inteligencia Artificial en fase cr\u00edtica en Europa - El Diario - Bolivia\",\"isPartOf\":{\"@id\":\"https:\\\/\\\/www.eldiario.net\\\/portal\\\/#website\"},\"primaryImageOfPage\":{\"@id\":\"https:\\\/\\\/www.eldiario.net\\\/portal\\\/2026\\\/08\\\/01\\\/la-inteligencia-artificial-en-fase-critica-en-europa\\\/#primaryimage\"},\"image\":{\"@id\":\"https:\\\/\\\/www.eldiario.net\\\/portal\\\/2026\\\/08\\\/01\\\/la-inteligencia-artificial-en-fase-critica-en-europa\\\/#primaryimage\"},\"thumbnailUrl\":\"https:\\\/\\\/www.eldiario.net\\\/portal\\\/wp-content\\\/uploads\\\/2026\\\/08\\\/IA-abc-10-cm-x-8.webp\",\"datePublished\":\"2026-08-01T10:54:00+00:00\",\"breadcrumb\":{\"@id\":\"https:\\\/\\\/www.eldiario.net\\\/portal\\\/2026\\\/08\\\/01\\\/la-inteligencia-artificial-en-fase-critica-en-europa\\\/#breadcrumb\"},\"inLanguage\":\"es\",\"potentialAction\":[{\"@type\":\"ReadAction\",\"target\":[\"https:\\\/\\\/www.eldiario.net\\\/portal\\\/2026\\\/08\\\/01\\\/la-inteligencia-artificial-en-fase-critica-en-europa\\\/\"]}]},{\"@type\":\"ImageObject\",\"inLanguage\":\"es\",\"@id\":\"https:\\\/\\\/www.eldiario.net\\\/portal\\\/2026\\\/08\\\/01\\\/la-inteligencia-artificial-en-fase-critica-en-europa\\\/#primaryimage\",\"url\":\"https:\\\/\\\/www.eldiario.net\\\/portal\\\/wp-content\\\/uploads\\\/2026\\\/08\\\/IA-abc-10-cm-x-8.webp\",\"contentUrl\":\"https:\\\/\\\/www.eldiario.net\\\/portal\\\/wp-content\\\/uploads\\\/2026\\\/08\\\/IA-abc-10-cm-x-8.webp\",\"width\":400,\"height\":225,\"caption\":\"IA en Europa: obligaciones clave que entran en vigor muy pronto.\"},{\"@type\":\"BreadcrumbList\",\"@id\":\"https:\\\/\\\/www.eldiario.net\\\/portal\\\/2026\\\/08\\\/01\\\/la-inteligencia-artificial-en-fase-critica-en-europa\\\/#breadcrumb\",\"itemListElement\":[{\"@type\":\"ListItem\",\"position\":1,\"name\":\"Portada\",\"item\":\"https:\\\/\\\/www.eldiario.net\\\/portal\\\/\"},{\"@type\":\"ListItem\",\"position\":2,\"name\":\"La Inteligencia Artificial en fase cr\u00edtica en Europa\"}]},{\"@type\":\"WebSite\",\"@id\":\"https:\\\/\\\/www.eldiario.net\\\/portal\\\/#website\",\"url\":\"https:\\\/\\\/www.eldiario.net\\\/portal\\\/\",\"name\":\"El Diario - Decano de la prensa nacional\",\"description\":\"El Diario - Decano de la prensa nacional\",\"publisher\":{\"@id\":\"https:\\\/\\\/www.eldiario.net\\\/portal\\\/#organization\"},\"potentialAction\":[{\"@type\":\"SearchAction\",\"target\":{\"@type\":\"EntryPoint\",\"urlTemplate\":\"https:\\\/\\\/www.eldiario.net\\\/portal\\\/?s={search_term_string}\"},\"query-input\":{\"@type\":\"PropertyValueSpecification\",\"valueRequired\":true,\"valueName\":\"search_term_string\"}}],\"inLanguage\":\"es\"},{\"@type\":\"Organization\",\"@id\":\"https:\\\/\\\/www.eldiario.net\\\/portal\\\/#organization\",\"name\":\"El Diario - Decano de la prensa nacional\",\"url\":\"https:\\\/\\\/www.eldiario.net\\\/portal\\\/\",\"logo\":{\"@type\":\"ImageObject\",\"inLanguage\":\"es\",\"@id\":\"https:\\\/\\\/www.eldiario.net\\\/portal\\\/#\\\/schema\\\/logo\\\/image\\\/\",\"url\":\"https:\\\/\\\/www.eldiario.net\\\/portal\\\/wp-content\\\/uploads\\\/2023\\\/07\\\/logo_ED.jpg\",\"contentUrl\":\"https:\\\/\\\/www.eldiario.net\\\/portal\\\/wp-content\\\/uploads\\\/2023\\\/07\\\/logo_ED.jpg\",\"width\":272,\"height\":52,\"caption\":\"El Diario - Decano de la prensa nacional\"},\"image\":{\"@id\":\"https:\\\/\\\/www.eldiario.net\\\/portal\\\/#\\\/schema\\\/logo\\\/image\\\/\"},\"sameAs\":[\"https:\\\/\\\/www.facebook.com\\\/eldiario.bolivia\\\/\",\"https:\\\/\\\/x.com\\\/eldiario_net\"]},{\"@type\":\"Person\",\"@id\":\"https:\\\/\\\/www.eldiario.net\\\/portal\\\/#\\\/schema\\\/person\\\/f46445640444750d7d753ccd04ae01b7\",\"name\":\"Jeanette\",\"image\":{\"@type\":\"ImageObject\",\"inLanguage\":\"es\",\"@id\":\"https:\\\/\\\/secure.gravatar.com\\\/avatar\\\/3ea2118a5f7dad2b7138b1187a6b7ee55f160b9968b66013c3a3ef39dd7e5798?s=96&d=mm&r=g\",\"url\":\"https:\\\/\\\/secure.gravatar.com\\\/avatar\\\/3ea2118a5f7dad2b7138b1187a6b7ee55f160b9968b66013c3a3ef39dd7e5798?s=96&d=mm&r=g\",\"contentUrl\":\"https:\\\/\\\/secure.gravatar.com\\\/avatar\\\/3ea2118a5f7dad2b7138b1187a6b7ee55f160b9968b66013c3a3ef39dd7e5798?s=96&d=mm&r=g\",\"caption\":\"Jeanette\"},\"sameAs\":[\"https:\\\/\\\/www.eldiario.net\\\/portal\"],\"url\":\"https:\\\/\\\/www.eldiario.net\\\/portal\\\/author\\\/jeanette\\\/\"}]}<\/script>\n<!-- \/ Yoast SEO plugin. -->","yoast_head_json":{"title":"La Inteligencia Artificial en fase cr\u00edtica en Europa - El Diario - Bolivia","robots":{"index":"index","follow":"follow","max-snippet":"max-snippet:-1","max-image-preview":"max-image-preview:large","max-video-preview":"max-video-preview:-1"},"canonical":"https:\/\/www.eldiario.net\/portal\/2026\/08\/01\/la-inteligencia-artificial-en-fase-critica-en-europa\/","og_locale":"es_ES","og_type":"article","og_title":"La Inteligencia Artificial en fase cr\u00edtica en Europa - El Diario - Bolivia","og_description":"La inteligencia artificial entra en una fase cr\u00edtica en Europa y la mayor\u00eda de las obligaciones previstas en el Reglamento Europeo -primera ley del mundo que regula el uso de estos sistemas- entran en vigor el pr\u00f3ximo d\u00eda 2 de agosto. La norma europea, que se aprob\u00f3 en 2024 y prev\u00e9 una implementaci\u00f3n escalonada hasta [&hellip;]","og_url":"https:\/\/www.eldiario.net\/portal\/2026\/08\/01\/la-inteligencia-artificial-en-fase-critica-en-europa\/","og_site_name":"El Diario - Bolivia","article_publisher":"https:\/\/www.facebook.com\/eldiario.bolivia\/","article_published_time":"2026-08-01T10:54:00+00:00","og_image":[{"width":400,"height":225,"url":"https:\/\/www.eldiario.net\/portal\/wp-content\/uploads\/2026\/08\/IA-abc-10-cm-x-8.webp","type":"image\/webp"}],"author":"Jeanette","twitter_card":"summary_large_image","twitter_creator":"@eldiario_net","twitter_site":"@eldiario_net","twitter_misc":{"Escrito por":"Jeanette","Tiempo de lectura":"4 minutos"},"schema":{"@context":"https:\/\/schema.org","@graph":[{"@type":"Article","@id":"https:\/\/www.eldiario.net\/portal\/2026\/08\/01\/la-inteligencia-artificial-en-fase-critica-en-europa\/#article","isPartOf":{"@id":"https:\/\/www.eldiario.net\/portal\/2026\/08\/01\/la-inteligencia-artificial-en-fase-critica-en-europa\/"},"author":{"name":"Jeanette","@id":"https:\/\/www.eldiario.net\/portal\/#\/schema\/person\/f46445640444750d7d753ccd04ae01b7"},"headline":"La Inteligencia Artificial en fase cr\u00edtica en Europa","datePublished":"2026-08-01T10:54:00+00:00","mainEntityOfPage":{"@id":"https:\/\/www.eldiario.net\/portal\/2026\/08\/01\/la-inteligencia-artificial-en-fase-critica-en-europa\/"},"wordCount":681,"publisher":{"@id":"https:\/\/www.eldiario.net\/portal\/#organization"},"image":{"@id":"https:\/\/www.eldiario.net\/portal\/2026\/08\/01\/la-inteligencia-artificial-en-fase-critica-en-europa\/#primaryimage"},"thumbnailUrl":"https:\/\/www.eldiario.net\/portal\/wp-content\/uploads\/2026\/08\/IA-abc-10-cm-x-8.webp","articleSection":["Portada"],"inLanguage":"es"},{"@type":"WebPage","@id":"https:\/\/www.eldiario.net\/portal\/2026\/08\/01\/la-inteligencia-artificial-en-fase-critica-en-europa\/","url":"https:\/\/www.eldiario.net\/portal\/2026\/08\/01\/la-inteligencia-artificial-en-fase-critica-en-europa\/","name":"La Inteligencia Artificial en fase cr\u00edtica en Europa - El Diario - Bolivia","isPartOf":{"@id":"https:\/\/www.eldiario.net\/portal\/#website"},"primaryImageOfPage":{"@id":"https:\/\/www.eldiario.net\/portal\/2026\/08\/01\/la-inteligencia-artificial-en-fase-critica-en-europa\/#primaryimage"},"image":{"@id":"https:\/\/www.eldiario.net\/portal\/2026\/08\/01\/la-inteligencia-artificial-en-fase-critica-en-europa\/#primaryimage"},"thumbnailUrl":"https:\/\/www.eldiario.net\/portal\/wp-content\/uploads\/2026\/08\/IA-abc-10-cm-x-8.webp","datePublished":"2026-08-01T10:54:00+00:00","breadcrumb":{"@id":"https:\/\/www.eldiario.net\/portal\/2026\/08\/01\/la-inteligencia-artificial-en-fase-critica-en-europa\/#breadcrumb"},"inLanguage":"es","potentialAction":[{"@type":"ReadAction","target":["https:\/\/www.eldiario.net\/portal\/2026\/08\/01\/la-inteligencia-artificial-en-fase-critica-en-europa\/"]}]},{"@type":"ImageObject","inLanguage":"es","@id":"https:\/\/www.eldiario.net\/portal\/2026\/08\/01\/la-inteligencia-artificial-en-fase-critica-en-europa\/#primaryimage","url":"https:\/\/www.eldiario.net\/portal\/wp-content\/uploads\/2026\/08\/IA-abc-10-cm-x-8.webp","contentUrl":"https:\/\/www.eldiario.net\/portal\/wp-content\/uploads\/2026\/08\/IA-abc-10-cm-x-8.webp","width":400,"height":225,"caption":"IA en Europa: obligaciones clave que entran en vigor muy pronto."},{"@type":"BreadcrumbList","@id":"https:\/\/www.eldiario.net\/portal\/2026\/08\/01\/la-inteligencia-artificial-en-fase-critica-en-europa\/#breadcrumb","itemListElement":[{"@type":"ListItem","position":1,"name":"Portada","item":"https:\/\/www.eldiario.net\/portal\/"},{"@type":"ListItem","position":2,"name":"La Inteligencia Artificial en fase cr\u00edtica en Europa"}]},{"@type":"WebSite","@id":"https:\/\/www.eldiario.net\/portal\/#website","url":"https:\/\/www.eldiario.net\/portal\/","name":"El Diario - Decano de la prensa nacional","description":"El Diario - Decano de la prensa nacional","publisher":{"@id":"https:\/\/www.eldiario.net\/portal\/#organization"},"potentialAction":[{"@type":"SearchAction","target":{"@type":"EntryPoint","urlTemplate":"https:\/\/www.eldiario.net\/portal\/?s={search_term_string}"},"query-input":{"@type":"PropertyValueSpecification","valueRequired":true,"valueName":"search_term_string"}}],"inLanguage":"es"},{"@type":"Organization","@id":"https:\/\/www.eldiario.net\/portal\/#organization","name":"El Diario - Decano de la prensa nacional","url":"https:\/\/www.eldiario.net\/portal\/","logo":{"@type":"ImageObject","inLanguage":"es","@id":"https:\/\/www.eldiario.net\/portal\/#\/schema\/logo\/image\/","url":"https:\/\/www.eldiario.net\/portal\/wp-content\/uploads\/2023\/07\/logo_ED.jpg","contentUrl":"https:\/\/www.eldiario.net\/portal\/wp-content\/uploads\/2023\/07\/logo_ED.jpg","width":272,"height":52,"caption":"El Diario - Decano de la prensa nacional"},"image":{"@id":"https:\/\/www.eldiario.net\/portal\/#\/schema\/logo\/image\/"},"sameAs":["https:\/\/www.facebook.com\/eldiario.bolivia\/","https:\/\/x.com\/eldiario_net"]},{"@type":"Person","@id":"https:\/\/www.eldiario.net\/portal\/#\/schema\/person\/f46445640444750d7d753ccd04ae01b7","name":"Jeanette","image":{"@type":"ImageObject","inLanguage":"es","@id":"https:\/\/secure.gravatar.com\/avatar\/3ea2118a5f7dad2b7138b1187a6b7ee55f160b9968b66013c3a3ef39dd7e5798?s=96&d=mm&r=g","url":"https:\/\/secure.gravatar.com\/avatar\/3ea2118a5f7dad2b7138b1187a6b7ee55f160b9968b66013c3a3ef39dd7e5798?s=96&d=mm&r=g","contentUrl":"https:\/\/secure.gravatar.com\/avatar\/3ea2118a5f7dad2b7138b1187a6b7ee55f160b9968b66013c3a3ef39dd7e5798?s=96&d=mm&r=g","caption":"Jeanette"},"sameAs":["https:\/\/www.eldiario.net\/portal"],"url":"https:\/\/www.eldiario.net\/portal\/author\/jeanette\/"}]}},"_links":{"self":[{"href":"https:\/\/www.eldiario.net\/portal\/wp-json\/wp\/v2\/posts\/417772","targetHints":{"allow":["GET"]}}],"collection":[{"href":"https:\/\/www.eldiario.net\/portal\/wp-json\/wp\/v2\/posts"}],"about":[{"href":"https:\/\/www.eldiario.net\/portal\/wp-json\/wp\/v2\/types\/post"}],"author":[{"embeddable":true,"href":"https:\/\/www.eldiario.net\/portal\/wp-json\/wp\/v2\/users\/1"}],"replies":[{"embeddable":true,"href":"https:\/\/www.eldiario.net\/portal\/wp-json\/wp\/v2\/comments?post=417772"}],"version-history":[{"count":1,"href":"https:\/\/www.eldiario.net\/portal\/wp-json\/wp\/v2\/posts\/417772\/revisions"}],"predecessor-version":[{"id":417774,"href":"https:\/\/www.eldiario.net\/portal\/wp-json\/wp\/v2\/posts\/417772\/revisions\/417774"}],"wp:featuredmedia":[{"embeddable":true,"href":"https:\/\/www.eldiario.net\/portal\/wp-json\/wp\/v2\/media\/417773"}],"wp:attachment":[{"href":"https:\/\/www.eldiario.net\/portal\/wp-json\/wp\/v2\/media?parent=417772"}],"wp:term":[{"taxonomy":"category","embeddable":true,"href":"https:\/\/www.eldiario.net\/portal\/wp-json\/wp\/v2\/categories?post=417772"},{"taxonomy":"post_tag","embeddable":true,"href":"https:\/\/www.eldiario.net\/portal\/wp-json\/wp\/v2\/tags?post=417772"}],"curies":[{"name":"wp","href":"https:\/\/api.w.org\/{rel}","templated":true}]}}