{"id":41776,"date":"2021-11-09T04:49:33","date_gmt":"2021-11-09T08:49:33","guid":{"rendered":"https:\/\/www.eldiario.net\/portal\/?p=41776"},"modified":"2021-11-09T04:49:33","modified_gmt":"2021-11-09T08:49:33","slug":"daniel-ortega-gana-elecciones-alejandose-de-la-democracia","status":"publish","type":"post","link":"https:\/\/www.eldiario.net\/portal\/2021\/11\/09\/daniel-ortega-gana-elecciones-alejandose-de-la-democracia\/","title":{"rendered":"Daniel Ortega gana elecciones   alej\u00e1ndose de la democracia"},"content":{"rendered":"<p>San Jos\u00e9.- Daniel Ortega consigui\u00f3 f\u00e1cilmente un cuarto mandato consecutivo como presidente de Nicaragua, mostraron los primeros resultados ayer, luego de que el exguerrillero reprimiera a sus rivales pol\u00edticos en una votaci\u00f3n que los cr\u00edticos tildaron de manipulada pero que obtuvo el reconocimiento de Rusia.<\/p>\n<p>El Consejo Supremo Electoral de Nicaragua inform\u00f3 que, con cerca de la mitad de los votos contados, un recuento preliminar le dio a la alianza sandinista de Ortega alrededor del 75% de los sufragios en la elecci\u00f3n presidencial.<\/p>\n<p>La Uni\u00f3n Europea (UE) rechaz\u00f3 los resultados y dijo que las elecciones \u00abcompletan la conversi\u00f3n de Nicaragua en un r\u00e9gimen autocr\u00e1tico\u00bb, despu\u00e9s de que Ortega detuvo a opositores y l\u00edderes empresariales, cancel\u00f3 partidos rivales y criminaliz\u00f3 la disidencia durante meses.<\/p>\n<p>Pero el ministro de Relaciones Exteriores de Rusia, Sergei Lavrov, respald\u00f3 a Ortega y afirm\u00f3 que los pedidos de Estados Unidos para que los pa\u00edses no reconozcan el resultado eran \u00abinaceptables\u00bb.<\/p>\n<p>En una declaraci\u00f3n emitida antes de que se anunciara el recuento, el presidente de Estados Unidos, Joe Biden, se\u00f1al\u00f3 que Ortega y su esposa, la vicepresidenta Rosario Murillo, hab\u00edan orquestado una \u00abpantomima de elecciones que no fueron ni libres ni justas\u00bb.<\/p>\n<p>Ortega, un exrebelde marxista que ayud\u00f3 a derrocar la dictadura derechista de la familia Somoza a fines de los a\u00f1os 70, dijo que est\u00e1 defendiendo a su pa\u00eds contra adversarios sin escr\u00fapulos empe\u00f1ados en derrocarlo con la ayuda de potencias extranjeras.<\/p>\n<p>Su gobierno ha aprobado una serie de leyes que facilitan el enjuiciamiento de los opositores por delitos como \u00abtraici\u00f3n a la patria\u00bb.<\/p>\n<p>Ortega, que en la d\u00e9cada de 1980 gobern\u00f3 durante un solo mandato como presidente antes de perder en las elecciones y que regres\u00f3 al cargo en 2007, es el l\u00edder que m\u00e1s a\u00f1os lleva en el cargo en Am\u00e9rica y las autoridades estadounidenses est\u00e1n evaluando nuevas sanciones contra su gobierno y una revisi\u00f3n del papel de Nicaragua en un pacto comercial regional clave.<\/p>\n<p>Biden pidi\u00f3 al gobernante centroamericano que restaure la democracia y libere a los l\u00edderes opositores detenidos. Hasta que eso suceda.<\/p>\n<p>Estados Unidos usar\u00e1 todas las \u00abherramientas diplom\u00e1ticas y econ\u00f3micas\u00bb disponibles para hacer que la administraci\u00f3n de Ortega rinda cuentas, advirti\u00f3 Biden.<\/p>\n<p>Solo cinco candidatos poco conocidos de partidos en su mayor\u00eda peque\u00f1os aliados de los sandinistas de Ortega compitieron en su contra en los comicios. El Consejo Supremo Electoral dijo que la participaci\u00f3n fue del 65%.<\/p>\n<p>A los observadores electorales de la UE y la Organizaci\u00f3n de Estados Americanos (OEA) no se les permiti\u00f3 escudri\u00f1ar la votaci\u00f3n y se les prohibi\u00f3 la entrada al pa\u00eds a los periodistas. (Reuters)<\/p>\n","protected":false},"excerpt":{"rendered":"<p>San Jos\u00e9.- Daniel Ortega consigui\u00f3 f\u00e1cilmente un cuarto mandato consecutivo como presidente de Nicaragua, mostraron los primeros resultados ayer, luego de que el exguerrillero reprimiera a sus rivales pol\u00edticos en una votaci\u00f3n que los cr\u00edticos tildaron de manipulada pero que obtuvo el reconocimiento de Rusia. El Consejo Supremo Electoral de Nicaragua inform\u00f3 que, con cerca [&hellip;]<\/p>\n","protected":false},"author":1,"featured_media":41777,"comment_status":"closed","ping_status":"closed","sticky":false,"template":"","format":"standard","meta":{"_acf_changed":false,"footnotes":""},"categories":[3],"tags":[],"class_list":["post-41776","post","type-post","status-publish","format-standard","has-post-thumbnail","category-internacional"],"acf":{"antetitulo":""},"yoast_head":"<!-- This site is optimized with the Yoast SEO plugin v28.4 - https:\/\/yoast.com\/product\/yoast-seo-wordpress\/ -->\n<title>Daniel Ortega gana elecciones  alej\u00e1ndose de la democracia - El Diario - Bolivia<\/title>\n<meta name=\"robots\" content=\"index, follow, max-snippet:-1, max-image-preview:large, max-video-preview:-1\" \/>\n<link rel=\"canonical\" href=\"https:\/\/www.eldiario.net\/portal\/2021\/11\/09\/daniel-ortega-gana-elecciones-alejandose-de-la-democracia\/\" \/>\n<meta property=\"og:locale\" content=\"es_ES\" \/>\n<meta property=\"og:type\" content=\"article\" \/>\n<meta property=\"og:title\" content=\"Daniel Ortega gana elecciones  alej\u00e1ndose de la democracia - El Diario - Bolivia\" \/>\n<meta property=\"og:description\" content=\"San Jos\u00e9.- Daniel Ortega consigui\u00f3 f\u00e1cilmente un cuarto mandato consecutivo como presidente de Nicaragua, mostraron los primeros resultados ayer, luego de que el exguerrillero reprimiera a sus rivales pol\u00edticos en una votaci\u00f3n que los cr\u00edticos tildaron de manipulada pero que obtuvo el reconocimiento de Rusia. El Consejo Supremo Electoral de Nicaragua inform\u00f3 que, con cerca [&hellip;]\" \/>\n<meta property=\"og:url\" content=\"https:\/\/www.eldiario.net\/portal\/2021\/11\/09\/daniel-ortega-gana-elecciones-alejandose-de-la-democracia\/\" \/>\n<meta property=\"og:site_name\" content=\"El Diario - Bolivia\" \/>\n<meta property=\"article:publisher\" content=\"https:\/\/www.facebook.com\/eldiario.bolivia\/\" \/>\n<meta property=\"article:published_time\" content=\"2021-11-09T08:49:33+00:00\" \/>\n<meta name=\"author\" content=\"Jeanette\" \/>\n<meta name=\"twitter:card\" content=\"summary_large_image\" \/>\n<meta name=\"twitter:creator\" content=\"@eldiario_net\" \/>\n<meta name=\"twitter:site\" content=\"@eldiario_net\" \/>\n<meta name=\"twitter:label1\" content=\"Escrito por\" \/>\n\t<meta name=\"twitter:data1\" content=\"Jeanette\" \/>\n\t<meta name=\"twitter:label2\" content=\"Tiempo de lectura\" \/>\n\t<meta name=\"twitter:data2\" content=\"2 minutos\" \/>\n<script type=\"application\/ld+json\" class=\"yoast-schema-graph\">{\"@context\":\"https:\\\/\\\/schema.org\",\"@graph\":[{\"@type\":\"Article\",\"@id\":\"https:\\\/\\\/www.eldiario.net\\\/portal\\\/2021\\\/11\\\/09\\\/daniel-ortega-gana-elecciones-alejandose-de-la-democracia\\\/#article\",\"isPartOf\":{\"@id\":\"https:\\\/\\\/www.eldiario.net\\\/portal\\\/2021\\\/11\\\/09\\\/daniel-ortega-gana-elecciones-alejandose-de-la-democracia\\\/\"},\"author\":{\"name\":\"Jeanette\",\"@id\":\"https:\\\/\\\/www.eldiario.net\\\/portal\\\/#\\\/schema\\\/person\\\/2c57cf2b7a7ae032e449e4c9b1019eac\"},\"headline\":\"Daniel Ortega gana elecciones alej\u00e1ndose de la democracia\",\"datePublished\":\"2021-11-09T08:49:33+00:00\",\"mainEntityOfPage\":{\"@id\":\"https:\\\/\\\/www.eldiario.net\\\/portal\\\/2021\\\/11\\\/09\\\/daniel-ortega-gana-elecciones-alejandose-de-la-democracia\\\/\"},\"wordCount\":473,\"publisher\":{\"@id\":\"https:\\\/\\\/www.eldiario.net\\\/portal\\\/#organization\"},\"image\":{\"@id\":\"https:\\\/\\\/www.eldiario.net\\\/portal\\\/2021\\\/11\\\/09\\\/daniel-ortega-gana-elecciones-alejandose-de-la-democracia\\\/#primaryimage\"},\"thumbnailUrl\":\"\",\"articleSection\":[\"Internacional\"],\"inLanguage\":\"es\"},{\"@type\":\"WebPage\",\"@id\":\"https:\\\/\\\/www.eldiario.net\\\/portal\\\/2021\\\/11\\\/09\\\/daniel-ortega-gana-elecciones-alejandose-de-la-democracia\\\/\",\"url\":\"https:\\\/\\\/www.eldiario.net\\\/portal\\\/2021\\\/11\\\/09\\\/daniel-ortega-gana-elecciones-alejandose-de-la-democracia\\\/\",\"name\":\"Daniel Ortega gana elecciones alej\u00e1ndose de la democracia - El Diario - Bolivia\",\"isPartOf\":{\"@id\":\"https:\\\/\\\/www.eldiario.net\\\/portal\\\/#website\"},\"primaryImageOfPage\":{\"@id\":\"https:\\\/\\\/www.eldiario.net\\\/portal\\\/2021\\\/11\\\/09\\\/daniel-ortega-gana-elecciones-alejandose-de-la-democracia\\\/#primaryimage\"},\"image\":{\"@id\":\"https:\\\/\\\/www.eldiario.net\\\/portal\\\/2021\\\/11\\\/09\\\/daniel-ortega-gana-elecciones-alejandose-de-la-democracia\\\/#primaryimage\"},\"thumbnailUrl\":\"\",\"datePublished\":\"2021-11-09T08:49:33+00:00\",\"breadcrumb\":{\"@id\":\"https:\\\/\\\/www.eldiario.net\\\/portal\\\/2021\\\/11\\\/09\\\/daniel-ortega-gana-elecciones-alejandose-de-la-democracia\\\/#breadcrumb\"},\"inLanguage\":\"es\",\"potentialAction\":[{\"@type\":\"ReadAction\",\"target\":[\"https:\\\/\\\/www.eldiario.net\\\/portal\\\/2021\\\/11\\\/09\\\/daniel-ortega-gana-elecciones-alejandose-de-la-democracia\\\/\"]}]},{\"@type\":\"ImageObject\",\"inLanguage\":\"es\",\"@id\":\"https:\\\/\\\/www.eldiario.net\\\/portal\\\/2021\\\/11\\\/09\\\/daniel-ortega-gana-elecciones-alejandose-de-la-democracia\\\/#primaryimage\",\"url\":\"\",\"contentUrl\":\"\"},{\"@type\":\"BreadcrumbList\",\"@id\":\"https:\\\/\\\/www.eldiario.net\\\/portal\\\/2021\\\/11\\\/09\\\/daniel-ortega-gana-elecciones-alejandose-de-la-democracia\\\/#breadcrumb\",\"itemListElement\":[{\"@type\":\"ListItem\",\"position\":1,\"name\":\"Portada\",\"item\":\"https:\\\/\\\/www.eldiario.net\\\/portal\\\/\"},{\"@type\":\"ListItem\",\"position\":2,\"name\":\"Daniel Ortega gana elecciones alej\u00e1ndose de la democracia\"}]},{\"@type\":\"WebSite\",\"@id\":\"https:\\\/\\\/www.eldiario.net\\\/portal\\\/#website\",\"url\":\"https:\\\/\\\/www.eldiario.net\\\/portal\\\/\",\"name\":\"El Diario - Decano de la prensa nacional\",\"description\":\"El Diario - Decano de la prensa nacional\",\"publisher\":{\"@id\":\"https:\\\/\\\/www.eldiario.net\\\/portal\\\/#organization\"},\"potentialAction\":[{\"@type\":\"SearchAction\",\"target\":{\"@type\":\"EntryPoint\",\"urlTemplate\":\"https:\\\/\\\/www.eldiario.net\\\/portal\\\/?s={search_term_string}\"},\"query-input\":{\"@type\":\"PropertyValueSpecification\",\"valueRequired\":true,\"valueName\":\"search_term_string\"}}],\"inLanguage\":\"es\"},{\"@type\":\"Organization\",\"@id\":\"https:\\\/\\\/www.eldiario.net\\\/portal\\\/#organization\",\"name\":\"El Diario - Decano de la prensa nacional\",\"url\":\"https:\\\/\\\/www.eldiario.net\\\/portal\\\/\",\"logo\":{\"@type\":\"ImageObject\",\"inLanguage\":\"es\",\"@id\":\"https:\\\/\\\/www.eldiario.net\\\/portal\\\/#\\\/schema\\\/logo\\\/image\\\/\",\"url\":\"https:\\\/\\\/www.eldiario.net\\\/portal\\\/wp-content\\\/uploads\\\/2023\\\/07\\\/logo_ED.jpg\",\"contentUrl\":\"https:\\\/\\\/www.eldiario.net\\\/portal\\\/wp-content\\\/uploads\\\/2023\\\/07\\\/logo_ED.jpg\",\"width\":272,\"height\":52,\"caption\":\"El Diario - Decano de la prensa nacional\"},\"image\":{\"@id\":\"https:\\\/\\\/www.eldiario.net\\\/portal\\\/#\\\/schema\\\/logo\\\/image\\\/\"},\"sameAs\":[\"https:\\\/\\\/www.facebook.com\\\/eldiario.bolivia\\\/\",\"https:\\\/\\\/x.com\\\/eldiario_net\"]},{\"@type\":\"Person\",\"@id\":\"https:\\\/\\\/www.eldiario.net\\\/portal\\\/#\\\/schema\\\/person\\\/2c57cf2b7a7ae032e449e4c9b1019eac\",\"name\":\"Jeanette\",\"image\":{\"@type\":\"ImageObject\",\"inLanguage\":\"es\",\"@id\":\"https:\\\/\\\/secure.gravatar.com\\\/avatar\\\/3ea2118a5f7dad2b7138b1187a6b7ee55f160b9968b66013c3a3ef39dd7e5798?s=96&d=mm&r=g\",\"url\":\"https:\\\/\\\/secure.gravatar.com\\\/avatar\\\/3ea2118a5f7dad2b7138b1187a6b7ee55f160b9968b66013c3a3ef39dd7e5798?s=96&d=mm&r=g\",\"contentUrl\":\"https:\\\/\\\/secure.gravatar.com\\\/avatar\\\/3ea2118a5f7dad2b7138b1187a6b7ee55f160b9968b66013c3a3ef39dd7e5798?s=96&d=mm&r=g\",\"caption\":\"Jeanette\"},\"sameAs\":[\"https:\\\/\\\/www.eldiario.net\\\/portal\"],\"url\":\"https:\\\/\\\/www.eldiario.net\\\/portal\\\/author\\\/jeanette\\\/\"}]}<\/script>\n<!-- \/ Yoast SEO plugin. -->","yoast_head_json":{"title":"Daniel Ortega gana elecciones  alej\u00e1ndose de la democracia - El Diario - Bolivia","robots":{"index":"index","follow":"follow","max-snippet":"max-snippet:-1","max-image-preview":"max-image-preview:large","max-video-preview":"max-video-preview:-1"},"canonical":"https:\/\/www.eldiario.net\/portal\/2021\/11\/09\/daniel-ortega-gana-elecciones-alejandose-de-la-democracia\/","og_locale":"es_ES","og_type":"article","og_title":"Daniel Ortega gana elecciones  alej\u00e1ndose de la democracia - El Diario - Bolivia","og_description":"San Jos\u00e9.- Daniel Ortega consigui\u00f3 f\u00e1cilmente un cuarto mandato consecutivo como presidente de Nicaragua, mostraron los primeros resultados ayer, luego de que el exguerrillero reprimiera a sus rivales pol\u00edticos en una votaci\u00f3n que los cr\u00edticos tildaron de manipulada pero que obtuvo el reconocimiento de Rusia. El Consejo Supremo Electoral de Nicaragua inform\u00f3 que, con cerca [&hellip;]","og_url":"https:\/\/www.eldiario.net\/portal\/2021\/11\/09\/daniel-ortega-gana-elecciones-alejandose-de-la-democracia\/","og_site_name":"El Diario - Bolivia","article_publisher":"https:\/\/www.facebook.com\/eldiario.bolivia\/","article_published_time":"2021-11-09T08:49:33+00:00","author":"Jeanette","twitter_card":"summary_large_image","twitter_creator":"@eldiario_net","twitter_site":"@eldiario_net","twitter_misc":{"Escrito por":"Jeanette","Tiempo de lectura":"2 minutos"},"schema":{"@context":"https:\/\/schema.org","@graph":[{"@type":"Article","@id":"https:\/\/www.eldiario.net\/portal\/2021\/11\/09\/daniel-ortega-gana-elecciones-alejandose-de-la-democracia\/#article","isPartOf":{"@id":"https:\/\/www.eldiario.net\/portal\/2021\/11\/09\/daniel-ortega-gana-elecciones-alejandose-de-la-democracia\/"},"author":{"name":"Jeanette","@id":"https:\/\/www.eldiario.net\/portal\/#\/schema\/person\/2c57cf2b7a7ae032e449e4c9b1019eac"},"headline":"Daniel Ortega gana elecciones alej\u00e1ndose de la democracia","datePublished":"2021-11-09T08:49:33+00:00","mainEntityOfPage":{"@id":"https:\/\/www.eldiario.net\/portal\/2021\/11\/09\/daniel-ortega-gana-elecciones-alejandose-de-la-democracia\/"},"wordCount":473,"publisher":{"@id":"https:\/\/www.eldiario.net\/portal\/#organization"},"image":{"@id":"https:\/\/www.eldiario.net\/portal\/2021\/11\/09\/daniel-ortega-gana-elecciones-alejandose-de-la-democracia\/#primaryimage"},"thumbnailUrl":"","articleSection":["Internacional"],"inLanguage":"es"},{"@type":"WebPage","@id":"https:\/\/www.eldiario.net\/portal\/2021\/11\/09\/daniel-ortega-gana-elecciones-alejandose-de-la-democracia\/","url":"https:\/\/www.eldiario.net\/portal\/2021\/11\/09\/daniel-ortega-gana-elecciones-alejandose-de-la-democracia\/","name":"Daniel Ortega gana elecciones alej\u00e1ndose de la democracia - El Diario - Bolivia","isPartOf":{"@id":"https:\/\/www.eldiario.net\/portal\/#website"},"primaryImageOfPage":{"@id":"https:\/\/www.eldiario.net\/portal\/2021\/11\/09\/daniel-ortega-gana-elecciones-alejandose-de-la-democracia\/#primaryimage"},"image":{"@id":"https:\/\/www.eldiario.net\/portal\/2021\/11\/09\/daniel-ortega-gana-elecciones-alejandose-de-la-democracia\/#primaryimage"},"thumbnailUrl":"","datePublished":"2021-11-09T08:49:33+00:00","breadcrumb":{"@id":"https:\/\/www.eldiario.net\/portal\/2021\/11\/09\/daniel-ortega-gana-elecciones-alejandose-de-la-democracia\/#breadcrumb"},"inLanguage":"es","potentialAction":[{"@type":"ReadAction","target":["https:\/\/www.eldiario.net\/portal\/2021\/11\/09\/daniel-ortega-gana-elecciones-alejandose-de-la-democracia\/"]}]},{"@type":"ImageObject","inLanguage":"es","@id":"https:\/\/www.eldiario.net\/portal\/2021\/11\/09\/daniel-ortega-gana-elecciones-alejandose-de-la-democracia\/#primaryimage","url":"","contentUrl":""},{"@type":"BreadcrumbList","@id":"https:\/\/www.eldiario.net\/portal\/2021\/11\/09\/daniel-ortega-gana-elecciones-alejandose-de-la-democracia\/#breadcrumb","itemListElement":[{"@type":"ListItem","position":1,"name":"Portada","item":"https:\/\/www.eldiario.net\/portal\/"},{"@type":"ListItem","position":2,"name":"Daniel Ortega gana elecciones alej\u00e1ndose de la democracia"}]},{"@type":"WebSite","@id":"https:\/\/www.eldiario.net\/portal\/#website","url":"https:\/\/www.eldiario.net\/portal\/","name":"El Diario - Decano de la prensa nacional","description":"El Diario - Decano de la prensa nacional","publisher":{"@id":"https:\/\/www.eldiario.net\/portal\/#organization"},"potentialAction":[{"@type":"SearchAction","target":{"@type":"EntryPoint","urlTemplate":"https:\/\/www.eldiario.net\/portal\/?s={search_term_string}"},"query-input":{"@type":"PropertyValueSpecification","valueRequired":true,"valueName":"search_term_string"}}],"inLanguage":"es"},{"@type":"Organization","@id":"https:\/\/www.eldiario.net\/portal\/#organization","name":"El Diario - Decano de la prensa nacional","url":"https:\/\/www.eldiario.net\/portal\/","logo":{"@type":"ImageObject","inLanguage":"es","@id":"https:\/\/www.eldiario.net\/portal\/#\/schema\/logo\/image\/","url":"https:\/\/www.eldiario.net\/portal\/wp-content\/uploads\/2023\/07\/logo_ED.jpg","contentUrl":"https:\/\/www.eldiario.net\/portal\/wp-content\/uploads\/2023\/07\/logo_ED.jpg","width":272,"height":52,"caption":"El Diario - Decano de la prensa nacional"},"image":{"@id":"https:\/\/www.eldiario.net\/portal\/#\/schema\/logo\/image\/"},"sameAs":["https:\/\/www.facebook.com\/eldiario.bolivia\/","https:\/\/x.com\/eldiario_net"]},{"@type":"Person","@id":"https:\/\/www.eldiario.net\/portal\/#\/schema\/person\/2c57cf2b7a7ae032e449e4c9b1019eac","name":"Jeanette","image":{"@type":"ImageObject","inLanguage":"es","@id":"https:\/\/secure.gravatar.com\/avatar\/3ea2118a5f7dad2b7138b1187a6b7ee55f160b9968b66013c3a3ef39dd7e5798?s=96&d=mm&r=g","url":"https:\/\/secure.gravatar.com\/avatar\/3ea2118a5f7dad2b7138b1187a6b7ee55f160b9968b66013c3a3ef39dd7e5798?s=96&d=mm&r=g","contentUrl":"https:\/\/secure.gravatar.com\/avatar\/3ea2118a5f7dad2b7138b1187a6b7ee55f160b9968b66013c3a3ef39dd7e5798?s=96&d=mm&r=g","caption":"Jeanette"},"sameAs":["https:\/\/www.eldiario.net\/portal"],"url":"https:\/\/www.eldiario.net\/portal\/author\/jeanette\/"}]}},"_links":{"self":[{"href":"https:\/\/www.eldiario.net\/portal\/wp-json\/wp\/v2\/posts\/41776","targetHints":{"allow":["GET"]}}],"collection":[{"href":"https:\/\/www.eldiario.net\/portal\/wp-json\/wp\/v2\/posts"}],"about":[{"href":"https:\/\/www.eldiario.net\/portal\/wp-json\/wp\/v2\/types\/post"}],"author":[{"embeddable":true,"href":"https:\/\/www.eldiario.net\/portal\/wp-json\/wp\/v2\/users\/1"}],"replies":[{"embeddable":true,"href":"https:\/\/www.eldiario.net\/portal\/wp-json\/wp\/v2\/comments?post=41776"}],"version-history":[{"count":0,"href":"https:\/\/www.eldiario.net\/portal\/wp-json\/wp\/v2\/posts\/41776\/revisions"}],"wp:attachment":[{"href":"https:\/\/www.eldiario.net\/portal\/wp-json\/wp\/v2\/media?parent=41776"}],"wp:term":[{"taxonomy":"category","embeddable":true,"href":"https:\/\/www.eldiario.net\/portal\/wp-json\/wp\/v2\/categories?post=41776"},{"taxonomy":"post_tag","embeddable":true,"href":"https:\/\/www.eldiario.net\/portal\/wp-json\/wp\/v2\/tags?post=41776"}],"curies":[{"name":"wp","href":"https:\/\/api.w.org\/{rel}","templated":true}]}}