{"id":41770,"date":"2021-11-09T04:47:13","date_gmt":"2021-11-09T08:47:13","guid":{"rendered":"https:\/\/www.eldiario.net\/portal\/?p=41770"},"modified":"2021-11-09T04:47:13","modified_gmt":"2021-11-09T08:47:13","slug":"obispos-venden-propiedades-para-compensar-a-victimas-de-abusos","status":"publish","type":"post","link":"https:\/\/www.eldiario.net\/portal\/2021\/11\/09\/obispos-venden-propiedades-para-compensar-a-victimas-de-abusos\/","title":{"rendered":"Obispos venden propiedades para  compensar a v\u00edctimas de abusos"},"content":{"rendered":"<p>Par\u00eds.- La Iglesia Cat\u00f3lica de Francia inform\u00f3 ayer que vender\u00eda bienes inmuebles y, si fuera necesario, pedir\u00eda pr\u00e9stamos para crear un fondo para compensar a miles de personas que sufrieron abusos sexuales por parte del clero.<\/p>\n<p>Una importante investigaci\u00f3n descubri\u00f3 en octubre que los cl\u00e9rigos franceses abusaron sexualmente de m\u00e1s de 200.000 ni\u00f1os en los \u00faltimos 70 a\u00f1os.<\/p>\n<p>Los altos cargos del clero reunidos en el lugar sagrado de Lourdes han reconocido la \u00abresponsabilidad institucional\u00bb de su Iglesia y han decidido \u00abemprender un camino de reconocimiento y reparaci\u00f3n\u00bb, dijo el principal obispo de Francia, Eric de Moulins-Beaufort.<\/p>\n<p>Los obispos crear\u00e1n un fondo \u00abfinanciado en la medida necesaria mediante la desinversi\u00f3n de bienes inmuebles y otros activos\u00bb, dijo De Moulins-Beaufort, arzobispo de Reims y jefe de la Conferencia Episcopal Francesa, a periodistas.<\/p>\n<p>\u00abSi es necesario, tambi\u00e9n estamos dispuestos a pedir pr\u00e9stamos para cumplir con nuestras obligaciones\u00bb, a\u00f1adi\u00f3 al final de la reuni\u00f3n. No dio detalles sobre la cuant\u00eda del fondo ni sobre los bienes que podr\u00edan venderse.<\/p>\n<p>El informe de octubre revel\u00f3 que la Iglesia Cat\u00f3lica francesa hab\u00eda mostrado \u00abuna indiferencia profunda, total e incluso cruel durante a\u00f1os\u00bb, protegi\u00e9ndose a s\u00ed misma en lugar de a las v\u00edctimas de lo que era un abuso sistem\u00e1tico.<\/p>\n<p>El Papa Francisco calific\u00f3 los hallazgos -las \u00faltimas revelaciones que han sacudido a la Iglesia Cat\u00f3lica Romana tras una serie de esc\u00e1ndalos de abusos sexuales en todo el mundo- como \u00abun momento de verg\u00fcenza\u00bb.<\/p>\n<p>De Moulins-Beaufort dijo que los obispos tambi\u00e9n hab\u00edan decidido pedir al Papa que les designara enviados especiales para supervisar la gesti\u00f3n de cada obispo y di\u00f3cesis en los casos de abusos individuales. (Reuters)<\/p>\n","protected":false},"excerpt":{"rendered":"<p>Par\u00eds.- La Iglesia Cat\u00f3lica de Francia inform\u00f3 ayer que vender\u00eda bienes inmuebles y, si fuera necesario, pedir\u00eda pr\u00e9stamos para crear un fondo para compensar a miles de personas que sufrieron abusos sexuales por parte del clero. Una importante investigaci\u00f3n descubri\u00f3 en octubre que los cl\u00e9rigos franceses abusaron sexualmente de m\u00e1s de 200.000 ni\u00f1os en los [&hellip;]<\/p>\n","protected":false},"author":1,"featured_media":41771,"comment_status":"closed","ping_status":"closed","sticky":false,"template":"","format":"standard","meta":{"_acf_changed":false,"footnotes":""},"categories":[3],"tags":[],"class_list":["post-41770","post","type-post","status-publish","format-standard","has-post-thumbnail","category-internacional"],"acf":{"antetitulo":""},"yoast_head":"<!-- This site is optimized with the Yoast SEO plugin v28.4 - https:\/\/yoast.com\/product\/yoast-seo-wordpress\/ -->\n<title>Obispos venden propiedades para compensar a v\u00edctimas de abusos - El Diario - Bolivia<\/title>\n<meta name=\"robots\" content=\"index, follow, max-snippet:-1, max-image-preview:large, max-video-preview:-1\" \/>\n<link rel=\"canonical\" href=\"https:\/\/www.eldiario.net\/portal\/2021\/11\/09\/obispos-venden-propiedades-para-compensar-a-victimas-de-abusos\/\" \/>\n<meta property=\"og:locale\" content=\"es_ES\" \/>\n<meta property=\"og:type\" content=\"article\" \/>\n<meta property=\"og:title\" content=\"Obispos venden propiedades para compensar a v\u00edctimas de abusos - El Diario - Bolivia\" \/>\n<meta property=\"og:description\" content=\"Par\u00eds.- La Iglesia Cat\u00f3lica de Francia inform\u00f3 ayer que vender\u00eda bienes inmuebles y, si fuera necesario, pedir\u00eda pr\u00e9stamos para crear un fondo para compensar a miles de personas que sufrieron abusos sexuales por parte del clero. Una importante investigaci\u00f3n descubri\u00f3 en octubre que los cl\u00e9rigos franceses abusaron sexualmente de m\u00e1s de 200.000 ni\u00f1os en los [&hellip;]\" \/>\n<meta property=\"og:url\" content=\"https:\/\/www.eldiario.net\/portal\/2021\/11\/09\/obispos-venden-propiedades-para-compensar-a-victimas-de-abusos\/\" \/>\n<meta property=\"og:site_name\" content=\"El Diario - Bolivia\" \/>\n<meta property=\"article:publisher\" content=\"https:\/\/www.facebook.com\/eldiario.bolivia\/\" \/>\n<meta property=\"article:published_time\" content=\"2021-11-09T08:47:13+00:00\" \/>\n<meta name=\"author\" content=\"Jeanette\" \/>\n<meta name=\"twitter:card\" content=\"summary_large_image\" \/>\n<meta name=\"twitter:creator\" content=\"@eldiario_net\" \/>\n<meta name=\"twitter:site\" content=\"@eldiario_net\" \/>\n<meta name=\"twitter:label1\" content=\"Escrito por\" \/>\n\t<meta name=\"twitter:data1\" content=\"Jeanette\" \/>\n\t<meta name=\"twitter:label2\" content=\"Tiempo de lectura\" \/>\n\t<meta name=\"twitter:data2\" content=\"2 minutos\" \/>\n<script type=\"application\/ld+json\" class=\"yoast-schema-graph\">{\"@context\":\"https:\\\/\\\/schema.org\",\"@graph\":[{\"@type\":\"Article\",\"@id\":\"https:\\\/\\\/www.eldiario.net\\\/portal\\\/2021\\\/11\\\/09\\\/obispos-venden-propiedades-para-compensar-a-victimas-de-abusos\\\/#article\",\"isPartOf\":{\"@id\":\"https:\\\/\\\/www.eldiario.net\\\/portal\\\/2021\\\/11\\\/09\\\/obispos-venden-propiedades-para-compensar-a-victimas-de-abusos\\\/\"},\"author\":{\"name\":\"Jeanette\",\"@id\":\"https:\\\/\\\/www.eldiario.net\\\/portal\\\/#\\\/schema\\\/person\\\/2c57cf2b7a7ae032e449e4c9b1019eac\"},\"headline\":\"Obispos venden propiedades para compensar a v\u00edctimas de abusos\",\"datePublished\":\"2021-11-09T08:47:13+00:00\",\"mainEntityOfPage\":{\"@id\":\"https:\\\/\\\/www.eldiario.net\\\/portal\\\/2021\\\/11\\\/09\\\/obispos-venden-propiedades-para-compensar-a-victimas-de-abusos\\\/\"},\"wordCount\":312,\"publisher\":{\"@id\":\"https:\\\/\\\/www.eldiario.net\\\/portal\\\/#organization\"},\"image\":{\"@id\":\"https:\\\/\\\/www.eldiario.net\\\/portal\\\/2021\\\/11\\\/09\\\/obispos-venden-propiedades-para-compensar-a-victimas-de-abusos\\\/#primaryimage\"},\"thumbnailUrl\":\"\",\"articleSection\":[\"Internacional\"],\"inLanguage\":\"es\"},{\"@type\":\"WebPage\",\"@id\":\"https:\\\/\\\/www.eldiario.net\\\/portal\\\/2021\\\/11\\\/09\\\/obispos-venden-propiedades-para-compensar-a-victimas-de-abusos\\\/\",\"url\":\"https:\\\/\\\/www.eldiario.net\\\/portal\\\/2021\\\/11\\\/09\\\/obispos-venden-propiedades-para-compensar-a-victimas-de-abusos\\\/\",\"name\":\"Obispos venden propiedades para compensar a v\u00edctimas de abusos - El Diario - Bolivia\",\"isPartOf\":{\"@id\":\"https:\\\/\\\/www.eldiario.net\\\/portal\\\/#website\"},\"primaryImageOfPage\":{\"@id\":\"https:\\\/\\\/www.eldiario.net\\\/portal\\\/2021\\\/11\\\/09\\\/obispos-venden-propiedades-para-compensar-a-victimas-de-abusos\\\/#primaryimage\"},\"image\":{\"@id\":\"https:\\\/\\\/www.eldiario.net\\\/portal\\\/2021\\\/11\\\/09\\\/obispos-venden-propiedades-para-compensar-a-victimas-de-abusos\\\/#primaryimage\"},\"thumbnailUrl\":\"\",\"datePublished\":\"2021-11-09T08:47:13+00:00\",\"breadcrumb\":{\"@id\":\"https:\\\/\\\/www.eldiario.net\\\/portal\\\/2021\\\/11\\\/09\\\/obispos-venden-propiedades-para-compensar-a-victimas-de-abusos\\\/#breadcrumb\"},\"inLanguage\":\"es\",\"potentialAction\":[{\"@type\":\"ReadAction\",\"target\":[\"https:\\\/\\\/www.eldiario.net\\\/portal\\\/2021\\\/11\\\/09\\\/obispos-venden-propiedades-para-compensar-a-victimas-de-abusos\\\/\"]}]},{\"@type\":\"ImageObject\",\"inLanguage\":\"es\",\"@id\":\"https:\\\/\\\/www.eldiario.net\\\/portal\\\/2021\\\/11\\\/09\\\/obispos-venden-propiedades-para-compensar-a-victimas-de-abusos\\\/#primaryimage\",\"url\":\"\",\"contentUrl\":\"\"},{\"@type\":\"BreadcrumbList\",\"@id\":\"https:\\\/\\\/www.eldiario.net\\\/portal\\\/2021\\\/11\\\/09\\\/obispos-venden-propiedades-para-compensar-a-victimas-de-abusos\\\/#breadcrumb\",\"itemListElement\":[{\"@type\":\"ListItem\",\"position\":1,\"name\":\"Portada\",\"item\":\"https:\\\/\\\/www.eldiario.net\\\/portal\\\/\"},{\"@type\":\"ListItem\",\"position\":2,\"name\":\"Obispos venden propiedades para compensar a v\u00edctimas de abusos\"}]},{\"@type\":\"WebSite\",\"@id\":\"https:\\\/\\\/www.eldiario.net\\\/portal\\\/#website\",\"url\":\"https:\\\/\\\/www.eldiario.net\\\/portal\\\/\",\"name\":\"El Diario - Decano de la prensa nacional\",\"description\":\"El Diario - Decano de la prensa nacional\",\"publisher\":{\"@id\":\"https:\\\/\\\/www.eldiario.net\\\/portal\\\/#organization\"},\"potentialAction\":[{\"@type\":\"SearchAction\",\"target\":{\"@type\":\"EntryPoint\",\"urlTemplate\":\"https:\\\/\\\/www.eldiario.net\\\/portal\\\/?s={search_term_string}\"},\"query-input\":{\"@type\":\"PropertyValueSpecification\",\"valueRequired\":true,\"valueName\":\"search_term_string\"}}],\"inLanguage\":\"es\"},{\"@type\":\"Organization\",\"@id\":\"https:\\\/\\\/www.eldiario.net\\\/portal\\\/#organization\",\"name\":\"El Diario - Decano de la prensa nacional\",\"url\":\"https:\\\/\\\/www.eldiario.net\\\/portal\\\/\",\"logo\":{\"@type\":\"ImageObject\",\"inLanguage\":\"es\",\"@id\":\"https:\\\/\\\/www.eldiario.net\\\/portal\\\/#\\\/schema\\\/logo\\\/image\\\/\",\"url\":\"https:\\\/\\\/www.eldiario.net\\\/portal\\\/wp-content\\\/uploads\\\/2023\\\/07\\\/logo_ED.jpg\",\"contentUrl\":\"https:\\\/\\\/www.eldiario.net\\\/portal\\\/wp-content\\\/uploads\\\/2023\\\/07\\\/logo_ED.jpg\",\"width\":272,\"height\":52,\"caption\":\"El Diario - Decano de la prensa nacional\"},\"image\":{\"@id\":\"https:\\\/\\\/www.eldiario.net\\\/portal\\\/#\\\/schema\\\/logo\\\/image\\\/\"},\"sameAs\":[\"https:\\\/\\\/www.facebook.com\\\/eldiario.bolivia\\\/\",\"https:\\\/\\\/x.com\\\/eldiario_net\"]},{\"@type\":\"Person\",\"@id\":\"https:\\\/\\\/www.eldiario.net\\\/portal\\\/#\\\/schema\\\/person\\\/2c57cf2b7a7ae032e449e4c9b1019eac\",\"name\":\"Jeanette\",\"image\":{\"@type\":\"ImageObject\",\"inLanguage\":\"es\",\"@id\":\"https:\\\/\\\/secure.gravatar.com\\\/avatar\\\/3ea2118a5f7dad2b7138b1187a6b7ee55f160b9968b66013c3a3ef39dd7e5798?s=96&d=mm&r=g\",\"url\":\"https:\\\/\\\/secure.gravatar.com\\\/avatar\\\/3ea2118a5f7dad2b7138b1187a6b7ee55f160b9968b66013c3a3ef39dd7e5798?s=96&d=mm&r=g\",\"contentUrl\":\"https:\\\/\\\/secure.gravatar.com\\\/avatar\\\/3ea2118a5f7dad2b7138b1187a6b7ee55f160b9968b66013c3a3ef39dd7e5798?s=96&d=mm&r=g\",\"caption\":\"Jeanette\"},\"sameAs\":[\"https:\\\/\\\/www.eldiario.net\\\/portal\"],\"url\":\"https:\\\/\\\/www.eldiario.net\\\/portal\\\/author\\\/jeanette\\\/\"}]}<\/script>\n<!-- \/ Yoast SEO plugin. -->","yoast_head_json":{"title":"Obispos venden propiedades para compensar a v\u00edctimas de abusos - El Diario - Bolivia","robots":{"index":"index","follow":"follow","max-snippet":"max-snippet:-1","max-image-preview":"max-image-preview:large","max-video-preview":"max-video-preview:-1"},"canonical":"https:\/\/www.eldiario.net\/portal\/2021\/11\/09\/obispos-venden-propiedades-para-compensar-a-victimas-de-abusos\/","og_locale":"es_ES","og_type":"article","og_title":"Obispos venden propiedades para compensar a v\u00edctimas de abusos - El Diario - Bolivia","og_description":"Par\u00eds.- La Iglesia Cat\u00f3lica de Francia inform\u00f3 ayer que vender\u00eda bienes inmuebles y, si fuera necesario, pedir\u00eda pr\u00e9stamos para crear un fondo para compensar a miles de personas que sufrieron abusos sexuales por parte del clero. Una importante investigaci\u00f3n descubri\u00f3 en octubre que los cl\u00e9rigos franceses abusaron sexualmente de m\u00e1s de 200.000 ni\u00f1os en los [&hellip;]","og_url":"https:\/\/www.eldiario.net\/portal\/2021\/11\/09\/obispos-venden-propiedades-para-compensar-a-victimas-de-abusos\/","og_site_name":"El Diario - Bolivia","article_publisher":"https:\/\/www.facebook.com\/eldiario.bolivia\/","article_published_time":"2021-11-09T08:47:13+00:00","author":"Jeanette","twitter_card":"summary_large_image","twitter_creator":"@eldiario_net","twitter_site":"@eldiario_net","twitter_misc":{"Escrito por":"Jeanette","Tiempo de lectura":"2 minutos"},"schema":{"@context":"https:\/\/schema.org","@graph":[{"@type":"Article","@id":"https:\/\/www.eldiario.net\/portal\/2021\/11\/09\/obispos-venden-propiedades-para-compensar-a-victimas-de-abusos\/#article","isPartOf":{"@id":"https:\/\/www.eldiario.net\/portal\/2021\/11\/09\/obispos-venden-propiedades-para-compensar-a-victimas-de-abusos\/"},"author":{"name":"Jeanette","@id":"https:\/\/www.eldiario.net\/portal\/#\/schema\/person\/2c57cf2b7a7ae032e449e4c9b1019eac"},"headline":"Obispos venden propiedades para compensar a v\u00edctimas de abusos","datePublished":"2021-11-09T08:47:13+00:00","mainEntityOfPage":{"@id":"https:\/\/www.eldiario.net\/portal\/2021\/11\/09\/obispos-venden-propiedades-para-compensar-a-victimas-de-abusos\/"},"wordCount":312,"publisher":{"@id":"https:\/\/www.eldiario.net\/portal\/#organization"},"image":{"@id":"https:\/\/www.eldiario.net\/portal\/2021\/11\/09\/obispos-venden-propiedades-para-compensar-a-victimas-de-abusos\/#primaryimage"},"thumbnailUrl":"","articleSection":["Internacional"],"inLanguage":"es"},{"@type":"WebPage","@id":"https:\/\/www.eldiario.net\/portal\/2021\/11\/09\/obispos-venden-propiedades-para-compensar-a-victimas-de-abusos\/","url":"https:\/\/www.eldiario.net\/portal\/2021\/11\/09\/obispos-venden-propiedades-para-compensar-a-victimas-de-abusos\/","name":"Obispos venden propiedades para compensar a v\u00edctimas de abusos - El Diario - Bolivia","isPartOf":{"@id":"https:\/\/www.eldiario.net\/portal\/#website"},"primaryImageOfPage":{"@id":"https:\/\/www.eldiario.net\/portal\/2021\/11\/09\/obispos-venden-propiedades-para-compensar-a-victimas-de-abusos\/#primaryimage"},"image":{"@id":"https:\/\/www.eldiario.net\/portal\/2021\/11\/09\/obispos-venden-propiedades-para-compensar-a-victimas-de-abusos\/#primaryimage"},"thumbnailUrl":"","datePublished":"2021-11-09T08:47:13+00:00","breadcrumb":{"@id":"https:\/\/www.eldiario.net\/portal\/2021\/11\/09\/obispos-venden-propiedades-para-compensar-a-victimas-de-abusos\/#breadcrumb"},"inLanguage":"es","potentialAction":[{"@type":"ReadAction","target":["https:\/\/www.eldiario.net\/portal\/2021\/11\/09\/obispos-venden-propiedades-para-compensar-a-victimas-de-abusos\/"]}]},{"@type":"ImageObject","inLanguage":"es","@id":"https:\/\/www.eldiario.net\/portal\/2021\/11\/09\/obispos-venden-propiedades-para-compensar-a-victimas-de-abusos\/#primaryimage","url":"","contentUrl":""},{"@type":"BreadcrumbList","@id":"https:\/\/www.eldiario.net\/portal\/2021\/11\/09\/obispos-venden-propiedades-para-compensar-a-victimas-de-abusos\/#breadcrumb","itemListElement":[{"@type":"ListItem","position":1,"name":"Portada","item":"https:\/\/www.eldiario.net\/portal\/"},{"@type":"ListItem","position":2,"name":"Obispos venden propiedades para compensar a v\u00edctimas de abusos"}]},{"@type":"WebSite","@id":"https:\/\/www.eldiario.net\/portal\/#website","url":"https:\/\/www.eldiario.net\/portal\/","name":"El Diario - Decano de la prensa nacional","description":"El Diario - Decano de la prensa nacional","publisher":{"@id":"https:\/\/www.eldiario.net\/portal\/#organization"},"potentialAction":[{"@type":"SearchAction","target":{"@type":"EntryPoint","urlTemplate":"https:\/\/www.eldiario.net\/portal\/?s={search_term_string}"},"query-input":{"@type":"PropertyValueSpecification","valueRequired":true,"valueName":"search_term_string"}}],"inLanguage":"es"},{"@type":"Organization","@id":"https:\/\/www.eldiario.net\/portal\/#organization","name":"El Diario - Decano de la prensa nacional","url":"https:\/\/www.eldiario.net\/portal\/","logo":{"@type":"ImageObject","inLanguage":"es","@id":"https:\/\/www.eldiario.net\/portal\/#\/schema\/logo\/image\/","url":"https:\/\/www.eldiario.net\/portal\/wp-content\/uploads\/2023\/07\/logo_ED.jpg","contentUrl":"https:\/\/www.eldiario.net\/portal\/wp-content\/uploads\/2023\/07\/logo_ED.jpg","width":272,"height":52,"caption":"El Diario - Decano de la prensa nacional"},"image":{"@id":"https:\/\/www.eldiario.net\/portal\/#\/schema\/logo\/image\/"},"sameAs":["https:\/\/www.facebook.com\/eldiario.bolivia\/","https:\/\/x.com\/eldiario_net"]},{"@type":"Person","@id":"https:\/\/www.eldiario.net\/portal\/#\/schema\/person\/2c57cf2b7a7ae032e449e4c9b1019eac","name":"Jeanette","image":{"@type":"ImageObject","inLanguage":"es","@id":"https:\/\/secure.gravatar.com\/avatar\/3ea2118a5f7dad2b7138b1187a6b7ee55f160b9968b66013c3a3ef39dd7e5798?s=96&d=mm&r=g","url":"https:\/\/secure.gravatar.com\/avatar\/3ea2118a5f7dad2b7138b1187a6b7ee55f160b9968b66013c3a3ef39dd7e5798?s=96&d=mm&r=g","contentUrl":"https:\/\/secure.gravatar.com\/avatar\/3ea2118a5f7dad2b7138b1187a6b7ee55f160b9968b66013c3a3ef39dd7e5798?s=96&d=mm&r=g","caption":"Jeanette"},"sameAs":["https:\/\/www.eldiario.net\/portal"],"url":"https:\/\/www.eldiario.net\/portal\/author\/jeanette\/"}]}},"_links":{"self":[{"href":"https:\/\/www.eldiario.net\/portal\/wp-json\/wp\/v2\/posts\/41770","targetHints":{"allow":["GET"]}}],"collection":[{"href":"https:\/\/www.eldiario.net\/portal\/wp-json\/wp\/v2\/posts"}],"about":[{"href":"https:\/\/www.eldiario.net\/portal\/wp-json\/wp\/v2\/types\/post"}],"author":[{"embeddable":true,"href":"https:\/\/www.eldiario.net\/portal\/wp-json\/wp\/v2\/users\/1"}],"replies":[{"embeddable":true,"href":"https:\/\/www.eldiario.net\/portal\/wp-json\/wp\/v2\/comments?post=41770"}],"version-history":[{"count":0,"href":"https:\/\/www.eldiario.net\/portal\/wp-json\/wp\/v2\/posts\/41770\/revisions"}],"wp:attachment":[{"href":"https:\/\/www.eldiario.net\/portal\/wp-json\/wp\/v2\/media?parent=41770"}],"wp:term":[{"taxonomy":"category","embeddable":true,"href":"https:\/\/www.eldiario.net\/portal\/wp-json\/wp\/v2\/categories?post=41770"},{"taxonomy":"post_tag","embeddable":true,"href":"https:\/\/www.eldiario.net\/portal\/wp-json\/wp\/v2\/tags?post=41770"}],"curies":[{"name":"wp","href":"https:\/\/api.w.org\/{rel}","templated":true}]}}