{"id":417420,"date":"2026-07-31T05:50:39","date_gmt":"2026-07-31T09:50:39","guid":{"rendered":"https:\/\/www.eldiario.net\/portal\/?p=417420"},"modified":"2026-07-31T05:50:39","modified_gmt":"2026-07-31T09:50:39","slug":"expresidente-mesa-considera-que-paz-debe-gobernar-en-alianza","status":"publish","type":"post","link":"https:\/\/www.eldiario.net\/portal\/2026\/07\/31\/expresidente-mesa-considera-que-paz-debe-gobernar-en-alianza\/","title":{"rendered":"Expresidente Mesa considera que Paz debe gobernar en \u201calianza\u201d"},"content":{"rendered":"<p class=\"v1MsoNormal\">El expresidente Carlos Mesa afirm\u00f3 que el presidente Rodrigo Paz deber\u00eda impulsar una alianza de gobierno sustentada en un proyecto nacional de largo plazo y no limitarse a buscar una mayor\u00eda parlamentaria para garantizar la gobernabilidad.<\/p>\n<p class=\"v1MsoNormal\">Mesa sostuvo al programa Br\u00fajula Streaming que los pactos pol\u00edticos son parte esencial del funcionamiento democr\u00e1tico y rechaz\u00f3 que t\u00e9rminos como \u00abpacto\u00bb, \u00abacuerdo\u00bb o \u00abnegociaci\u00f3n\u00bb sean presentados como sin\u00f3nimo de traici\u00f3n a los principios democr\u00e1ticos. \u00abPacto, negociaci\u00f3n, acuerdo son palabras claves que explican lo democr\u00e1tico\u00bb, afirm\u00f3.<\/p>\n<p class=\"v1MsoNormal\">\u00abEl presidente Rodrigo Paz no necesita una megacoalici\u00f3n per se (&#8230;) Se trata de decir: &#8216;voy a armar un pacto nacional porque quiero que el pa\u00eds entre hoy y el 2030 tenga ciertos elementos'\u00bb.<\/p>\n<p class=\"v1MsoNormal\">El gobierno no ha logrado formar una alianza, la del Legislativo ha funcionado de facto, pero sin una firma oficial. Esta semana, Samuel Doria Medina, jefe de la Alianza Unidad, rechaz\u00f3 seguir respaldando al gobierno y denunci\u00f3 corrupci\u00f3n y falta de decisi\u00f3n como las razones para ello.<\/p>\n<p class=\"v1MsoNormal\">En otra parte de la entrevista con Br\u00fajula Streaming el exmandatario se\u00f1al\u00f3 que la historia pol\u00edtica boliviana ofrece ejemplos de acuerdos que contribuyeron a objetivos de inter\u00e9s nacional y otros que respondieron \u00fanicamente a necesidades coyunturales de los gobiernos de turno.<\/p>\n<p class=\"v1MsoNormal\">Como ejemplo de un acuerdo exitoso, mencion\u00f3 el Pacto por la Democracia entre V\u00edctor Paz Estenssoro y Hugo Banzer, que, seg\u00fan dijo, permiti\u00f3 aplicar y consolidar las reformas econ\u00f3micas iniciadas con el Decreto 21060 y enfrentar la hiperinflaci\u00f3n. En contraste, calific\u00f3 como \u00abpactos de desesperaci\u00f3n\u00bb a la denominada megacoalici\u00f3n de finales de la d\u00e9cada de 1990 y a la ampliaci\u00f3n de esa alianza en 2003, al considerar que buscaban \u00fanicamente prolongar la permanencia del gobierno frente a una crisis pol\u00edtica.<\/p>\n<p class=\"v1MsoNormal\">En ese contexto, Mesa afirm\u00f3 que Paz no necesita conformar una megacoalici\u00f3n por s\u00ed misma, sino construir un acuerdo alrededor de un programa de transformaciones.<\/p>\n<p class=\"v1MsoNormal\">Seg\u00fan explic\u00f3, una alianza tendr\u00eda sentido si estuviera orientada a impulsar reformas concretas hasta 2030, incluyendo medidas relacionadas con la seguridad jur\u00eddica, la pol\u00edtica econ\u00f3mica, la estabilizaci\u00f3n del d\u00f3lar y un marco que incentive la inversi\u00f3n, especialmente en el sector de hidrocarburos. (Br\u00fajula Digital)<\/p>\n<p class=\"v1MsoNormal\">\n","protected":false},"excerpt":{"rendered":"<p>El expresidente Carlos Mesa afirm\u00f3 que el presidente Rodrigo Paz deber\u00eda impulsar una alianza de gobierno sustentada en un proyecto nacional de largo plazo y no limitarse a buscar una mayor\u00eda parlamentaria para garantizar la gobernabilidad. Mesa sostuvo al programa Br\u00fajula Streaming que los pactos pol\u00edticos son parte esencial del funcionamiento democr\u00e1tico y rechaz\u00f3 que [&hellip;]<\/p>\n","protected":false},"author":1,"featured_media":417421,"comment_status":"closed","ping_status":"open","sticky":false,"template":"","format":"standard","meta":{"_acf_changed":false,"footnotes":""},"categories":[15],"tags":[],"class_list":["post-417420","post","type-post","status-publish","format-standard","has-post-thumbnail","category-portada"],"acf":{"antetitulo":"Deben coordinar proyectos y leyes"},"yoast_head":"<!-- This site is optimized with the Yoast SEO plugin v28.4 - https:\/\/yoast.com\/product\/yoast-seo-wordpress\/ -->\n<title>Expresidente Mesa considera que Paz debe gobernar en \u201calianza\u201d - El Diario - Bolivia<\/title>\n<meta name=\"robots\" content=\"index, follow, max-snippet:-1, max-image-preview:large, max-video-preview:-1\" \/>\n<link rel=\"canonical\" href=\"https:\/\/www.eldiario.net\/portal\/2026\/07\/31\/expresidente-mesa-considera-que-paz-debe-gobernar-en-alianza\/\" \/>\n<meta property=\"og:locale\" content=\"es_ES\" \/>\n<meta property=\"og:type\" content=\"article\" \/>\n<meta property=\"og:title\" content=\"Expresidente Mesa considera que Paz debe gobernar en \u201calianza\u201d - El Diario - Bolivia\" \/>\n<meta property=\"og:description\" content=\"El expresidente Carlos Mesa afirm\u00f3 que el presidente Rodrigo Paz deber\u00eda impulsar una alianza de gobierno sustentada en un proyecto nacional de largo plazo y no limitarse a buscar una mayor\u00eda parlamentaria para garantizar la gobernabilidad. Mesa sostuvo al programa Br\u00fajula Streaming que los pactos pol\u00edticos son parte esencial del funcionamiento democr\u00e1tico y rechaz\u00f3 que [&hellip;]\" \/>\n<meta property=\"og:url\" content=\"https:\/\/www.eldiario.net\/portal\/2026\/07\/31\/expresidente-mesa-considera-que-paz-debe-gobernar-en-alianza\/\" \/>\n<meta property=\"og:site_name\" content=\"El Diario - Bolivia\" \/>\n<meta property=\"article:publisher\" content=\"https:\/\/www.facebook.com\/eldiario.bolivia\/\" \/>\n<meta property=\"article:published_time\" content=\"2026-07-31T09:50:39+00:00\" \/>\n<meta property=\"og:image\" content=\"https:\/\/www.eldiario.net\/portal\/wp-content\/uploads\/2026\/07\/Carlos-Mesa-Brujula-Digital.webp\" \/>\n\t<meta property=\"og:image:width\" content=\"720\" \/>\n\t<meta property=\"og:image:height\" content=\"400\" \/>\n\t<meta property=\"og:image:type\" content=\"image\/webp\" \/>\n<meta name=\"author\" content=\"Jeanette\" \/>\n<meta name=\"twitter:card\" content=\"summary_large_image\" \/>\n<meta name=\"twitter:creator\" content=\"@eldiario_net\" \/>\n<meta name=\"twitter:site\" content=\"@eldiario_net\" \/>\n<meta name=\"twitter:label1\" content=\"Escrito por\" \/>\n\t<meta name=\"twitter:data1\" content=\"Jeanette\" \/>\n\t<meta name=\"twitter:label2\" content=\"Tiempo de lectura\" \/>\n\t<meta name=\"twitter:data2\" content=\"2 minutos\" \/>\n<script type=\"application\/ld+json\" class=\"yoast-schema-graph\">{\"@context\":\"https:\\\/\\\/schema.org\",\"@graph\":[{\"@type\":\"Article\",\"@id\":\"https:\\\/\\\/www.eldiario.net\\\/portal\\\/2026\\\/07\\\/31\\\/expresidente-mesa-considera-que-paz-debe-gobernar-en-alianza\\\/#article\",\"isPartOf\":{\"@id\":\"https:\\\/\\\/www.eldiario.net\\\/portal\\\/2026\\\/07\\\/31\\\/expresidente-mesa-considera-que-paz-debe-gobernar-en-alianza\\\/\"},\"author\":{\"name\":\"Jeanette\",\"@id\":\"https:\\\/\\\/www.eldiario.net\\\/portal\\\/#\\\/schema\\\/person\\\/f46445640444750d7d753ccd04ae01b7\"},\"headline\":\"Expresidente Mesa considera que Paz debe gobernar en \u201calianza\u201d\",\"datePublished\":\"2026-07-31T09:50:39+00:00\",\"mainEntityOfPage\":{\"@id\":\"https:\\\/\\\/www.eldiario.net\\\/portal\\\/2026\\\/07\\\/31\\\/expresidente-mesa-considera-que-paz-debe-gobernar-en-alianza\\\/\"},\"wordCount\":395,\"publisher\":{\"@id\":\"https:\\\/\\\/www.eldiario.net\\\/portal\\\/#organization\"},\"image\":{\"@id\":\"https:\\\/\\\/www.eldiario.net\\\/portal\\\/2026\\\/07\\\/31\\\/expresidente-mesa-considera-que-paz-debe-gobernar-en-alianza\\\/#primaryimage\"},\"thumbnailUrl\":\"https:\\\/\\\/www.eldiario.net\\\/portal\\\/wp-content\\\/uploads\\\/2026\\\/07\\\/Carlos-Mesa-Brujula-Digital.webp\",\"articleSection\":[\"Portada\"],\"inLanguage\":\"es\"},{\"@type\":\"WebPage\",\"@id\":\"https:\\\/\\\/www.eldiario.net\\\/portal\\\/2026\\\/07\\\/31\\\/expresidente-mesa-considera-que-paz-debe-gobernar-en-alianza\\\/\",\"url\":\"https:\\\/\\\/www.eldiario.net\\\/portal\\\/2026\\\/07\\\/31\\\/expresidente-mesa-considera-que-paz-debe-gobernar-en-alianza\\\/\",\"name\":\"Expresidente Mesa considera que Paz debe gobernar en \u201calianza\u201d - El Diario - Bolivia\",\"isPartOf\":{\"@id\":\"https:\\\/\\\/www.eldiario.net\\\/portal\\\/#website\"},\"primaryImageOfPage\":{\"@id\":\"https:\\\/\\\/www.eldiario.net\\\/portal\\\/2026\\\/07\\\/31\\\/expresidente-mesa-considera-que-paz-debe-gobernar-en-alianza\\\/#primaryimage\"},\"image\":{\"@id\":\"https:\\\/\\\/www.eldiario.net\\\/portal\\\/2026\\\/07\\\/31\\\/expresidente-mesa-considera-que-paz-debe-gobernar-en-alianza\\\/#primaryimage\"},\"thumbnailUrl\":\"https:\\\/\\\/www.eldiario.net\\\/portal\\\/wp-content\\\/uploads\\\/2026\\\/07\\\/Carlos-Mesa-Brujula-Digital.webp\",\"datePublished\":\"2026-07-31T09:50:39+00:00\",\"breadcrumb\":{\"@id\":\"https:\\\/\\\/www.eldiario.net\\\/portal\\\/2026\\\/07\\\/31\\\/expresidente-mesa-considera-que-paz-debe-gobernar-en-alianza\\\/#breadcrumb\"},\"inLanguage\":\"es\",\"potentialAction\":[{\"@type\":\"ReadAction\",\"target\":[\"https:\\\/\\\/www.eldiario.net\\\/portal\\\/2026\\\/07\\\/31\\\/expresidente-mesa-considera-que-paz-debe-gobernar-en-alianza\\\/\"]}]},{\"@type\":\"ImageObject\",\"inLanguage\":\"es\",\"@id\":\"https:\\\/\\\/www.eldiario.net\\\/portal\\\/2026\\\/07\\\/31\\\/expresidente-mesa-considera-que-paz-debe-gobernar-en-alianza\\\/#primaryimage\",\"url\":\"https:\\\/\\\/www.eldiario.net\\\/portal\\\/wp-content\\\/uploads\\\/2026\\\/07\\\/Carlos-Mesa-Brujula-Digital.webp\",\"contentUrl\":\"https:\\\/\\\/www.eldiario.net\\\/portal\\\/wp-content\\\/uploads\\\/2026\\\/07\\\/Carlos-Mesa-Brujula-Digital.webp\",\"width\":720,\"height\":400,\"caption\":\"El expresidente Carlos Mesa habla en el programa Br\u00fajula Streaming\\\/Br\u00fajula Digital. CR\u00c9DITO: Br\u00fajula Digital\"},{\"@type\":\"BreadcrumbList\",\"@id\":\"https:\\\/\\\/www.eldiario.net\\\/portal\\\/2026\\\/07\\\/31\\\/expresidente-mesa-considera-que-paz-debe-gobernar-en-alianza\\\/#breadcrumb\",\"itemListElement\":[{\"@type\":\"ListItem\",\"position\":1,\"name\":\"Portada\",\"item\":\"https:\\\/\\\/www.eldiario.net\\\/portal\\\/\"},{\"@type\":\"ListItem\",\"position\":2,\"name\":\"Expresidente Mesa considera que Paz debe gobernar en \u201calianza\u201d\"}]},{\"@type\":\"WebSite\",\"@id\":\"https:\\\/\\\/www.eldiario.net\\\/portal\\\/#website\",\"url\":\"https:\\\/\\\/www.eldiario.net\\\/portal\\\/\",\"name\":\"El Diario - Decano de la prensa nacional\",\"description\":\"El Diario - Decano de la prensa nacional\",\"publisher\":{\"@id\":\"https:\\\/\\\/www.eldiario.net\\\/portal\\\/#organization\"},\"potentialAction\":[{\"@type\":\"SearchAction\",\"target\":{\"@type\":\"EntryPoint\",\"urlTemplate\":\"https:\\\/\\\/www.eldiario.net\\\/portal\\\/?s={search_term_string}\"},\"query-input\":{\"@type\":\"PropertyValueSpecification\",\"valueRequired\":true,\"valueName\":\"search_term_string\"}}],\"inLanguage\":\"es\"},{\"@type\":\"Organization\",\"@id\":\"https:\\\/\\\/www.eldiario.net\\\/portal\\\/#organization\",\"name\":\"El Diario - Decano de la prensa nacional\",\"url\":\"https:\\\/\\\/www.eldiario.net\\\/portal\\\/\",\"logo\":{\"@type\":\"ImageObject\",\"inLanguage\":\"es\",\"@id\":\"https:\\\/\\\/www.eldiario.net\\\/portal\\\/#\\\/schema\\\/logo\\\/image\\\/\",\"url\":\"https:\\\/\\\/www.eldiario.net\\\/portal\\\/wp-content\\\/uploads\\\/2023\\\/07\\\/logo_ED.jpg\",\"contentUrl\":\"https:\\\/\\\/www.eldiario.net\\\/portal\\\/wp-content\\\/uploads\\\/2023\\\/07\\\/logo_ED.jpg\",\"width\":272,\"height\":52,\"caption\":\"El Diario - Decano de la prensa nacional\"},\"image\":{\"@id\":\"https:\\\/\\\/www.eldiario.net\\\/portal\\\/#\\\/schema\\\/logo\\\/image\\\/\"},\"sameAs\":[\"https:\\\/\\\/www.facebook.com\\\/eldiario.bolivia\\\/\",\"https:\\\/\\\/x.com\\\/eldiario_net\"]},{\"@type\":\"Person\",\"@id\":\"https:\\\/\\\/www.eldiario.net\\\/portal\\\/#\\\/schema\\\/person\\\/f46445640444750d7d753ccd04ae01b7\",\"name\":\"Jeanette\",\"image\":{\"@type\":\"ImageObject\",\"inLanguage\":\"es\",\"@id\":\"https:\\\/\\\/secure.gravatar.com\\\/avatar\\\/3ea2118a5f7dad2b7138b1187a6b7ee55f160b9968b66013c3a3ef39dd7e5798?s=96&d=mm&r=g\",\"url\":\"https:\\\/\\\/secure.gravatar.com\\\/avatar\\\/3ea2118a5f7dad2b7138b1187a6b7ee55f160b9968b66013c3a3ef39dd7e5798?s=96&d=mm&r=g\",\"contentUrl\":\"https:\\\/\\\/secure.gravatar.com\\\/avatar\\\/3ea2118a5f7dad2b7138b1187a6b7ee55f160b9968b66013c3a3ef39dd7e5798?s=96&d=mm&r=g\",\"caption\":\"Jeanette\"},\"sameAs\":[\"https:\\\/\\\/www.eldiario.net\\\/portal\"],\"url\":\"https:\\\/\\\/www.eldiario.net\\\/portal\\\/author\\\/jeanette\\\/\"}]}<\/script>\n<!-- \/ Yoast SEO plugin. -->","yoast_head_json":{"title":"Expresidente Mesa considera que Paz debe gobernar en \u201calianza\u201d - El Diario - Bolivia","robots":{"index":"index","follow":"follow","max-snippet":"max-snippet:-1","max-image-preview":"max-image-preview:large","max-video-preview":"max-video-preview:-1"},"canonical":"https:\/\/www.eldiario.net\/portal\/2026\/07\/31\/expresidente-mesa-considera-que-paz-debe-gobernar-en-alianza\/","og_locale":"es_ES","og_type":"article","og_title":"Expresidente Mesa considera que Paz debe gobernar en \u201calianza\u201d - El Diario - Bolivia","og_description":"El expresidente Carlos Mesa afirm\u00f3 que el presidente Rodrigo Paz deber\u00eda impulsar una alianza de gobierno sustentada en un proyecto nacional de largo plazo y no limitarse a buscar una mayor\u00eda parlamentaria para garantizar la gobernabilidad. Mesa sostuvo al programa Br\u00fajula Streaming que los pactos pol\u00edticos son parte esencial del funcionamiento democr\u00e1tico y rechaz\u00f3 que [&hellip;]","og_url":"https:\/\/www.eldiario.net\/portal\/2026\/07\/31\/expresidente-mesa-considera-que-paz-debe-gobernar-en-alianza\/","og_site_name":"El Diario - Bolivia","article_publisher":"https:\/\/www.facebook.com\/eldiario.bolivia\/","article_published_time":"2026-07-31T09:50:39+00:00","og_image":[{"width":720,"height":400,"url":"https:\/\/www.eldiario.net\/portal\/wp-content\/uploads\/2026\/07\/Carlos-Mesa-Brujula-Digital.webp","type":"image\/webp"}],"author":"Jeanette","twitter_card":"summary_large_image","twitter_creator":"@eldiario_net","twitter_site":"@eldiario_net","twitter_misc":{"Escrito por":"Jeanette","Tiempo de lectura":"2 minutos"},"schema":{"@context":"https:\/\/schema.org","@graph":[{"@type":"Article","@id":"https:\/\/www.eldiario.net\/portal\/2026\/07\/31\/expresidente-mesa-considera-que-paz-debe-gobernar-en-alianza\/#article","isPartOf":{"@id":"https:\/\/www.eldiario.net\/portal\/2026\/07\/31\/expresidente-mesa-considera-que-paz-debe-gobernar-en-alianza\/"},"author":{"name":"Jeanette","@id":"https:\/\/www.eldiario.net\/portal\/#\/schema\/person\/f46445640444750d7d753ccd04ae01b7"},"headline":"Expresidente Mesa considera que Paz debe gobernar en \u201calianza\u201d","datePublished":"2026-07-31T09:50:39+00:00","mainEntityOfPage":{"@id":"https:\/\/www.eldiario.net\/portal\/2026\/07\/31\/expresidente-mesa-considera-que-paz-debe-gobernar-en-alianza\/"},"wordCount":395,"publisher":{"@id":"https:\/\/www.eldiario.net\/portal\/#organization"},"image":{"@id":"https:\/\/www.eldiario.net\/portal\/2026\/07\/31\/expresidente-mesa-considera-que-paz-debe-gobernar-en-alianza\/#primaryimage"},"thumbnailUrl":"https:\/\/www.eldiario.net\/portal\/wp-content\/uploads\/2026\/07\/Carlos-Mesa-Brujula-Digital.webp","articleSection":["Portada"],"inLanguage":"es"},{"@type":"WebPage","@id":"https:\/\/www.eldiario.net\/portal\/2026\/07\/31\/expresidente-mesa-considera-que-paz-debe-gobernar-en-alianza\/","url":"https:\/\/www.eldiario.net\/portal\/2026\/07\/31\/expresidente-mesa-considera-que-paz-debe-gobernar-en-alianza\/","name":"Expresidente Mesa considera que Paz debe gobernar en \u201calianza\u201d - El Diario - Bolivia","isPartOf":{"@id":"https:\/\/www.eldiario.net\/portal\/#website"},"primaryImageOfPage":{"@id":"https:\/\/www.eldiario.net\/portal\/2026\/07\/31\/expresidente-mesa-considera-que-paz-debe-gobernar-en-alianza\/#primaryimage"},"image":{"@id":"https:\/\/www.eldiario.net\/portal\/2026\/07\/31\/expresidente-mesa-considera-que-paz-debe-gobernar-en-alianza\/#primaryimage"},"thumbnailUrl":"https:\/\/www.eldiario.net\/portal\/wp-content\/uploads\/2026\/07\/Carlos-Mesa-Brujula-Digital.webp","datePublished":"2026-07-31T09:50:39+00:00","breadcrumb":{"@id":"https:\/\/www.eldiario.net\/portal\/2026\/07\/31\/expresidente-mesa-considera-que-paz-debe-gobernar-en-alianza\/#breadcrumb"},"inLanguage":"es","potentialAction":[{"@type":"ReadAction","target":["https:\/\/www.eldiario.net\/portal\/2026\/07\/31\/expresidente-mesa-considera-que-paz-debe-gobernar-en-alianza\/"]}]},{"@type":"ImageObject","inLanguage":"es","@id":"https:\/\/www.eldiario.net\/portal\/2026\/07\/31\/expresidente-mesa-considera-que-paz-debe-gobernar-en-alianza\/#primaryimage","url":"https:\/\/www.eldiario.net\/portal\/wp-content\/uploads\/2026\/07\/Carlos-Mesa-Brujula-Digital.webp","contentUrl":"https:\/\/www.eldiario.net\/portal\/wp-content\/uploads\/2026\/07\/Carlos-Mesa-Brujula-Digital.webp","width":720,"height":400,"caption":"El expresidente Carlos Mesa habla en el programa Br\u00fajula Streaming\/Br\u00fajula Digital. CR\u00c9DITO: Br\u00fajula Digital"},{"@type":"BreadcrumbList","@id":"https:\/\/www.eldiario.net\/portal\/2026\/07\/31\/expresidente-mesa-considera-que-paz-debe-gobernar-en-alianza\/#breadcrumb","itemListElement":[{"@type":"ListItem","position":1,"name":"Portada","item":"https:\/\/www.eldiario.net\/portal\/"},{"@type":"ListItem","position":2,"name":"Expresidente Mesa considera que Paz debe gobernar en \u201calianza\u201d"}]},{"@type":"WebSite","@id":"https:\/\/www.eldiario.net\/portal\/#website","url":"https:\/\/www.eldiario.net\/portal\/","name":"El Diario - Decano de la prensa nacional","description":"El Diario - Decano de la prensa nacional","publisher":{"@id":"https:\/\/www.eldiario.net\/portal\/#organization"},"potentialAction":[{"@type":"SearchAction","target":{"@type":"EntryPoint","urlTemplate":"https:\/\/www.eldiario.net\/portal\/?s={search_term_string}"},"query-input":{"@type":"PropertyValueSpecification","valueRequired":true,"valueName":"search_term_string"}}],"inLanguage":"es"},{"@type":"Organization","@id":"https:\/\/www.eldiario.net\/portal\/#organization","name":"El Diario - Decano de la prensa nacional","url":"https:\/\/www.eldiario.net\/portal\/","logo":{"@type":"ImageObject","inLanguage":"es","@id":"https:\/\/www.eldiario.net\/portal\/#\/schema\/logo\/image\/","url":"https:\/\/www.eldiario.net\/portal\/wp-content\/uploads\/2023\/07\/logo_ED.jpg","contentUrl":"https:\/\/www.eldiario.net\/portal\/wp-content\/uploads\/2023\/07\/logo_ED.jpg","width":272,"height":52,"caption":"El Diario - Decano de la prensa nacional"},"image":{"@id":"https:\/\/www.eldiario.net\/portal\/#\/schema\/logo\/image\/"},"sameAs":["https:\/\/www.facebook.com\/eldiario.bolivia\/","https:\/\/x.com\/eldiario_net"]},{"@type":"Person","@id":"https:\/\/www.eldiario.net\/portal\/#\/schema\/person\/f46445640444750d7d753ccd04ae01b7","name":"Jeanette","image":{"@type":"ImageObject","inLanguage":"es","@id":"https:\/\/secure.gravatar.com\/avatar\/3ea2118a5f7dad2b7138b1187a6b7ee55f160b9968b66013c3a3ef39dd7e5798?s=96&d=mm&r=g","url":"https:\/\/secure.gravatar.com\/avatar\/3ea2118a5f7dad2b7138b1187a6b7ee55f160b9968b66013c3a3ef39dd7e5798?s=96&d=mm&r=g","contentUrl":"https:\/\/secure.gravatar.com\/avatar\/3ea2118a5f7dad2b7138b1187a6b7ee55f160b9968b66013c3a3ef39dd7e5798?s=96&d=mm&r=g","caption":"Jeanette"},"sameAs":["https:\/\/www.eldiario.net\/portal"],"url":"https:\/\/www.eldiario.net\/portal\/author\/jeanette\/"}]}},"_links":{"self":[{"href":"https:\/\/www.eldiario.net\/portal\/wp-json\/wp\/v2\/posts\/417420","targetHints":{"allow":["GET"]}}],"collection":[{"href":"https:\/\/www.eldiario.net\/portal\/wp-json\/wp\/v2\/posts"}],"about":[{"href":"https:\/\/www.eldiario.net\/portal\/wp-json\/wp\/v2\/types\/post"}],"author":[{"embeddable":true,"href":"https:\/\/www.eldiario.net\/portal\/wp-json\/wp\/v2\/users\/1"}],"replies":[{"embeddable":true,"href":"https:\/\/www.eldiario.net\/portal\/wp-json\/wp\/v2\/comments?post=417420"}],"version-history":[{"count":1,"href":"https:\/\/www.eldiario.net\/portal\/wp-json\/wp\/v2\/posts\/417420\/revisions"}],"predecessor-version":[{"id":417422,"href":"https:\/\/www.eldiario.net\/portal\/wp-json\/wp\/v2\/posts\/417420\/revisions\/417422"}],"wp:featuredmedia":[{"embeddable":true,"href":"https:\/\/www.eldiario.net\/portal\/wp-json\/wp\/v2\/media\/417421"}],"wp:attachment":[{"href":"https:\/\/www.eldiario.net\/portal\/wp-json\/wp\/v2\/media?parent=417420"}],"wp:term":[{"taxonomy":"category","embeddable":true,"href":"https:\/\/www.eldiario.net\/portal\/wp-json\/wp\/v2\/categories?post=417420"},{"taxonomy":"post_tag","embeddable":true,"href":"https:\/\/www.eldiario.net\/portal\/wp-json\/wp\/v2\/tags?post=417420"}],"curies":[{"name":"wp","href":"https:\/\/api.w.org\/{rel}","templated":true}]}}