{"id":417172,"date":"2026-07-30T06:40:16","date_gmt":"2026-07-30T10:40:16","guid":{"rendered":"https:\/\/www.eldiario.net\/portal\/?p=417172"},"modified":"2026-07-30T06:40:16","modified_gmt":"2026-07-30T10:40:16","slug":"paz-plantea-convertir-a-bolivia-en-un-nodo-energetico-regional","status":"publish","type":"post","link":"https:\/\/www.eldiario.net\/portal\/2026\/07\/30\/paz-plantea-convertir-a-bolivia-en-un-nodo-energetico-regional\/","title":{"rendered":"Paz plantea convertir a Bolivia  en un nodo energ\u00e9tico regional"},"content":{"rendered":"<p>El primer Mandatario, Rodrigo Paz Pereira, afirm\u00f3 que su visita oficial al Per\u00fa, donde particip\u00f3 en la posesi\u00f3n de la nueva presidenta Keiko Fujimori, permiti\u00f3 consolidar acuerdos estrat\u00e9gicos para fortalecer la integraci\u00f3n regional, el comercio y la infraestructura, adem\u00e1s de abrir conversaciones con otros mandatarios para posicionar a Bolivia como un centro de distribuci\u00f3n energ\u00e9tica en Sudam\u00e9rica.<\/p>\n<p>Antes de retornar al pa\u00eds, el mandatario inform\u00f3 ayer que durante las reuniones bilaterales con la presidenta peruana se avanz\u00f3 en la reorganizaci\u00f3n del gabinete binacional y en tres proyectos prioritarios: la conectividad ferroviaria mediante el proyecto Guaqui para unir a Bolivia con Per\u00fa y Brasil, el relanzamiento del proyecto del puerto de Ilo como una salida segura al Pac\u00edfico para el comercio boliviano, y la construcci\u00f3n de la carretera Cobija-Extrema para conectar el norte amaz\u00f3nico con Guayaramer\u00edn e impulsar un corredor bioce\u00e1nico.<\/p>\n<p>Paz se\u00f1al\u00f3 que estos proyectos buscan facilitar el acceso de Bolivia a los mercados de la regi\u00f3n Asia-Pac\u00edfico, fortaleciendo el intercambio comercial con pa\u00edses del Pac\u00edfico y ampliando las oportunidades de exportaci\u00f3n.<\/p>\n<p>Asimismo, sostuvo conversaciones con el presidente de Argentina Javier Milei para abordar la integraci\u00f3n energ\u00e9tica. Explic\u00f3 que el norte argentino requiere mayor suministro de electricidad y que Bolivia cuenta con la infraestructura y la capacidad para proveer energ\u00eda, adem\u00e1s de aprovechar la red de ductos existente. Agreg\u00f3 que tambi\u00e9n se inici\u00f3 acercamientos con Paraguay con el objetivo de convertir al pa\u00eds en un nodo regional de distribuci\u00f3n energ\u00e9tica.<\/p>\n<p>Respecto a la agenda interna, el jefe de Estado indic\u00f3 que, una vez en Bolivia, priorizar\u00e1 la aprobaci\u00f3n del Presupuesto General del Estado (PGE) reformulado en el Senado y el avance de reformas estructurales mediante nuevas leyes de inversiones, hidrocarburos y miner\u00eda, que actualmente se encuentran en proceso de socializaci\u00f3n antes de su tratamiento legislativo.<\/p>\n<p>Finalmente, el mandatario asegur\u00f3 que la propuesta \u201c50\/50\u201d forma parte de un cambio estructural del Estado orientado a profundizar las autonom\u00edas, descentralizar competencias y fortalecer las capacidades econ\u00f3micas de las regiones. \u201cEste es el a\u00f1o de reordenar la casa para despegar de buena manera\u201d, afirm\u00f3. (Br\u00fajula Digital)<\/p>\n<p>&nbsp;<\/p>\n","protected":false},"excerpt":{"rendered":"<p>El primer Mandatario, Rodrigo Paz Pereira, afirm\u00f3 que su visita oficial al Per\u00fa, donde particip\u00f3 en la posesi\u00f3n de la nueva presidenta Keiko Fujimori, permiti\u00f3 consolidar acuerdos estrat\u00e9gicos para fortalecer la integraci\u00f3n regional, el comercio y la infraestructura, adem\u00e1s de abrir conversaciones con otros mandatarios para posicionar a Bolivia como un centro de distribuci\u00f3n energ\u00e9tica [&hellip;]<\/p>\n","protected":false},"author":1,"featured_media":417173,"comment_status":"closed","ping_status":"open","sticky":false,"template":"","format":"standard","meta":{"_acf_changed":false,"footnotes":""},"categories":[15],"tags":[],"class_list":["post-417172","post","type-post","status-publish","format-standard","has-post-thumbnail","category-portada"],"acf":{"antetitulo":""},"yoast_head":"<!-- This site is optimized with the Yoast SEO plugin v28.4 - https:\/\/yoast.com\/product\/yoast-seo-wordpress\/ -->\n<title>Paz plantea convertir a Bolivia en un nodo energ\u00e9tico regional - El Diario - Bolivia<\/title>\n<meta name=\"robots\" content=\"index, follow, max-snippet:-1, max-image-preview:large, max-video-preview:-1\" \/>\n<link rel=\"canonical\" href=\"https:\/\/www.eldiario.net\/portal\/2026\/07\/30\/paz-plantea-convertir-a-bolivia-en-un-nodo-energetico-regional\/\" \/>\n<meta property=\"og:locale\" content=\"es_ES\" \/>\n<meta property=\"og:type\" content=\"article\" \/>\n<meta property=\"og:title\" content=\"Paz plantea convertir a Bolivia en un nodo energ\u00e9tico regional - El Diario - Bolivia\" \/>\n<meta property=\"og:description\" content=\"El primer Mandatario, Rodrigo Paz Pereira, afirm\u00f3 que su visita oficial al Per\u00fa, donde particip\u00f3 en la posesi\u00f3n de la nueva presidenta Keiko Fujimori, permiti\u00f3 consolidar acuerdos estrat\u00e9gicos para fortalecer la integraci\u00f3n regional, el comercio y la infraestructura, adem\u00e1s de abrir conversaciones con otros mandatarios para posicionar a Bolivia como un centro de distribuci\u00f3n energ\u00e9tica [&hellip;]\" \/>\n<meta property=\"og:url\" content=\"https:\/\/www.eldiario.net\/portal\/2026\/07\/30\/paz-plantea-convertir-a-bolivia-en-un-nodo-energetico-regional\/\" \/>\n<meta property=\"og:site_name\" content=\"El Diario - Bolivia\" \/>\n<meta property=\"article:publisher\" content=\"https:\/\/www.facebook.com\/eldiario.bolivia\/\" \/>\n<meta property=\"article:published_time\" content=\"2026-07-30T10:40:16+00:00\" \/>\n<meta property=\"og:image\" content=\"https:\/\/www.eldiario.net\/portal\/wp-content\/uploads\/2026\/07\/CONVERTIR-FOTO.webp\" \/>\n\t<meta property=\"og:image:width\" content=\"720\" \/>\n\t<meta property=\"og:image:height\" content=\"399\" \/>\n\t<meta property=\"og:image:type\" content=\"image\/webp\" \/>\n<meta name=\"author\" content=\"Jeanette\" \/>\n<meta name=\"twitter:card\" content=\"summary_large_image\" \/>\n<meta name=\"twitter:creator\" content=\"@eldiario_net\" \/>\n<meta name=\"twitter:site\" content=\"@eldiario_net\" \/>\n<meta name=\"twitter:label1\" content=\"Escrito por\" \/>\n\t<meta name=\"twitter:data1\" content=\"Jeanette\" \/>\n\t<meta name=\"twitter:label2\" content=\"Tiempo de lectura\" \/>\n\t<meta name=\"twitter:data2\" content=\"2 minutos\" \/>\n<script type=\"application\/ld+json\" class=\"yoast-schema-graph\">{\"@context\":\"https:\\\/\\\/schema.org\",\"@graph\":[{\"@type\":\"Article\",\"@id\":\"https:\\\/\\\/www.eldiario.net\\\/portal\\\/2026\\\/07\\\/30\\\/paz-plantea-convertir-a-bolivia-en-un-nodo-energetico-regional\\\/#article\",\"isPartOf\":{\"@id\":\"https:\\\/\\\/www.eldiario.net\\\/portal\\\/2026\\\/07\\\/30\\\/paz-plantea-convertir-a-bolivia-en-un-nodo-energetico-regional\\\/\"},\"author\":{\"name\":\"Jeanette\",\"@id\":\"https:\\\/\\\/www.eldiario.net\\\/portal\\\/#\\\/schema\\\/person\\\/f46445640444750d7d753ccd04ae01b7\"},\"headline\":\"Paz plantea convertir a Bolivia en un nodo energ\u00e9tico regional\",\"datePublished\":\"2026-07-30T10:40:16+00:00\",\"mainEntityOfPage\":{\"@id\":\"https:\\\/\\\/www.eldiario.net\\\/portal\\\/2026\\\/07\\\/30\\\/paz-plantea-convertir-a-bolivia-en-un-nodo-energetico-regional\\\/\"},\"wordCount\":388,\"publisher\":{\"@id\":\"https:\\\/\\\/www.eldiario.net\\\/portal\\\/#organization\"},\"image\":{\"@id\":\"https:\\\/\\\/www.eldiario.net\\\/portal\\\/2026\\\/07\\\/30\\\/paz-plantea-convertir-a-bolivia-en-un-nodo-energetico-regional\\\/#primaryimage\"},\"thumbnailUrl\":\"https:\\\/\\\/www.eldiario.net\\\/portal\\\/wp-content\\\/uploads\\\/2026\\\/07\\\/CONVERTIR-FOTO.webp\",\"articleSection\":[\"Portada\"],\"inLanguage\":\"es\"},{\"@type\":\"WebPage\",\"@id\":\"https:\\\/\\\/www.eldiario.net\\\/portal\\\/2026\\\/07\\\/30\\\/paz-plantea-convertir-a-bolivia-en-un-nodo-energetico-regional\\\/\",\"url\":\"https:\\\/\\\/www.eldiario.net\\\/portal\\\/2026\\\/07\\\/30\\\/paz-plantea-convertir-a-bolivia-en-un-nodo-energetico-regional\\\/\",\"name\":\"Paz plantea convertir a Bolivia en un nodo energ\u00e9tico regional - El Diario - Bolivia\",\"isPartOf\":{\"@id\":\"https:\\\/\\\/www.eldiario.net\\\/portal\\\/#website\"},\"primaryImageOfPage\":{\"@id\":\"https:\\\/\\\/www.eldiario.net\\\/portal\\\/2026\\\/07\\\/30\\\/paz-plantea-convertir-a-bolivia-en-un-nodo-energetico-regional\\\/#primaryimage\"},\"image\":{\"@id\":\"https:\\\/\\\/www.eldiario.net\\\/portal\\\/2026\\\/07\\\/30\\\/paz-plantea-convertir-a-bolivia-en-un-nodo-energetico-regional\\\/#primaryimage\"},\"thumbnailUrl\":\"https:\\\/\\\/www.eldiario.net\\\/portal\\\/wp-content\\\/uploads\\\/2026\\\/07\\\/CONVERTIR-FOTO.webp\",\"datePublished\":\"2026-07-30T10:40:16+00:00\",\"breadcrumb\":{\"@id\":\"https:\\\/\\\/www.eldiario.net\\\/portal\\\/2026\\\/07\\\/30\\\/paz-plantea-convertir-a-bolivia-en-un-nodo-energetico-regional\\\/#breadcrumb\"},\"inLanguage\":\"es\",\"potentialAction\":[{\"@type\":\"ReadAction\",\"target\":[\"https:\\\/\\\/www.eldiario.net\\\/portal\\\/2026\\\/07\\\/30\\\/paz-plantea-convertir-a-bolivia-en-un-nodo-energetico-regional\\\/\"]}]},{\"@type\":\"ImageObject\",\"inLanguage\":\"es\",\"@id\":\"https:\\\/\\\/www.eldiario.net\\\/portal\\\/2026\\\/07\\\/30\\\/paz-plantea-convertir-a-bolivia-en-un-nodo-energetico-regional\\\/#primaryimage\",\"url\":\"https:\\\/\\\/www.eldiario.net\\\/portal\\\/wp-content\\\/uploads\\\/2026\\\/07\\\/CONVERTIR-FOTO.webp\",\"contentUrl\":\"https:\\\/\\\/www.eldiario.net\\\/portal\\\/wp-content\\\/uploads\\\/2026\\\/07\\\/CONVERTIR-FOTO.webp\",\"width\":720,\"height\":399,\"caption\":\"El presidente Rodrigo Paz en su visita a Per\u00fa. Foto: BD\"},{\"@type\":\"BreadcrumbList\",\"@id\":\"https:\\\/\\\/www.eldiario.net\\\/portal\\\/2026\\\/07\\\/30\\\/paz-plantea-convertir-a-bolivia-en-un-nodo-energetico-regional\\\/#breadcrumb\",\"itemListElement\":[{\"@type\":\"ListItem\",\"position\":1,\"name\":\"Portada\",\"item\":\"https:\\\/\\\/www.eldiario.net\\\/portal\\\/\"},{\"@type\":\"ListItem\",\"position\":2,\"name\":\"Paz plantea convertir a Bolivia en un nodo energ\u00e9tico regional\"}]},{\"@type\":\"WebSite\",\"@id\":\"https:\\\/\\\/www.eldiario.net\\\/portal\\\/#website\",\"url\":\"https:\\\/\\\/www.eldiario.net\\\/portal\\\/\",\"name\":\"El Diario - Decano de la prensa nacional\",\"description\":\"El Diario - Decano de la prensa nacional\",\"publisher\":{\"@id\":\"https:\\\/\\\/www.eldiario.net\\\/portal\\\/#organization\"},\"potentialAction\":[{\"@type\":\"SearchAction\",\"target\":{\"@type\":\"EntryPoint\",\"urlTemplate\":\"https:\\\/\\\/www.eldiario.net\\\/portal\\\/?s={search_term_string}\"},\"query-input\":{\"@type\":\"PropertyValueSpecification\",\"valueRequired\":true,\"valueName\":\"search_term_string\"}}],\"inLanguage\":\"es\"},{\"@type\":\"Organization\",\"@id\":\"https:\\\/\\\/www.eldiario.net\\\/portal\\\/#organization\",\"name\":\"El Diario - Decano de la prensa nacional\",\"url\":\"https:\\\/\\\/www.eldiario.net\\\/portal\\\/\",\"logo\":{\"@type\":\"ImageObject\",\"inLanguage\":\"es\",\"@id\":\"https:\\\/\\\/www.eldiario.net\\\/portal\\\/#\\\/schema\\\/logo\\\/image\\\/\",\"url\":\"https:\\\/\\\/www.eldiario.net\\\/portal\\\/wp-content\\\/uploads\\\/2023\\\/07\\\/logo_ED.jpg\",\"contentUrl\":\"https:\\\/\\\/www.eldiario.net\\\/portal\\\/wp-content\\\/uploads\\\/2023\\\/07\\\/logo_ED.jpg\",\"width\":272,\"height\":52,\"caption\":\"El Diario - Decano de la prensa nacional\"},\"image\":{\"@id\":\"https:\\\/\\\/www.eldiario.net\\\/portal\\\/#\\\/schema\\\/logo\\\/image\\\/\"},\"sameAs\":[\"https:\\\/\\\/www.facebook.com\\\/eldiario.bolivia\\\/\",\"https:\\\/\\\/x.com\\\/eldiario_net\"]},{\"@type\":\"Person\",\"@id\":\"https:\\\/\\\/www.eldiario.net\\\/portal\\\/#\\\/schema\\\/person\\\/f46445640444750d7d753ccd04ae01b7\",\"name\":\"Jeanette\",\"image\":{\"@type\":\"ImageObject\",\"inLanguage\":\"es\",\"@id\":\"https:\\\/\\\/secure.gravatar.com\\\/avatar\\\/3ea2118a5f7dad2b7138b1187a6b7ee55f160b9968b66013c3a3ef39dd7e5798?s=96&d=mm&r=g\",\"url\":\"https:\\\/\\\/secure.gravatar.com\\\/avatar\\\/3ea2118a5f7dad2b7138b1187a6b7ee55f160b9968b66013c3a3ef39dd7e5798?s=96&d=mm&r=g\",\"contentUrl\":\"https:\\\/\\\/secure.gravatar.com\\\/avatar\\\/3ea2118a5f7dad2b7138b1187a6b7ee55f160b9968b66013c3a3ef39dd7e5798?s=96&d=mm&r=g\",\"caption\":\"Jeanette\"},\"sameAs\":[\"https:\\\/\\\/www.eldiario.net\\\/portal\"],\"url\":\"https:\\\/\\\/www.eldiario.net\\\/portal\\\/author\\\/jeanette\\\/\"}]}<\/script>\n<!-- \/ Yoast SEO plugin. -->","yoast_head_json":{"title":"Paz plantea convertir a Bolivia en un nodo energ\u00e9tico regional - El Diario - Bolivia","robots":{"index":"index","follow":"follow","max-snippet":"max-snippet:-1","max-image-preview":"max-image-preview:large","max-video-preview":"max-video-preview:-1"},"canonical":"https:\/\/www.eldiario.net\/portal\/2026\/07\/30\/paz-plantea-convertir-a-bolivia-en-un-nodo-energetico-regional\/","og_locale":"es_ES","og_type":"article","og_title":"Paz plantea convertir a Bolivia en un nodo energ\u00e9tico regional - El Diario - Bolivia","og_description":"El primer Mandatario, Rodrigo Paz Pereira, afirm\u00f3 que su visita oficial al Per\u00fa, donde particip\u00f3 en la posesi\u00f3n de la nueva presidenta Keiko Fujimori, permiti\u00f3 consolidar acuerdos estrat\u00e9gicos para fortalecer la integraci\u00f3n regional, el comercio y la infraestructura, adem\u00e1s de abrir conversaciones con otros mandatarios para posicionar a Bolivia como un centro de distribuci\u00f3n energ\u00e9tica [&hellip;]","og_url":"https:\/\/www.eldiario.net\/portal\/2026\/07\/30\/paz-plantea-convertir-a-bolivia-en-un-nodo-energetico-regional\/","og_site_name":"El Diario - Bolivia","article_publisher":"https:\/\/www.facebook.com\/eldiario.bolivia\/","article_published_time":"2026-07-30T10:40:16+00:00","og_image":[{"width":720,"height":399,"url":"https:\/\/www.eldiario.net\/portal\/wp-content\/uploads\/2026\/07\/CONVERTIR-FOTO.webp","type":"image\/webp"}],"author":"Jeanette","twitter_card":"summary_large_image","twitter_creator":"@eldiario_net","twitter_site":"@eldiario_net","twitter_misc":{"Escrito por":"Jeanette","Tiempo de lectura":"2 minutos"},"schema":{"@context":"https:\/\/schema.org","@graph":[{"@type":"Article","@id":"https:\/\/www.eldiario.net\/portal\/2026\/07\/30\/paz-plantea-convertir-a-bolivia-en-un-nodo-energetico-regional\/#article","isPartOf":{"@id":"https:\/\/www.eldiario.net\/portal\/2026\/07\/30\/paz-plantea-convertir-a-bolivia-en-un-nodo-energetico-regional\/"},"author":{"name":"Jeanette","@id":"https:\/\/www.eldiario.net\/portal\/#\/schema\/person\/f46445640444750d7d753ccd04ae01b7"},"headline":"Paz plantea convertir a Bolivia en un nodo energ\u00e9tico regional","datePublished":"2026-07-30T10:40:16+00:00","mainEntityOfPage":{"@id":"https:\/\/www.eldiario.net\/portal\/2026\/07\/30\/paz-plantea-convertir-a-bolivia-en-un-nodo-energetico-regional\/"},"wordCount":388,"publisher":{"@id":"https:\/\/www.eldiario.net\/portal\/#organization"},"image":{"@id":"https:\/\/www.eldiario.net\/portal\/2026\/07\/30\/paz-plantea-convertir-a-bolivia-en-un-nodo-energetico-regional\/#primaryimage"},"thumbnailUrl":"https:\/\/www.eldiario.net\/portal\/wp-content\/uploads\/2026\/07\/CONVERTIR-FOTO.webp","articleSection":["Portada"],"inLanguage":"es"},{"@type":"WebPage","@id":"https:\/\/www.eldiario.net\/portal\/2026\/07\/30\/paz-plantea-convertir-a-bolivia-en-un-nodo-energetico-regional\/","url":"https:\/\/www.eldiario.net\/portal\/2026\/07\/30\/paz-plantea-convertir-a-bolivia-en-un-nodo-energetico-regional\/","name":"Paz plantea convertir a Bolivia en un nodo energ\u00e9tico regional - El Diario - Bolivia","isPartOf":{"@id":"https:\/\/www.eldiario.net\/portal\/#website"},"primaryImageOfPage":{"@id":"https:\/\/www.eldiario.net\/portal\/2026\/07\/30\/paz-plantea-convertir-a-bolivia-en-un-nodo-energetico-regional\/#primaryimage"},"image":{"@id":"https:\/\/www.eldiario.net\/portal\/2026\/07\/30\/paz-plantea-convertir-a-bolivia-en-un-nodo-energetico-regional\/#primaryimage"},"thumbnailUrl":"https:\/\/www.eldiario.net\/portal\/wp-content\/uploads\/2026\/07\/CONVERTIR-FOTO.webp","datePublished":"2026-07-30T10:40:16+00:00","breadcrumb":{"@id":"https:\/\/www.eldiario.net\/portal\/2026\/07\/30\/paz-plantea-convertir-a-bolivia-en-un-nodo-energetico-regional\/#breadcrumb"},"inLanguage":"es","potentialAction":[{"@type":"ReadAction","target":["https:\/\/www.eldiario.net\/portal\/2026\/07\/30\/paz-plantea-convertir-a-bolivia-en-un-nodo-energetico-regional\/"]}]},{"@type":"ImageObject","inLanguage":"es","@id":"https:\/\/www.eldiario.net\/portal\/2026\/07\/30\/paz-plantea-convertir-a-bolivia-en-un-nodo-energetico-regional\/#primaryimage","url":"https:\/\/www.eldiario.net\/portal\/wp-content\/uploads\/2026\/07\/CONVERTIR-FOTO.webp","contentUrl":"https:\/\/www.eldiario.net\/portal\/wp-content\/uploads\/2026\/07\/CONVERTIR-FOTO.webp","width":720,"height":399,"caption":"El presidente Rodrigo Paz en su visita a Per\u00fa. Foto: BD"},{"@type":"BreadcrumbList","@id":"https:\/\/www.eldiario.net\/portal\/2026\/07\/30\/paz-plantea-convertir-a-bolivia-en-un-nodo-energetico-regional\/#breadcrumb","itemListElement":[{"@type":"ListItem","position":1,"name":"Portada","item":"https:\/\/www.eldiario.net\/portal\/"},{"@type":"ListItem","position":2,"name":"Paz plantea convertir a Bolivia en un nodo energ\u00e9tico regional"}]},{"@type":"WebSite","@id":"https:\/\/www.eldiario.net\/portal\/#website","url":"https:\/\/www.eldiario.net\/portal\/","name":"El Diario - Decano de la prensa nacional","description":"El Diario - Decano de la prensa nacional","publisher":{"@id":"https:\/\/www.eldiario.net\/portal\/#organization"},"potentialAction":[{"@type":"SearchAction","target":{"@type":"EntryPoint","urlTemplate":"https:\/\/www.eldiario.net\/portal\/?s={search_term_string}"},"query-input":{"@type":"PropertyValueSpecification","valueRequired":true,"valueName":"search_term_string"}}],"inLanguage":"es"},{"@type":"Organization","@id":"https:\/\/www.eldiario.net\/portal\/#organization","name":"El Diario - Decano de la prensa nacional","url":"https:\/\/www.eldiario.net\/portal\/","logo":{"@type":"ImageObject","inLanguage":"es","@id":"https:\/\/www.eldiario.net\/portal\/#\/schema\/logo\/image\/","url":"https:\/\/www.eldiario.net\/portal\/wp-content\/uploads\/2023\/07\/logo_ED.jpg","contentUrl":"https:\/\/www.eldiario.net\/portal\/wp-content\/uploads\/2023\/07\/logo_ED.jpg","width":272,"height":52,"caption":"El Diario - Decano de la prensa nacional"},"image":{"@id":"https:\/\/www.eldiario.net\/portal\/#\/schema\/logo\/image\/"},"sameAs":["https:\/\/www.facebook.com\/eldiario.bolivia\/","https:\/\/x.com\/eldiario_net"]},{"@type":"Person","@id":"https:\/\/www.eldiario.net\/portal\/#\/schema\/person\/f46445640444750d7d753ccd04ae01b7","name":"Jeanette","image":{"@type":"ImageObject","inLanguage":"es","@id":"https:\/\/secure.gravatar.com\/avatar\/3ea2118a5f7dad2b7138b1187a6b7ee55f160b9968b66013c3a3ef39dd7e5798?s=96&d=mm&r=g","url":"https:\/\/secure.gravatar.com\/avatar\/3ea2118a5f7dad2b7138b1187a6b7ee55f160b9968b66013c3a3ef39dd7e5798?s=96&d=mm&r=g","contentUrl":"https:\/\/secure.gravatar.com\/avatar\/3ea2118a5f7dad2b7138b1187a6b7ee55f160b9968b66013c3a3ef39dd7e5798?s=96&d=mm&r=g","caption":"Jeanette"},"sameAs":["https:\/\/www.eldiario.net\/portal"],"url":"https:\/\/www.eldiario.net\/portal\/author\/jeanette\/"}]}},"_links":{"self":[{"href":"https:\/\/www.eldiario.net\/portal\/wp-json\/wp\/v2\/posts\/417172","targetHints":{"allow":["GET"]}}],"collection":[{"href":"https:\/\/www.eldiario.net\/portal\/wp-json\/wp\/v2\/posts"}],"about":[{"href":"https:\/\/www.eldiario.net\/portal\/wp-json\/wp\/v2\/types\/post"}],"author":[{"embeddable":true,"href":"https:\/\/www.eldiario.net\/portal\/wp-json\/wp\/v2\/users\/1"}],"replies":[{"embeddable":true,"href":"https:\/\/www.eldiario.net\/portal\/wp-json\/wp\/v2\/comments?post=417172"}],"version-history":[{"count":1,"href":"https:\/\/www.eldiario.net\/portal\/wp-json\/wp\/v2\/posts\/417172\/revisions"}],"predecessor-version":[{"id":417174,"href":"https:\/\/www.eldiario.net\/portal\/wp-json\/wp\/v2\/posts\/417172\/revisions\/417174"}],"wp:featuredmedia":[{"embeddable":true,"href":"https:\/\/www.eldiario.net\/portal\/wp-json\/wp\/v2\/media\/417173"}],"wp:attachment":[{"href":"https:\/\/www.eldiario.net\/portal\/wp-json\/wp\/v2\/media?parent=417172"}],"wp:term":[{"taxonomy":"category","embeddable":true,"href":"https:\/\/www.eldiario.net\/portal\/wp-json\/wp\/v2\/categories?post=417172"},{"taxonomy":"post_tag","embeddable":true,"href":"https:\/\/www.eldiario.net\/portal\/wp-json\/wp\/v2\/tags?post=417172"}],"curies":[{"name":"wp","href":"https:\/\/api.w.org\/{rel}","templated":true}]}}