{"id":417159,"date":"2026-07-30T06:38:23","date_gmt":"2026-07-30T10:38:23","guid":{"rendered":"https:\/\/www.eldiario.net\/portal\/?p=417159"},"modified":"2026-07-30T06:38:23","modified_gmt":"2026-07-30T10:38:23","slug":"fil-la-paz-abre-con-mas-de-500-actividades","status":"publish","type":"post","link":"https:\/\/www.eldiario.net\/portal\/2026\/07\/30\/fil-la-paz-abre-con-mas-de-500-actividades\/","title":{"rendered":"FIL La Paz abre con  m\u00e1s de 500 actividades"},"content":{"rendered":"<p>La trig\u00e9sima edici\u00f3n de la Feria Internacional del Libro de La Paz abri\u00f3 sus puertas anoche en el Campo Ferial Chuquiago Marka, con m\u00e1s de 500 actividades culturales y literarias programadas hasta el domingo 9 de agosto.<\/p>\n<p>Durante el acto inaugural, el canciller Fernando Aramayo destac\u00f3 que los libros, la lectura y la producci\u00f3n editorial forman parte del patrimonio cultural del pa\u00eds. Se\u00f1al\u00f3 que una naci\u00f3n tambi\u00e9n se construye \u201ccon ideas, conocimiento y cultura\u201d.<\/p>\n<p>Aramayo afirm\u00f3 adem\u00e1s que la promoci\u00f3n de la lectura fortalece la identidad, la democracia y el desarrollo nacional.<\/p>\n<p>El acto de inauguraci\u00f3n reuni\u00f3 a autoridades nacionales, departamentales y municipales, adem\u00e1s del embajador de Per\u00fa en Bolivia, Carlos Daniel Ch\u00e1vez, pa\u00eds invitado de honor de esta edici\u00f3n que conmemora los 200 a\u00f1os de relaciones diplom\u00e1ticas entre ambas naciones.<\/p>\n<p>Durante 12 d\u00edas, uno de los encuentros culturales m\u00e1s importantes del pa\u00eds reunir\u00e1 a m\u00e1s de 200 expositores, entre editoriales, librer\u00edas, escritores, lectores e instituciones culturales. La programaci\u00f3n se desarrollar\u00e1 en los diferentes bloques del recinto ferial, ubicado en la zona Sur de la ciudad de La Paz.<\/p>\n<p>La agenda incluye presentaciones de libros, conversatorios, conciertos, talleres infantiles, exposiciones y espacios dedicados al cine, la historia y el encuentro con autores. Escritores, artistas, investigadores y gestores culturales de Bolivia y otros pa\u00edses participar\u00e1n en las actividades.<\/p>\n<p>Esta edici\u00f3n conmemora los 30 a\u00f1os de la FIL La Paz y tiene a Per\u00fa como pa\u00eds invitado de honor. El Campo Ferial Chuquiago Marka atender\u00e1 al p\u00fablico de 14:00 a 23:00 durante los 12 d\u00edas del evento.<\/p>\n<p>La entrada general cuesta Bs 15. Los menores de 12 a\u00f1os y los adultos mayores de 65 a\u00f1os tendr\u00e1n ingreso gratuito, mientras que los estudiantes universitarios acceder\u00e1n a una tarifa reducida, previa presentaci\u00f3n de la documentaci\u00f3n correspondiente.<\/p>\n<p>Entre las actividades destacadas se encuentra la presentaci\u00f3n de la cantante Mayra Gonzales, prevista para el jueves 30 de julio en el escenario principal.<\/p>\n<p>El viernes 31 de julio se desarrollar\u00e1 el conversatorio \u201cDi\u00e1logos sobre la ciudad y los perros\u201d, en homenaje a la obra del escritor peruano Mario Vargas Llosa.<\/p>\n<p>El s\u00e1bado 1 de agosto se presentar\u00e1 el libro \u201cLa Guerra del Chaco lejos de las trincheras\u201d, de Gladys D\u00e1valos Arze. Ese mismo d\u00eda, desde las 20:00, Luzmila Carpio ofrecer\u00e1 un concierto organizado por el Fondo para el Desarrollo de los Pueblos Ind\u00edgenas de Am\u00e9rica Latina y el Caribe y la C\u00e1mara Departamental del Libro de La Paz.<\/p>\n<p>La agenda continuar\u00e1 el domingo 2 de agosto con la presentaci\u00f3n del libro \u201cCinemateca Boliviana: toda una historia\u201d, del expresidente Carlos Mesa.<\/p>\n<p>El lunes 3 de agosto, Rodrigo Reyes R\u00edo presentar\u00e1 su obra \u201cLuciendo la historia. Bol\u00edvar y sus camisetas\u201d.<\/p>\n<p>La programaci\u00f3n continuar\u00e1 hasta el domingo 9 de agosto con una amplia oferta de actividades culturales y literarias. La organizaci\u00f3n invit\u00f3 a la poblaci\u00f3n a visitar la feria y participar en los actos previstos durante los 12 d\u00edas del encuentro.<\/p>\n<p><img loading=\"lazy\" decoding=\"async\" class=\"aligncenter size-full wp-image-417161\" src=\"https:\/\/www.eldiario.net\/portal\/wp-content\/uploads\/2026\/07\/PAZLIBRO-FOTO-2.webp\" alt=\"\" width=\"1600\" height=\"1067\" srcset=\"https:\/\/www.eldiario.net\/portal\/wp-content\/uploads\/2026\/07\/PAZLIBRO-FOTO-2.webp 1600w, https:\/\/www.eldiario.net\/portal\/wp-content\/uploads\/2026\/07\/PAZLIBRO-FOTO-2-300x200.webp 300w, https:\/\/www.eldiario.net\/portal\/wp-content\/uploads\/2026\/07\/PAZLIBRO-FOTO-2-1024x683.webp 1024w, https:\/\/www.eldiario.net\/portal\/wp-content\/uploads\/2026\/07\/PAZLIBRO-FOTO-2-768x512.webp 768w, https:\/\/www.eldiario.net\/portal\/wp-content\/uploads\/2026\/07\/PAZLIBRO-FOTO-2-1536x1024.webp 1536w, https:\/\/www.eldiario.net\/portal\/wp-content\/uploads\/2026\/07\/PAZLIBRO-FOTO-2-630x420.webp 630w, https:\/\/www.eldiario.net\/portal\/wp-content\/uploads\/2026\/07\/PAZLIBRO-FOTO-2-150x100.webp 150w, https:\/\/www.eldiario.net\/portal\/wp-content\/uploads\/2026\/07\/PAZLIBRO-FOTO-2-696x464.webp 696w, https:\/\/www.eldiario.net\/portal\/wp-content\/uploads\/2026\/07\/PAZLIBRO-FOTO-2-1068x712.webp 1068w\" sizes=\"auto, (max-width: 1600px) 100vw, 1600px\" \/><\/p>\n","protected":false},"excerpt":{"rendered":"<p>La trig\u00e9sima edici\u00f3n de la Feria Internacional del Libro de La Paz abri\u00f3 sus puertas anoche en el Campo Ferial Chuquiago Marka, con m\u00e1s de 500 actividades culturales y literarias programadas hasta el domingo 9 de agosto. Durante el acto inaugural, el canciller Fernando Aramayo destac\u00f3 que los libros, la lectura y la producci\u00f3n editorial [&hellip;]<\/p>\n","protected":false},"author":1,"featured_media":417160,"comment_status":"closed","ping_status":"open","sticky":false,"template":"","format":"standard","meta":{"_acf_changed":false,"footnotes":""},"categories":[15],"tags":[],"class_list":["post-417159","post","type-post","status-publish","format-standard","has-post-thumbnail","category-portada"],"acf":{"antetitulo":""},"yoast_head":"<!-- This site is optimized with the Yoast SEO plugin v28.4 - https:\/\/yoast.com\/product\/yoast-seo-wordpress\/ -->\n<title>FIL La Paz abre con m\u00e1s de 500 actividades - El Diario - Bolivia<\/title>\n<meta name=\"robots\" content=\"index, follow, max-snippet:-1, max-image-preview:large, max-video-preview:-1\" \/>\n<link rel=\"canonical\" href=\"https:\/\/www.eldiario.net\/portal\/2026\/07\/30\/fil-la-paz-abre-con-mas-de-500-actividades\/\" \/>\n<meta property=\"og:locale\" content=\"es_ES\" \/>\n<meta property=\"og:type\" content=\"article\" \/>\n<meta property=\"og:title\" content=\"FIL La Paz abre con m\u00e1s de 500 actividades - El Diario - Bolivia\" \/>\n<meta property=\"og:description\" content=\"La trig\u00e9sima edici\u00f3n de la Feria Internacional del Libro de La Paz abri\u00f3 sus puertas anoche en el Campo Ferial Chuquiago Marka, con m\u00e1s de 500 actividades culturales y literarias programadas hasta el domingo 9 de agosto. Durante el acto inaugural, el canciller Fernando Aramayo destac\u00f3 que los libros, la lectura y la producci\u00f3n editorial [&hellip;]\" \/>\n<meta property=\"og:url\" content=\"https:\/\/www.eldiario.net\/portal\/2026\/07\/30\/fil-la-paz-abre-con-mas-de-500-actividades\/\" \/>\n<meta property=\"og:site_name\" content=\"El Diario - Bolivia\" \/>\n<meta property=\"article:publisher\" content=\"https:\/\/www.facebook.com\/eldiario.bolivia\/\" \/>\n<meta property=\"article:published_time\" content=\"2026-07-30T10:38:23+00:00\" \/>\n<meta property=\"og:image\" content=\"https:\/\/www.eldiario.net\/portal\/wp-content\/uploads\/2026\/07\/PAZLIBRO-FOTO-1.webp\" \/>\n\t<meta property=\"og:image:width\" content=\"1124\" \/>\n\t<meta property=\"og:image:height\" content=\"750\" \/>\n\t<meta property=\"og:image:type\" content=\"image\/webp\" \/>\n<meta name=\"author\" content=\"Jeanette\" \/>\n<meta name=\"twitter:card\" content=\"summary_large_image\" \/>\n<meta name=\"twitter:creator\" content=\"@eldiario_net\" \/>\n<meta name=\"twitter:site\" content=\"@eldiario_net\" \/>\n<meta name=\"twitter:label1\" content=\"Escrito por\" \/>\n\t<meta name=\"twitter:data1\" content=\"Jeanette\" \/>\n\t<meta name=\"twitter:label2\" content=\"Tiempo de lectura\" \/>\n\t<meta name=\"twitter:data2\" content=\"3 minutos\" \/>\n<script type=\"application\/ld+json\" class=\"yoast-schema-graph\">{\"@context\":\"https:\\\/\\\/schema.org\",\"@graph\":[{\"@type\":\"Article\",\"@id\":\"https:\\\/\\\/www.eldiario.net\\\/portal\\\/2026\\\/07\\\/30\\\/fil-la-paz-abre-con-mas-de-500-actividades\\\/#article\",\"isPartOf\":{\"@id\":\"https:\\\/\\\/www.eldiario.net\\\/portal\\\/2026\\\/07\\\/30\\\/fil-la-paz-abre-con-mas-de-500-actividades\\\/\"},\"author\":{\"name\":\"Jeanette\",\"@id\":\"https:\\\/\\\/www.eldiario.net\\\/portal\\\/#\\\/schema\\\/person\\\/f46445640444750d7d753ccd04ae01b7\"},\"headline\":\"FIL La Paz abre con m\u00e1s de 500 actividades\",\"datePublished\":\"2026-07-30T10:38:23+00:00\",\"mainEntityOfPage\":{\"@id\":\"https:\\\/\\\/www.eldiario.net\\\/portal\\\/2026\\\/07\\\/30\\\/fil-la-paz-abre-con-mas-de-500-actividades\\\/\"},\"wordCount\":521,\"publisher\":{\"@id\":\"https:\\\/\\\/www.eldiario.net\\\/portal\\\/#organization\"},\"image\":{\"@id\":\"https:\\\/\\\/www.eldiario.net\\\/portal\\\/2026\\\/07\\\/30\\\/fil-la-paz-abre-con-mas-de-500-actividades\\\/#primaryimage\"},\"thumbnailUrl\":\"https:\\\/\\\/www.eldiario.net\\\/portal\\\/wp-content\\\/uploads\\\/2026\\\/07\\\/PAZLIBRO-FOTO-1.webp\",\"articleSection\":[\"Portada\"],\"inLanguage\":\"es\"},{\"@type\":\"WebPage\",\"@id\":\"https:\\\/\\\/www.eldiario.net\\\/portal\\\/2026\\\/07\\\/30\\\/fil-la-paz-abre-con-mas-de-500-actividades\\\/\",\"url\":\"https:\\\/\\\/www.eldiario.net\\\/portal\\\/2026\\\/07\\\/30\\\/fil-la-paz-abre-con-mas-de-500-actividades\\\/\",\"name\":\"FIL La Paz abre con m\u00e1s de 500 actividades - El Diario - Bolivia\",\"isPartOf\":{\"@id\":\"https:\\\/\\\/www.eldiario.net\\\/portal\\\/#website\"},\"primaryImageOfPage\":{\"@id\":\"https:\\\/\\\/www.eldiario.net\\\/portal\\\/2026\\\/07\\\/30\\\/fil-la-paz-abre-con-mas-de-500-actividades\\\/#primaryimage\"},\"image\":{\"@id\":\"https:\\\/\\\/www.eldiario.net\\\/portal\\\/2026\\\/07\\\/30\\\/fil-la-paz-abre-con-mas-de-500-actividades\\\/#primaryimage\"},\"thumbnailUrl\":\"https:\\\/\\\/www.eldiario.net\\\/portal\\\/wp-content\\\/uploads\\\/2026\\\/07\\\/PAZLIBRO-FOTO-1.webp\",\"datePublished\":\"2026-07-30T10:38:23+00:00\",\"breadcrumb\":{\"@id\":\"https:\\\/\\\/www.eldiario.net\\\/portal\\\/2026\\\/07\\\/30\\\/fil-la-paz-abre-con-mas-de-500-actividades\\\/#breadcrumb\"},\"inLanguage\":\"es\",\"potentialAction\":[{\"@type\":\"ReadAction\",\"target\":[\"https:\\\/\\\/www.eldiario.net\\\/portal\\\/2026\\\/07\\\/30\\\/fil-la-paz-abre-con-mas-de-500-actividades\\\/\"]}]},{\"@type\":\"ImageObject\",\"inLanguage\":\"es\",\"@id\":\"https:\\\/\\\/www.eldiario.net\\\/portal\\\/2026\\\/07\\\/30\\\/fil-la-paz-abre-con-mas-de-500-actividades\\\/#primaryimage\",\"url\":\"https:\\\/\\\/www.eldiario.net\\\/portal\\\/wp-content\\\/uploads\\\/2026\\\/07\\\/PAZLIBRO-FOTO-1.webp\",\"contentUrl\":\"https:\\\/\\\/www.eldiario.net\\\/portal\\\/wp-content\\\/uploads\\\/2026\\\/07\\\/PAZLIBRO-FOTO-1.webp\",\"width\":1124,\"height\":750},{\"@type\":\"BreadcrumbList\",\"@id\":\"https:\\\/\\\/www.eldiario.net\\\/portal\\\/2026\\\/07\\\/30\\\/fil-la-paz-abre-con-mas-de-500-actividades\\\/#breadcrumb\",\"itemListElement\":[{\"@type\":\"ListItem\",\"position\":1,\"name\":\"Portada\",\"item\":\"https:\\\/\\\/www.eldiario.net\\\/portal\\\/\"},{\"@type\":\"ListItem\",\"position\":2,\"name\":\"FIL La Paz abre con m\u00e1s de 500 actividades\"}]},{\"@type\":\"WebSite\",\"@id\":\"https:\\\/\\\/www.eldiario.net\\\/portal\\\/#website\",\"url\":\"https:\\\/\\\/www.eldiario.net\\\/portal\\\/\",\"name\":\"El Diario - Decano de la prensa nacional\",\"description\":\"El Diario - Decano de la prensa nacional\",\"publisher\":{\"@id\":\"https:\\\/\\\/www.eldiario.net\\\/portal\\\/#organization\"},\"potentialAction\":[{\"@type\":\"SearchAction\",\"target\":{\"@type\":\"EntryPoint\",\"urlTemplate\":\"https:\\\/\\\/www.eldiario.net\\\/portal\\\/?s={search_term_string}\"},\"query-input\":{\"@type\":\"PropertyValueSpecification\",\"valueRequired\":true,\"valueName\":\"search_term_string\"}}],\"inLanguage\":\"es\"},{\"@type\":\"Organization\",\"@id\":\"https:\\\/\\\/www.eldiario.net\\\/portal\\\/#organization\",\"name\":\"El Diario - Decano de la prensa nacional\",\"url\":\"https:\\\/\\\/www.eldiario.net\\\/portal\\\/\",\"logo\":{\"@type\":\"ImageObject\",\"inLanguage\":\"es\",\"@id\":\"https:\\\/\\\/www.eldiario.net\\\/portal\\\/#\\\/schema\\\/logo\\\/image\\\/\",\"url\":\"https:\\\/\\\/www.eldiario.net\\\/portal\\\/wp-content\\\/uploads\\\/2023\\\/07\\\/logo_ED.jpg\",\"contentUrl\":\"https:\\\/\\\/www.eldiario.net\\\/portal\\\/wp-content\\\/uploads\\\/2023\\\/07\\\/logo_ED.jpg\",\"width\":272,\"height\":52,\"caption\":\"El Diario - Decano de la prensa nacional\"},\"image\":{\"@id\":\"https:\\\/\\\/www.eldiario.net\\\/portal\\\/#\\\/schema\\\/logo\\\/image\\\/\"},\"sameAs\":[\"https:\\\/\\\/www.facebook.com\\\/eldiario.bolivia\\\/\",\"https:\\\/\\\/x.com\\\/eldiario_net\"]},{\"@type\":\"Person\",\"@id\":\"https:\\\/\\\/www.eldiario.net\\\/portal\\\/#\\\/schema\\\/person\\\/f46445640444750d7d753ccd04ae01b7\",\"name\":\"Jeanette\",\"image\":{\"@type\":\"ImageObject\",\"inLanguage\":\"es\",\"@id\":\"https:\\\/\\\/secure.gravatar.com\\\/avatar\\\/3ea2118a5f7dad2b7138b1187a6b7ee55f160b9968b66013c3a3ef39dd7e5798?s=96&d=mm&r=g\",\"url\":\"https:\\\/\\\/secure.gravatar.com\\\/avatar\\\/3ea2118a5f7dad2b7138b1187a6b7ee55f160b9968b66013c3a3ef39dd7e5798?s=96&d=mm&r=g\",\"contentUrl\":\"https:\\\/\\\/secure.gravatar.com\\\/avatar\\\/3ea2118a5f7dad2b7138b1187a6b7ee55f160b9968b66013c3a3ef39dd7e5798?s=96&d=mm&r=g\",\"caption\":\"Jeanette\"},\"sameAs\":[\"https:\\\/\\\/www.eldiario.net\\\/portal\"],\"url\":\"https:\\\/\\\/www.eldiario.net\\\/portal\\\/author\\\/jeanette\\\/\"}]}<\/script>\n<!-- \/ Yoast SEO plugin. -->","yoast_head_json":{"title":"FIL La Paz abre con m\u00e1s de 500 actividades - El Diario - Bolivia","robots":{"index":"index","follow":"follow","max-snippet":"max-snippet:-1","max-image-preview":"max-image-preview:large","max-video-preview":"max-video-preview:-1"},"canonical":"https:\/\/www.eldiario.net\/portal\/2026\/07\/30\/fil-la-paz-abre-con-mas-de-500-actividades\/","og_locale":"es_ES","og_type":"article","og_title":"FIL La Paz abre con m\u00e1s de 500 actividades - El Diario - Bolivia","og_description":"La trig\u00e9sima edici\u00f3n de la Feria Internacional del Libro de La Paz abri\u00f3 sus puertas anoche en el Campo Ferial Chuquiago Marka, con m\u00e1s de 500 actividades culturales y literarias programadas hasta el domingo 9 de agosto. Durante el acto inaugural, el canciller Fernando Aramayo destac\u00f3 que los libros, la lectura y la producci\u00f3n editorial [&hellip;]","og_url":"https:\/\/www.eldiario.net\/portal\/2026\/07\/30\/fil-la-paz-abre-con-mas-de-500-actividades\/","og_site_name":"El Diario - Bolivia","article_publisher":"https:\/\/www.facebook.com\/eldiario.bolivia\/","article_published_time":"2026-07-30T10:38:23+00:00","og_image":[{"width":1124,"height":750,"url":"https:\/\/www.eldiario.net\/portal\/wp-content\/uploads\/2026\/07\/PAZLIBRO-FOTO-1.webp","type":"image\/webp"}],"author":"Jeanette","twitter_card":"summary_large_image","twitter_creator":"@eldiario_net","twitter_site":"@eldiario_net","twitter_misc":{"Escrito por":"Jeanette","Tiempo de lectura":"3 minutos"},"schema":{"@context":"https:\/\/schema.org","@graph":[{"@type":"Article","@id":"https:\/\/www.eldiario.net\/portal\/2026\/07\/30\/fil-la-paz-abre-con-mas-de-500-actividades\/#article","isPartOf":{"@id":"https:\/\/www.eldiario.net\/portal\/2026\/07\/30\/fil-la-paz-abre-con-mas-de-500-actividades\/"},"author":{"name":"Jeanette","@id":"https:\/\/www.eldiario.net\/portal\/#\/schema\/person\/f46445640444750d7d753ccd04ae01b7"},"headline":"FIL La Paz abre con m\u00e1s de 500 actividades","datePublished":"2026-07-30T10:38:23+00:00","mainEntityOfPage":{"@id":"https:\/\/www.eldiario.net\/portal\/2026\/07\/30\/fil-la-paz-abre-con-mas-de-500-actividades\/"},"wordCount":521,"publisher":{"@id":"https:\/\/www.eldiario.net\/portal\/#organization"},"image":{"@id":"https:\/\/www.eldiario.net\/portal\/2026\/07\/30\/fil-la-paz-abre-con-mas-de-500-actividades\/#primaryimage"},"thumbnailUrl":"https:\/\/www.eldiario.net\/portal\/wp-content\/uploads\/2026\/07\/PAZLIBRO-FOTO-1.webp","articleSection":["Portada"],"inLanguage":"es"},{"@type":"WebPage","@id":"https:\/\/www.eldiario.net\/portal\/2026\/07\/30\/fil-la-paz-abre-con-mas-de-500-actividades\/","url":"https:\/\/www.eldiario.net\/portal\/2026\/07\/30\/fil-la-paz-abre-con-mas-de-500-actividades\/","name":"FIL La Paz abre con m\u00e1s de 500 actividades - El Diario - Bolivia","isPartOf":{"@id":"https:\/\/www.eldiario.net\/portal\/#website"},"primaryImageOfPage":{"@id":"https:\/\/www.eldiario.net\/portal\/2026\/07\/30\/fil-la-paz-abre-con-mas-de-500-actividades\/#primaryimage"},"image":{"@id":"https:\/\/www.eldiario.net\/portal\/2026\/07\/30\/fil-la-paz-abre-con-mas-de-500-actividades\/#primaryimage"},"thumbnailUrl":"https:\/\/www.eldiario.net\/portal\/wp-content\/uploads\/2026\/07\/PAZLIBRO-FOTO-1.webp","datePublished":"2026-07-30T10:38:23+00:00","breadcrumb":{"@id":"https:\/\/www.eldiario.net\/portal\/2026\/07\/30\/fil-la-paz-abre-con-mas-de-500-actividades\/#breadcrumb"},"inLanguage":"es","potentialAction":[{"@type":"ReadAction","target":["https:\/\/www.eldiario.net\/portal\/2026\/07\/30\/fil-la-paz-abre-con-mas-de-500-actividades\/"]}]},{"@type":"ImageObject","inLanguage":"es","@id":"https:\/\/www.eldiario.net\/portal\/2026\/07\/30\/fil-la-paz-abre-con-mas-de-500-actividades\/#primaryimage","url":"https:\/\/www.eldiario.net\/portal\/wp-content\/uploads\/2026\/07\/PAZLIBRO-FOTO-1.webp","contentUrl":"https:\/\/www.eldiario.net\/portal\/wp-content\/uploads\/2026\/07\/PAZLIBRO-FOTO-1.webp","width":1124,"height":750},{"@type":"BreadcrumbList","@id":"https:\/\/www.eldiario.net\/portal\/2026\/07\/30\/fil-la-paz-abre-con-mas-de-500-actividades\/#breadcrumb","itemListElement":[{"@type":"ListItem","position":1,"name":"Portada","item":"https:\/\/www.eldiario.net\/portal\/"},{"@type":"ListItem","position":2,"name":"FIL La Paz abre con m\u00e1s de 500 actividades"}]},{"@type":"WebSite","@id":"https:\/\/www.eldiario.net\/portal\/#website","url":"https:\/\/www.eldiario.net\/portal\/","name":"El Diario - Decano de la prensa nacional","description":"El Diario - Decano de la prensa nacional","publisher":{"@id":"https:\/\/www.eldiario.net\/portal\/#organization"},"potentialAction":[{"@type":"SearchAction","target":{"@type":"EntryPoint","urlTemplate":"https:\/\/www.eldiario.net\/portal\/?s={search_term_string}"},"query-input":{"@type":"PropertyValueSpecification","valueRequired":true,"valueName":"search_term_string"}}],"inLanguage":"es"},{"@type":"Organization","@id":"https:\/\/www.eldiario.net\/portal\/#organization","name":"El Diario - Decano de la prensa nacional","url":"https:\/\/www.eldiario.net\/portal\/","logo":{"@type":"ImageObject","inLanguage":"es","@id":"https:\/\/www.eldiario.net\/portal\/#\/schema\/logo\/image\/","url":"https:\/\/www.eldiario.net\/portal\/wp-content\/uploads\/2023\/07\/logo_ED.jpg","contentUrl":"https:\/\/www.eldiario.net\/portal\/wp-content\/uploads\/2023\/07\/logo_ED.jpg","width":272,"height":52,"caption":"El Diario - Decano de la prensa nacional"},"image":{"@id":"https:\/\/www.eldiario.net\/portal\/#\/schema\/logo\/image\/"},"sameAs":["https:\/\/www.facebook.com\/eldiario.bolivia\/","https:\/\/x.com\/eldiario_net"]},{"@type":"Person","@id":"https:\/\/www.eldiario.net\/portal\/#\/schema\/person\/f46445640444750d7d753ccd04ae01b7","name":"Jeanette","image":{"@type":"ImageObject","inLanguage":"es","@id":"https:\/\/secure.gravatar.com\/avatar\/3ea2118a5f7dad2b7138b1187a6b7ee55f160b9968b66013c3a3ef39dd7e5798?s=96&d=mm&r=g","url":"https:\/\/secure.gravatar.com\/avatar\/3ea2118a5f7dad2b7138b1187a6b7ee55f160b9968b66013c3a3ef39dd7e5798?s=96&d=mm&r=g","contentUrl":"https:\/\/secure.gravatar.com\/avatar\/3ea2118a5f7dad2b7138b1187a6b7ee55f160b9968b66013c3a3ef39dd7e5798?s=96&d=mm&r=g","caption":"Jeanette"},"sameAs":["https:\/\/www.eldiario.net\/portal"],"url":"https:\/\/www.eldiario.net\/portal\/author\/jeanette\/"}]}},"_links":{"self":[{"href":"https:\/\/www.eldiario.net\/portal\/wp-json\/wp\/v2\/posts\/417159","targetHints":{"allow":["GET"]}}],"collection":[{"href":"https:\/\/www.eldiario.net\/portal\/wp-json\/wp\/v2\/posts"}],"about":[{"href":"https:\/\/www.eldiario.net\/portal\/wp-json\/wp\/v2\/types\/post"}],"author":[{"embeddable":true,"href":"https:\/\/www.eldiario.net\/portal\/wp-json\/wp\/v2\/users\/1"}],"replies":[{"embeddable":true,"href":"https:\/\/www.eldiario.net\/portal\/wp-json\/wp\/v2\/comments?post=417159"}],"version-history":[{"count":1,"href":"https:\/\/www.eldiario.net\/portal\/wp-json\/wp\/v2\/posts\/417159\/revisions"}],"predecessor-version":[{"id":417162,"href":"https:\/\/www.eldiario.net\/portal\/wp-json\/wp\/v2\/posts\/417159\/revisions\/417162"}],"wp:featuredmedia":[{"embeddable":true,"href":"https:\/\/www.eldiario.net\/portal\/wp-json\/wp\/v2\/media\/417160"}],"wp:attachment":[{"href":"https:\/\/www.eldiario.net\/portal\/wp-json\/wp\/v2\/media?parent=417159"}],"wp:term":[{"taxonomy":"category","embeddable":true,"href":"https:\/\/www.eldiario.net\/portal\/wp-json\/wp\/v2\/categories?post=417159"},{"taxonomy":"post_tag","embeddable":true,"href":"https:\/\/www.eldiario.net\/portal\/wp-json\/wp\/v2\/tags?post=417159"}],"curies":[{"name":"wp","href":"https:\/\/api.w.org\/{rel}","templated":true}]}}