{"id":417156,"date":"2026-07-30T06:37:39","date_gmt":"2026-07-30T10:37:39","guid":{"rendered":"https:\/\/www.eldiario.net\/portal\/?p=417156"},"modified":"2026-07-30T06:37:39","modified_gmt":"2026-07-30T10:37:39","slug":"onu-advierte-expansion-del-conflicto-en-oriente-proximo","status":"publish","type":"post","link":"https:\/\/www.eldiario.net\/portal\/2026\/07\/30\/onu-advierte-expansion-del-conflicto-en-oriente-proximo\/","title":{"rendered":"ONU advierte expansi\u00f3n del  conflicto en Oriente Pr\u00f3ximo"},"content":{"rendered":"<p>El secretario general de Naciones Unidas, Ant\u00f3nio Guterres, alert\u00f3 ayer sobre el riesgo de que el conflicto en Oriente Pr\u00f3ximo alcance a m\u00e1s pa\u00edses, despu\u00e9s de los ataques conjuntos de Estados Unidos y Arabia Saud\u00ed contra instalaciones de las Fuerzas de Movilizaci\u00f3n Popular (FMP) en Irak.<\/p>\n<p>El portavoz adjunto de la ONU, Farhan Haq, afirm\u00f3 que Guterres mantiene hace tiempo su preocupaci\u00f3n por una posible expansi\u00f3n de las hostilidades ante la falta de avances diplom\u00e1ticos.<\/p>\n<p>\u201cAl secretario general le preocupa desde hace tiempo que, si las partes no vuelven a la mesa de negociaciones, el conflicto pueda extenderse, y eso parece ser lo que ha estado ocurriendo en las \u00faltimas horas\u201d, declar\u00f3 Haq durante una rueda de prensa en Nueva York.<\/p>\n<p>El representante de Naciones Unidas se\u00f1al\u00f3 que Guterres ya expres\u00f3 su rechazo a cualquier reanudaci\u00f3n de los combates y a una ampliaci\u00f3n del conflicto, iniciado hace cinco meses tras la ofensiva de Estados Unidos e Israel contra Ir\u00e1n.<\/p>\n<p>La ONU insisti\u00f3 en la necesidad de detener los ataques y retomar las negociaciones. En anteriores pronunciamientos, Guterres advirti\u00f3 que una nueva escalada tendr\u00eda consecuencias graves para la poblaci\u00f3n, la seguridad internacional y la econom\u00eda mundial. Tambi\u00e9n pidi\u00f3 a las partes que regresen al di\u00e1logo y respeten el derecho internacional.<\/p>\n<p>Haq calific\u00f3 los \u00faltimos acontecimientos como negativos y afirm\u00f3 que el secretario general busca que las partes cesen las hostilidades y vuelvan a los esfuerzos diplom\u00e1ticos promovidos por Pakist\u00e1n, Qatar y otros pa\u00edses.<\/p>\n<p>El portavoz advirti\u00f3 que la participaci\u00f3n de Arabia Saud\u00ed y la incorporaci\u00f3n de nuevos territorios al escenario de confrontaci\u00f3n aumentan el riesgo de una crisis regional m\u00e1s grave.<\/p>\n<p>\u201cQue haya m\u00e1s partes implicadas en combates y que estos se extiendan a un mayor n\u00famero de pa\u00edses son acontecimientos negativos y podr\u00edan llevarnos a una situaci\u00f3n mucho peor incluso que la anterior\u201d, afirm\u00f3.<\/p>\n<p>Los ataques alcanzaron instalaciones de las FMP en las provincias iraqu\u00edes de Bagdad, Wasit, N\u00ednive, Basora, Kirkuk, Kerbala y Diyala. La organizaci\u00f3n inform\u00f3 que al menos 20 de sus integrantes murieron y otros 32 resultaron heridos.<\/p>\n<p>Las Fuerzas de Movilizaci\u00f3n Popular forman parte de la estructura oficial de seguridad de Irak, aunque mantienen una organizaci\u00f3n propia. La coalici\u00f3n surgi\u00f3 en 2014 para combatir al grupo Estado Isl\u00e1mico y re\u00fane a distintas facciones, varias de ellas vinculadas con Ir\u00e1n.<\/p>\n<p>El Mando Central de Estados Unidos confirm\u00f3 la operaci\u00f3n conjunta y asegur\u00f3 que los aviones estadounidenses y saud\u00edes atacaron instalaciones log\u00edsticas y dep\u00f3sitos de armas en territorio iraqu\u00ed. Seg\u00fan el Centcom, la ofensiva respondi\u00f3 a m\u00e1s de 30 ataques con drones atribuidos a grupos dirigidos por la Guardia Revolucionaria iran\u00ed durante las \u00faltimas 72 horas.<\/p>\n<p>Arabia Saud\u00ed tambi\u00e9n reconoci\u00f3 su participaci\u00f3n y sostuvo que los ataques constituyeron una respuesta a las acciones contra instalaciones petroleras situadas en su territorio. Riad afirm\u00f3 que no busca una escalada, pero advirti\u00f3 que responder\u00e1 ante cualquier agresi\u00f3n. (Con datos de Europa Press)<\/p>\n","protected":false},"excerpt":{"rendered":"<p>El secretario general de Naciones Unidas, Ant\u00f3nio Guterres, alert\u00f3 ayer sobre el riesgo de que el conflicto en Oriente Pr\u00f3ximo alcance a m\u00e1s pa\u00edses, despu\u00e9s de los ataques conjuntos de Estados Unidos y Arabia Saud\u00ed contra instalaciones de las Fuerzas de Movilizaci\u00f3n Popular (FMP) en Irak. El portavoz adjunto de la ONU, Farhan Haq, afirm\u00f3 [&hellip;]<\/p>\n","protected":false},"author":1,"featured_media":417157,"comment_status":"closed","ping_status":"open","sticky":false,"template":"","format":"standard","meta":{"_acf_changed":false,"footnotes":""},"categories":[15],"tags":[],"class_list":["post-417156","post","type-post","status-publish","format-standard","has-post-thumbnail","category-portada"],"acf":{"antetitulo":""},"yoast_head":"<!-- This site is optimized with the Yoast SEO plugin v28.4 - https:\/\/yoast.com\/product\/yoast-seo-wordpress\/ -->\n<title>ONU advierte expansi\u00f3n del conflicto en Oriente Pr\u00f3ximo - El Diario - Bolivia<\/title>\n<meta name=\"robots\" content=\"index, follow, max-snippet:-1, max-image-preview:large, max-video-preview:-1\" \/>\n<link rel=\"canonical\" href=\"https:\/\/www.eldiario.net\/portal\/2026\/07\/30\/onu-advierte-expansion-del-conflicto-en-oriente-proximo\/\" \/>\n<meta property=\"og:locale\" content=\"es_ES\" \/>\n<meta property=\"og:type\" content=\"article\" \/>\n<meta property=\"og:title\" content=\"ONU advierte expansi\u00f3n del conflicto en Oriente Pr\u00f3ximo - El Diario - Bolivia\" \/>\n<meta property=\"og:description\" content=\"El secretario general de Naciones Unidas, Ant\u00f3nio Guterres, alert\u00f3 ayer sobre el riesgo de que el conflicto en Oriente Pr\u00f3ximo alcance a m\u00e1s pa\u00edses, despu\u00e9s de los ataques conjuntos de Estados Unidos y Arabia Saud\u00ed contra instalaciones de las Fuerzas de Movilizaci\u00f3n Popular (FMP) en Irak. El portavoz adjunto de la ONU, Farhan Haq, afirm\u00f3 [&hellip;]\" \/>\n<meta property=\"og:url\" content=\"https:\/\/www.eldiario.net\/portal\/2026\/07\/30\/onu-advierte-expansion-del-conflicto-en-oriente-proximo\/\" \/>\n<meta property=\"og:site_name\" content=\"El Diario - Bolivia\" \/>\n<meta property=\"article:publisher\" content=\"https:\/\/www.facebook.com\/eldiario.bolivia\/\" \/>\n<meta property=\"article:published_time\" content=\"2026-07-30T10:37:39+00:00\" \/>\n<meta property=\"og:image\" content=\"https:\/\/www.eldiario.net\/portal\/wp-content\/uploads\/2026\/07\/PROXI-FOTO.webp\" \/>\n\t<meta property=\"og:image:width\" content=\"670\" \/>\n\t<meta property=\"og:image:height\" content=\"431\" \/>\n\t<meta property=\"og:image:type\" content=\"image\/webp\" \/>\n<meta name=\"author\" content=\"Jeanette\" \/>\n<meta name=\"twitter:card\" content=\"summary_large_image\" \/>\n<meta name=\"twitter:creator\" content=\"@eldiario_net\" \/>\n<meta name=\"twitter:site\" content=\"@eldiario_net\" \/>\n<meta name=\"twitter:label1\" content=\"Escrito por\" \/>\n\t<meta name=\"twitter:data1\" content=\"Jeanette\" \/>\n\t<meta name=\"twitter:label2\" content=\"Tiempo de lectura\" \/>\n\t<meta name=\"twitter:data2\" content=\"3 minutos\" \/>\n<script type=\"application\/ld+json\" class=\"yoast-schema-graph\">{\"@context\":\"https:\\\/\\\/schema.org\",\"@graph\":[{\"@type\":\"Article\",\"@id\":\"https:\\\/\\\/www.eldiario.net\\\/portal\\\/2026\\\/07\\\/30\\\/onu-advierte-expansion-del-conflicto-en-oriente-proximo\\\/#article\",\"isPartOf\":{\"@id\":\"https:\\\/\\\/www.eldiario.net\\\/portal\\\/2026\\\/07\\\/30\\\/onu-advierte-expansion-del-conflicto-en-oriente-proximo\\\/\"},\"author\":{\"name\":\"Jeanette\",\"@id\":\"https:\\\/\\\/www.eldiario.net\\\/portal\\\/#\\\/schema\\\/person\\\/f46445640444750d7d753ccd04ae01b7\"},\"headline\":\"ONU advierte expansi\u00f3n del conflicto en Oriente Pr\u00f3ximo\",\"datePublished\":\"2026-07-30T10:37:39+00:00\",\"mainEntityOfPage\":{\"@id\":\"https:\\\/\\\/www.eldiario.net\\\/portal\\\/2026\\\/07\\\/30\\\/onu-advierte-expansion-del-conflicto-en-oriente-proximo\\\/\"},\"wordCount\":533,\"publisher\":{\"@id\":\"https:\\\/\\\/www.eldiario.net\\\/portal\\\/#organization\"},\"image\":{\"@id\":\"https:\\\/\\\/www.eldiario.net\\\/portal\\\/2026\\\/07\\\/30\\\/onu-advierte-expansion-del-conflicto-en-oriente-proximo\\\/#primaryimage\"},\"thumbnailUrl\":\"https:\\\/\\\/www.eldiario.net\\\/portal\\\/wp-content\\\/uploads\\\/2026\\\/07\\\/PROXI-FOTO.webp\",\"articleSection\":[\"Portada\"],\"inLanguage\":\"es\"},{\"@type\":\"WebPage\",\"@id\":\"https:\\\/\\\/www.eldiario.net\\\/portal\\\/2026\\\/07\\\/30\\\/onu-advierte-expansion-del-conflicto-en-oriente-proximo\\\/\",\"url\":\"https:\\\/\\\/www.eldiario.net\\\/portal\\\/2026\\\/07\\\/30\\\/onu-advierte-expansion-del-conflicto-en-oriente-proximo\\\/\",\"name\":\"ONU advierte expansi\u00f3n del conflicto en Oriente Pr\u00f3ximo - El Diario - Bolivia\",\"isPartOf\":{\"@id\":\"https:\\\/\\\/www.eldiario.net\\\/portal\\\/#website\"},\"primaryImageOfPage\":{\"@id\":\"https:\\\/\\\/www.eldiario.net\\\/portal\\\/2026\\\/07\\\/30\\\/onu-advierte-expansion-del-conflicto-en-oriente-proximo\\\/#primaryimage\"},\"image\":{\"@id\":\"https:\\\/\\\/www.eldiario.net\\\/portal\\\/2026\\\/07\\\/30\\\/onu-advierte-expansion-del-conflicto-en-oriente-proximo\\\/#primaryimage\"},\"thumbnailUrl\":\"https:\\\/\\\/www.eldiario.net\\\/portal\\\/wp-content\\\/uploads\\\/2026\\\/07\\\/PROXI-FOTO.webp\",\"datePublished\":\"2026-07-30T10:37:39+00:00\",\"breadcrumb\":{\"@id\":\"https:\\\/\\\/www.eldiario.net\\\/portal\\\/2026\\\/07\\\/30\\\/onu-advierte-expansion-del-conflicto-en-oriente-proximo\\\/#breadcrumb\"},\"inLanguage\":\"es\",\"potentialAction\":[{\"@type\":\"ReadAction\",\"target\":[\"https:\\\/\\\/www.eldiario.net\\\/portal\\\/2026\\\/07\\\/30\\\/onu-advierte-expansion-del-conflicto-en-oriente-proximo\\\/\"]}]},{\"@type\":\"ImageObject\",\"inLanguage\":\"es\",\"@id\":\"https:\\\/\\\/www.eldiario.net\\\/portal\\\/2026\\\/07\\\/30\\\/onu-advierte-expansion-del-conflicto-en-oriente-proximo\\\/#primaryimage\",\"url\":\"https:\\\/\\\/www.eldiario.net\\\/portal\\\/wp-content\\\/uploads\\\/2026\\\/07\\\/PROXI-FOTO.webp\",\"contentUrl\":\"https:\\\/\\\/www.eldiario.net\\\/portal\\\/wp-content\\\/uploads\\\/2026\\\/07\\\/PROXI-FOTO.webp\",\"width\":670,\"height\":431,\"caption\":\"Ant\u00f3nio Guterres. Foto:Unaids\"},{\"@type\":\"BreadcrumbList\",\"@id\":\"https:\\\/\\\/www.eldiario.net\\\/portal\\\/2026\\\/07\\\/30\\\/onu-advierte-expansion-del-conflicto-en-oriente-proximo\\\/#breadcrumb\",\"itemListElement\":[{\"@type\":\"ListItem\",\"position\":1,\"name\":\"Portada\",\"item\":\"https:\\\/\\\/www.eldiario.net\\\/portal\\\/\"},{\"@type\":\"ListItem\",\"position\":2,\"name\":\"ONU advierte expansi\u00f3n del conflicto en Oriente Pr\u00f3ximo\"}]},{\"@type\":\"WebSite\",\"@id\":\"https:\\\/\\\/www.eldiario.net\\\/portal\\\/#website\",\"url\":\"https:\\\/\\\/www.eldiario.net\\\/portal\\\/\",\"name\":\"El Diario - Decano de la prensa nacional\",\"description\":\"El Diario - Decano de la prensa nacional\",\"publisher\":{\"@id\":\"https:\\\/\\\/www.eldiario.net\\\/portal\\\/#organization\"},\"potentialAction\":[{\"@type\":\"SearchAction\",\"target\":{\"@type\":\"EntryPoint\",\"urlTemplate\":\"https:\\\/\\\/www.eldiario.net\\\/portal\\\/?s={search_term_string}\"},\"query-input\":{\"@type\":\"PropertyValueSpecification\",\"valueRequired\":true,\"valueName\":\"search_term_string\"}}],\"inLanguage\":\"es\"},{\"@type\":\"Organization\",\"@id\":\"https:\\\/\\\/www.eldiario.net\\\/portal\\\/#organization\",\"name\":\"El Diario - Decano de la prensa nacional\",\"url\":\"https:\\\/\\\/www.eldiario.net\\\/portal\\\/\",\"logo\":{\"@type\":\"ImageObject\",\"inLanguage\":\"es\",\"@id\":\"https:\\\/\\\/www.eldiario.net\\\/portal\\\/#\\\/schema\\\/logo\\\/image\\\/\",\"url\":\"https:\\\/\\\/www.eldiario.net\\\/portal\\\/wp-content\\\/uploads\\\/2023\\\/07\\\/logo_ED.jpg\",\"contentUrl\":\"https:\\\/\\\/www.eldiario.net\\\/portal\\\/wp-content\\\/uploads\\\/2023\\\/07\\\/logo_ED.jpg\",\"width\":272,\"height\":52,\"caption\":\"El Diario - Decano de la prensa nacional\"},\"image\":{\"@id\":\"https:\\\/\\\/www.eldiario.net\\\/portal\\\/#\\\/schema\\\/logo\\\/image\\\/\"},\"sameAs\":[\"https:\\\/\\\/www.facebook.com\\\/eldiario.bolivia\\\/\",\"https:\\\/\\\/x.com\\\/eldiario_net\"]},{\"@type\":\"Person\",\"@id\":\"https:\\\/\\\/www.eldiario.net\\\/portal\\\/#\\\/schema\\\/person\\\/f46445640444750d7d753ccd04ae01b7\",\"name\":\"Jeanette\",\"image\":{\"@type\":\"ImageObject\",\"inLanguage\":\"es\",\"@id\":\"https:\\\/\\\/secure.gravatar.com\\\/avatar\\\/3ea2118a5f7dad2b7138b1187a6b7ee55f160b9968b66013c3a3ef39dd7e5798?s=96&d=mm&r=g\",\"url\":\"https:\\\/\\\/secure.gravatar.com\\\/avatar\\\/3ea2118a5f7dad2b7138b1187a6b7ee55f160b9968b66013c3a3ef39dd7e5798?s=96&d=mm&r=g\",\"contentUrl\":\"https:\\\/\\\/secure.gravatar.com\\\/avatar\\\/3ea2118a5f7dad2b7138b1187a6b7ee55f160b9968b66013c3a3ef39dd7e5798?s=96&d=mm&r=g\",\"caption\":\"Jeanette\"},\"sameAs\":[\"https:\\\/\\\/www.eldiario.net\\\/portal\"],\"url\":\"https:\\\/\\\/www.eldiario.net\\\/portal\\\/author\\\/jeanette\\\/\"}]}<\/script>\n<!-- \/ Yoast SEO plugin. -->","yoast_head_json":{"title":"ONU advierte expansi\u00f3n del conflicto en Oriente Pr\u00f3ximo - El Diario - Bolivia","robots":{"index":"index","follow":"follow","max-snippet":"max-snippet:-1","max-image-preview":"max-image-preview:large","max-video-preview":"max-video-preview:-1"},"canonical":"https:\/\/www.eldiario.net\/portal\/2026\/07\/30\/onu-advierte-expansion-del-conflicto-en-oriente-proximo\/","og_locale":"es_ES","og_type":"article","og_title":"ONU advierte expansi\u00f3n del conflicto en Oriente Pr\u00f3ximo - El Diario - Bolivia","og_description":"El secretario general de Naciones Unidas, Ant\u00f3nio Guterres, alert\u00f3 ayer sobre el riesgo de que el conflicto en Oriente Pr\u00f3ximo alcance a m\u00e1s pa\u00edses, despu\u00e9s de los ataques conjuntos de Estados Unidos y Arabia Saud\u00ed contra instalaciones de las Fuerzas de Movilizaci\u00f3n Popular (FMP) en Irak. El portavoz adjunto de la ONU, Farhan Haq, afirm\u00f3 [&hellip;]","og_url":"https:\/\/www.eldiario.net\/portal\/2026\/07\/30\/onu-advierte-expansion-del-conflicto-en-oriente-proximo\/","og_site_name":"El Diario - Bolivia","article_publisher":"https:\/\/www.facebook.com\/eldiario.bolivia\/","article_published_time":"2026-07-30T10:37:39+00:00","og_image":[{"width":670,"height":431,"url":"https:\/\/www.eldiario.net\/portal\/wp-content\/uploads\/2026\/07\/PROXI-FOTO.webp","type":"image\/webp"}],"author":"Jeanette","twitter_card":"summary_large_image","twitter_creator":"@eldiario_net","twitter_site":"@eldiario_net","twitter_misc":{"Escrito por":"Jeanette","Tiempo de lectura":"3 minutos"},"schema":{"@context":"https:\/\/schema.org","@graph":[{"@type":"Article","@id":"https:\/\/www.eldiario.net\/portal\/2026\/07\/30\/onu-advierte-expansion-del-conflicto-en-oriente-proximo\/#article","isPartOf":{"@id":"https:\/\/www.eldiario.net\/portal\/2026\/07\/30\/onu-advierte-expansion-del-conflicto-en-oriente-proximo\/"},"author":{"name":"Jeanette","@id":"https:\/\/www.eldiario.net\/portal\/#\/schema\/person\/f46445640444750d7d753ccd04ae01b7"},"headline":"ONU advierte expansi\u00f3n del conflicto en Oriente Pr\u00f3ximo","datePublished":"2026-07-30T10:37:39+00:00","mainEntityOfPage":{"@id":"https:\/\/www.eldiario.net\/portal\/2026\/07\/30\/onu-advierte-expansion-del-conflicto-en-oriente-proximo\/"},"wordCount":533,"publisher":{"@id":"https:\/\/www.eldiario.net\/portal\/#organization"},"image":{"@id":"https:\/\/www.eldiario.net\/portal\/2026\/07\/30\/onu-advierte-expansion-del-conflicto-en-oriente-proximo\/#primaryimage"},"thumbnailUrl":"https:\/\/www.eldiario.net\/portal\/wp-content\/uploads\/2026\/07\/PROXI-FOTO.webp","articleSection":["Portada"],"inLanguage":"es"},{"@type":"WebPage","@id":"https:\/\/www.eldiario.net\/portal\/2026\/07\/30\/onu-advierte-expansion-del-conflicto-en-oriente-proximo\/","url":"https:\/\/www.eldiario.net\/portal\/2026\/07\/30\/onu-advierte-expansion-del-conflicto-en-oriente-proximo\/","name":"ONU advierte expansi\u00f3n del conflicto en Oriente Pr\u00f3ximo - El Diario - Bolivia","isPartOf":{"@id":"https:\/\/www.eldiario.net\/portal\/#website"},"primaryImageOfPage":{"@id":"https:\/\/www.eldiario.net\/portal\/2026\/07\/30\/onu-advierte-expansion-del-conflicto-en-oriente-proximo\/#primaryimage"},"image":{"@id":"https:\/\/www.eldiario.net\/portal\/2026\/07\/30\/onu-advierte-expansion-del-conflicto-en-oriente-proximo\/#primaryimage"},"thumbnailUrl":"https:\/\/www.eldiario.net\/portal\/wp-content\/uploads\/2026\/07\/PROXI-FOTO.webp","datePublished":"2026-07-30T10:37:39+00:00","breadcrumb":{"@id":"https:\/\/www.eldiario.net\/portal\/2026\/07\/30\/onu-advierte-expansion-del-conflicto-en-oriente-proximo\/#breadcrumb"},"inLanguage":"es","potentialAction":[{"@type":"ReadAction","target":["https:\/\/www.eldiario.net\/portal\/2026\/07\/30\/onu-advierte-expansion-del-conflicto-en-oriente-proximo\/"]}]},{"@type":"ImageObject","inLanguage":"es","@id":"https:\/\/www.eldiario.net\/portal\/2026\/07\/30\/onu-advierte-expansion-del-conflicto-en-oriente-proximo\/#primaryimage","url":"https:\/\/www.eldiario.net\/portal\/wp-content\/uploads\/2026\/07\/PROXI-FOTO.webp","contentUrl":"https:\/\/www.eldiario.net\/portal\/wp-content\/uploads\/2026\/07\/PROXI-FOTO.webp","width":670,"height":431,"caption":"Ant\u00f3nio Guterres. Foto:Unaids"},{"@type":"BreadcrumbList","@id":"https:\/\/www.eldiario.net\/portal\/2026\/07\/30\/onu-advierte-expansion-del-conflicto-en-oriente-proximo\/#breadcrumb","itemListElement":[{"@type":"ListItem","position":1,"name":"Portada","item":"https:\/\/www.eldiario.net\/portal\/"},{"@type":"ListItem","position":2,"name":"ONU advierte expansi\u00f3n del conflicto en Oriente Pr\u00f3ximo"}]},{"@type":"WebSite","@id":"https:\/\/www.eldiario.net\/portal\/#website","url":"https:\/\/www.eldiario.net\/portal\/","name":"El Diario - Decano de la prensa nacional","description":"El Diario - Decano de la prensa nacional","publisher":{"@id":"https:\/\/www.eldiario.net\/portal\/#organization"},"potentialAction":[{"@type":"SearchAction","target":{"@type":"EntryPoint","urlTemplate":"https:\/\/www.eldiario.net\/portal\/?s={search_term_string}"},"query-input":{"@type":"PropertyValueSpecification","valueRequired":true,"valueName":"search_term_string"}}],"inLanguage":"es"},{"@type":"Organization","@id":"https:\/\/www.eldiario.net\/portal\/#organization","name":"El Diario - Decano de la prensa nacional","url":"https:\/\/www.eldiario.net\/portal\/","logo":{"@type":"ImageObject","inLanguage":"es","@id":"https:\/\/www.eldiario.net\/portal\/#\/schema\/logo\/image\/","url":"https:\/\/www.eldiario.net\/portal\/wp-content\/uploads\/2023\/07\/logo_ED.jpg","contentUrl":"https:\/\/www.eldiario.net\/portal\/wp-content\/uploads\/2023\/07\/logo_ED.jpg","width":272,"height":52,"caption":"El Diario - Decano de la prensa nacional"},"image":{"@id":"https:\/\/www.eldiario.net\/portal\/#\/schema\/logo\/image\/"},"sameAs":["https:\/\/www.facebook.com\/eldiario.bolivia\/","https:\/\/x.com\/eldiario_net"]},{"@type":"Person","@id":"https:\/\/www.eldiario.net\/portal\/#\/schema\/person\/f46445640444750d7d753ccd04ae01b7","name":"Jeanette","image":{"@type":"ImageObject","inLanguage":"es","@id":"https:\/\/secure.gravatar.com\/avatar\/3ea2118a5f7dad2b7138b1187a6b7ee55f160b9968b66013c3a3ef39dd7e5798?s=96&d=mm&r=g","url":"https:\/\/secure.gravatar.com\/avatar\/3ea2118a5f7dad2b7138b1187a6b7ee55f160b9968b66013c3a3ef39dd7e5798?s=96&d=mm&r=g","contentUrl":"https:\/\/secure.gravatar.com\/avatar\/3ea2118a5f7dad2b7138b1187a6b7ee55f160b9968b66013c3a3ef39dd7e5798?s=96&d=mm&r=g","caption":"Jeanette"},"sameAs":["https:\/\/www.eldiario.net\/portal"],"url":"https:\/\/www.eldiario.net\/portal\/author\/jeanette\/"}]}},"_links":{"self":[{"href":"https:\/\/www.eldiario.net\/portal\/wp-json\/wp\/v2\/posts\/417156","targetHints":{"allow":["GET"]}}],"collection":[{"href":"https:\/\/www.eldiario.net\/portal\/wp-json\/wp\/v2\/posts"}],"about":[{"href":"https:\/\/www.eldiario.net\/portal\/wp-json\/wp\/v2\/types\/post"}],"author":[{"embeddable":true,"href":"https:\/\/www.eldiario.net\/portal\/wp-json\/wp\/v2\/users\/1"}],"replies":[{"embeddable":true,"href":"https:\/\/www.eldiario.net\/portal\/wp-json\/wp\/v2\/comments?post=417156"}],"version-history":[{"count":1,"href":"https:\/\/www.eldiario.net\/portal\/wp-json\/wp\/v2\/posts\/417156\/revisions"}],"predecessor-version":[{"id":417158,"href":"https:\/\/www.eldiario.net\/portal\/wp-json\/wp\/v2\/posts\/417156\/revisions\/417158"}],"wp:featuredmedia":[{"embeddable":true,"href":"https:\/\/www.eldiario.net\/portal\/wp-json\/wp\/v2\/media\/417157"}],"wp:attachment":[{"href":"https:\/\/www.eldiario.net\/portal\/wp-json\/wp\/v2\/media?parent=417156"}],"wp:term":[{"taxonomy":"category","embeddable":true,"href":"https:\/\/www.eldiario.net\/portal\/wp-json\/wp\/v2\/categories?post=417156"},{"taxonomy":"post_tag","embeddable":true,"href":"https:\/\/www.eldiario.net\/portal\/wp-json\/wp\/v2\/tags?post=417156"}],"curies":[{"name":"wp","href":"https:\/\/api.w.org\/{rel}","templated":true}]}}