{"id":416947,"date":"2026-07-29T05:00:02","date_gmt":"2026-07-29T09:00:02","guid":{"rendered":"https:\/\/www.eldiario.net\/portal\/?p=416947"},"modified":"2026-07-29T06:27:18","modified_gmt":"2026-07-29T10:27:18","slug":"soboce-alerta-sobre-el-impacto-en-la-economia-de-la-posible-ejecucion-del-fallo-arbitrario-en-su-contra-y-reclama-su-derecho-a-la-tutela-jurisdiccional-efectiva","status":"publish","type":"post","link":"https:\/\/www.eldiario.net\/portal\/2026\/07\/29\/soboce-alerta-sobre-el-impacto-en-la-economia-de-la-posible-ejecucion-del-fallo-arbitrario-en-su-contra-y-reclama-su-derecho-a-la-tutela-jurisdiccional-efectiva\/","title":{"rendered":"SOBOCE ALERTA SOBRE EL IMPACTO EN LA ECONOM\u00cdA DE LA POSIBLE EJECUCI\u00d3N DEL FALLO ARBITRARIO EN SU CONTRA Y RECLAMA SU DERECHO A LA TUTELA JURISDICCIONAL EFECTIVA"},"content":{"rendered":"<p>Sociedad Boliviana de Cemento S.A. (SOBOCE) alerta sobre el <strong>grave impacto<\/strong> que tendr\u00eda, <strong>para la econom\u00eda, el sistema financiero y para miles de empleos<\/strong> en muchos sectores, la ejecuci\u00f3n de la sentencia que ordena a SOBOCE, de manera arbitraria, pagar cerca de 744 millones de bolivianos a FANCESA. La sentencia est\u00e1 siendo a\u00fan cuestionada en la Justicia Constitucional, que ya la anul\u00f3 por <strong>graves irregularidades<\/strong> que no han sido reparadas, por lo que su ejecuci\u00f3n coactiva ser\u00eda un acto de irresponsabilidad.<\/p>\n<p>&nbsp;<\/p>\n<p>La empresa es <strong>uno de los principales actores de la industria nacional<\/strong> y la normal continuidad de su actividad depende del mantenimiento de adecuados niveles de liquidez e inversi\u00f3n. Adem\u00e1s, es un <strong>emisor vigente de valores<\/strong> dentro del mercado boliviano de capitales y mantiene obligaciones permanentes frente a tenedores de bonos, entidades del sistema financiero, inversionistas y dem\u00e1s participantes del mercado de valores.<\/p>\n<p>&nbsp;<\/p>\n<p>Por otra parte, de ejecutarse esta sentencia, <strong>Bolivia ser\u00eda el primer y \u00fanico pa\u00eds del mundo en incluir el \u201cda\u00f1o al proyecto de vida<\/strong>\u201d \u2014concepto jur\u00eddico exclusivo de la persona humana para resarcir afectaciones a la libertad existencial de un ser humano\u2014, como marco jur\u00eddico indemnizatorio en favor de una sociedad comercial, lo cual desnaturaliza la figura y <strong>abre una peligrosa compuerta a su aplicaci\u00f3n arbitraria en contra de las empresas del pa\u00eds<\/strong>. Este <strong>precedente vinculante y obligatorio<\/strong>, que afecta severamente la seguridad jur\u00eddica, dificultar\u00eda el acceso del pa\u00eds al sistema de inversi\u00f3n y financiamiento internacional.<\/p>\n<p>&nbsp;<\/p>\n<p>SOBOCE tiene <strong>derecho a la tutela jurisdiccional efectiva<\/strong>, como cualquier otra empresa, por lo que rechaza la <strong>campa\u00f1a de amedrentamiento y presi\u00f3n social<\/strong> emprendida con la \u00fanica finalidad de condicionar el actuar de quienes tienen la gran responsabilidad de resolver los procesos en curso en estricto cumplimiento del marco legal boliviano. A trav\u00e9s de esta campa\u00f1a de desinformaci\u00f3n, se busca tambi\u00e9n sorprender al pueblo boliviano y a los ciudadanos de Chuquisaca con afirmaciones falsas y tergiversaciones de los hechos.<\/p>\n<p><strong>\u00a0<\/strong><\/p>\n<p><strong>SOBOCE lleva 16 a\u00f1os reclamando justicia<\/strong> como consecuencia de la <strong>expropiaci\u00f3n<\/strong> de sus acciones en FANCESA por parte del Estado de Bolivia, el que <strong>incumpliendo su propio Decreto<\/strong> (N\u00b0 0616 del 1 de septiembre de 2010), <strong>jam\u00e1s pag\u00f3 el justiprecio debido<\/strong>. Son 16 a\u00f1os de reclamo por v\u00edas leg\u00edtimas al Estado Boliviano, que ha pagado otras expropiaciones, pero jam\u00e1s esta. Ahora, con el impulso de FANCESA, a trav\u00e9s de un proceso manifiestamente irregular (como ya en un primer momento ha sido confirmado por los tribunales constitucionales), se pretende quebrarnos con una indemnizaci\u00f3n ins\u00f3lita y carente de respaldo t\u00e9cnico y legal.<\/p>\n<p>&nbsp;<\/p>\n<p><strong>Pedimos a toda la comunidad jur\u00eddica de Bolivia<\/strong> <strong>que lea detenidamente todas las resoluciones judiciales<\/strong> que forman parte de este asunto, empezando por la demanda inicial. Cualquiera puede comprobar la ausencia de coherencia y la inexistencia de base para la indemnizaci\u00f3n que se pretende, adem\u00e1s de las <strong>graves vulneraciones<\/strong> a los derechos fundamentales de SOBOCE, ya advertidas en el fallo constitucional pendiente de revisi\u00f3n.<\/p>\n<p>&nbsp;<\/p>\n<p>El compromiso de SOBOCE con Bolivia es y ha sido inquebrantable. Adem\u00e1s, se trata de una de las mayores inversiones extranjeras en el pa\u00eds. <strong>La consumaci\u00f3n de esta arbitrariedad afectar\u00eda <\/strong>de manera irremediable<strong> la posibilidad de atraer inversiones extranjeras que posibiliten la anhelada reactivaci\u00f3n de la econom\u00eda del pa\u00eds<\/strong>.<\/p>\n<p>&nbsp;<\/p>\n<p>Por eso hacemos <strong>un llamamiento a todos los ciudadanos<\/strong>, a todos los trabajadores, a nuestros clientes, proveedores y al sector de la construcci\u00f3n en su conjunto; a todos los profesionales del Derecho de Bolivia; a los agentes del sistema financiero; y a todo el tejido empresarial del pa\u00eds, para que <strong>estudien en detalle y con objetividad el grave riesgo<\/strong> al que esta sentencia, de convertirse en vinculante y obligatoria, expone <strong>al conjunto de la econom\u00eda y la sociedad boliviana. <\/strong><\/p>\n<p>&nbsp;<\/p>\n<p>&nbsp;<\/p>\n<p><strong>SOCIEDAD BOLIVIANA DE CEMENTO S.A.<\/strong><\/p>\n","protected":false},"excerpt":{"rendered":"<p>Sociedad Boliviana de Cemento S.A. (SOBOCE) alerta sobre el grave impacto que tendr\u00eda, para la econom\u00eda, el sistema financiero y para miles de empleos en muchos sectores, la ejecuci\u00f3n de la sentencia que ordena a SOBOCE, de manera arbitraria, pagar cerca de 744 millones de bolivianos a FANCESA. La sentencia est\u00e1 siendo a\u00fan cuestionada en [&hellip;]<\/p>\n","protected":false},"author":1,"featured_media":416948,"comment_status":"closed","ping_status":"open","sticky":false,"template":"","format":"standard","meta":{"_acf_changed":false,"footnotes":""},"categories":[15],"tags":[],"class_list":["post-416947","post","type-post","status-publish","format-standard","has-post-thumbnail","category-portada"],"acf":{"antetitulo":""},"yoast_head":"<!-- This site is optimized with the Yoast SEO plugin v28.4 - https:\/\/yoast.com\/product\/yoast-seo-wordpress\/ -->\n<title>SOBOCE ALERTA SOBRE EL IMPACTO EN LA ECONOM\u00cdA DE LA POSIBLE EJECUCI\u00d3N DEL FALLO ARBITRARIO EN SU CONTRA Y RECLAMA SU DERECHO A LA TUTELA JURISDICCIONAL EFECTIVA - El Diario - Bolivia<\/title>\n<meta name=\"robots\" content=\"index, follow, max-snippet:-1, max-image-preview:large, max-video-preview:-1\" \/>\n<link rel=\"canonical\" href=\"https:\/\/www.eldiario.net\/portal\/2026\/07\/29\/soboce-alerta-sobre-el-impacto-en-la-economia-de-la-posible-ejecucion-del-fallo-arbitrario-en-su-contra-y-reclama-su-derecho-a-la-tutela-jurisdiccional-efectiva\/\" \/>\n<meta property=\"og:locale\" content=\"es_ES\" \/>\n<meta property=\"og:type\" content=\"article\" \/>\n<meta property=\"og:title\" content=\"SOBOCE ALERTA SOBRE EL IMPACTO EN LA ECONOM\u00cdA DE LA POSIBLE EJECUCI\u00d3N DEL FALLO ARBITRARIO EN SU CONTRA Y RECLAMA SU DERECHO A LA TUTELA JURISDICCIONAL EFECTIVA - El Diario - Bolivia\" \/>\n<meta property=\"og:description\" content=\"Sociedad Boliviana de Cemento S.A. (SOBOCE) alerta sobre el grave impacto que tendr\u00eda, para la econom\u00eda, el sistema financiero y para miles de empleos en muchos sectores, la ejecuci\u00f3n de la sentencia que ordena a SOBOCE, de manera arbitraria, pagar cerca de 744 millones de bolivianos a FANCESA. La sentencia est\u00e1 siendo a\u00fan cuestionada en [&hellip;]\" \/>\n<meta property=\"og:url\" content=\"https:\/\/www.eldiario.net\/portal\/2026\/07\/29\/soboce-alerta-sobre-el-impacto-en-la-economia-de-la-posible-ejecucion-del-fallo-arbitrario-en-su-contra-y-reclama-su-derecho-a-la-tutela-jurisdiccional-efectiva\/\" \/>\n<meta property=\"og:site_name\" content=\"El Diario - Bolivia\" \/>\n<meta property=\"article:publisher\" content=\"https:\/\/www.facebook.com\/eldiario.bolivia\/\" \/>\n<meta property=\"article:published_time\" content=\"2026-07-29T09:00:02+00:00\" \/>\n<meta property=\"article:modified_time\" content=\"2026-07-29T10:27:18+00:00\" \/>\n<meta property=\"og:image\" content=\"https:\/\/www.eldiario.net\/portal\/wp-content\/uploads\/2026\/07\/LOGO-SOBOCE-HORIZONTAL-1.webp\" \/>\n\t<meta property=\"og:image:width\" content=\"1200\" \/>\n\t<meta property=\"og:image:height\" content=\"623\" \/>\n\t<meta property=\"og:image:type\" content=\"image\/webp\" \/>\n<meta name=\"author\" content=\"Jeanette\" \/>\n<meta name=\"twitter:card\" content=\"summary_large_image\" \/>\n<meta name=\"twitter:creator\" content=\"@eldiario_net\" \/>\n<meta name=\"twitter:site\" content=\"@eldiario_net\" \/>\n<meta name=\"twitter:label1\" content=\"Escrito por\" \/>\n\t<meta name=\"twitter:data1\" content=\"Jeanette\" \/>\n\t<meta name=\"twitter:label2\" content=\"Tiempo de lectura\" \/>\n\t<meta name=\"twitter:data2\" content=\"4 minutos\" \/>\n<script type=\"application\/ld+json\" class=\"yoast-schema-graph\">{\"@context\":\"https:\\\/\\\/schema.org\",\"@graph\":[{\"@type\":\"Article\",\"@id\":\"https:\\\/\\\/www.eldiario.net\\\/portal\\\/2026\\\/07\\\/29\\\/soboce-alerta-sobre-el-impacto-en-la-economia-de-la-posible-ejecucion-del-fallo-arbitrario-en-su-contra-y-reclama-su-derecho-a-la-tutela-jurisdiccional-efectiva\\\/#article\",\"isPartOf\":{\"@id\":\"https:\\\/\\\/www.eldiario.net\\\/portal\\\/2026\\\/07\\\/29\\\/soboce-alerta-sobre-el-impacto-en-la-economia-de-la-posible-ejecucion-del-fallo-arbitrario-en-su-contra-y-reclama-su-derecho-a-la-tutela-jurisdiccional-efectiva\\\/\"},\"author\":{\"name\":\"Jeanette\",\"@id\":\"https:\\\/\\\/www.eldiario.net\\\/portal\\\/#\\\/schema\\\/person\\\/f46445640444750d7d753ccd04ae01b7\"},\"headline\":\"SOBOCE ALERTA SOBRE EL IMPACTO EN LA ECONOM\u00cdA DE LA POSIBLE EJECUCI\u00d3N DEL FALLO ARBITRARIO EN SU CONTRA Y RECLAMA SU DERECHO A LA TUTELA JURISDICCIONAL EFECTIVA\",\"datePublished\":\"2026-07-29T09:00:02+00:00\",\"dateModified\":\"2026-07-29T10:27:18+00:00\",\"mainEntityOfPage\":{\"@id\":\"https:\\\/\\\/www.eldiario.net\\\/portal\\\/2026\\\/07\\\/29\\\/soboce-alerta-sobre-el-impacto-en-la-economia-de-la-posible-ejecucion-del-fallo-arbitrario-en-su-contra-y-reclama-su-derecho-a-la-tutela-jurisdiccional-efectiva\\\/\"},\"wordCount\":700,\"publisher\":{\"@id\":\"https:\\\/\\\/www.eldiario.net\\\/portal\\\/#organization\"},\"image\":{\"@id\":\"https:\\\/\\\/www.eldiario.net\\\/portal\\\/2026\\\/07\\\/29\\\/soboce-alerta-sobre-el-impacto-en-la-economia-de-la-posible-ejecucion-del-fallo-arbitrario-en-su-contra-y-reclama-su-derecho-a-la-tutela-jurisdiccional-efectiva\\\/#primaryimage\"},\"thumbnailUrl\":\"https:\\\/\\\/www.eldiario.net\\\/portal\\\/wp-content\\\/uploads\\\/2026\\\/07\\\/LOGO-SOBOCE-HORIZONTAL-1.webp\",\"articleSection\":[\"Portada\"],\"inLanguage\":\"es\"},{\"@type\":\"WebPage\",\"@id\":\"https:\\\/\\\/www.eldiario.net\\\/portal\\\/2026\\\/07\\\/29\\\/soboce-alerta-sobre-el-impacto-en-la-economia-de-la-posible-ejecucion-del-fallo-arbitrario-en-su-contra-y-reclama-su-derecho-a-la-tutela-jurisdiccional-efectiva\\\/\",\"url\":\"https:\\\/\\\/www.eldiario.net\\\/portal\\\/2026\\\/07\\\/29\\\/soboce-alerta-sobre-el-impacto-en-la-economia-de-la-posible-ejecucion-del-fallo-arbitrario-en-su-contra-y-reclama-su-derecho-a-la-tutela-jurisdiccional-efectiva\\\/\",\"name\":\"SOBOCE ALERTA SOBRE EL IMPACTO EN LA ECONOM\u00cdA DE LA POSIBLE EJECUCI\u00d3N DEL FALLO ARBITRARIO EN SU CONTRA Y RECLAMA SU DERECHO A LA TUTELA JURISDICCIONAL EFECTIVA - El Diario - Bolivia\",\"isPartOf\":{\"@id\":\"https:\\\/\\\/www.eldiario.net\\\/portal\\\/#website\"},\"primaryImageOfPage\":{\"@id\":\"https:\\\/\\\/www.eldiario.net\\\/portal\\\/2026\\\/07\\\/29\\\/soboce-alerta-sobre-el-impacto-en-la-economia-de-la-posible-ejecucion-del-fallo-arbitrario-en-su-contra-y-reclama-su-derecho-a-la-tutela-jurisdiccional-efectiva\\\/#primaryimage\"},\"image\":{\"@id\":\"https:\\\/\\\/www.eldiario.net\\\/portal\\\/2026\\\/07\\\/29\\\/soboce-alerta-sobre-el-impacto-en-la-economia-de-la-posible-ejecucion-del-fallo-arbitrario-en-su-contra-y-reclama-su-derecho-a-la-tutela-jurisdiccional-efectiva\\\/#primaryimage\"},\"thumbnailUrl\":\"https:\\\/\\\/www.eldiario.net\\\/portal\\\/wp-content\\\/uploads\\\/2026\\\/07\\\/LOGO-SOBOCE-HORIZONTAL-1.webp\",\"datePublished\":\"2026-07-29T09:00:02+00:00\",\"dateModified\":\"2026-07-29T10:27:18+00:00\",\"breadcrumb\":{\"@id\":\"https:\\\/\\\/www.eldiario.net\\\/portal\\\/2026\\\/07\\\/29\\\/soboce-alerta-sobre-el-impacto-en-la-economia-de-la-posible-ejecucion-del-fallo-arbitrario-en-su-contra-y-reclama-su-derecho-a-la-tutela-jurisdiccional-efectiva\\\/#breadcrumb\"},\"inLanguage\":\"es\",\"potentialAction\":[{\"@type\":\"ReadAction\",\"target\":[\"https:\\\/\\\/www.eldiario.net\\\/portal\\\/2026\\\/07\\\/29\\\/soboce-alerta-sobre-el-impacto-en-la-economia-de-la-posible-ejecucion-del-fallo-arbitrario-en-su-contra-y-reclama-su-derecho-a-la-tutela-jurisdiccional-efectiva\\\/\"]}]},{\"@type\":\"ImageObject\",\"inLanguage\":\"es\",\"@id\":\"https:\\\/\\\/www.eldiario.net\\\/portal\\\/2026\\\/07\\\/29\\\/soboce-alerta-sobre-el-impacto-en-la-economia-de-la-posible-ejecucion-del-fallo-arbitrario-en-su-contra-y-reclama-su-derecho-a-la-tutela-jurisdiccional-efectiva\\\/#primaryimage\",\"url\":\"https:\\\/\\\/www.eldiario.net\\\/portal\\\/wp-content\\\/uploads\\\/2026\\\/07\\\/LOGO-SOBOCE-HORIZONTAL-1.webp\",\"contentUrl\":\"https:\\\/\\\/www.eldiario.net\\\/portal\\\/wp-content\\\/uploads\\\/2026\\\/07\\\/LOGO-SOBOCE-HORIZONTAL-1.webp\",\"width\":1200,\"height\":623},{\"@type\":\"BreadcrumbList\",\"@id\":\"https:\\\/\\\/www.eldiario.net\\\/portal\\\/2026\\\/07\\\/29\\\/soboce-alerta-sobre-el-impacto-en-la-economia-de-la-posible-ejecucion-del-fallo-arbitrario-en-su-contra-y-reclama-su-derecho-a-la-tutela-jurisdiccional-efectiva\\\/#breadcrumb\",\"itemListElement\":[{\"@type\":\"ListItem\",\"position\":1,\"name\":\"Portada\",\"item\":\"https:\\\/\\\/www.eldiario.net\\\/portal\\\/\"},{\"@type\":\"ListItem\",\"position\":2,\"name\":\"SOBOCE ALERTA SOBRE EL IMPACTO EN LA ECONOM\u00cdA DE LA POSIBLE EJECUCI\u00d3N DEL FALLO ARBITRARIO EN SU CONTRA Y RECLAMA SU DERECHO A LA TUTELA JURISDICCIONAL EFECTIVA\"}]},{\"@type\":\"WebSite\",\"@id\":\"https:\\\/\\\/www.eldiario.net\\\/portal\\\/#website\",\"url\":\"https:\\\/\\\/www.eldiario.net\\\/portal\\\/\",\"name\":\"El Diario - Decano de la prensa nacional\",\"description\":\"El Diario - Decano de la prensa nacional\",\"publisher\":{\"@id\":\"https:\\\/\\\/www.eldiario.net\\\/portal\\\/#organization\"},\"potentialAction\":[{\"@type\":\"SearchAction\",\"target\":{\"@type\":\"EntryPoint\",\"urlTemplate\":\"https:\\\/\\\/www.eldiario.net\\\/portal\\\/?s={search_term_string}\"},\"query-input\":{\"@type\":\"PropertyValueSpecification\",\"valueRequired\":true,\"valueName\":\"search_term_string\"}}],\"inLanguage\":\"es\"},{\"@type\":\"Organization\",\"@id\":\"https:\\\/\\\/www.eldiario.net\\\/portal\\\/#organization\",\"name\":\"El Diario - Decano de la prensa nacional\",\"url\":\"https:\\\/\\\/www.eldiario.net\\\/portal\\\/\",\"logo\":{\"@type\":\"ImageObject\",\"inLanguage\":\"es\",\"@id\":\"https:\\\/\\\/www.eldiario.net\\\/portal\\\/#\\\/schema\\\/logo\\\/image\\\/\",\"url\":\"https:\\\/\\\/www.eldiario.net\\\/portal\\\/wp-content\\\/uploads\\\/2023\\\/07\\\/logo_ED.jpg\",\"contentUrl\":\"https:\\\/\\\/www.eldiario.net\\\/portal\\\/wp-content\\\/uploads\\\/2023\\\/07\\\/logo_ED.jpg\",\"width\":272,\"height\":52,\"caption\":\"El Diario - Decano de la prensa nacional\"},\"image\":{\"@id\":\"https:\\\/\\\/www.eldiario.net\\\/portal\\\/#\\\/schema\\\/logo\\\/image\\\/\"},\"sameAs\":[\"https:\\\/\\\/www.facebook.com\\\/eldiario.bolivia\\\/\",\"https:\\\/\\\/x.com\\\/eldiario_net\"]},{\"@type\":\"Person\",\"@id\":\"https:\\\/\\\/www.eldiario.net\\\/portal\\\/#\\\/schema\\\/person\\\/f46445640444750d7d753ccd04ae01b7\",\"name\":\"Jeanette\",\"image\":{\"@type\":\"ImageObject\",\"inLanguage\":\"es\",\"@id\":\"https:\\\/\\\/secure.gravatar.com\\\/avatar\\\/3ea2118a5f7dad2b7138b1187a6b7ee55f160b9968b66013c3a3ef39dd7e5798?s=96&d=mm&r=g\",\"url\":\"https:\\\/\\\/secure.gravatar.com\\\/avatar\\\/3ea2118a5f7dad2b7138b1187a6b7ee55f160b9968b66013c3a3ef39dd7e5798?s=96&d=mm&r=g\",\"contentUrl\":\"https:\\\/\\\/secure.gravatar.com\\\/avatar\\\/3ea2118a5f7dad2b7138b1187a6b7ee55f160b9968b66013c3a3ef39dd7e5798?s=96&d=mm&r=g\",\"caption\":\"Jeanette\"},\"sameAs\":[\"https:\\\/\\\/www.eldiario.net\\\/portal\"],\"url\":\"https:\\\/\\\/www.eldiario.net\\\/portal\\\/author\\\/jeanette\\\/\"}]}<\/script>\n<!-- \/ Yoast SEO plugin. -->","yoast_head_json":{"title":"SOBOCE ALERTA SOBRE EL IMPACTO EN LA ECONOM\u00cdA DE LA POSIBLE EJECUCI\u00d3N DEL FALLO ARBITRARIO EN SU CONTRA Y RECLAMA SU DERECHO A LA TUTELA JURISDICCIONAL EFECTIVA - El Diario - Bolivia","robots":{"index":"index","follow":"follow","max-snippet":"max-snippet:-1","max-image-preview":"max-image-preview:large","max-video-preview":"max-video-preview:-1"},"canonical":"https:\/\/www.eldiario.net\/portal\/2026\/07\/29\/soboce-alerta-sobre-el-impacto-en-la-economia-de-la-posible-ejecucion-del-fallo-arbitrario-en-su-contra-y-reclama-su-derecho-a-la-tutela-jurisdiccional-efectiva\/","og_locale":"es_ES","og_type":"article","og_title":"SOBOCE ALERTA SOBRE EL IMPACTO EN LA ECONOM\u00cdA DE LA POSIBLE EJECUCI\u00d3N DEL FALLO ARBITRARIO EN SU CONTRA Y RECLAMA SU DERECHO A LA TUTELA JURISDICCIONAL EFECTIVA - El Diario - Bolivia","og_description":"Sociedad Boliviana de Cemento S.A. (SOBOCE) alerta sobre el grave impacto que tendr\u00eda, para la econom\u00eda, el sistema financiero y para miles de empleos en muchos sectores, la ejecuci\u00f3n de la sentencia que ordena a SOBOCE, de manera arbitraria, pagar cerca de 744 millones de bolivianos a FANCESA. La sentencia est\u00e1 siendo a\u00fan cuestionada en [&hellip;]","og_url":"https:\/\/www.eldiario.net\/portal\/2026\/07\/29\/soboce-alerta-sobre-el-impacto-en-la-economia-de-la-posible-ejecucion-del-fallo-arbitrario-en-su-contra-y-reclama-su-derecho-a-la-tutela-jurisdiccional-efectiva\/","og_site_name":"El Diario - Bolivia","article_publisher":"https:\/\/www.facebook.com\/eldiario.bolivia\/","article_published_time":"2026-07-29T09:00:02+00:00","article_modified_time":"2026-07-29T10:27:18+00:00","og_image":[{"width":1200,"height":623,"url":"https:\/\/www.eldiario.net\/portal\/wp-content\/uploads\/2026\/07\/LOGO-SOBOCE-HORIZONTAL-1.webp","type":"image\/webp"}],"author":"Jeanette","twitter_card":"summary_large_image","twitter_creator":"@eldiario_net","twitter_site":"@eldiario_net","twitter_misc":{"Escrito por":"Jeanette","Tiempo de lectura":"4 minutos"},"schema":{"@context":"https:\/\/schema.org","@graph":[{"@type":"Article","@id":"https:\/\/www.eldiario.net\/portal\/2026\/07\/29\/soboce-alerta-sobre-el-impacto-en-la-economia-de-la-posible-ejecucion-del-fallo-arbitrario-en-su-contra-y-reclama-su-derecho-a-la-tutela-jurisdiccional-efectiva\/#article","isPartOf":{"@id":"https:\/\/www.eldiario.net\/portal\/2026\/07\/29\/soboce-alerta-sobre-el-impacto-en-la-economia-de-la-posible-ejecucion-del-fallo-arbitrario-en-su-contra-y-reclama-su-derecho-a-la-tutela-jurisdiccional-efectiva\/"},"author":{"name":"Jeanette","@id":"https:\/\/www.eldiario.net\/portal\/#\/schema\/person\/f46445640444750d7d753ccd04ae01b7"},"headline":"SOBOCE ALERTA SOBRE EL IMPACTO EN LA ECONOM\u00cdA DE LA POSIBLE EJECUCI\u00d3N DEL FALLO ARBITRARIO EN SU CONTRA Y RECLAMA SU DERECHO A LA TUTELA JURISDICCIONAL EFECTIVA","datePublished":"2026-07-29T09:00:02+00:00","dateModified":"2026-07-29T10:27:18+00:00","mainEntityOfPage":{"@id":"https:\/\/www.eldiario.net\/portal\/2026\/07\/29\/soboce-alerta-sobre-el-impacto-en-la-economia-de-la-posible-ejecucion-del-fallo-arbitrario-en-su-contra-y-reclama-su-derecho-a-la-tutela-jurisdiccional-efectiva\/"},"wordCount":700,"publisher":{"@id":"https:\/\/www.eldiario.net\/portal\/#organization"},"image":{"@id":"https:\/\/www.eldiario.net\/portal\/2026\/07\/29\/soboce-alerta-sobre-el-impacto-en-la-economia-de-la-posible-ejecucion-del-fallo-arbitrario-en-su-contra-y-reclama-su-derecho-a-la-tutela-jurisdiccional-efectiva\/#primaryimage"},"thumbnailUrl":"https:\/\/www.eldiario.net\/portal\/wp-content\/uploads\/2026\/07\/LOGO-SOBOCE-HORIZONTAL-1.webp","articleSection":["Portada"],"inLanguage":"es"},{"@type":"WebPage","@id":"https:\/\/www.eldiario.net\/portal\/2026\/07\/29\/soboce-alerta-sobre-el-impacto-en-la-economia-de-la-posible-ejecucion-del-fallo-arbitrario-en-su-contra-y-reclama-su-derecho-a-la-tutela-jurisdiccional-efectiva\/","url":"https:\/\/www.eldiario.net\/portal\/2026\/07\/29\/soboce-alerta-sobre-el-impacto-en-la-economia-de-la-posible-ejecucion-del-fallo-arbitrario-en-su-contra-y-reclama-su-derecho-a-la-tutela-jurisdiccional-efectiva\/","name":"SOBOCE ALERTA SOBRE EL IMPACTO EN LA ECONOM\u00cdA DE LA POSIBLE EJECUCI\u00d3N DEL FALLO ARBITRARIO EN SU CONTRA Y RECLAMA SU DERECHO A LA TUTELA JURISDICCIONAL EFECTIVA - El Diario - Bolivia","isPartOf":{"@id":"https:\/\/www.eldiario.net\/portal\/#website"},"primaryImageOfPage":{"@id":"https:\/\/www.eldiario.net\/portal\/2026\/07\/29\/soboce-alerta-sobre-el-impacto-en-la-economia-de-la-posible-ejecucion-del-fallo-arbitrario-en-su-contra-y-reclama-su-derecho-a-la-tutela-jurisdiccional-efectiva\/#primaryimage"},"image":{"@id":"https:\/\/www.eldiario.net\/portal\/2026\/07\/29\/soboce-alerta-sobre-el-impacto-en-la-economia-de-la-posible-ejecucion-del-fallo-arbitrario-en-su-contra-y-reclama-su-derecho-a-la-tutela-jurisdiccional-efectiva\/#primaryimage"},"thumbnailUrl":"https:\/\/www.eldiario.net\/portal\/wp-content\/uploads\/2026\/07\/LOGO-SOBOCE-HORIZONTAL-1.webp","datePublished":"2026-07-29T09:00:02+00:00","dateModified":"2026-07-29T10:27:18+00:00","breadcrumb":{"@id":"https:\/\/www.eldiario.net\/portal\/2026\/07\/29\/soboce-alerta-sobre-el-impacto-en-la-economia-de-la-posible-ejecucion-del-fallo-arbitrario-en-su-contra-y-reclama-su-derecho-a-la-tutela-jurisdiccional-efectiva\/#breadcrumb"},"inLanguage":"es","potentialAction":[{"@type":"ReadAction","target":["https:\/\/www.eldiario.net\/portal\/2026\/07\/29\/soboce-alerta-sobre-el-impacto-en-la-economia-de-la-posible-ejecucion-del-fallo-arbitrario-en-su-contra-y-reclama-su-derecho-a-la-tutela-jurisdiccional-efectiva\/"]}]},{"@type":"ImageObject","inLanguage":"es","@id":"https:\/\/www.eldiario.net\/portal\/2026\/07\/29\/soboce-alerta-sobre-el-impacto-en-la-economia-de-la-posible-ejecucion-del-fallo-arbitrario-en-su-contra-y-reclama-su-derecho-a-la-tutela-jurisdiccional-efectiva\/#primaryimage","url":"https:\/\/www.eldiario.net\/portal\/wp-content\/uploads\/2026\/07\/LOGO-SOBOCE-HORIZONTAL-1.webp","contentUrl":"https:\/\/www.eldiario.net\/portal\/wp-content\/uploads\/2026\/07\/LOGO-SOBOCE-HORIZONTAL-1.webp","width":1200,"height":623},{"@type":"BreadcrumbList","@id":"https:\/\/www.eldiario.net\/portal\/2026\/07\/29\/soboce-alerta-sobre-el-impacto-en-la-economia-de-la-posible-ejecucion-del-fallo-arbitrario-en-su-contra-y-reclama-su-derecho-a-la-tutela-jurisdiccional-efectiva\/#breadcrumb","itemListElement":[{"@type":"ListItem","position":1,"name":"Portada","item":"https:\/\/www.eldiario.net\/portal\/"},{"@type":"ListItem","position":2,"name":"SOBOCE ALERTA SOBRE EL IMPACTO EN LA ECONOM\u00cdA DE LA POSIBLE EJECUCI\u00d3N DEL FALLO ARBITRARIO EN SU CONTRA Y RECLAMA SU DERECHO A LA TUTELA JURISDICCIONAL EFECTIVA"}]},{"@type":"WebSite","@id":"https:\/\/www.eldiario.net\/portal\/#website","url":"https:\/\/www.eldiario.net\/portal\/","name":"El Diario - Decano de la prensa nacional","description":"El Diario - Decano de la prensa nacional","publisher":{"@id":"https:\/\/www.eldiario.net\/portal\/#organization"},"potentialAction":[{"@type":"SearchAction","target":{"@type":"EntryPoint","urlTemplate":"https:\/\/www.eldiario.net\/portal\/?s={search_term_string}"},"query-input":{"@type":"PropertyValueSpecification","valueRequired":true,"valueName":"search_term_string"}}],"inLanguage":"es"},{"@type":"Organization","@id":"https:\/\/www.eldiario.net\/portal\/#organization","name":"El Diario - Decano de la prensa nacional","url":"https:\/\/www.eldiario.net\/portal\/","logo":{"@type":"ImageObject","inLanguage":"es","@id":"https:\/\/www.eldiario.net\/portal\/#\/schema\/logo\/image\/","url":"https:\/\/www.eldiario.net\/portal\/wp-content\/uploads\/2023\/07\/logo_ED.jpg","contentUrl":"https:\/\/www.eldiario.net\/portal\/wp-content\/uploads\/2023\/07\/logo_ED.jpg","width":272,"height":52,"caption":"El Diario - Decano de la prensa nacional"},"image":{"@id":"https:\/\/www.eldiario.net\/portal\/#\/schema\/logo\/image\/"},"sameAs":["https:\/\/www.facebook.com\/eldiario.bolivia\/","https:\/\/x.com\/eldiario_net"]},{"@type":"Person","@id":"https:\/\/www.eldiario.net\/portal\/#\/schema\/person\/f46445640444750d7d753ccd04ae01b7","name":"Jeanette","image":{"@type":"ImageObject","inLanguage":"es","@id":"https:\/\/secure.gravatar.com\/avatar\/3ea2118a5f7dad2b7138b1187a6b7ee55f160b9968b66013c3a3ef39dd7e5798?s=96&d=mm&r=g","url":"https:\/\/secure.gravatar.com\/avatar\/3ea2118a5f7dad2b7138b1187a6b7ee55f160b9968b66013c3a3ef39dd7e5798?s=96&d=mm&r=g","contentUrl":"https:\/\/secure.gravatar.com\/avatar\/3ea2118a5f7dad2b7138b1187a6b7ee55f160b9968b66013c3a3ef39dd7e5798?s=96&d=mm&r=g","caption":"Jeanette"},"sameAs":["https:\/\/www.eldiario.net\/portal"],"url":"https:\/\/www.eldiario.net\/portal\/author\/jeanette\/"}]}},"_links":{"self":[{"href":"https:\/\/www.eldiario.net\/portal\/wp-json\/wp\/v2\/posts\/416947","targetHints":{"allow":["GET"]}}],"collection":[{"href":"https:\/\/www.eldiario.net\/portal\/wp-json\/wp\/v2\/posts"}],"about":[{"href":"https:\/\/www.eldiario.net\/portal\/wp-json\/wp\/v2\/types\/post"}],"author":[{"embeddable":true,"href":"https:\/\/www.eldiario.net\/portal\/wp-json\/wp\/v2\/users\/1"}],"replies":[{"embeddable":true,"href":"https:\/\/www.eldiario.net\/portal\/wp-json\/wp\/v2\/comments?post=416947"}],"version-history":[{"count":1,"href":"https:\/\/www.eldiario.net\/portal\/wp-json\/wp\/v2\/posts\/416947\/revisions"}],"predecessor-version":[{"id":416949,"href":"https:\/\/www.eldiario.net\/portal\/wp-json\/wp\/v2\/posts\/416947\/revisions\/416949"}],"wp:featuredmedia":[{"embeddable":true,"href":"https:\/\/www.eldiario.net\/portal\/wp-json\/wp\/v2\/media\/416948"}],"wp:attachment":[{"href":"https:\/\/www.eldiario.net\/portal\/wp-json\/wp\/v2\/media?parent=416947"}],"wp:term":[{"taxonomy":"category","embeddable":true,"href":"https:\/\/www.eldiario.net\/portal\/wp-json\/wp\/v2\/categories?post=416947"},{"taxonomy":"post_tag","embeddable":true,"href":"https:\/\/www.eldiario.net\/portal\/wp-json\/wp\/v2\/tags?post=416947"}],"curies":[{"name":"wp","href":"https:\/\/api.w.org\/{rel}","templated":true}]}}