{"id":416625,"date":"2026-07-28T09:49:40","date_gmt":"2026-07-28T13:49:40","guid":{"rendered":"https:\/\/www.eldiario.net\/portal\/?p=416625"},"modified":"2026-07-28T09:49:40","modified_gmt":"2026-07-28T13:49:40","slug":"cochabamba-santa-cruz-y-tarija-descartan-subir-la-tasa-de-aseo-la-paz-aun-evalua-0945","status":"publish","type":"post","link":"https:\/\/www.eldiario.net\/portal\/2026\/07\/28\/cochabamba-santa-cruz-y-tarija-descartan-subir-la-tasa-de-aseo-la-paz-aun-evalua-0945\/","title":{"rendered":"Cochabamba, Santa Cruz y Tarija descartan subir la tasa de aseo; La Paz a\u00fan eval\u00faa (09:45)"},"content":{"rendered":"<p>Las alcald\u00edas de Cochabamba, Santa Cruz y Tarija confirmaron que no incrementar\u00e1n la tasa por el servicio de recojo de basura, pese a la reciente aprobaci\u00f3n del Decreto Supremo 5660.<\/p>\n<p>En cambio, el alcalde de La Paz, C\u00e9sar Dockweiler, inform\u00f3 que primero se revisar\u00e1n los contratos del servicio para evaluar el impacto de la norma y definir si corresponde alg\u00fan ajuste.<\/p>\n<p data-start=\"552\" data-end=\"781\">Se\u00f1al\u00f3 que cualquier decisi\u00f3n deber\u00e1 considerar el impacto financiero y operativo para el municipio.<\/p>\n<p data-start=\"783\" data-end=\"1150\" data-is-last-node=\"\" data-is-only-node=\"\">El Decreto Supremo 5660 autoriza, de manera excepcional, que las alcald\u00edas renegocien los contratos de aseo urbano debido al incremento de los costos de operaci\u00f3n, principalmente por los combustibles.<\/p>\n<p>La medida estar\u00e1 vigente hasta el 31 de diciembre de 2026 y no obliga a modificar la tasa que pagan los vecinos, sino que deja esa decisi\u00f3n a cada gobierno municipal.<\/p>\n<p>&nbsp;<\/p>\n","protected":false},"excerpt":{"rendered":"<p>Las alcald\u00edas de Cochabamba, Santa Cruz y Tarija confirmaron que no incrementar\u00e1n la tasa por el servicio de recojo de basura, pese a la reciente aprobaci\u00f3n del Decreto Supremo 5660. En cambio, el alcalde de La Paz, C\u00e9sar Dockweiler, inform\u00f3 que primero se revisar\u00e1n los contratos del servicio para evaluar el impacto de la norma [&hellip;]<\/p>\n","protected":false},"author":7,"featured_media":416626,"comment_status":"closed","ping_status":"open","sticky":false,"template":"","format":"standard","meta":{"_acf_changed":false,"footnotes":""},"categories":[51],"tags":[],"class_list":["post-416625","post","type-post","status-publish","format-standard","has-post-thumbnail","category-ultima-hora"],"acf":{"antetitulo":""},"yoast_head":"<!-- This site is optimized with the Yoast SEO plugin v28.4 - https:\/\/yoast.com\/product\/yoast-seo-wordpress\/ -->\n<title>Cochabamba, Santa Cruz y Tarija descartan subir la tasa de aseo; La Paz a\u00fan eval\u00faa (09:45) - El Diario - Bolivia<\/title>\n<meta name=\"robots\" content=\"index, follow, max-snippet:-1, max-image-preview:large, max-video-preview:-1\" \/>\n<link rel=\"canonical\" href=\"https:\/\/www.eldiario.net\/portal\/2026\/07\/28\/cochabamba-santa-cruz-y-tarija-descartan-subir-la-tasa-de-aseo-la-paz-aun-evalua-0945\/\" \/>\n<meta property=\"og:locale\" content=\"es_ES\" \/>\n<meta property=\"og:type\" content=\"article\" \/>\n<meta property=\"og:title\" content=\"Cochabamba, Santa Cruz y Tarija descartan subir la tasa de aseo; La Paz a\u00fan eval\u00faa (09:45) - El Diario - Bolivia\" \/>\n<meta property=\"og:description\" content=\"Las alcald\u00edas de Cochabamba, Santa Cruz y Tarija confirmaron que no incrementar\u00e1n la tasa por el servicio de recojo de basura, pese a la reciente aprobaci\u00f3n del Decreto Supremo 5660. En cambio, el alcalde de La Paz, C\u00e9sar Dockweiler, inform\u00f3 que primero se revisar\u00e1n los contratos del servicio para evaluar el impacto de la norma [&hellip;]\" \/>\n<meta property=\"og:url\" content=\"https:\/\/www.eldiario.net\/portal\/2026\/07\/28\/cochabamba-santa-cruz-y-tarija-descartan-subir-la-tasa-de-aseo-la-paz-aun-evalua-0945\/\" \/>\n<meta property=\"og:site_name\" content=\"El Diario - Bolivia\" \/>\n<meta property=\"article:publisher\" content=\"https:\/\/www.facebook.com\/eldiario.bolivia\/\" \/>\n<meta property=\"article:published_time\" content=\"2026-07-28T13:49:40+00:00\" \/>\n<meta property=\"og:image\" content=\"https:\/\/www.eldiario.net\/portal\/wp-content\/uploads\/2026\/07\/basura-28.07.26-copia.webp\" \/>\n\t<meta property=\"og:image:width\" content=\"521\" \/>\n\t<meta property=\"og:image:height\" content=\"389\" \/>\n\t<meta property=\"og:image:type\" content=\"image\/webp\" \/>\n<meta name=\"author\" content=\"Viviana Monrroy\" \/>\n<meta name=\"twitter:card\" content=\"summary_large_image\" \/>\n<meta name=\"twitter:creator\" content=\"@eldiario_net\" \/>\n<meta name=\"twitter:site\" content=\"@eldiario_net\" \/>\n<meta name=\"twitter:label1\" content=\"Escrito por\" \/>\n\t<meta name=\"twitter:data1\" content=\"Viviana Monrroy\" \/>\n\t<meta name=\"twitter:label2\" content=\"Tiempo de lectura\" \/>\n\t<meta name=\"twitter:data2\" content=\"1 minuto\" \/>\n<script type=\"application\/ld+json\" class=\"yoast-schema-graph\">{\"@context\":\"https:\\\/\\\/schema.org\",\"@graph\":[{\"@type\":\"Article\",\"@id\":\"https:\\\/\\\/www.eldiario.net\\\/portal\\\/2026\\\/07\\\/28\\\/cochabamba-santa-cruz-y-tarija-descartan-subir-la-tasa-de-aseo-la-paz-aun-evalua-0945\\\/#article\",\"isPartOf\":{\"@id\":\"https:\\\/\\\/www.eldiario.net\\\/portal\\\/2026\\\/07\\\/28\\\/cochabamba-santa-cruz-y-tarija-descartan-subir-la-tasa-de-aseo-la-paz-aun-evalua-0945\\\/\"},\"author\":{\"name\":\"Viviana Monrroy\",\"@id\":\"https:\\\/\\\/www.eldiario.net\\\/portal\\\/#\\\/schema\\\/person\\\/ba370d92d160f4d3574381f6d9b78fab\"},\"headline\":\"Cochabamba, Santa Cruz y Tarija descartan subir la tasa de aseo; La Paz a\u00fan eval\u00faa (09:45)\",\"datePublished\":\"2026-07-28T13:49:40+00:00\",\"mainEntityOfPage\":{\"@id\":\"https:\\\/\\\/www.eldiario.net\\\/portal\\\/2026\\\/07\\\/28\\\/cochabamba-santa-cruz-y-tarija-descartan-subir-la-tasa-de-aseo-la-paz-aun-evalua-0945\\\/\"},\"wordCount\":160,\"publisher\":{\"@id\":\"https:\\\/\\\/www.eldiario.net\\\/portal\\\/#organization\"},\"image\":{\"@id\":\"https:\\\/\\\/www.eldiario.net\\\/portal\\\/2026\\\/07\\\/28\\\/cochabamba-santa-cruz-y-tarija-descartan-subir-la-tasa-de-aseo-la-paz-aun-evalua-0945\\\/#primaryimage\"},\"thumbnailUrl\":\"https:\\\/\\\/www.eldiario.net\\\/portal\\\/wp-content\\\/uploads\\\/2026\\\/07\\\/basura-28.07.26-copia.webp\",\"articleSection\":[\"\u00daltima Hora\"],\"inLanguage\":\"es\"},{\"@type\":\"WebPage\",\"@id\":\"https:\\\/\\\/www.eldiario.net\\\/portal\\\/2026\\\/07\\\/28\\\/cochabamba-santa-cruz-y-tarija-descartan-subir-la-tasa-de-aseo-la-paz-aun-evalua-0945\\\/\",\"url\":\"https:\\\/\\\/www.eldiario.net\\\/portal\\\/2026\\\/07\\\/28\\\/cochabamba-santa-cruz-y-tarija-descartan-subir-la-tasa-de-aseo-la-paz-aun-evalua-0945\\\/\",\"name\":\"Cochabamba, Santa Cruz y Tarija descartan subir la tasa de aseo; La Paz a\u00fan eval\u00faa (09:45) - El Diario - Bolivia\",\"isPartOf\":{\"@id\":\"https:\\\/\\\/www.eldiario.net\\\/portal\\\/#website\"},\"primaryImageOfPage\":{\"@id\":\"https:\\\/\\\/www.eldiario.net\\\/portal\\\/2026\\\/07\\\/28\\\/cochabamba-santa-cruz-y-tarija-descartan-subir-la-tasa-de-aseo-la-paz-aun-evalua-0945\\\/#primaryimage\"},\"image\":{\"@id\":\"https:\\\/\\\/www.eldiario.net\\\/portal\\\/2026\\\/07\\\/28\\\/cochabamba-santa-cruz-y-tarija-descartan-subir-la-tasa-de-aseo-la-paz-aun-evalua-0945\\\/#primaryimage\"},\"thumbnailUrl\":\"https:\\\/\\\/www.eldiario.net\\\/portal\\\/wp-content\\\/uploads\\\/2026\\\/07\\\/basura-28.07.26-copia.webp\",\"datePublished\":\"2026-07-28T13:49:40+00:00\",\"breadcrumb\":{\"@id\":\"https:\\\/\\\/www.eldiario.net\\\/portal\\\/2026\\\/07\\\/28\\\/cochabamba-santa-cruz-y-tarija-descartan-subir-la-tasa-de-aseo-la-paz-aun-evalua-0945\\\/#breadcrumb\"},\"inLanguage\":\"es\",\"potentialAction\":[{\"@type\":\"ReadAction\",\"target\":[\"https:\\\/\\\/www.eldiario.net\\\/portal\\\/2026\\\/07\\\/28\\\/cochabamba-santa-cruz-y-tarija-descartan-subir-la-tasa-de-aseo-la-paz-aun-evalua-0945\\\/\"]}]},{\"@type\":\"ImageObject\",\"inLanguage\":\"es\",\"@id\":\"https:\\\/\\\/www.eldiario.net\\\/portal\\\/2026\\\/07\\\/28\\\/cochabamba-santa-cruz-y-tarija-descartan-subir-la-tasa-de-aseo-la-paz-aun-evalua-0945\\\/#primaryimage\",\"url\":\"https:\\\/\\\/www.eldiario.net\\\/portal\\\/wp-content\\\/uploads\\\/2026\\\/07\\\/basura-28.07.26-copia.webp\",\"contentUrl\":\"https:\\\/\\\/www.eldiario.net\\\/portal\\\/wp-content\\\/uploads\\\/2026\\\/07\\\/basura-28.07.26-copia.webp\",\"width\":521,\"height\":389,\"caption\":\"Foto: RR.SS.\"},{\"@type\":\"BreadcrumbList\",\"@id\":\"https:\\\/\\\/www.eldiario.net\\\/portal\\\/2026\\\/07\\\/28\\\/cochabamba-santa-cruz-y-tarija-descartan-subir-la-tasa-de-aseo-la-paz-aun-evalua-0945\\\/#breadcrumb\",\"itemListElement\":[{\"@type\":\"ListItem\",\"position\":1,\"name\":\"Portada\",\"item\":\"https:\\\/\\\/www.eldiario.net\\\/portal\\\/\"},{\"@type\":\"ListItem\",\"position\":2,\"name\":\"Cochabamba, Santa Cruz y Tarija descartan subir la tasa de aseo; La Paz a\u00fan eval\u00faa (09:45)\"}]},{\"@type\":\"WebSite\",\"@id\":\"https:\\\/\\\/www.eldiario.net\\\/portal\\\/#website\",\"url\":\"https:\\\/\\\/www.eldiario.net\\\/portal\\\/\",\"name\":\"El Diario - Decano de la prensa nacional\",\"description\":\"El Diario - Decano de la prensa nacional\",\"publisher\":{\"@id\":\"https:\\\/\\\/www.eldiario.net\\\/portal\\\/#organization\"},\"potentialAction\":[{\"@type\":\"SearchAction\",\"target\":{\"@type\":\"EntryPoint\",\"urlTemplate\":\"https:\\\/\\\/www.eldiario.net\\\/portal\\\/?s={search_term_string}\"},\"query-input\":{\"@type\":\"PropertyValueSpecification\",\"valueRequired\":true,\"valueName\":\"search_term_string\"}}],\"inLanguage\":\"es\"},{\"@type\":\"Organization\",\"@id\":\"https:\\\/\\\/www.eldiario.net\\\/portal\\\/#organization\",\"name\":\"El Diario - Decano de la prensa nacional\",\"url\":\"https:\\\/\\\/www.eldiario.net\\\/portal\\\/\",\"logo\":{\"@type\":\"ImageObject\",\"inLanguage\":\"es\",\"@id\":\"https:\\\/\\\/www.eldiario.net\\\/portal\\\/#\\\/schema\\\/logo\\\/image\\\/\",\"url\":\"https:\\\/\\\/www.eldiario.net\\\/portal\\\/wp-content\\\/uploads\\\/2023\\\/07\\\/logo_ED.jpg\",\"contentUrl\":\"https:\\\/\\\/www.eldiario.net\\\/portal\\\/wp-content\\\/uploads\\\/2023\\\/07\\\/logo_ED.jpg\",\"width\":272,\"height\":52,\"caption\":\"El Diario - Decano de la prensa nacional\"},\"image\":{\"@id\":\"https:\\\/\\\/www.eldiario.net\\\/portal\\\/#\\\/schema\\\/logo\\\/image\\\/\"},\"sameAs\":[\"https:\\\/\\\/www.facebook.com\\\/eldiario.bolivia\\\/\",\"https:\\\/\\\/x.com\\\/eldiario_net\"]},{\"@type\":\"Person\",\"@id\":\"https:\\\/\\\/www.eldiario.net\\\/portal\\\/#\\\/schema\\\/person\\\/ba370d92d160f4d3574381f6d9b78fab\",\"name\":\"Viviana Monrroy\",\"image\":{\"@type\":\"ImageObject\",\"inLanguage\":\"es\",\"@id\":\"https:\\\/\\\/secure.gravatar.com\\\/avatar\\\/dfd1611ed5600959a0e5a9754503b6c05d1dcf190010998e0363aee2ad98afca?s=96&d=mm&r=g\",\"url\":\"https:\\\/\\\/secure.gravatar.com\\\/avatar\\\/dfd1611ed5600959a0e5a9754503b6c05d1dcf190010998e0363aee2ad98afca?s=96&d=mm&r=g\",\"contentUrl\":\"https:\\\/\\\/secure.gravatar.com\\\/avatar\\\/dfd1611ed5600959a0e5a9754503b6c05d1dcf190010998e0363aee2ad98afca?s=96&d=mm&r=g\",\"caption\":\"Viviana Monrroy\"},\"sameAs\":[\"http:\\\/\\\/www.eldiario.net\"],\"url\":\"https:\\\/\\\/www.eldiario.net\\\/portal\\\/author\\\/vivianamonrroy\\\/\"}]}<\/script>\n<!-- \/ Yoast SEO plugin. -->","yoast_head_json":{"title":"Cochabamba, Santa Cruz y Tarija descartan subir la tasa de aseo; La Paz a\u00fan eval\u00faa (09:45) - El Diario - Bolivia","robots":{"index":"index","follow":"follow","max-snippet":"max-snippet:-1","max-image-preview":"max-image-preview:large","max-video-preview":"max-video-preview:-1"},"canonical":"https:\/\/www.eldiario.net\/portal\/2026\/07\/28\/cochabamba-santa-cruz-y-tarija-descartan-subir-la-tasa-de-aseo-la-paz-aun-evalua-0945\/","og_locale":"es_ES","og_type":"article","og_title":"Cochabamba, Santa Cruz y Tarija descartan subir la tasa de aseo; La Paz a\u00fan eval\u00faa (09:45) - El Diario - Bolivia","og_description":"Las alcald\u00edas de Cochabamba, Santa Cruz y Tarija confirmaron que no incrementar\u00e1n la tasa por el servicio de recojo de basura, pese a la reciente aprobaci\u00f3n del Decreto Supremo 5660. En cambio, el alcalde de La Paz, C\u00e9sar Dockweiler, inform\u00f3 que primero se revisar\u00e1n los contratos del servicio para evaluar el impacto de la norma [&hellip;]","og_url":"https:\/\/www.eldiario.net\/portal\/2026\/07\/28\/cochabamba-santa-cruz-y-tarija-descartan-subir-la-tasa-de-aseo-la-paz-aun-evalua-0945\/","og_site_name":"El Diario - Bolivia","article_publisher":"https:\/\/www.facebook.com\/eldiario.bolivia\/","article_published_time":"2026-07-28T13:49:40+00:00","og_image":[{"width":521,"height":389,"url":"https:\/\/www.eldiario.net\/portal\/wp-content\/uploads\/2026\/07\/basura-28.07.26-copia.webp","type":"image\/webp"}],"author":"Viviana Monrroy","twitter_card":"summary_large_image","twitter_creator":"@eldiario_net","twitter_site":"@eldiario_net","twitter_misc":{"Escrito por":"Viviana Monrroy","Tiempo de lectura":"1 minuto"},"schema":{"@context":"https:\/\/schema.org","@graph":[{"@type":"Article","@id":"https:\/\/www.eldiario.net\/portal\/2026\/07\/28\/cochabamba-santa-cruz-y-tarija-descartan-subir-la-tasa-de-aseo-la-paz-aun-evalua-0945\/#article","isPartOf":{"@id":"https:\/\/www.eldiario.net\/portal\/2026\/07\/28\/cochabamba-santa-cruz-y-tarija-descartan-subir-la-tasa-de-aseo-la-paz-aun-evalua-0945\/"},"author":{"name":"Viviana Monrroy","@id":"https:\/\/www.eldiario.net\/portal\/#\/schema\/person\/ba370d92d160f4d3574381f6d9b78fab"},"headline":"Cochabamba, Santa Cruz y Tarija descartan subir la tasa de aseo; La Paz a\u00fan eval\u00faa (09:45)","datePublished":"2026-07-28T13:49:40+00:00","mainEntityOfPage":{"@id":"https:\/\/www.eldiario.net\/portal\/2026\/07\/28\/cochabamba-santa-cruz-y-tarija-descartan-subir-la-tasa-de-aseo-la-paz-aun-evalua-0945\/"},"wordCount":160,"publisher":{"@id":"https:\/\/www.eldiario.net\/portal\/#organization"},"image":{"@id":"https:\/\/www.eldiario.net\/portal\/2026\/07\/28\/cochabamba-santa-cruz-y-tarija-descartan-subir-la-tasa-de-aseo-la-paz-aun-evalua-0945\/#primaryimage"},"thumbnailUrl":"https:\/\/www.eldiario.net\/portal\/wp-content\/uploads\/2026\/07\/basura-28.07.26-copia.webp","articleSection":["\u00daltima Hora"],"inLanguage":"es"},{"@type":"WebPage","@id":"https:\/\/www.eldiario.net\/portal\/2026\/07\/28\/cochabamba-santa-cruz-y-tarija-descartan-subir-la-tasa-de-aseo-la-paz-aun-evalua-0945\/","url":"https:\/\/www.eldiario.net\/portal\/2026\/07\/28\/cochabamba-santa-cruz-y-tarija-descartan-subir-la-tasa-de-aseo-la-paz-aun-evalua-0945\/","name":"Cochabamba, Santa Cruz y Tarija descartan subir la tasa de aseo; La Paz a\u00fan eval\u00faa (09:45) - El Diario - Bolivia","isPartOf":{"@id":"https:\/\/www.eldiario.net\/portal\/#website"},"primaryImageOfPage":{"@id":"https:\/\/www.eldiario.net\/portal\/2026\/07\/28\/cochabamba-santa-cruz-y-tarija-descartan-subir-la-tasa-de-aseo-la-paz-aun-evalua-0945\/#primaryimage"},"image":{"@id":"https:\/\/www.eldiario.net\/portal\/2026\/07\/28\/cochabamba-santa-cruz-y-tarija-descartan-subir-la-tasa-de-aseo-la-paz-aun-evalua-0945\/#primaryimage"},"thumbnailUrl":"https:\/\/www.eldiario.net\/portal\/wp-content\/uploads\/2026\/07\/basura-28.07.26-copia.webp","datePublished":"2026-07-28T13:49:40+00:00","breadcrumb":{"@id":"https:\/\/www.eldiario.net\/portal\/2026\/07\/28\/cochabamba-santa-cruz-y-tarija-descartan-subir-la-tasa-de-aseo-la-paz-aun-evalua-0945\/#breadcrumb"},"inLanguage":"es","potentialAction":[{"@type":"ReadAction","target":["https:\/\/www.eldiario.net\/portal\/2026\/07\/28\/cochabamba-santa-cruz-y-tarija-descartan-subir-la-tasa-de-aseo-la-paz-aun-evalua-0945\/"]}]},{"@type":"ImageObject","inLanguage":"es","@id":"https:\/\/www.eldiario.net\/portal\/2026\/07\/28\/cochabamba-santa-cruz-y-tarija-descartan-subir-la-tasa-de-aseo-la-paz-aun-evalua-0945\/#primaryimage","url":"https:\/\/www.eldiario.net\/portal\/wp-content\/uploads\/2026\/07\/basura-28.07.26-copia.webp","contentUrl":"https:\/\/www.eldiario.net\/portal\/wp-content\/uploads\/2026\/07\/basura-28.07.26-copia.webp","width":521,"height":389,"caption":"Foto: RR.SS."},{"@type":"BreadcrumbList","@id":"https:\/\/www.eldiario.net\/portal\/2026\/07\/28\/cochabamba-santa-cruz-y-tarija-descartan-subir-la-tasa-de-aseo-la-paz-aun-evalua-0945\/#breadcrumb","itemListElement":[{"@type":"ListItem","position":1,"name":"Portada","item":"https:\/\/www.eldiario.net\/portal\/"},{"@type":"ListItem","position":2,"name":"Cochabamba, Santa Cruz y Tarija descartan subir la tasa de aseo; La Paz a\u00fan eval\u00faa (09:45)"}]},{"@type":"WebSite","@id":"https:\/\/www.eldiario.net\/portal\/#website","url":"https:\/\/www.eldiario.net\/portal\/","name":"El Diario - Decano de la prensa nacional","description":"El Diario - Decano de la prensa nacional","publisher":{"@id":"https:\/\/www.eldiario.net\/portal\/#organization"},"potentialAction":[{"@type":"SearchAction","target":{"@type":"EntryPoint","urlTemplate":"https:\/\/www.eldiario.net\/portal\/?s={search_term_string}"},"query-input":{"@type":"PropertyValueSpecification","valueRequired":true,"valueName":"search_term_string"}}],"inLanguage":"es"},{"@type":"Organization","@id":"https:\/\/www.eldiario.net\/portal\/#organization","name":"El Diario - Decano de la prensa nacional","url":"https:\/\/www.eldiario.net\/portal\/","logo":{"@type":"ImageObject","inLanguage":"es","@id":"https:\/\/www.eldiario.net\/portal\/#\/schema\/logo\/image\/","url":"https:\/\/www.eldiario.net\/portal\/wp-content\/uploads\/2023\/07\/logo_ED.jpg","contentUrl":"https:\/\/www.eldiario.net\/portal\/wp-content\/uploads\/2023\/07\/logo_ED.jpg","width":272,"height":52,"caption":"El Diario - Decano de la prensa nacional"},"image":{"@id":"https:\/\/www.eldiario.net\/portal\/#\/schema\/logo\/image\/"},"sameAs":["https:\/\/www.facebook.com\/eldiario.bolivia\/","https:\/\/x.com\/eldiario_net"]},{"@type":"Person","@id":"https:\/\/www.eldiario.net\/portal\/#\/schema\/person\/ba370d92d160f4d3574381f6d9b78fab","name":"Viviana Monrroy","image":{"@type":"ImageObject","inLanguage":"es","@id":"https:\/\/secure.gravatar.com\/avatar\/dfd1611ed5600959a0e5a9754503b6c05d1dcf190010998e0363aee2ad98afca?s=96&d=mm&r=g","url":"https:\/\/secure.gravatar.com\/avatar\/dfd1611ed5600959a0e5a9754503b6c05d1dcf190010998e0363aee2ad98afca?s=96&d=mm&r=g","contentUrl":"https:\/\/secure.gravatar.com\/avatar\/dfd1611ed5600959a0e5a9754503b6c05d1dcf190010998e0363aee2ad98afca?s=96&d=mm&r=g","caption":"Viviana Monrroy"},"sameAs":["http:\/\/www.eldiario.net"],"url":"https:\/\/www.eldiario.net\/portal\/author\/vivianamonrroy\/"}]}},"_links":{"self":[{"href":"https:\/\/www.eldiario.net\/portal\/wp-json\/wp\/v2\/posts\/416625","targetHints":{"allow":["GET"]}}],"collection":[{"href":"https:\/\/www.eldiario.net\/portal\/wp-json\/wp\/v2\/posts"}],"about":[{"href":"https:\/\/www.eldiario.net\/portal\/wp-json\/wp\/v2\/types\/post"}],"author":[{"embeddable":true,"href":"https:\/\/www.eldiario.net\/portal\/wp-json\/wp\/v2\/users\/7"}],"replies":[{"embeddable":true,"href":"https:\/\/www.eldiario.net\/portal\/wp-json\/wp\/v2\/comments?post=416625"}],"version-history":[{"count":1,"href":"https:\/\/www.eldiario.net\/portal\/wp-json\/wp\/v2\/posts\/416625\/revisions"}],"predecessor-version":[{"id":416627,"href":"https:\/\/www.eldiario.net\/portal\/wp-json\/wp\/v2\/posts\/416625\/revisions\/416627"}],"wp:featuredmedia":[{"embeddable":true,"href":"https:\/\/www.eldiario.net\/portal\/wp-json\/wp\/v2\/media\/416626"}],"wp:attachment":[{"href":"https:\/\/www.eldiario.net\/portal\/wp-json\/wp\/v2\/media?parent=416625"}],"wp:term":[{"taxonomy":"category","embeddable":true,"href":"https:\/\/www.eldiario.net\/portal\/wp-json\/wp\/v2\/categories?post=416625"},{"taxonomy":"post_tag","embeddable":true,"href":"https:\/\/www.eldiario.net\/portal\/wp-json\/wp\/v2\/tags?post=416625"}],"curies":[{"name":"wp","href":"https:\/\/api.w.org\/{rel}","templated":true}]}}