{"id":416579,"date":"2026-07-28T06:55:57","date_gmt":"2026-07-28T10:55:57","guid":{"rendered":"https:\/\/www.eldiario.net\/portal\/?p=416579"},"modified":"2026-07-28T06:55:57","modified_gmt":"2026-07-28T10:55:57","slug":"abelardo-de-la-espriella-cerrara-embajadas-de-cuba-y-nicaragua-2","status":"publish","type":"post","link":"https:\/\/www.eldiario.net\/portal\/2026\/07\/28\/abelardo-de-la-espriella-cerrara-embajadas-de-cuba-y-nicaragua-2\/","title":{"rendered":"Abelardo de la Espriella cerrar\u00e1 embajadas de Cuba y Nicaragua"},"content":{"rendered":"<p>El presidente electo de Colombia, Abelardo de la Espriella, anunci\u00f3 el cierre de al menos 14 embajadas como parte de la reorganizaci\u00f3n de la red diplom\u00e1tica del pa\u00eds, que comenzar\u00e1 el pr\u00f3ximo 7 de agosto. Entre las sedes que ser\u00e1n cerradas se encuentran las de Cuba, Hait\u00ed y Nicaragua, adem\u00e1s de Argelia, Azerbaiy\u00e1n, Barbados, Chequia, Etiop\u00eda, Ghana, Hungr\u00eda, Malasia, Ruman\u00eda, Senegal y Sud\u00e1frica.<\/p>\n<p>De la Espriella tambi\u00e9n inform\u00f3 la suspensi\u00f3n de la apertura de la misi\u00f3n en Palestina y el cierre de cerca de quince consulados. En un discurso difundido en sus redes sociales, el mandatario electo precis\u00f3 que estas medidas \u00abno significan romper relaciones diplom\u00e1ticas\u00bb con los pa\u00edses afectados, con excepci\u00f3n de Cuba y Nicaragua.<\/p>\n<p>&nbsp;<\/p>\n<p>CUBA Y NICARAGUA<\/p>\n<p>Respecto a estos dos pa\u00edses, De la Espriella afirm\u00f3 que \u00aben mi Gobierno no habr\u00e1 v\u00ednculo alguno con tiran\u00edas\u00bb. El anuncio forma parte de una reestructuraci\u00f3n m\u00e1s amplia de la diplomacia colombiana. Seg\u00fan el presidente electo, Colombia mantendr\u00e1 relaciones diplom\u00e1ticas con todos los pa\u00edses y organismos internacionales, salvo con Cuba y Nicaragua.<\/p>\n<p>Adem\u00e1s, se unificar\u00e1n las misiones en Francia-Unesco e Italia-FAO con el objetivo de optimizar recursos. La decisi\u00f3n se produce en el marco de la transici\u00f3n gubernamental que iniciar\u00e1 el 7 de agosto, cuando De la Espriella asuma oficialmente la Presidencia de la Rep\u00fablica. Hasta el momento, no se detallaron plazos espec\u00edficos para el cierre de las embajadas ni el impacto presupuestario de la medida.<\/p>\n<p>El cierre de embajadas y consulados es una facultad del Ejecutivo que busca, seg\u00fan el anuncio, adecuar la presencia diplom\u00e1tica colombiana a las prioridades del nuevo Gobierno. La medida afecta a naciones de diversas regiones: Am\u00e9rica Latina y el Caribe, \u00c1frica, Europa del Este y Asia.<\/p>\n<p>&nbsp;<\/p>\n<p>REPRESENTACIONES<\/p>\n<p>De la Espriella enfatiz\u00f3 que las relaciones diplom\u00e1ticas se preservar\u00e1n en la mayor\u00eda de los casos, aunque la representaci\u00f3n se gestionar\u00e1 desde otras sedes cercanas o a trav\u00e9s de mecanismos alternos. La excepci\u00f3n expl\u00edcita a Cuba y Nicaragua marca un cambio en la pol\u00edtica exterior respecto a los gobiernos de esos pa\u00edses.<\/p>\n<p>Esta reorganizaci\u00f3n se suma a otros anuncios realizados por el presidente electo durante la transici\u00f3n, orientados a la eficiencia administrativa y la redefinici\u00f3n de prioridades internacionales de Colombia. Colombia cuenta actualmente con una red de m\u00e1s de 100 representaciones diplom\u00e1ticas y consulares en el exterior. Las decisiones de este tipo suelen estar sujetas a an\u00e1lisis de costos operativos, relevancia estrat\u00e9gica y reciprocidad internacional.(El Diario Ecuador)<\/p>\n","protected":false},"excerpt":{"rendered":"<p>El presidente electo de Colombia, Abelardo de la Espriella, anunci\u00f3 el cierre de al menos 14 embajadas como parte de la reorganizaci\u00f3n de la red diplom\u00e1tica del pa\u00eds, que comenzar\u00e1 el pr\u00f3ximo 7 de agosto. Entre las sedes que ser\u00e1n cerradas se encuentran las de Cuba, Hait\u00ed y Nicaragua, adem\u00e1s de Argelia, Azerbaiy\u00e1n, Barbados, Chequia, [&hellip;]<\/p>\n","protected":false},"author":1,"featured_media":416580,"comment_status":"closed","ping_status":"open","sticky":false,"template":"","format":"standard","meta":{"_acf_changed":false,"footnotes":""},"categories":[3],"tags":[],"class_list":["post-416579","post","type-post","status-publish","format-standard","has-post-thumbnail","category-internacional"],"acf":{"antetitulo":"Colombia"},"yoast_head":"<!-- This site is optimized with the Yoast SEO plugin v28.3 - https:\/\/yoast.com\/product\/yoast-seo-wordpress\/ -->\n<title>Abelardo de la Espriella cerrar\u00e1 embajadas de Cuba y Nicaragua - El Diario - Bolivia<\/title>\n<meta name=\"robots\" content=\"index, follow, max-snippet:-1, max-image-preview:large, max-video-preview:-1\" \/>\n<link rel=\"canonical\" href=\"https:\/\/www.eldiario.net\/portal\/2026\/07\/28\/abelardo-de-la-espriella-cerrara-embajadas-de-cuba-y-nicaragua-2\/\" \/>\n<meta property=\"og:locale\" content=\"es_ES\" \/>\n<meta property=\"og:type\" content=\"article\" \/>\n<meta property=\"og:title\" content=\"Abelardo de la Espriella cerrar\u00e1 embajadas de Cuba y Nicaragua - El Diario - Bolivia\" \/>\n<meta property=\"og:description\" content=\"El presidente electo de Colombia, Abelardo de la Espriella, anunci\u00f3 el cierre de al menos 14 embajadas como parte de la reorganizaci\u00f3n de la red diplom\u00e1tica del pa\u00eds, que comenzar\u00e1 el pr\u00f3ximo 7 de agosto. Entre las sedes que ser\u00e1n cerradas se encuentran las de Cuba, Hait\u00ed y Nicaragua, adem\u00e1s de Argelia, Azerbaiy\u00e1n, Barbados, Chequia, [&hellip;]\" \/>\n<meta property=\"og:url\" content=\"https:\/\/www.eldiario.net\/portal\/2026\/07\/28\/abelardo-de-la-espriella-cerrara-embajadas-de-cuba-y-nicaragua-2\/\" \/>\n<meta property=\"og:site_name\" content=\"El Diario - Bolivia\" \/>\n<meta property=\"article:publisher\" content=\"https:\/\/www.facebook.com\/eldiario.bolivia\/\" \/>\n<meta property=\"article:published_time\" content=\"2026-07-28T10:55:57+00:00\" \/>\n<meta property=\"og:image\" content=\"https:\/\/www.eldiario.net\/portal\/wp-content\/uploads\/2026\/07\/COLOMBIA-Picture-Alliance.webp\" \/>\n\t<meta property=\"og:image:width\" content=\"922\" \/>\n\t<meta property=\"og:image:height\" content=\"525\" \/>\n\t<meta property=\"og:image:type\" content=\"image\/webp\" \/>\n<meta name=\"author\" content=\"Jeanette\" \/>\n<meta name=\"twitter:card\" content=\"summary_large_image\" \/>\n<meta name=\"twitter:creator\" content=\"@eldiario_net\" \/>\n<meta name=\"twitter:site\" content=\"@eldiario_net\" \/>\n<meta name=\"twitter:label1\" content=\"Escrito por\" \/>\n\t<meta name=\"twitter:data1\" content=\"Jeanette\" \/>\n\t<meta name=\"twitter:label2\" content=\"Tiempo de lectura\" \/>\n\t<meta name=\"twitter:data2\" content=\"3 minutos\" \/>\n<script type=\"application\/ld+json\" class=\"yoast-schema-graph\">{\"@context\":\"https:\\\/\\\/schema.org\",\"@graph\":[{\"@type\":\"Article\",\"@id\":\"https:\\\/\\\/www.eldiario.net\\\/portal\\\/2026\\\/07\\\/28\\\/abelardo-de-la-espriella-cerrara-embajadas-de-cuba-y-nicaragua-2\\\/#article\",\"isPartOf\":{\"@id\":\"https:\\\/\\\/www.eldiario.net\\\/portal\\\/2026\\\/07\\\/28\\\/abelardo-de-la-espriella-cerrara-embajadas-de-cuba-y-nicaragua-2\\\/\"},\"author\":{\"name\":\"Jeanette\",\"@id\":\"https:\\\/\\\/www.eldiario.net\\\/portal\\\/#\\\/schema\\\/person\\\/f46445640444750d7d753ccd04ae01b7\"},\"headline\":\"Abelardo de la Espriella cerrar\u00e1 embajadas de Cuba y Nicaragua\",\"datePublished\":\"2026-07-28T10:55:57+00:00\",\"mainEntityOfPage\":{\"@id\":\"https:\\\/\\\/www.eldiario.net\\\/portal\\\/2026\\\/07\\\/28\\\/abelardo-de-la-espriella-cerrara-embajadas-de-cuba-y-nicaragua-2\\\/\"},\"wordCount\":458,\"publisher\":{\"@id\":\"https:\\\/\\\/www.eldiario.net\\\/portal\\\/#organization\"},\"image\":{\"@id\":\"https:\\\/\\\/www.eldiario.net\\\/portal\\\/2026\\\/07\\\/28\\\/abelardo-de-la-espriella-cerrara-embajadas-de-cuba-y-nicaragua-2\\\/#primaryimage\"},\"thumbnailUrl\":\"https:\\\/\\\/www.eldiario.net\\\/portal\\\/wp-content\\\/uploads\\\/2026\\\/07\\\/COLOMBIA-Picture-Alliance.webp\",\"articleSection\":[\"Internacional\"],\"inLanguage\":\"es\"},{\"@type\":\"WebPage\",\"@id\":\"https:\\\/\\\/www.eldiario.net\\\/portal\\\/2026\\\/07\\\/28\\\/abelardo-de-la-espriella-cerrara-embajadas-de-cuba-y-nicaragua-2\\\/\",\"url\":\"https:\\\/\\\/www.eldiario.net\\\/portal\\\/2026\\\/07\\\/28\\\/abelardo-de-la-espriella-cerrara-embajadas-de-cuba-y-nicaragua-2\\\/\",\"name\":\"Abelardo de la Espriella cerrar\u00e1 embajadas de Cuba y Nicaragua - El Diario - Bolivia\",\"isPartOf\":{\"@id\":\"https:\\\/\\\/www.eldiario.net\\\/portal\\\/#website\"},\"primaryImageOfPage\":{\"@id\":\"https:\\\/\\\/www.eldiario.net\\\/portal\\\/2026\\\/07\\\/28\\\/abelardo-de-la-espriella-cerrara-embajadas-de-cuba-y-nicaragua-2\\\/#primaryimage\"},\"image\":{\"@id\":\"https:\\\/\\\/www.eldiario.net\\\/portal\\\/2026\\\/07\\\/28\\\/abelardo-de-la-espriella-cerrara-embajadas-de-cuba-y-nicaragua-2\\\/#primaryimage\"},\"thumbnailUrl\":\"https:\\\/\\\/www.eldiario.net\\\/portal\\\/wp-content\\\/uploads\\\/2026\\\/07\\\/COLOMBIA-Picture-Alliance.webp\",\"datePublished\":\"2026-07-28T10:55:57+00:00\",\"breadcrumb\":{\"@id\":\"https:\\\/\\\/www.eldiario.net\\\/portal\\\/2026\\\/07\\\/28\\\/abelardo-de-la-espriella-cerrara-embajadas-de-cuba-y-nicaragua-2\\\/#breadcrumb\"},\"inLanguage\":\"es\",\"potentialAction\":[{\"@type\":\"ReadAction\",\"target\":[\"https:\\\/\\\/www.eldiario.net\\\/portal\\\/2026\\\/07\\\/28\\\/abelardo-de-la-espriella-cerrara-embajadas-de-cuba-y-nicaragua-2\\\/\"]}]},{\"@type\":\"ImageObject\",\"inLanguage\":\"es\",\"@id\":\"https:\\\/\\\/www.eldiario.net\\\/portal\\\/2026\\\/07\\\/28\\\/abelardo-de-la-espriella-cerrara-embajadas-de-cuba-y-nicaragua-2\\\/#primaryimage\",\"url\":\"https:\\\/\\\/www.eldiario.net\\\/portal\\\/wp-content\\\/uploads\\\/2026\\\/07\\\/COLOMBIA-Picture-Alliance.webp\",\"contentUrl\":\"https:\\\/\\\/www.eldiario.net\\\/portal\\\/wp-content\\\/uploads\\\/2026\\\/07\\\/COLOMBIA-Picture-Alliance.webp\",\"width\":922,\"height\":525,\"caption\":\"El presidente electo de Colombia, Abelardo de la Espriella. CREDITO: Picture Alliance\"},{\"@type\":\"BreadcrumbList\",\"@id\":\"https:\\\/\\\/www.eldiario.net\\\/portal\\\/2026\\\/07\\\/28\\\/abelardo-de-la-espriella-cerrara-embajadas-de-cuba-y-nicaragua-2\\\/#breadcrumb\",\"itemListElement\":[{\"@type\":\"ListItem\",\"position\":1,\"name\":\"Portada\",\"item\":\"https:\\\/\\\/www.eldiario.net\\\/portal\\\/\"},{\"@type\":\"ListItem\",\"position\":2,\"name\":\"Abelardo de la Espriella cerrar\u00e1 embajadas de Cuba y Nicaragua\"}]},{\"@type\":\"WebSite\",\"@id\":\"https:\\\/\\\/www.eldiario.net\\\/portal\\\/#website\",\"url\":\"https:\\\/\\\/www.eldiario.net\\\/portal\\\/\",\"name\":\"El Diario - Decano de la prensa nacional\",\"description\":\"El Diario - Decano de la prensa nacional\",\"publisher\":{\"@id\":\"https:\\\/\\\/www.eldiario.net\\\/portal\\\/#organization\"},\"potentialAction\":[{\"@type\":\"SearchAction\",\"target\":{\"@type\":\"EntryPoint\",\"urlTemplate\":\"https:\\\/\\\/www.eldiario.net\\\/portal\\\/?s={search_term_string}\"},\"query-input\":{\"@type\":\"PropertyValueSpecification\",\"valueRequired\":true,\"valueName\":\"search_term_string\"}}],\"inLanguage\":\"es\"},{\"@type\":\"Organization\",\"@id\":\"https:\\\/\\\/www.eldiario.net\\\/portal\\\/#organization\",\"name\":\"El Diario - Decano de la prensa nacional\",\"url\":\"https:\\\/\\\/www.eldiario.net\\\/portal\\\/\",\"logo\":{\"@type\":\"ImageObject\",\"inLanguage\":\"es\",\"@id\":\"https:\\\/\\\/www.eldiario.net\\\/portal\\\/#\\\/schema\\\/logo\\\/image\\\/\",\"url\":\"https:\\\/\\\/www.eldiario.net\\\/portal\\\/wp-content\\\/uploads\\\/2023\\\/07\\\/logo_ED.jpg\",\"contentUrl\":\"https:\\\/\\\/www.eldiario.net\\\/portal\\\/wp-content\\\/uploads\\\/2023\\\/07\\\/logo_ED.jpg\",\"width\":272,\"height\":52,\"caption\":\"El Diario - Decano de la prensa nacional\"},\"image\":{\"@id\":\"https:\\\/\\\/www.eldiario.net\\\/portal\\\/#\\\/schema\\\/logo\\\/image\\\/\"},\"sameAs\":[\"https:\\\/\\\/www.facebook.com\\\/eldiario.bolivia\\\/\",\"https:\\\/\\\/x.com\\\/eldiario_net\"]},{\"@type\":\"Person\",\"@id\":\"https:\\\/\\\/www.eldiario.net\\\/portal\\\/#\\\/schema\\\/person\\\/f46445640444750d7d753ccd04ae01b7\",\"name\":\"Jeanette\",\"image\":{\"@type\":\"ImageObject\",\"inLanguage\":\"es\",\"@id\":\"https:\\\/\\\/secure.gravatar.com\\\/avatar\\\/3ea2118a5f7dad2b7138b1187a6b7ee55f160b9968b66013c3a3ef39dd7e5798?s=96&d=mm&r=g\",\"url\":\"https:\\\/\\\/secure.gravatar.com\\\/avatar\\\/3ea2118a5f7dad2b7138b1187a6b7ee55f160b9968b66013c3a3ef39dd7e5798?s=96&d=mm&r=g\",\"contentUrl\":\"https:\\\/\\\/secure.gravatar.com\\\/avatar\\\/3ea2118a5f7dad2b7138b1187a6b7ee55f160b9968b66013c3a3ef39dd7e5798?s=96&d=mm&r=g\",\"caption\":\"Jeanette\"},\"sameAs\":[\"https:\\\/\\\/www.eldiario.net\\\/portal\"],\"url\":\"https:\\\/\\\/www.eldiario.net\\\/portal\\\/author\\\/jeanette\\\/\"}]}<\/script>\n<!-- \/ Yoast SEO plugin. -->","yoast_head_json":{"title":"Abelardo de la Espriella cerrar\u00e1 embajadas de Cuba y Nicaragua - El Diario - Bolivia","robots":{"index":"index","follow":"follow","max-snippet":"max-snippet:-1","max-image-preview":"max-image-preview:large","max-video-preview":"max-video-preview:-1"},"canonical":"https:\/\/www.eldiario.net\/portal\/2026\/07\/28\/abelardo-de-la-espriella-cerrara-embajadas-de-cuba-y-nicaragua-2\/","og_locale":"es_ES","og_type":"article","og_title":"Abelardo de la Espriella cerrar\u00e1 embajadas de Cuba y Nicaragua - El Diario - Bolivia","og_description":"El presidente electo de Colombia, Abelardo de la Espriella, anunci\u00f3 el cierre de al menos 14 embajadas como parte de la reorganizaci\u00f3n de la red diplom\u00e1tica del pa\u00eds, que comenzar\u00e1 el pr\u00f3ximo 7 de agosto. Entre las sedes que ser\u00e1n cerradas se encuentran las de Cuba, Hait\u00ed y Nicaragua, adem\u00e1s de Argelia, Azerbaiy\u00e1n, Barbados, Chequia, [&hellip;]","og_url":"https:\/\/www.eldiario.net\/portal\/2026\/07\/28\/abelardo-de-la-espriella-cerrara-embajadas-de-cuba-y-nicaragua-2\/","og_site_name":"El Diario - Bolivia","article_publisher":"https:\/\/www.facebook.com\/eldiario.bolivia\/","article_published_time":"2026-07-28T10:55:57+00:00","og_image":[{"width":922,"height":525,"url":"https:\/\/www.eldiario.net\/portal\/wp-content\/uploads\/2026\/07\/COLOMBIA-Picture-Alliance.webp","type":"image\/webp"}],"author":"Jeanette","twitter_card":"summary_large_image","twitter_creator":"@eldiario_net","twitter_site":"@eldiario_net","twitter_misc":{"Escrito por":"Jeanette","Tiempo de lectura":"3 minutos"},"schema":{"@context":"https:\/\/schema.org","@graph":[{"@type":"Article","@id":"https:\/\/www.eldiario.net\/portal\/2026\/07\/28\/abelardo-de-la-espriella-cerrara-embajadas-de-cuba-y-nicaragua-2\/#article","isPartOf":{"@id":"https:\/\/www.eldiario.net\/portal\/2026\/07\/28\/abelardo-de-la-espriella-cerrara-embajadas-de-cuba-y-nicaragua-2\/"},"author":{"name":"Jeanette","@id":"https:\/\/www.eldiario.net\/portal\/#\/schema\/person\/f46445640444750d7d753ccd04ae01b7"},"headline":"Abelardo de la Espriella cerrar\u00e1 embajadas de Cuba y Nicaragua","datePublished":"2026-07-28T10:55:57+00:00","mainEntityOfPage":{"@id":"https:\/\/www.eldiario.net\/portal\/2026\/07\/28\/abelardo-de-la-espriella-cerrara-embajadas-de-cuba-y-nicaragua-2\/"},"wordCount":458,"publisher":{"@id":"https:\/\/www.eldiario.net\/portal\/#organization"},"image":{"@id":"https:\/\/www.eldiario.net\/portal\/2026\/07\/28\/abelardo-de-la-espriella-cerrara-embajadas-de-cuba-y-nicaragua-2\/#primaryimage"},"thumbnailUrl":"https:\/\/www.eldiario.net\/portal\/wp-content\/uploads\/2026\/07\/COLOMBIA-Picture-Alliance.webp","articleSection":["Internacional"],"inLanguage":"es"},{"@type":"WebPage","@id":"https:\/\/www.eldiario.net\/portal\/2026\/07\/28\/abelardo-de-la-espriella-cerrara-embajadas-de-cuba-y-nicaragua-2\/","url":"https:\/\/www.eldiario.net\/portal\/2026\/07\/28\/abelardo-de-la-espriella-cerrara-embajadas-de-cuba-y-nicaragua-2\/","name":"Abelardo de la Espriella cerrar\u00e1 embajadas de Cuba y Nicaragua - El Diario - Bolivia","isPartOf":{"@id":"https:\/\/www.eldiario.net\/portal\/#website"},"primaryImageOfPage":{"@id":"https:\/\/www.eldiario.net\/portal\/2026\/07\/28\/abelardo-de-la-espriella-cerrara-embajadas-de-cuba-y-nicaragua-2\/#primaryimage"},"image":{"@id":"https:\/\/www.eldiario.net\/portal\/2026\/07\/28\/abelardo-de-la-espriella-cerrara-embajadas-de-cuba-y-nicaragua-2\/#primaryimage"},"thumbnailUrl":"https:\/\/www.eldiario.net\/portal\/wp-content\/uploads\/2026\/07\/COLOMBIA-Picture-Alliance.webp","datePublished":"2026-07-28T10:55:57+00:00","breadcrumb":{"@id":"https:\/\/www.eldiario.net\/portal\/2026\/07\/28\/abelardo-de-la-espriella-cerrara-embajadas-de-cuba-y-nicaragua-2\/#breadcrumb"},"inLanguage":"es","potentialAction":[{"@type":"ReadAction","target":["https:\/\/www.eldiario.net\/portal\/2026\/07\/28\/abelardo-de-la-espriella-cerrara-embajadas-de-cuba-y-nicaragua-2\/"]}]},{"@type":"ImageObject","inLanguage":"es","@id":"https:\/\/www.eldiario.net\/portal\/2026\/07\/28\/abelardo-de-la-espriella-cerrara-embajadas-de-cuba-y-nicaragua-2\/#primaryimage","url":"https:\/\/www.eldiario.net\/portal\/wp-content\/uploads\/2026\/07\/COLOMBIA-Picture-Alliance.webp","contentUrl":"https:\/\/www.eldiario.net\/portal\/wp-content\/uploads\/2026\/07\/COLOMBIA-Picture-Alliance.webp","width":922,"height":525,"caption":"El presidente electo de Colombia, Abelardo de la Espriella. CREDITO: Picture Alliance"},{"@type":"BreadcrumbList","@id":"https:\/\/www.eldiario.net\/portal\/2026\/07\/28\/abelardo-de-la-espriella-cerrara-embajadas-de-cuba-y-nicaragua-2\/#breadcrumb","itemListElement":[{"@type":"ListItem","position":1,"name":"Portada","item":"https:\/\/www.eldiario.net\/portal\/"},{"@type":"ListItem","position":2,"name":"Abelardo de la Espriella cerrar\u00e1 embajadas de Cuba y Nicaragua"}]},{"@type":"WebSite","@id":"https:\/\/www.eldiario.net\/portal\/#website","url":"https:\/\/www.eldiario.net\/portal\/","name":"El Diario - Decano de la prensa nacional","description":"El Diario - Decano de la prensa nacional","publisher":{"@id":"https:\/\/www.eldiario.net\/portal\/#organization"},"potentialAction":[{"@type":"SearchAction","target":{"@type":"EntryPoint","urlTemplate":"https:\/\/www.eldiario.net\/portal\/?s={search_term_string}"},"query-input":{"@type":"PropertyValueSpecification","valueRequired":true,"valueName":"search_term_string"}}],"inLanguage":"es"},{"@type":"Organization","@id":"https:\/\/www.eldiario.net\/portal\/#organization","name":"El Diario - Decano de la prensa nacional","url":"https:\/\/www.eldiario.net\/portal\/","logo":{"@type":"ImageObject","inLanguage":"es","@id":"https:\/\/www.eldiario.net\/portal\/#\/schema\/logo\/image\/","url":"https:\/\/www.eldiario.net\/portal\/wp-content\/uploads\/2023\/07\/logo_ED.jpg","contentUrl":"https:\/\/www.eldiario.net\/portal\/wp-content\/uploads\/2023\/07\/logo_ED.jpg","width":272,"height":52,"caption":"El Diario - Decano de la prensa nacional"},"image":{"@id":"https:\/\/www.eldiario.net\/portal\/#\/schema\/logo\/image\/"},"sameAs":["https:\/\/www.facebook.com\/eldiario.bolivia\/","https:\/\/x.com\/eldiario_net"]},{"@type":"Person","@id":"https:\/\/www.eldiario.net\/portal\/#\/schema\/person\/f46445640444750d7d753ccd04ae01b7","name":"Jeanette","image":{"@type":"ImageObject","inLanguage":"es","@id":"https:\/\/secure.gravatar.com\/avatar\/3ea2118a5f7dad2b7138b1187a6b7ee55f160b9968b66013c3a3ef39dd7e5798?s=96&d=mm&r=g","url":"https:\/\/secure.gravatar.com\/avatar\/3ea2118a5f7dad2b7138b1187a6b7ee55f160b9968b66013c3a3ef39dd7e5798?s=96&d=mm&r=g","contentUrl":"https:\/\/secure.gravatar.com\/avatar\/3ea2118a5f7dad2b7138b1187a6b7ee55f160b9968b66013c3a3ef39dd7e5798?s=96&d=mm&r=g","caption":"Jeanette"},"sameAs":["https:\/\/www.eldiario.net\/portal"],"url":"https:\/\/www.eldiario.net\/portal\/author\/jeanette\/"}]}},"_links":{"self":[{"href":"https:\/\/www.eldiario.net\/portal\/wp-json\/wp\/v2\/posts\/416579","targetHints":{"allow":["GET"]}}],"collection":[{"href":"https:\/\/www.eldiario.net\/portal\/wp-json\/wp\/v2\/posts"}],"about":[{"href":"https:\/\/www.eldiario.net\/portal\/wp-json\/wp\/v2\/types\/post"}],"author":[{"embeddable":true,"href":"https:\/\/www.eldiario.net\/portal\/wp-json\/wp\/v2\/users\/1"}],"replies":[{"embeddable":true,"href":"https:\/\/www.eldiario.net\/portal\/wp-json\/wp\/v2\/comments?post=416579"}],"version-history":[{"count":1,"href":"https:\/\/www.eldiario.net\/portal\/wp-json\/wp\/v2\/posts\/416579\/revisions"}],"predecessor-version":[{"id":416581,"href":"https:\/\/www.eldiario.net\/portal\/wp-json\/wp\/v2\/posts\/416579\/revisions\/416581"}],"wp:featuredmedia":[{"embeddable":true,"href":"https:\/\/www.eldiario.net\/portal\/wp-json\/wp\/v2\/media\/416580"}],"wp:attachment":[{"href":"https:\/\/www.eldiario.net\/portal\/wp-json\/wp\/v2\/media?parent=416579"}],"wp:term":[{"taxonomy":"category","embeddable":true,"href":"https:\/\/www.eldiario.net\/portal\/wp-json\/wp\/v2\/categories?post=416579"},{"taxonomy":"post_tag","embeddable":true,"href":"https:\/\/www.eldiario.net\/portal\/wp-json\/wp\/v2\/tags?post=416579"}],"curies":[{"name":"wp","href":"https:\/\/api.w.org\/{rel}","templated":true}]}}