{"id":416500,"date":"2026-07-28T06:31:29","date_gmt":"2026-07-28T10:31:29","guid":{"rendered":"https:\/\/www.eldiario.net\/portal\/?p=416500"},"modified":"2026-07-28T06:31:29","modified_gmt":"2026-07-28T10:31:29","slug":"proponen-que-agenda-ciudadana-impulse-la-reforma-electoral","status":"publish","type":"post","link":"https:\/\/www.eldiario.net\/portal\/2026\/07\/28\/proponen-que-agenda-ciudadana-impulse-la-reforma-electoral\/","title":{"rendered":"Proponen que agenda ciudadana impulse la reforma electoral"},"content":{"rendered":"<p>La Fundaci\u00f3n Jubileo propuso recuperar la iniciativa ciudadana para construir una agenda de fortalecimiento institucional y reforma electoral que re\u00fana a autoridades, organizaciones pol\u00edticas, especialistas, academia y sociedad civil.<\/p>\n<p>El planteamiento fue presentado por la Misi\u00f3n de Observaci\u00f3n Electoral (MOE) de la instituci\u00f3n durante una reuni\u00f3n con la Sala Plena del Tribunal Electoral Departamental (TED) de Santa Cruz, donde tambi\u00e9n se expusieron los resultados departamentales de la observaci\u00f3n de las elecciones subnacionales de 2026.<\/p>\n<p>Seg\u00fan Fundaci\u00f3n Jubileo, la experiencia acumulada desde 2020 permite identificar problemas, aprendizajes y desaf\u00edos que pueden servir como base para discutir cambios en el sistema electoral boliviano. La organizaci\u00f3n considera que cualquier reforma debe ser gradual, t\u00e9cnica y ampliamente participativa.<\/p>\n<p>La propuesta busca incorporar al Tribunal Supremo Electoral, los tribunales departamentales, la Asamblea Legislativa, las organizaciones pol\u00edticas, exautoridades electorales, expertos nacionales e internacionales, universidades y representantes de la sociedad civil.<\/p>\n<p>La MOE advirti\u00f3 que el debate sobre la institucionalidad electoral no deber\u00eda limitarse a los meses previos a una elecci\u00f3n. Sostuvo que las reformas requieren planificaci\u00f3n, di\u00e1logo y acuerdos capaces de garantizar su legitimidad y sostenibilidad.<\/p>\n<p>Como parte de la iniciativa, Fundaci\u00f3n Jubileo anunci\u00f3 la elaboraci\u00f3n de una hoja de ruta para promover la participaci\u00f3n de los distintos actores vinculados con el sistema electoral. El proceso comenzar\u00e1 con un encuentro internacional destinado a conocer experiencias comparadas y generar propuestas para Bolivia.<\/p>\n<p>La instituci\u00f3n tambi\u00e9n inform\u00f3 que pr\u00f3ximamente publicar\u00e1 un Informe Pa\u00eds, documento que sistematizar\u00e1 los principales hallazgos obtenidos durante seis a\u00f1os de observaci\u00f3n y acompa\u00f1amiento electoral.<\/p>\n<p>La jefa de la MOE de Fundaci\u00f3n Jubileo, Sandra Verduguez, afirm\u00f3 que las reformas deben construirse con una visi\u00f3n de largo plazo y con participaci\u00f3n ciudadana, con el prop\u00f3sito de recuperar la confianza p\u00fablica y fortalecer la institucionalidad democr\u00e1tica.<\/p>\n<p>Durante la reuni\u00f3n, el presidente del Tribunal Supremo Electoral, Gustavo \u00c1vila, y el presidente del TED de Santa Cruz, Marco Antonio Monasterios, expresaron su disposici\u00f3n de acompa\u00f1ar las iniciativas dirigidas al fortalecimiento del organismo electoral.<\/p>\n<p>Fundaci\u00f3n Jubileo se\u00f1al\u00f3 que el aniversario de la independencia de Bolivia debe convertirse en una oportunidad para promover consensos y renovar el compromiso ciudadano con la democracia, m\u00e1s all\u00e1 de los actos conmemorativos. (Santa Cruz, con datos de la Fundaci\u00f3n Jubileo)<\/p>\n","protected":false},"excerpt":{"rendered":"<p>La Fundaci\u00f3n Jubileo propuso recuperar la iniciativa ciudadana para construir una agenda de fortalecimiento institucional y reforma electoral que re\u00fana a autoridades, organizaciones pol\u00edticas, especialistas, academia y sociedad civil. El planteamiento fue presentado por la Misi\u00f3n de Observaci\u00f3n Electoral (MOE) de la instituci\u00f3n durante una reuni\u00f3n con la Sala Plena del Tribunal Electoral Departamental (TED) [&hellip;]<\/p>\n","protected":false},"author":1,"featured_media":416501,"comment_status":"closed","ping_status":"open","sticky":false,"template":"","format":"standard","meta":{"_acf_changed":false,"footnotes":""},"categories":[15],"tags":[],"class_list":["post-416500","post","type-post","status-publish","format-standard","has-post-thumbnail","category-portada"],"acf":{"antetitulo":""},"yoast_head":"<!-- This site is optimized with the Yoast SEO plugin v28.4 - https:\/\/yoast.com\/product\/yoast-seo-wordpress\/ -->\n<title>Proponen que agenda ciudadana impulse la reforma electoral - El Diario - Bolivia<\/title>\n<meta name=\"robots\" content=\"index, follow, max-snippet:-1, max-image-preview:large, max-video-preview:-1\" \/>\n<link rel=\"canonical\" href=\"https:\/\/www.eldiario.net\/portal\/2026\/07\/28\/proponen-que-agenda-ciudadana-impulse-la-reforma-electoral\/\" \/>\n<meta property=\"og:locale\" content=\"es_ES\" \/>\n<meta property=\"og:type\" content=\"article\" \/>\n<meta property=\"og:title\" content=\"Proponen que agenda ciudadana impulse la reforma electoral - El Diario - Bolivia\" \/>\n<meta property=\"og:description\" content=\"La Fundaci\u00f3n Jubileo propuso recuperar la iniciativa ciudadana para construir una agenda de fortalecimiento institucional y reforma electoral que re\u00fana a autoridades, organizaciones pol\u00edticas, especialistas, academia y sociedad civil. El planteamiento fue presentado por la Misi\u00f3n de Observaci\u00f3n Electoral (MOE) de la instituci\u00f3n durante una reuni\u00f3n con la Sala Plena del Tribunal Electoral Departamental (TED) [&hellip;]\" \/>\n<meta property=\"og:url\" content=\"https:\/\/www.eldiario.net\/portal\/2026\/07\/28\/proponen-que-agenda-ciudadana-impulse-la-reforma-electoral\/\" \/>\n<meta property=\"og:site_name\" content=\"El Diario - Bolivia\" \/>\n<meta property=\"article:publisher\" content=\"https:\/\/www.facebook.com\/eldiario.bolivia\/\" \/>\n<meta property=\"article:published_time\" content=\"2026-07-28T10:31:29+00:00\" \/>\n<meta property=\"og:image\" content=\"https:\/\/www.eldiario.net\/portal\/wp-content\/uploads\/2026\/07\/JUBILEO-FOTO-1.webp\" \/>\n\t<meta property=\"og:image:width\" content=\"1600\" \/>\n\t<meta property=\"og:image:height\" content=\"922\" \/>\n\t<meta property=\"og:image:type\" content=\"image\/webp\" \/>\n<meta name=\"author\" content=\"Jeanette\" \/>\n<meta name=\"twitter:card\" content=\"summary_large_image\" \/>\n<meta name=\"twitter:creator\" content=\"@eldiario_net\" \/>\n<meta name=\"twitter:site\" content=\"@eldiario_net\" \/>\n<meta name=\"twitter:label1\" content=\"Escrito por\" \/>\n\t<meta name=\"twitter:data1\" content=\"Jeanette\" \/>\n\t<meta name=\"twitter:label2\" content=\"Tiempo de lectura\" \/>\n\t<meta name=\"twitter:data2\" content=\"2 minutos\" \/>\n<script type=\"application\/ld+json\" class=\"yoast-schema-graph\">{\"@context\":\"https:\\\/\\\/schema.org\",\"@graph\":[{\"@type\":\"Article\",\"@id\":\"https:\\\/\\\/www.eldiario.net\\\/portal\\\/2026\\\/07\\\/28\\\/proponen-que-agenda-ciudadana-impulse-la-reforma-electoral\\\/#article\",\"isPartOf\":{\"@id\":\"https:\\\/\\\/www.eldiario.net\\\/portal\\\/2026\\\/07\\\/28\\\/proponen-que-agenda-ciudadana-impulse-la-reforma-electoral\\\/\"},\"author\":{\"name\":\"Jeanette\",\"@id\":\"https:\\\/\\\/www.eldiario.net\\\/portal\\\/#\\\/schema\\\/person\\\/f46445640444750d7d753ccd04ae01b7\"},\"headline\":\"Proponen que agenda ciudadana impulse la reforma electoral\",\"datePublished\":\"2026-07-28T10:31:29+00:00\",\"mainEntityOfPage\":{\"@id\":\"https:\\\/\\\/www.eldiario.net\\\/portal\\\/2026\\\/07\\\/28\\\/proponen-que-agenda-ciudadana-impulse-la-reforma-electoral\\\/\"},\"wordCount\":413,\"publisher\":{\"@id\":\"https:\\\/\\\/www.eldiario.net\\\/portal\\\/#organization\"},\"image\":{\"@id\":\"https:\\\/\\\/www.eldiario.net\\\/portal\\\/2026\\\/07\\\/28\\\/proponen-que-agenda-ciudadana-impulse-la-reforma-electoral\\\/#primaryimage\"},\"thumbnailUrl\":\"https:\\\/\\\/www.eldiario.net\\\/portal\\\/wp-content\\\/uploads\\\/2026\\\/07\\\/JUBILEO-FOTO-1.webp\",\"articleSection\":[\"Portada\"],\"inLanguage\":\"es\"},{\"@type\":\"WebPage\",\"@id\":\"https:\\\/\\\/www.eldiario.net\\\/portal\\\/2026\\\/07\\\/28\\\/proponen-que-agenda-ciudadana-impulse-la-reforma-electoral\\\/\",\"url\":\"https:\\\/\\\/www.eldiario.net\\\/portal\\\/2026\\\/07\\\/28\\\/proponen-que-agenda-ciudadana-impulse-la-reforma-electoral\\\/\",\"name\":\"Proponen que agenda ciudadana impulse la reforma electoral - El Diario - Bolivia\",\"isPartOf\":{\"@id\":\"https:\\\/\\\/www.eldiario.net\\\/portal\\\/#website\"},\"primaryImageOfPage\":{\"@id\":\"https:\\\/\\\/www.eldiario.net\\\/portal\\\/2026\\\/07\\\/28\\\/proponen-que-agenda-ciudadana-impulse-la-reforma-electoral\\\/#primaryimage\"},\"image\":{\"@id\":\"https:\\\/\\\/www.eldiario.net\\\/portal\\\/2026\\\/07\\\/28\\\/proponen-que-agenda-ciudadana-impulse-la-reforma-electoral\\\/#primaryimage\"},\"thumbnailUrl\":\"https:\\\/\\\/www.eldiario.net\\\/portal\\\/wp-content\\\/uploads\\\/2026\\\/07\\\/JUBILEO-FOTO-1.webp\",\"datePublished\":\"2026-07-28T10:31:29+00:00\",\"breadcrumb\":{\"@id\":\"https:\\\/\\\/www.eldiario.net\\\/portal\\\/2026\\\/07\\\/28\\\/proponen-que-agenda-ciudadana-impulse-la-reforma-electoral\\\/#breadcrumb\"},\"inLanguage\":\"es\",\"potentialAction\":[{\"@type\":\"ReadAction\",\"target\":[\"https:\\\/\\\/www.eldiario.net\\\/portal\\\/2026\\\/07\\\/28\\\/proponen-que-agenda-ciudadana-impulse-la-reforma-electoral\\\/\"]}]},{\"@type\":\"ImageObject\",\"inLanguage\":\"es\",\"@id\":\"https:\\\/\\\/www.eldiario.net\\\/portal\\\/2026\\\/07\\\/28\\\/proponen-que-agenda-ciudadana-impulse-la-reforma-electoral\\\/#primaryimage\",\"url\":\"https:\\\/\\\/www.eldiario.net\\\/portal\\\/wp-content\\\/uploads\\\/2026\\\/07\\\/JUBILEO-FOTO-1.webp\",\"contentUrl\":\"https:\\\/\\\/www.eldiario.net\\\/portal\\\/wp-content\\\/uploads\\\/2026\\\/07\\\/JUBILEO-FOTO-1.webp\",\"width\":1600,\"height\":922,\"caption\":\"Sandra Verduguez durante la presentaci\u00f3n de la propuesta. Foto: Fundaci\u00f3n Jubileo.\"},{\"@type\":\"BreadcrumbList\",\"@id\":\"https:\\\/\\\/www.eldiario.net\\\/portal\\\/2026\\\/07\\\/28\\\/proponen-que-agenda-ciudadana-impulse-la-reforma-electoral\\\/#breadcrumb\",\"itemListElement\":[{\"@type\":\"ListItem\",\"position\":1,\"name\":\"Portada\",\"item\":\"https:\\\/\\\/www.eldiario.net\\\/portal\\\/\"},{\"@type\":\"ListItem\",\"position\":2,\"name\":\"Proponen que agenda ciudadana impulse la reforma electoral\"}]},{\"@type\":\"WebSite\",\"@id\":\"https:\\\/\\\/www.eldiario.net\\\/portal\\\/#website\",\"url\":\"https:\\\/\\\/www.eldiario.net\\\/portal\\\/\",\"name\":\"El Diario - Decano de la prensa nacional\",\"description\":\"El Diario - Decano de la prensa nacional\",\"publisher\":{\"@id\":\"https:\\\/\\\/www.eldiario.net\\\/portal\\\/#organization\"},\"potentialAction\":[{\"@type\":\"SearchAction\",\"target\":{\"@type\":\"EntryPoint\",\"urlTemplate\":\"https:\\\/\\\/www.eldiario.net\\\/portal\\\/?s={search_term_string}\"},\"query-input\":{\"@type\":\"PropertyValueSpecification\",\"valueRequired\":true,\"valueName\":\"search_term_string\"}}],\"inLanguage\":\"es\"},{\"@type\":\"Organization\",\"@id\":\"https:\\\/\\\/www.eldiario.net\\\/portal\\\/#organization\",\"name\":\"El Diario - Decano de la prensa nacional\",\"url\":\"https:\\\/\\\/www.eldiario.net\\\/portal\\\/\",\"logo\":{\"@type\":\"ImageObject\",\"inLanguage\":\"es\",\"@id\":\"https:\\\/\\\/www.eldiario.net\\\/portal\\\/#\\\/schema\\\/logo\\\/image\\\/\",\"url\":\"https:\\\/\\\/www.eldiario.net\\\/portal\\\/wp-content\\\/uploads\\\/2023\\\/07\\\/logo_ED.jpg\",\"contentUrl\":\"https:\\\/\\\/www.eldiario.net\\\/portal\\\/wp-content\\\/uploads\\\/2023\\\/07\\\/logo_ED.jpg\",\"width\":272,\"height\":52,\"caption\":\"El Diario - Decano de la prensa nacional\"},\"image\":{\"@id\":\"https:\\\/\\\/www.eldiario.net\\\/portal\\\/#\\\/schema\\\/logo\\\/image\\\/\"},\"sameAs\":[\"https:\\\/\\\/www.facebook.com\\\/eldiario.bolivia\\\/\",\"https:\\\/\\\/x.com\\\/eldiario_net\"]},{\"@type\":\"Person\",\"@id\":\"https:\\\/\\\/www.eldiario.net\\\/portal\\\/#\\\/schema\\\/person\\\/f46445640444750d7d753ccd04ae01b7\",\"name\":\"Jeanette\",\"image\":{\"@type\":\"ImageObject\",\"inLanguage\":\"es\",\"@id\":\"https:\\\/\\\/secure.gravatar.com\\\/avatar\\\/3ea2118a5f7dad2b7138b1187a6b7ee55f160b9968b66013c3a3ef39dd7e5798?s=96&d=mm&r=g\",\"url\":\"https:\\\/\\\/secure.gravatar.com\\\/avatar\\\/3ea2118a5f7dad2b7138b1187a6b7ee55f160b9968b66013c3a3ef39dd7e5798?s=96&d=mm&r=g\",\"contentUrl\":\"https:\\\/\\\/secure.gravatar.com\\\/avatar\\\/3ea2118a5f7dad2b7138b1187a6b7ee55f160b9968b66013c3a3ef39dd7e5798?s=96&d=mm&r=g\",\"caption\":\"Jeanette\"},\"sameAs\":[\"https:\\\/\\\/www.eldiario.net\\\/portal\"],\"url\":\"https:\\\/\\\/www.eldiario.net\\\/portal\\\/author\\\/jeanette\\\/\"}]}<\/script>\n<!-- \/ Yoast SEO plugin. -->","yoast_head_json":{"title":"Proponen que agenda ciudadana impulse la reforma electoral - El Diario - Bolivia","robots":{"index":"index","follow":"follow","max-snippet":"max-snippet:-1","max-image-preview":"max-image-preview:large","max-video-preview":"max-video-preview:-1"},"canonical":"https:\/\/www.eldiario.net\/portal\/2026\/07\/28\/proponen-que-agenda-ciudadana-impulse-la-reforma-electoral\/","og_locale":"es_ES","og_type":"article","og_title":"Proponen que agenda ciudadana impulse la reforma electoral - El Diario - Bolivia","og_description":"La Fundaci\u00f3n Jubileo propuso recuperar la iniciativa ciudadana para construir una agenda de fortalecimiento institucional y reforma electoral que re\u00fana a autoridades, organizaciones pol\u00edticas, especialistas, academia y sociedad civil. El planteamiento fue presentado por la Misi\u00f3n de Observaci\u00f3n Electoral (MOE) de la instituci\u00f3n durante una reuni\u00f3n con la Sala Plena del Tribunal Electoral Departamental (TED) [&hellip;]","og_url":"https:\/\/www.eldiario.net\/portal\/2026\/07\/28\/proponen-que-agenda-ciudadana-impulse-la-reforma-electoral\/","og_site_name":"El Diario - Bolivia","article_publisher":"https:\/\/www.facebook.com\/eldiario.bolivia\/","article_published_time":"2026-07-28T10:31:29+00:00","og_image":[{"width":1600,"height":922,"url":"https:\/\/www.eldiario.net\/portal\/wp-content\/uploads\/2026\/07\/JUBILEO-FOTO-1.webp","type":"image\/webp"}],"author":"Jeanette","twitter_card":"summary_large_image","twitter_creator":"@eldiario_net","twitter_site":"@eldiario_net","twitter_misc":{"Escrito por":"Jeanette","Tiempo de lectura":"2 minutos"},"schema":{"@context":"https:\/\/schema.org","@graph":[{"@type":"Article","@id":"https:\/\/www.eldiario.net\/portal\/2026\/07\/28\/proponen-que-agenda-ciudadana-impulse-la-reforma-electoral\/#article","isPartOf":{"@id":"https:\/\/www.eldiario.net\/portal\/2026\/07\/28\/proponen-que-agenda-ciudadana-impulse-la-reforma-electoral\/"},"author":{"name":"Jeanette","@id":"https:\/\/www.eldiario.net\/portal\/#\/schema\/person\/f46445640444750d7d753ccd04ae01b7"},"headline":"Proponen que agenda ciudadana impulse la reforma electoral","datePublished":"2026-07-28T10:31:29+00:00","mainEntityOfPage":{"@id":"https:\/\/www.eldiario.net\/portal\/2026\/07\/28\/proponen-que-agenda-ciudadana-impulse-la-reforma-electoral\/"},"wordCount":413,"publisher":{"@id":"https:\/\/www.eldiario.net\/portal\/#organization"},"image":{"@id":"https:\/\/www.eldiario.net\/portal\/2026\/07\/28\/proponen-que-agenda-ciudadana-impulse-la-reforma-electoral\/#primaryimage"},"thumbnailUrl":"https:\/\/www.eldiario.net\/portal\/wp-content\/uploads\/2026\/07\/JUBILEO-FOTO-1.webp","articleSection":["Portada"],"inLanguage":"es"},{"@type":"WebPage","@id":"https:\/\/www.eldiario.net\/portal\/2026\/07\/28\/proponen-que-agenda-ciudadana-impulse-la-reforma-electoral\/","url":"https:\/\/www.eldiario.net\/portal\/2026\/07\/28\/proponen-que-agenda-ciudadana-impulse-la-reforma-electoral\/","name":"Proponen que agenda ciudadana impulse la reforma electoral - El Diario - Bolivia","isPartOf":{"@id":"https:\/\/www.eldiario.net\/portal\/#website"},"primaryImageOfPage":{"@id":"https:\/\/www.eldiario.net\/portal\/2026\/07\/28\/proponen-que-agenda-ciudadana-impulse-la-reforma-electoral\/#primaryimage"},"image":{"@id":"https:\/\/www.eldiario.net\/portal\/2026\/07\/28\/proponen-que-agenda-ciudadana-impulse-la-reforma-electoral\/#primaryimage"},"thumbnailUrl":"https:\/\/www.eldiario.net\/portal\/wp-content\/uploads\/2026\/07\/JUBILEO-FOTO-1.webp","datePublished":"2026-07-28T10:31:29+00:00","breadcrumb":{"@id":"https:\/\/www.eldiario.net\/portal\/2026\/07\/28\/proponen-que-agenda-ciudadana-impulse-la-reforma-electoral\/#breadcrumb"},"inLanguage":"es","potentialAction":[{"@type":"ReadAction","target":["https:\/\/www.eldiario.net\/portal\/2026\/07\/28\/proponen-que-agenda-ciudadana-impulse-la-reforma-electoral\/"]}]},{"@type":"ImageObject","inLanguage":"es","@id":"https:\/\/www.eldiario.net\/portal\/2026\/07\/28\/proponen-que-agenda-ciudadana-impulse-la-reforma-electoral\/#primaryimage","url":"https:\/\/www.eldiario.net\/portal\/wp-content\/uploads\/2026\/07\/JUBILEO-FOTO-1.webp","contentUrl":"https:\/\/www.eldiario.net\/portal\/wp-content\/uploads\/2026\/07\/JUBILEO-FOTO-1.webp","width":1600,"height":922,"caption":"Sandra Verduguez durante la presentaci\u00f3n de la propuesta. Foto: Fundaci\u00f3n Jubileo."},{"@type":"BreadcrumbList","@id":"https:\/\/www.eldiario.net\/portal\/2026\/07\/28\/proponen-que-agenda-ciudadana-impulse-la-reforma-electoral\/#breadcrumb","itemListElement":[{"@type":"ListItem","position":1,"name":"Portada","item":"https:\/\/www.eldiario.net\/portal\/"},{"@type":"ListItem","position":2,"name":"Proponen que agenda ciudadana impulse la reforma electoral"}]},{"@type":"WebSite","@id":"https:\/\/www.eldiario.net\/portal\/#website","url":"https:\/\/www.eldiario.net\/portal\/","name":"El Diario - Decano de la prensa nacional","description":"El Diario - Decano de la prensa nacional","publisher":{"@id":"https:\/\/www.eldiario.net\/portal\/#organization"},"potentialAction":[{"@type":"SearchAction","target":{"@type":"EntryPoint","urlTemplate":"https:\/\/www.eldiario.net\/portal\/?s={search_term_string}"},"query-input":{"@type":"PropertyValueSpecification","valueRequired":true,"valueName":"search_term_string"}}],"inLanguage":"es"},{"@type":"Organization","@id":"https:\/\/www.eldiario.net\/portal\/#organization","name":"El Diario - Decano de la prensa nacional","url":"https:\/\/www.eldiario.net\/portal\/","logo":{"@type":"ImageObject","inLanguage":"es","@id":"https:\/\/www.eldiario.net\/portal\/#\/schema\/logo\/image\/","url":"https:\/\/www.eldiario.net\/portal\/wp-content\/uploads\/2023\/07\/logo_ED.jpg","contentUrl":"https:\/\/www.eldiario.net\/portal\/wp-content\/uploads\/2023\/07\/logo_ED.jpg","width":272,"height":52,"caption":"El Diario - Decano de la prensa nacional"},"image":{"@id":"https:\/\/www.eldiario.net\/portal\/#\/schema\/logo\/image\/"},"sameAs":["https:\/\/www.facebook.com\/eldiario.bolivia\/","https:\/\/x.com\/eldiario_net"]},{"@type":"Person","@id":"https:\/\/www.eldiario.net\/portal\/#\/schema\/person\/f46445640444750d7d753ccd04ae01b7","name":"Jeanette","image":{"@type":"ImageObject","inLanguage":"es","@id":"https:\/\/secure.gravatar.com\/avatar\/3ea2118a5f7dad2b7138b1187a6b7ee55f160b9968b66013c3a3ef39dd7e5798?s=96&d=mm&r=g","url":"https:\/\/secure.gravatar.com\/avatar\/3ea2118a5f7dad2b7138b1187a6b7ee55f160b9968b66013c3a3ef39dd7e5798?s=96&d=mm&r=g","contentUrl":"https:\/\/secure.gravatar.com\/avatar\/3ea2118a5f7dad2b7138b1187a6b7ee55f160b9968b66013c3a3ef39dd7e5798?s=96&d=mm&r=g","caption":"Jeanette"},"sameAs":["https:\/\/www.eldiario.net\/portal"],"url":"https:\/\/www.eldiario.net\/portal\/author\/jeanette\/"}]}},"_links":{"self":[{"href":"https:\/\/www.eldiario.net\/portal\/wp-json\/wp\/v2\/posts\/416500","targetHints":{"allow":["GET"]}}],"collection":[{"href":"https:\/\/www.eldiario.net\/portal\/wp-json\/wp\/v2\/posts"}],"about":[{"href":"https:\/\/www.eldiario.net\/portal\/wp-json\/wp\/v2\/types\/post"}],"author":[{"embeddable":true,"href":"https:\/\/www.eldiario.net\/portal\/wp-json\/wp\/v2\/users\/1"}],"replies":[{"embeddable":true,"href":"https:\/\/www.eldiario.net\/portal\/wp-json\/wp\/v2\/comments?post=416500"}],"version-history":[{"count":1,"href":"https:\/\/www.eldiario.net\/portal\/wp-json\/wp\/v2\/posts\/416500\/revisions"}],"predecessor-version":[{"id":416502,"href":"https:\/\/www.eldiario.net\/portal\/wp-json\/wp\/v2\/posts\/416500\/revisions\/416502"}],"wp:featuredmedia":[{"embeddable":true,"href":"https:\/\/www.eldiario.net\/portal\/wp-json\/wp\/v2\/media\/416501"}],"wp:attachment":[{"href":"https:\/\/www.eldiario.net\/portal\/wp-json\/wp\/v2\/media?parent=416500"}],"wp:term":[{"taxonomy":"category","embeddable":true,"href":"https:\/\/www.eldiario.net\/portal\/wp-json\/wp\/v2\/categories?post=416500"},{"taxonomy":"post_tag","embeddable":true,"href":"https:\/\/www.eldiario.net\/portal\/wp-json\/wp\/v2\/tags?post=416500"}],"curies":[{"name":"wp","href":"https:\/\/api.w.org\/{rel}","templated":true}]}}