{"id":416290,"date":"2026-07-27T06:40:59","date_gmt":"2026-07-27T10:40:59","guid":{"rendered":"https:\/\/www.eldiario.net\/portal\/?p=416290"},"modified":"2026-07-27T06:40:59","modified_gmt":"2026-07-27T10:40:59","slug":"el-tigre-saca-las-garras-y-se-lleva-un-empate","status":"publish","type":"post","link":"https:\/\/www.eldiario.net\/portal\/2026\/07\/27\/el-tigre-saca-las-garras-y-se-lleva-un-empate\/","title":{"rendered":"EL TIGRE SACA LAS GARRAS  Y SE LLEVA UN EMPATE"},"content":{"rendered":"<p>The Strongest despert\u00f3 en el segundo tiempo y consigui\u00f3 un empate (1-1) frente a Blooming durante su visita al estadio Ram\u00f3n Tahuichi Aguilera. Este resultado le permite al conjunto atigrado alcanzar las 23 unidades para no alejarse de Always Ready y, al mismo tiempo, conservar su condici\u00f3n de \u00fanico invicto en el certamen.<br \/>\nDurante la etapa inicial, el cuadro cruce\u00f1o ejerci\u00f3 un dominio casi total e inaugur\u00f3 el marcador de forma temprana. A los 8 minutos, el colombiano Bayron Garc\u00e9s aprovech\u00f3 un centro desde la derecha enviado por Miguel Villarroel para mandar el bal\u00f3n al fondo de la red, tras un remate mordido que descoloc\u00f3 al guardameta Rodrigo Banegas.<br \/>\nA pesar de tener las mejores situaciones para ampliar la ventaja, el tr\u00e1mite del partido dio un giro radical al cierre del primer tiempo. A los 45 minutos, el defensor de Blooming, Julio Vila, fue expulsado con roja tras la revisi\u00f3n del VAR por una infracci\u00f3n cometida sobre Estacio, dejando a su equipo con diez jugadores.<br \/>\nPara la segunda mitad, el Tigre sac\u00f3 provecho de la superioridad num\u00e9rica y tom\u00f3 la iniciativa del encuentro a trav\u00e9s de disparos de media distancia. La insistencia dio sus frutos a los 73 minutos, cuando el guatemalteco Darwin Lom control\u00f3 un bal\u00f3n en el \u00e1rea, gir\u00f3 r\u00e1pidamente y sell\u00f3 el 1-1 definitivo con un potente derechazo.<\/p>\n<p>POL\u00c9MICA DECISI\u00d3N ARBITRAL<\/p>\n<p>A los 40&#8242;, el defensor Vila baj\u00f3 a Estacio en una jugada de peligro. Guery Vargas sac\u00f3 tarjeta amarilla, pero tras una decisi\u00f3n del VAR, expuls\u00f3 a Vila. No fue un acto peligroso.<\/p>\n<p>SIN TIM\u00d3N POR EXPULSI\u00d3N<\/p>\n<p>Daniel Vaca figur\u00f3 como director t\u00e9cnico en planilla atigrada; pero por demorar en el ingreso al segundo tiempo, fue expulsado. Fernando Torrez ocup\u00f3 su lugar.<\/p>\n<p>ESTACIO FUE LA FIGURA DEL PARTIDO<\/p>\n<p>Adri\u00e1n Estacio fue la figura del partido, tras su gran despliegue en el ataque atigrado. Fue asistente del gol del empate en el segundo tiempo.<\/p>\n","protected":false},"excerpt":{"rendered":"<p>The Strongest despert\u00f3 en el segundo tiempo y consigui\u00f3 un empate (1-1) frente a Blooming durante su visita al estadio Ram\u00f3n Tahuichi Aguilera. Este resultado le permite al conjunto atigrado alcanzar las 23 unidades para no alejarse de Always Ready y, al mismo tiempo, conservar su condici\u00f3n de \u00fanico invicto en el certamen. Durante la [&hellip;]<\/p>\n","protected":false},"author":1,"featured_media":416291,"comment_status":"closed","ping_status":"open","sticky":false,"template":"","format":"standard","meta":{"_acf_changed":false,"footnotes":""},"categories":[6],"tags":[],"class_list":["post-416290","post","type-post","status-publish","format-standard","has-post-thumbnail","category-deportes"],"acf":{"antetitulo":""},"yoast_head":"<!-- This site is optimized with the Yoast SEO plugin v28.4 - https:\/\/yoast.com\/product\/yoast-seo-wordpress\/ -->\n<title>EL TIGRE SACA LAS GARRAS Y SE LLEVA UN EMPATE - El Diario - Bolivia<\/title>\n<meta name=\"robots\" content=\"index, follow, max-snippet:-1, max-image-preview:large, max-video-preview:-1\" \/>\n<link rel=\"canonical\" href=\"https:\/\/www.eldiario.net\/portal\/2026\/07\/27\/el-tigre-saca-las-garras-y-se-lleva-un-empate\/\" \/>\n<meta property=\"og:locale\" content=\"es_ES\" \/>\n<meta property=\"og:type\" content=\"article\" \/>\n<meta property=\"og:title\" content=\"EL TIGRE SACA LAS GARRAS Y SE LLEVA UN EMPATE - El Diario - Bolivia\" \/>\n<meta property=\"og:description\" content=\"The Strongest despert\u00f3 en el segundo tiempo y consigui\u00f3 un empate (1-1) frente a Blooming durante su visita al estadio Ram\u00f3n Tahuichi Aguilera. Este resultado le permite al conjunto atigrado alcanzar las 23 unidades para no alejarse de Always Ready y, al mismo tiempo, conservar su condici\u00f3n de \u00fanico invicto en el certamen. Durante la [&hellip;]\" \/>\n<meta property=\"og:url\" content=\"https:\/\/www.eldiario.net\/portal\/2026\/07\/27\/el-tigre-saca-las-garras-y-se-lleva-un-empate\/\" \/>\n<meta property=\"og:site_name\" content=\"El Diario - Bolivia\" \/>\n<meta property=\"article:publisher\" content=\"https:\/\/www.facebook.com\/eldiario.bolivia\/\" \/>\n<meta property=\"article:published_time\" content=\"2026-07-27T10:40:59+00:00\" \/>\n<meta property=\"og:image\" content=\"https:\/\/www.eldiario.net\/portal\/wp-content\/uploads\/2026\/07\/PRINCIPAL-7.webp\" \/>\n\t<meta property=\"og:image:width\" content=\"1200\" \/>\n\t<meta property=\"og:image:height\" content=\"800\" \/>\n\t<meta property=\"og:image:type\" content=\"image\/webp\" \/>\n<meta name=\"author\" content=\"Jeanette\" \/>\n<meta name=\"twitter:card\" content=\"summary_large_image\" \/>\n<meta name=\"twitter:creator\" content=\"@eldiario_net\" \/>\n<meta name=\"twitter:site\" content=\"@eldiario_net\" \/>\n<meta name=\"twitter:label1\" content=\"Escrito por\" \/>\n\t<meta name=\"twitter:data1\" content=\"Jeanette\" \/>\n\t<meta name=\"twitter:label2\" content=\"Tiempo de lectura\" \/>\n\t<meta name=\"twitter:data2\" content=\"2 minutos\" \/>\n<script type=\"application\/ld+json\" class=\"yoast-schema-graph\">{\"@context\":\"https:\\\/\\\/schema.org\",\"@graph\":[{\"@type\":\"Article\",\"@id\":\"https:\\\/\\\/www.eldiario.net\\\/portal\\\/2026\\\/07\\\/27\\\/el-tigre-saca-las-garras-y-se-lleva-un-empate\\\/#article\",\"isPartOf\":{\"@id\":\"https:\\\/\\\/www.eldiario.net\\\/portal\\\/2026\\\/07\\\/27\\\/el-tigre-saca-las-garras-y-se-lleva-un-empate\\\/\"},\"author\":{\"name\":\"Jeanette\",\"@id\":\"https:\\\/\\\/www.eldiario.net\\\/portal\\\/#\\\/schema\\\/person\\\/2c57cf2b7a7ae032e449e4c9b1019eac\"},\"headline\":\"EL TIGRE SACA LAS GARRAS Y SE LLEVA UN EMPATE\",\"datePublished\":\"2026-07-27T10:40:59+00:00\",\"mainEntityOfPage\":{\"@id\":\"https:\\\/\\\/www.eldiario.net\\\/portal\\\/2026\\\/07\\\/27\\\/el-tigre-saca-las-garras-y-se-lleva-un-empate\\\/\"},\"wordCount\":341,\"publisher\":{\"@id\":\"https:\\\/\\\/www.eldiario.net\\\/portal\\\/#organization\"},\"image\":{\"@id\":\"https:\\\/\\\/www.eldiario.net\\\/portal\\\/2026\\\/07\\\/27\\\/el-tigre-saca-las-garras-y-se-lleva-un-empate\\\/#primaryimage\"},\"thumbnailUrl\":\"https:\\\/\\\/www.eldiario.net\\\/portal\\\/wp-content\\\/uploads\\\/2026\\\/07\\\/PRINCIPAL-7.webp\",\"articleSection\":[\"Deportes\"],\"inLanguage\":\"es\"},{\"@type\":\"WebPage\",\"@id\":\"https:\\\/\\\/www.eldiario.net\\\/portal\\\/2026\\\/07\\\/27\\\/el-tigre-saca-las-garras-y-se-lleva-un-empate\\\/\",\"url\":\"https:\\\/\\\/www.eldiario.net\\\/portal\\\/2026\\\/07\\\/27\\\/el-tigre-saca-las-garras-y-se-lleva-un-empate\\\/\",\"name\":\"EL TIGRE SACA LAS GARRAS Y SE LLEVA UN EMPATE - El Diario - Bolivia\",\"isPartOf\":{\"@id\":\"https:\\\/\\\/www.eldiario.net\\\/portal\\\/#website\"},\"primaryImageOfPage\":{\"@id\":\"https:\\\/\\\/www.eldiario.net\\\/portal\\\/2026\\\/07\\\/27\\\/el-tigre-saca-las-garras-y-se-lleva-un-empate\\\/#primaryimage\"},\"image\":{\"@id\":\"https:\\\/\\\/www.eldiario.net\\\/portal\\\/2026\\\/07\\\/27\\\/el-tigre-saca-las-garras-y-se-lleva-un-empate\\\/#primaryimage\"},\"thumbnailUrl\":\"https:\\\/\\\/www.eldiario.net\\\/portal\\\/wp-content\\\/uploads\\\/2026\\\/07\\\/PRINCIPAL-7.webp\",\"datePublished\":\"2026-07-27T10:40:59+00:00\",\"breadcrumb\":{\"@id\":\"https:\\\/\\\/www.eldiario.net\\\/portal\\\/2026\\\/07\\\/27\\\/el-tigre-saca-las-garras-y-se-lleva-un-empate\\\/#breadcrumb\"},\"inLanguage\":\"es\",\"potentialAction\":[{\"@type\":\"ReadAction\",\"target\":[\"https:\\\/\\\/www.eldiario.net\\\/portal\\\/2026\\\/07\\\/27\\\/el-tigre-saca-las-garras-y-se-lleva-un-empate\\\/\"]}]},{\"@type\":\"ImageObject\",\"inLanguage\":\"es\",\"@id\":\"https:\\\/\\\/www.eldiario.net\\\/portal\\\/2026\\\/07\\\/27\\\/el-tigre-saca-las-garras-y-se-lleva-un-empate\\\/#primaryimage\",\"url\":\"https:\\\/\\\/www.eldiario.net\\\/portal\\\/wp-content\\\/uploads\\\/2026\\\/07\\\/PRINCIPAL-7.webp\",\"contentUrl\":\"https:\\\/\\\/www.eldiario.net\\\/portal\\\/wp-content\\\/uploads\\\/2026\\\/07\\\/PRINCIPAL-7.webp\",\"width\":1200,\"height\":800,\"caption\":\"Adri\u00e1n Estacio contra la pelota pese a la marca de Julio Vila. Foto: APG\"},{\"@type\":\"BreadcrumbList\",\"@id\":\"https:\\\/\\\/www.eldiario.net\\\/portal\\\/2026\\\/07\\\/27\\\/el-tigre-saca-las-garras-y-se-lleva-un-empate\\\/#breadcrumb\",\"itemListElement\":[{\"@type\":\"ListItem\",\"position\":1,\"name\":\"Portada\",\"item\":\"https:\\\/\\\/www.eldiario.net\\\/portal\\\/\"},{\"@type\":\"ListItem\",\"position\":2,\"name\":\"EL TIGRE SACA LAS GARRAS Y SE LLEVA UN EMPATE\"}]},{\"@type\":\"WebSite\",\"@id\":\"https:\\\/\\\/www.eldiario.net\\\/portal\\\/#website\",\"url\":\"https:\\\/\\\/www.eldiario.net\\\/portal\\\/\",\"name\":\"El Diario - Decano de la prensa nacional\",\"description\":\"El Diario - Decano de la prensa nacional\",\"publisher\":{\"@id\":\"https:\\\/\\\/www.eldiario.net\\\/portal\\\/#organization\"},\"potentialAction\":[{\"@type\":\"SearchAction\",\"target\":{\"@type\":\"EntryPoint\",\"urlTemplate\":\"https:\\\/\\\/www.eldiario.net\\\/portal\\\/?s={search_term_string}\"},\"query-input\":{\"@type\":\"PropertyValueSpecification\",\"valueRequired\":true,\"valueName\":\"search_term_string\"}}],\"inLanguage\":\"es\"},{\"@type\":\"Organization\",\"@id\":\"https:\\\/\\\/www.eldiario.net\\\/portal\\\/#organization\",\"name\":\"El Diario - Decano de la prensa nacional\",\"url\":\"https:\\\/\\\/www.eldiario.net\\\/portal\\\/\",\"logo\":{\"@type\":\"ImageObject\",\"inLanguage\":\"es\",\"@id\":\"https:\\\/\\\/www.eldiario.net\\\/portal\\\/#\\\/schema\\\/logo\\\/image\\\/\",\"url\":\"https:\\\/\\\/www.eldiario.net\\\/portal\\\/wp-content\\\/uploads\\\/2023\\\/07\\\/logo_ED.jpg\",\"contentUrl\":\"https:\\\/\\\/www.eldiario.net\\\/portal\\\/wp-content\\\/uploads\\\/2023\\\/07\\\/logo_ED.jpg\",\"width\":272,\"height\":52,\"caption\":\"El Diario - Decano de la prensa nacional\"},\"image\":{\"@id\":\"https:\\\/\\\/www.eldiario.net\\\/portal\\\/#\\\/schema\\\/logo\\\/image\\\/\"},\"sameAs\":[\"https:\\\/\\\/www.facebook.com\\\/eldiario.bolivia\\\/\",\"https:\\\/\\\/x.com\\\/eldiario_net\"]},{\"@type\":\"Person\",\"@id\":\"https:\\\/\\\/www.eldiario.net\\\/portal\\\/#\\\/schema\\\/person\\\/2c57cf2b7a7ae032e449e4c9b1019eac\",\"name\":\"Jeanette\",\"image\":{\"@type\":\"ImageObject\",\"inLanguage\":\"es\",\"@id\":\"https:\\\/\\\/secure.gravatar.com\\\/avatar\\\/3ea2118a5f7dad2b7138b1187a6b7ee55f160b9968b66013c3a3ef39dd7e5798?s=96&d=mm&r=g\",\"url\":\"https:\\\/\\\/secure.gravatar.com\\\/avatar\\\/3ea2118a5f7dad2b7138b1187a6b7ee55f160b9968b66013c3a3ef39dd7e5798?s=96&d=mm&r=g\",\"contentUrl\":\"https:\\\/\\\/secure.gravatar.com\\\/avatar\\\/3ea2118a5f7dad2b7138b1187a6b7ee55f160b9968b66013c3a3ef39dd7e5798?s=96&d=mm&r=g\",\"caption\":\"Jeanette\"},\"sameAs\":[\"https:\\\/\\\/www.eldiario.net\\\/portal\"],\"url\":\"https:\\\/\\\/www.eldiario.net\\\/portal\\\/author\\\/jeanette\\\/\"}]}<\/script>\n<!-- \/ Yoast SEO plugin. -->","yoast_head_json":{"title":"EL TIGRE SACA LAS GARRAS Y SE LLEVA UN EMPATE - El Diario - Bolivia","robots":{"index":"index","follow":"follow","max-snippet":"max-snippet:-1","max-image-preview":"max-image-preview:large","max-video-preview":"max-video-preview:-1"},"canonical":"https:\/\/www.eldiario.net\/portal\/2026\/07\/27\/el-tigre-saca-las-garras-y-se-lleva-un-empate\/","og_locale":"es_ES","og_type":"article","og_title":"EL TIGRE SACA LAS GARRAS Y SE LLEVA UN EMPATE - El Diario - Bolivia","og_description":"The Strongest despert\u00f3 en el segundo tiempo y consigui\u00f3 un empate (1-1) frente a Blooming durante su visita al estadio Ram\u00f3n Tahuichi Aguilera. Este resultado le permite al conjunto atigrado alcanzar las 23 unidades para no alejarse de Always Ready y, al mismo tiempo, conservar su condici\u00f3n de \u00fanico invicto en el certamen. Durante la [&hellip;]","og_url":"https:\/\/www.eldiario.net\/portal\/2026\/07\/27\/el-tigre-saca-las-garras-y-se-lleva-un-empate\/","og_site_name":"El Diario - Bolivia","article_publisher":"https:\/\/www.facebook.com\/eldiario.bolivia\/","article_published_time":"2026-07-27T10:40:59+00:00","og_image":[{"width":1200,"height":800,"url":"https:\/\/www.eldiario.net\/portal\/wp-content\/uploads\/2026\/07\/PRINCIPAL-7.webp","type":"image\/webp"}],"author":"Jeanette","twitter_card":"summary_large_image","twitter_creator":"@eldiario_net","twitter_site":"@eldiario_net","twitter_misc":{"Escrito por":"Jeanette","Tiempo de lectura":"2 minutos"},"schema":{"@context":"https:\/\/schema.org","@graph":[{"@type":"Article","@id":"https:\/\/www.eldiario.net\/portal\/2026\/07\/27\/el-tigre-saca-las-garras-y-se-lleva-un-empate\/#article","isPartOf":{"@id":"https:\/\/www.eldiario.net\/portal\/2026\/07\/27\/el-tigre-saca-las-garras-y-se-lleva-un-empate\/"},"author":{"name":"Jeanette","@id":"https:\/\/www.eldiario.net\/portal\/#\/schema\/person\/2c57cf2b7a7ae032e449e4c9b1019eac"},"headline":"EL TIGRE SACA LAS GARRAS Y SE LLEVA UN EMPATE","datePublished":"2026-07-27T10:40:59+00:00","mainEntityOfPage":{"@id":"https:\/\/www.eldiario.net\/portal\/2026\/07\/27\/el-tigre-saca-las-garras-y-se-lleva-un-empate\/"},"wordCount":341,"publisher":{"@id":"https:\/\/www.eldiario.net\/portal\/#organization"},"image":{"@id":"https:\/\/www.eldiario.net\/portal\/2026\/07\/27\/el-tigre-saca-las-garras-y-se-lleva-un-empate\/#primaryimage"},"thumbnailUrl":"https:\/\/www.eldiario.net\/portal\/wp-content\/uploads\/2026\/07\/PRINCIPAL-7.webp","articleSection":["Deportes"],"inLanguage":"es"},{"@type":"WebPage","@id":"https:\/\/www.eldiario.net\/portal\/2026\/07\/27\/el-tigre-saca-las-garras-y-se-lleva-un-empate\/","url":"https:\/\/www.eldiario.net\/portal\/2026\/07\/27\/el-tigre-saca-las-garras-y-se-lleva-un-empate\/","name":"EL TIGRE SACA LAS GARRAS Y SE LLEVA UN EMPATE - El Diario - Bolivia","isPartOf":{"@id":"https:\/\/www.eldiario.net\/portal\/#website"},"primaryImageOfPage":{"@id":"https:\/\/www.eldiario.net\/portal\/2026\/07\/27\/el-tigre-saca-las-garras-y-se-lleva-un-empate\/#primaryimage"},"image":{"@id":"https:\/\/www.eldiario.net\/portal\/2026\/07\/27\/el-tigre-saca-las-garras-y-se-lleva-un-empate\/#primaryimage"},"thumbnailUrl":"https:\/\/www.eldiario.net\/portal\/wp-content\/uploads\/2026\/07\/PRINCIPAL-7.webp","datePublished":"2026-07-27T10:40:59+00:00","breadcrumb":{"@id":"https:\/\/www.eldiario.net\/portal\/2026\/07\/27\/el-tigre-saca-las-garras-y-se-lleva-un-empate\/#breadcrumb"},"inLanguage":"es","potentialAction":[{"@type":"ReadAction","target":["https:\/\/www.eldiario.net\/portal\/2026\/07\/27\/el-tigre-saca-las-garras-y-se-lleva-un-empate\/"]}]},{"@type":"ImageObject","inLanguage":"es","@id":"https:\/\/www.eldiario.net\/portal\/2026\/07\/27\/el-tigre-saca-las-garras-y-se-lleva-un-empate\/#primaryimage","url":"https:\/\/www.eldiario.net\/portal\/wp-content\/uploads\/2026\/07\/PRINCIPAL-7.webp","contentUrl":"https:\/\/www.eldiario.net\/portal\/wp-content\/uploads\/2026\/07\/PRINCIPAL-7.webp","width":1200,"height":800,"caption":"Adri\u00e1n Estacio contra la pelota pese a la marca de Julio Vila. Foto: APG"},{"@type":"BreadcrumbList","@id":"https:\/\/www.eldiario.net\/portal\/2026\/07\/27\/el-tigre-saca-las-garras-y-se-lleva-un-empate\/#breadcrumb","itemListElement":[{"@type":"ListItem","position":1,"name":"Portada","item":"https:\/\/www.eldiario.net\/portal\/"},{"@type":"ListItem","position":2,"name":"EL TIGRE SACA LAS GARRAS Y SE LLEVA UN EMPATE"}]},{"@type":"WebSite","@id":"https:\/\/www.eldiario.net\/portal\/#website","url":"https:\/\/www.eldiario.net\/portal\/","name":"El Diario - Decano de la prensa nacional","description":"El Diario - Decano de la prensa nacional","publisher":{"@id":"https:\/\/www.eldiario.net\/portal\/#organization"},"potentialAction":[{"@type":"SearchAction","target":{"@type":"EntryPoint","urlTemplate":"https:\/\/www.eldiario.net\/portal\/?s={search_term_string}"},"query-input":{"@type":"PropertyValueSpecification","valueRequired":true,"valueName":"search_term_string"}}],"inLanguage":"es"},{"@type":"Organization","@id":"https:\/\/www.eldiario.net\/portal\/#organization","name":"El Diario - Decano de la prensa nacional","url":"https:\/\/www.eldiario.net\/portal\/","logo":{"@type":"ImageObject","inLanguage":"es","@id":"https:\/\/www.eldiario.net\/portal\/#\/schema\/logo\/image\/","url":"https:\/\/www.eldiario.net\/portal\/wp-content\/uploads\/2023\/07\/logo_ED.jpg","contentUrl":"https:\/\/www.eldiario.net\/portal\/wp-content\/uploads\/2023\/07\/logo_ED.jpg","width":272,"height":52,"caption":"El Diario - Decano de la prensa nacional"},"image":{"@id":"https:\/\/www.eldiario.net\/portal\/#\/schema\/logo\/image\/"},"sameAs":["https:\/\/www.facebook.com\/eldiario.bolivia\/","https:\/\/x.com\/eldiario_net"]},{"@type":"Person","@id":"https:\/\/www.eldiario.net\/portal\/#\/schema\/person\/2c57cf2b7a7ae032e449e4c9b1019eac","name":"Jeanette","image":{"@type":"ImageObject","inLanguage":"es","@id":"https:\/\/secure.gravatar.com\/avatar\/3ea2118a5f7dad2b7138b1187a6b7ee55f160b9968b66013c3a3ef39dd7e5798?s=96&d=mm&r=g","url":"https:\/\/secure.gravatar.com\/avatar\/3ea2118a5f7dad2b7138b1187a6b7ee55f160b9968b66013c3a3ef39dd7e5798?s=96&d=mm&r=g","contentUrl":"https:\/\/secure.gravatar.com\/avatar\/3ea2118a5f7dad2b7138b1187a6b7ee55f160b9968b66013c3a3ef39dd7e5798?s=96&d=mm&r=g","caption":"Jeanette"},"sameAs":["https:\/\/www.eldiario.net\/portal"],"url":"https:\/\/www.eldiario.net\/portal\/author\/jeanette\/"}]}},"_links":{"self":[{"href":"https:\/\/www.eldiario.net\/portal\/wp-json\/wp\/v2\/posts\/416290","targetHints":{"allow":["GET"]}}],"collection":[{"href":"https:\/\/www.eldiario.net\/portal\/wp-json\/wp\/v2\/posts"}],"about":[{"href":"https:\/\/www.eldiario.net\/portal\/wp-json\/wp\/v2\/types\/post"}],"author":[{"embeddable":true,"href":"https:\/\/www.eldiario.net\/portal\/wp-json\/wp\/v2\/users\/1"}],"replies":[{"embeddable":true,"href":"https:\/\/www.eldiario.net\/portal\/wp-json\/wp\/v2\/comments?post=416290"}],"version-history":[{"count":1,"href":"https:\/\/www.eldiario.net\/portal\/wp-json\/wp\/v2\/posts\/416290\/revisions"}],"predecessor-version":[{"id":416292,"href":"https:\/\/www.eldiario.net\/portal\/wp-json\/wp\/v2\/posts\/416290\/revisions\/416292"}],"wp:featuredmedia":[{"embeddable":true,"href":"https:\/\/www.eldiario.net\/portal\/wp-json\/wp\/v2\/media\/416291"}],"wp:attachment":[{"href":"https:\/\/www.eldiario.net\/portal\/wp-json\/wp\/v2\/media?parent=416290"}],"wp:term":[{"taxonomy":"category","embeddable":true,"href":"https:\/\/www.eldiario.net\/portal\/wp-json\/wp\/v2\/categories?post=416290"},{"taxonomy":"post_tag","embeddable":true,"href":"https:\/\/www.eldiario.net\/portal\/wp-json\/wp\/v2\/tags?post=416290"}],"curies":[{"name":"wp","href":"https:\/\/api.w.org\/{rel}","templated":true}]}}