{"id":416141,"date":"2026-07-27T01:06:00","date_gmt":"2026-07-27T05:06:00","guid":{"rendered":"https:\/\/www.eldiario.net\/portal\/?p=416141"},"modified":"2026-07-26T20:06:29","modified_gmt":"2026-07-27T00:06:29","slug":"el-panorama-de-la-ciberseguridad-en-latinoamerica-segun-eset","status":"publish","type":"post","link":"https:\/\/www.eldiario.net\/portal\/2026\/07\/27\/el-panorama-de-la-ciberseguridad-en-latinoamerica-segun-eset\/","title":{"rendered":"El panorama de la ciberseguridad en Latinoam\u00e9rica seg\u00fan ESET"},"content":{"rendered":"<p>El <strong>ESET Security Report Latinoam\u00e9rica 2026<\/strong> ofrece una radiograf\u00eda completa del estado de la ciberseguridad en la regi\u00f3n. El estudio se elabor\u00f3 a partir de una encuesta realizada a <strong>1.563 profesionales de 962 organizaciones en 10 pa\u00edses latinoamericanos<\/strong>, con el objetivo de conocer el nivel de preparaci\u00f3n de las empresas y las principales amenazas que enfrentan.<\/p>\n<p>El 80 % de los encuestados trabaja directamente en \u00e1reas de seguridad, mientras que el resto corresponde a perfiles no t\u00e9cnicos, lo que permite obtener una visi\u00f3n amplia sobre c\u00f3mo se perciben los riesgos y qu\u00e9 medidas se est\u00e1n adoptando.<\/p>\n<p><strong>Una ciberseguridad todav\u00eda reactiva<\/strong><\/p>\n<p>El informe revela que la mayor\u00eda de las organizaciones sigue adoptando un enfoque reactivo. Aunque el 85 % utiliza firewalls, el 82 % cuenta con copias de seguridad y el 73 % implementa VPN, apenas el 23 % ha incorporado plataformas de <strong>Threat Intelligence<\/strong>, esenciales para una detecci\u00f3n proactiva. Esta brecha limita la capacidad de anticipar y responder de manera efectiva a las amenazas.<\/p>\n<p><strong>La visibilidad como desaf\u00edo pendiente<\/strong><\/p>\n<p>Un dato preocupante es que el <strong>15,4 % de las empresas no puede confirmar si sufri\u00f3 ataques<\/strong> en el \u00faltimo a\u00f1o, lo que refleja una falta de visibilidad sobre sus entornos digitales. Adem\u00e1s, el 25,1 % de las organizaciones que no detectaron incidentes reconoce que podr\u00edan haber ocurrido sin ser identificados por falta de tecnolog\u00eda adecuada. En t\u00e9rminos pr\u00e1cticos, cuatro de cada diez compa\u00f1\u00edas carecen de la capacidad anal\u00edtica necesaria para conocer su nivel real de exposici\u00f3n.<\/p>\n<p><strong>El phishing como vector dominante<\/strong><\/p>\n<p>El <strong>phishing<\/strong> contin\u00faa siendo el ataque m\u00e1s frecuente en la regi\u00f3n, afectando al 73 % de las organizaciones. La ingenier\u00eda social sigue demostrando ser una herramienta eficaz para los atacantes, lo que evidencia que la cultura de seguridad es todav\u00eda un punto d\u00e9bil. Sectores como Educaci\u00f3n (81,4 %), Manufactura (81,1 %) y Banca (79,6 %) presentan una incidencia especialmente alta.<\/p>\n<p><strong>Inteligencia artificial entre innovaci\u00f3n y riesgo<\/strong><\/p>\n<p>La IA aparece como uno de los grandes retos. El 56,3 % de los profesionales considera que facilitar\u00e1 ataques m\u00e1s sofisticados, mientras que el 19,6 % identifica los <strong>deepfakes<\/strong> como la principal amenaza. Sin embargo, el 39,2 % de las organizaciones a\u00fan no cuenta con regulaciones internas para su uso, frente a un 39,7 % que s\u00ed posee marcos definidos. Estos resultados reflejan la necesidad de avanzar en pol\u00edticas de gobernanza y gesti\u00f3n de riesgos.<\/p>\n<p><strong>M\u00e1s tecnolog\u00eda no siempre significa mayor madurez<\/strong><\/p>\n<p>Aunque las empresas han reforzado controles tradicionales, persisten debilidades en \u00e1reas cr\u00edticas. Solo el 57 % utiliza autenticaci\u00f3n multifactor, el 36 % implementa soluciones DLP y apenas el 23 % recurre a plataformas de Threat Intelligence. Esto demuestra que la madurez en ciberseguridad no depende \u00fanicamente de incorporar herramientas, sino de integrar tecnolog\u00eda, procesos y personas.<\/p>\n<p><strong>El factor humano como eslab\u00f3n vulnerable<\/strong><\/p>\n<p>El informe subraya que las brechas no se limitan a la infraestructura. Entre los colaboradores no t\u00e9cnicos, solo el 52,2 % utiliza autenticaci\u00f3n multifactor en sus cuentas laborales y el 26,9 % admite no aplicar ninguna medida de seguridad en su tel\u00e9fono corporativo. Estos datos confirman que el factor humano sigue siendo el objetivo principal de los atacantes y uno de los mayores desaf\u00edos para las organizaciones.<\/p>\n<p>El <strong>ESET Security Report Latinoam\u00e9rica 2026<\/strong> muestra un panorama donde las empresas han avanzado en la adopci\u00f3n de medidas b\u00e1sicas, pero a\u00fan enfrentan serias limitaciones en visibilidad, cultura de seguridad y gobernanza de nuevas tecnolog\u00edas como la inteligencia artificial. La regi\u00f3n necesita fortalecer su capacidad de prevenci\u00f3n y respuesta, integrando procesos m\u00e1s proactivos y fomentando una mayor conciencia entre los colaboradores.<\/p>\n<p>Con amenazas cada vez m\u00e1s sofisticadas, la ciberseguridad en Latinoam\u00e9rica se encuentra en un punto cr\u00edtico: avanzar hacia la madurez o seguir expuesta a riesgos que pueden comprometer la continuidad de los negocios.<\/p>\n<p>&nbsp;<\/p>\n","protected":false},"excerpt":{"rendered":"<p>El ESET Security Report Latinoam\u00e9rica 2026 ofrece una radiograf\u00eda completa del estado de la ciberseguridad en la regi\u00f3n. El estudio se elabor\u00f3 a partir de una encuesta realizada a 1.563 profesionales de 962 organizaciones en 10 pa\u00edses latinoamericanos, con el objetivo de conocer el nivel de preparaci\u00f3n de las empresas y las principales amenazas que [&hellip;]<\/p>\n","protected":false},"author":1,"featured_media":416142,"comment_status":"closed","ping_status":"open","sticky":false,"template":"","format":"standard","meta":{"_acf_changed":false,"footnotes":""},"categories":[46],"tags":[],"class_list":["post-416141","post","type-post","status-publish","format-standard","has-post-thumbnail","category-ciencia-computacion"],"acf":{"antetitulo":""},"yoast_head":"<!-- This site is optimized with the Yoast SEO plugin v28.4 - https:\/\/yoast.com\/product\/yoast-seo-wordpress\/ -->\n<title>El panorama de la ciberseguridad en Latinoam\u00e9rica seg\u00fan ESET - El Diario - Bolivia<\/title>\n<meta name=\"robots\" content=\"index, follow, max-snippet:-1, max-image-preview:large, max-video-preview:-1\" \/>\n<link rel=\"canonical\" href=\"https:\/\/www.eldiario.net\/portal\/2026\/07\/27\/el-panorama-de-la-ciberseguridad-en-latinoamerica-segun-eset\/\" \/>\n<meta property=\"og:locale\" content=\"es_ES\" \/>\n<meta property=\"og:type\" content=\"article\" \/>\n<meta property=\"og:title\" content=\"El panorama de la ciberseguridad en Latinoam\u00e9rica seg\u00fan ESET - El Diario - Bolivia\" \/>\n<meta property=\"og:description\" content=\"El ESET Security Report Latinoam\u00e9rica 2026 ofrece una radiograf\u00eda completa del estado de la ciberseguridad en la regi\u00f3n. El estudio se elabor\u00f3 a partir de una encuesta realizada a 1.563 profesionales de 962 organizaciones en 10 pa\u00edses latinoamericanos, con el objetivo de conocer el nivel de preparaci\u00f3n de las empresas y las principales amenazas que [&hellip;]\" \/>\n<meta property=\"og:url\" content=\"https:\/\/www.eldiario.net\/portal\/2026\/07\/27\/el-panorama-de-la-ciberseguridad-en-latinoamerica-segun-eset\/\" \/>\n<meta property=\"og:site_name\" content=\"El Diario - Bolivia\" \/>\n<meta property=\"article:publisher\" content=\"https:\/\/www.facebook.com\/eldiario.bolivia\/\" \/>\n<meta property=\"article:published_time\" content=\"2026-07-27T05:06:00+00:00\" \/>\n<meta property=\"og:image\" content=\"https:\/\/www.eldiario.net\/portal\/wp-content\/uploads\/2026\/07\/4-A-1-2.webp\" \/>\n\t<meta property=\"og:image:width\" content=\"998\" \/>\n\t<meta property=\"og:image:height\" content=\"597\" \/>\n\t<meta property=\"og:image:type\" content=\"image\/webp\" \/>\n<meta name=\"author\" content=\"Jeanette\" \/>\n<meta name=\"twitter:card\" content=\"summary_large_image\" \/>\n<meta name=\"twitter:creator\" content=\"@eldiario_net\" \/>\n<meta name=\"twitter:site\" content=\"@eldiario_net\" \/>\n<meta name=\"twitter:label1\" content=\"Escrito por\" \/>\n\t<meta name=\"twitter:data1\" content=\"Jeanette\" \/>\n\t<meta name=\"twitter:label2\" content=\"Tiempo de lectura\" \/>\n\t<meta name=\"twitter:data2\" content=\"4 minutos\" \/>\n<script type=\"application\/ld+json\" class=\"yoast-schema-graph\">{\"@context\":\"https:\\\/\\\/schema.org\",\"@graph\":[{\"@type\":\"Article\",\"@id\":\"https:\\\/\\\/www.eldiario.net\\\/portal\\\/2026\\\/07\\\/27\\\/el-panorama-de-la-ciberseguridad-en-latinoamerica-segun-eset\\\/#article\",\"isPartOf\":{\"@id\":\"https:\\\/\\\/www.eldiario.net\\\/portal\\\/2026\\\/07\\\/27\\\/el-panorama-de-la-ciberseguridad-en-latinoamerica-segun-eset\\\/\"},\"author\":{\"name\":\"Jeanette\",\"@id\":\"https:\\\/\\\/www.eldiario.net\\\/portal\\\/#\\\/schema\\\/person\\\/2c57cf2b7a7ae032e449e4c9b1019eac\"},\"headline\":\"El panorama de la ciberseguridad en Latinoam\u00e9rica seg\u00fan ESET\",\"datePublished\":\"2026-07-27T05:06:00+00:00\",\"mainEntityOfPage\":{\"@id\":\"https:\\\/\\\/www.eldiario.net\\\/portal\\\/2026\\\/07\\\/27\\\/el-panorama-de-la-ciberseguridad-en-latinoamerica-segun-eset\\\/\"},\"wordCount\":644,\"publisher\":{\"@id\":\"https:\\\/\\\/www.eldiario.net\\\/portal\\\/#organization\"},\"image\":{\"@id\":\"https:\\\/\\\/www.eldiario.net\\\/portal\\\/2026\\\/07\\\/27\\\/el-panorama-de-la-ciberseguridad-en-latinoamerica-segun-eset\\\/#primaryimage\"},\"thumbnailUrl\":\"https:\\\/\\\/www.eldiario.net\\\/portal\\\/wp-content\\\/uploads\\\/2026\\\/07\\\/4-A-1-2.webp\",\"articleSection\":[\"Ciencia y Computaci\u00f3n\"],\"inLanguage\":\"es\"},{\"@type\":\"WebPage\",\"@id\":\"https:\\\/\\\/www.eldiario.net\\\/portal\\\/2026\\\/07\\\/27\\\/el-panorama-de-la-ciberseguridad-en-latinoamerica-segun-eset\\\/\",\"url\":\"https:\\\/\\\/www.eldiario.net\\\/portal\\\/2026\\\/07\\\/27\\\/el-panorama-de-la-ciberseguridad-en-latinoamerica-segun-eset\\\/\",\"name\":\"El panorama de la ciberseguridad en Latinoam\u00e9rica seg\u00fan ESET - El Diario - Bolivia\",\"isPartOf\":{\"@id\":\"https:\\\/\\\/www.eldiario.net\\\/portal\\\/#website\"},\"primaryImageOfPage\":{\"@id\":\"https:\\\/\\\/www.eldiario.net\\\/portal\\\/2026\\\/07\\\/27\\\/el-panorama-de-la-ciberseguridad-en-latinoamerica-segun-eset\\\/#primaryimage\"},\"image\":{\"@id\":\"https:\\\/\\\/www.eldiario.net\\\/portal\\\/2026\\\/07\\\/27\\\/el-panorama-de-la-ciberseguridad-en-latinoamerica-segun-eset\\\/#primaryimage\"},\"thumbnailUrl\":\"https:\\\/\\\/www.eldiario.net\\\/portal\\\/wp-content\\\/uploads\\\/2026\\\/07\\\/4-A-1-2.webp\",\"datePublished\":\"2026-07-27T05:06:00+00:00\",\"breadcrumb\":{\"@id\":\"https:\\\/\\\/www.eldiario.net\\\/portal\\\/2026\\\/07\\\/27\\\/el-panorama-de-la-ciberseguridad-en-latinoamerica-segun-eset\\\/#breadcrumb\"},\"inLanguage\":\"es\",\"potentialAction\":[{\"@type\":\"ReadAction\",\"target\":[\"https:\\\/\\\/www.eldiario.net\\\/portal\\\/2026\\\/07\\\/27\\\/el-panorama-de-la-ciberseguridad-en-latinoamerica-segun-eset\\\/\"]}]},{\"@type\":\"ImageObject\",\"inLanguage\":\"es\",\"@id\":\"https:\\\/\\\/www.eldiario.net\\\/portal\\\/2026\\\/07\\\/27\\\/el-panorama-de-la-ciberseguridad-en-latinoamerica-segun-eset\\\/#primaryimage\",\"url\":\"https:\\\/\\\/www.eldiario.net\\\/portal\\\/wp-content\\\/uploads\\\/2026\\\/07\\\/4-A-1-2.webp\",\"contentUrl\":\"https:\\\/\\\/www.eldiario.net\\\/portal\\\/wp-content\\\/uploads\\\/2026\\\/07\\\/4-A-1-2.webp\",\"width\":998,\"height\":597},{\"@type\":\"BreadcrumbList\",\"@id\":\"https:\\\/\\\/www.eldiario.net\\\/portal\\\/2026\\\/07\\\/27\\\/el-panorama-de-la-ciberseguridad-en-latinoamerica-segun-eset\\\/#breadcrumb\",\"itemListElement\":[{\"@type\":\"ListItem\",\"position\":1,\"name\":\"Portada\",\"item\":\"https:\\\/\\\/www.eldiario.net\\\/portal\\\/\"},{\"@type\":\"ListItem\",\"position\":2,\"name\":\"El panorama de la ciberseguridad en Latinoam\u00e9rica seg\u00fan ESET\"}]},{\"@type\":\"WebSite\",\"@id\":\"https:\\\/\\\/www.eldiario.net\\\/portal\\\/#website\",\"url\":\"https:\\\/\\\/www.eldiario.net\\\/portal\\\/\",\"name\":\"El Diario - Decano de la prensa nacional\",\"description\":\"El Diario - Decano de la prensa nacional\",\"publisher\":{\"@id\":\"https:\\\/\\\/www.eldiario.net\\\/portal\\\/#organization\"},\"potentialAction\":[{\"@type\":\"SearchAction\",\"target\":{\"@type\":\"EntryPoint\",\"urlTemplate\":\"https:\\\/\\\/www.eldiario.net\\\/portal\\\/?s={search_term_string}\"},\"query-input\":{\"@type\":\"PropertyValueSpecification\",\"valueRequired\":true,\"valueName\":\"search_term_string\"}}],\"inLanguage\":\"es\"},{\"@type\":\"Organization\",\"@id\":\"https:\\\/\\\/www.eldiario.net\\\/portal\\\/#organization\",\"name\":\"El Diario - Decano de la prensa nacional\",\"url\":\"https:\\\/\\\/www.eldiario.net\\\/portal\\\/\",\"logo\":{\"@type\":\"ImageObject\",\"inLanguage\":\"es\",\"@id\":\"https:\\\/\\\/www.eldiario.net\\\/portal\\\/#\\\/schema\\\/logo\\\/image\\\/\",\"url\":\"https:\\\/\\\/www.eldiario.net\\\/portal\\\/wp-content\\\/uploads\\\/2023\\\/07\\\/logo_ED.jpg\",\"contentUrl\":\"https:\\\/\\\/www.eldiario.net\\\/portal\\\/wp-content\\\/uploads\\\/2023\\\/07\\\/logo_ED.jpg\",\"width\":272,\"height\":52,\"caption\":\"El Diario - Decano de la prensa nacional\"},\"image\":{\"@id\":\"https:\\\/\\\/www.eldiario.net\\\/portal\\\/#\\\/schema\\\/logo\\\/image\\\/\"},\"sameAs\":[\"https:\\\/\\\/www.facebook.com\\\/eldiario.bolivia\\\/\",\"https:\\\/\\\/x.com\\\/eldiario_net\"]},{\"@type\":\"Person\",\"@id\":\"https:\\\/\\\/www.eldiario.net\\\/portal\\\/#\\\/schema\\\/person\\\/2c57cf2b7a7ae032e449e4c9b1019eac\",\"name\":\"Jeanette\",\"image\":{\"@type\":\"ImageObject\",\"inLanguage\":\"es\",\"@id\":\"https:\\\/\\\/secure.gravatar.com\\\/avatar\\\/3ea2118a5f7dad2b7138b1187a6b7ee55f160b9968b66013c3a3ef39dd7e5798?s=96&d=mm&r=g\",\"url\":\"https:\\\/\\\/secure.gravatar.com\\\/avatar\\\/3ea2118a5f7dad2b7138b1187a6b7ee55f160b9968b66013c3a3ef39dd7e5798?s=96&d=mm&r=g\",\"contentUrl\":\"https:\\\/\\\/secure.gravatar.com\\\/avatar\\\/3ea2118a5f7dad2b7138b1187a6b7ee55f160b9968b66013c3a3ef39dd7e5798?s=96&d=mm&r=g\",\"caption\":\"Jeanette\"},\"sameAs\":[\"https:\\\/\\\/www.eldiario.net\\\/portal\"],\"url\":\"https:\\\/\\\/www.eldiario.net\\\/portal\\\/author\\\/jeanette\\\/\"}]}<\/script>\n<!-- \/ Yoast SEO plugin. -->","yoast_head_json":{"title":"El panorama de la ciberseguridad en Latinoam\u00e9rica seg\u00fan ESET - El Diario - Bolivia","robots":{"index":"index","follow":"follow","max-snippet":"max-snippet:-1","max-image-preview":"max-image-preview:large","max-video-preview":"max-video-preview:-1"},"canonical":"https:\/\/www.eldiario.net\/portal\/2026\/07\/27\/el-panorama-de-la-ciberseguridad-en-latinoamerica-segun-eset\/","og_locale":"es_ES","og_type":"article","og_title":"El panorama de la ciberseguridad en Latinoam\u00e9rica seg\u00fan ESET - El Diario - Bolivia","og_description":"El ESET Security Report Latinoam\u00e9rica 2026 ofrece una radiograf\u00eda completa del estado de la ciberseguridad en la regi\u00f3n. El estudio se elabor\u00f3 a partir de una encuesta realizada a 1.563 profesionales de 962 organizaciones en 10 pa\u00edses latinoamericanos, con el objetivo de conocer el nivel de preparaci\u00f3n de las empresas y las principales amenazas que [&hellip;]","og_url":"https:\/\/www.eldiario.net\/portal\/2026\/07\/27\/el-panorama-de-la-ciberseguridad-en-latinoamerica-segun-eset\/","og_site_name":"El Diario - Bolivia","article_publisher":"https:\/\/www.facebook.com\/eldiario.bolivia\/","article_published_time":"2026-07-27T05:06:00+00:00","og_image":[{"width":998,"height":597,"url":"https:\/\/www.eldiario.net\/portal\/wp-content\/uploads\/2026\/07\/4-A-1-2.webp","type":"image\/webp"}],"author":"Jeanette","twitter_card":"summary_large_image","twitter_creator":"@eldiario_net","twitter_site":"@eldiario_net","twitter_misc":{"Escrito por":"Jeanette","Tiempo de lectura":"4 minutos"},"schema":{"@context":"https:\/\/schema.org","@graph":[{"@type":"Article","@id":"https:\/\/www.eldiario.net\/portal\/2026\/07\/27\/el-panorama-de-la-ciberseguridad-en-latinoamerica-segun-eset\/#article","isPartOf":{"@id":"https:\/\/www.eldiario.net\/portal\/2026\/07\/27\/el-panorama-de-la-ciberseguridad-en-latinoamerica-segun-eset\/"},"author":{"name":"Jeanette","@id":"https:\/\/www.eldiario.net\/portal\/#\/schema\/person\/2c57cf2b7a7ae032e449e4c9b1019eac"},"headline":"El panorama de la ciberseguridad en Latinoam\u00e9rica seg\u00fan ESET","datePublished":"2026-07-27T05:06:00+00:00","mainEntityOfPage":{"@id":"https:\/\/www.eldiario.net\/portal\/2026\/07\/27\/el-panorama-de-la-ciberseguridad-en-latinoamerica-segun-eset\/"},"wordCount":644,"publisher":{"@id":"https:\/\/www.eldiario.net\/portal\/#organization"},"image":{"@id":"https:\/\/www.eldiario.net\/portal\/2026\/07\/27\/el-panorama-de-la-ciberseguridad-en-latinoamerica-segun-eset\/#primaryimage"},"thumbnailUrl":"https:\/\/www.eldiario.net\/portal\/wp-content\/uploads\/2026\/07\/4-A-1-2.webp","articleSection":["Ciencia y Computaci\u00f3n"],"inLanguage":"es"},{"@type":"WebPage","@id":"https:\/\/www.eldiario.net\/portal\/2026\/07\/27\/el-panorama-de-la-ciberseguridad-en-latinoamerica-segun-eset\/","url":"https:\/\/www.eldiario.net\/portal\/2026\/07\/27\/el-panorama-de-la-ciberseguridad-en-latinoamerica-segun-eset\/","name":"El panorama de la ciberseguridad en Latinoam\u00e9rica seg\u00fan ESET - El Diario - Bolivia","isPartOf":{"@id":"https:\/\/www.eldiario.net\/portal\/#website"},"primaryImageOfPage":{"@id":"https:\/\/www.eldiario.net\/portal\/2026\/07\/27\/el-panorama-de-la-ciberseguridad-en-latinoamerica-segun-eset\/#primaryimage"},"image":{"@id":"https:\/\/www.eldiario.net\/portal\/2026\/07\/27\/el-panorama-de-la-ciberseguridad-en-latinoamerica-segun-eset\/#primaryimage"},"thumbnailUrl":"https:\/\/www.eldiario.net\/portal\/wp-content\/uploads\/2026\/07\/4-A-1-2.webp","datePublished":"2026-07-27T05:06:00+00:00","breadcrumb":{"@id":"https:\/\/www.eldiario.net\/portal\/2026\/07\/27\/el-panorama-de-la-ciberseguridad-en-latinoamerica-segun-eset\/#breadcrumb"},"inLanguage":"es","potentialAction":[{"@type":"ReadAction","target":["https:\/\/www.eldiario.net\/portal\/2026\/07\/27\/el-panorama-de-la-ciberseguridad-en-latinoamerica-segun-eset\/"]}]},{"@type":"ImageObject","inLanguage":"es","@id":"https:\/\/www.eldiario.net\/portal\/2026\/07\/27\/el-panorama-de-la-ciberseguridad-en-latinoamerica-segun-eset\/#primaryimage","url":"https:\/\/www.eldiario.net\/portal\/wp-content\/uploads\/2026\/07\/4-A-1-2.webp","contentUrl":"https:\/\/www.eldiario.net\/portal\/wp-content\/uploads\/2026\/07\/4-A-1-2.webp","width":998,"height":597},{"@type":"BreadcrumbList","@id":"https:\/\/www.eldiario.net\/portal\/2026\/07\/27\/el-panorama-de-la-ciberseguridad-en-latinoamerica-segun-eset\/#breadcrumb","itemListElement":[{"@type":"ListItem","position":1,"name":"Portada","item":"https:\/\/www.eldiario.net\/portal\/"},{"@type":"ListItem","position":2,"name":"El panorama de la ciberseguridad en Latinoam\u00e9rica seg\u00fan ESET"}]},{"@type":"WebSite","@id":"https:\/\/www.eldiario.net\/portal\/#website","url":"https:\/\/www.eldiario.net\/portal\/","name":"El Diario - Decano de la prensa nacional","description":"El Diario - Decano de la prensa nacional","publisher":{"@id":"https:\/\/www.eldiario.net\/portal\/#organization"},"potentialAction":[{"@type":"SearchAction","target":{"@type":"EntryPoint","urlTemplate":"https:\/\/www.eldiario.net\/portal\/?s={search_term_string}"},"query-input":{"@type":"PropertyValueSpecification","valueRequired":true,"valueName":"search_term_string"}}],"inLanguage":"es"},{"@type":"Organization","@id":"https:\/\/www.eldiario.net\/portal\/#organization","name":"El Diario - Decano de la prensa nacional","url":"https:\/\/www.eldiario.net\/portal\/","logo":{"@type":"ImageObject","inLanguage":"es","@id":"https:\/\/www.eldiario.net\/portal\/#\/schema\/logo\/image\/","url":"https:\/\/www.eldiario.net\/portal\/wp-content\/uploads\/2023\/07\/logo_ED.jpg","contentUrl":"https:\/\/www.eldiario.net\/portal\/wp-content\/uploads\/2023\/07\/logo_ED.jpg","width":272,"height":52,"caption":"El Diario - Decano de la prensa nacional"},"image":{"@id":"https:\/\/www.eldiario.net\/portal\/#\/schema\/logo\/image\/"},"sameAs":["https:\/\/www.facebook.com\/eldiario.bolivia\/","https:\/\/x.com\/eldiario_net"]},{"@type":"Person","@id":"https:\/\/www.eldiario.net\/portal\/#\/schema\/person\/2c57cf2b7a7ae032e449e4c9b1019eac","name":"Jeanette","image":{"@type":"ImageObject","inLanguage":"es","@id":"https:\/\/secure.gravatar.com\/avatar\/3ea2118a5f7dad2b7138b1187a6b7ee55f160b9968b66013c3a3ef39dd7e5798?s=96&d=mm&r=g","url":"https:\/\/secure.gravatar.com\/avatar\/3ea2118a5f7dad2b7138b1187a6b7ee55f160b9968b66013c3a3ef39dd7e5798?s=96&d=mm&r=g","contentUrl":"https:\/\/secure.gravatar.com\/avatar\/3ea2118a5f7dad2b7138b1187a6b7ee55f160b9968b66013c3a3ef39dd7e5798?s=96&d=mm&r=g","caption":"Jeanette"},"sameAs":["https:\/\/www.eldiario.net\/portal"],"url":"https:\/\/www.eldiario.net\/portal\/author\/jeanette\/"}]}},"_links":{"self":[{"href":"https:\/\/www.eldiario.net\/portal\/wp-json\/wp\/v2\/posts\/416141","targetHints":{"allow":["GET"]}}],"collection":[{"href":"https:\/\/www.eldiario.net\/portal\/wp-json\/wp\/v2\/posts"}],"about":[{"href":"https:\/\/www.eldiario.net\/portal\/wp-json\/wp\/v2\/types\/post"}],"author":[{"embeddable":true,"href":"https:\/\/www.eldiario.net\/portal\/wp-json\/wp\/v2\/users\/1"}],"replies":[{"embeddable":true,"href":"https:\/\/www.eldiario.net\/portal\/wp-json\/wp\/v2\/comments?post=416141"}],"version-history":[{"count":1,"href":"https:\/\/www.eldiario.net\/portal\/wp-json\/wp\/v2\/posts\/416141\/revisions"}],"predecessor-version":[{"id":416143,"href":"https:\/\/www.eldiario.net\/portal\/wp-json\/wp\/v2\/posts\/416141\/revisions\/416143"}],"wp:featuredmedia":[{"embeddable":true,"href":"https:\/\/www.eldiario.net\/portal\/wp-json\/wp\/v2\/media\/416142"}],"wp:attachment":[{"href":"https:\/\/www.eldiario.net\/portal\/wp-json\/wp\/v2\/media?parent=416141"}],"wp:term":[{"taxonomy":"category","embeddable":true,"href":"https:\/\/www.eldiario.net\/portal\/wp-json\/wp\/v2\/categories?post=416141"},{"taxonomy":"post_tag","embeddable":true,"href":"https:\/\/www.eldiario.net\/portal\/wp-json\/wp\/v2\/tags?post=416141"}],"curies":[{"name":"wp","href":"https:\/\/api.w.org\/{rel}","templated":true}]}}