{"id":416135,"date":"2026-07-27T01:03:43","date_gmt":"2026-07-27T05:03:43","guid":{"rendered":"https:\/\/www.eldiario.net\/portal\/?p=416135"},"modified":"2026-07-26T20:04:27","modified_gmt":"2026-07-27T00:04:27","slug":"garmin-cirqa-la-pulsera-invisible","status":"publish","type":"post","link":"https:\/\/www.eldiario.net\/portal\/2026\/07\/27\/garmin-cirqa-la-pulsera-invisible\/","title":{"rendered":"Garmin CIRQA: la pulsera invisible"},"content":{"rendered":"<p>Durante a\u00f1os, el mercado de los relojes y pulseras inteligentes se movi\u00f3 en una direcci\u00f3n clara: pantallas m\u00e1s grandes, m\u00e1s funciones visibles y una interacci\u00f3n constante con el usuario. Sin embargo, la industria de los wearables est\u00e1 comenzando a girar hacia un enfoque distinto. Cada vez m\u00e1s fabricantes apuestan por dispositivos discretos, ligeros y c\u00f3modos, que acompa\u00f1en al usuario sin reclamar su atenci\u00f3n en todo momento. En ese contexto aparece la <strong>Garmin CIRQA Smart Band<\/strong>, una pulsera que rompe con la l\u00f3gica tradicional al eliminar la pantalla y centrarse en el monitoreo de la salud de manera silenciosa.<\/p>\n<p><strong>Una pulsera que registra sin molestar<\/strong><\/p>\n<p>La principal novedad de la CIRQA Smart Band no est\u00e1 en a\u00f1adir m\u00e1s funciones, sino en quitar un elemento que parec\u00eda indispensable: la pantalla. El dispositivo se dedica exclusivamente a registrar datos de salud y actividad f\u00edsica, mientras que toda la informaci\u00f3n se consulta en la aplicaci\u00f3n <strong>Garmin Connect<\/strong>. De esta manera, la pulsera se convierte en un accesorio casi invisible, pensado para quienes buscan comodidad, especialmente al dormir, y no quieren lidiar con notificaciones constantes.<\/p>\n<p><strong>M\u00e9tricas avanzadas en un formato minimalista<\/strong><\/p>\n<p>A pesar de su sencillez externa, la CIRQA Smart Band ofrece un abanico de mediciones muy completo. Puede registrar la frecuencia cardiaca, el nivel de energ\u00eda <strong>Body Battery<\/strong>, el estr\u00e9s, la oxigenaci\u00f3n en sangre (Pulse Ox), la temperatura de la piel y diversos indicadores relacionados con el sue\u00f1o. Tambi\u00e9n permite seguir m\u00e1s de <strong>80 deportes<\/strong>, incorporando m\u00e9tricas como el <strong>VO2 m\u00e1ximo<\/strong>, el estado de entrenamiento, la variabilidad de la frecuencia cardiaca y el tiempo de recuperaci\u00f3n.<\/p>\n<p>En el \u00e1mbito del descanso, la pulsera analiza las etapas del sue\u00f1o, ofrece una puntuaci\u00f3n personalizada y recomendaciones para mejorar la calidad del mismo. Incluso incluye una funci\u00f3n de alineaci\u00f3n del sue\u00f1o, que muestra qu\u00e9 tan sincronizado est\u00e1 el usuario con su ritmo circadiano.<\/p>\n<p><strong>Funciones espec\u00edficas para mujeres<\/strong><\/p>\n<p>Garmin ha a\u00f1adido herramientas de seguimiento del ciclo menstrual y del embarazo, con predicciones de periodos y estimaciones de ovulaci\u00f3n basadas en la temperatura de la piel durante el sue\u00f1o. Adem\u00e1s, la pulsera puede sincronizar estos datos con la aplicaci\u00f3n <strong>Natural Cycles<\/strong>, autorizada por la FDA, aunque esta integraci\u00f3n requiere una suscripci\u00f3n independiente. Lo destacable es que la mayor\u00eda de las funciones de la CIRQA Smart Band no exigen pagos adicionales, lo que la diferencia de otros servicios del mercado.<\/p>\n<p><strong>Garmin y Google: coincidencia en filosof\u00eda<\/strong><\/p>\n<p>El lanzamiento de Garmin llega poco despu\u00e9s de que Google presentara la <strong>Fitbit Air<\/strong>, una pulsera con un enfoque similar: discreta, ligera y dise\u00f1ada para que el usuario apenas note que la lleva puesta. Ambos dispositivos trasladan la experiencia principal a una aplicaci\u00f3n m\u00f3vil y buscan ser complementos del smartwatch, m\u00e1s que reemplazos.<\/p>\n<p>La diferencia est\u00e1 en la estrategia. Fitbit Air se integra con el ecosistema de Google Health y Pixel Watch, mientras que Garmin aprovecha la fortaleza de <strong>Garmin Connect<\/strong>, muy popular entre deportistas. Adem\u00e1s, la CIRQA Smart Band promete hasta <strong>10 d\u00edas de bater\u00eda<\/strong>, superando los siete d\u00edas anunciados por Fitbit Air.<\/p>\n<p><strong>Tecnolog\u00eda invisible: una tendencia en crecimiento<\/strong><\/p>\n<p>M\u00e1s all\u00e1 del lanzamiento, lo interesante es la tendencia que representa: la llamada <strong>tecnolog\u00eda invisible<\/strong>. En este modelo, el dispositivo deja de ser el centro de la experiencia y funciona en segundo plano, recopilando informaci\u00f3n sin interrumpir al usuario. Marcas como Google, Oura, Apple y Samsung tambi\u00e9n exploran esta categor\u00eda con pulseras y anillos inteligentes que reducen o eliminan la pantalla.<\/p>\n<p><strong>Un cambio cultural en los wearables<\/strong><\/p>\n<p>La apuesta por dispositivos sin pantalla responde a un fen\u00f3meno m\u00e1s amplio: la fatiga digital. Tras a\u00f1os en los que las pantallas dominaron cada aspecto de la vida cotidiana, muchos consumidores buscan reducir las notificaciones y la sensaci\u00f3n de estar permanentemente conectados.<\/p>\n<p>La CIRQA Smart Band encarna esa transici\u00f3n hacia lo anal\u00f3gico-digital: recopila datos de manera constante, pero solo los muestra cuando el usuario decide consultarlos. As\u00ed, la ausencia de pantalla deja de ser una limitaci\u00f3n y se convierte en un diferenciador clave de esta nueva generaci\u00f3n de wearables.<\/p>\n","protected":false},"excerpt":{"rendered":"<p>Durante a\u00f1os, el mercado de los relojes y pulseras inteligentes se movi\u00f3 en una direcci\u00f3n clara: pantallas m\u00e1s grandes, m\u00e1s funciones visibles y una interacci\u00f3n constante con el usuario. Sin embargo, la industria de los wearables est\u00e1 comenzando a girar hacia un enfoque distinto. Cada vez m\u00e1s fabricantes apuestan por dispositivos discretos, ligeros y c\u00f3modos, [&hellip;]<\/p>\n","protected":false},"author":1,"featured_media":416136,"comment_status":"closed","ping_status":"open","sticky":false,"template":"","format":"standard","meta":{"_acf_changed":false,"footnotes":""},"categories":[46],"tags":[],"class_list":["post-416135","post","type-post","status-publish","format-standard","has-post-thumbnail","category-ciencia-computacion"],"acf":{"antetitulo":""},"yoast_head":"<!-- This site is optimized with the Yoast SEO plugin v28.4 - https:\/\/yoast.com\/product\/yoast-seo-wordpress\/ -->\n<title>Garmin CIRQA: la pulsera invisible - El Diario - Bolivia<\/title>\n<meta name=\"robots\" content=\"index, follow, max-snippet:-1, max-image-preview:large, max-video-preview:-1\" \/>\n<link rel=\"canonical\" href=\"https:\/\/www.eldiario.net\/portal\/2026\/07\/27\/garmin-cirqa-la-pulsera-invisible\/\" \/>\n<meta property=\"og:locale\" content=\"es_ES\" \/>\n<meta property=\"og:type\" content=\"article\" \/>\n<meta property=\"og:title\" content=\"Garmin CIRQA: la pulsera invisible - El Diario - Bolivia\" \/>\n<meta property=\"og:description\" content=\"Durante a\u00f1os, el mercado de los relojes y pulseras inteligentes se movi\u00f3 en una direcci\u00f3n clara: pantallas m\u00e1s grandes, m\u00e1s funciones visibles y una interacci\u00f3n constante con el usuario. Sin embargo, la industria de los wearables est\u00e1 comenzando a girar hacia un enfoque distinto. Cada vez m\u00e1s fabricantes apuestan por dispositivos discretos, ligeros y c\u00f3modos, [&hellip;]\" \/>\n<meta property=\"og:url\" content=\"https:\/\/www.eldiario.net\/portal\/2026\/07\/27\/garmin-cirqa-la-pulsera-invisible\/\" \/>\n<meta property=\"og:site_name\" content=\"El Diario - Bolivia\" \/>\n<meta property=\"article:publisher\" content=\"https:\/\/www.facebook.com\/eldiario.bolivia\/\" \/>\n<meta property=\"article:published_time\" content=\"2026-07-27T05:03:43+00:00\" \/>\n<meta property=\"og:image\" content=\"https:\/\/www.eldiario.net\/portal\/wp-content\/uploads\/2026\/07\/8-A-1.webp\" \/>\n\t<meta property=\"og:image:width\" content=\"640\" \/>\n\t<meta property=\"og:image:height\" content=\"480\" \/>\n\t<meta property=\"og:image:type\" content=\"image\/webp\" \/>\n<meta name=\"author\" content=\"Jeanette\" \/>\n<meta name=\"twitter:card\" content=\"summary_large_image\" \/>\n<meta name=\"twitter:creator\" content=\"@eldiario_net\" \/>\n<meta name=\"twitter:site\" content=\"@eldiario_net\" \/>\n<meta name=\"twitter:label1\" content=\"Escrito por\" \/>\n\t<meta name=\"twitter:data1\" content=\"Jeanette\" \/>\n\t<meta name=\"twitter:label2\" content=\"Tiempo de lectura\" \/>\n\t<meta name=\"twitter:data2\" content=\"4 minutos\" \/>\n<script type=\"application\/ld+json\" class=\"yoast-schema-graph\">{\"@context\":\"https:\\\/\\\/schema.org\",\"@graph\":[{\"@type\":\"Article\",\"@id\":\"https:\\\/\\\/www.eldiario.net\\\/portal\\\/2026\\\/07\\\/27\\\/garmin-cirqa-la-pulsera-invisible\\\/#article\",\"isPartOf\":{\"@id\":\"https:\\\/\\\/www.eldiario.net\\\/portal\\\/2026\\\/07\\\/27\\\/garmin-cirqa-la-pulsera-invisible\\\/\"},\"author\":{\"name\":\"Jeanette\",\"@id\":\"https:\\\/\\\/www.eldiario.net\\\/portal\\\/#\\\/schema\\\/person\\\/2c57cf2b7a7ae032e449e4c9b1019eac\"},\"headline\":\"Garmin CIRQA: la pulsera invisible\",\"datePublished\":\"2026-07-27T05:03:43+00:00\",\"mainEntityOfPage\":{\"@id\":\"https:\\\/\\\/www.eldiario.net\\\/portal\\\/2026\\\/07\\\/27\\\/garmin-cirqa-la-pulsera-invisible\\\/\"},\"wordCount\":729,\"publisher\":{\"@id\":\"https:\\\/\\\/www.eldiario.net\\\/portal\\\/#organization\"},\"image\":{\"@id\":\"https:\\\/\\\/www.eldiario.net\\\/portal\\\/2026\\\/07\\\/27\\\/garmin-cirqa-la-pulsera-invisible\\\/#primaryimage\"},\"thumbnailUrl\":\"https:\\\/\\\/www.eldiario.net\\\/portal\\\/wp-content\\\/uploads\\\/2026\\\/07\\\/8-A-1.webp\",\"articleSection\":[\"Ciencia y Computaci\u00f3n\"],\"inLanguage\":\"es\"},{\"@type\":\"WebPage\",\"@id\":\"https:\\\/\\\/www.eldiario.net\\\/portal\\\/2026\\\/07\\\/27\\\/garmin-cirqa-la-pulsera-invisible\\\/\",\"url\":\"https:\\\/\\\/www.eldiario.net\\\/portal\\\/2026\\\/07\\\/27\\\/garmin-cirqa-la-pulsera-invisible\\\/\",\"name\":\"Garmin CIRQA: la pulsera invisible - El Diario - Bolivia\",\"isPartOf\":{\"@id\":\"https:\\\/\\\/www.eldiario.net\\\/portal\\\/#website\"},\"primaryImageOfPage\":{\"@id\":\"https:\\\/\\\/www.eldiario.net\\\/portal\\\/2026\\\/07\\\/27\\\/garmin-cirqa-la-pulsera-invisible\\\/#primaryimage\"},\"image\":{\"@id\":\"https:\\\/\\\/www.eldiario.net\\\/portal\\\/2026\\\/07\\\/27\\\/garmin-cirqa-la-pulsera-invisible\\\/#primaryimage\"},\"thumbnailUrl\":\"https:\\\/\\\/www.eldiario.net\\\/portal\\\/wp-content\\\/uploads\\\/2026\\\/07\\\/8-A-1.webp\",\"datePublished\":\"2026-07-27T05:03:43+00:00\",\"breadcrumb\":{\"@id\":\"https:\\\/\\\/www.eldiario.net\\\/portal\\\/2026\\\/07\\\/27\\\/garmin-cirqa-la-pulsera-invisible\\\/#breadcrumb\"},\"inLanguage\":\"es\",\"potentialAction\":[{\"@type\":\"ReadAction\",\"target\":[\"https:\\\/\\\/www.eldiario.net\\\/portal\\\/2026\\\/07\\\/27\\\/garmin-cirqa-la-pulsera-invisible\\\/\"]}]},{\"@type\":\"ImageObject\",\"inLanguage\":\"es\",\"@id\":\"https:\\\/\\\/www.eldiario.net\\\/portal\\\/2026\\\/07\\\/27\\\/garmin-cirqa-la-pulsera-invisible\\\/#primaryimage\",\"url\":\"https:\\\/\\\/www.eldiario.net\\\/portal\\\/wp-content\\\/uploads\\\/2026\\\/07\\\/8-A-1.webp\",\"contentUrl\":\"https:\\\/\\\/www.eldiario.net\\\/portal\\\/wp-content\\\/uploads\\\/2026\\\/07\\\/8-A-1.webp\",\"width\":640,\"height\":480},{\"@type\":\"BreadcrumbList\",\"@id\":\"https:\\\/\\\/www.eldiario.net\\\/portal\\\/2026\\\/07\\\/27\\\/garmin-cirqa-la-pulsera-invisible\\\/#breadcrumb\",\"itemListElement\":[{\"@type\":\"ListItem\",\"position\":1,\"name\":\"Portada\",\"item\":\"https:\\\/\\\/www.eldiario.net\\\/portal\\\/\"},{\"@type\":\"ListItem\",\"position\":2,\"name\":\"Garmin CIRQA: la pulsera invisible\"}]},{\"@type\":\"WebSite\",\"@id\":\"https:\\\/\\\/www.eldiario.net\\\/portal\\\/#website\",\"url\":\"https:\\\/\\\/www.eldiario.net\\\/portal\\\/\",\"name\":\"El Diario - Decano de la prensa nacional\",\"description\":\"El Diario - Decano de la prensa nacional\",\"publisher\":{\"@id\":\"https:\\\/\\\/www.eldiario.net\\\/portal\\\/#organization\"},\"potentialAction\":[{\"@type\":\"SearchAction\",\"target\":{\"@type\":\"EntryPoint\",\"urlTemplate\":\"https:\\\/\\\/www.eldiario.net\\\/portal\\\/?s={search_term_string}\"},\"query-input\":{\"@type\":\"PropertyValueSpecification\",\"valueRequired\":true,\"valueName\":\"search_term_string\"}}],\"inLanguage\":\"es\"},{\"@type\":\"Organization\",\"@id\":\"https:\\\/\\\/www.eldiario.net\\\/portal\\\/#organization\",\"name\":\"El Diario - Decano de la prensa nacional\",\"url\":\"https:\\\/\\\/www.eldiario.net\\\/portal\\\/\",\"logo\":{\"@type\":\"ImageObject\",\"inLanguage\":\"es\",\"@id\":\"https:\\\/\\\/www.eldiario.net\\\/portal\\\/#\\\/schema\\\/logo\\\/image\\\/\",\"url\":\"https:\\\/\\\/www.eldiario.net\\\/portal\\\/wp-content\\\/uploads\\\/2023\\\/07\\\/logo_ED.jpg\",\"contentUrl\":\"https:\\\/\\\/www.eldiario.net\\\/portal\\\/wp-content\\\/uploads\\\/2023\\\/07\\\/logo_ED.jpg\",\"width\":272,\"height\":52,\"caption\":\"El Diario - Decano de la prensa nacional\"},\"image\":{\"@id\":\"https:\\\/\\\/www.eldiario.net\\\/portal\\\/#\\\/schema\\\/logo\\\/image\\\/\"},\"sameAs\":[\"https:\\\/\\\/www.facebook.com\\\/eldiario.bolivia\\\/\",\"https:\\\/\\\/x.com\\\/eldiario_net\"]},{\"@type\":\"Person\",\"@id\":\"https:\\\/\\\/www.eldiario.net\\\/portal\\\/#\\\/schema\\\/person\\\/2c57cf2b7a7ae032e449e4c9b1019eac\",\"name\":\"Jeanette\",\"image\":{\"@type\":\"ImageObject\",\"inLanguage\":\"es\",\"@id\":\"https:\\\/\\\/secure.gravatar.com\\\/avatar\\\/3ea2118a5f7dad2b7138b1187a6b7ee55f160b9968b66013c3a3ef39dd7e5798?s=96&d=mm&r=g\",\"url\":\"https:\\\/\\\/secure.gravatar.com\\\/avatar\\\/3ea2118a5f7dad2b7138b1187a6b7ee55f160b9968b66013c3a3ef39dd7e5798?s=96&d=mm&r=g\",\"contentUrl\":\"https:\\\/\\\/secure.gravatar.com\\\/avatar\\\/3ea2118a5f7dad2b7138b1187a6b7ee55f160b9968b66013c3a3ef39dd7e5798?s=96&d=mm&r=g\",\"caption\":\"Jeanette\"},\"sameAs\":[\"https:\\\/\\\/www.eldiario.net\\\/portal\"],\"url\":\"https:\\\/\\\/www.eldiario.net\\\/portal\\\/author\\\/jeanette\\\/\"}]}<\/script>\n<!-- \/ Yoast SEO plugin. -->","yoast_head_json":{"title":"Garmin CIRQA: la pulsera invisible - El Diario - Bolivia","robots":{"index":"index","follow":"follow","max-snippet":"max-snippet:-1","max-image-preview":"max-image-preview:large","max-video-preview":"max-video-preview:-1"},"canonical":"https:\/\/www.eldiario.net\/portal\/2026\/07\/27\/garmin-cirqa-la-pulsera-invisible\/","og_locale":"es_ES","og_type":"article","og_title":"Garmin CIRQA: la pulsera invisible - El Diario - Bolivia","og_description":"Durante a\u00f1os, el mercado de los relojes y pulseras inteligentes se movi\u00f3 en una direcci\u00f3n clara: pantallas m\u00e1s grandes, m\u00e1s funciones visibles y una interacci\u00f3n constante con el usuario. Sin embargo, la industria de los wearables est\u00e1 comenzando a girar hacia un enfoque distinto. Cada vez m\u00e1s fabricantes apuestan por dispositivos discretos, ligeros y c\u00f3modos, [&hellip;]","og_url":"https:\/\/www.eldiario.net\/portal\/2026\/07\/27\/garmin-cirqa-la-pulsera-invisible\/","og_site_name":"El Diario - Bolivia","article_publisher":"https:\/\/www.facebook.com\/eldiario.bolivia\/","article_published_time":"2026-07-27T05:03:43+00:00","og_image":[{"width":640,"height":480,"url":"https:\/\/www.eldiario.net\/portal\/wp-content\/uploads\/2026\/07\/8-A-1.webp","type":"image\/webp"}],"author":"Jeanette","twitter_card":"summary_large_image","twitter_creator":"@eldiario_net","twitter_site":"@eldiario_net","twitter_misc":{"Escrito por":"Jeanette","Tiempo de lectura":"4 minutos"},"schema":{"@context":"https:\/\/schema.org","@graph":[{"@type":"Article","@id":"https:\/\/www.eldiario.net\/portal\/2026\/07\/27\/garmin-cirqa-la-pulsera-invisible\/#article","isPartOf":{"@id":"https:\/\/www.eldiario.net\/portal\/2026\/07\/27\/garmin-cirqa-la-pulsera-invisible\/"},"author":{"name":"Jeanette","@id":"https:\/\/www.eldiario.net\/portal\/#\/schema\/person\/2c57cf2b7a7ae032e449e4c9b1019eac"},"headline":"Garmin CIRQA: la pulsera invisible","datePublished":"2026-07-27T05:03:43+00:00","mainEntityOfPage":{"@id":"https:\/\/www.eldiario.net\/portal\/2026\/07\/27\/garmin-cirqa-la-pulsera-invisible\/"},"wordCount":729,"publisher":{"@id":"https:\/\/www.eldiario.net\/portal\/#organization"},"image":{"@id":"https:\/\/www.eldiario.net\/portal\/2026\/07\/27\/garmin-cirqa-la-pulsera-invisible\/#primaryimage"},"thumbnailUrl":"https:\/\/www.eldiario.net\/portal\/wp-content\/uploads\/2026\/07\/8-A-1.webp","articleSection":["Ciencia y Computaci\u00f3n"],"inLanguage":"es"},{"@type":"WebPage","@id":"https:\/\/www.eldiario.net\/portal\/2026\/07\/27\/garmin-cirqa-la-pulsera-invisible\/","url":"https:\/\/www.eldiario.net\/portal\/2026\/07\/27\/garmin-cirqa-la-pulsera-invisible\/","name":"Garmin CIRQA: la pulsera invisible - El Diario - Bolivia","isPartOf":{"@id":"https:\/\/www.eldiario.net\/portal\/#website"},"primaryImageOfPage":{"@id":"https:\/\/www.eldiario.net\/portal\/2026\/07\/27\/garmin-cirqa-la-pulsera-invisible\/#primaryimage"},"image":{"@id":"https:\/\/www.eldiario.net\/portal\/2026\/07\/27\/garmin-cirqa-la-pulsera-invisible\/#primaryimage"},"thumbnailUrl":"https:\/\/www.eldiario.net\/portal\/wp-content\/uploads\/2026\/07\/8-A-1.webp","datePublished":"2026-07-27T05:03:43+00:00","breadcrumb":{"@id":"https:\/\/www.eldiario.net\/portal\/2026\/07\/27\/garmin-cirqa-la-pulsera-invisible\/#breadcrumb"},"inLanguage":"es","potentialAction":[{"@type":"ReadAction","target":["https:\/\/www.eldiario.net\/portal\/2026\/07\/27\/garmin-cirqa-la-pulsera-invisible\/"]}]},{"@type":"ImageObject","inLanguage":"es","@id":"https:\/\/www.eldiario.net\/portal\/2026\/07\/27\/garmin-cirqa-la-pulsera-invisible\/#primaryimage","url":"https:\/\/www.eldiario.net\/portal\/wp-content\/uploads\/2026\/07\/8-A-1.webp","contentUrl":"https:\/\/www.eldiario.net\/portal\/wp-content\/uploads\/2026\/07\/8-A-1.webp","width":640,"height":480},{"@type":"BreadcrumbList","@id":"https:\/\/www.eldiario.net\/portal\/2026\/07\/27\/garmin-cirqa-la-pulsera-invisible\/#breadcrumb","itemListElement":[{"@type":"ListItem","position":1,"name":"Portada","item":"https:\/\/www.eldiario.net\/portal\/"},{"@type":"ListItem","position":2,"name":"Garmin CIRQA: la pulsera invisible"}]},{"@type":"WebSite","@id":"https:\/\/www.eldiario.net\/portal\/#website","url":"https:\/\/www.eldiario.net\/portal\/","name":"El Diario - Decano de la prensa nacional","description":"El Diario - Decano de la prensa nacional","publisher":{"@id":"https:\/\/www.eldiario.net\/portal\/#organization"},"potentialAction":[{"@type":"SearchAction","target":{"@type":"EntryPoint","urlTemplate":"https:\/\/www.eldiario.net\/portal\/?s={search_term_string}"},"query-input":{"@type":"PropertyValueSpecification","valueRequired":true,"valueName":"search_term_string"}}],"inLanguage":"es"},{"@type":"Organization","@id":"https:\/\/www.eldiario.net\/portal\/#organization","name":"El Diario - Decano de la prensa nacional","url":"https:\/\/www.eldiario.net\/portal\/","logo":{"@type":"ImageObject","inLanguage":"es","@id":"https:\/\/www.eldiario.net\/portal\/#\/schema\/logo\/image\/","url":"https:\/\/www.eldiario.net\/portal\/wp-content\/uploads\/2023\/07\/logo_ED.jpg","contentUrl":"https:\/\/www.eldiario.net\/portal\/wp-content\/uploads\/2023\/07\/logo_ED.jpg","width":272,"height":52,"caption":"El Diario - Decano de la prensa nacional"},"image":{"@id":"https:\/\/www.eldiario.net\/portal\/#\/schema\/logo\/image\/"},"sameAs":["https:\/\/www.facebook.com\/eldiario.bolivia\/","https:\/\/x.com\/eldiario_net"]},{"@type":"Person","@id":"https:\/\/www.eldiario.net\/portal\/#\/schema\/person\/2c57cf2b7a7ae032e449e4c9b1019eac","name":"Jeanette","image":{"@type":"ImageObject","inLanguage":"es","@id":"https:\/\/secure.gravatar.com\/avatar\/3ea2118a5f7dad2b7138b1187a6b7ee55f160b9968b66013c3a3ef39dd7e5798?s=96&d=mm&r=g","url":"https:\/\/secure.gravatar.com\/avatar\/3ea2118a5f7dad2b7138b1187a6b7ee55f160b9968b66013c3a3ef39dd7e5798?s=96&d=mm&r=g","contentUrl":"https:\/\/secure.gravatar.com\/avatar\/3ea2118a5f7dad2b7138b1187a6b7ee55f160b9968b66013c3a3ef39dd7e5798?s=96&d=mm&r=g","caption":"Jeanette"},"sameAs":["https:\/\/www.eldiario.net\/portal"],"url":"https:\/\/www.eldiario.net\/portal\/author\/jeanette\/"}]}},"_links":{"self":[{"href":"https:\/\/www.eldiario.net\/portal\/wp-json\/wp\/v2\/posts\/416135","targetHints":{"allow":["GET"]}}],"collection":[{"href":"https:\/\/www.eldiario.net\/portal\/wp-json\/wp\/v2\/posts"}],"about":[{"href":"https:\/\/www.eldiario.net\/portal\/wp-json\/wp\/v2\/types\/post"}],"author":[{"embeddable":true,"href":"https:\/\/www.eldiario.net\/portal\/wp-json\/wp\/v2\/users\/1"}],"replies":[{"embeddable":true,"href":"https:\/\/www.eldiario.net\/portal\/wp-json\/wp\/v2\/comments?post=416135"}],"version-history":[{"count":1,"href":"https:\/\/www.eldiario.net\/portal\/wp-json\/wp\/v2\/posts\/416135\/revisions"}],"predecessor-version":[{"id":416137,"href":"https:\/\/www.eldiario.net\/portal\/wp-json\/wp\/v2\/posts\/416135\/revisions\/416137"}],"wp:featuredmedia":[{"embeddable":true,"href":"https:\/\/www.eldiario.net\/portal\/wp-json\/wp\/v2\/media\/416136"}],"wp:attachment":[{"href":"https:\/\/www.eldiario.net\/portal\/wp-json\/wp\/v2\/media?parent=416135"}],"wp:term":[{"taxonomy":"category","embeddable":true,"href":"https:\/\/www.eldiario.net\/portal\/wp-json\/wp\/v2\/categories?post=416135"},{"taxonomy":"post_tag","embeddable":true,"href":"https:\/\/www.eldiario.net\/portal\/wp-json\/wp\/v2\/tags?post=416135"}],"curies":[{"name":"wp","href":"https:\/\/api.w.org\/{rel}","templated":true}]}}