{"id":416125,"date":"2026-07-27T00:59:42","date_gmt":"2026-07-27T04:59:42","guid":{"rendered":"https:\/\/www.eldiario.net\/portal\/?p=416125"},"modified":"2026-07-26T20:00:24","modified_gmt":"2026-07-27T00:00:24","slug":"huawei-pura-90s-y-su-ecosistema","status":"publish","type":"post","link":"https:\/\/www.eldiario.net\/portal\/2026\/07\/27\/huawei-pura-90s-y-su-ecosistema\/","title":{"rendered":"Huawei Pura 90s y su ecosistema"},"content":{"rendered":"<p>Huawei ha dado un paso firme en su estrategia tecnol\u00f3gica con el lanzamiento del <strong>Huawei Pura 90s<\/strong>, un smartphone que no llega solo, sino acompa\u00f1ado de nuevos auriculares y una tablet que refuerzan la idea de un ecosistema integrado. M\u00e1s que un dispositivo aislado, la compa\u00f1\u00eda busca que cada producto se complemente con el otro, ofreciendo una experiencia fluida tanto en productividad como en entretenimiento.<\/p>\n<p><strong>Fotograf\u00eda como sello distintivo<\/strong><\/p>\n<p>El Pura 90s mantiene la tradici\u00f3n de Huawei de apostar fuerte por la fotograf\u00eda m\u00f3vil. Su c\u00e1mara teleobjetivo de <strong>200 MP<\/strong> se combina con la tecnolog\u00eda <strong>True-to-Colour 2.0<\/strong>, dise\u00f1ada para capturar colores m\u00e1s naturales y detalles precisos incluso en condiciones dif\u00edciles.<\/p>\n<p>La inteligencia artificial juega un papel clave: ayuda a mejorar el encuadre, ajusta par\u00e1metros autom\u00e1ticamente y facilita la edici\u00f3n r\u00e1pida antes de compartir una imagen. Todo esto se integra en un dise\u00f1o inspirado en la filosof\u00eda <strong>Rhythm of Colour<\/strong>, con l\u00edneas limpias, acabados renovados y un marco degradado de dos tonos que lo diferencia de generaciones anteriores.<\/p>\n<p><strong>Inteligencia artificial m\u00e1s \u00fatil<\/strong><\/p>\n<p>El Pura 90s no se limita a la fotograf\u00eda. Huawei ha reforzado la presencia de la <strong>IA<\/strong> en tareas cotidianas: desde organizar contenido hasta agilizar acciones dentro del sistema. La idea es que la inteligencia artificial no sea un adorno, sino una herramienta pr\u00e1ctica que simplifique la vida del usuario.<\/p>\n<p><strong>FreeClip 2 S: auriculares abiertos<\/strong><\/p>\n<p>El evento tambi\u00e9n sirvi\u00f3 para presentar los <strong>Huawei FreeClip 2 S<\/strong>, unos auriculares que mantienen un dise\u00f1o abierto, ideal para quienes desean escuchar m\u00fasica o atender llamadas sin aislarse del entorno. Esta propuesta resulta atractiva para quienes caminan por la ciudad, trabajan en oficinas o practican deporte al aire libre.<\/p>\n<p>Entre sus novedades destacan nuevos colores, un estuche de carga redise\u00f1ado con m\u00e1s espacio y materiales hipoalerg\u00e9nicos que mejoran la comodidad en sesiones prolongadas. Huawei busca que la experiencia auditiva sea pr\u00e1ctica y saludable.<\/p>\n<p><strong>MatePad Air: productividad ligera<\/strong><\/p>\n<p>El tercer anuncio fue la <strong>Huawei MatePad Air<\/strong>, una tablet que se acerca a la experiencia de un port\u00e1til pero en un formato ultraligero. Con apenas <strong>5,3 mm de grosor<\/strong>, se posiciona como una de las m\u00e1s finas de la marca.<\/p>\n<p>Su pantalla <strong>OLED PaperMatte<\/strong> reduce reflejos y ofrece una visualizaci\u00f3n m\u00e1s c\u00f3moda, ideal para leer, dibujar o trabajar durante horas. Adem\u00e1s, incorpora herramientas basadas en inteligencia artificial que facilitan la redacci\u00f3n de documentos, la organizaci\u00f3n de proyectos y la creaci\u00f3n de contenido.<\/p>\n<p><strong>Ecosistema integrado<\/strong><\/p>\n<p>M\u00e1s all\u00e1 de las especificaciones t\u00e9cnicas, Huawei dej\u00f3 claro que su estrategia apunta a un ecosistema cohesionado. El Pura 90s, los FreeClip 2 S y la MatePad Air est\u00e1n dise\u00f1ados para funcionar como piezas de un mismo engranaje.<\/p>\n<p>Esto significa que puedes iniciar una tarea en el m\u00f3vil, continuarla en la tablet y usar los auriculares para llamadas o m\u00fasica sin interrupciones. Compartir archivos, cambiar de dispositivo de forma r\u00e1pida y disfrutar de una experiencia m\u00e1s integrada son los pilares de esta propuesta.<\/p>\n<p>El <strong>Huawei Pura 90s<\/strong> llega como un smartphone que refuerza la apuesta por la fotograf\u00eda y la inteligencia artificial, pero su verdadero valor est\u00e1 en el ecosistema que lo acompa\u00f1a. Con los FreeClip 2 S y la MatePad Air, la compa\u00f1\u00eda ofrece una experiencia m\u00e1s completa, pensada para quienes buscan productividad, entretenimiento y conectividad sin fricciones.<\/p>\n<p>Huawei no solo lanza un celular, lanza una forma de entender la tecnolog\u00eda como un conjunto de dispositivos que trabajan mejor cuando est\u00e1n unidos.<\/p>\n<p>Al tratarse de un lanzamiento global esperemos tenerlo pronto en nuestro mercado.<\/p>\n<p>&nbsp;<\/p>\n","protected":false},"excerpt":{"rendered":"<p>Huawei ha dado un paso firme en su estrategia tecnol\u00f3gica con el lanzamiento del Huawei Pura 90s, un smartphone que no llega solo, sino acompa\u00f1ado de nuevos auriculares y una tablet que refuerzan la idea de un ecosistema integrado. M\u00e1s que un dispositivo aislado, la compa\u00f1\u00eda busca que cada producto se complemente con el otro, [&hellip;]<\/p>\n","protected":false},"author":1,"featured_media":416126,"comment_status":"closed","ping_status":"open","sticky":false,"template":"","format":"standard","meta":{"_acf_changed":false,"footnotes":""},"categories":[46],"tags":[],"class_list":["post-416125","post","type-post","status-publish","format-standard","has-post-thumbnail","category-ciencia-computacion"],"acf":{"antetitulo":""},"yoast_head":"<!-- This site is optimized with the Yoast SEO plugin v28.4 - https:\/\/yoast.com\/product\/yoast-seo-wordpress\/ -->\n<title>Huawei Pura 90s y su ecosistema - El Diario - Bolivia<\/title>\n<meta name=\"robots\" content=\"index, follow, max-snippet:-1, max-image-preview:large, max-video-preview:-1\" \/>\n<link rel=\"canonical\" href=\"https:\/\/www.eldiario.net\/portal\/2026\/07\/27\/huawei-pura-90s-y-su-ecosistema\/\" \/>\n<meta property=\"og:locale\" content=\"es_ES\" \/>\n<meta property=\"og:type\" content=\"article\" \/>\n<meta property=\"og:title\" content=\"Huawei Pura 90s y su ecosistema - El Diario - Bolivia\" \/>\n<meta property=\"og:description\" content=\"Huawei ha dado un paso firme en su estrategia tecnol\u00f3gica con el lanzamiento del Huawei Pura 90s, un smartphone que no llega solo, sino acompa\u00f1ado de nuevos auriculares y una tablet que refuerzan la idea de un ecosistema integrado. M\u00e1s que un dispositivo aislado, la compa\u00f1\u00eda busca que cada producto se complemente con el otro, [&hellip;]\" \/>\n<meta property=\"og:url\" content=\"https:\/\/www.eldiario.net\/portal\/2026\/07\/27\/huawei-pura-90s-y-su-ecosistema\/\" \/>\n<meta property=\"og:site_name\" content=\"El Diario - Bolivia\" \/>\n<meta property=\"article:publisher\" content=\"https:\/\/www.facebook.com\/eldiario.bolivia\/\" \/>\n<meta property=\"article:published_time\" content=\"2026-07-27T04:59:42+00:00\" \/>\n<meta property=\"og:image\" content=\"https:\/\/www.eldiario.net\/portal\/wp-content\/uploads\/2026\/07\/3-A-1-2.webp\" \/>\n\t<meta property=\"og:image:width\" content=\"726\" \/>\n\t<meta property=\"og:image:height\" content=\"482\" \/>\n\t<meta property=\"og:image:type\" content=\"image\/webp\" \/>\n<meta name=\"author\" content=\"Jeanette\" \/>\n<meta name=\"twitter:card\" content=\"summary_large_image\" \/>\n<meta name=\"twitter:creator\" content=\"@eldiario_net\" \/>\n<meta name=\"twitter:site\" content=\"@eldiario_net\" \/>\n<meta name=\"twitter:label1\" content=\"Escrito por\" \/>\n\t<meta name=\"twitter:data1\" content=\"Jeanette\" \/>\n\t<meta name=\"twitter:label2\" content=\"Tiempo de lectura\" \/>\n\t<meta name=\"twitter:data2\" content=\"3 minutos\" \/>\n<script type=\"application\/ld+json\" class=\"yoast-schema-graph\">{\"@context\":\"https:\\\/\\\/schema.org\",\"@graph\":[{\"@type\":\"Article\",\"@id\":\"https:\\\/\\\/www.eldiario.net\\\/portal\\\/2026\\\/07\\\/27\\\/huawei-pura-90s-y-su-ecosistema\\\/#article\",\"isPartOf\":{\"@id\":\"https:\\\/\\\/www.eldiario.net\\\/portal\\\/2026\\\/07\\\/27\\\/huawei-pura-90s-y-su-ecosistema\\\/\"},\"author\":{\"name\":\"Jeanette\",\"@id\":\"https:\\\/\\\/www.eldiario.net\\\/portal\\\/#\\\/schema\\\/person\\\/2c57cf2b7a7ae032e449e4c9b1019eac\"},\"headline\":\"Huawei Pura 90s y su ecosistema\",\"datePublished\":\"2026-07-27T04:59:42+00:00\",\"mainEntityOfPage\":{\"@id\":\"https:\\\/\\\/www.eldiario.net\\\/portal\\\/2026\\\/07\\\/27\\\/huawei-pura-90s-y-su-ecosistema\\\/\"},\"wordCount\":627,\"publisher\":{\"@id\":\"https:\\\/\\\/www.eldiario.net\\\/portal\\\/#organization\"},\"image\":{\"@id\":\"https:\\\/\\\/www.eldiario.net\\\/portal\\\/2026\\\/07\\\/27\\\/huawei-pura-90s-y-su-ecosistema\\\/#primaryimage\"},\"thumbnailUrl\":\"https:\\\/\\\/www.eldiario.net\\\/portal\\\/wp-content\\\/uploads\\\/2026\\\/07\\\/3-A-1-2.webp\",\"articleSection\":[\"Ciencia y Computaci\u00f3n\"],\"inLanguage\":\"es\"},{\"@type\":\"WebPage\",\"@id\":\"https:\\\/\\\/www.eldiario.net\\\/portal\\\/2026\\\/07\\\/27\\\/huawei-pura-90s-y-su-ecosistema\\\/\",\"url\":\"https:\\\/\\\/www.eldiario.net\\\/portal\\\/2026\\\/07\\\/27\\\/huawei-pura-90s-y-su-ecosistema\\\/\",\"name\":\"Huawei Pura 90s y su ecosistema - El Diario - Bolivia\",\"isPartOf\":{\"@id\":\"https:\\\/\\\/www.eldiario.net\\\/portal\\\/#website\"},\"primaryImageOfPage\":{\"@id\":\"https:\\\/\\\/www.eldiario.net\\\/portal\\\/2026\\\/07\\\/27\\\/huawei-pura-90s-y-su-ecosistema\\\/#primaryimage\"},\"image\":{\"@id\":\"https:\\\/\\\/www.eldiario.net\\\/portal\\\/2026\\\/07\\\/27\\\/huawei-pura-90s-y-su-ecosistema\\\/#primaryimage\"},\"thumbnailUrl\":\"https:\\\/\\\/www.eldiario.net\\\/portal\\\/wp-content\\\/uploads\\\/2026\\\/07\\\/3-A-1-2.webp\",\"datePublished\":\"2026-07-27T04:59:42+00:00\",\"breadcrumb\":{\"@id\":\"https:\\\/\\\/www.eldiario.net\\\/portal\\\/2026\\\/07\\\/27\\\/huawei-pura-90s-y-su-ecosistema\\\/#breadcrumb\"},\"inLanguage\":\"es\",\"potentialAction\":[{\"@type\":\"ReadAction\",\"target\":[\"https:\\\/\\\/www.eldiario.net\\\/portal\\\/2026\\\/07\\\/27\\\/huawei-pura-90s-y-su-ecosistema\\\/\"]}]},{\"@type\":\"ImageObject\",\"inLanguage\":\"es\",\"@id\":\"https:\\\/\\\/www.eldiario.net\\\/portal\\\/2026\\\/07\\\/27\\\/huawei-pura-90s-y-su-ecosistema\\\/#primaryimage\",\"url\":\"https:\\\/\\\/www.eldiario.net\\\/portal\\\/wp-content\\\/uploads\\\/2026\\\/07\\\/3-A-1-2.webp\",\"contentUrl\":\"https:\\\/\\\/www.eldiario.net\\\/portal\\\/wp-content\\\/uploads\\\/2026\\\/07\\\/3-A-1-2.webp\",\"width\":726,\"height\":482},{\"@type\":\"BreadcrumbList\",\"@id\":\"https:\\\/\\\/www.eldiario.net\\\/portal\\\/2026\\\/07\\\/27\\\/huawei-pura-90s-y-su-ecosistema\\\/#breadcrumb\",\"itemListElement\":[{\"@type\":\"ListItem\",\"position\":1,\"name\":\"Portada\",\"item\":\"https:\\\/\\\/www.eldiario.net\\\/portal\\\/\"},{\"@type\":\"ListItem\",\"position\":2,\"name\":\"Huawei Pura 90s y su ecosistema\"}]},{\"@type\":\"WebSite\",\"@id\":\"https:\\\/\\\/www.eldiario.net\\\/portal\\\/#website\",\"url\":\"https:\\\/\\\/www.eldiario.net\\\/portal\\\/\",\"name\":\"El Diario - Decano de la prensa nacional\",\"description\":\"El Diario - Decano de la prensa nacional\",\"publisher\":{\"@id\":\"https:\\\/\\\/www.eldiario.net\\\/portal\\\/#organization\"},\"potentialAction\":[{\"@type\":\"SearchAction\",\"target\":{\"@type\":\"EntryPoint\",\"urlTemplate\":\"https:\\\/\\\/www.eldiario.net\\\/portal\\\/?s={search_term_string}\"},\"query-input\":{\"@type\":\"PropertyValueSpecification\",\"valueRequired\":true,\"valueName\":\"search_term_string\"}}],\"inLanguage\":\"es\"},{\"@type\":\"Organization\",\"@id\":\"https:\\\/\\\/www.eldiario.net\\\/portal\\\/#organization\",\"name\":\"El Diario - Decano de la prensa nacional\",\"url\":\"https:\\\/\\\/www.eldiario.net\\\/portal\\\/\",\"logo\":{\"@type\":\"ImageObject\",\"inLanguage\":\"es\",\"@id\":\"https:\\\/\\\/www.eldiario.net\\\/portal\\\/#\\\/schema\\\/logo\\\/image\\\/\",\"url\":\"https:\\\/\\\/www.eldiario.net\\\/portal\\\/wp-content\\\/uploads\\\/2023\\\/07\\\/logo_ED.jpg\",\"contentUrl\":\"https:\\\/\\\/www.eldiario.net\\\/portal\\\/wp-content\\\/uploads\\\/2023\\\/07\\\/logo_ED.jpg\",\"width\":272,\"height\":52,\"caption\":\"El Diario - Decano de la prensa nacional\"},\"image\":{\"@id\":\"https:\\\/\\\/www.eldiario.net\\\/portal\\\/#\\\/schema\\\/logo\\\/image\\\/\"},\"sameAs\":[\"https:\\\/\\\/www.facebook.com\\\/eldiario.bolivia\\\/\",\"https:\\\/\\\/x.com\\\/eldiario_net\"]},{\"@type\":\"Person\",\"@id\":\"https:\\\/\\\/www.eldiario.net\\\/portal\\\/#\\\/schema\\\/person\\\/2c57cf2b7a7ae032e449e4c9b1019eac\",\"name\":\"Jeanette\",\"image\":{\"@type\":\"ImageObject\",\"inLanguage\":\"es\",\"@id\":\"https:\\\/\\\/secure.gravatar.com\\\/avatar\\\/3ea2118a5f7dad2b7138b1187a6b7ee55f160b9968b66013c3a3ef39dd7e5798?s=96&d=mm&r=g\",\"url\":\"https:\\\/\\\/secure.gravatar.com\\\/avatar\\\/3ea2118a5f7dad2b7138b1187a6b7ee55f160b9968b66013c3a3ef39dd7e5798?s=96&d=mm&r=g\",\"contentUrl\":\"https:\\\/\\\/secure.gravatar.com\\\/avatar\\\/3ea2118a5f7dad2b7138b1187a6b7ee55f160b9968b66013c3a3ef39dd7e5798?s=96&d=mm&r=g\",\"caption\":\"Jeanette\"},\"sameAs\":[\"https:\\\/\\\/www.eldiario.net\\\/portal\"],\"url\":\"https:\\\/\\\/www.eldiario.net\\\/portal\\\/author\\\/jeanette\\\/\"}]}<\/script>\n<!-- \/ Yoast SEO plugin. -->","yoast_head_json":{"title":"Huawei Pura 90s y su ecosistema - El Diario - Bolivia","robots":{"index":"index","follow":"follow","max-snippet":"max-snippet:-1","max-image-preview":"max-image-preview:large","max-video-preview":"max-video-preview:-1"},"canonical":"https:\/\/www.eldiario.net\/portal\/2026\/07\/27\/huawei-pura-90s-y-su-ecosistema\/","og_locale":"es_ES","og_type":"article","og_title":"Huawei Pura 90s y su ecosistema - El Diario - Bolivia","og_description":"Huawei ha dado un paso firme en su estrategia tecnol\u00f3gica con el lanzamiento del Huawei Pura 90s, un smartphone que no llega solo, sino acompa\u00f1ado de nuevos auriculares y una tablet que refuerzan la idea de un ecosistema integrado. M\u00e1s que un dispositivo aislado, la compa\u00f1\u00eda busca que cada producto se complemente con el otro, [&hellip;]","og_url":"https:\/\/www.eldiario.net\/portal\/2026\/07\/27\/huawei-pura-90s-y-su-ecosistema\/","og_site_name":"El Diario - Bolivia","article_publisher":"https:\/\/www.facebook.com\/eldiario.bolivia\/","article_published_time":"2026-07-27T04:59:42+00:00","og_image":[{"width":726,"height":482,"url":"https:\/\/www.eldiario.net\/portal\/wp-content\/uploads\/2026\/07\/3-A-1-2.webp","type":"image\/webp"}],"author":"Jeanette","twitter_card":"summary_large_image","twitter_creator":"@eldiario_net","twitter_site":"@eldiario_net","twitter_misc":{"Escrito por":"Jeanette","Tiempo de lectura":"3 minutos"},"schema":{"@context":"https:\/\/schema.org","@graph":[{"@type":"Article","@id":"https:\/\/www.eldiario.net\/portal\/2026\/07\/27\/huawei-pura-90s-y-su-ecosistema\/#article","isPartOf":{"@id":"https:\/\/www.eldiario.net\/portal\/2026\/07\/27\/huawei-pura-90s-y-su-ecosistema\/"},"author":{"name":"Jeanette","@id":"https:\/\/www.eldiario.net\/portal\/#\/schema\/person\/2c57cf2b7a7ae032e449e4c9b1019eac"},"headline":"Huawei Pura 90s y su ecosistema","datePublished":"2026-07-27T04:59:42+00:00","mainEntityOfPage":{"@id":"https:\/\/www.eldiario.net\/portal\/2026\/07\/27\/huawei-pura-90s-y-su-ecosistema\/"},"wordCount":627,"publisher":{"@id":"https:\/\/www.eldiario.net\/portal\/#organization"},"image":{"@id":"https:\/\/www.eldiario.net\/portal\/2026\/07\/27\/huawei-pura-90s-y-su-ecosistema\/#primaryimage"},"thumbnailUrl":"https:\/\/www.eldiario.net\/portal\/wp-content\/uploads\/2026\/07\/3-A-1-2.webp","articleSection":["Ciencia y Computaci\u00f3n"],"inLanguage":"es"},{"@type":"WebPage","@id":"https:\/\/www.eldiario.net\/portal\/2026\/07\/27\/huawei-pura-90s-y-su-ecosistema\/","url":"https:\/\/www.eldiario.net\/portal\/2026\/07\/27\/huawei-pura-90s-y-su-ecosistema\/","name":"Huawei Pura 90s y su ecosistema - El Diario - Bolivia","isPartOf":{"@id":"https:\/\/www.eldiario.net\/portal\/#website"},"primaryImageOfPage":{"@id":"https:\/\/www.eldiario.net\/portal\/2026\/07\/27\/huawei-pura-90s-y-su-ecosistema\/#primaryimage"},"image":{"@id":"https:\/\/www.eldiario.net\/portal\/2026\/07\/27\/huawei-pura-90s-y-su-ecosistema\/#primaryimage"},"thumbnailUrl":"https:\/\/www.eldiario.net\/portal\/wp-content\/uploads\/2026\/07\/3-A-1-2.webp","datePublished":"2026-07-27T04:59:42+00:00","breadcrumb":{"@id":"https:\/\/www.eldiario.net\/portal\/2026\/07\/27\/huawei-pura-90s-y-su-ecosistema\/#breadcrumb"},"inLanguage":"es","potentialAction":[{"@type":"ReadAction","target":["https:\/\/www.eldiario.net\/portal\/2026\/07\/27\/huawei-pura-90s-y-su-ecosistema\/"]}]},{"@type":"ImageObject","inLanguage":"es","@id":"https:\/\/www.eldiario.net\/portal\/2026\/07\/27\/huawei-pura-90s-y-su-ecosistema\/#primaryimage","url":"https:\/\/www.eldiario.net\/portal\/wp-content\/uploads\/2026\/07\/3-A-1-2.webp","contentUrl":"https:\/\/www.eldiario.net\/portal\/wp-content\/uploads\/2026\/07\/3-A-1-2.webp","width":726,"height":482},{"@type":"BreadcrumbList","@id":"https:\/\/www.eldiario.net\/portal\/2026\/07\/27\/huawei-pura-90s-y-su-ecosistema\/#breadcrumb","itemListElement":[{"@type":"ListItem","position":1,"name":"Portada","item":"https:\/\/www.eldiario.net\/portal\/"},{"@type":"ListItem","position":2,"name":"Huawei Pura 90s y su ecosistema"}]},{"@type":"WebSite","@id":"https:\/\/www.eldiario.net\/portal\/#website","url":"https:\/\/www.eldiario.net\/portal\/","name":"El Diario - Decano de la prensa nacional","description":"El Diario - Decano de la prensa nacional","publisher":{"@id":"https:\/\/www.eldiario.net\/portal\/#organization"},"potentialAction":[{"@type":"SearchAction","target":{"@type":"EntryPoint","urlTemplate":"https:\/\/www.eldiario.net\/portal\/?s={search_term_string}"},"query-input":{"@type":"PropertyValueSpecification","valueRequired":true,"valueName":"search_term_string"}}],"inLanguage":"es"},{"@type":"Organization","@id":"https:\/\/www.eldiario.net\/portal\/#organization","name":"El Diario - Decano de la prensa nacional","url":"https:\/\/www.eldiario.net\/portal\/","logo":{"@type":"ImageObject","inLanguage":"es","@id":"https:\/\/www.eldiario.net\/portal\/#\/schema\/logo\/image\/","url":"https:\/\/www.eldiario.net\/portal\/wp-content\/uploads\/2023\/07\/logo_ED.jpg","contentUrl":"https:\/\/www.eldiario.net\/portal\/wp-content\/uploads\/2023\/07\/logo_ED.jpg","width":272,"height":52,"caption":"El Diario - Decano de la prensa nacional"},"image":{"@id":"https:\/\/www.eldiario.net\/portal\/#\/schema\/logo\/image\/"},"sameAs":["https:\/\/www.facebook.com\/eldiario.bolivia\/","https:\/\/x.com\/eldiario_net"]},{"@type":"Person","@id":"https:\/\/www.eldiario.net\/portal\/#\/schema\/person\/2c57cf2b7a7ae032e449e4c9b1019eac","name":"Jeanette","image":{"@type":"ImageObject","inLanguage":"es","@id":"https:\/\/secure.gravatar.com\/avatar\/3ea2118a5f7dad2b7138b1187a6b7ee55f160b9968b66013c3a3ef39dd7e5798?s=96&d=mm&r=g","url":"https:\/\/secure.gravatar.com\/avatar\/3ea2118a5f7dad2b7138b1187a6b7ee55f160b9968b66013c3a3ef39dd7e5798?s=96&d=mm&r=g","contentUrl":"https:\/\/secure.gravatar.com\/avatar\/3ea2118a5f7dad2b7138b1187a6b7ee55f160b9968b66013c3a3ef39dd7e5798?s=96&d=mm&r=g","caption":"Jeanette"},"sameAs":["https:\/\/www.eldiario.net\/portal"],"url":"https:\/\/www.eldiario.net\/portal\/author\/jeanette\/"}]}},"_links":{"self":[{"href":"https:\/\/www.eldiario.net\/portal\/wp-json\/wp\/v2\/posts\/416125","targetHints":{"allow":["GET"]}}],"collection":[{"href":"https:\/\/www.eldiario.net\/portal\/wp-json\/wp\/v2\/posts"}],"about":[{"href":"https:\/\/www.eldiario.net\/portal\/wp-json\/wp\/v2\/types\/post"}],"author":[{"embeddable":true,"href":"https:\/\/www.eldiario.net\/portal\/wp-json\/wp\/v2\/users\/1"}],"replies":[{"embeddable":true,"href":"https:\/\/www.eldiario.net\/portal\/wp-json\/wp\/v2\/comments?post=416125"}],"version-history":[{"count":1,"href":"https:\/\/www.eldiario.net\/portal\/wp-json\/wp\/v2\/posts\/416125\/revisions"}],"predecessor-version":[{"id":416127,"href":"https:\/\/www.eldiario.net\/portal\/wp-json\/wp\/v2\/posts\/416125\/revisions\/416127"}],"wp:featuredmedia":[{"embeddable":true,"href":"https:\/\/www.eldiario.net\/portal\/wp-json\/wp\/v2\/media\/416126"}],"wp:attachment":[{"href":"https:\/\/www.eldiario.net\/portal\/wp-json\/wp\/v2\/media?parent=416125"}],"wp:term":[{"taxonomy":"category","embeddable":true,"href":"https:\/\/www.eldiario.net\/portal\/wp-json\/wp\/v2\/categories?post=416125"},{"taxonomy":"post_tag","embeddable":true,"href":"https:\/\/www.eldiario.net\/portal\/wp-json\/wp\/v2\/tags?post=416125"}],"curies":[{"name":"wp","href":"https:\/\/api.w.org\/{rel}","templated":true}]}}