{"id":416122,"date":"2026-07-27T00:58:59","date_gmt":"2026-07-27T04:58:59","guid":{"rendered":"https:\/\/www.eldiario.net\/portal\/?p=416122"},"modified":"2026-07-26T19:59:26","modified_gmt":"2026-07-26T23:59:26","slug":"instagram-permite-cambiar-la-musica-de-tus-publicaciones","status":"publish","type":"post","link":"https:\/\/www.eldiario.net\/portal\/2026\/07\/27\/instagram-permite-cambiar-la-musica-de-tus-publicaciones\/","title":{"rendered":"Instagram permite cambiar la m\u00fasica de tus publicaciones"},"content":{"rendered":"<p>Instagram ha dado un paso importante en la mejora de la experiencia de sus usuarios al incorporar una funci\u00f3n que llevaba tiempo siendo solicitada: la posibilidad de cambiar la m\u00fasica en posts y carruseles sin necesidad de eliminarlos y volver a subirlos. Esta novedad, anunciada por Adam Mosseri, director de la plataforma, supone un avance significativo en la flexibilidad creativa que ofrece la red social.<\/p>\n<p>Hasta ahora, si un usuario quer\u00eda modificar el audio de una publicaci\u00f3n, deb\u00eda borrarla y perder todo el historial de interacciones acumuladas, incluyendo los \u201cme gusta\u201d, comentarios y compartidos. Con la nueva funci\u00f3n, este problema desaparece. Ahora basta con acceder al men\u00fa de edici\u00f3n de la publicaci\u00f3n y seleccionar un nuevo audio, manteniendo intacto el alcance y la interacci\u00f3n lograda.<\/p>\n<p>El beneficio es evidente: los creadores pueden aprovechar tendencias musicales sin sacrificar el rendimiento de sus publicaciones. Si una canci\u00f3n se vuelve viral, es posible actualizar el contenido y mantenerlo vigente, lo que abre nuevas oportunidades para potenciar la visibilidad y el engagement.<\/p>\n<p><strong>Para cambiar las canciones sigue los pasos: <\/strong><\/p>\n<p><strong>Abrir la publicaci\u00f3n<\/strong><\/p>\n<p>Accede al post o carrusel en el que deseas cambiar la m\u00fasica.<\/p>\n<p><strong>Seleccionar men\u00fa de opciones<\/strong><\/p>\n<p>Pulsa el icono de las l\u00edneas en la parte superior derecha de la publicaci\u00f3n.<\/p>\n<p><strong>Entrar en editar<\/strong><\/p>\n<p>Elige la opci\u00f3n de editar para acceder a las configuraciones de tu post.<\/p>\n<p><strong>Cambiar el audio<\/strong><\/p>\n<p>Selecciona un nuevo audio para tu publicaci\u00f3n sin perder interacciones.<\/p>\n<p><strong>Guardar cambios<\/strong><\/p>\n<p>Confirma la edici\u00f3n y tu publicaci\u00f3n conservar\u00e1 todos los likes y comentarios.<\/p>\n<p>Este a\u00f1o est\u00e1 siendo especialmente din\u00e1mico para Instagram, que busca mantenerse fresca frente a la competencia de plataformas como TikTok. La red social ha introducido varias funciones que responden a demandas hist\u00f3ricas de sus usuarios. Entre ellas, la posibilidad de <strong>reordenar la cuadr\u00edcula del feed<\/strong>, lo que permite dar protagonismo a publicaciones antiguas, destacar productos o crear narrativas visuales m\u00e1s coherentes.<\/p>\n<p>Otra novedad reciente es la opci\u00f3n de <strong>a\u00f1adir descripciones diferentes a cada imagen o video dentro de un carrusel<\/strong>, lo que otorga mayor libertad para contextualizar cada diapositiva y enriquecer el storytelling. Estas mejoras se suman a la nueva funci\u00f3n de edici\u00f3n de audio, consolidando un a\u00f1o de cambios que refuerzan la versatilidad de la plataforma.<\/p>\n<p>La posibilidad de cambiar la m\u00fasica de tus publicaciones sin perder el historial de interacciones marca un avance en la forma en que los usuarios pueden gestionar su contenido. Instagram demuestra que escucha a su comunidad y que est\u00e1 dispuesta a adaptar sus herramientas para ofrecer una experiencia m\u00e1s flexible y creativa.<\/p>\n","protected":false},"excerpt":{"rendered":"<p>Instagram ha dado un paso importante en la mejora de la experiencia de sus usuarios al incorporar una funci\u00f3n que llevaba tiempo siendo solicitada: la posibilidad de cambiar la m\u00fasica en posts y carruseles sin necesidad de eliminarlos y volver a subirlos. Esta novedad, anunciada por Adam Mosseri, director de la plataforma, supone un avance [&hellip;]<\/p>\n","protected":false},"author":1,"featured_media":416123,"comment_status":"closed","ping_status":"open","sticky":false,"template":"","format":"standard","meta":{"_acf_changed":false,"footnotes":""},"categories":[46],"tags":[],"class_list":["post-416122","post","type-post","status-publish","format-standard","has-post-thumbnail","category-ciencia-computacion"],"acf":{"antetitulo":""},"yoast_head":"<!-- This site is optimized with the Yoast SEO plugin v28.4 - https:\/\/yoast.com\/product\/yoast-seo-wordpress\/ -->\n<title>Instagram permite cambiar la m\u00fasica de tus publicaciones - El Diario - Bolivia<\/title>\n<meta name=\"robots\" content=\"index, follow, max-snippet:-1, max-image-preview:large, max-video-preview:-1\" \/>\n<link rel=\"canonical\" href=\"https:\/\/www.eldiario.net\/portal\/2026\/07\/27\/instagram-permite-cambiar-la-musica-de-tus-publicaciones\/\" \/>\n<meta property=\"og:locale\" content=\"es_ES\" \/>\n<meta property=\"og:type\" content=\"article\" \/>\n<meta property=\"og:title\" content=\"Instagram permite cambiar la m\u00fasica de tus publicaciones - El Diario - Bolivia\" \/>\n<meta property=\"og:description\" content=\"Instagram ha dado un paso importante en la mejora de la experiencia de sus usuarios al incorporar una funci\u00f3n que llevaba tiempo siendo solicitada: la posibilidad de cambiar la m\u00fasica en posts y carruseles sin necesidad de eliminarlos y volver a subirlos. Esta novedad, anunciada por Adam Mosseri, director de la plataforma, supone un avance [&hellip;]\" \/>\n<meta property=\"og:url\" content=\"https:\/\/www.eldiario.net\/portal\/2026\/07\/27\/instagram-permite-cambiar-la-musica-de-tus-publicaciones\/\" \/>\n<meta property=\"og:site_name\" content=\"El Diario - Bolivia\" \/>\n<meta property=\"article:publisher\" content=\"https:\/\/www.facebook.com\/eldiario.bolivia\/\" \/>\n<meta property=\"article:published_time\" content=\"2026-07-27T04:58:59+00:00\" \/>\n<meta property=\"og:image\" content=\"https:\/\/www.eldiario.net\/portal\/wp-content\/uploads\/2026\/07\/2-C-1-2.webp\" \/>\n\t<meta property=\"og:image:width\" content=\"868\" \/>\n\t<meta property=\"og:image:height\" content=\"480\" \/>\n\t<meta property=\"og:image:type\" content=\"image\/webp\" \/>\n<meta name=\"author\" content=\"Jeanette\" \/>\n<meta name=\"twitter:card\" content=\"summary_large_image\" \/>\n<meta name=\"twitter:creator\" content=\"@eldiario_net\" \/>\n<meta name=\"twitter:site\" content=\"@eldiario_net\" \/>\n<meta name=\"twitter:label1\" content=\"Escrito por\" \/>\n\t<meta name=\"twitter:data1\" content=\"Jeanette\" \/>\n\t<meta name=\"twitter:label2\" content=\"Tiempo de lectura\" \/>\n\t<meta name=\"twitter:data2\" content=\"3 minutos\" \/>\n<script type=\"application\/ld+json\" class=\"yoast-schema-graph\">{\"@context\":\"https:\\\/\\\/schema.org\",\"@graph\":[{\"@type\":\"Article\",\"@id\":\"https:\\\/\\\/www.eldiario.net\\\/portal\\\/2026\\\/07\\\/27\\\/instagram-permite-cambiar-la-musica-de-tus-publicaciones\\\/#article\",\"isPartOf\":{\"@id\":\"https:\\\/\\\/www.eldiario.net\\\/portal\\\/2026\\\/07\\\/27\\\/instagram-permite-cambiar-la-musica-de-tus-publicaciones\\\/\"},\"author\":{\"name\":\"Jeanette\",\"@id\":\"https:\\\/\\\/www.eldiario.net\\\/portal\\\/#\\\/schema\\\/person\\\/2c57cf2b7a7ae032e449e4c9b1019eac\"},\"headline\":\"Instagram permite cambiar la m\u00fasica de tus publicaciones\",\"datePublished\":\"2026-07-27T04:58:59+00:00\",\"mainEntityOfPage\":{\"@id\":\"https:\\\/\\\/www.eldiario.net\\\/portal\\\/2026\\\/07\\\/27\\\/instagram-permite-cambiar-la-musica-de-tus-publicaciones\\\/\"},\"wordCount\":459,\"publisher\":{\"@id\":\"https:\\\/\\\/www.eldiario.net\\\/portal\\\/#organization\"},\"image\":{\"@id\":\"https:\\\/\\\/www.eldiario.net\\\/portal\\\/2026\\\/07\\\/27\\\/instagram-permite-cambiar-la-musica-de-tus-publicaciones\\\/#primaryimage\"},\"thumbnailUrl\":\"https:\\\/\\\/www.eldiario.net\\\/portal\\\/wp-content\\\/uploads\\\/2026\\\/07\\\/2-C-1-2.webp\",\"articleSection\":[\"Ciencia y Computaci\u00f3n\"],\"inLanguage\":\"es\"},{\"@type\":\"WebPage\",\"@id\":\"https:\\\/\\\/www.eldiario.net\\\/portal\\\/2026\\\/07\\\/27\\\/instagram-permite-cambiar-la-musica-de-tus-publicaciones\\\/\",\"url\":\"https:\\\/\\\/www.eldiario.net\\\/portal\\\/2026\\\/07\\\/27\\\/instagram-permite-cambiar-la-musica-de-tus-publicaciones\\\/\",\"name\":\"Instagram permite cambiar la m\u00fasica de tus publicaciones - El Diario - Bolivia\",\"isPartOf\":{\"@id\":\"https:\\\/\\\/www.eldiario.net\\\/portal\\\/#website\"},\"primaryImageOfPage\":{\"@id\":\"https:\\\/\\\/www.eldiario.net\\\/portal\\\/2026\\\/07\\\/27\\\/instagram-permite-cambiar-la-musica-de-tus-publicaciones\\\/#primaryimage\"},\"image\":{\"@id\":\"https:\\\/\\\/www.eldiario.net\\\/portal\\\/2026\\\/07\\\/27\\\/instagram-permite-cambiar-la-musica-de-tus-publicaciones\\\/#primaryimage\"},\"thumbnailUrl\":\"https:\\\/\\\/www.eldiario.net\\\/portal\\\/wp-content\\\/uploads\\\/2026\\\/07\\\/2-C-1-2.webp\",\"datePublished\":\"2026-07-27T04:58:59+00:00\",\"breadcrumb\":{\"@id\":\"https:\\\/\\\/www.eldiario.net\\\/portal\\\/2026\\\/07\\\/27\\\/instagram-permite-cambiar-la-musica-de-tus-publicaciones\\\/#breadcrumb\"},\"inLanguage\":\"es\",\"potentialAction\":[{\"@type\":\"ReadAction\",\"target\":[\"https:\\\/\\\/www.eldiario.net\\\/portal\\\/2026\\\/07\\\/27\\\/instagram-permite-cambiar-la-musica-de-tus-publicaciones\\\/\"]}]},{\"@type\":\"ImageObject\",\"inLanguage\":\"es\",\"@id\":\"https:\\\/\\\/www.eldiario.net\\\/portal\\\/2026\\\/07\\\/27\\\/instagram-permite-cambiar-la-musica-de-tus-publicaciones\\\/#primaryimage\",\"url\":\"https:\\\/\\\/www.eldiario.net\\\/portal\\\/wp-content\\\/uploads\\\/2026\\\/07\\\/2-C-1-2.webp\",\"contentUrl\":\"https:\\\/\\\/www.eldiario.net\\\/portal\\\/wp-content\\\/uploads\\\/2026\\\/07\\\/2-C-1-2.webp\",\"width\":868,\"height\":480},{\"@type\":\"BreadcrumbList\",\"@id\":\"https:\\\/\\\/www.eldiario.net\\\/portal\\\/2026\\\/07\\\/27\\\/instagram-permite-cambiar-la-musica-de-tus-publicaciones\\\/#breadcrumb\",\"itemListElement\":[{\"@type\":\"ListItem\",\"position\":1,\"name\":\"Portada\",\"item\":\"https:\\\/\\\/www.eldiario.net\\\/portal\\\/\"},{\"@type\":\"ListItem\",\"position\":2,\"name\":\"Instagram permite cambiar la m\u00fasica de tus publicaciones\"}]},{\"@type\":\"WebSite\",\"@id\":\"https:\\\/\\\/www.eldiario.net\\\/portal\\\/#website\",\"url\":\"https:\\\/\\\/www.eldiario.net\\\/portal\\\/\",\"name\":\"El Diario - Decano de la prensa nacional\",\"description\":\"El Diario - Decano de la prensa nacional\",\"publisher\":{\"@id\":\"https:\\\/\\\/www.eldiario.net\\\/portal\\\/#organization\"},\"potentialAction\":[{\"@type\":\"SearchAction\",\"target\":{\"@type\":\"EntryPoint\",\"urlTemplate\":\"https:\\\/\\\/www.eldiario.net\\\/portal\\\/?s={search_term_string}\"},\"query-input\":{\"@type\":\"PropertyValueSpecification\",\"valueRequired\":true,\"valueName\":\"search_term_string\"}}],\"inLanguage\":\"es\"},{\"@type\":\"Organization\",\"@id\":\"https:\\\/\\\/www.eldiario.net\\\/portal\\\/#organization\",\"name\":\"El Diario - Decano de la prensa nacional\",\"url\":\"https:\\\/\\\/www.eldiario.net\\\/portal\\\/\",\"logo\":{\"@type\":\"ImageObject\",\"inLanguage\":\"es\",\"@id\":\"https:\\\/\\\/www.eldiario.net\\\/portal\\\/#\\\/schema\\\/logo\\\/image\\\/\",\"url\":\"https:\\\/\\\/www.eldiario.net\\\/portal\\\/wp-content\\\/uploads\\\/2023\\\/07\\\/logo_ED.jpg\",\"contentUrl\":\"https:\\\/\\\/www.eldiario.net\\\/portal\\\/wp-content\\\/uploads\\\/2023\\\/07\\\/logo_ED.jpg\",\"width\":272,\"height\":52,\"caption\":\"El Diario - Decano de la prensa nacional\"},\"image\":{\"@id\":\"https:\\\/\\\/www.eldiario.net\\\/portal\\\/#\\\/schema\\\/logo\\\/image\\\/\"},\"sameAs\":[\"https:\\\/\\\/www.facebook.com\\\/eldiario.bolivia\\\/\",\"https:\\\/\\\/x.com\\\/eldiario_net\"]},{\"@type\":\"Person\",\"@id\":\"https:\\\/\\\/www.eldiario.net\\\/portal\\\/#\\\/schema\\\/person\\\/2c57cf2b7a7ae032e449e4c9b1019eac\",\"name\":\"Jeanette\",\"image\":{\"@type\":\"ImageObject\",\"inLanguage\":\"es\",\"@id\":\"https:\\\/\\\/secure.gravatar.com\\\/avatar\\\/3ea2118a5f7dad2b7138b1187a6b7ee55f160b9968b66013c3a3ef39dd7e5798?s=96&d=mm&r=g\",\"url\":\"https:\\\/\\\/secure.gravatar.com\\\/avatar\\\/3ea2118a5f7dad2b7138b1187a6b7ee55f160b9968b66013c3a3ef39dd7e5798?s=96&d=mm&r=g\",\"contentUrl\":\"https:\\\/\\\/secure.gravatar.com\\\/avatar\\\/3ea2118a5f7dad2b7138b1187a6b7ee55f160b9968b66013c3a3ef39dd7e5798?s=96&d=mm&r=g\",\"caption\":\"Jeanette\"},\"sameAs\":[\"https:\\\/\\\/www.eldiario.net\\\/portal\"],\"url\":\"https:\\\/\\\/www.eldiario.net\\\/portal\\\/author\\\/jeanette\\\/\"}]}<\/script>\n<!-- \/ Yoast SEO plugin. -->","yoast_head_json":{"title":"Instagram permite cambiar la m\u00fasica de tus publicaciones - El Diario - Bolivia","robots":{"index":"index","follow":"follow","max-snippet":"max-snippet:-1","max-image-preview":"max-image-preview:large","max-video-preview":"max-video-preview:-1"},"canonical":"https:\/\/www.eldiario.net\/portal\/2026\/07\/27\/instagram-permite-cambiar-la-musica-de-tus-publicaciones\/","og_locale":"es_ES","og_type":"article","og_title":"Instagram permite cambiar la m\u00fasica de tus publicaciones - El Diario - Bolivia","og_description":"Instagram ha dado un paso importante en la mejora de la experiencia de sus usuarios al incorporar una funci\u00f3n que llevaba tiempo siendo solicitada: la posibilidad de cambiar la m\u00fasica en posts y carruseles sin necesidad de eliminarlos y volver a subirlos. Esta novedad, anunciada por Adam Mosseri, director de la plataforma, supone un avance [&hellip;]","og_url":"https:\/\/www.eldiario.net\/portal\/2026\/07\/27\/instagram-permite-cambiar-la-musica-de-tus-publicaciones\/","og_site_name":"El Diario - Bolivia","article_publisher":"https:\/\/www.facebook.com\/eldiario.bolivia\/","article_published_time":"2026-07-27T04:58:59+00:00","og_image":[{"width":868,"height":480,"url":"https:\/\/www.eldiario.net\/portal\/wp-content\/uploads\/2026\/07\/2-C-1-2.webp","type":"image\/webp"}],"author":"Jeanette","twitter_card":"summary_large_image","twitter_creator":"@eldiario_net","twitter_site":"@eldiario_net","twitter_misc":{"Escrito por":"Jeanette","Tiempo de lectura":"3 minutos"},"schema":{"@context":"https:\/\/schema.org","@graph":[{"@type":"Article","@id":"https:\/\/www.eldiario.net\/portal\/2026\/07\/27\/instagram-permite-cambiar-la-musica-de-tus-publicaciones\/#article","isPartOf":{"@id":"https:\/\/www.eldiario.net\/portal\/2026\/07\/27\/instagram-permite-cambiar-la-musica-de-tus-publicaciones\/"},"author":{"name":"Jeanette","@id":"https:\/\/www.eldiario.net\/portal\/#\/schema\/person\/2c57cf2b7a7ae032e449e4c9b1019eac"},"headline":"Instagram permite cambiar la m\u00fasica de tus publicaciones","datePublished":"2026-07-27T04:58:59+00:00","mainEntityOfPage":{"@id":"https:\/\/www.eldiario.net\/portal\/2026\/07\/27\/instagram-permite-cambiar-la-musica-de-tus-publicaciones\/"},"wordCount":459,"publisher":{"@id":"https:\/\/www.eldiario.net\/portal\/#organization"},"image":{"@id":"https:\/\/www.eldiario.net\/portal\/2026\/07\/27\/instagram-permite-cambiar-la-musica-de-tus-publicaciones\/#primaryimage"},"thumbnailUrl":"https:\/\/www.eldiario.net\/portal\/wp-content\/uploads\/2026\/07\/2-C-1-2.webp","articleSection":["Ciencia y Computaci\u00f3n"],"inLanguage":"es"},{"@type":"WebPage","@id":"https:\/\/www.eldiario.net\/portal\/2026\/07\/27\/instagram-permite-cambiar-la-musica-de-tus-publicaciones\/","url":"https:\/\/www.eldiario.net\/portal\/2026\/07\/27\/instagram-permite-cambiar-la-musica-de-tus-publicaciones\/","name":"Instagram permite cambiar la m\u00fasica de tus publicaciones - El Diario - Bolivia","isPartOf":{"@id":"https:\/\/www.eldiario.net\/portal\/#website"},"primaryImageOfPage":{"@id":"https:\/\/www.eldiario.net\/portal\/2026\/07\/27\/instagram-permite-cambiar-la-musica-de-tus-publicaciones\/#primaryimage"},"image":{"@id":"https:\/\/www.eldiario.net\/portal\/2026\/07\/27\/instagram-permite-cambiar-la-musica-de-tus-publicaciones\/#primaryimage"},"thumbnailUrl":"https:\/\/www.eldiario.net\/portal\/wp-content\/uploads\/2026\/07\/2-C-1-2.webp","datePublished":"2026-07-27T04:58:59+00:00","breadcrumb":{"@id":"https:\/\/www.eldiario.net\/portal\/2026\/07\/27\/instagram-permite-cambiar-la-musica-de-tus-publicaciones\/#breadcrumb"},"inLanguage":"es","potentialAction":[{"@type":"ReadAction","target":["https:\/\/www.eldiario.net\/portal\/2026\/07\/27\/instagram-permite-cambiar-la-musica-de-tus-publicaciones\/"]}]},{"@type":"ImageObject","inLanguage":"es","@id":"https:\/\/www.eldiario.net\/portal\/2026\/07\/27\/instagram-permite-cambiar-la-musica-de-tus-publicaciones\/#primaryimage","url":"https:\/\/www.eldiario.net\/portal\/wp-content\/uploads\/2026\/07\/2-C-1-2.webp","contentUrl":"https:\/\/www.eldiario.net\/portal\/wp-content\/uploads\/2026\/07\/2-C-1-2.webp","width":868,"height":480},{"@type":"BreadcrumbList","@id":"https:\/\/www.eldiario.net\/portal\/2026\/07\/27\/instagram-permite-cambiar-la-musica-de-tus-publicaciones\/#breadcrumb","itemListElement":[{"@type":"ListItem","position":1,"name":"Portada","item":"https:\/\/www.eldiario.net\/portal\/"},{"@type":"ListItem","position":2,"name":"Instagram permite cambiar la m\u00fasica de tus publicaciones"}]},{"@type":"WebSite","@id":"https:\/\/www.eldiario.net\/portal\/#website","url":"https:\/\/www.eldiario.net\/portal\/","name":"El Diario - Decano de la prensa nacional","description":"El Diario - Decano de la prensa nacional","publisher":{"@id":"https:\/\/www.eldiario.net\/portal\/#organization"},"potentialAction":[{"@type":"SearchAction","target":{"@type":"EntryPoint","urlTemplate":"https:\/\/www.eldiario.net\/portal\/?s={search_term_string}"},"query-input":{"@type":"PropertyValueSpecification","valueRequired":true,"valueName":"search_term_string"}}],"inLanguage":"es"},{"@type":"Organization","@id":"https:\/\/www.eldiario.net\/portal\/#organization","name":"El Diario - Decano de la prensa nacional","url":"https:\/\/www.eldiario.net\/portal\/","logo":{"@type":"ImageObject","inLanguage":"es","@id":"https:\/\/www.eldiario.net\/portal\/#\/schema\/logo\/image\/","url":"https:\/\/www.eldiario.net\/portal\/wp-content\/uploads\/2023\/07\/logo_ED.jpg","contentUrl":"https:\/\/www.eldiario.net\/portal\/wp-content\/uploads\/2023\/07\/logo_ED.jpg","width":272,"height":52,"caption":"El Diario - Decano de la prensa nacional"},"image":{"@id":"https:\/\/www.eldiario.net\/portal\/#\/schema\/logo\/image\/"},"sameAs":["https:\/\/www.facebook.com\/eldiario.bolivia\/","https:\/\/x.com\/eldiario_net"]},{"@type":"Person","@id":"https:\/\/www.eldiario.net\/portal\/#\/schema\/person\/2c57cf2b7a7ae032e449e4c9b1019eac","name":"Jeanette","image":{"@type":"ImageObject","inLanguage":"es","@id":"https:\/\/secure.gravatar.com\/avatar\/3ea2118a5f7dad2b7138b1187a6b7ee55f160b9968b66013c3a3ef39dd7e5798?s=96&d=mm&r=g","url":"https:\/\/secure.gravatar.com\/avatar\/3ea2118a5f7dad2b7138b1187a6b7ee55f160b9968b66013c3a3ef39dd7e5798?s=96&d=mm&r=g","contentUrl":"https:\/\/secure.gravatar.com\/avatar\/3ea2118a5f7dad2b7138b1187a6b7ee55f160b9968b66013c3a3ef39dd7e5798?s=96&d=mm&r=g","caption":"Jeanette"},"sameAs":["https:\/\/www.eldiario.net\/portal"],"url":"https:\/\/www.eldiario.net\/portal\/author\/jeanette\/"}]}},"_links":{"self":[{"href":"https:\/\/www.eldiario.net\/portal\/wp-json\/wp\/v2\/posts\/416122","targetHints":{"allow":["GET"]}}],"collection":[{"href":"https:\/\/www.eldiario.net\/portal\/wp-json\/wp\/v2\/posts"}],"about":[{"href":"https:\/\/www.eldiario.net\/portal\/wp-json\/wp\/v2\/types\/post"}],"author":[{"embeddable":true,"href":"https:\/\/www.eldiario.net\/portal\/wp-json\/wp\/v2\/users\/1"}],"replies":[{"embeddable":true,"href":"https:\/\/www.eldiario.net\/portal\/wp-json\/wp\/v2\/comments?post=416122"}],"version-history":[{"count":1,"href":"https:\/\/www.eldiario.net\/portal\/wp-json\/wp\/v2\/posts\/416122\/revisions"}],"predecessor-version":[{"id":416124,"href":"https:\/\/www.eldiario.net\/portal\/wp-json\/wp\/v2\/posts\/416122\/revisions\/416124"}],"wp:featuredmedia":[{"embeddable":true,"href":"https:\/\/www.eldiario.net\/portal\/wp-json\/wp\/v2\/media\/416123"}],"wp:attachment":[{"href":"https:\/\/www.eldiario.net\/portal\/wp-json\/wp\/v2\/media?parent=416122"}],"wp:term":[{"taxonomy":"category","embeddable":true,"href":"https:\/\/www.eldiario.net\/portal\/wp-json\/wp\/v2\/categories?post=416122"},{"taxonomy":"post_tag","embeddable":true,"href":"https:\/\/www.eldiario.net\/portal\/wp-json\/wp\/v2\/tags?post=416122"}],"curies":[{"name":"wp","href":"https:\/\/api.w.org\/{rel}","templated":true}]}}