{"id":416119,"date":"2026-07-27T00:57:49","date_gmt":"2026-07-27T04:57:49","guid":{"rendered":"https:\/\/www.eldiario.net\/portal\/?p=416119"},"modified":"2026-07-26T20:02:26","modified_gmt":"2026-07-27T00:02:26","slug":"jumio-acelera-la-transicion-hacia-la-inteligencia-de-identidad-con-fuerte-crecimiento-en-el-segundo-trimestre-de-2026","status":"publish","type":"post","link":"https:\/\/www.eldiario.net\/portal\/2026\/07\/27\/jumio-acelera-la-transicion-hacia-la-inteligencia-de-identidad-con-fuerte-crecimiento-en-el-segundo-trimestre-de-2026\/","title":{"rendered":"Jumio acelera la transici\u00f3n hacia la inteligencia de identidad con fuerte crecimiento en el segundo trimestre de 2026"},"content":{"rendered":"<p><strong>Ciudad de M\u00e9xico <\/strong>\u00a0<a href=\"https:\/\/www.jumio.com\/es\/\">Jumio<\/a>, el proveedor\u00a0 de inteligencia de identidad impulsada por IA, anunci\u00f3 hoy un s\u00f3lido segundo trimestre para 2026. Este per\u00edodo de r\u00e1pido impulso estuvo marcado por la innovaci\u00f3n de la plataforma, nuevas incorporaciones al liderazgo ejecutivo y la expansi\u00f3n de la adopci\u00f3n por parte de clientes en servicios financieros, juegos y otros sectores. El crecimiento del segundo trimestre se vio impulsado por la visi\u00f3n de la compa\u00f1\u00eda de reemplazar la verificaci\u00f3n de identidad tradicional con una inteligencia de identidad continua, contextual y conectada.<\/p>\n<p>A lo largo del segundo trimestre, Jumio ampli\u00f3 su plataforma para ir m\u00e1s all\u00e1 de las limitaciones del onboarding est\u00e1tico, garantizando que la seguridad sea un pilar fundamental y no un elemento secundario. Los principales desarrollos de innovaci\u00f3n incluyen:<\/p>\n<ul>\n<li><strong>Aceptaci\u00f3n global de IDs digitales:<\/strong> en junio, Jumio ampli\u00f3 significativamente el soporte para IDs digitales en todo el mundo, siendo el primer proveedor de inteligencia de identidad en permitir a los clientes aceptar IDs digitales en m\u00e1s de 60 pa\u00edses y territorios a trav\u00e9s de una \u00fanica integraci\u00f3n, sin relaciones separadas con proveedores ni la carga de realizar la acreditaci\u00f3n pa\u00eds por pa\u00eds.<\/li>\n<li><strong>An\u00e1lisis continuo de riesgos con Jumio Watch:<\/strong> lanzado en abril, Jumio Watch responde a una realidad concreta, el riesgo de identidad persiste mucho despu\u00e9s de que un usuario es verificado por primera vez. Mediante el an\u00e1lisis continuo de se\u00f1ales e inteligencia entre clientes, Jumio Watch saca a la luz patrones de fraude emergentes que los sistemas est\u00e1ticos pasan por alto, ofreciendo a los equipos de fraude informaci\u00f3n procesable y lista para investigaci\u00f3n.<\/li>\n<li><strong>El futuro del onboarding sin fricciones:<\/strong> con la expansi\u00f3n de selfie.DONE\u2122 en Am\u00e9rica Latina, Jumio sigue demostrando que la seguridad y la experiencia del usuario no son mutuamente excluyentes. selfie.DONE elimina la fricci\u00f3n del proceso de onboarding permitiendo que usuarios previamente verificados y confiables validen su identidad con tan solo una selfie. Esta expansi\u00f3n marca la siguiente fase del despliegue global de Jumio de la verdadera identidad reusable, pr\u00f3ximamente con soporte en regiones adicionales.<\/li>\n<\/ul>\n<p>\u201cLas innovaciones que lanzamos al mercado en el segundo trimestre ya est\u00e1n teniendo un impacto directo en los ingresos de nuestros clientes y en su experiencia de usuario, lo que beneficia directamente el resultado final y reduce el fraude\u201d, dijo Mark Lorion, CEO de Jumio. \u201cLos proveedores de identidad tradicionales s\u00f3lo ofrecen un \u00fanico punto de control, mientras que el ecosistema de inteligencia de identidad de Jumio se adapta a las necesidades de nuestros clientes. Va mucho m\u00e1s all\u00e1 del onboarding: brindamos protecci\u00f3n continua, impulsada por IA, para navegar una era en la que la confianza digital es una necesidad competitiva\u201d.<\/p>\n<p>&nbsp;<\/p>\n<p>Otros logros destacados del segundo trimestre incluyen:<\/p>\n<ul>\n<li><strong>Incorporaciones clave al equipo ejecutivo:<\/strong> Mark Lorion fue nombrado CEO de Jumio a finales de abril y aporta al cargo m\u00e1s de tres d\u00e9cadas de experiencia escalando empresas de software B2B de alto crecimiento. Lorion sucede a Bala Kumar, quien se desempe\u00f1\u00f3 como presidente y CEO interino desde principios de 2026 y contin\u00faa liderando la compa\u00f1\u00eda como presidente y director de producto y tecnolog\u00eda. Adem\u00e1s, Mike Sasaki se uni\u00f3 a Jumio como vicepresidente s\u00e9nior de customer success, aportando m\u00e1s de 15 a\u00f1os de experiencia con l\u00edderes de la industria para impulsar relaciones basadas en el valor y ayudar a los clientes a alcanzar sus objetivos comerciales a trav\u00e9s de la inteligencia de identidad.<\/li>\n<li><strong>Impulso global de clientes:<\/strong> Jumio tambi\u00e9n experiment\u00f3 un crecimiento significativo de clientes, incluida una firma de servicios financieros de Fortune 500, operadores de juegos, prestamistas digitales, proveedores de pagos y plataformas de criptomonedas.<\/li>\n<\/ul>\n<p>&nbsp;<\/p>\n","protected":false},"excerpt":{"rendered":"<p>Ciudad de M\u00e9xico \u00a0Jumio, el proveedor\u00a0 de inteligencia de identidad impulsada por IA, anunci\u00f3 hoy un s\u00f3lido segundo trimestre para 2026. Este per\u00edodo de r\u00e1pido impulso estuvo marcado por la innovaci\u00f3n de la plataforma, nuevas incorporaciones al liderazgo ejecutivo y la expansi\u00f3n de la adopci\u00f3n por parte de clientes en servicios financieros, juegos y otros [&hellip;]<\/p>\n","protected":false},"author":1,"featured_media":416131,"comment_status":"closed","ping_status":"open","sticky":false,"template":"","format":"standard","meta":{"_acf_changed":false,"footnotes":""},"categories":[46],"tags":[],"class_list":["post-416119","post","type-post","status-publish","format-standard","has-post-thumbnail","category-ciencia-computacion"],"acf":{"antetitulo":""},"yoast_head":"<!-- This site is optimized with the Yoast SEO plugin v28.4 - https:\/\/yoast.com\/product\/yoast-seo-wordpress\/ -->\n<title>Jumio acelera la transici\u00f3n hacia la inteligencia de identidad con fuerte crecimiento en el segundo trimestre de 2026 - El Diario - Bolivia<\/title>\n<meta name=\"robots\" content=\"index, follow, max-snippet:-1, max-image-preview:large, max-video-preview:-1\" \/>\n<link rel=\"canonical\" href=\"https:\/\/www.eldiario.net\/portal\/2026\/07\/27\/jumio-acelera-la-transicion-hacia-la-inteligencia-de-identidad-con-fuerte-crecimiento-en-el-segundo-trimestre-de-2026\/\" \/>\n<meta property=\"og:locale\" content=\"es_ES\" \/>\n<meta property=\"og:type\" content=\"article\" \/>\n<meta property=\"og:title\" content=\"Jumio acelera la transici\u00f3n hacia la inteligencia de identidad con fuerte crecimiento en el segundo trimestre de 2026 - El Diario - Bolivia\" \/>\n<meta property=\"og:description\" content=\"Ciudad de M\u00e9xico \u00a0Jumio, el proveedor\u00a0 de inteligencia de identidad impulsada por IA, anunci\u00f3 hoy un s\u00f3lido segundo trimestre para 2026. Este per\u00edodo de r\u00e1pido impulso estuvo marcado por la innovaci\u00f3n de la plataforma, nuevas incorporaciones al liderazgo ejecutivo y la expansi\u00f3n de la adopci\u00f3n por parte de clientes en servicios financieros, juegos y otros [&hellip;]\" \/>\n<meta property=\"og:url\" content=\"https:\/\/www.eldiario.net\/portal\/2026\/07\/27\/jumio-acelera-la-transicion-hacia-la-inteligencia-de-identidad-con-fuerte-crecimiento-en-el-segundo-trimestre-de-2026\/\" \/>\n<meta property=\"og:site_name\" content=\"El Diario - Bolivia\" \/>\n<meta property=\"article:publisher\" content=\"https:\/\/www.facebook.com\/eldiario.bolivia\/\" \/>\n<meta property=\"article:published_time\" content=\"2026-07-27T04:57:49+00:00\" \/>\n<meta property=\"og:image\" content=\"https:\/\/www.eldiario.net\/portal\/wp-content\/uploads\/2026\/07\/6-A.webp\" \/>\n\t<meta property=\"og:image:width\" content=\"619\" \/>\n\t<meta property=\"og:image:height\" content=\"621\" \/>\n\t<meta property=\"og:image:type\" content=\"image\/webp\" \/>\n<meta name=\"author\" content=\"Jeanette\" \/>\n<meta name=\"twitter:card\" content=\"summary_large_image\" \/>\n<meta name=\"twitter:creator\" content=\"@eldiario_net\" \/>\n<meta name=\"twitter:site\" content=\"@eldiario_net\" \/>\n<meta name=\"twitter:label1\" content=\"Escrito por\" \/>\n\t<meta name=\"twitter:data1\" content=\"Jeanette\" \/>\n\t<meta name=\"twitter:label2\" content=\"Tiempo de lectura\" \/>\n\t<meta name=\"twitter:data2\" content=\"3 minutos\" \/>\n<script type=\"application\/ld+json\" class=\"yoast-schema-graph\">{\"@context\":\"https:\\\/\\\/schema.org\",\"@graph\":[{\"@type\":\"Article\",\"@id\":\"https:\\\/\\\/www.eldiario.net\\\/portal\\\/2026\\\/07\\\/27\\\/jumio-acelera-la-transicion-hacia-la-inteligencia-de-identidad-con-fuerte-crecimiento-en-el-segundo-trimestre-de-2026\\\/#article\",\"isPartOf\":{\"@id\":\"https:\\\/\\\/www.eldiario.net\\\/portal\\\/2026\\\/07\\\/27\\\/jumio-acelera-la-transicion-hacia-la-inteligencia-de-identidad-con-fuerte-crecimiento-en-el-segundo-trimestre-de-2026\\\/\"},\"author\":{\"name\":\"Jeanette\",\"@id\":\"https:\\\/\\\/www.eldiario.net\\\/portal\\\/#\\\/schema\\\/person\\\/2c57cf2b7a7ae032e449e4c9b1019eac\"},\"headline\":\"Jumio acelera la transici\u00f3n hacia la inteligencia de identidad con fuerte crecimiento en el segundo trimestre de 2026\",\"datePublished\":\"2026-07-27T04:57:49+00:00\",\"mainEntityOfPage\":{\"@id\":\"https:\\\/\\\/www.eldiario.net\\\/portal\\\/2026\\\/07\\\/27\\\/jumio-acelera-la-transicion-hacia-la-inteligencia-de-identidad-con-fuerte-crecimiento-en-el-segundo-trimestre-de-2026\\\/\"},\"wordCount\":655,\"publisher\":{\"@id\":\"https:\\\/\\\/www.eldiario.net\\\/portal\\\/#organization\"},\"image\":{\"@id\":\"https:\\\/\\\/www.eldiario.net\\\/portal\\\/2026\\\/07\\\/27\\\/jumio-acelera-la-transicion-hacia-la-inteligencia-de-identidad-con-fuerte-crecimiento-en-el-segundo-trimestre-de-2026\\\/#primaryimage\"},\"thumbnailUrl\":\"https:\\\/\\\/www.eldiario.net\\\/portal\\\/wp-content\\\/uploads\\\/2026\\\/07\\\/6-A.webp\",\"articleSection\":[\"Ciencia y Computaci\u00f3n\"],\"inLanguage\":\"es\"},{\"@type\":\"WebPage\",\"@id\":\"https:\\\/\\\/www.eldiario.net\\\/portal\\\/2026\\\/07\\\/27\\\/jumio-acelera-la-transicion-hacia-la-inteligencia-de-identidad-con-fuerte-crecimiento-en-el-segundo-trimestre-de-2026\\\/\",\"url\":\"https:\\\/\\\/www.eldiario.net\\\/portal\\\/2026\\\/07\\\/27\\\/jumio-acelera-la-transicion-hacia-la-inteligencia-de-identidad-con-fuerte-crecimiento-en-el-segundo-trimestre-de-2026\\\/\",\"name\":\"Jumio acelera la transici\u00f3n hacia la inteligencia de identidad con fuerte crecimiento en el segundo trimestre de 2026 - El Diario - Bolivia\",\"isPartOf\":{\"@id\":\"https:\\\/\\\/www.eldiario.net\\\/portal\\\/#website\"},\"primaryImageOfPage\":{\"@id\":\"https:\\\/\\\/www.eldiario.net\\\/portal\\\/2026\\\/07\\\/27\\\/jumio-acelera-la-transicion-hacia-la-inteligencia-de-identidad-con-fuerte-crecimiento-en-el-segundo-trimestre-de-2026\\\/#primaryimage\"},\"image\":{\"@id\":\"https:\\\/\\\/www.eldiario.net\\\/portal\\\/2026\\\/07\\\/27\\\/jumio-acelera-la-transicion-hacia-la-inteligencia-de-identidad-con-fuerte-crecimiento-en-el-segundo-trimestre-de-2026\\\/#primaryimage\"},\"thumbnailUrl\":\"https:\\\/\\\/www.eldiario.net\\\/portal\\\/wp-content\\\/uploads\\\/2026\\\/07\\\/6-A.webp\",\"datePublished\":\"2026-07-27T04:57:49+00:00\",\"breadcrumb\":{\"@id\":\"https:\\\/\\\/www.eldiario.net\\\/portal\\\/2026\\\/07\\\/27\\\/jumio-acelera-la-transicion-hacia-la-inteligencia-de-identidad-con-fuerte-crecimiento-en-el-segundo-trimestre-de-2026\\\/#breadcrumb\"},\"inLanguage\":\"es\",\"potentialAction\":[{\"@type\":\"ReadAction\",\"target\":[\"https:\\\/\\\/www.eldiario.net\\\/portal\\\/2026\\\/07\\\/27\\\/jumio-acelera-la-transicion-hacia-la-inteligencia-de-identidad-con-fuerte-crecimiento-en-el-segundo-trimestre-de-2026\\\/\"]}]},{\"@type\":\"ImageObject\",\"inLanguage\":\"es\",\"@id\":\"https:\\\/\\\/www.eldiario.net\\\/portal\\\/2026\\\/07\\\/27\\\/jumio-acelera-la-transicion-hacia-la-inteligencia-de-identidad-con-fuerte-crecimiento-en-el-segundo-trimestre-de-2026\\\/#primaryimage\",\"url\":\"https:\\\/\\\/www.eldiario.net\\\/portal\\\/wp-content\\\/uploads\\\/2026\\\/07\\\/6-A.webp\",\"contentUrl\":\"https:\\\/\\\/www.eldiario.net\\\/portal\\\/wp-content\\\/uploads\\\/2026\\\/07\\\/6-A.webp\",\"width\":619,\"height\":621},{\"@type\":\"BreadcrumbList\",\"@id\":\"https:\\\/\\\/www.eldiario.net\\\/portal\\\/2026\\\/07\\\/27\\\/jumio-acelera-la-transicion-hacia-la-inteligencia-de-identidad-con-fuerte-crecimiento-en-el-segundo-trimestre-de-2026\\\/#breadcrumb\",\"itemListElement\":[{\"@type\":\"ListItem\",\"position\":1,\"name\":\"Portada\",\"item\":\"https:\\\/\\\/www.eldiario.net\\\/portal\\\/\"},{\"@type\":\"ListItem\",\"position\":2,\"name\":\"Jumio acelera la transici\u00f3n hacia la inteligencia de identidad con fuerte crecimiento en el segundo trimestre de 2026\"}]},{\"@type\":\"WebSite\",\"@id\":\"https:\\\/\\\/www.eldiario.net\\\/portal\\\/#website\",\"url\":\"https:\\\/\\\/www.eldiario.net\\\/portal\\\/\",\"name\":\"El Diario - Decano de la prensa nacional\",\"description\":\"El Diario - Decano de la prensa nacional\",\"publisher\":{\"@id\":\"https:\\\/\\\/www.eldiario.net\\\/portal\\\/#organization\"},\"potentialAction\":[{\"@type\":\"SearchAction\",\"target\":{\"@type\":\"EntryPoint\",\"urlTemplate\":\"https:\\\/\\\/www.eldiario.net\\\/portal\\\/?s={search_term_string}\"},\"query-input\":{\"@type\":\"PropertyValueSpecification\",\"valueRequired\":true,\"valueName\":\"search_term_string\"}}],\"inLanguage\":\"es\"},{\"@type\":\"Organization\",\"@id\":\"https:\\\/\\\/www.eldiario.net\\\/portal\\\/#organization\",\"name\":\"El Diario - Decano de la prensa nacional\",\"url\":\"https:\\\/\\\/www.eldiario.net\\\/portal\\\/\",\"logo\":{\"@type\":\"ImageObject\",\"inLanguage\":\"es\",\"@id\":\"https:\\\/\\\/www.eldiario.net\\\/portal\\\/#\\\/schema\\\/logo\\\/image\\\/\",\"url\":\"https:\\\/\\\/www.eldiario.net\\\/portal\\\/wp-content\\\/uploads\\\/2023\\\/07\\\/logo_ED.jpg\",\"contentUrl\":\"https:\\\/\\\/www.eldiario.net\\\/portal\\\/wp-content\\\/uploads\\\/2023\\\/07\\\/logo_ED.jpg\",\"width\":272,\"height\":52,\"caption\":\"El Diario - Decano de la prensa nacional\"},\"image\":{\"@id\":\"https:\\\/\\\/www.eldiario.net\\\/portal\\\/#\\\/schema\\\/logo\\\/image\\\/\"},\"sameAs\":[\"https:\\\/\\\/www.facebook.com\\\/eldiario.bolivia\\\/\",\"https:\\\/\\\/x.com\\\/eldiario_net\"]},{\"@type\":\"Person\",\"@id\":\"https:\\\/\\\/www.eldiario.net\\\/portal\\\/#\\\/schema\\\/person\\\/2c57cf2b7a7ae032e449e4c9b1019eac\",\"name\":\"Jeanette\",\"image\":{\"@type\":\"ImageObject\",\"inLanguage\":\"es\",\"@id\":\"https:\\\/\\\/secure.gravatar.com\\\/avatar\\\/3ea2118a5f7dad2b7138b1187a6b7ee55f160b9968b66013c3a3ef39dd7e5798?s=96&d=mm&r=g\",\"url\":\"https:\\\/\\\/secure.gravatar.com\\\/avatar\\\/3ea2118a5f7dad2b7138b1187a6b7ee55f160b9968b66013c3a3ef39dd7e5798?s=96&d=mm&r=g\",\"contentUrl\":\"https:\\\/\\\/secure.gravatar.com\\\/avatar\\\/3ea2118a5f7dad2b7138b1187a6b7ee55f160b9968b66013c3a3ef39dd7e5798?s=96&d=mm&r=g\",\"caption\":\"Jeanette\"},\"sameAs\":[\"https:\\\/\\\/www.eldiario.net\\\/portal\"],\"url\":\"https:\\\/\\\/www.eldiario.net\\\/portal\\\/author\\\/jeanette\\\/\"}]}<\/script>\n<!-- \/ Yoast SEO plugin. -->","yoast_head_json":{"title":"Jumio acelera la transici\u00f3n hacia la inteligencia de identidad con fuerte crecimiento en el segundo trimestre de 2026 - El Diario - Bolivia","robots":{"index":"index","follow":"follow","max-snippet":"max-snippet:-1","max-image-preview":"max-image-preview:large","max-video-preview":"max-video-preview:-1"},"canonical":"https:\/\/www.eldiario.net\/portal\/2026\/07\/27\/jumio-acelera-la-transicion-hacia-la-inteligencia-de-identidad-con-fuerte-crecimiento-en-el-segundo-trimestre-de-2026\/","og_locale":"es_ES","og_type":"article","og_title":"Jumio acelera la transici\u00f3n hacia la inteligencia de identidad con fuerte crecimiento en el segundo trimestre de 2026 - El Diario - Bolivia","og_description":"Ciudad de M\u00e9xico \u00a0Jumio, el proveedor\u00a0 de inteligencia de identidad impulsada por IA, anunci\u00f3 hoy un s\u00f3lido segundo trimestre para 2026. Este per\u00edodo de r\u00e1pido impulso estuvo marcado por la innovaci\u00f3n de la plataforma, nuevas incorporaciones al liderazgo ejecutivo y la expansi\u00f3n de la adopci\u00f3n por parte de clientes en servicios financieros, juegos y otros [&hellip;]","og_url":"https:\/\/www.eldiario.net\/portal\/2026\/07\/27\/jumio-acelera-la-transicion-hacia-la-inteligencia-de-identidad-con-fuerte-crecimiento-en-el-segundo-trimestre-de-2026\/","og_site_name":"El Diario - Bolivia","article_publisher":"https:\/\/www.facebook.com\/eldiario.bolivia\/","article_published_time":"2026-07-27T04:57:49+00:00","og_image":[{"width":619,"height":621,"url":"https:\/\/www.eldiario.net\/portal\/wp-content\/uploads\/2026\/07\/6-A.webp","type":"image\/webp"}],"author":"Jeanette","twitter_card":"summary_large_image","twitter_creator":"@eldiario_net","twitter_site":"@eldiario_net","twitter_misc":{"Escrito por":"Jeanette","Tiempo de lectura":"3 minutos"},"schema":{"@context":"https:\/\/schema.org","@graph":[{"@type":"Article","@id":"https:\/\/www.eldiario.net\/portal\/2026\/07\/27\/jumio-acelera-la-transicion-hacia-la-inteligencia-de-identidad-con-fuerte-crecimiento-en-el-segundo-trimestre-de-2026\/#article","isPartOf":{"@id":"https:\/\/www.eldiario.net\/portal\/2026\/07\/27\/jumio-acelera-la-transicion-hacia-la-inteligencia-de-identidad-con-fuerte-crecimiento-en-el-segundo-trimestre-de-2026\/"},"author":{"name":"Jeanette","@id":"https:\/\/www.eldiario.net\/portal\/#\/schema\/person\/2c57cf2b7a7ae032e449e4c9b1019eac"},"headline":"Jumio acelera la transici\u00f3n hacia la inteligencia de identidad con fuerte crecimiento en el segundo trimestre de 2026","datePublished":"2026-07-27T04:57:49+00:00","mainEntityOfPage":{"@id":"https:\/\/www.eldiario.net\/portal\/2026\/07\/27\/jumio-acelera-la-transicion-hacia-la-inteligencia-de-identidad-con-fuerte-crecimiento-en-el-segundo-trimestre-de-2026\/"},"wordCount":655,"publisher":{"@id":"https:\/\/www.eldiario.net\/portal\/#organization"},"image":{"@id":"https:\/\/www.eldiario.net\/portal\/2026\/07\/27\/jumio-acelera-la-transicion-hacia-la-inteligencia-de-identidad-con-fuerte-crecimiento-en-el-segundo-trimestre-de-2026\/#primaryimage"},"thumbnailUrl":"https:\/\/www.eldiario.net\/portal\/wp-content\/uploads\/2026\/07\/6-A.webp","articleSection":["Ciencia y Computaci\u00f3n"],"inLanguage":"es"},{"@type":"WebPage","@id":"https:\/\/www.eldiario.net\/portal\/2026\/07\/27\/jumio-acelera-la-transicion-hacia-la-inteligencia-de-identidad-con-fuerte-crecimiento-en-el-segundo-trimestre-de-2026\/","url":"https:\/\/www.eldiario.net\/portal\/2026\/07\/27\/jumio-acelera-la-transicion-hacia-la-inteligencia-de-identidad-con-fuerte-crecimiento-en-el-segundo-trimestre-de-2026\/","name":"Jumio acelera la transici\u00f3n hacia la inteligencia de identidad con fuerte crecimiento en el segundo trimestre de 2026 - El Diario - Bolivia","isPartOf":{"@id":"https:\/\/www.eldiario.net\/portal\/#website"},"primaryImageOfPage":{"@id":"https:\/\/www.eldiario.net\/portal\/2026\/07\/27\/jumio-acelera-la-transicion-hacia-la-inteligencia-de-identidad-con-fuerte-crecimiento-en-el-segundo-trimestre-de-2026\/#primaryimage"},"image":{"@id":"https:\/\/www.eldiario.net\/portal\/2026\/07\/27\/jumio-acelera-la-transicion-hacia-la-inteligencia-de-identidad-con-fuerte-crecimiento-en-el-segundo-trimestre-de-2026\/#primaryimage"},"thumbnailUrl":"https:\/\/www.eldiario.net\/portal\/wp-content\/uploads\/2026\/07\/6-A.webp","datePublished":"2026-07-27T04:57:49+00:00","breadcrumb":{"@id":"https:\/\/www.eldiario.net\/portal\/2026\/07\/27\/jumio-acelera-la-transicion-hacia-la-inteligencia-de-identidad-con-fuerte-crecimiento-en-el-segundo-trimestre-de-2026\/#breadcrumb"},"inLanguage":"es","potentialAction":[{"@type":"ReadAction","target":["https:\/\/www.eldiario.net\/portal\/2026\/07\/27\/jumio-acelera-la-transicion-hacia-la-inteligencia-de-identidad-con-fuerte-crecimiento-en-el-segundo-trimestre-de-2026\/"]}]},{"@type":"ImageObject","inLanguage":"es","@id":"https:\/\/www.eldiario.net\/portal\/2026\/07\/27\/jumio-acelera-la-transicion-hacia-la-inteligencia-de-identidad-con-fuerte-crecimiento-en-el-segundo-trimestre-de-2026\/#primaryimage","url":"https:\/\/www.eldiario.net\/portal\/wp-content\/uploads\/2026\/07\/6-A.webp","contentUrl":"https:\/\/www.eldiario.net\/portal\/wp-content\/uploads\/2026\/07\/6-A.webp","width":619,"height":621},{"@type":"BreadcrumbList","@id":"https:\/\/www.eldiario.net\/portal\/2026\/07\/27\/jumio-acelera-la-transicion-hacia-la-inteligencia-de-identidad-con-fuerte-crecimiento-en-el-segundo-trimestre-de-2026\/#breadcrumb","itemListElement":[{"@type":"ListItem","position":1,"name":"Portada","item":"https:\/\/www.eldiario.net\/portal\/"},{"@type":"ListItem","position":2,"name":"Jumio acelera la transici\u00f3n hacia la inteligencia de identidad con fuerte crecimiento en el segundo trimestre de 2026"}]},{"@type":"WebSite","@id":"https:\/\/www.eldiario.net\/portal\/#website","url":"https:\/\/www.eldiario.net\/portal\/","name":"El Diario - Decano de la prensa nacional","description":"El Diario - Decano de la prensa nacional","publisher":{"@id":"https:\/\/www.eldiario.net\/portal\/#organization"},"potentialAction":[{"@type":"SearchAction","target":{"@type":"EntryPoint","urlTemplate":"https:\/\/www.eldiario.net\/portal\/?s={search_term_string}"},"query-input":{"@type":"PropertyValueSpecification","valueRequired":true,"valueName":"search_term_string"}}],"inLanguage":"es"},{"@type":"Organization","@id":"https:\/\/www.eldiario.net\/portal\/#organization","name":"El Diario - Decano de la prensa nacional","url":"https:\/\/www.eldiario.net\/portal\/","logo":{"@type":"ImageObject","inLanguage":"es","@id":"https:\/\/www.eldiario.net\/portal\/#\/schema\/logo\/image\/","url":"https:\/\/www.eldiario.net\/portal\/wp-content\/uploads\/2023\/07\/logo_ED.jpg","contentUrl":"https:\/\/www.eldiario.net\/portal\/wp-content\/uploads\/2023\/07\/logo_ED.jpg","width":272,"height":52,"caption":"El Diario - Decano de la prensa nacional"},"image":{"@id":"https:\/\/www.eldiario.net\/portal\/#\/schema\/logo\/image\/"},"sameAs":["https:\/\/www.facebook.com\/eldiario.bolivia\/","https:\/\/x.com\/eldiario_net"]},{"@type":"Person","@id":"https:\/\/www.eldiario.net\/portal\/#\/schema\/person\/2c57cf2b7a7ae032e449e4c9b1019eac","name":"Jeanette","image":{"@type":"ImageObject","inLanguage":"es","@id":"https:\/\/secure.gravatar.com\/avatar\/3ea2118a5f7dad2b7138b1187a6b7ee55f160b9968b66013c3a3ef39dd7e5798?s=96&d=mm&r=g","url":"https:\/\/secure.gravatar.com\/avatar\/3ea2118a5f7dad2b7138b1187a6b7ee55f160b9968b66013c3a3ef39dd7e5798?s=96&d=mm&r=g","contentUrl":"https:\/\/secure.gravatar.com\/avatar\/3ea2118a5f7dad2b7138b1187a6b7ee55f160b9968b66013c3a3ef39dd7e5798?s=96&d=mm&r=g","caption":"Jeanette"},"sameAs":["https:\/\/www.eldiario.net\/portal"],"url":"https:\/\/www.eldiario.net\/portal\/author\/jeanette\/"}]}},"_links":{"self":[{"href":"https:\/\/www.eldiario.net\/portal\/wp-json\/wp\/v2\/posts\/416119","targetHints":{"allow":["GET"]}}],"collection":[{"href":"https:\/\/www.eldiario.net\/portal\/wp-json\/wp\/v2\/posts"}],"about":[{"href":"https:\/\/www.eldiario.net\/portal\/wp-json\/wp\/v2\/types\/post"}],"author":[{"embeddable":true,"href":"https:\/\/www.eldiario.net\/portal\/wp-json\/wp\/v2\/users\/1"}],"replies":[{"embeddable":true,"href":"https:\/\/www.eldiario.net\/portal\/wp-json\/wp\/v2\/comments?post=416119"}],"version-history":[{"count":1,"href":"https:\/\/www.eldiario.net\/portal\/wp-json\/wp\/v2\/posts\/416119\/revisions"}],"predecessor-version":[{"id":416121,"href":"https:\/\/www.eldiario.net\/portal\/wp-json\/wp\/v2\/posts\/416119\/revisions\/416121"}],"wp:featuredmedia":[{"embeddable":true,"href":"https:\/\/www.eldiario.net\/portal\/wp-json\/wp\/v2\/media\/416131"}],"wp:attachment":[{"href":"https:\/\/www.eldiario.net\/portal\/wp-json\/wp\/v2\/media?parent=416119"}],"wp:term":[{"taxonomy":"category","embeddable":true,"href":"https:\/\/www.eldiario.net\/portal\/wp-json\/wp\/v2\/categories?post=416119"},{"taxonomy":"post_tag","embeddable":true,"href":"https:\/\/www.eldiario.net\/portal\/wp-json\/wp\/v2\/tags?post=416119"}],"curies":[{"name":"wp","href":"https:\/\/api.w.org\/{rel}","templated":true}]}}